{"id":43865,"date":"2024-07-01T13:07:41","date_gmt":"2024-07-01T17:07:41","guid":{"rendered":"https:\/\/dev.explora.cl\/valparaiso\/?p=43865"},"modified":"2024-07-03T16:58:19","modified_gmt":"2024-07-03T20:58:19","slug":"postulaciones-abiertas-participa-en-la-11-feria-de-ciencia-y-tecnologia-para-ninas-y-ninos-haciendo-ciencias-voy-creciendo","status":"publish","type":"post","link":"https:\/\/dev.explora.cl\/valparaiso\/postulaciones-abiertas-participa-en-la-11-feria-de-ciencia-y-tecnologia-para-ninas-y-ninos-haciendo-ciencias-voy-creciendo\/","title":{"rendered":"\u00a1Postulaciones abiertas! Participa en la 11\u00b0 Feria de Ciencia y Tecnolog\u00eda para ni\u00f1as y ni\u00f1os \u201cHaciendo Ciencias Voy Creciendo\u201d"},"content":{"rendered":"<p><i><span style=\"font-weight: 400\">La feria de ciencias, impulsada por la Escuela de Pedagog\u00eda de la PUCV y Explora Valpara\u00edso abre sus postulaciones para participar en su und\u00e9cima versi\u00f3n el 7 de noviembre.<\/span><\/i><\/p>\n<p><!--more--><\/p>\n<p><span style=\"font-weight: 400\">La actividad, cuya primera versi\u00f3n se realiz\u00f3 el a\u00f1o 2012, ha sido destacada tanto a nivel nacional como internacional por su aporte a la educaci\u00f3n cient\u00edfica en primeras infancias y primer ciclo b\u00e1sico. Teniendo como objetivo generar un espacio para la difusi\u00f3n e intercambio de experiencias en investigaci\u00f3n cient\u00edfica entre ni\u00f1os y ni\u00f1as de la regi\u00f3n, la feria \u201cHaciendo Ciencias Voy Creciendo\u201d contribuye a la comunicaci\u00f3n y valoraci\u00f3n de la ciencia y tecnolog\u00eda.<\/span><\/p>\n<p><span style=\"font-weight: 400\">Es por ello que se invita a estudiantes que cursen Nivel Transici\u00f3n y Primer Ciclo B\u00e1sico en Educaci\u00f3n Regular y Educaci\u00f3n Especial junto a sus docentes, pertenecientes a cualquier instituci\u00f3n educativa de la regi\u00f3n de Valpara\u00edso, a sumarse a la realizaci\u00f3n de la feria el d\u00eda 7 de noviembre de 2024.<\/span><\/p>\n<p><b>\u00bfC\u00f3mo puedo participar?<\/b><\/p>\n<p><span style=\"font-weight: 400\">El primer paso es completar el formulario, manifestando su inter\u00e9s en participar de la Feria, donde se recibir\u00e1n las respuestas hasta el viernes 12 de julio. Posteriormente, se te asignar\u00e1 un o una docente en formaci\u00f3n que te acompa\u00f1ar\u00e1 y apoyar\u00e1 en la elaboraci\u00f3n de tu producto de exposici\u00f3n.<\/span><\/p>\n<p><strong><span style=\"color: #008000\"><a style=\"color: #008000\" href=\"https:\/\/docs.google.com\/forms\/d\/e\/1FAIpQLSdMv6We3UAAa4Wsey72OmnB9SdBRyooGvsWhLwD-6F-jHWdvg\/viewform\">Pincha aqu\u00ed para acceder al formulario<\/a><\/span><\/strong><\/p>\n<p><span style=\"font-weight: 400\">En caso de NO enviar manifestaci\u00f3n de inter\u00e9s, puedes de todos modos hacer llegar tu trabajo en la fecha de env\u00edo se\u00f1alada en este documento.<\/span><\/p>\n<p><span style=\"font-weight: 400\">Los y las participantes deben enviar el producto con los resultados de la experiencia, completando el formulario de postulaci\u00f3n. Con esa informaci\u00f3n se realizar\u00e1 la selecci\u00f3n de trabajos, confirmando si se cumple con todos los requerimientos solicitados. Se recibir\u00e1n formularios hasta el 04 de octubre. Los trabajos seleccionados ser\u00e1n notificados el d\u00eda 11 de octubre.<\/span><\/p>\n<p><strong><span style=\"color: #008000\"><a style=\"color: #008000\" href=\"https:\/\/docs.google.com\/forms\/d\/e\/1FAIpQLSfWnX4W9t1GfJOoivw00lDVfyXtJS6NeKQtjDdGTEmfBizqDQ\/viewform\">Accede al formulario de postulaci\u00f3n aqu\u00ed<\/a><\/span><\/strong><\/p>\n<p><span style=\"font-weight: 400\">\u00a1Importante! Cada apoderado del o la estudiante que participe en los trabajos, deber\u00e1 completar el <strong>Consentimiento de participaci\u00f3n y cesi\u00f3n de derechos de imagen y voz<\/strong>, en el que indique la aprobaci\u00f3n de la persona adulta para que su pupilo o pupila participe de la \u201c11\u00ba Feria de Ciencia y Tecnolog\u00eda para ni\u00f1os y ni\u00f1as\u201d y autorice el uso y publicaci\u00f3n de fotograf\u00edas.<\/span><\/p>\n<p><span style=\"font-weight: 400\">\u00a1Participa y no te quedes fuera! Si tienes dudas o consultas puedes enviar un correo a feriacientifica@pucv.cl con copia a haciendociencias@pucv.cl, recuerda seguirnos en Instagram con @exploravalpo y a la Escuela de Pedagog\u00eda PUCV con @pedagogiapucv para enterarte de m\u00e1s novedades.<\/span><\/p>\n<p>&nbsp;<\/p>\n<p><a href=\"https:\/\/dev.explora.cl\/valparaiso\/wp-content\/uploads\/sites\/7\/2024\/07\/FERIA-HCVC-2024.jpg\"><img loading=\"lazy\" decoding=\"async\" class=\"alignnone wp-image-43878 size-medium\" src=\"https:\/\/dev.explora.cl\/valparaiso\/wp-content\/uploads\/sites\/7\/2024\/07\/FERIA-HCVC-2024-300x300.jpg\" alt=\"\" width=\"300\" height=\"300\" srcset=\"https:\/\/dev.explora.cl\/valparaiso\/wp-content\/uploads\/sites\/7\/2024\/07\/FERIA-HCVC-2024-300x300.jpg 300w, https:\/\/dev.explora.cl\/valparaiso\/wp-content\/uploads\/sites\/7\/2024\/07\/FERIA-HCVC-2024-150x150.jpg 150w, https:\/\/dev.explora.cl\/valparaiso\/wp-content\/uploads\/sites\/7\/2024\/07\/FERIA-HCVC-2024-768x768.jpg 768w, https:\/\/dev.explora.cl\/valparaiso\/wp-content\/uploads\/sites\/7\/2024\/07\/FERIA-HCVC-2024-1024x1024.jpg 1024w, https:\/\/dev.explora.cl\/valparaiso\/wp-content\/uploads\/sites\/7\/2024\/07\/FERIA-HCVC-2024-60x60.jpg 60w, https:\/\/dev.explora.cl\/valparaiso\/wp-content\/uploads\/sites\/7\/2024\/07\/FERIA-HCVC-2024.jpg 1080w\" sizes=\"auto, (max-width: 300px) 100vw, 300px\" \/><\/a><\/p>\n","protected":false},"excerpt":{"rendered":"<p>La feria de ciencias, impulsada por la Escuela de Pedagog\u00eda de la PUCV y Explora Valpara\u00edso abre sus postulaciones para participar en su und\u00e9cima versi\u00f3n el 7 de noviembre.<\/p>\n","protected":false},"author":22,"featured_media":43867,"comment_status":"open","ping_status":"open","sticky":false,"template":"","format":"standard","meta":{"_acf_changed":false,"_exactmetrics_skip_tracking":false,"_exactmetrics_sitenote_active":false,"_exactmetrics_sitenote_note":"","_exactmetrics_sitenote_category":0,"footnotes":"","_links_to":"","_links_to_target":""},"categories":[151,4],"tags":[],"class_list":["post-43865","post","type-post","status-publish","format-standard","has-post-thumbnail","hentry","category-banner","category-noticias"],"acf":[],"yoast_head":"<!-- This site is optimized with the Yoast SEO plugin v26.7 - https:\/\/yoast.com\/wordpress\/plugins\/seo\/ -->\n<title>\u00a1Postulaciones abiertas! Participa en la 11\u00b0 Feria de Ciencia y Tecnolog\u00eda para ni\u00f1as y ni\u00f1os \u201cHaciendo Ciencias Voy Creciendo\u201d - Valpara\u00edso<\/title>\n<meta name=\"robots\" content=\"index, follow, max-snippet:-1, max-image-preview:large, max-video-preview:-1\" \/>\n<link rel=\"canonical\" href=\"https:\/\/dev.explora.cl\/valparaiso\/postulaciones-abiertas-participa-en-la-11-feria-de-ciencia-y-tecnologia-para-ninas-y-ninos-haciendo-ciencias-voy-creciendo\/\" class=\"yoast-seo-meta-tag\" \/>\n<meta property=\"og:locale\" content=\"es_ES\" class=\"yoast-seo-meta-tag\" \/>\n<meta property=\"og:type\" content=\"article\" class=\"yoast-seo-meta-tag\" \/>\n<meta property=\"og:title\" content=\"\u00a1Postulaciones abiertas! Participa en la 11\u00b0 Feria de Ciencia y Tecnolog\u00eda para ni\u00f1as y ni\u00f1os \u201cHaciendo Ciencias Voy Creciendo\u201d - Valpara\u00edso\" class=\"yoast-seo-meta-tag\" \/>\n<meta property=\"og:description\" content=\"La feria de ciencias, impulsada por la Escuela de Pedagog\u00eda de la PUCV y Explora Valpara\u00edso abre sus postulaciones para participar en su und\u00e9cima versi\u00f3n el 7 de noviembre.\" class=\"yoast-seo-meta-tag\" \/>\n<meta property=\"og:url\" content=\"https:\/\/dev.explora.cl\/valparaiso\/postulaciones-abiertas-participa-en-la-11-feria-de-ciencia-y-tecnologia-para-ninas-y-ninos-haciendo-ciencias-voy-creciendo\/\" class=\"yoast-seo-meta-tag\" \/>\n<meta property=\"og:site_name\" content=\"Valpara\u00edso\" class=\"yoast-seo-meta-tag\" \/>\n<meta property=\"article:published_time\" content=\"2024-07-01T17:07:41+00:00\" class=\"yoast-seo-meta-tag\" \/>\n<meta property=\"article:modified_time\" content=\"2024-07-03T20:58:19+00:00\" class=\"yoast-seo-meta-tag\" \/>\n<meta property=\"og:image\" content=\"https:\/\/dev.explora.cl\/valparaiso\/wp-content\/uploads\/sites\/7\/2024\/07\/Dise\u00f1o-sin-t\u00edtulo-21-1024x576.png\" class=\"yoast-seo-meta-tag\" \/>\n\t<meta property=\"og:image:width\" content=\"1024\" class=\"yoast-seo-meta-tag\" \/>\n\t<meta property=\"og:image:height\" content=\"576\" class=\"yoast-seo-meta-tag\" \/>\n\t<meta property=\"og:image:type\" content=\"image\/png\" class=\"yoast-seo-meta-tag\" \/>\n<meta name=\"author\" content=\"jcastaneda\" class=\"yoast-seo-meta-tag\" \/>\n<meta name=\"twitter:card\" content=\"summary_large_image\" class=\"yoast-seo-meta-tag\" \/>\n<meta name=\"twitter:label1\" content=\"Escrito por\" class=\"yoast-seo-meta-tag\" \/>\n\t<meta name=\"twitter:data1\" content=\"jcastaneda\" class=\"yoast-seo-meta-tag\" \/>\n\t<meta name=\"twitter:label2\" content=\"Tiempo estimado de lectura\" class=\"yoast-seo-meta-tag\" \/>\n\t<meta name=\"twitter:data2\" content=\"2 minutos\" class=\"yoast-seo-meta-tag\" \/>\n<script type=\"application\/ld+json\" class=\"yoast-schema-graph\">{\"@context\":\"https:\/\/schema.org\",\"@graph\":[{\"@type\":\"Article\",\"@id\":\"https:\/\/dev.explora.cl\/valparaiso\/postulaciones-abiertas-participa-en-la-11-feria-de-ciencia-y-tecnologia-para-ninas-y-ninos-haciendo-ciencias-voy-creciendo\/#article\",\"isPartOf\":{\"@id\":\"https:\/\/dev.explora.cl\/valparaiso\/postulaciones-abiertas-participa-en-la-11-feria-de-ciencia-y-tecnologia-para-ninas-y-ninos-haciendo-ciencias-voy-creciendo\/\"},\"author\":{\"name\":\"jcastaneda\",\"@id\":\"https:\/\/dev.explora.cl\/valparaiso\/#\/schema\/person\/c15e69495b8dbe0af0102f6bca43ba5d\"},\"headline\":\"\u00a1Postulaciones abiertas! Participa en la 11\u00b0 Feria de Ciencia y Tecnolog\u00eda para ni\u00f1as y ni\u00f1os \u201cHaciendo Ciencias Voy Creciendo\u201d\",\"datePublished\":\"2024-07-01T17:07:41+00:00\",\"dateModified\":\"2024-07-03T20:58:19+00:00\",\"mainEntityOfPage\":{\"@id\":\"https:\/\/dev.explora.cl\/valparaiso\/postulaciones-abiertas-participa-en-la-11-feria-de-ciencia-y-tecnologia-para-ninas-y-ninos-haciendo-ciencias-voy-creciendo\/\"},\"wordCount\":474,\"commentCount\":0,\"publisher\":{\"@id\":\"https:\/\/dev.explora.cl\/valparaiso\/#organization\"},\"image\":{\"@id\":\"https:\/\/dev.explora.cl\/valparaiso\/postulaciones-abiertas-participa-en-la-11-feria-de-ciencia-y-tecnologia-para-ninas-y-ninos-haciendo-ciencias-voy-creciendo\/#primaryimage\"},\"thumbnailUrl\":\"https:\/\/dev.explora.cl\/valparaiso\/wp-content\/uploads\/sites\/7\/2024\/07\/Dise\u00f1o-sin-t\u00edtulo-21.png\",\"articleSection\":[\"Banner\",\"Noticias\"],\"inLanguage\":\"es-CL\",\"potentialAction\":[{\"@type\":\"CommentAction\",\"name\":\"Comment\",\"target\":[\"https:\/\/dev.explora.cl\/valparaiso\/postulaciones-abiertas-participa-en-la-11-feria-de-ciencia-y-tecnologia-para-ninas-y-ninos-haciendo-ciencias-voy-creciendo\/#respond\"]}]},{\"@type\":\"WebPage\",\"@id\":\"https:\/\/dev.explora.cl\/valparaiso\/postulaciones-abiertas-participa-en-la-11-feria-de-ciencia-y-tecnologia-para-ninas-y-ninos-haciendo-ciencias-voy-creciendo\/\",\"url\":\"https:\/\/dev.explora.cl\/valparaiso\/postulaciones-abiertas-participa-en-la-11-feria-de-ciencia-y-tecnologia-para-ninas-y-ninos-haciendo-ciencias-voy-creciendo\/\",\"name\":\"\u00a1Postulaciones abiertas! Participa en la 11\u00b0 Feria de Ciencia y Tecnolog\u00eda para ni\u00f1as y ni\u00f1os \u201cHaciendo Ciencias Voy Creciendo\u201d - Valpara\u00edso\",\"isPartOf\":{\"@id\":\"https:\/\/dev.explora.cl\/valparaiso\/#website\"},\"primaryImageOfPage\":{\"@id\":\"https:\/\/dev.explora.cl\/valparaiso\/postulaciones-abiertas-participa-en-la-11-feria-de-ciencia-y-tecnologia-para-ninas-y-ninos-haciendo-ciencias-voy-creciendo\/#primaryimage\"},\"image\":{\"@id\":\"https:\/\/dev.explora.cl\/valparaiso\/postulaciones-abiertas-participa-en-la-11-feria-de-ciencia-y-tecnologia-para-ninas-y-ninos-haciendo-ciencias-voy-creciendo\/#primaryimage\"},\"thumbnailUrl\":\"https:\/\/dev.explora.cl\/valparaiso\/wp-content\/uploads\/sites\/7\/2024\/07\/Dise\u00f1o-sin-t\u00edtulo-21.png\",\"datePublished\":\"2024-07-01T17:07:41+00:00\",\"dateModified\":\"2024-07-03T20:58:19+00:00\",\"breadcrumb\":{\"@id\":\"https:\/\/dev.explora.cl\/valparaiso\/postulaciones-abiertas-participa-en-la-11-feria-de-ciencia-y-tecnologia-para-ninas-y-ninos-haciendo-ciencias-voy-creciendo\/#breadcrumb\"},\"inLanguage\":\"es-CL\",\"potentialAction\":[{\"@type\":\"ReadAction\",\"target\":[\"https:\/\/dev.explora.cl\/valparaiso\/postulaciones-abiertas-participa-en-la-11-feria-de-ciencia-y-tecnologia-para-ninas-y-ninos-haciendo-ciencias-voy-creciendo\/\"]}]},{\"@type\":\"ImageObject\",\"inLanguage\":\"es-CL\",\"@id\":\"https:\/\/dev.explora.cl\/valparaiso\/postulaciones-abiertas-participa-en-la-11-feria-de-ciencia-y-tecnologia-para-ninas-y-ninos-haciendo-ciencias-voy-creciendo\/#primaryimage\",\"url\":\"https:\/\/dev.explora.cl\/valparaiso\/wp-content\/uploads\/sites\/7\/2024\/07\/Dise\u00f1o-sin-t\u00edtulo-21.png\",\"contentUrl\":\"https:\/\/dev.explora.cl\/valparaiso\/wp-content\/uploads\/sites\/7\/2024\/07\/Dise\u00f1o-sin-t\u00edtulo-21.png\",\"width\":1920,\"height\":1080},{\"@type\":\"BreadcrumbList\",\"@id\":\"https:\/\/dev.explora.cl\/valparaiso\/postulaciones-abiertas-participa-en-la-11-feria-de-ciencia-y-tecnologia-para-ninas-y-ninos-haciendo-ciencias-voy-creciendo\/#breadcrumb\",\"itemListElement\":[{\"@type\":\"ListItem\",\"position\":1,\"name\":\"Portada\",\"item\":\"https:\/\/dev.explora.cl\/valparaiso\/\"},{\"@type\":\"ListItem\",\"position\":2,\"name\":\"\u00a1Postulaciones abiertas! Participa en la 11\u00b0 Feria de Ciencia y Tecnolog\u00eda para ni\u00f1as y ni\u00f1os \u201cHaciendo Ciencias Voy Creciendo\u201d\"}]},{\"@type\":\"WebSite\",\"@id\":\"https:\/\/dev.explora.cl\/valparaiso\/#website\",\"url\":\"https:\/\/dev.explora.cl\/valparaiso\/\",\"name\":\"Valpara\u00edso\",\"description\":\"Otro sitio m\u00e1s de dev.explora.cl\",\"publisher\":{\"@id\":\"https:\/\/dev.explora.cl\/valparaiso\/#organization\"},\"potentialAction\":[{\"@type\":\"SearchAction\",\"target\":{\"@type\":\"EntryPoint\",\"urlTemplate\":\"https:\/\/dev.explora.cl\/valparaiso\/?s={search_term_string}\"},\"query-input\":{\"@type\":\"PropertyValueSpecification\",\"valueRequired\":true,\"valueName\":\"search_term_string\"}}],\"inLanguage\":\"es-CL\"},{\"@type\":\"Organization\",\"@id\":\"https:\/\/dev.explora.cl\/valparaiso\/#organization\",\"name\":\"Valpara\u00edso\",\"url\":\"https:\/\/dev.explora.cl\/valparaiso\/\",\"logo\":{\"@type\":\"ImageObject\",\"inLanguage\":\"es-CL\",\"@id\":\"https:\/\/dev.explora.cl\/valparaiso\/#\/schema\/logo\/image\/\",\"url\":\"https:\/\/dev.explora.cl\/valparaiso\/wp-content\/uploads\/sites\/7\/2019\/06\/cropped-logo-explora-color.jpg\",\"contentUrl\":\"https:\/\/dev.explora.cl\/valparaiso\/wp-content\/uploads\/sites\/7\/2019\/06\/cropped-logo-explora-color.jpg\",\"width\":2035,\"height\":584,\"caption\":\"Valpara\u00edso\"},\"image\":{\"@id\":\"https:\/\/dev.explora.cl\/valparaiso\/#\/schema\/logo\/image\/\"}},{\"@type\":\"Person\",\"@id\":\"https:\/\/dev.explora.cl\/valparaiso\/#\/schema\/person\/c15e69495b8dbe0af0102f6bca43ba5d\",\"name\":\"jcastaneda\",\"image\":{\"@type\":\"ImageObject\",\"inLanguage\":\"es-CL\",\"@id\":\"https:\/\/dev.explora.cl\/valparaiso\/#\/schema\/person\/image\/\",\"url\":\"https:\/\/secure.gravatar.com\/avatar\/f26661a8eef2f6444d9633928ef0219fd69e41c5be1ef5ef16afeee7cd4df675?s=96&d=mm&r=g\",\"contentUrl\":\"https:\/\/secure.gravatar.com\/avatar\/f26661a8eef2f6444d9633928ef0219fd69e41c5be1ef5ef16afeee7cd4df675?s=96&d=mm&r=g\",\"caption\":\"jcastaneda\"},\"url\":\"https:\/\/dev.explora.cl\/valparaiso\/author\/jcastaneda\/\"}]}<\/script>\n<!-- \/ Yoast SEO plugin. -->","yoast_head_json":{"title":"\u00a1Postulaciones abiertas! Participa en la 11\u00b0 Feria de Ciencia y Tecnolog\u00eda para ni\u00f1as y ni\u00f1os \u201cHaciendo Ciencias Voy Creciendo\u201d - Valpara\u00edso","robots":{"index":"index","follow":"follow","max-snippet":"max-snippet:-1","max-image-preview":"max-image-preview:large","max-video-preview":"max-video-preview:-1"},"canonical":"https:\/\/dev.explora.cl\/valparaiso\/postulaciones-abiertas-participa-en-la-11-feria-de-ciencia-y-tecnologia-para-ninas-y-ninos-haciendo-ciencias-voy-creciendo\/","og_locale":"es_ES","og_type":"article","og_title":"\u00a1Postulaciones abiertas! Participa en la 11\u00b0 Feria de Ciencia y Tecnolog\u00eda para ni\u00f1as y ni\u00f1os \u201cHaciendo Ciencias Voy Creciendo\u201d - Valpara\u00edso","og_description":"La feria de ciencias, impulsada por la Escuela de Pedagog\u00eda de la PUCV y Explora Valpara\u00edso abre sus postulaciones para participar en su und\u00e9cima versi\u00f3n el 7 de noviembre.","og_url":"https:\/\/dev.explora.cl\/valparaiso\/postulaciones-abiertas-participa-en-la-11-feria-de-ciencia-y-tecnologia-para-ninas-y-ninos-haciendo-ciencias-voy-creciendo\/","og_site_name":"Valpara\u00edso","article_published_time":"2024-07-01T17:07:41+00:00","article_modified_time":"2024-07-03T20:58:19+00:00","og_image":[{"width":1024,"height":576,"url":"https:\/\/dev.explora.cl\/valparaiso\/wp-content\/uploads\/sites\/7\/2024\/07\/Dise\u00f1o-sin-t\u00edtulo-21-1024x576.png","type":"image\/png"}],"author":"jcastaneda","twitter_card":"summary_large_image","twitter_misc":{"Escrito por":"jcastaneda","Tiempo estimado de lectura":"2 minutos"},"schema":{"@context":"https:\/\/schema.org","@graph":[{"@type":"Article","@id":"https:\/\/dev.explora.cl\/valparaiso\/postulaciones-abiertas-participa-en-la-11-feria-de-ciencia-y-tecnologia-para-ninas-y-ninos-haciendo-ciencias-voy-creciendo\/#article","isPartOf":{"@id":"https:\/\/dev.explora.cl\/valparaiso\/postulaciones-abiertas-participa-en-la-11-feria-de-ciencia-y-tecnologia-para-ninas-y-ninos-haciendo-ciencias-voy-creciendo\/"},"author":{"name":"jcastaneda","@id":"https:\/\/dev.explora.cl\/valparaiso\/#\/schema\/person\/c15e69495b8dbe0af0102f6bca43ba5d"},"headline":"\u00a1Postulaciones abiertas! Participa en la 11\u00b0 Feria de Ciencia y Tecnolog\u00eda para ni\u00f1as y ni\u00f1os \u201cHaciendo Ciencias Voy Creciendo\u201d","datePublished":"2024-07-01T17:07:41+00:00","dateModified":"2024-07-03T20:58:19+00:00","mainEntityOfPage":{"@id":"https:\/\/dev.explora.cl\/valparaiso\/postulaciones-abiertas-participa-en-la-11-feria-de-ciencia-y-tecnologia-para-ninas-y-ninos-haciendo-ciencias-voy-creciendo\/"},"wordCount":474,"commentCount":0,"publisher":{"@id":"https:\/\/dev.explora.cl\/valparaiso\/#organization"},"image":{"@id":"https:\/\/dev.explora.cl\/valparaiso\/postulaciones-abiertas-participa-en-la-11-feria-de-ciencia-y-tecnologia-para-ninas-y-ninos-haciendo-ciencias-voy-creciendo\/#primaryimage"},"thumbnailUrl":"https:\/\/dev.explora.cl\/valparaiso\/wp-content\/uploads\/sites\/7\/2024\/07\/Dise\u00f1o-sin-t\u00edtulo-21.png","articleSection":["Banner","Noticias"],"inLanguage":"es-CL","potentialAction":[{"@type":"CommentAction","name":"Comment","target":["https:\/\/dev.explora.cl\/valparaiso\/postulaciones-abiertas-participa-en-la-11-feria-de-ciencia-y-tecnologia-para-ninas-y-ninos-haciendo-ciencias-voy-creciendo\/#respond"]}]},{"@type":"WebPage","@id":"https:\/\/dev.explora.cl\/valparaiso\/postulaciones-abiertas-participa-en-la-11-feria-de-ciencia-y-tecnologia-para-ninas-y-ninos-haciendo-ciencias-voy-creciendo\/","url":"https:\/\/dev.explora.cl\/valparaiso\/postulaciones-abiertas-participa-en-la-11-feria-de-ciencia-y-tecnologia-para-ninas-y-ninos-haciendo-ciencias-voy-creciendo\/","name":"\u00a1Postulaciones abiertas! Participa en la 11\u00b0 Feria de Ciencia y Tecnolog\u00eda para ni\u00f1as y ni\u00f1os \u201cHaciendo Ciencias Voy Creciendo\u201d - Valpara\u00edso","isPartOf":{"@id":"https:\/\/dev.explora.cl\/valparaiso\/#website"},"primaryImageOfPage":{"@id":"https:\/\/dev.explora.cl\/valparaiso\/postulaciones-abiertas-participa-en-la-11-feria-de-ciencia-y-tecnologia-para-ninas-y-ninos-haciendo-ciencias-voy-creciendo\/#primaryimage"},"image":{"@id":"https:\/\/dev.explora.cl\/valparaiso\/postulaciones-abiertas-participa-en-la-11-feria-de-ciencia-y-tecnologia-para-ninas-y-ninos-haciendo-ciencias-voy-creciendo\/#primaryimage"},"thumbnailUrl":"https:\/\/dev.explora.cl\/valparaiso\/wp-content\/uploads\/sites\/7\/2024\/07\/Dise\u00f1o-sin-t\u00edtulo-21.png","datePublished":"2024-07-01T17:07:41+00:00","dateModified":"2024-07-03T20:58:19+00:00","breadcrumb":{"@id":"https:\/\/dev.explora.cl\/valparaiso\/postulaciones-abiertas-participa-en-la-11-feria-de-ciencia-y-tecnologia-para-ninas-y-ninos-haciendo-ciencias-voy-creciendo\/#breadcrumb"},"inLanguage":"es-CL","potentialAction":[{"@type":"ReadAction","target":["https:\/\/dev.explora.cl\/valparaiso\/postulaciones-abiertas-participa-en-la-11-feria-de-ciencia-y-tecnologia-para-ninas-y-ninos-haciendo-ciencias-voy-creciendo\/"]}]},{"@type":"ImageObject","inLanguage":"es-CL","@id":"https:\/\/dev.explora.cl\/valparaiso\/postulaciones-abiertas-participa-en-la-11-feria-de-ciencia-y-tecnologia-para-ninas-y-ninos-haciendo-ciencias-voy-creciendo\/#primaryimage","url":"https:\/\/dev.explora.cl\/valparaiso\/wp-content\/uploads\/sites\/7\/2024\/07\/Dise\u00f1o-sin-t\u00edtulo-21.png","contentUrl":"https:\/\/dev.explora.cl\/valparaiso\/wp-content\/uploads\/sites\/7\/2024\/07\/Dise\u00f1o-sin-t\u00edtulo-21.png","width":1920,"height":1080},{"@type":"BreadcrumbList","@id":"https:\/\/dev.explora.cl\/valparaiso\/postulaciones-abiertas-participa-en-la-11-feria-de-ciencia-y-tecnologia-para-ninas-y-ninos-haciendo-ciencias-voy-creciendo\/#breadcrumb","itemListElement":[{"@type":"ListItem","position":1,"name":"Portada","item":"https:\/\/dev.explora.cl\/valparaiso\/"},{"@type":"ListItem","position":2,"name":"\u00a1Postulaciones abiertas! Participa en la 11\u00b0 Feria de Ciencia y Tecnolog\u00eda para ni\u00f1as y ni\u00f1os \u201cHaciendo Ciencias Voy Creciendo\u201d"}]},{"@type":"WebSite","@id":"https:\/\/dev.explora.cl\/valparaiso\/#website","url":"https:\/\/dev.explora.cl\/valparaiso\/","name":"Valpara\u00edso","description":"Otro sitio m\u00e1s de dev.explora.cl","publisher":{"@id":"https:\/\/dev.explora.cl\/valparaiso\/#organization"},"potentialAction":[{"@type":"SearchAction","target":{"@type":"EntryPoint","urlTemplate":"https:\/\/dev.explora.cl\/valparaiso\/?s={search_term_string}"},"query-input":{"@type":"PropertyValueSpecification","valueRequired":true,"valueName":"search_term_string"}}],"inLanguage":"es-CL"},{"@type":"Organization","@id":"https:\/\/dev.explora.cl\/valparaiso\/#organization","name":"Valpara\u00edso","url":"https:\/\/dev.explora.cl\/valparaiso\/","logo":{"@type":"ImageObject","inLanguage":"es-CL","@id":"https:\/\/dev.explora.cl\/valparaiso\/#\/schema\/logo\/image\/","url":"https:\/\/dev.explora.cl\/valparaiso\/wp-content\/uploads\/sites\/7\/2019\/06\/cropped-logo-explora-color.jpg","contentUrl":"https:\/\/dev.explora.cl\/valparaiso\/wp-content\/uploads\/sites\/7\/2019\/06\/cropped-logo-explora-color.jpg","width":2035,"height":584,"caption":"Valpara\u00edso"},"image":{"@id":"https:\/\/dev.explora.cl\/valparaiso\/#\/schema\/logo\/image\/"}},{"@type":"Person","@id":"https:\/\/dev.explora.cl\/valparaiso\/#\/schema\/person\/c15e69495b8dbe0af0102f6bca43ba5d","name":"jcastaneda","image":{"@type":"ImageObject","inLanguage":"es-CL","@id":"https:\/\/dev.explora.cl\/valparaiso\/#\/schema\/person\/image\/","url":"https:\/\/secure.gravatar.com\/avatar\/f26661a8eef2f6444d9633928ef0219fd69e41c5be1ef5ef16afeee7cd4df675?s=96&d=mm&r=g","contentUrl":"https:\/\/secure.gravatar.com\/avatar\/f26661a8eef2f6444d9633928ef0219fd69e41c5be1ef5ef16afeee7cd4df675?s=96&d=mm&r=g","caption":"jcastaneda"},"url":"https:\/\/dev.explora.cl\/valparaiso\/author\/jcastaneda\/"}]}},"_links":{"self":[{"href":"https:\/\/dev.explora.cl\/valparaiso\/wp-json\/wp\/v2\/posts\/43865","targetHints":{"allow":["GET"]}}],"collection":[{"href":"https:\/\/dev.explora.cl\/valparaiso\/wp-json\/wp\/v2\/posts"}],"about":[{"href":"https:\/\/dev.explora.cl\/valparaiso\/wp-json\/wp\/v2\/types\/post"}],"author":[{"embeddable":true,"href":"https:\/\/dev.explora.cl\/valparaiso\/wp-json\/wp\/v2\/users\/22"}],"replies":[{"embeddable":true,"href":"https:\/\/dev.explora.cl\/valparaiso\/wp-json\/wp\/v2\/comments?post=43865"}],"version-history":[{"count":3,"href":"https:\/\/dev.explora.cl\/valparaiso\/wp-json\/wp\/v2\/posts\/43865\/revisions"}],"predecessor-version":[{"id":43879,"href":"https:\/\/dev.explora.cl\/valparaiso\/wp-json\/wp\/v2\/posts\/43865\/revisions\/43879"}],"wp:featuredmedia":[{"embeddable":true,"href":"https:\/\/dev.explora.cl\/valparaiso\/wp-json\/wp\/v2\/media\/43867"}],"wp:attachment":[{"href":"https:\/\/dev.explora.cl\/valparaiso\/wp-json\/wp\/v2\/media?parent=43865"}],"wp:term":[{"taxonomy":"category","embeddable":true,"href":"https:\/\/dev.explora.cl\/valparaiso\/wp-json\/wp\/v2\/categories?post=43865"},{"taxonomy":"post_tag","embeddable":true,"href":"https:\/\/dev.explora.cl\/valparaiso\/wp-json\/wp\/v2\/tags?post=43865"}],"curies":[{"name":"wp","href":"https:\/\/api.w.org\/{rel}","templated":true}]}}