{"id":43457,"date":"2023-09-26T13:05:36","date_gmt":"2023-09-26T16:05:36","guid":{"rendered":"https:\/\/dev.explora.cl\/valparaiso\/?p=43457"},"modified":"2023-09-26T17:20:27","modified_gmt":"2023-09-26T20:20:27","slug":"red-territorial-explora-realiza-su-tercera-sesion-junto-a-red-de-cultura-cientifica","status":"publish","type":"post","link":"https:\/\/dev.explora.cl\/valparaiso\/red-territorial-explora-realiza-su-tercera-sesion-junto-a-red-de-cultura-cientifica\/","title":{"rendered":"Red Territorial Explora realiza su tercera sesi\u00f3n junto a Red de Cultura Cient\u00edfica"},"content":{"rendered":"<p><span style=\"color: #008000\"><i><span style=\"font-weight: 400\">Ambos entramados se dieron cita en la Casa Central de la PUCV el lunes 25 de septiembre con el objetivo de generar v\u00ednculos que permitan llevar actividades de ciencia, tecnolog\u00edas, arte y patrimonio a las comunidades educativas de la regi\u00f3n de Valpara\u00edso.<\/span><\/i><\/span><\/p>\n<p><!--more--><\/p>\n<p><span style=\"font-weight: 400\">El encuentro, cont\u00f3 con la presencia de 19 encargados y encargadas territoriales pertenecientes a las comunas de Cabildo, Papudo, La Ligua, San Esteban, Petorca, Vi\u00f1a del Mar, Hijuelas, Rinconada, Conc\u00f3n, El Tabo, Cartagena, Catemu, Villa Alemana, Zapallar, La Calera, Santa Mar\u00eda, Putaendo, Valpara\u00edso y Quillota quienes en esta oportunidad, se reunieron con otro entramado que posee una larga trayectoria de colaboraci\u00f3n con el PAR Explora Valpara\u00edso.<\/span><\/p>\n<p><span style=\"font-weight: 400\">Se trata de la Red de Cultura Cient\u00edfica, grupo compuesto por una diversidad de museos, centros culturales, universidades, fundaciones y ONGs que se dedican a la comunicaci\u00f3n de las ciencias, culturas, arte y patrimonio en nuestra regi\u00f3n. Al evento concurrieron representantes de 7 instituciones: Museo Baburizza, Museo Mar\u00edtimo Nacional, Centro AC3E de la Universidad T\u00e9cnica Federico Santa Mar\u00eda, CIDSTEM PUCV,\u00a0 LaBCEM de la Universidad de Playa Ancha, Crea Planeta de la Universidad de Valpara\u00edso y el Jard\u00edn Bot\u00e1nico Nacional.<\/span><\/p>\n<p><span style=\"font-weight: 400\">Este entramado se conforma el 2013 y surge para generar espacios de inclusi\u00f3n, reflexi\u00f3n y di\u00e1logo para la ciencia y tecnolog\u00eda. A trav\u00e9s de alianzas, se busca democratizar el acceso al conocimiento, impulsando un trabajo en colaboraci\u00f3n que permita ampliar, mejorar y contribuir a la cultura cient\u00edfica en las comunidades, donde el rol de la Red Territorial Explora es clave.<\/span><\/p>\n<p><span style=\"font-weight: 400\">Es as\u00ed como la vinculaci\u00f3n de ambas redes resulta fundamental para elaborar estrategias focalizadas en los territorios y que permitan llevar actividades de divulgaci\u00f3n tanto a las comunidades educativas como al p\u00fablico general de todas las provincias de la regi\u00f3n de Valpara\u00edso.<\/span><\/p>\n<p><span style=\"font-weight: 400\">En una primera parte de la jornada, se entregaron informaciones de relevancia para encargadas y encargados, tales como la nueva convocatoria del Cupo Explora Unesco, la situaci\u00f3n actual de las Academias Explora de Investigaci\u00f3n e Innovaci\u00f3n Escolar y del Programa de Indagaci\u00f3n para Primeras Edades PIPE 2023, el codise\u00f1o Rural Explora y los concursos disponibles; XV Concurso de Arte y Ciencia del Museo Artequin y la 10\u00b0 Feria para Ni\u00f1as y Ni\u00f1os Haciendo Ciencia voy creciendo.<\/span><\/p>\n<p><span style=\"font-weight: 400\">El segundo momento estuvo dedicado a generar una vinculaci\u00f3n entre la Red Territorial y la Red de Cultura Cient\u00edfica en mesas tipo \u201cstand\u201d donde cada instituci\u00f3n explic\u00f3 sus enfoques, actividades y conocimientos que aborda.<\/span><\/p>\n<p><span style=\"font-weight: 400\">Es importante destacar que, la Red Territorial, es un entramado surge hace m\u00e1s de 10 a\u00f1os con el objetivo de vincular las acciones desarrolladas por Explora Valpara\u00edso al mundo escolar pero adem\u00e1s de trabajar de manera colaborativa con los territorios, y\u00a0 est\u00e1 compuesto por representantes provenientes de 34 comunas continentales de la Regi\u00f3n de Valpara\u00edso, espec\u00edficamente de los Departamentos y Corporaciones Municipales de Educaci\u00f3n as\u00ed como del Servicio Local de Educaci\u00f3n P\u00fablica (SLEP).<\/span><\/p>\n<div id='gallery-1' class='gallery galleryid-43457 gallery-columns-3 gallery-size-thumbnail'><figure class='gallery-item'>\n\t\t\t<div class='gallery-icon landscape'>\n\t\t\t\t<a href='https:\/\/dev.explora.cl\/valparaiso\/red-territorial-explora-realiza-su-tercera-sesion-junto-a-red-de-cultura-cientifica\/foto-claudio-museo-maritimo\/'><img loading=\"lazy\" decoding=\"async\" width=\"150\" height=\"150\" src=\"https:\/\/dev.explora.cl\/valparaiso\/wp-content\/uploads\/sites\/7\/2023\/09\/Foto-Claudio-Museo-Mar\u00edtimo-150x150.jpg\" class=\"attachment-thumbnail size-thumbnail\" alt=\"\" aria-describedby=\"gallery-1-43458\" srcset=\"https:\/\/dev.explora.cl\/valparaiso\/wp-content\/uploads\/sites\/7\/2023\/09\/Foto-Claudio-Museo-Mar\u00edtimo-150x150.jpg 150w, https:\/\/dev.explora.cl\/valparaiso\/wp-content\/uploads\/sites\/7\/2023\/09\/Foto-Claudio-Museo-Mar\u00edtimo-300x300.jpg 300w, https:\/\/dev.explora.cl\/valparaiso\/wp-content\/uploads\/sites\/7\/2023\/09\/Foto-Claudio-Museo-Mar\u00edtimo-60x60.jpg 60w\" sizes=\"auto, (max-width: 150px) 100vw, 150px\" \/><\/a>\n\t\t\t<\/div>\n\t\t\t\t<figcaption class='wp-caption-text gallery-caption' id='gallery-1-43458'>\n\t\t\t\tStand Museo Mar\u00edtimo Nacional\n\t\t\t\t<\/figcaption><\/figure><figure class='gallery-item'>\n\t\t\t<div class='gallery-icon landscape'>\n\t\t\t\t<a href='https:\/\/dev.explora.cl\/valparaiso\/red-territorial-explora-realiza-su-tercera-sesion-junto-a-red-de-cultura-cientifica\/foto-dinamica-stand-upla\/'><img loading=\"lazy\" decoding=\"async\" width=\"150\" height=\"150\" src=\"https:\/\/dev.explora.cl\/valparaiso\/wp-content\/uploads\/sites\/7\/2023\/09\/Foto-din\u00e1mica-stand-UPLA-150x150.jpg\" class=\"attachment-thumbnail size-thumbnail\" alt=\"\" aria-describedby=\"gallery-1-43459\" srcset=\"https:\/\/dev.explora.cl\/valparaiso\/wp-content\/uploads\/sites\/7\/2023\/09\/Foto-din\u00e1mica-stand-UPLA-150x150.jpg 150w, https:\/\/dev.explora.cl\/valparaiso\/wp-content\/uploads\/sites\/7\/2023\/09\/Foto-din\u00e1mica-stand-UPLA-300x300.jpg 300w, https:\/\/dev.explora.cl\/valparaiso\/wp-content\/uploads\/sites\/7\/2023\/09\/Foto-din\u00e1mica-stand-UPLA-60x60.jpg 60w\" sizes=\"auto, (max-width: 150px) 100vw, 150px\" \/><\/a>\n\t\t\t<\/div>\n\t\t\t\t<figcaption class='wp-caption-text gallery-caption' id='gallery-1-43459'>\n\t\t\t\tStand LaBCEM UPLA\n\t\t\t\t<\/figcaption><\/figure><figure class='gallery-item'>\n\t\t\t<div class='gallery-icon landscape'>\n\t\t\t\t<a href='https:\/\/dev.explora.cl\/valparaiso\/red-territorial-explora-realiza-su-tercera-sesion-junto-a-red-de-cultura-cientifica\/imagen-de-whatsapp-2023-09-25-a-las-13-29-51\/'><img loading=\"lazy\" decoding=\"async\" width=\"150\" height=\"150\" src=\"https:\/\/dev.explora.cl\/valparaiso\/wp-content\/uploads\/sites\/7\/2023\/09\/Imagen-de-WhatsApp-2023-09-25-a-las-13.29.51-150x150.jpg\" class=\"attachment-thumbnail size-thumbnail\" alt=\"\" aria-describedby=\"gallery-1-43462\" srcset=\"https:\/\/dev.explora.cl\/valparaiso\/wp-content\/uploads\/sites\/7\/2023\/09\/Imagen-de-WhatsApp-2023-09-25-a-las-13.29.51-150x150.jpg 150w, https:\/\/dev.explora.cl\/valparaiso\/wp-content\/uploads\/sites\/7\/2023\/09\/Imagen-de-WhatsApp-2023-09-25-a-las-13.29.51-300x300.jpg 300w, https:\/\/dev.explora.cl\/valparaiso\/wp-content\/uploads\/sites\/7\/2023\/09\/Imagen-de-WhatsApp-2023-09-25-a-las-13.29.51-60x60.jpg 60w\" sizes=\"auto, (max-width: 150px) 100vw, 150px\" \/><\/a>\n\t\t\t<\/div>\n\t\t\t\t<figcaption class='wp-caption-text gallery-caption' id='gallery-1-43462'>\n\t\t\t\tStand CIDSTEM PUCV\n\t\t\t\t<\/figcaption><\/figure><figure class='gallery-item'>\n\t\t\t<div class='gallery-icon landscape'>\n\t\t\t\t<a href='https:\/\/dev.explora.cl\/valparaiso\/red-territorial-explora-realiza-su-tercera-sesion-junto-a-red-de-cultura-cientifica\/img-20230925-wa0040\/'><img loading=\"lazy\" decoding=\"async\" width=\"150\" height=\"150\" src=\"https:\/\/dev.explora.cl\/valparaiso\/wp-content\/uploads\/sites\/7\/2023\/09\/IMG-20230925-WA0040-150x150.jpg\" class=\"attachment-thumbnail size-thumbnail\" alt=\"\" aria-describedby=\"gallery-1-43463\" srcset=\"https:\/\/dev.explora.cl\/valparaiso\/wp-content\/uploads\/sites\/7\/2023\/09\/IMG-20230925-WA0040-150x150.jpg 150w, https:\/\/dev.explora.cl\/valparaiso\/wp-content\/uploads\/sites\/7\/2023\/09\/IMG-20230925-WA0040-300x300.jpg 300w, https:\/\/dev.explora.cl\/valparaiso\/wp-content\/uploads\/sites\/7\/2023\/09\/IMG-20230925-WA0040-60x60.jpg 60w\" sizes=\"auto, (max-width: 150px) 100vw, 150px\" \/><\/a>\n\t\t\t<\/div>\n\t\t\t\t<figcaption class='wp-caption-text gallery-caption' id='gallery-1-43463'>\n\t\t\t\tStand AC3 USM\n\t\t\t\t<\/figcaption><\/figure><figure class='gallery-item'>\n\t\t\t<div class='gallery-icon landscape'>\n\t\t\t\t<a href='https:\/\/dev.explora.cl\/valparaiso\/red-territorial-explora-realiza-su-tercera-sesion-junto-a-red-de-cultura-cientifica\/img-20230925-wa0041\/'><img loading=\"lazy\" decoding=\"async\" width=\"150\" height=\"150\" src=\"https:\/\/dev.explora.cl\/valparaiso\/wp-content\/uploads\/sites\/7\/2023\/09\/IMG-20230925-WA0041-150x150.jpg\" class=\"attachment-thumbnail size-thumbnail\" alt=\"\" aria-describedby=\"gallery-1-43464\" srcset=\"https:\/\/dev.explora.cl\/valparaiso\/wp-content\/uploads\/sites\/7\/2023\/09\/IMG-20230925-WA0041-150x150.jpg 150w, https:\/\/dev.explora.cl\/valparaiso\/wp-content\/uploads\/sites\/7\/2023\/09\/IMG-20230925-WA0041-300x300.jpg 300w, https:\/\/dev.explora.cl\/valparaiso\/wp-content\/uploads\/sites\/7\/2023\/09\/IMG-20230925-WA0041-60x60.jpg 60w\" sizes=\"auto, (max-width: 150px) 100vw, 150px\" \/><\/a>\n\t\t\t<\/div>\n\t\t\t\t<figcaption class='wp-caption-text gallery-caption' id='gallery-1-43464'>\n\t\t\t\tStand Crea Planeta UV\n\t\t\t\t<\/figcaption><\/figure><figure class='gallery-item'>\n\t\t\t<div class='gallery-icon portrait'>\n\t\t\t\t<a href='https:\/\/dev.explora.cl\/valparaiso\/red-territorial-explora-realiza-su-tercera-sesion-junto-a-red-de-cultura-cientifica\/img-20230925-wa0058\/'><img loading=\"lazy\" decoding=\"async\" width=\"150\" height=\"150\" src=\"https:\/\/dev.explora.cl\/valparaiso\/wp-content\/uploads\/sites\/7\/2023\/09\/IMG-20230925-WA0058-150x150.jpg\" class=\"attachment-thumbnail size-thumbnail\" alt=\"\" aria-describedby=\"gallery-1-43465\" srcset=\"https:\/\/dev.explora.cl\/valparaiso\/wp-content\/uploads\/sites\/7\/2023\/09\/IMG-20230925-WA0058-150x150.jpg 150w, https:\/\/dev.explora.cl\/valparaiso\/wp-content\/uploads\/sites\/7\/2023\/09\/IMG-20230925-WA0058-300x300.jpg 300w, https:\/\/dev.explora.cl\/valparaiso\/wp-content\/uploads\/sites\/7\/2023\/09\/IMG-20230925-WA0058-60x60.jpg 60w\" sizes=\"auto, (max-width: 150px) 100vw, 150px\" \/><\/a>\n\t\t\t<\/div>\n\t\t\t\t<figcaption class='wp-caption-text gallery-caption' id='gallery-1-43465'>\n\t\t\t\tStan Jard\u00edn Bot\u00e1nico Nacional\n\t\t\t\t<\/figcaption><\/figure><figure class='gallery-item'>\n\t\t\t<div class='gallery-icon portrait'>\n\t\t\t\t<a href='https:\/\/dev.explora.cl\/valparaiso\/red-territorial-explora-realiza-su-tercera-sesion-junto-a-red-de-cultura-cientifica\/img-20230925-wa0059\/'><img loading=\"lazy\" decoding=\"async\" width=\"150\" height=\"150\" src=\"https:\/\/dev.explora.cl\/valparaiso\/wp-content\/uploads\/sites\/7\/2023\/09\/IMG-20230925-WA0059-150x150.jpg\" class=\"attachment-thumbnail size-thumbnail\" alt=\"\" aria-describedby=\"gallery-1-43466\" srcset=\"https:\/\/dev.explora.cl\/valparaiso\/wp-content\/uploads\/sites\/7\/2023\/09\/IMG-20230925-WA0059-150x150.jpg 150w, https:\/\/dev.explora.cl\/valparaiso\/wp-content\/uploads\/sites\/7\/2023\/09\/IMG-20230925-WA0059-300x300.jpg 300w, https:\/\/dev.explora.cl\/valparaiso\/wp-content\/uploads\/sites\/7\/2023\/09\/IMG-20230925-WA0059-60x60.jpg 60w\" sizes=\"auto, (max-width: 150px) 100vw, 150px\" \/><\/a>\n\t\t\t<\/div>\n\t\t\t\t<figcaption class='wp-caption-text gallery-caption' id='gallery-1-43466'>\n\t\t\t\tStand Museo Baburizza\n\t\t\t\t<\/figcaption><\/figure><figure class='gallery-item'>\n\t\t\t<div class='gallery-icon landscape'>\n\t\t\t\t<a href='https:\/\/dev.explora.cl\/valparaiso\/red-territorial-explora-realiza-su-tercera-sesion-junto-a-red-de-cultura-cientifica\/foto-pendones-rcc\/'><img loading=\"lazy\" decoding=\"async\" width=\"150\" height=\"150\" src=\"https:\/\/dev.explora.cl\/valparaiso\/wp-content\/uploads\/sites\/7\/2023\/09\/Foto-pendones-RCC-150x150.jpg\" class=\"attachment-thumbnail size-thumbnail\" alt=\"\" aria-describedby=\"gallery-1-43461\" srcset=\"https:\/\/dev.explora.cl\/valparaiso\/wp-content\/uploads\/sites\/7\/2023\/09\/Foto-pendones-RCC-150x150.jpg 150w, https:\/\/dev.explora.cl\/valparaiso\/wp-content\/uploads\/sites\/7\/2023\/09\/Foto-pendones-RCC-300x300.jpg 300w, https:\/\/dev.explora.cl\/valparaiso\/wp-content\/uploads\/sites\/7\/2023\/09\/Foto-pendones-RCC-60x60.jpg 60w\" sizes=\"auto, (max-width: 150px) 100vw, 150px\" \/><\/a>\n\t\t\t<\/div>\n\t\t\t\t<figcaption class='wp-caption-text gallery-caption' id='gallery-1-43461'>\n\t\t\t\tPendones Red de Cultura Cient\u00edfica\n\t\t\t\t<\/figcaption><\/figure>\n\t\t<\/div>\n\n","protected":false},"excerpt":{"rendered":"<p>Ambos entramados se dieron cita en la Casa Central de la PUCV el lunes 25 de septiembre con el objetivo de generar v\u00ednculos que permitan llevar actividades de ciencia, tecnolog\u00edas, arte y patrimonio a las comunidades educativas de la regi\u00f3n de Valpara\u00edso.<\/p>\n","protected":false},"author":22,"featured_media":43460,"comment_status":"open","ping_status":"open","sticky":false,"template":"","format":"standard","meta":{"_acf_changed":false,"_exactmetrics_skip_tracking":false,"_exactmetrics_sitenote_active":false,"_exactmetrics_sitenote_note":"","_exactmetrics_sitenote_category":0,"footnotes":"","_links_to":"","_links_to_target":""},"categories":[151,128,139,4,126],"tags":[186,442,966,1321,999,202,453],"class_list":["post-43457","post","type-post","status-publish","format-standard","has-post-thumbnail","hentry","category-banner","category-eventos_publ_grl","category-lugar-4","category-noticias","category-para-publico-general","tag-pucv","tag-red-de-cultura-cientifica","tag-red-territorial-explora","tag-slep-valparaiso","tag-universidad-de-playa-ancha","tag-universidad-de-valparaiso","tag-universidad-tecnica-federico-santa-maria"],"acf":[],"yoast_head":"<!-- This site is optimized with the Yoast SEO plugin v26.7 - https:\/\/yoast.com\/wordpress\/plugins\/seo\/ -->\n<title>Red Territorial Explora realiza su tercera sesi\u00f3n junto a Red de Cultura Cient\u00edfica - Valpara\u00edso<\/title>\n<meta name=\"robots\" content=\"index, follow, max-snippet:-1, max-image-preview:large, max-video-preview:-1\" \/>\n<link rel=\"canonical\" href=\"https:\/\/dev.explora.cl\/valparaiso\/red-territorial-explora-realiza-su-tercera-sesion-junto-a-red-de-cultura-cientifica\/\" class=\"yoast-seo-meta-tag\" \/>\n<meta property=\"og:locale\" content=\"es_ES\" class=\"yoast-seo-meta-tag\" \/>\n<meta property=\"og:type\" content=\"article\" class=\"yoast-seo-meta-tag\" \/>\n<meta property=\"og:title\" content=\"Red Territorial Explora realiza su tercera sesi\u00f3n junto a Red de Cultura Cient\u00edfica - Valpara\u00edso\" class=\"yoast-seo-meta-tag\" \/>\n<meta property=\"og:description\" content=\"Ambos entramados se dieron cita en la Casa Central de la PUCV el lunes 25 de septiembre con el objetivo de generar v\u00ednculos que permitan llevar actividades de ciencia, tecnolog\u00edas, arte y patrimonio a las comunidades educativas de la regi\u00f3n de Valpara\u00edso.\" class=\"yoast-seo-meta-tag\" \/>\n<meta property=\"og:url\" content=\"https:\/\/dev.explora.cl\/valparaiso\/red-territorial-explora-realiza-su-tercera-sesion-junto-a-red-de-cultura-cientifica\/\" class=\"yoast-seo-meta-tag\" \/>\n<meta property=\"og:site_name\" content=\"Valpara\u00edso\" class=\"yoast-seo-meta-tag\" \/>\n<meta property=\"article:published_time\" content=\"2023-09-26T16:05:36+00:00\" class=\"yoast-seo-meta-tag\" \/>\n<meta property=\"article:modified_time\" content=\"2023-09-26T20:20:27+00:00\" class=\"yoast-seo-meta-tag\" \/>\n<meta property=\"og:image\" content=\"https:\/\/dev.explora.cl\/valparaiso\/wp-content\/uploads\/sites\/7\/2023\/09\/foto-oficial-tercera-reuni\u00f3n-red-territorial-y-RCC.jpg\" class=\"yoast-seo-meta-tag\" \/>\n\t<meta property=\"og:image:width\" content=\"1600\" class=\"yoast-seo-meta-tag\" \/>\n\t<meta property=\"og:image:height\" content=\"1004\" class=\"yoast-seo-meta-tag\" \/>\n\t<meta property=\"og:image:type\" content=\"image\/jpeg\" class=\"yoast-seo-meta-tag\" \/>\n<meta name=\"author\" content=\"jcastaneda\" class=\"yoast-seo-meta-tag\" \/>\n<meta name=\"twitter:card\" content=\"summary_large_image\" class=\"yoast-seo-meta-tag\" \/>\n<meta name=\"twitter:label1\" content=\"Escrito por\" class=\"yoast-seo-meta-tag\" \/>\n\t<meta name=\"twitter:data1\" content=\"jcastaneda\" class=\"yoast-seo-meta-tag\" \/>\n\t<meta name=\"twitter:label2\" content=\"Tiempo estimado de lectura\" class=\"yoast-seo-meta-tag\" \/>\n\t<meta name=\"twitter:data2\" content=\"3 minutos\" class=\"yoast-seo-meta-tag\" \/>\n<script type=\"application\/ld+json\" class=\"yoast-schema-graph\">{\"@context\":\"https:\/\/schema.org\",\"@graph\":[{\"@type\":\"Article\",\"@id\":\"https:\/\/dev.explora.cl\/valparaiso\/red-territorial-explora-realiza-su-tercera-sesion-junto-a-red-de-cultura-cientifica\/#article\",\"isPartOf\":{\"@id\":\"https:\/\/dev.explora.cl\/valparaiso\/red-territorial-explora-realiza-su-tercera-sesion-junto-a-red-de-cultura-cientifica\/\"},\"author\":{\"name\":\"jcastaneda\",\"@id\":\"https:\/\/dev.explora.cl\/valparaiso\/#\/schema\/person\/c15e69495b8dbe0af0102f6bca43ba5d\"},\"headline\":\"Red Territorial Explora realiza su tercera sesi\u00f3n junto a Red de Cultura Cient\u00edfica\",\"datePublished\":\"2023-09-26T16:05:36+00:00\",\"dateModified\":\"2023-09-26T20:20:27+00:00\",\"mainEntityOfPage\":{\"@id\":\"https:\/\/dev.explora.cl\/valparaiso\/red-territorial-explora-realiza-su-tercera-sesion-junto-a-red-de-cultura-cientifica\/\"},\"wordCount\":533,\"commentCount\":0,\"publisher\":{\"@id\":\"https:\/\/dev.explora.cl\/valparaiso\/#organization\"},\"image\":{\"@id\":\"https:\/\/dev.explora.cl\/valparaiso\/red-territorial-explora-realiza-su-tercera-sesion-junto-a-red-de-cultura-cientifica\/#primaryimage\"},\"thumbnailUrl\":\"https:\/\/dev.explora.cl\/valparaiso\/wp-content\/uploads\/sites\/7\/2023\/09\/foto-oficial-tercera-reuni\u00f3n-red-territorial-y-RCC.jpg\",\"keywords\":[\"pucv\",\"Red de Cultura Cient\u00edfica\",\"Red Territorial Explora\",\"SLEP Valpara\u00edso\",\"Universidad de Playa Ancha\",\"universidad de valparaiso\",\"Universidad T\u00e9cnica Federico Santa Mar\u00eda\"],\"articleSection\":[\"Banner\",\"Eventos\",\"Lugar 4\",\"Noticias\",\"Para P\u00fablico General\"],\"inLanguage\":\"es-CL\",\"potentialAction\":[{\"@type\":\"CommentAction\",\"name\":\"Comment\",\"target\":[\"https:\/\/dev.explora.cl\/valparaiso\/red-territorial-explora-realiza-su-tercera-sesion-junto-a-red-de-cultura-cientifica\/#respond\"]}]},{\"@type\":\"WebPage\",\"@id\":\"https:\/\/dev.explora.cl\/valparaiso\/red-territorial-explora-realiza-su-tercera-sesion-junto-a-red-de-cultura-cientifica\/\",\"url\":\"https:\/\/dev.explora.cl\/valparaiso\/red-territorial-explora-realiza-su-tercera-sesion-junto-a-red-de-cultura-cientifica\/\",\"name\":\"Red Territorial Explora realiza su tercera sesi\u00f3n junto a Red de Cultura Cient\u00edfica - Valpara\u00edso\",\"isPartOf\":{\"@id\":\"https:\/\/dev.explora.cl\/valparaiso\/#website\"},\"primaryImageOfPage\":{\"@id\":\"https:\/\/dev.explora.cl\/valparaiso\/red-territorial-explora-realiza-su-tercera-sesion-junto-a-red-de-cultura-cientifica\/#primaryimage\"},\"image\":{\"@id\":\"https:\/\/dev.explora.cl\/valparaiso\/red-territorial-explora-realiza-su-tercera-sesion-junto-a-red-de-cultura-cientifica\/#primaryimage\"},\"thumbnailUrl\":\"https:\/\/dev.explora.cl\/valparaiso\/wp-content\/uploads\/sites\/7\/2023\/09\/foto-oficial-tercera-reuni\u00f3n-red-territorial-y-RCC.jpg\",\"datePublished\":\"2023-09-26T16:05:36+00:00\",\"dateModified\":\"2023-09-26T20:20:27+00:00\",\"breadcrumb\":{\"@id\":\"https:\/\/dev.explora.cl\/valparaiso\/red-territorial-explora-realiza-su-tercera-sesion-junto-a-red-de-cultura-cientifica\/#breadcrumb\"},\"inLanguage\":\"es-CL\",\"potentialAction\":[{\"@type\":\"ReadAction\",\"target\":[\"https:\/\/dev.explora.cl\/valparaiso\/red-territorial-explora-realiza-su-tercera-sesion-junto-a-red-de-cultura-cientifica\/\"]}]},{\"@type\":\"ImageObject\",\"inLanguage\":\"es-CL\",\"@id\":\"https:\/\/dev.explora.cl\/valparaiso\/red-territorial-explora-realiza-su-tercera-sesion-junto-a-red-de-cultura-cientifica\/#primaryimage\",\"url\":\"https:\/\/dev.explora.cl\/valparaiso\/wp-content\/uploads\/sites\/7\/2023\/09\/foto-oficial-tercera-reuni\u00f3n-red-territorial-y-RCC.jpg\",\"contentUrl\":\"https:\/\/dev.explora.cl\/valparaiso\/wp-content\/uploads\/sites\/7\/2023\/09\/foto-oficial-tercera-reuni\u00f3n-red-territorial-y-RCC.jpg\",\"width\":1600,\"height\":1004},{\"@type\":\"BreadcrumbList\",\"@id\":\"https:\/\/dev.explora.cl\/valparaiso\/red-territorial-explora-realiza-su-tercera-sesion-junto-a-red-de-cultura-cientifica\/#breadcrumb\",\"itemListElement\":[{\"@type\":\"ListItem\",\"position\":1,\"name\":\"Portada\",\"item\":\"https:\/\/dev.explora.cl\/valparaiso\/\"},{\"@type\":\"ListItem\",\"position\":2,\"name\":\"Red Territorial Explora realiza su tercera sesi\u00f3n junto a Red de Cultura Cient\u00edfica\"}]},{\"@type\":\"WebSite\",\"@id\":\"https:\/\/dev.explora.cl\/valparaiso\/#website\",\"url\":\"https:\/\/dev.explora.cl\/valparaiso\/\",\"name\":\"Valpara\u00edso\",\"description\":\"Otro sitio m\u00e1s de dev.explora.cl\",\"publisher\":{\"@id\":\"https:\/\/dev.explora.cl\/valparaiso\/#organization\"},\"potentialAction\":[{\"@type\":\"SearchAction\",\"target\":{\"@type\":\"EntryPoint\",\"urlTemplate\":\"https:\/\/dev.explora.cl\/valparaiso\/?s={search_term_string}\"},\"query-input\":{\"@type\":\"PropertyValueSpecification\",\"valueRequired\":true,\"valueName\":\"search_term_string\"}}],\"inLanguage\":\"es-CL\"},{\"@type\":\"Organization\",\"@id\":\"https:\/\/dev.explora.cl\/valparaiso\/#organization\",\"name\":\"Valpara\u00edso\",\"url\":\"https:\/\/dev.explora.cl\/valparaiso\/\",\"logo\":{\"@type\":\"ImageObject\",\"inLanguage\":\"es-CL\",\"@id\":\"https:\/\/dev.explora.cl\/valparaiso\/#\/schema\/logo\/image\/\",\"url\":\"https:\/\/dev.explora.cl\/valparaiso\/wp-content\/uploads\/sites\/7\/2019\/06\/cropped-logo-explora-color.jpg\",\"contentUrl\":\"https:\/\/dev.explora.cl\/valparaiso\/wp-content\/uploads\/sites\/7\/2019\/06\/cropped-logo-explora-color.jpg\",\"width\":2035,\"height\":584,\"caption\":\"Valpara\u00edso\"},\"image\":{\"@id\":\"https:\/\/dev.explora.cl\/valparaiso\/#\/schema\/logo\/image\/\"}},{\"@type\":\"Person\",\"@id\":\"https:\/\/dev.explora.cl\/valparaiso\/#\/schema\/person\/c15e69495b8dbe0af0102f6bca43ba5d\",\"name\":\"jcastaneda\",\"image\":{\"@type\":\"ImageObject\",\"inLanguage\":\"es-CL\",\"@id\":\"https:\/\/dev.explora.cl\/valparaiso\/#\/schema\/person\/image\/\",\"url\":\"https:\/\/secure.gravatar.com\/avatar\/f26661a8eef2f6444d9633928ef0219fd69e41c5be1ef5ef16afeee7cd4df675?s=96&d=mm&r=g\",\"contentUrl\":\"https:\/\/secure.gravatar.com\/avatar\/f26661a8eef2f6444d9633928ef0219fd69e41c5be1ef5ef16afeee7cd4df675?s=96&d=mm&r=g\",\"caption\":\"jcastaneda\"},\"url\":\"https:\/\/dev.explora.cl\/valparaiso\/author\/jcastaneda\/\"}]}<\/script>\n<!-- \/ Yoast SEO plugin. -->","yoast_head_json":{"title":"Red Territorial Explora realiza su tercera sesi\u00f3n junto a Red de Cultura Cient\u00edfica - Valpara\u00edso","robots":{"index":"index","follow":"follow","max-snippet":"max-snippet:-1","max-image-preview":"max-image-preview:large","max-video-preview":"max-video-preview:-1"},"canonical":"https:\/\/dev.explora.cl\/valparaiso\/red-territorial-explora-realiza-su-tercera-sesion-junto-a-red-de-cultura-cientifica\/","og_locale":"es_ES","og_type":"article","og_title":"Red Territorial Explora realiza su tercera sesi\u00f3n junto a Red de Cultura Cient\u00edfica - Valpara\u00edso","og_description":"Ambos entramados se dieron cita en la Casa Central de la PUCV el lunes 25 de septiembre con el objetivo de generar v\u00ednculos que permitan llevar actividades de ciencia, tecnolog\u00edas, arte y patrimonio a las comunidades educativas de la regi\u00f3n de Valpara\u00edso.","og_url":"https:\/\/dev.explora.cl\/valparaiso\/red-territorial-explora-realiza-su-tercera-sesion-junto-a-red-de-cultura-cientifica\/","og_site_name":"Valpara\u00edso","article_published_time":"2023-09-26T16:05:36+00:00","article_modified_time":"2023-09-26T20:20:27+00:00","og_image":[{"width":1600,"height":1004,"url":"https:\/\/dev.explora.cl\/valparaiso\/wp-content\/uploads\/sites\/7\/2023\/09\/foto-oficial-tercera-reuni\u00f3n-red-territorial-y-RCC.jpg","type":"image\/jpeg"}],"author":"jcastaneda","twitter_card":"summary_large_image","twitter_misc":{"Escrito por":"jcastaneda","Tiempo estimado de lectura":"3 minutos"},"schema":{"@context":"https:\/\/schema.org","@graph":[{"@type":"Article","@id":"https:\/\/dev.explora.cl\/valparaiso\/red-territorial-explora-realiza-su-tercera-sesion-junto-a-red-de-cultura-cientifica\/#article","isPartOf":{"@id":"https:\/\/dev.explora.cl\/valparaiso\/red-territorial-explora-realiza-su-tercera-sesion-junto-a-red-de-cultura-cientifica\/"},"author":{"name":"jcastaneda","@id":"https:\/\/dev.explora.cl\/valparaiso\/#\/schema\/person\/c15e69495b8dbe0af0102f6bca43ba5d"},"headline":"Red Territorial Explora realiza su tercera sesi\u00f3n junto a Red de Cultura Cient\u00edfica","datePublished":"2023-09-26T16:05:36+00:00","dateModified":"2023-09-26T20:20:27+00:00","mainEntityOfPage":{"@id":"https:\/\/dev.explora.cl\/valparaiso\/red-territorial-explora-realiza-su-tercera-sesion-junto-a-red-de-cultura-cientifica\/"},"wordCount":533,"commentCount":0,"publisher":{"@id":"https:\/\/dev.explora.cl\/valparaiso\/#organization"},"image":{"@id":"https:\/\/dev.explora.cl\/valparaiso\/red-territorial-explora-realiza-su-tercera-sesion-junto-a-red-de-cultura-cientifica\/#primaryimage"},"thumbnailUrl":"https:\/\/dev.explora.cl\/valparaiso\/wp-content\/uploads\/sites\/7\/2023\/09\/foto-oficial-tercera-reuni\u00f3n-red-territorial-y-RCC.jpg","keywords":["pucv","Red de Cultura Cient\u00edfica","Red Territorial Explora","SLEP Valpara\u00edso","Universidad de Playa Ancha","universidad de valparaiso","Universidad T\u00e9cnica Federico Santa Mar\u00eda"],"articleSection":["Banner","Eventos","Lugar 4","Noticias","Para P\u00fablico General"],"inLanguage":"es-CL","potentialAction":[{"@type":"CommentAction","name":"Comment","target":["https:\/\/dev.explora.cl\/valparaiso\/red-territorial-explora-realiza-su-tercera-sesion-junto-a-red-de-cultura-cientifica\/#respond"]}]},{"@type":"WebPage","@id":"https:\/\/dev.explora.cl\/valparaiso\/red-territorial-explora-realiza-su-tercera-sesion-junto-a-red-de-cultura-cientifica\/","url":"https:\/\/dev.explora.cl\/valparaiso\/red-territorial-explora-realiza-su-tercera-sesion-junto-a-red-de-cultura-cientifica\/","name":"Red Territorial Explora realiza su tercera sesi\u00f3n junto a Red de Cultura Cient\u00edfica - Valpara\u00edso","isPartOf":{"@id":"https:\/\/dev.explora.cl\/valparaiso\/#website"},"primaryImageOfPage":{"@id":"https:\/\/dev.explora.cl\/valparaiso\/red-territorial-explora-realiza-su-tercera-sesion-junto-a-red-de-cultura-cientifica\/#primaryimage"},"image":{"@id":"https:\/\/dev.explora.cl\/valparaiso\/red-territorial-explora-realiza-su-tercera-sesion-junto-a-red-de-cultura-cientifica\/#primaryimage"},"thumbnailUrl":"https:\/\/dev.explora.cl\/valparaiso\/wp-content\/uploads\/sites\/7\/2023\/09\/foto-oficial-tercera-reuni\u00f3n-red-territorial-y-RCC.jpg","datePublished":"2023-09-26T16:05:36+00:00","dateModified":"2023-09-26T20:20:27+00:00","breadcrumb":{"@id":"https:\/\/dev.explora.cl\/valparaiso\/red-territorial-explora-realiza-su-tercera-sesion-junto-a-red-de-cultura-cientifica\/#breadcrumb"},"inLanguage":"es-CL","potentialAction":[{"@type":"ReadAction","target":["https:\/\/dev.explora.cl\/valparaiso\/red-territorial-explora-realiza-su-tercera-sesion-junto-a-red-de-cultura-cientifica\/"]}]},{"@type":"ImageObject","inLanguage":"es-CL","@id":"https:\/\/dev.explora.cl\/valparaiso\/red-territorial-explora-realiza-su-tercera-sesion-junto-a-red-de-cultura-cientifica\/#primaryimage","url":"https:\/\/dev.explora.cl\/valparaiso\/wp-content\/uploads\/sites\/7\/2023\/09\/foto-oficial-tercera-reuni\u00f3n-red-territorial-y-RCC.jpg","contentUrl":"https:\/\/dev.explora.cl\/valparaiso\/wp-content\/uploads\/sites\/7\/2023\/09\/foto-oficial-tercera-reuni\u00f3n-red-territorial-y-RCC.jpg","width":1600,"height":1004},{"@type":"BreadcrumbList","@id":"https:\/\/dev.explora.cl\/valparaiso\/red-territorial-explora-realiza-su-tercera-sesion-junto-a-red-de-cultura-cientifica\/#breadcrumb","itemListElement":[{"@type":"ListItem","position":1,"name":"Portada","item":"https:\/\/dev.explora.cl\/valparaiso\/"},{"@type":"ListItem","position":2,"name":"Red Territorial Explora realiza su tercera sesi\u00f3n junto a Red de Cultura Cient\u00edfica"}]},{"@type":"WebSite","@id":"https:\/\/dev.explora.cl\/valparaiso\/#website","url":"https:\/\/dev.explora.cl\/valparaiso\/","name":"Valpara\u00edso","description":"Otro sitio m\u00e1s de dev.explora.cl","publisher":{"@id":"https:\/\/dev.explora.cl\/valparaiso\/#organization"},"potentialAction":[{"@type":"SearchAction","target":{"@type":"EntryPoint","urlTemplate":"https:\/\/dev.explora.cl\/valparaiso\/?s={search_term_string}"},"query-input":{"@type":"PropertyValueSpecification","valueRequired":true,"valueName":"search_term_string"}}],"inLanguage":"es-CL"},{"@type":"Organization","@id":"https:\/\/dev.explora.cl\/valparaiso\/#organization","name":"Valpara\u00edso","url":"https:\/\/dev.explora.cl\/valparaiso\/","logo":{"@type":"ImageObject","inLanguage":"es-CL","@id":"https:\/\/dev.explora.cl\/valparaiso\/#\/schema\/logo\/image\/","url":"https:\/\/dev.explora.cl\/valparaiso\/wp-content\/uploads\/sites\/7\/2019\/06\/cropped-logo-explora-color.jpg","contentUrl":"https:\/\/dev.explora.cl\/valparaiso\/wp-content\/uploads\/sites\/7\/2019\/06\/cropped-logo-explora-color.jpg","width":2035,"height":584,"caption":"Valpara\u00edso"},"image":{"@id":"https:\/\/dev.explora.cl\/valparaiso\/#\/schema\/logo\/image\/"}},{"@type":"Person","@id":"https:\/\/dev.explora.cl\/valparaiso\/#\/schema\/person\/c15e69495b8dbe0af0102f6bca43ba5d","name":"jcastaneda","image":{"@type":"ImageObject","inLanguage":"es-CL","@id":"https:\/\/dev.explora.cl\/valparaiso\/#\/schema\/person\/image\/","url":"https:\/\/secure.gravatar.com\/avatar\/f26661a8eef2f6444d9633928ef0219fd69e41c5be1ef5ef16afeee7cd4df675?s=96&d=mm&r=g","contentUrl":"https:\/\/secure.gravatar.com\/avatar\/f26661a8eef2f6444d9633928ef0219fd69e41c5be1ef5ef16afeee7cd4df675?s=96&d=mm&r=g","caption":"jcastaneda"},"url":"https:\/\/dev.explora.cl\/valparaiso\/author\/jcastaneda\/"}]}},"_links":{"self":[{"href":"https:\/\/dev.explora.cl\/valparaiso\/wp-json\/wp\/v2\/posts\/43457","targetHints":{"allow":["GET"]}}],"collection":[{"href":"https:\/\/dev.explora.cl\/valparaiso\/wp-json\/wp\/v2\/posts"}],"about":[{"href":"https:\/\/dev.explora.cl\/valparaiso\/wp-json\/wp\/v2\/types\/post"}],"author":[{"embeddable":true,"href":"https:\/\/dev.explora.cl\/valparaiso\/wp-json\/wp\/v2\/users\/22"}],"replies":[{"embeddable":true,"href":"https:\/\/dev.explora.cl\/valparaiso\/wp-json\/wp\/v2\/comments?post=43457"}],"version-history":[{"count":4,"href":"https:\/\/dev.explora.cl\/valparaiso\/wp-json\/wp\/v2\/posts\/43457\/revisions"}],"predecessor-version":[{"id":43474,"href":"https:\/\/dev.explora.cl\/valparaiso\/wp-json\/wp\/v2\/posts\/43457\/revisions\/43474"}],"wp:featuredmedia":[{"embeddable":true,"href":"https:\/\/dev.explora.cl\/valparaiso\/wp-json\/wp\/v2\/media\/43460"}],"wp:attachment":[{"href":"https:\/\/dev.explora.cl\/valparaiso\/wp-json\/wp\/v2\/media?parent=43457"}],"wp:term":[{"taxonomy":"category","embeddable":true,"href":"https:\/\/dev.explora.cl\/valparaiso\/wp-json\/wp\/v2\/categories?post=43457"},{"taxonomy":"post_tag","embeddable":true,"href":"https:\/\/dev.explora.cl\/valparaiso\/wp-json\/wp\/v2\/tags?post=43457"}],"curies":[{"name":"wp","href":"https:\/\/api.w.org\/{rel}","templated":true}]}}