{"id":43427,"date":"2023-09-15T11:27:45","date_gmt":"2023-09-15T14:27:45","guid":{"rendered":"https:\/\/dev.explora.cl\/valparaiso\/?p=43427"},"modified":"2024-03-12T12:45:26","modified_gmt":"2024-03-12T15:45:26","slug":"explora-valparaiso-conforma-consejo-asesor-transdisciplinar-con-docentes-y-academicos-de-la-region","status":"publish","type":"post","link":"https:\/\/dev.explora.cl\/valparaiso\/explora-valparaiso-conforma-consejo-asesor-transdisciplinar-con-docentes-y-academicos-de-la-region\/","title":{"rendered":"Explora Valpara\u00edso conforma Consejo Asesor Transdisciplinar con docentes y acad\u00e9micos de la regi\u00f3n"},"content":{"rendered":"<p><span style=\"color: #008000\"><i><span style=\"font-weight: 400\">El jueves 14 de septiembre en la Casa Central de la PUCV, se realiz\u00f3 el acto de constituci\u00f3n del Consejo Asesor Transdisciplinar del PAR Explora Valpara\u00edso, instancia que convoc\u00f3 a autoridades de la Pontificia Universidad Cat\u00f3lica de Valpara\u00edso, Universidad de Playa Ancha, Universidad T\u00e9cnica Federico Santa Mar\u00eda, Universidad de Valpara\u00edso y representantes del mundo escolar. <\/span><\/i><\/span><!--more--><\/p>\n<p><span style=\"font-weight: 400\">El Consejo Asesor Transdisciplinar se plantea como una instancia de gobernanza para la conducci\u00f3n de Explora Valpara\u00edso, permitiendo traer las voces de las instituciones de educaci\u00f3n superior, expertas y expertos, as\u00ed como representantes del mundo escolar en la regi\u00f3n para contribuir con el fomento de competencias cient\u00edficas.<\/span><\/p>\n<p><span style=\"font-weight: 400\">Conforman este consejo la\u00a0 profesora Johana Vilches de la Escuela H\u00e9roes de Limache y el profesor Pablo Malhue del Instituto Comercial Mar\u00edtimo de San Antonio. Representantes de la Universidad de Playa Ancha, Tom\u00e1s Reyes; Universidad T\u00e9cnica Federico Santa Mar\u00eda, Nina Hormaz\u00e1bal; Universidad de Valpara\u00edso, Pilar Mu\u00f1oz y desde la Pontificia Universidad Cat\u00f3lica de Valpara\u00edso Jorge Negrete. Asimismo, Explora Valpara\u00edso va a contar en el Consejo con especialistas de la PUCV que traen su expertise en \u00e1reas m\u00e1s espec\u00edficas: en Educaci\u00f3n B\u00e1sica, Damaris Collao; Educaci\u00f3n Media, Paula Soto; e Investigaci\u00f3n, Cristian Atala.<\/span><\/p>\n<p><span style=\"font-weight: 400\">En la ceremonia de constituci\u00f3n del Consejo, acompa\u00f1aron con palabras el Director General de Vinculaci\u00f3n con el Medio de la PUCV, David Contreras Guzm\u00e1n, el Director de Explora Valpara\u00edso, V\u00edctor Salinas Silva y la representante de la regi\u00f3n de Valpara\u00edso en el Consejo de Ni\u00f1as, Ni\u00f1os y Adolescentes del Ministerio de Ciencia, Isabela Hern\u00e1ndez Ortiz. En la instancia participaron tambi\u00e9n Marisol G\u00f3mez Arancibia y Claudia Morales Cabrera del Programa Explora perteneciente al Ministerio de Ciencia, Tecnolog\u00eda, Conocimiento e Innovaci\u00f3n y Sebasti\u00e1n D\u00edaz Howard-Allmand, Coordinador Regional de la Seremi de Ciencia Macrozona Centro.\u00a0\u00a0<\/span><\/p>\n<p><span style=\"font-weight: 400\">Adem\u00e1s la actividad cont\u00f3 con la importante presencia de Nicole Selam\u00e9, Secretaria General de la UV; Mar\u00eda Jos\u00e9 Escobar, Directora General de Vinculaci\u00f3n con el Medio de la USM y Carolina Santelices, Directora General de Investigaci\u00f3n (s) de la UPLA; autoridades que tuvieron el rol de investir a los acad\u00e9micos\/as de sus Casas de Estudio que son parte de este Consejo.\u00a0<\/span><\/p>\n<p><span style=\"color: #008000\"><b>El impacto del trabajo de Explora Valpara\u00edso y rol del Consejo Asesor Transdisciplinar<\/b><\/span><\/p>\n<p><span style=\"font-weight: 400\">\u201cExplora Valpara\u00edso es un modelo educativo, pero tambi\u00e9n una red de trabajo. Su norte es apoyar el sistema escolar con miras al desarrollo cient\u00edfico (&#8230;) Actualmente contamos con 164 establecimientos escolares y jardines que est\u00e1n trabajando con nosotros, de ellos 102 son Academias Explora registradas y 88 son Duplas Pedag\u00f3gicas en PIPE, presentes en las 36 comunas de la regi\u00f3n y las 8 provincias que la componen\u201d As\u00ed dio inicio a sus palabras V\u00edctor Salinas Silva, director del Proyecto, enfatizando el alcance del programa.\u00a0 \u201cEn particular PAR Explora Valpara\u00edso evoluciona hoy no s\u00f3lo desde el \u00e1mbito de la divulgaci\u00f3n cient\u00edfica, sino en constituirse como base del ecosistema CTCI de la regi\u00f3n, relevando la incidencia que tienen los estudiantes y docentes que se desempe\u00f1an en Academias Explora\u201d, cerr\u00f3.<\/span><\/p>\n<p><span style=\"font-weight: 400\">El Director General de Vinculaci\u00f3n con el Medio de la PUCV, David Contreras Guzm\u00e1n, particip\u00f3 en las palabras de bienvenida destacando la trayectoria de la Universidad con el Proyecto Explora Valpara\u00edso y agradeciendo el espacio de cooperaci\u00f3n entre las casas de estudio presentes \u201cQuiero iniciar, a nombre del rector, dando un saludo a las universidades que nos acompa\u00f1an, UPLA, USM y UV porque en un contexto de un sistema universitario proclive a la competencia, esta instancia es un ejemplo de colaboraci\u00f3n entre casas de estudio. Tambi\u00e9n quiero agradecer la confianza que el Ministerio de Ciencia ha depositado en nosotros como instituci\u00f3n, con quien llevamos m\u00e1s de 20 a\u00f1os trabajando a trav\u00e9s del Proyecto Explora.\u201d El director tambi\u00e9n enfatiz\u00f3 la importancia de dar a conocer la labor de Explora al interior de las comunidades universitarias y en especial por los profesores en formaci\u00f3n de la regi\u00f3n \u201cpara favorecer cada conocimiento y aprendizaje que se realiza en el sistema escolar\u201d.\u00a0<\/span><\/p>\n<p><span style=\"font-weight: 400\">Isabel Hern\u00e1ndez Ortiz,\u00a0 representante de la regi\u00f3n de Valpara\u00edso en el Consejo de NNA del Ministerio de Ciencia, entreg\u00f3 un potente mensaje \u201cComo representante regional de Valpara\u00edso, como estudiante, como mujer, como habitante rural y como adolescente, quiero compartir con ustedes deseos para el futuro del Programa Explora. Que m\u00e1s ni\u00f1os, ni\u00f1as y j\u00f3venes se entusiasmen para participar en los espacios que Explora ofrece (&#8230;) Es importante que cada uno desde el lugar que ocupa se comprometa a contribuir con la inmensa labor de impulsar las mentes y que tenga el deseo de compartir con el mundo aquello que descubre.\u201d Finalmente, Isabel cerr\u00f3 mencionando \u201cSoy Isabel Hern\u00e1ndez, tengo 14 a\u00f1os y curso octavo b\u00e1sico, vivo en una zona rural llamada Valle Hermoso en La Ligua y gracias a Explora, pude realizar uno de mis mayores sue\u00f1os, generar un cambio positivo para las ni\u00f1as, ni\u00f1os y adolescentes de hoy\u201d<\/span><\/p>\n<p><span style=\"font-weight: 400\">Luego del acto de constituci\u00f3n del Consejo Asesor Transdisciplinar se dio apertura a la primera sesi\u00f3n en la que se proyect\u00f3 el trabajo para el ciclo 2023-2024 y se dio a conocer la estrategia regional del PAR Explora Valpara\u00edso.\u00a0<\/span><\/p>\n<p><span style=\"font-weight: 400\">El consejo transdisciplinar es una instancia que se plantea para cada regi\u00f3n del pa\u00eds, pero que, para el caso de Valpara\u00edso, toma una relevancia especial como un espacio de gobernanza que permite trazar las sinergias internas de la regi\u00f3n y fortalecer las instituciones que cada consejera y consejero representa.<\/span><\/p>\n<div id='gallery-1' class='gallery galleryid-43427 gallery-columns-3 gallery-size-thumbnail'><figure class='gallery-item'>\n\t\t\t<div class='gallery-icon landscape'>\n\t\t\t\t<a href='https:\/\/dev.explora.cl\/valparaiso\/explora-valparaiso-conforma-consejo-asesor-transdisciplinar-con-docentes-y-academicos-de-la-region\/foto-director-explora-victor-salinas-1\/'><img loading=\"lazy\" decoding=\"async\" width=\"150\" height=\"150\" src=\"https:\/\/dev.explora.cl\/valparaiso\/wp-content\/uploads\/sites\/7\/2023\/09\/Foto-Director-Explora-V\u00edctor-Salinas-1-150x150.jpg\" class=\"attachment-thumbnail size-thumbnail\" alt=\"\" aria-describedby=\"gallery-1-43428\" srcset=\"https:\/\/dev.explora.cl\/valparaiso\/wp-content\/uploads\/sites\/7\/2023\/09\/Foto-Director-Explora-V\u00edctor-Salinas-1-150x150.jpg 150w, https:\/\/dev.explora.cl\/valparaiso\/wp-content\/uploads\/sites\/7\/2023\/09\/Foto-Director-Explora-V\u00edctor-Salinas-1-300x300.jpg 300w, https:\/\/dev.explora.cl\/valparaiso\/wp-content\/uploads\/sites\/7\/2023\/09\/Foto-Director-Explora-V\u00edctor-Salinas-1-60x60.jpg 60w\" sizes=\"auto, (max-width: 150px) 100vw, 150px\" \/><\/a>\n\t\t\t<\/div>\n\t\t\t\t<figcaption class='wp-caption-text gallery-caption' id='gallery-1-43428'>\n\t\t\t\tDirector Explora V\u00edctor Salinas en palabras de bienvenida\n\t\t\t\t<\/figcaption><\/figure><figure class='gallery-item'>\n\t\t\t<div class='gallery-icon landscape'>\n\t\t\t\t<a href='https:\/\/dev.explora.cl\/valparaiso\/explora-valparaiso-conforma-consejo-asesor-transdisciplinar-con-docentes-y-academicos-de-la-region\/dscf1-68-copia\/'><img loading=\"lazy\" decoding=\"async\" width=\"150\" height=\"150\" src=\"https:\/\/dev.explora.cl\/valparaiso\/wp-content\/uploads\/sites\/7\/2023\/09\/DSCF1-68-copia-150x150.jpg\" class=\"attachment-thumbnail size-thumbnail\" alt=\"\" aria-describedby=\"gallery-1-43429\" srcset=\"https:\/\/dev.explora.cl\/valparaiso\/wp-content\/uploads\/sites\/7\/2023\/09\/DSCF1-68-copia-150x150.jpg 150w, https:\/\/dev.explora.cl\/valparaiso\/wp-content\/uploads\/sites\/7\/2023\/09\/DSCF1-68-copia-300x300.jpg 300w, https:\/\/dev.explora.cl\/valparaiso\/wp-content\/uploads\/sites\/7\/2023\/09\/DSCF1-68-copia-60x60.jpg 60w\" sizes=\"auto, (max-width: 150px) 100vw, 150px\" \/><\/a>\n\t\t\t<\/div>\n\t\t\t\t<figcaption class='wp-caption-text gallery-caption' id='gallery-1-43429'>\n\t\t\t\tIsabel Hern\u00e1ndez, representante de la regi\u00f3n de Valpara\u00edso en el Consejo de NNA del Ministerio de Ciencia durante su discurso en la ceremonia de bienvenida\n\t\t\t\t<\/figcaption><\/figure><figure class='gallery-item'>\n\t\t\t<div class='gallery-icon landscape'>\n\t\t\t\t<a href='https:\/\/dev.explora.cl\/valparaiso\/explora-valparaiso-conforma-consejo-asesor-transdisciplinar-con-docentes-y-academicos-de-la-region\/dscf1-82-copia\/'><img loading=\"lazy\" decoding=\"async\" width=\"150\" height=\"150\" src=\"https:\/\/dev.explora.cl\/valparaiso\/wp-content\/uploads\/sites\/7\/2023\/09\/DSCF1-82-copia-150x150.jpg\" class=\"attachment-thumbnail size-thumbnail\" alt=\"\" aria-describedby=\"gallery-1-43430\" srcset=\"https:\/\/dev.explora.cl\/valparaiso\/wp-content\/uploads\/sites\/7\/2023\/09\/DSCF1-82-copia-150x150.jpg 150w, https:\/\/dev.explora.cl\/valparaiso\/wp-content\/uploads\/sites\/7\/2023\/09\/DSCF1-82-copia-300x300.jpg 300w, https:\/\/dev.explora.cl\/valparaiso\/wp-content\/uploads\/sites\/7\/2023\/09\/DSCF1-82-copia-60x60.jpg 60w\" sizes=\"auto, (max-width: 150px) 100vw, 150px\" \/><\/a>\n\t\t\t<\/div>\n\t\t\t\t<figcaption class='wp-caption-text gallery-caption' id='gallery-1-43430'>\n\t\t\t\tConsejera Johanna Vilches, profesora del Liceo H\u00e9roes de Chile de Limache en ceremonia de investidura\n\t\t\t\t<\/figcaption><\/figure><figure class='gallery-item'>\n\t\t\t<div class='gallery-icon landscape'>\n\t\t\t\t<a href='https:\/\/dev.explora.cl\/valparaiso\/explora-valparaiso-conforma-consejo-asesor-transdisciplinar-con-docentes-y-academicos-de-la-region\/dscf1-84-copia\/'><img loading=\"lazy\" decoding=\"async\" width=\"150\" height=\"150\" src=\"https:\/\/dev.explora.cl\/valparaiso\/wp-content\/uploads\/sites\/7\/2023\/09\/DSCF1-84-copia-150x150.jpg\" class=\"attachment-thumbnail size-thumbnail\" alt=\"\" aria-describedby=\"gallery-1-43431\" srcset=\"https:\/\/dev.explora.cl\/valparaiso\/wp-content\/uploads\/sites\/7\/2023\/09\/DSCF1-84-copia-150x150.jpg 150w, https:\/\/dev.explora.cl\/valparaiso\/wp-content\/uploads\/sites\/7\/2023\/09\/DSCF1-84-copia-300x300.jpg 300w, https:\/\/dev.explora.cl\/valparaiso\/wp-content\/uploads\/sites\/7\/2023\/09\/DSCF1-84-copia-60x60.jpg 60w\" sizes=\"auto, (max-width: 150px) 100vw, 150px\" \/><\/a>\n\t\t\t<\/div>\n\t\t\t\t<figcaption class='wp-caption-text gallery-caption' id='gallery-1-43431'>\n\t\t\t\tConsejero Pablo Malhue, profesor del Instituto Comercial Mar\u00edtimo de San Antonio en ceremonia de investidura \n\t\t\t\t<\/figcaption><\/figure><figure class='gallery-item'>\n\t\t\t<div class='gallery-icon landscape'>\n\t\t\t\t<a href='https:\/\/dev.explora.cl\/valparaiso\/explora-valparaiso-conforma-consejo-asesor-transdisciplinar-con-docentes-y-academicos-de-la-region\/dscf1-88-copia\/'><img loading=\"lazy\" decoding=\"async\" width=\"150\" height=\"150\" src=\"https:\/\/dev.explora.cl\/valparaiso\/wp-content\/uploads\/sites\/7\/2023\/09\/DSCF1-88-copia-150x150.jpg\" class=\"attachment-thumbnail size-thumbnail\" alt=\"\" aria-describedby=\"gallery-1-43432\" srcset=\"https:\/\/dev.explora.cl\/valparaiso\/wp-content\/uploads\/sites\/7\/2023\/09\/DSCF1-88-copia-150x150.jpg 150w, https:\/\/dev.explora.cl\/valparaiso\/wp-content\/uploads\/sites\/7\/2023\/09\/DSCF1-88-copia-300x300.jpg 300w, https:\/\/dev.explora.cl\/valparaiso\/wp-content\/uploads\/sites\/7\/2023\/09\/DSCF1-88-copia-60x60.jpg 60w\" sizes=\"auto, (max-width: 150px) 100vw, 150px\" \/><\/a>\n\t\t\t<\/div>\n\t\t\t\t<figcaption class='wp-caption-text gallery-caption' id='gallery-1-43432'>\n\t\t\t\tConsejero UPLA Tom\u00e1s Reyes junto a Carolina Santelices, Directora General de Investigaci\u00f3n (s) UPLA  \n\t\t\t\t<\/figcaption><\/figure><figure class='gallery-item'>\n\t\t\t<div class='gallery-icon landscape'>\n\t\t\t\t<a href='https:\/\/dev.explora.cl\/valparaiso\/explora-valparaiso-conforma-consejo-asesor-transdisciplinar-con-docentes-y-academicos-de-la-region\/dscf1-92-copia\/'><img loading=\"lazy\" decoding=\"async\" width=\"150\" height=\"150\" src=\"https:\/\/dev.explora.cl\/valparaiso\/wp-content\/uploads\/sites\/7\/2023\/09\/DSCF1-92-copia-150x150.jpg\" class=\"attachment-thumbnail size-thumbnail\" alt=\"\" aria-describedby=\"gallery-1-43433\" srcset=\"https:\/\/dev.explora.cl\/valparaiso\/wp-content\/uploads\/sites\/7\/2023\/09\/DSCF1-92-copia-150x150.jpg 150w, https:\/\/dev.explora.cl\/valparaiso\/wp-content\/uploads\/sites\/7\/2023\/09\/DSCF1-92-copia-300x300.jpg 300w, https:\/\/dev.explora.cl\/valparaiso\/wp-content\/uploads\/sites\/7\/2023\/09\/DSCF1-92-copia-60x60.jpg 60w\" sizes=\"auto, (max-width: 150px) 100vw, 150px\" \/><\/a>\n\t\t\t<\/div>\n\t\t\t\t<figcaption class='wp-caption-text gallery-caption' id='gallery-1-43433'>\n\t\t\t\tConsejera USM Nina Hormaz\u00e1bal (derecha) junto a Mar\u00eda Jos\u00e9 Escobar, Directora General de Vinculaci\u00f3n con el Medio USM  \n\t\t\t\t<\/figcaption><\/figure><figure class='gallery-item'>\n\t\t\t<div class='gallery-icon landscape'>\n\t\t\t\t<a href='https:\/\/dev.explora.cl\/valparaiso\/explora-valparaiso-conforma-consejo-asesor-transdisciplinar-con-docentes-y-academicos-de-la-region\/dscf1-95-copia\/'><img loading=\"lazy\" decoding=\"async\" width=\"150\" height=\"150\" src=\"https:\/\/dev.explora.cl\/valparaiso\/wp-content\/uploads\/sites\/7\/2023\/09\/DSCF1-95-copia-150x150.jpg\" class=\"attachment-thumbnail size-thumbnail\" alt=\"\" aria-describedby=\"gallery-1-43434\" srcset=\"https:\/\/dev.explora.cl\/valparaiso\/wp-content\/uploads\/sites\/7\/2023\/09\/DSCF1-95-copia-150x150.jpg 150w, https:\/\/dev.explora.cl\/valparaiso\/wp-content\/uploads\/sites\/7\/2023\/09\/DSCF1-95-copia-300x300.jpg 300w, https:\/\/dev.explora.cl\/valparaiso\/wp-content\/uploads\/sites\/7\/2023\/09\/DSCF1-95-copia-60x60.jpg 60w\" sizes=\"auto, (max-width: 150px) 100vw, 150px\" \/><\/a>\n\t\t\t<\/div>\n\t\t\t\t<figcaption class='wp-caption-text gallery-caption' id='gallery-1-43434'>\n\t\t\t\tConsejera UV Pilar Mu\u00f1oz (derecha) junto a Nicole Selam\u00e9 Glena, Secretaria General UV\n\t\t\t\t<\/figcaption><\/figure><figure class='gallery-item'>\n\t\t\t<div class='gallery-icon landscape'>\n\t\t\t\t<a href='https:\/\/dev.explora.cl\/valparaiso\/explora-valparaiso-conforma-consejo-asesor-transdisciplinar-con-docentes-y-academicos-de-la-region\/dscf1-47-copia\/'><img loading=\"lazy\" decoding=\"async\" width=\"150\" height=\"150\" src=\"https:\/\/dev.explora.cl\/valparaiso\/wp-content\/uploads\/sites\/7\/2023\/09\/DSCF1-47-copia-150x150.jpg\" class=\"attachment-thumbnail size-thumbnail\" alt=\"\" aria-describedby=\"gallery-1-43435\" srcset=\"https:\/\/dev.explora.cl\/valparaiso\/wp-content\/uploads\/sites\/7\/2023\/09\/DSCF1-47-copia-150x150.jpg 150w, https:\/\/dev.explora.cl\/valparaiso\/wp-content\/uploads\/sites\/7\/2023\/09\/DSCF1-47-copia-300x300.jpg 300w, https:\/\/dev.explora.cl\/valparaiso\/wp-content\/uploads\/sites\/7\/2023\/09\/DSCF1-47-copia-60x60.jpg 60w\" sizes=\"auto, (max-width: 150px) 100vw, 150px\" \/><\/a>\n\t\t\t<\/div>\n\t\t\t\t<figcaption class='wp-caption-text gallery-caption' id='gallery-1-43435'>\n\t\t\t\tEl Director General de Vinculaci\u00f3n con el Medio PUCV, David Contreras Guzm\u00e1n durante el discurso de bienvenida\n\t\t\t\t<\/figcaption><\/figure><figure class='gallery-item'>\n\t\t\t<div class='gallery-icon landscape'>\n\t\t\t\t<a href='https:\/\/dev.explora.cl\/valparaiso\/explora-valparaiso-conforma-consejo-asesor-transdisciplinar-con-docentes-y-academicos-de-la-region\/dscf1-216-copia\/'><img loading=\"lazy\" decoding=\"async\" width=\"150\" height=\"150\" src=\"https:\/\/dev.explora.cl\/valparaiso\/wp-content\/uploads\/sites\/7\/2023\/09\/DSCF1-216-copia-150x150.jpg\" class=\"attachment-thumbnail size-thumbnail\" alt=\"\" aria-describedby=\"gallery-1-43436\" srcset=\"https:\/\/dev.explora.cl\/valparaiso\/wp-content\/uploads\/sites\/7\/2023\/09\/DSCF1-216-copia-150x150.jpg 150w, https:\/\/dev.explora.cl\/valparaiso\/wp-content\/uploads\/sites\/7\/2023\/09\/DSCF1-216-copia-300x300.jpg 300w, https:\/\/dev.explora.cl\/valparaiso\/wp-content\/uploads\/sites\/7\/2023\/09\/DSCF1-216-copia-60x60.jpg 60w\" sizes=\"auto, (max-width: 150px) 100vw, 150px\" \/><\/a>\n\t\t\t<\/div>\n\t\t\t\t<figcaption class='wp-caption-text gallery-caption' id='gallery-1-43436'>\n\t\t\t\tPrimera sesi\u00f3n del Consejo Asesor Transdisciplinar de Explora Valpara\u00edso\n\t\t\t\t<\/figcaption><\/figure><figure class='gallery-item'>\n\t\t\t<div class='gallery-icon landscape'>\n\t\t\t\t<a href='https:\/\/dev.explora.cl\/valparaiso\/explora-valparaiso-conforma-consejo-asesor-transdisciplinar-con-docentes-y-academicos-de-la-region\/dscf1-100-copia\/'><img loading=\"lazy\" decoding=\"async\" width=\"150\" height=\"150\" src=\"https:\/\/dev.explora.cl\/valparaiso\/wp-content\/uploads\/sites\/7\/2023\/09\/DSCF1-100-copia-150x150.jpg\" class=\"attachment-thumbnail size-thumbnail\" alt=\"\" aria-describedby=\"gallery-1-43437\" srcset=\"https:\/\/dev.explora.cl\/valparaiso\/wp-content\/uploads\/sites\/7\/2023\/09\/DSCF1-100-copia-150x150.jpg 150w, https:\/\/dev.explora.cl\/valparaiso\/wp-content\/uploads\/sites\/7\/2023\/09\/DSCF1-100-copia-300x300.jpg 300w, https:\/\/dev.explora.cl\/valparaiso\/wp-content\/uploads\/sites\/7\/2023\/09\/DSCF1-100-copia-60x60.jpg 60w\" sizes=\"auto, (max-width: 150px) 100vw, 150px\" \/><\/a>\n\t\t\t<\/div>\n\t\t\t\t<figcaption class='wp-caption-text gallery-caption' id='gallery-1-43437'>\n\t\t\t\tConsejero PUCV Cristian Atala Bianchi junto al Director General de Vinculaci\u00f3n con el Medio PUCV, David Contreras Guzm\u00e1n\n\t\t\t\t<\/figcaption><\/figure><figure class='gallery-item'>\n\t\t\t<div class='gallery-icon landscape'>\n\t\t\t\t<a href='https:\/\/dev.explora.cl\/valparaiso\/explora-valparaiso-conforma-consejo-asesor-transdisciplinar-con-docentes-y-academicos-de-la-region\/dscf1-103-copia\/'><img loading=\"lazy\" decoding=\"async\" width=\"150\" height=\"150\" src=\"https:\/\/dev.explora.cl\/valparaiso\/wp-content\/uploads\/sites\/7\/2023\/09\/DSCF1-103-copia-150x150.jpg\" class=\"attachment-thumbnail size-thumbnail\" alt=\"\" aria-describedby=\"gallery-1-43438\" srcset=\"https:\/\/dev.explora.cl\/valparaiso\/wp-content\/uploads\/sites\/7\/2023\/09\/DSCF1-103-copia-150x150.jpg 150w, https:\/\/dev.explora.cl\/valparaiso\/wp-content\/uploads\/sites\/7\/2023\/09\/DSCF1-103-copia-300x300.jpg 300w, https:\/\/dev.explora.cl\/valparaiso\/wp-content\/uploads\/sites\/7\/2023\/09\/DSCF1-103-copia-60x60.jpg 60w\" sizes=\"auto, (max-width: 150px) 100vw, 150px\" \/><\/a>\n\t\t\t<\/div>\n\t\t\t\t<figcaption class='wp-caption-text gallery-caption' id='gallery-1-43438'>\n\t\t\t\tConsejera PUCV Damaris Collao Donoso, junto al Director General VCM\n\t\t\t\t<\/figcaption><\/figure><figure class='gallery-item'>\n\t\t\t<div class='gallery-icon landscape'>\n\t\t\t\t<a href='https:\/\/dev.explora.cl\/valparaiso\/explora-valparaiso-conforma-consejo-asesor-transdisciplinar-con-docentes-y-academicos-de-la-region\/dscf1-104-copia\/'><img loading=\"lazy\" decoding=\"async\" width=\"150\" height=\"150\" src=\"https:\/\/dev.explora.cl\/valparaiso\/wp-content\/uploads\/sites\/7\/2023\/09\/DSCF1-104-copia-150x150.jpg\" class=\"attachment-thumbnail size-thumbnail\" alt=\"\" aria-describedby=\"gallery-1-43439\" srcset=\"https:\/\/dev.explora.cl\/valparaiso\/wp-content\/uploads\/sites\/7\/2023\/09\/DSCF1-104-copia-150x150.jpg 150w, https:\/\/dev.explora.cl\/valparaiso\/wp-content\/uploads\/sites\/7\/2023\/09\/DSCF1-104-copia-300x300.jpg 300w, https:\/\/dev.explora.cl\/valparaiso\/wp-content\/uploads\/sites\/7\/2023\/09\/DSCF1-104-copia-60x60.jpg 60w\" sizes=\"auto, (max-width: 150px) 100vw, 150px\" \/><\/a>\n\t\t\t<\/div>\n\t\t\t\t<figcaption class='wp-caption-text gallery-caption' id='gallery-1-43439'>\n\t\t\t\tConsejero Jorge Negrete Sep\u00falveda, junto al Director General VGM PUCV\n\t\t\t\t<\/figcaption><\/figure><figure class='gallery-item'>\n\t\t\t<div class='gallery-icon landscape'>\n\t\t\t\t<a href='https:\/\/dev.explora.cl\/valparaiso\/explora-valparaiso-conforma-consejo-asesor-transdisciplinar-con-docentes-y-academicos-de-la-region\/dscf1-109-copia\/'><img loading=\"lazy\" decoding=\"async\" width=\"150\" height=\"150\" src=\"https:\/\/dev.explora.cl\/valparaiso\/wp-content\/uploads\/sites\/7\/2023\/09\/DSCF1-109-copia-150x150.jpg\" class=\"attachment-thumbnail size-thumbnail\" alt=\"\" aria-describedby=\"gallery-1-43440\" srcset=\"https:\/\/dev.explora.cl\/valparaiso\/wp-content\/uploads\/sites\/7\/2023\/09\/DSCF1-109-copia-150x150.jpg 150w, https:\/\/dev.explora.cl\/valparaiso\/wp-content\/uploads\/sites\/7\/2023\/09\/DSCF1-109-copia-300x300.jpg 300w, https:\/\/dev.explora.cl\/valparaiso\/wp-content\/uploads\/sites\/7\/2023\/09\/DSCF1-109-copia-60x60.jpg 60w\" sizes=\"auto, (max-width: 150px) 100vw, 150px\" \/><\/a>\n\t\t\t<\/div>\n\t\t\t\t<figcaption class='wp-caption-text gallery-caption' id='gallery-1-43440'>\n\t\t\t\tEn representaci\u00f3n de la Consejera PUCV, Paula Soto Lillo, recibe la investidura Ricardo Iglesias, Director del Instituto de Historia PUCV \n\t\t\t\t<\/figcaption><\/figure><figure class='gallery-item'>\n\t\t\t<div class='gallery-icon landscape'>\n\t\t\t\t<a href='https:\/\/dev.explora.cl\/valparaiso\/explora-valparaiso-conforma-consejo-asesor-transdisciplinar-con-docentes-y-academicos-de-la-region\/dscf1-212-copia\/'><img loading=\"lazy\" decoding=\"async\" width=\"150\" height=\"150\" src=\"https:\/\/dev.explora.cl\/valparaiso\/wp-content\/uploads\/sites\/7\/2023\/09\/DSCF1-212-copia-150x150.jpg\" class=\"attachment-thumbnail size-thumbnail\" alt=\"\" aria-describedby=\"gallery-1-43441\" srcset=\"https:\/\/dev.explora.cl\/valparaiso\/wp-content\/uploads\/sites\/7\/2023\/09\/DSCF1-212-copia-150x150.jpg 150w, https:\/\/dev.explora.cl\/valparaiso\/wp-content\/uploads\/sites\/7\/2023\/09\/DSCF1-212-copia-300x300.jpg 300w, https:\/\/dev.explora.cl\/valparaiso\/wp-content\/uploads\/sites\/7\/2023\/09\/DSCF1-212-copia-60x60.jpg 60w\" sizes=\"auto, (max-width: 150px) 100vw, 150px\" \/><\/a>\n\t\t\t<\/div>\n\t\t\t\t<figcaption class='wp-caption-text gallery-caption' id='gallery-1-43441'>\n\t\t\t\tEquipo Explora Valpara\u00edso junto a representante de Valpara\u00edso en Consejo NNA del Ministerio de Ciencia, Isabel Hern\u00e1ndez\n\t\t\t\t<\/figcaption><\/figure><figure class='gallery-item'>\n\t\t\t<div class='gallery-icon landscape'>\n\t\t\t\t<a href='https:\/\/dev.explora.cl\/valparaiso\/explora-valparaiso-conforma-consejo-asesor-transdisciplinar-con-docentes-y-academicos-de-la-region\/dscf1-395-copia\/'><img loading=\"lazy\" decoding=\"async\" width=\"150\" height=\"150\" src=\"https:\/\/dev.explora.cl\/valparaiso\/wp-content\/uploads\/sites\/7\/2023\/09\/DSCF1-395-copia-150x150.jpg\" class=\"attachment-thumbnail size-thumbnail\" alt=\"\" aria-describedby=\"gallery-1-43442\" srcset=\"https:\/\/dev.explora.cl\/valparaiso\/wp-content\/uploads\/sites\/7\/2023\/09\/DSCF1-395-copia-150x150.jpg 150w, https:\/\/dev.explora.cl\/valparaiso\/wp-content\/uploads\/sites\/7\/2023\/09\/DSCF1-395-copia-300x300.jpg 300w, https:\/\/dev.explora.cl\/valparaiso\/wp-content\/uploads\/sites\/7\/2023\/09\/DSCF1-395-copia-60x60.jpg 60w\" sizes=\"auto, (max-width: 150px) 100vw, 150px\" \/><\/a>\n\t\t\t<\/div>\n\t\t\t\t<figcaption class='wp-caption-text gallery-caption' id='gallery-1-43442'>\n\t\t\t\tEquipo Explora Valpara\u00edso presentando las l\u00edneas de trabajo a desarrollarse durante 2023-2024 durante la primera sesi\u00f3n\n\t\t\t\t<\/figcaption><\/figure><figure class='gallery-item'>\n\t\t\t<div class='gallery-icon landscape'>\n\t\t\t\t<a href='https:\/\/dev.explora.cl\/valparaiso\/explora-valparaiso-conforma-consejo-asesor-transdisciplinar-con-docentes-y-academicos-de-la-region\/dscf1-123-copia\/'><img loading=\"lazy\" decoding=\"async\" width=\"150\" height=\"150\" src=\"https:\/\/dev.explora.cl\/valparaiso\/wp-content\/uploads\/sites\/7\/2023\/09\/DSCF1-123-copia-150x150.jpg\" class=\"attachment-thumbnail size-thumbnail\" alt=\"\" aria-describedby=\"gallery-1-43450\" srcset=\"https:\/\/dev.explora.cl\/valparaiso\/wp-content\/uploads\/sites\/7\/2023\/09\/DSCF1-123-copia-150x150.jpg 150w, https:\/\/dev.explora.cl\/valparaiso\/wp-content\/uploads\/sites\/7\/2023\/09\/DSCF1-123-copia-300x300.jpg 300w, https:\/\/dev.explora.cl\/valparaiso\/wp-content\/uploads\/sites\/7\/2023\/09\/DSCF1-123-copia-60x60.jpg 60w\" sizes=\"auto, (max-width: 150px) 100vw, 150px\" \/><\/a>\n\t\t\t<\/div>\n\t\t\t\t<figcaption class='wp-caption-text gallery-caption' id='gallery-1-43450'>\n\t\t\t\tAcompa\u00f1aron en la ceremonia, Sebasti\u00e1n D\u00edaz en representaci\u00f3n de Seremi Ciencia Macrozona Centro, Marisol G\u00f3mez y Claudia Morales en representaci\u00f3n del Programa Explora  \n\t\t\t\t<\/figcaption><\/figure>\n\t\t<\/div>\n\n","protected":false},"excerpt":{"rendered":"<p>El jueves 14 de septiembre en la Casa Central de la PUCV, se realiz\u00f3 el acto de constituci\u00f3n del Consejo Asesor Transdisciplinar del PAR Explora Valpara\u00edso, instancia que convoc\u00f3 a autoridades de la Pontificia Universidad Cat\u00f3lica de Valpara\u00edso, Universidad de Playa Ancha, Universidad T\u00e9cnica Federico Santa Mar\u00eda, Universidad de Valpara\u00edso y representantes del mundo escolar.<\/p>\n","protected":false},"author":22,"featured_media":43443,"comment_status":"open","ping_status":"open","sticky":false,"template":"","format":"standard","meta":{"_acf_changed":false,"_exactmetrics_skip_tracking":false,"_exactmetrics_sitenote_active":false,"_exactmetrics_sitenote_note":"","_exactmetrics_sitenote_category":0,"footnotes":"","_links_to":"","_links_to_target":""},"categories":[141,4,116,121,126],"tags":[1320,1318,186,1319,844,362,851],"class_list":["post-43427","post","type-post","status-publish","format-standard","has-post-thumbnail","hentry","category-lugar-6","category-noticias","category-para-comunidad-escolar","category-para-divulgadores","category-para-publico-general","tag-competencias-cientificas-de-nna","tag-consejo-transdisciplinar","tag-pucv","tag-universidades-del-cruv","tag-upla","tag-usm","tag-uv"],"acf":[],"yoast_head":"<!-- This site is optimized with the Yoast SEO plugin v26.7 - https:\/\/yoast.com\/wordpress\/plugins\/seo\/ -->\n<title>Explora Valpara\u00edso conforma Consejo Asesor Transdisciplinar con docentes y acad\u00e9micos de la regi\u00f3n - Valpara\u00edso<\/title>\n<meta name=\"robots\" content=\"index, follow, max-snippet:-1, max-image-preview:large, max-video-preview:-1\" \/>\n<link rel=\"canonical\" href=\"https:\/\/dev.explora.cl\/valparaiso\/explora-valparaiso-conforma-consejo-asesor-transdisciplinar-con-docentes-y-academicos-de-la-region\/\" class=\"yoast-seo-meta-tag\" \/>\n<meta property=\"og:locale\" content=\"es_ES\" class=\"yoast-seo-meta-tag\" \/>\n<meta property=\"og:type\" content=\"article\" class=\"yoast-seo-meta-tag\" \/>\n<meta property=\"og:title\" content=\"Explora Valpara\u00edso conforma Consejo Asesor Transdisciplinar con docentes y acad\u00e9micos de la regi\u00f3n - Valpara\u00edso\" class=\"yoast-seo-meta-tag\" \/>\n<meta property=\"og:description\" content=\"El jueves 14 de septiembre en la Casa Central de la PUCV, se realiz\u00f3 el acto de constituci\u00f3n del Consejo Asesor Transdisciplinar del PAR Explora Valpara\u00edso, instancia que convoc\u00f3 a autoridades de la Pontificia Universidad Cat\u00f3lica de Valpara\u00edso, Universidad de Playa Ancha, Universidad T\u00e9cnica Federico Santa Mar\u00eda, Universidad de Valpara\u00edso y representantes del mundo escolar.\" class=\"yoast-seo-meta-tag\" \/>\n<meta property=\"og:url\" content=\"https:\/\/dev.explora.cl\/valparaiso\/explora-valparaiso-conforma-consejo-asesor-transdisciplinar-con-docentes-y-academicos-de-la-region\/\" class=\"yoast-seo-meta-tag\" \/>\n<meta property=\"og:site_name\" content=\"Valpara\u00edso\" class=\"yoast-seo-meta-tag\" \/>\n<meta property=\"article:published_time\" content=\"2023-09-15T14:27:45+00:00\" class=\"yoast-seo-meta-tag\" \/>\n<meta property=\"article:modified_time\" content=\"2024-03-12T15:45:26+00:00\" class=\"yoast-seo-meta-tag\" \/>\n<meta property=\"og:image\" content=\"https:\/\/dev.explora.cl\/valparaiso\/wp-content\/uploads\/sites\/7\/2023\/09\/DSCF1-432-copia.jpg\" class=\"yoast-seo-meta-tag\" \/>\n\t<meta property=\"og:image:width\" content=\"1800\" class=\"yoast-seo-meta-tag\" \/>\n\t<meta property=\"og:image:height\" content=\"1200\" class=\"yoast-seo-meta-tag\" \/>\n\t<meta property=\"og:image:type\" content=\"image\/jpeg\" class=\"yoast-seo-meta-tag\" \/>\n<meta name=\"author\" content=\"jcastaneda\" class=\"yoast-seo-meta-tag\" \/>\n<meta name=\"twitter:card\" content=\"summary_large_image\" class=\"yoast-seo-meta-tag\" \/>\n<meta name=\"twitter:label1\" content=\"Escrito por\" class=\"yoast-seo-meta-tag\" \/>\n\t<meta name=\"twitter:data1\" content=\"jcastaneda\" class=\"yoast-seo-meta-tag\" \/>\n\t<meta name=\"twitter:label2\" content=\"Tiempo estimado de lectura\" class=\"yoast-seo-meta-tag\" \/>\n\t<meta name=\"twitter:data2\" content=\"5 minutos\" class=\"yoast-seo-meta-tag\" \/>\n<script type=\"application\/ld+json\" class=\"yoast-schema-graph\">{\"@context\":\"https:\/\/schema.org\",\"@graph\":[{\"@type\":\"Article\",\"@id\":\"https:\/\/dev.explora.cl\/valparaiso\/explora-valparaiso-conforma-consejo-asesor-transdisciplinar-con-docentes-y-academicos-de-la-region\/#article\",\"isPartOf\":{\"@id\":\"https:\/\/dev.explora.cl\/valparaiso\/explora-valparaiso-conforma-consejo-asesor-transdisciplinar-con-docentes-y-academicos-de-la-region\/\"},\"author\":{\"name\":\"jcastaneda\",\"@id\":\"https:\/\/dev.explora.cl\/valparaiso\/#\/schema\/person\/c15e69495b8dbe0af0102f6bca43ba5d\"},\"headline\":\"Explora Valpara\u00edso conforma Consejo Asesor Transdisciplinar con docentes y acad\u00e9micos de la regi\u00f3n\",\"datePublished\":\"2023-09-15T14:27:45+00:00\",\"dateModified\":\"2024-03-12T15:45:26+00:00\",\"mainEntityOfPage\":{\"@id\":\"https:\/\/dev.explora.cl\/valparaiso\/explora-valparaiso-conforma-consejo-asesor-transdisciplinar-con-docentes-y-academicos-de-la-region\/\"},\"wordCount\":989,\"commentCount\":0,\"publisher\":{\"@id\":\"https:\/\/dev.explora.cl\/valparaiso\/#organization\"},\"image\":{\"@id\":\"https:\/\/dev.explora.cl\/valparaiso\/explora-valparaiso-conforma-consejo-asesor-transdisciplinar-con-docentes-y-academicos-de-la-region\/#primaryimage\"},\"thumbnailUrl\":\"https:\/\/dev.explora.cl\/valparaiso\/wp-content\/uploads\/sites\/7\/2023\/09\/DSCF1-432-copia.jpg\",\"keywords\":[\"Competencias cient\u00edficas de NNA\",\"Consejo Transdisciplinar\",\"pucv\",\"Universidades del CRUV\",\"upla\",\"USM\",\"UV\"],\"articleSection\":[\"Lugar 6\",\"Noticias\",\"Para Comunidad Escolar\",\"Para Divulgadores\",\"Para P\u00fablico General\"],\"inLanguage\":\"es-CL\",\"potentialAction\":[{\"@type\":\"CommentAction\",\"name\":\"Comment\",\"target\":[\"https:\/\/dev.explora.cl\/valparaiso\/explora-valparaiso-conforma-consejo-asesor-transdisciplinar-con-docentes-y-academicos-de-la-region\/#respond\"]}]},{\"@type\":\"WebPage\",\"@id\":\"https:\/\/dev.explora.cl\/valparaiso\/explora-valparaiso-conforma-consejo-asesor-transdisciplinar-con-docentes-y-academicos-de-la-region\/\",\"url\":\"https:\/\/dev.explora.cl\/valparaiso\/explora-valparaiso-conforma-consejo-asesor-transdisciplinar-con-docentes-y-academicos-de-la-region\/\",\"name\":\"Explora Valpara\u00edso conforma Consejo Asesor Transdisciplinar con docentes y acad\u00e9micos de la regi\u00f3n - Valpara\u00edso\",\"isPartOf\":{\"@id\":\"https:\/\/dev.explora.cl\/valparaiso\/#website\"},\"primaryImageOfPage\":{\"@id\":\"https:\/\/dev.explora.cl\/valparaiso\/explora-valparaiso-conforma-consejo-asesor-transdisciplinar-con-docentes-y-academicos-de-la-region\/#primaryimage\"},\"image\":{\"@id\":\"https:\/\/dev.explora.cl\/valparaiso\/explora-valparaiso-conforma-consejo-asesor-transdisciplinar-con-docentes-y-academicos-de-la-region\/#primaryimage\"},\"thumbnailUrl\":\"https:\/\/dev.explora.cl\/valparaiso\/wp-content\/uploads\/sites\/7\/2023\/09\/DSCF1-432-copia.jpg\",\"datePublished\":\"2023-09-15T14:27:45+00:00\",\"dateModified\":\"2024-03-12T15:45:26+00:00\",\"breadcrumb\":{\"@id\":\"https:\/\/dev.explora.cl\/valparaiso\/explora-valparaiso-conforma-consejo-asesor-transdisciplinar-con-docentes-y-academicos-de-la-region\/#breadcrumb\"},\"inLanguage\":\"es-CL\",\"potentialAction\":[{\"@type\":\"ReadAction\",\"target\":[\"https:\/\/dev.explora.cl\/valparaiso\/explora-valparaiso-conforma-consejo-asesor-transdisciplinar-con-docentes-y-academicos-de-la-region\/\"]}]},{\"@type\":\"ImageObject\",\"inLanguage\":\"es-CL\",\"@id\":\"https:\/\/dev.explora.cl\/valparaiso\/explora-valparaiso-conforma-consejo-asesor-transdisciplinar-con-docentes-y-academicos-de-la-region\/#primaryimage\",\"url\":\"https:\/\/dev.explora.cl\/valparaiso\/wp-content\/uploads\/sites\/7\/2023\/09\/DSCF1-432-copia.jpg\",\"contentUrl\":\"https:\/\/dev.explora.cl\/valparaiso\/wp-content\/uploads\/sites\/7\/2023\/09\/DSCF1-432-copia.jpg\",\"width\":1800,\"height\":1200},{\"@type\":\"BreadcrumbList\",\"@id\":\"https:\/\/dev.explora.cl\/valparaiso\/explora-valparaiso-conforma-consejo-asesor-transdisciplinar-con-docentes-y-academicos-de-la-region\/#breadcrumb\",\"itemListElement\":[{\"@type\":\"ListItem\",\"position\":1,\"name\":\"Portada\",\"item\":\"https:\/\/dev.explora.cl\/valparaiso\/\"},{\"@type\":\"ListItem\",\"position\":2,\"name\":\"Explora Valpara\u00edso conforma Consejo Asesor Transdisciplinar con docentes y acad\u00e9micos de la regi\u00f3n\"}]},{\"@type\":\"WebSite\",\"@id\":\"https:\/\/dev.explora.cl\/valparaiso\/#website\",\"url\":\"https:\/\/dev.explora.cl\/valparaiso\/\",\"name\":\"Valpara\u00edso\",\"description\":\"Otro sitio m\u00e1s de dev.explora.cl\",\"publisher\":{\"@id\":\"https:\/\/dev.explora.cl\/valparaiso\/#organization\"},\"potentialAction\":[{\"@type\":\"SearchAction\",\"target\":{\"@type\":\"EntryPoint\",\"urlTemplate\":\"https:\/\/dev.explora.cl\/valparaiso\/?s={search_term_string}\"},\"query-input\":{\"@type\":\"PropertyValueSpecification\",\"valueRequired\":true,\"valueName\":\"search_term_string\"}}],\"inLanguage\":\"es-CL\"},{\"@type\":\"Organization\",\"@id\":\"https:\/\/dev.explora.cl\/valparaiso\/#organization\",\"name\":\"Valpara\u00edso\",\"url\":\"https:\/\/dev.explora.cl\/valparaiso\/\",\"logo\":{\"@type\":\"ImageObject\",\"inLanguage\":\"es-CL\",\"@id\":\"https:\/\/dev.explora.cl\/valparaiso\/#\/schema\/logo\/image\/\",\"url\":\"https:\/\/dev.explora.cl\/valparaiso\/wp-content\/uploads\/sites\/7\/2019\/06\/cropped-logo-explora-color.jpg\",\"contentUrl\":\"https:\/\/dev.explora.cl\/valparaiso\/wp-content\/uploads\/sites\/7\/2019\/06\/cropped-logo-explora-color.jpg\",\"width\":2035,\"height\":584,\"caption\":\"Valpara\u00edso\"},\"image\":{\"@id\":\"https:\/\/dev.explora.cl\/valparaiso\/#\/schema\/logo\/image\/\"}},{\"@type\":\"Person\",\"@id\":\"https:\/\/dev.explora.cl\/valparaiso\/#\/schema\/person\/c15e69495b8dbe0af0102f6bca43ba5d\",\"name\":\"jcastaneda\",\"image\":{\"@type\":\"ImageObject\",\"inLanguage\":\"es-CL\",\"@id\":\"https:\/\/dev.explora.cl\/valparaiso\/#\/schema\/person\/image\/\",\"url\":\"https:\/\/secure.gravatar.com\/avatar\/f26661a8eef2f6444d9633928ef0219fd69e41c5be1ef5ef16afeee7cd4df675?s=96&d=mm&r=g\",\"contentUrl\":\"https:\/\/secure.gravatar.com\/avatar\/f26661a8eef2f6444d9633928ef0219fd69e41c5be1ef5ef16afeee7cd4df675?s=96&d=mm&r=g\",\"caption\":\"jcastaneda\"},\"url\":\"https:\/\/dev.explora.cl\/valparaiso\/author\/jcastaneda\/\"}]}<\/script>\n<!-- \/ Yoast SEO plugin. -->","yoast_head_json":{"title":"Explora Valpara\u00edso conforma Consejo Asesor Transdisciplinar con docentes y acad\u00e9micos de la regi\u00f3n - Valpara\u00edso","robots":{"index":"index","follow":"follow","max-snippet":"max-snippet:-1","max-image-preview":"max-image-preview:large","max-video-preview":"max-video-preview:-1"},"canonical":"https:\/\/dev.explora.cl\/valparaiso\/explora-valparaiso-conforma-consejo-asesor-transdisciplinar-con-docentes-y-academicos-de-la-region\/","og_locale":"es_ES","og_type":"article","og_title":"Explora Valpara\u00edso conforma Consejo Asesor Transdisciplinar con docentes y acad\u00e9micos de la regi\u00f3n - Valpara\u00edso","og_description":"El jueves 14 de septiembre en la Casa Central de la PUCV, se realiz\u00f3 el acto de constituci\u00f3n del Consejo Asesor Transdisciplinar del PAR Explora Valpara\u00edso, instancia que convoc\u00f3 a autoridades de la Pontificia Universidad Cat\u00f3lica de Valpara\u00edso, Universidad de Playa Ancha, Universidad T\u00e9cnica Federico Santa Mar\u00eda, Universidad de Valpara\u00edso y representantes del mundo escolar.","og_url":"https:\/\/dev.explora.cl\/valparaiso\/explora-valparaiso-conforma-consejo-asesor-transdisciplinar-con-docentes-y-academicos-de-la-region\/","og_site_name":"Valpara\u00edso","article_published_time":"2023-09-15T14:27:45+00:00","article_modified_time":"2024-03-12T15:45:26+00:00","og_image":[{"width":1800,"height":1200,"url":"https:\/\/dev.explora.cl\/valparaiso\/wp-content\/uploads\/sites\/7\/2023\/09\/DSCF1-432-copia.jpg","type":"image\/jpeg"}],"author":"jcastaneda","twitter_card":"summary_large_image","twitter_misc":{"Escrito por":"jcastaneda","Tiempo estimado de lectura":"5 minutos"},"schema":{"@context":"https:\/\/schema.org","@graph":[{"@type":"Article","@id":"https:\/\/dev.explora.cl\/valparaiso\/explora-valparaiso-conforma-consejo-asesor-transdisciplinar-con-docentes-y-academicos-de-la-region\/#article","isPartOf":{"@id":"https:\/\/dev.explora.cl\/valparaiso\/explora-valparaiso-conforma-consejo-asesor-transdisciplinar-con-docentes-y-academicos-de-la-region\/"},"author":{"name":"jcastaneda","@id":"https:\/\/dev.explora.cl\/valparaiso\/#\/schema\/person\/c15e69495b8dbe0af0102f6bca43ba5d"},"headline":"Explora Valpara\u00edso conforma Consejo Asesor Transdisciplinar con docentes y acad\u00e9micos de la regi\u00f3n","datePublished":"2023-09-15T14:27:45+00:00","dateModified":"2024-03-12T15:45:26+00:00","mainEntityOfPage":{"@id":"https:\/\/dev.explora.cl\/valparaiso\/explora-valparaiso-conforma-consejo-asesor-transdisciplinar-con-docentes-y-academicos-de-la-region\/"},"wordCount":989,"commentCount":0,"publisher":{"@id":"https:\/\/dev.explora.cl\/valparaiso\/#organization"},"image":{"@id":"https:\/\/dev.explora.cl\/valparaiso\/explora-valparaiso-conforma-consejo-asesor-transdisciplinar-con-docentes-y-academicos-de-la-region\/#primaryimage"},"thumbnailUrl":"https:\/\/dev.explora.cl\/valparaiso\/wp-content\/uploads\/sites\/7\/2023\/09\/DSCF1-432-copia.jpg","keywords":["Competencias cient\u00edficas de NNA","Consejo Transdisciplinar","pucv","Universidades del CRUV","upla","USM","UV"],"articleSection":["Lugar 6","Noticias","Para Comunidad Escolar","Para Divulgadores","Para P\u00fablico General"],"inLanguage":"es-CL","potentialAction":[{"@type":"CommentAction","name":"Comment","target":["https:\/\/dev.explora.cl\/valparaiso\/explora-valparaiso-conforma-consejo-asesor-transdisciplinar-con-docentes-y-academicos-de-la-region\/#respond"]}]},{"@type":"WebPage","@id":"https:\/\/dev.explora.cl\/valparaiso\/explora-valparaiso-conforma-consejo-asesor-transdisciplinar-con-docentes-y-academicos-de-la-region\/","url":"https:\/\/dev.explora.cl\/valparaiso\/explora-valparaiso-conforma-consejo-asesor-transdisciplinar-con-docentes-y-academicos-de-la-region\/","name":"Explora Valpara\u00edso conforma Consejo Asesor Transdisciplinar con docentes y acad\u00e9micos de la regi\u00f3n - Valpara\u00edso","isPartOf":{"@id":"https:\/\/dev.explora.cl\/valparaiso\/#website"},"primaryImageOfPage":{"@id":"https:\/\/dev.explora.cl\/valparaiso\/explora-valparaiso-conforma-consejo-asesor-transdisciplinar-con-docentes-y-academicos-de-la-region\/#primaryimage"},"image":{"@id":"https:\/\/dev.explora.cl\/valparaiso\/explora-valparaiso-conforma-consejo-asesor-transdisciplinar-con-docentes-y-academicos-de-la-region\/#primaryimage"},"thumbnailUrl":"https:\/\/dev.explora.cl\/valparaiso\/wp-content\/uploads\/sites\/7\/2023\/09\/DSCF1-432-copia.jpg","datePublished":"2023-09-15T14:27:45+00:00","dateModified":"2024-03-12T15:45:26+00:00","breadcrumb":{"@id":"https:\/\/dev.explora.cl\/valparaiso\/explora-valparaiso-conforma-consejo-asesor-transdisciplinar-con-docentes-y-academicos-de-la-region\/#breadcrumb"},"inLanguage":"es-CL","potentialAction":[{"@type":"ReadAction","target":["https:\/\/dev.explora.cl\/valparaiso\/explora-valparaiso-conforma-consejo-asesor-transdisciplinar-con-docentes-y-academicos-de-la-region\/"]}]},{"@type":"ImageObject","inLanguage":"es-CL","@id":"https:\/\/dev.explora.cl\/valparaiso\/explora-valparaiso-conforma-consejo-asesor-transdisciplinar-con-docentes-y-academicos-de-la-region\/#primaryimage","url":"https:\/\/dev.explora.cl\/valparaiso\/wp-content\/uploads\/sites\/7\/2023\/09\/DSCF1-432-copia.jpg","contentUrl":"https:\/\/dev.explora.cl\/valparaiso\/wp-content\/uploads\/sites\/7\/2023\/09\/DSCF1-432-copia.jpg","width":1800,"height":1200},{"@type":"BreadcrumbList","@id":"https:\/\/dev.explora.cl\/valparaiso\/explora-valparaiso-conforma-consejo-asesor-transdisciplinar-con-docentes-y-academicos-de-la-region\/#breadcrumb","itemListElement":[{"@type":"ListItem","position":1,"name":"Portada","item":"https:\/\/dev.explora.cl\/valparaiso\/"},{"@type":"ListItem","position":2,"name":"Explora Valpara\u00edso conforma Consejo Asesor Transdisciplinar con docentes y acad\u00e9micos de la regi\u00f3n"}]},{"@type":"WebSite","@id":"https:\/\/dev.explora.cl\/valparaiso\/#website","url":"https:\/\/dev.explora.cl\/valparaiso\/","name":"Valpara\u00edso","description":"Otro sitio m\u00e1s de dev.explora.cl","publisher":{"@id":"https:\/\/dev.explora.cl\/valparaiso\/#organization"},"potentialAction":[{"@type":"SearchAction","target":{"@type":"EntryPoint","urlTemplate":"https:\/\/dev.explora.cl\/valparaiso\/?s={search_term_string}"},"query-input":{"@type":"PropertyValueSpecification","valueRequired":true,"valueName":"search_term_string"}}],"inLanguage":"es-CL"},{"@type":"Organization","@id":"https:\/\/dev.explora.cl\/valparaiso\/#organization","name":"Valpara\u00edso","url":"https:\/\/dev.explora.cl\/valparaiso\/","logo":{"@type":"ImageObject","inLanguage":"es-CL","@id":"https:\/\/dev.explora.cl\/valparaiso\/#\/schema\/logo\/image\/","url":"https:\/\/dev.explora.cl\/valparaiso\/wp-content\/uploads\/sites\/7\/2019\/06\/cropped-logo-explora-color.jpg","contentUrl":"https:\/\/dev.explora.cl\/valparaiso\/wp-content\/uploads\/sites\/7\/2019\/06\/cropped-logo-explora-color.jpg","width":2035,"height":584,"caption":"Valpara\u00edso"},"image":{"@id":"https:\/\/dev.explora.cl\/valparaiso\/#\/schema\/logo\/image\/"}},{"@type":"Person","@id":"https:\/\/dev.explora.cl\/valparaiso\/#\/schema\/person\/c15e69495b8dbe0af0102f6bca43ba5d","name":"jcastaneda","image":{"@type":"ImageObject","inLanguage":"es-CL","@id":"https:\/\/dev.explora.cl\/valparaiso\/#\/schema\/person\/image\/","url":"https:\/\/secure.gravatar.com\/avatar\/f26661a8eef2f6444d9633928ef0219fd69e41c5be1ef5ef16afeee7cd4df675?s=96&d=mm&r=g","contentUrl":"https:\/\/secure.gravatar.com\/avatar\/f26661a8eef2f6444d9633928ef0219fd69e41c5be1ef5ef16afeee7cd4df675?s=96&d=mm&r=g","caption":"jcastaneda"},"url":"https:\/\/dev.explora.cl\/valparaiso\/author\/jcastaneda\/"}]}},"_links":{"self":[{"href":"https:\/\/dev.explora.cl\/valparaiso\/wp-json\/wp\/v2\/posts\/43427","targetHints":{"allow":["GET"]}}],"collection":[{"href":"https:\/\/dev.explora.cl\/valparaiso\/wp-json\/wp\/v2\/posts"}],"about":[{"href":"https:\/\/dev.explora.cl\/valparaiso\/wp-json\/wp\/v2\/types\/post"}],"author":[{"embeddable":true,"href":"https:\/\/dev.explora.cl\/valparaiso\/wp-json\/wp\/v2\/users\/22"}],"replies":[{"embeddable":true,"href":"https:\/\/dev.explora.cl\/valparaiso\/wp-json\/wp\/v2\/comments?post=43427"}],"version-history":[{"count":7,"href":"https:\/\/dev.explora.cl\/valparaiso\/wp-json\/wp\/v2\/posts\/43427\/revisions"}],"predecessor-version":[{"id":43451,"href":"https:\/\/dev.explora.cl\/valparaiso\/wp-json\/wp\/v2\/posts\/43427\/revisions\/43451"}],"wp:featuredmedia":[{"embeddable":true,"href":"https:\/\/dev.explora.cl\/valparaiso\/wp-json\/wp\/v2\/media\/43443"}],"wp:attachment":[{"href":"https:\/\/dev.explora.cl\/valparaiso\/wp-json\/wp\/v2\/media?parent=43427"}],"wp:term":[{"taxonomy":"category","embeddable":true,"href":"https:\/\/dev.explora.cl\/valparaiso\/wp-json\/wp\/v2\/categories?post=43427"},{"taxonomy":"post_tag","embeddable":true,"href":"https:\/\/dev.explora.cl\/valparaiso\/wp-json\/wp\/v2\/tags?post=43427"}],"curies":[{"name":"wp","href":"https:\/\/api.w.org\/{rel}","templated":true}]}}