{"id":43262,"date":"2023-06-23T17:47:49","date_gmt":"2023-06-23T21:47:49","guid":{"rendered":"https:\/\/dev.explora.cl\/valparaiso\/?p=43262"},"modified":"2023-08-11T15:40:11","modified_gmt":"2023-08-11T19:40:11","slug":"proyecto-explora-valparaiso-reanuda-trabajo-con-foco-en-las-comunidades-educativas-de-la-region","status":"publish","type":"post","link":"https:\/\/dev.explora.cl\/valparaiso\/proyecto-explora-valparaiso-reanuda-trabajo-con-foco-en-las-comunidades-educativas-de-la-region\/","title":{"rendered":"Proyecto Explora Valpara\u00edso reanuda trabajo con foco en las comunidades educativas de la regi\u00f3n"},"content":{"rendered":"<p><i><span style=\"font-weight: 400\">Durante dos a\u00f1os y con el fin de fortalecer la cultura cient\u00edfica en el sistema escolar, el proyecto apuntar\u00e1 a llegar a m\u00e1s de 100 establecimientos, logrando con ello alcanzar a estudiantes de toda la regi\u00f3n de Valpara\u00edso.<\/span><\/i><br \/>\n<!--more--><\/p>\n<p><span style=\"font-weight: 400\">Un nuevo ciclo inicia el Proyecto Explora Valpara\u00edso, esta vez teniendo como elemento protagonista el fortalecimiento de las competencias de Ciencia Tecnolog\u00eda, Conocimiento e Innovaci\u00f3n en comunidades educativas a trav\u00e9s de dos importantes iniciativas vinculadas a la Educaci\u00f3n Parvularia, B\u00e1sica y Media, y a las comunidades educativas de la Regi\u00f3n de Valpara\u00edso; la Investigaci\u00f3n e Innovaci\u00f3n Escolar (IIE) y el Programa de Indagaci\u00f3n en Primeras Edades (PIPE). <\/span><span style=\"font-weight: 400\">Asimismo, tambi\u00e9n se incorporar\u00e1 un foco en el trabajo con establecimientos educacionales rurales con el fin de fomentar puentes con la cultura cient\u00edfica.<\/span><\/p>\n<p><span style=\"font-weight: 400\">La Pontificia Universidad Cat\u00f3lica de Valpara\u00edso, instituci\u00f3n responsable, junto con la Universidad de Valpara\u00edso, Universidad de Playa Ancha y Universidad T\u00e9cnica Federico Santa Mar\u00eda ser\u00e1n las encargadas de la realizaci\u00f3n del proyecto. Adicionalmente, se cuenta con la cooperaci\u00f3n de diversas instituciones tanto privadas como p\u00fablicas ligadas a las ciencias, artes y conocimiento para apoyar el quehacer que desarrollar\u00e1 el equipo.<\/span><\/p>\n<p><span style=\"font-weight: 400\">Respecto a las iniciativas mencionadas, regresa IIE en la que grupos de estudiantes de 1\u00b0 B\u00e1sico a 4\u00b0 Medio, podr\u00e1n participar desarrollando proyectos de investigaci\u00f3n e innovaci\u00f3n a partir de sus propias ideas, necesidades e intereses. Junto con ello, es importante recalcar que sus proyectos podr\u00e1n abarcar las Ciencias Sociales, Humanidades, Artes, Ciencias Naturales y todas las \u00e1reas del conocimiento.\u00a0<\/span><\/p>\n<p><span style=\"font-weight: 400\">En esta aventura ser\u00e1n acompa\u00f1ados por investigadores e investigadoras de las universidades de la regi\u00f3n -quienes les asesorar\u00e1n en sus proyectos-, sus docentes gu\u00edas y el equipo Explora Valpara\u00edso, recorriendo una\u00a0 ruta formativa la cual consta de talleres e instancias de socializaci\u00f3n como una forma de apoyar su desarrollo.<\/span><\/p>\n<p><span style=\"font-weight: 400\">Por otro lado,\u00a0 ni\u00f1os y ni\u00f1as de 2 a 6 a\u00f1os tambi\u00e9n tendr\u00e1 un rol protag\u00f3nico a trav\u00e9s de PIPE, programa que capacita a profesionales, t\u00e9cnicos y t\u00e9cnicas de la Educaci\u00f3n Parvularia y Diferencial, con el fin de\u00a0 <\/span><span style=\"font-weight: 400\">fomentar el desarrollo de competencias cient\u00edficas y para la vida en ni\u00f1as y ni\u00f1os; a trav\u00e9s de diversas actividades formativas basadas en un Modelo de Competencias, fomentando la curiosidad, el pensamiento cr\u00edtico y aut\u00f3nomo tanto de las y los p\u00e1rvulos como de sus equipos pedag\u00f3gicos.<\/span><\/p>\n<p><span style=\"font-weight: 400\">Adicionalmente Explora Valpara\u00edso tendr\u00e1 como misi\u00f3n realizar un trabajo territorial en todas sus actividades y para lo que existir\u00e1 una futura iniciativa conocida como <\/span><b>Expediciones Cient\u00edficas.<\/b><\/p>\n<p><span style=\"font-weight: 400\">Prontamente estaremos informando respecto a nuestras convocatorias para PIPE e IIE por lo que te invitamos a seguirnos en nuestra red social principal <a href=\"https:\/\/www.instagram.com\/exploravalpo\/\">@exploravalpo en Instagram<\/a> y as\u00ed recibir de inmediato las novedades.<\/span><\/p>\n","protected":false},"excerpt":{"rendered":"<p>Durante dos a\u00f1os y con el fin de fortalecer la cultura cient\u00edfica en el sistema escolar, el proyecto apuntar\u00e1 a llegar a m\u00e1s de 100 establecimientos, logrando con ello alcanzar a estudiantes de toda la regi\u00f3n de Valpara\u00edso.<\/p>\n","protected":false},"author":22,"featured_media":43015,"comment_status":"open","ping_status":"open","sticky":false,"template":"","format":"standard","meta":{"_acf_changed":false,"_exactmetrics_skip_tracking":false,"_exactmetrics_sitenote_active":false,"_exactmetrics_sitenote_note":"","_exactmetrics_sitenote_category":0,"footnotes":"","_links_to":"","_links_to_target":""},"categories":[151,129,141,4,126],"tags":[685,105,178,986,1014,68],"class_list":["post-43262","post","type-post","status-publish","format-standard","has-post-thumbnail","hentry","category-banner","category-concursos_para_pub_grl","category-lugar-6","category-noticias","category-para-publico-general","tag-competencias-cientificas","tag-educacion","tag-explora-valparaiso","tag-iie","tag-pipe","tag-programa-explora"],"acf":[],"yoast_head":"<!-- This site is optimized with the Yoast SEO plugin v26.7 - https:\/\/yoast.com\/wordpress\/plugins\/seo\/ -->\n<title>Proyecto Explora Valpara\u00edso reanuda trabajo con foco en las comunidades educativas de la regi\u00f3n - Valpara\u00edso<\/title>\n<meta name=\"robots\" content=\"index, follow, max-snippet:-1, max-image-preview:large, max-video-preview:-1\" \/>\n<link rel=\"canonical\" href=\"https:\/\/dev.explora.cl\/valparaiso\/proyecto-explora-valparaiso-reanuda-trabajo-con-foco-en-las-comunidades-educativas-de-la-region\/\" class=\"yoast-seo-meta-tag\" \/>\n<meta property=\"og:locale\" content=\"es_ES\" class=\"yoast-seo-meta-tag\" \/>\n<meta property=\"og:type\" content=\"article\" class=\"yoast-seo-meta-tag\" \/>\n<meta property=\"og:title\" content=\"Proyecto Explora Valpara\u00edso reanuda trabajo con foco en las comunidades educativas de la regi\u00f3n - Valpara\u00edso\" class=\"yoast-seo-meta-tag\" \/>\n<meta property=\"og:description\" content=\"Durante dos a\u00f1os y con el fin de fortalecer la cultura cient\u00edfica en el sistema escolar, el proyecto apuntar\u00e1 a llegar a m\u00e1s de 100 establecimientos, logrando con ello alcanzar a estudiantes de toda la regi\u00f3n de Valpara\u00edso.\" class=\"yoast-seo-meta-tag\" \/>\n<meta property=\"og:url\" content=\"https:\/\/dev.explora.cl\/valparaiso\/proyecto-explora-valparaiso-reanuda-trabajo-con-foco-en-las-comunidades-educativas-de-la-region\/\" class=\"yoast-seo-meta-tag\" \/>\n<meta property=\"og:site_name\" content=\"Valpara\u00edso\" class=\"yoast-seo-meta-tag\" \/>\n<meta property=\"article:published_time\" content=\"2023-06-23T21:47:49+00:00\" class=\"yoast-seo-meta-tag\" \/>\n<meta property=\"article:modified_time\" content=\"2023-08-11T19:40:11+00:00\" class=\"yoast-seo-meta-tag\" \/>\n<meta property=\"og:image\" content=\"https:\/\/dev.explora.cl\/valparaiso\/wp-content\/uploads\/sites\/7\/2022\/10\/DSC_2269.jpg\" class=\"yoast-seo-meta-tag\" \/>\n\t<meta property=\"og:image:width\" content=\"2048\" class=\"yoast-seo-meta-tag\" \/>\n\t<meta property=\"og:image:height\" content=\"1356\" class=\"yoast-seo-meta-tag\" \/>\n\t<meta property=\"og:image:type\" content=\"image\/jpeg\" class=\"yoast-seo-meta-tag\" \/>\n<meta name=\"author\" content=\"jcastaneda\" class=\"yoast-seo-meta-tag\" \/>\n<meta name=\"twitter:card\" content=\"summary_large_image\" class=\"yoast-seo-meta-tag\" \/>\n<meta name=\"twitter:label1\" content=\"Escrito por\" class=\"yoast-seo-meta-tag\" \/>\n\t<meta name=\"twitter:data1\" content=\"jcastaneda\" class=\"yoast-seo-meta-tag\" \/>\n\t<meta name=\"twitter:label2\" content=\"Tiempo estimado de lectura\" class=\"yoast-seo-meta-tag\" \/>\n\t<meta name=\"twitter:data2\" content=\"2 minutos\" class=\"yoast-seo-meta-tag\" \/>\n<script type=\"application\/ld+json\" class=\"yoast-schema-graph\">{\"@context\":\"https:\/\/schema.org\",\"@graph\":[{\"@type\":\"Article\",\"@id\":\"https:\/\/dev.explora.cl\/valparaiso\/proyecto-explora-valparaiso-reanuda-trabajo-con-foco-en-las-comunidades-educativas-de-la-region\/#article\",\"isPartOf\":{\"@id\":\"https:\/\/dev.explora.cl\/valparaiso\/proyecto-explora-valparaiso-reanuda-trabajo-con-foco-en-las-comunidades-educativas-de-la-region\/\"},\"author\":{\"name\":\"jcastaneda\",\"@id\":\"https:\/\/dev.explora.cl\/valparaiso\/#\/schema\/person\/c15e69495b8dbe0af0102f6bca43ba5d\"},\"headline\":\"Proyecto Explora Valpara\u00edso reanuda trabajo con foco en las comunidades educativas de la regi\u00f3n\",\"datePublished\":\"2023-06-23T21:47:49+00:00\",\"dateModified\":\"2023-08-11T19:40:11+00:00\",\"mainEntityOfPage\":{\"@id\":\"https:\/\/dev.explora.cl\/valparaiso\/proyecto-explora-valparaiso-reanuda-trabajo-con-foco-en-las-comunidades-educativas-de-la-region\/\"},\"wordCount\":510,\"commentCount\":0,\"publisher\":{\"@id\":\"https:\/\/dev.explora.cl\/valparaiso\/#organization\"},\"image\":{\"@id\":\"https:\/\/dev.explora.cl\/valparaiso\/proyecto-explora-valparaiso-reanuda-trabajo-con-foco-en-las-comunidades-educativas-de-la-region\/#primaryimage\"},\"thumbnailUrl\":\"https:\/\/dev.explora.cl\/valparaiso\/wp-content\/uploads\/sites\/7\/2022\/10\/DSC_2269.jpg\",\"keywords\":[\"Competencias Cient\u00edficas\",\"educaci\u00f3n\",\"EXPLORA Valpara\u00edso\",\"IIE\",\"PIPE\",\"programa EXPLORA\"],\"articleSection\":[\"Banner\",\"Concursos\",\"Lugar 6\",\"Noticias\",\"Para P\u00fablico General\"],\"inLanguage\":\"es-CL\",\"potentialAction\":[{\"@type\":\"CommentAction\",\"name\":\"Comment\",\"target\":[\"https:\/\/dev.explora.cl\/valparaiso\/proyecto-explora-valparaiso-reanuda-trabajo-con-foco-en-las-comunidades-educativas-de-la-region\/#respond\"]}]},{\"@type\":\"WebPage\",\"@id\":\"https:\/\/dev.explora.cl\/valparaiso\/proyecto-explora-valparaiso-reanuda-trabajo-con-foco-en-las-comunidades-educativas-de-la-region\/\",\"url\":\"https:\/\/dev.explora.cl\/valparaiso\/proyecto-explora-valparaiso-reanuda-trabajo-con-foco-en-las-comunidades-educativas-de-la-region\/\",\"name\":\"Proyecto Explora Valpara\u00edso reanuda trabajo con foco en las comunidades educativas de la regi\u00f3n - Valpara\u00edso\",\"isPartOf\":{\"@id\":\"https:\/\/dev.explora.cl\/valparaiso\/#website\"},\"primaryImageOfPage\":{\"@id\":\"https:\/\/dev.explora.cl\/valparaiso\/proyecto-explora-valparaiso-reanuda-trabajo-con-foco-en-las-comunidades-educativas-de-la-region\/#primaryimage\"},\"image\":{\"@id\":\"https:\/\/dev.explora.cl\/valparaiso\/proyecto-explora-valparaiso-reanuda-trabajo-con-foco-en-las-comunidades-educativas-de-la-region\/#primaryimage\"},\"thumbnailUrl\":\"https:\/\/dev.explora.cl\/valparaiso\/wp-content\/uploads\/sites\/7\/2022\/10\/DSC_2269.jpg\",\"datePublished\":\"2023-06-23T21:47:49+00:00\",\"dateModified\":\"2023-08-11T19:40:11+00:00\",\"breadcrumb\":{\"@id\":\"https:\/\/dev.explora.cl\/valparaiso\/proyecto-explora-valparaiso-reanuda-trabajo-con-foco-en-las-comunidades-educativas-de-la-region\/#breadcrumb\"},\"inLanguage\":\"es-CL\",\"potentialAction\":[{\"@type\":\"ReadAction\",\"target\":[\"https:\/\/dev.explora.cl\/valparaiso\/proyecto-explora-valparaiso-reanuda-trabajo-con-foco-en-las-comunidades-educativas-de-la-region\/\"]}]},{\"@type\":\"ImageObject\",\"inLanguage\":\"es-CL\",\"@id\":\"https:\/\/dev.explora.cl\/valparaiso\/proyecto-explora-valparaiso-reanuda-trabajo-con-foco-en-las-comunidades-educativas-de-la-region\/#primaryimage\",\"url\":\"https:\/\/dev.explora.cl\/valparaiso\/wp-content\/uploads\/sites\/7\/2022\/10\/DSC_2269.jpg\",\"contentUrl\":\"https:\/\/dev.explora.cl\/valparaiso\/wp-content\/uploads\/sites\/7\/2022\/10\/DSC_2269.jpg\",\"width\":2048,\"height\":1356},{\"@type\":\"BreadcrumbList\",\"@id\":\"https:\/\/dev.explora.cl\/valparaiso\/proyecto-explora-valparaiso-reanuda-trabajo-con-foco-en-las-comunidades-educativas-de-la-region\/#breadcrumb\",\"itemListElement\":[{\"@type\":\"ListItem\",\"position\":1,\"name\":\"Portada\",\"item\":\"https:\/\/dev.explora.cl\/valparaiso\/\"},{\"@type\":\"ListItem\",\"position\":2,\"name\":\"Proyecto Explora Valpara\u00edso reanuda trabajo con foco en las comunidades educativas de la regi\u00f3n\"}]},{\"@type\":\"WebSite\",\"@id\":\"https:\/\/dev.explora.cl\/valparaiso\/#website\",\"url\":\"https:\/\/dev.explora.cl\/valparaiso\/\",\"name\":\"Valpara\u00edso\",\"description\":\"Otro sitio m\u00e1s de dev.explora.cl\",\"publisher\":{\"@id\":\"https:\/\/dev.explora.cl\/valparaiso\/#organization\"},\"potentialAction\":[{\"@type\":\"SearchAction\",\"target\":{\"@type\":\"EntryPoint\",\"urlTemplate\":\"https:\/\/dev.explora.cl\/valparaiso\/?s={search_term_string}\"},\"query-input\":{\"@type\":\"PropertyValueSpecification\",\"valueRequired\":true,\"valueName\":\"search_term_string\"}}],\"inLanguage\":\"es-CL\"},{\"@type\":\"Organization\",\"@id\":\"https:\/\/dev.explora.cl\/valparaiso\/#organization\",\"name\":\"Valpara\u00edso\",\"url\":\"https:\/\/dev.explora.cl\/valparaiso\/\",\"logo\":{\"@type\":\"ImageObject\",\"inLanguage\":\"es-CL\",\"@id\":\"https:\/\/dev.explora.cl\/valparaiso\/#\/schema\/logo\/image\/\",\"url\":\"https:\/\/dev.explora.cl\/valparaiso\/wp-content\/uploads\/sites\/7\/2019\/06\/cropped-logo-explora-color.jpg\",\"contentUrl\":\"https:\/\/dev.explora.cl\/valparaiso\/wp-content\/uploads\/sites\/7\/2019\/06\/cropped-logo-explora-color.jpg\",\"width\":2035,\"height\":584,\"caption\":\"Valpara\u00edso\"},\"image\":{\"@id\":\"https:\/\/dev.explora.cl\/valparaiso\/#\/schema\/logo\/image\/\"}},{\"@type\":\"Person\",\"@id\":\"https:\/\/dev.explora.cl\/valparaiso\/#\/schema\/person\/c15e69495b8dbe0af0102f6bca43ba5d\",\"name\":\"jcastaneda\",\"image\":{\"@type\":\"ImageObject\",\"inLanguage\":\"es-CL\",\"@id\":\"https:\/\/dev.explora.cl\/valparaiso\/#\/schema\/person\/image\/\",\"url\":\"https:\/\/secure.gravatar.com\/avatar\/f26661a8eef2f6444d9633928ef0219fd69e41c5be1ef5ef16afeee7cd4df675?s=96&d=mm&r=g\",\"contentUrl\":\"https:\/\/secure.gravatar.com\/avatar\/f26661a8eef2f6444d9633928ef0219fd69e41c5be1ef5ef16afeee7cd4df675?s=96&d=mm&r=g\",\"caption\":\"jcastaneda\"},\"url\":\"https:\/\/dev.explora.cl\/valparaiso\/author\/jcastaneda\/\"}]}<\/script>\n<!-- \/ Yoast SEO plugin. -->","yoast_head_json":{"title":"Proyecto Explora Valpara\u00edso reanuda trabajo con foco en las comunidades educativas de la regi\u00f3n - Valpara\u00edso","robots":{"index":"index","follow":"follow","max-snippet":"max-snippet:-1","max-image-preview":"max-image-preview:large","max-video-preview":"max-video-preview:-1"},"canonical":"https:\/\/dev.explora.cl\/valparaiso\/proyecto-explora-valparaiso-reanuda-trabajo-con-foco-en-las-comunidades-educativas-de-la-region\/","og_locale":"es_ES","og_type":"article","og_title":"Proyecto Explora Valpara\u00edso reanuda trabajo con foco en las comunidades educativas de la regi\u00f3n - Valpara\u00edso","og_description":"Durante dos a\u00f1os y con el fin de fortalecer la cultura cient\u00edfica en el sistema escolar, el proyecto apuntar\u00e1 a llegar a m\u00e1s de 100 establecimientos, logrando con ello alcanzar a estudiantes de toda la regi\u00f3n de Valpara\u00edso.","og_url":"https:\/\/dev.explora.cl\/valparaiso\/proyecto-explora-valparaiso-reanuda-trabajo-con-foco-en-las-comunidades-educativas-de-la-region\/","og_site_name":"Valpara\u00edso","article_published_time":"2023-06-23T21:47:49+00:00","article_modified_time":"2023-08-11T19:40:11+00:00","og_image":[{"width":2048,"height":1356,"url":"https:\/\/dev.explora.cl\/valparaiso\/wp-content\/uploads\/sites\/7\/2022\/10\/DSC_2269.jpg","type":"image\/jpeg"}],"author":"jcastaneda","twitter_card":"summary_large_image","twitter_misc":{"Escrito por":"jcastaneda","Tiempo estimado de lectura":"2 minutos"},"schema":{"@context":"https:\/\/schema.org","@graph":[{"@type":"Article","@id":"https:\/\/dev.explora.cl\/valparaiso\/proyecto-explora-valparaiso-reanuda-trabajo-con-foco-en-las-comunidades-educativas-de-la-region\/#article","isPartOf":{"@id":"https:\/\/dev.explora.cl\/valparaiso\/proyecto-explora-valparaiso-reanuda-trabajo-con-foco-en-las-comunidades-educativas-de-la-region\/"},"author":{"name":"jcastaneda","@id":"https:\/\/dev.explora.cl\/valparaiso\/#\/schema\/person\/c15e69495b8dbe0af0102f6bca43ba5d"},"headline":"Proyecto Explora Valpara\u00edso reanuda trabajo con foco en las comunidades educativas de la regi\u00f3n","datePublished":"2023-06-23T21:47:49+00:00","dateModified":"2023-08-11T19:40:11+00:00","mainEntityOfPage":{"@id":"https:\/\/dev.explora.cl\/valparaiso\/proyecto-explora-valparaiso-reanuda-trabajo-con-foco-en-las-comunidades-educativas-de-la-region\/"},"wordCount":510,"commentCount":0,"publisher":{"@id":"https:\/\/dev.explora.cl\/valparaiso\/#organization"},"image":{"@id":"https:\/\/dev.explora.cl\/valparaiso\/proyecto-explora-valparaiso-reanuda-trabajo-con-foco-en-las-comunidades-educativas-de-la-region\/#primaryimage"},"thumbnailUrl":"https:\/\/dev.explora.cl\/valparaiso\/wp-content\/uploads\/sites\/7\/2022\/10\/DSC_2269.jpg","keywords":["Competencias Cient\u00edficas","educaci\u00f3n","EXPLORA Valpara\u00edso","IIE","PIPE","programa EXPLORA"],"articleSection":["Banner","Concursos","Lugar 6","Noticias","Para P\u00fablico General"],"inLanguage":"es-CL","potentialAction":[{"@type":"CommentAction","name":"Comment","target":["https:\/\/dev.explora.cl\/valparaiso\/proyecto-explora-valparaiso-reanuda-trabajo-con-foco-en-las-comunidades-educativas-de-la-region\/#respond"]}]},{"@type":"WebPage","@id":"https:\/\/dev.explora.cl\/valparaiso\/proyecto-explora-valparaiso-reanuda-trabajo-con-foco-en-las-comunidades-educativas-de-la-region\/","url":"https:\/\/dev.explora.cl\/valparaiso\/proyecto-explora-valparaiso-reanuda-trabajo-con-foco-en-las-comunidades-educativas-de-la-region\/","name":"Proyecto Explora Valpara\u00edso reanuda trabajo con foco en las comunidades educativas de la regi\u00f3n - Valpara\u00edso","isPartOf":{"@id":"https:\/\/dev.explora.cl\/valparaiso\/#website"},"primaryImageOfPage":{"@id":"https:\/\/dev.explora.cl\/valparaiso\/proyecto-explora-valparaiso-reanuda-trabajo-con-foco-en-las-comunidades-educativas-de-la-region\/#primaryimage"},"image":{"@id":"https:\/\/dev.explora.cl\/valparaiso\/proyecto-explora-valparaiso-reanuda-trabajo-con-foco-en-las-comunidades-educativas-de-la-region\/#primaryimage"},"thumbnailUrl":"https:\/\/dev.explora.cl\/valparaiso\/wp-content\/uploads\/sites\/7\/2022\/10\/DSC_2269.jpg","datePublished":"2023-06-23T21:47:49+00:00","dateModified":"2023-08-11T19:40:11+00:00","breadcrumb":{"@id":"https:\/\/dev.explora.cl\/valparaiso\/proyecto-explora-valparaiso-reanuda-trabajo-con-foco-en-las-comunidades-educativas-de-la-region\/#breadcrumb"},"inLanguage":"es-CL","potentialAction":[{"@type":"ReadAction","target":["https:\/\/dev.explora.cl\/valparaiso\/proyecto-explora-valparaiso-reanuda-trabajo-con-foco-en-las-comunidades-educativas-de-la-region\/"]}]},{"@type":"ImageObject","inLanguage":"es-CL","@id":"https:\/\/dev.explora.cl\/valparaiso\/proyecto-explora-valparaiso-reanuda-trabajo-con-foco-en-las-comunidades-educativas-de-la-region\/#primaryimage","url":"https:\/\/dev.explora.cl\/valparaiso\/wp-content\/uploads\/sites\/7\/2022\/10\/DSC_2269.jpg","contentUrl":"https:\/\/dev.explora.cl\/valparaiso\/wp-content\/uploads\/sites\/7\/2022\/10\/DSC_2269.jpg","width":2048,"height":1356},{"@type":"BreadcrumbList","@id":"https:\/\/dev.explora.cl\/valparaiso\/proyecto-explora-valparaiso-reanuda-trabajo-con-foco-en-las-comunidades-educativas-de-la-region\/#breadcrumb","itemListElement":[{"@type":"ListItem","position":1,"name":"Portada","item":"https:\/\/dev.explora.cl\/valparaiso\/"},{"@type":"ListItem","position":2,"name":"Proyecto Explora Valpara\u00edso reanuda trabajo con foco en las comunidades educativas de la regi\u00f3n"}]},{"@type":"WebSite","@id":"https:\/\/dev.explora.cl\/valparaiso\/#website","url":"https:\/\/dev.explora.cl\/valparaiso\/","name":"Valpara\u00edso","description":"Otro sitio m\u00e1s de dev.explora.cl","publisher":{"@id":"https:\/\/dev.explora.cl\/valparaiso\/#organization"},"potentialAction":[{"@type":"SearchAction","target":{"@type":"EntryPoint","urlTemplate":"https:\/\/dev.explora.cl\/valparaiso\/?s={search_term_string}"},"query-input":{"@type":"PropertyValueSpecification","valueRequired":true,"valueName":"search_term_string"}}],"inLanguage":"es-CL"},{"@type":"Organization","@id":"https:\/\/dev.explora.cl\/valparaiso\/#organization","name":"Valpara\u00edso","url":"https:\/\/dev.explora.cl\/valparaiso\/","logo":{"@type":"ImageObject","inLanguage":"es-CL","@id":"https:\/\/dev.explora.cl\/valparaiso\/#\/schema\/logo\/image\/","url":"https:\/\/dev.explora.cl\/valparaiso\/wp-content\/uploads\/sites\/7\/2019\/06\/cropped-logo-explora-color.jpg","contentUrl":"https:\/\/dev.explora.cl\/valparaiso\/wp-content\/uploads\/sites\/7\/2019\/06\/cropped-logo-explora-color.jpg","width":2035,"height":584,"caption":"Valpara\u00edso"},"image":{"@id":"https:\/\/dev.explora.cl\/valparaiso\/#\/schema\/logo\/image\/"}},{"@type":"Person","@id":"https:\/\/dev.explora.cl\/valparaiso\/#\/schema\/person\/c15e69495b8dbe0af0102f6bca43ba5d","name":"jcastaneda","image":{"@type":"ImageObject","inLanguage":"es-CL","@id":"https:\/\/dev.explora.cl\/valparaiso\/#\/schema\/person\/image\/","url":"https:\/\/secure.gravatar.com\/avatar\/f26661a8eef2f6444d9633928ef0219fd69e41c5be1ef5ef16afeee7cd4df675?s=96&d=mm&r=g","contentUrl":"https:\/\/secure.gravatar.com\/avatar\/f26661a8eef2f6444d9633928ef0219fd69e41c5be1ef5ef16afeee7cd4df675?s=96&d=mm&r=g","caption":"jcastaneda"},"url":"https:\/\/dev.explora.cl\/valparaiso\/author\/jcastaneda\/"}]}},"_links":{"self":[{"href":"https:\/\/dev.explora.cl\/valparaiso\/wp-json\/wp\/v2\/posts\/43262","targetHints":{"allow":["GET"]}}],"collection":[{"href":"https:\/\/dev.explora.cl\/valparaiso\/wp-json\/wp\/v2\/posts"}],"about":[{"href":"https:\/\/dev.explora.cl\/valparaiso\/wp-json\/wp\/v2\/types\/post"}],"author":[{"embeddable":true,"href":"https:\/\/dev.explora.cl\/valparaiso\/wp-json\/wp\/v2\/users\/22"}],"replies":[{"embeddable":true,"href":"https:\/\/dev.explora.cl\/valparaiso\/wp-json\/wp\/v2\/comments?post=43262"}],"version-history":[{"count":3,"href":"https:\/\/dev.explora.cl\/valparaiso\/wp-json\/wp\/v2\/posts\/43262\/revisions"}],"predecessor-version":[{"id":43265,"href":"https:\/\/dev.explora.cl\/valparaiso\/wp-json\/wp\/v2\/posts\/43262\/revisions\/43265"}],"wp:featuredmedia":[{"embeddable":true,"href":"https:\/\/dev.explora.cl\/valparaiso\/wp-json\/wp\/v2\/media\/43015"}],"wp:attachment":[{"href":"https:\/\/dev.explora.cl\/valparaiso\/wp-json\/wp\/v2\/media?parent=43262"}],"wp:term":[{"taxonomy":"category","embeddable":true,"href":"https:\/\/dev.explora.cl\/valparaiso\/wp-json\/wp\/v2\/categories?post=43262"},{"taxonomy":"post_tag","embeddable":true,"href":"https:\/\/dev.explora.cl\/valparaiso\/wp-json\/wp\/v2\/tags?post=43262"}],"curies":[{"name":"wp","href":"https:\/\/api.w.org\/{rel}","templated":true}]}}