{"id":41637,"date":"2021-10-19T18:11:40","date_gmt":"2021-10-19T21:11:40","guid":{"rendered":"https:\/\/dev.explora.cl\/valparaiso\/?p=41637"},"modified":"2021-12-06T11:16:55","modified_gmt":"2021-12-06T14:16:55","slug":"revisa-los-proyectos-que-seran-parte-del-proximo-congreso-regional-de-investigacion-e-innovacion-escolar-en-valparaiso","status":"publish","type":"post","link":"https:\/\/dev.explora.cl\/valparaiso\/revisa-los-proyectos-que-seran-parte-del-proximo-congreso-regional-de-investigacion-e-innovacion-escolar-en-valparaiso\/","title":{"rendered":"Revisa los proyectos que fueron parte del Congreso Regional de Investigaci\u00f3n e Innovaci\u00f3n Escolar"},"content":{"rendered":"<h3><span style=\"font-weight: 400\">El pr\u00f3ximo 10 y 11 de noviembre se realizar\u00e1 una nueva versi\u00f3n del Congreso Regional, en el que escolares de 5\u00b0 b\u00e1sico a 4\u00b0 medio presentar\u00e1n los m\u00e1s innovadores proyectos de investigaci\u00f3n e innovaci\u00f3n realizados durante el 2021.\u00a0<\/span><\/h3>\n<p><!--more--><\/p>\n<p><span style=\"font-weight: 400\">Equipos compuestos por ni\u00f1os, ni\u00f1as y j\u00f3venes de 5\u00b0 b\u00e1sico a 4\u00b0 medio, pertenecientes a establecimientos educacionales y otras entidades de diversas comunas de la Regi\u00f3n de Valpara\u00edso, ser\u00e1n parte del pr\u00f3ximo Congreso Regional Explora de Investigaci\u00f3n e Innovaci\u00f3n Escolar.\u00a0<\/span><\/p>\n<p><span style=\"font-weight: 400\">Este evento -que se desarrollar\u00e1 en <\/span><b>modalidad virtual entre el 10 y el 11 de noviembre<\/b><span style=\"font-weight: 400\"> en nuestra regi\u00f3n- busca motivar a estudiantes y docentes a desarrollar m\u00e1s y mejor investigaci\u00f3n y\/o innovaci\u00f3n escolar; adem\u00e1s de proporcionar el espacio para que socialicen los resultados de sus proyectos, mientras desarrollan habilidades comunicacionales y de argumentaci\u00f3n en la interacci\u00f3n con sus pares.\u00a0<\/span><\/p>\n<p><span style=\"font-weight: 400\">En esta oportunidad los proyectos seleccionados corresponden a 4 categor\u00edas: <\/span><span style=\"font-weight: 400\">Investigaci\u00f3n B\u00e1sica, Investigaci\u00f3n Media, Innovaci\u00f3n B\u00e1sica e Innovaci\u00f3n Media. <strong>Del total de 43 proyectos postulados a esta instancia, fueron 37 las investigaciones e innovaciones seleccionadas y admisibles para ser parte de la iniciativa.\u00a0<\/strong><\/span><\/p>\n<p><a href=\"https:\/\/dev.explora.cl\/valparaiso\/?attachment_id=41638\"><span style=\"font-weight: 400\">Conoce a los equipos seleccionados que ser\u00e1n parte del Congreso Regional en este<\/span><span style=\"font-weight: 400\">\u00a0documento descargable.\u00a0<\/span><\/a><\/p>\n<p><span style=\"font-weight: 400\">\u00bfEres uno de los equipos seleccionados? Recuerda que posterior a la notificaci\u00f3n, deber\u00e1n trabajar en un video en el que se explique su proyecto, el cual ser\u00e1 revisado por el Comit\u00e9 Cient\u00edfico Evaluador (las instrucciones para la elaboraci\u00f3n de este recurso audiovisual ser\u00e1n comunicadas a los equipos seleccionados por correo electr\u00f3nico).\u00a0\u00a0<\/span><\/p>\n<p><span style=\"font-weight: 400\">Finalmente, durante el Congreso, el Comit\u00e9 Cient\u00edfico Evaluador podr\u00e1 interactuar con los equipos y realizar preguntas sobre el proyecto.<\/span><span style=\"font-weight: 400\"><br \/>\n<\/span><\/p>\n","protected":false},"excerpt":{"rendered":"<p>El pr\u00f3ximo 10 y 11 de noviembre se realizar\u00e1 una nueva versi\u00f3n del Congreso Regional, en el que escolares de 5\u00b0 b\u00e1sico a 4\u00b0 medio presentar\u00e1n los m\u00e1s innovadores proyectos de investigaci\u00f3n e innovaci\u00f3n realizados durante el 2021.\u00a0<\/p>\n","protected":false},"author":22,"featured_media":41639,"comment_status":"open","ping_status":"open","sticky":false,"template":"","format":"standard","meta":{"_acf_changed":false,"_exactmetrics_skip_tracking":false,"_exactmetrics_sitenote_active":false,"_exactmetrics_sitenote_note":"","_exactmetrics_sitenote_category":0,"footnotes":"","_links_to":"","_links_to_target":""},"categories":[4],"tags":[522,101,1059,110,1117,23,14,946,260,1033,166,1120,174,204],"class_list":["post-41637","post","type-post","status-publish","format-standard","has-post-thumbnail","hentry","category-noticias","tag-academias-explora","tag-congreso-regional","tag-congreso-regional-explora-de-investigacion-e-innovacion-escolar","tag-cultura-cientifica","tag-educacion-basica-y-media","tag-explora","tag-investigacion-cientifica-escolar","tag-investigacion-e-innovacion-escolar","tag-jovenes","tag-ninos-y-ninas","tag-proyecto-asociativo-regional-explora-valparaiso","tag-proyectos-seleccionados","tag-region-de-valparaiso","tag-valparaiso"],"acf":[],"yoast_head":"<!-- This site is optimized with the Yoast SEO plugin v26.7 - https:\/\/yoast.com\/wordpress\/plugins\/seo\/ -->\n<title>Revisa los proyectos que fueron parte del Congreso Regional de Investigaci\u00f3n e Innovaci\u00f3n Escolar - Valpara\u00edso<\/title>\n<meta name=\"robots\" content=\"index, follow, max-snippet:-1, max-image-preview:large, max-video-preview:-1\" \/>\n<link rel=\"canonical\" href=\"https:\/\/dev.explora.cl\/valparaiso\/revisa-los-proyectos-que-seran-parte-del-proximo-congreso-regional-de-investigacion-e-innovacion-escolar-en-valparaiso\/\" class=\"yoast-seo-meta-tag\" \/>\n<meta property=\"og:locale\" content=\"es_ES\" class=\"yoast-seo-meta-tag\" \/>\n<meta property=\"og:type\" content=\"article\" class=\"yoast-seo-meta-tag\" \/>\n<meta property=\"og:title\" content=\"Revisa los proyectos que fueron parte del Congreso Regional de Investigaci\u00f3n e Innovaci\u00f3n Escolar - Valpara\u00edso\" class=\"yoast-seo-meta-tag\" \/>\n<meta property=\"og:description\" content=\"El pr\u00f3ximo 10 y 11 de noviembre se realizar\u00e1 una nueva versi\u00f3n del Congreso Regional, en el que escolares de 5\u00b0 b\u00e1sico a 4\u00b0 medio presentar\u00e1n los m\u00e1s innovadores proyectos de investigaci\u00f3n e innovaci\u00f3n realizados durante el 2021.\u00a0\" class=\"yoast-seo-meta-tag\" \/>\n<meta property=\"og:url\" content=\"https:\/\/dev.explora.cl\/valparaiso\/revisa-los-proyectos-que-seran-parte-del-proximo-congreso-regional-de-investigacion-e-innovacion-escolar-en-valparaiso\/\" class=\"yoast-seo-meta-tag\" \/>\n<meta property=\"og:site_name\" content=\"Valpara\u00edso\" class=\"yoast-seo-meta-tag\" \/>\n<meta property=\"article:published_time\" content=\"2021-10-19T21:11:40+00:00\" class=\"yoast-seo-meta-tag\" \/>\n<meta property=\"article:modified_time\" content=\"2021-12-06T14:16:55+00:00\" class=\"yoast-seo-meta-tag\" \/>\n<meta property=\"og:image\" content=\"https:\/\/dev.explora.cl\/valparaiso\/wp-content\/uploads\/sites\/7\/2021\/10\/Revisa-los-proyectos-seleccionados.png\" class=\"yoast-seo-meta-tag\" \/>\n\t<meta property=\"og:image:width\" content=\"2250\" class=\"yoast-seo-meta-tag\" \/>\n\t<meta property=\"og:image:height\" content=\"1371\" class=\"yoast-seo-meta-tag\" \/>\n\t<meta property=\"og:image:type\" content=\"image\/png\" class=\"yoast-seo-meta-tag\" \/>\n<meta name=\"author\" content=\"jcastaneda\" class=\"yoast-seo-meta-tag\" \/>\n<meta name=\"twitter:card\" content=\"summary_large_image\" class=\"yoast-seo-meta-tag\" \/>\n<meta name=\"twitter:label1\" content=\"Escrito por\" class=\"yoast-seo-meta-tag\" \/>\n\t<meta name=\"twitter:data1\" content=\"jcastaneda\" class=\"yoast-seo-meta-tag\" \/>\n\t<meta name=\"twitter:label2\" content=\"Tiempo estimado de lectura\" class=\"yoast-seo-meta-tag\" \/>\n\t<meta name=\"twitter:data2\" content=\"1 minuto\" class=\"yoast-seo-meta-tag\" \/>\n<script type=\"application\/ld+json\" class=\"yoast-schema-graph\">{\"@context\":\"https:\/\/schema.org\",\"@graph\":[{\"@type\":\"Article\",\"@id\":\"https:\/\/dev.explora.cl\/valparaiso\/revisa-los-proyectos-que-seran-parte-del-proximo-congreso-regional-de-investigacion-e-innovacion-escolar-en-valparaiso\/#article\",\"isPartOf\":{\"@id\":\"https:\/\/dev.explora.cl\/valparaiso\/revisa-los-proyectos-que-seran-parte-del-proximo-congreso-regional-de-investigacion-e-innovacion-escolar-en-valparaiso\/\"},\"author\":{\"name\":\"jcastaneda\",\"@id\":\"https:\/\/dev.explora.cl\/valparaiso\/#\/schema\/person\/c15e69495b8dbe0af0102f6bca43ba5d\"},\"headline\":\"Revisa los proyectos que fueron parte del Congreso Regional de Investigaci\u00f3n e Innovaci\u00f3n Escolar\",\"datePublished\":\"2021-10-19T21:11:40+00:00\",\"dateModified\":\"2021-12-06T14:16:55+00:00\",\"mainEntityOfPage\":{\"@id\":\"https:\/\/dev.explora.cl\/valparaiso\/revisa-los-proyectos-que-seran-parte-del-proximo-congreso-regional-de-investigacion-e-innovacion-escolar-en-valparaiso\/\"},\"wordCount\":310,\"commentCount\":0,\"publisher\":{\"@id\":\"https:\/\/dev.explora.cl\/valparaiso\/#organization\"},\"image\":{\"@id\":\"https:\/\/dev.explora.cl\/valparaiso\/revisa-los-proyectos-que-seran-parte-del-proximo-congreso-regional-de-investigacion-e-innovacion-escolar-en-valparaiso\/#primaryimage\"},\"thumbnailUrl\":\"https:\/\/dev.explora.cl\/valparaiso\/wp-content\/uploads\/sites\/7\/2021\/10\/Revisa-los-proyectos-seleccionados.png\",\"keywords\":[\"Academias EXPLORA\",\"Congreso Regional\",\"Congreso Regional Explora de Investigaci\u00f3n e Innovaci\u00f3n Escolar\",\"cultura cientifica\",\"educaci\u00f3n b\u00e1sica y media\",\"EXPLORA\",\"investigaci\u00f3n cient\u00edfica escolar\",\"investigaci\u00f3n e innovaci\u00f3n escolar\",\"jovenes\",\"ni\u00f1os y ni\u00f1as\",\"Proyecto Asociativo Regional EXPLORA Valparaiso\",\"proyectos seleccionados\",\"Regi\u00f3n de Valpara\u00edso\",\"valparaiso\"],\"articleSection\":[\"Noticias\"],\"inLanguage\":\"es-CL\",\"potentialAction\":[{\"@type\":\"CommentAction\",\"name\":\"Comment\",\"target\":[\"https:\/\/dev.explora.cl\/valparaiso\/revisa-los-proyectos-que-seran-parte-del-proximo-congreso-regional-de-investigacion-e-innovacion-escolar-en-valparaiso\/#respond\"]}]},{\"@type\":\"WebPage\",\"@id\":\"https:\/\/dev.explora.cl\/valparaiso\/revisa-los-proyectos-que-seran-parte-del-proximo-congreso-regional-de-investigacion-e-innovacion-escolar-en-valparaiso\/\",\"url\":\"https:\/\/dev.explora.cl\/valparaiso\/revisa-los-proyectos-que-seran-parte-del-proximo-congreso-regional-de-investigacion-e-innovacion-escolar-en-valparaiso\/\",\"name\":\"Revisa los proyectos que fueron parte del Congreso Regional de Investigaci\u00f3n e Innovaci\u00f3n Escolar - Valpara\u00edso\",\"isPartOf\":{\"@id\":\"https:\/\/dev.explora.cl\/valparaiso\/#website\"},\"primaryImageOfPage\":{\"@id\":\"https:\/\/dev.explora.cl\/valparaiso\/revisa-los-proyectos-que-seran-parte-del-proximo-congreso-regional-de-investigacion-e-innovacion-escolar-en-valparaiso\/#primaryimage\"},\"image\":{\"@id\":\"https:\/\/dev.explora.cl\/valparaiso\/revisa-los-proyectos-que-seran-parte-del-proximo-congreso-regional-de-investigacion-e-innovacion-escolar-en-valparaiso\/#primaryimage\"},\"thumbnailUrl\":\"https:\/\/dev.explora.cl\/valparaiso\/wp-content\/uploads\/sites\/7\/2021\/10\/Revisa-los-proyectos-seleccionados.png\",\"datePublished\":\"2021-10-19T21:11:40+00:00\",\"dateModified\":\"2021-12-06T14:16:55+00:00\",\"breadcrumb\":{\"@id\":\"https:\/\/dev.explora.cl\/valparaiso\/revisa-los-proyectos-que-seran-parte-del-proximo-congreso-regional-de-investigacion-e-innovacion-escolar-en-valparaiso\/#breadcrumb\"},\"inLanguage\":\"es-CL\",\"potentialAction\":[{\"@type\":\"ReadAction\",\"target\":[\"https:\/\/dev.explora.cl\/valparaiso\/revisa-los-proyectos-que-seran-parte-del-proximo-congreso-regional-de-investigacion-e-innovacion-escolar-en-valparaiso\/\"]}]},{\"@type\":\"ImageObject\",\"inLanguage\":\"es-CL\",\"@id\":\"https:\/\/dev.explora.cl\/valparaiso\/revisa-los-proyectos-que-seran-parte-del-proximo-congreso-regional-de-investigacion-e-innovacion-escolar-en-valparaiso\/#primaryimage\",\"url\":\"https:\/\/dev.explora.cl\/valparaiso\/wp-content\/uploads\/sites\/7\/2021\/10\/Revisa-los-proyectos-seleccionados.png\",\"contentUrl\":\"https:\/\/dev.explora.cl\/valparaiso\/wp-content\/uploads\/sites\/7\/2021\/10\/Revisa-los-proyectos-seleccionados.png\",\"width\":2250,\"height\":1371},{\"@type\":\"BreadcrumbList\",\"@id\":\"https:\/\/dev.explora.cl\/valparaiso\/revisa-los-proyectos-que-seran-parte-del-proximo-congreso-regional-de-investigacion-e-innovacion-escolar-en-valparaiso\/#breadcrumb\",\"itemListElement\":[{\"@type\":\"ListItem\",\"position\":1,\"name\":\"Portada\",\"item\":\"https:\/\/dev.explora.cl\/valparaiso\/\"},{\"@type\":\"ListItem\",\"position\":2,\"name\":\"Revisa los proyectos que fueron parte del Congreso Regional de Investigaci\u00f3n e Innovaci\u00f3n Escolar\"}]},{\"@type\":\"WebSite\",\"@id\":\"https:\/\/dev.explora.cl\/valparaiso\/#website\",\"url\":\"https:\/\/dev.explora.cl\/valparaiso\/\",\"name\":\"Valpara\u00edso\",\"description\":\"Otro sitio m\u00e1s de dev.explora.cl\",\"publisher\":{\"@id\":\"https:\/\/dev.explora.cl\/valparaiso\/#organization\"},\"potentialAction\":[{\"@type\":\"SearchAction\",\"target\":{\"@type\":\"EntryPoint\",\"urlTemplate\":\"https:\/\/dev.explora.cl\/valparaiso\/?s={search_term_string}\"},\"query-input\":{\"@type\":\"PropertyValueSpecification\",\"valueRequired\":true,\"valueName\":\"search_term_string\"}}],\"inLanguage\":\"es-CL\"},{\"@type\":\"Organization\",\"@id\":\"https:\/\/dev.explora.cl\/valparaiso\/#organization\",\"name\":\"Valpara\u00edso\",\"url\":\"https:\/\/dev.explora.cl\/valparaiso\/\",\"logo\":{\"@type\":\"ImageObject\",\"inLanguage\":\"es-CL\",\"@id\":\"https:\/\/dev.explora.cl\/valparaiso\/#\/schema\/logo\/image\/\",\"url\":\"https:\/\/dev.explora.cl\/valparaiso\/wp-content\/uploads\/sites\/7\/2019\/06\/cropped-logo-explora-color.jpg\",\"contentUrl\":\"https:\/\/dev.explora.cl\/valparaiso\/wp-content\/uploads\/sites\/7\/2019\/06\/cropped-logo-explora-color.jpg\",\"width\":2035,\"height\":584,\"caption\":\"Valpara\u00edso\"},\"image\":{\"@id\":\"https:\/\/dev.explora.cl\/valparaiso\/#\/schema\/logo\/image\/\"}},{\"@type\":\"Person\",\"@id\":\"https:\/\/dev.explora.cl\/valparaiso\/#\/schema\/person\/c15e69495b8dbe0af0102f6bca43ba5d\",\"name\":\"jcastaneda\",\"image\":{\"@type\":\"ImageObject\",\"inLanguage\":\"es-CL\",\"@id\":\"https:\/\/dev.explora.cl\/valparaiso\/#\/schema\/person\/image\/\",\"url\":\"https:\/\/secure.gravatar.com\/avatar\/f26661a8eef2f6444d9633928ef0219fd69e41c5be1ef5ef16afeee7cd4df675?s=96&d=mm&r=g\",\"contentUrl\":\"https:\/\/secure.gravatar.com\/avatar\/f26661a8eef2f6444d9633928ef0219fd69e41c5be1ef5ef16afeee7cd4df675?s=96&d=mm&r=g\",\"caption\":\"jcastaneda\"},\"url\":\"https:\/\/dev.explora.cl\/valparaiso\/author\/jcastaneda\/\"}]}<\/script>\n<!-- \/ Yoast SEO plugin. -->","yoast_head_json":{"title":"Revisa los proyectos que fueron parte del Congreso Regional de Investigaci\u00f3n e Innovaci\u00f3n Escolar - Valpara\u00edso","robots":{"index":"index","follow":"follow","max-snippet":"max-snippet:-1","max-image-preview":"max-image-preview:large","max-video-preview":"max-video-preview:-1"},"canonical":"https:\/\/dev.explora.cl\/valparaiso\/revisa-los-proyectos-que-seran-parte-del-proximo-congreso-regional-de-investigacion-e-innovacion-escolar-en-valparaiso\/","og_locale":"es_ES","og_type":"article","og_title":"Revisa los proyectos que fueron parte del Congreso Regional de Investigaci\u00f3n e Innovaci\u00f3n Escolar - Valpara\u00edso","og_description":"El pr\u00f3ximo 10 y 11 de noviembre se realizar\u00e1 una nueva versi\u00f3n del Congreso Regional, en el que escolares de 5\u00b0 b\u00e1sico a 4\u00b0 medio presentar\u00e1n los m\u00e1s innovadores proyectos de investigaci\u00f3n e innovaci\u00f3n realizados durante el 2021.\u00a0","og_url":"https:\/\/dev.explora.cl\/valparaiso\/revisa-los-proyectos-que-seran-parte-del-proximo-congreso-regional-de-investigacion-e-innovacion-escolar-en-valparaiso\/","og_site_name":"Valpara\u00edso","article_published_time":"2021-10-19T21:11:40+00:00","article_modified_time":"2021-12-06T14:16:55+00:00","og_image":[{"width":2250,"height":1371,"url":"https:\/\/dev.explora.cl\/valparaiso\/wp-content\/uploads\/sites\/7\/2021\/10\/Revisa-los-proyectos-seleccionados.png","type":"image\/png"}],"author":"jcastaneda","twitter_card":"summary_large_image","twitter_misc":{"Escrito por":"jcastaneda","Tiempo estimado de lectura":"1 minuto"},"schema":{"@context":"https:\/\/schema.org","@graph":[{"@type":"Article","@id":"https:\/\/dev.explora.cl\/valparaiso\/revisa-los-proyectos-que-seran-parte-del-proximo-congreso-regional-de-investigacion-e-innovacion-escolar-en-valparaiso\/#article","isPartOf":{"@id":"https:\/\/dev.explora.cl\/valparaiso\/revisa-los-proyectos-que-seran-parte-del-proximo-congreso-regional-de-investigacion-e-innovacion-escolar-en-valparaiso\/"},"author":{"name":"jcastaneda","@id":"https:\/\/dev.explora.cl\/valparaiso\/#\/schema\/person\/c15e69495b8dbe0af0102f6bca43ba5d"},"headline":"Revisa los proyectos que fueron parte del Congreso Regional de Investigaci\u00f3n e Innovaci\u00f3n Escolar","datePublished":"2021-10-19T21:11:40+00:00","dateModified":"2021-12-06T14:16:55+00:00","mainEntityOfPage":{"@id":"https:\/\/dev.explora.cl\/valparaiso\/revisa-los-proyectos-que-seran-parte-del-proximo-congreso-regional-de-investigacion-e-innovacion-escolar-en-valparaiso\/"},"wordCount":310,"commentCount":0,"publisher":{"@id":"https:\/\/dev.explora.cl\/valparaiso\/#organization"},"image":{"@id":"https:\/\/dev.explora.cl\/valparaiso\/revisa-los-proyectos-que-seran-parte-del-proximo-congreso-regional-de-investigacion-e-innovacion-escolar-en-valparaiso\/#primaryimage"},"thumbnailUrl":"https:\/\/dev.explora.cl\/valparaiso\/wp-content\/uploads\/sites\/7\/2021\/10\/Revisa-los-proyectos-seleccionados.png","keywords":["Academias EXPLORA","Congreso Regional","Congreso Regional Explora de Investigaci\u00f3n e Innovaci\u00f3n Escolar","cultura cientifica","educaci\u00f3n b\u00e1sica y media","EXPLORA","investigaci\u00f3n cient\u00edfica escolar","investigaci\u00f3n e innovaci\u00f3n escolar","jovenes","ni\u00f1os y ni\u00f1as","Proyecto Asociativo Regional EXPLORA Valparaiso","proyectos seleccionados","Regi\u00f3n de Valpara\u00edso","valparaiso"],"articleSection":["Noticias"],"inLanguage":"es-CL","potentialAction":[{"@type":"CommentAction","name":"Comment","target":["https:\/\/dev.explora.cl\/valparaiso\/revisa-los-proyectos-que-seran-parte-del-proximo-congreso-regional-de-investigacion-e-innovacion-escolar-en-valparaiso\/#respond"]}]},{"@type":"WebPage","@id":"https:\/\/dev.explora.cl\/valparaiso\/revisa-los-proyectos-que-seran-parte-del-proximo-congreso-regional-de-investigacion-e-innovacion-escolar-en-valparaiso\/","url":"https:\/\/dev.explora.cl\/valparaiso\/revisa-los-proyectos-que-seran-parte-del-proximo-congreso-regional-de-investigacion-e-innovacion-escolar-en-valparaiso\/","name":"Revisa los proyectos que fueron parte del Congreso Regional de Investigaci\u00f3n e Innovaci\u00f3n Escolar - Valpara\u00edso","isPartOf":{"@id":"https:\/\/dev.explora.cl\/valparaiso\/#website"},"primaryImageOfPage":{"@id":"https:\/\/dev.explora.cl\/valparaiso\/revisa-los-proyectos-que-seran-parte-del-proximo-congreso-regional-de-investigacion-e-innovacion-escolar-en-valparaiso\/#primaryimage"},"image":{"@id":"https:\/\/dev.explora.cl\/valparaiso\/revisa-los-proyectos-que-seran-parte-del-proximo-congreso-regional-de-investigacion-e-innovacion-escolar-en-valparaiso\/#primaryimage"},"thumbnailUrl":"https:\/\/dev.explora.cl\/valparaiso\/wp-content\/uploads\/sites\/7\/2021\/10\/Revisa-los-proyectos-seleccionados.png","datePublished":"2021-10-19T21:11:40+00:00","dateModified":"2021-12-06T14:16:55+00:00","breadcrumb":{"@id":"https:\/\/dev.explora.cl\/valparaiso\/revisa-los-proyectos-que-seran-parte-del-proximo-congreso-regional-de-investigacion-e-innovacion-escolar-en-valparaiso\/#breadcrumb"},"inLanguage":"es-CL","potentialAction":[{"@type":"ReadAction","target":["https:\/\/dev.explora.cl\/valparaiso\/revisa-los-proyectos-que-seran-parte-del-proximo-congreso-regional-de-investigacion-e-innovacion-escolar-en-valparaiso\/"]}]},{"@type":"ImageObject","inLanguage":"es-CL","@id":"https:\/\/dev.explora.cl\/valparaiso\/revisa-los-proyectos-que-seran-parte-del-proximo-congreso-regional-de-investigacion-e-innovacion-escolar-en-valparaiso\/#primaryimage","url":"https:\/\/dev.explora.cl\/valparaiso\/wp-content\/uploads\/sites\/7\/2021\/10\/Revisa-los-proyectos-seleccionados.png","contentUrl":"https:\/\/dev.explora.cl\/valparaiso\/wp-content\/uploads\/sites\/7\/2021\/10\/Revisa-los-proyectos-seleccionados.png","width":2250,"height":1371},{"@type":"BreadcrumbList","@id":"https:\/\/dev.explora.cl\/valparaiso\/revisa-los-proyectos-que-seran-parte-del-proximo-congreso-regional-de-investigacion-e-innovacion-escolar-en-valparaiso\/#breadcrumb","itemListElement":[{"@type":"ListItem","position":1,"name":"Portada","item":"https:\/\/dev.explora.cl\/valparaiso\/"},{"@type":"ListItem","position":2,"name":"Revisa los proyectos que fueron parte del Congreso Regional de Investigaci\u00f3n e Innovaci\u00f3n Escolar"}]},{"@type":"WebSite","@id":"https:\/\/dev.explora.cl\/valparaiso\/#website","url":"https:\/\/dev.explora.cl\/valparaiso\/","name":"Valpara\u00edso","description":"Otro sitio m\u00e1s de dev.explora.cl","publisher":{"@id":"https:\/\/dev.explora.cl\/valparaiso\/#organization"},"potentialAction":[{"@type":"SearchAction","target":{"@type":"EntryPoint","urlTemplate":"https:\/\/dev.explora.cl\/valparaiso\/?s={search_term_string}"},"query-input":{"@type":"PropertyValueSpecification","valueRequired":true,"valueName":"search_term_string"}}],"inLanguage":"es-CL"},{"@type":"Organization","@id":"https:\/\/dev.explora.cl\/valparaiso\/#organization","name":"Valpara\u00edso","url":"https:\/\/dev.explora.cl\/valparaiso\/","logo":{"@type":"ImageObject","inLanguage":"es-CL","@id":"https:\/\/dev.explora.cl\/valparaiso\/#\/schema\/logo\/image\/","url":"https:\/\/dev.explora.cl\/valparaiso\/wp-content\/uploads\/sites\/7\/2019\/06\/cropped-logo-explora-color.jpg","contentUrl":"https:\/\/dev.explora.cl\/valparaiso\/wp-content\/uploads\/sites\/7\/2019\/06\/cropped-logo-explora-color.jpg","width":2035,"height":584,"caption":"Valpara\u00edso"},"image":{"@id":"https:\/\/dev.explora.cl\/valparaiso\/#\/schema\/logo\/image\/"}},{"@type":"Person","@id":"https:\/\/dev.explora.cl\/valparaiso\/#\/schema\/person\/c15e69495b8dbe0af0102f6bca43ba5d","name":"jcastaneda","image":{"@type":"ImageObject","inLanguage":"es-CL","@id":"https:\/\/dev.explora.cl\/valparaiso\/#\/schema\/person\/image\/","url":"https:\/\/secure.gravatar.com\/avatar\/f26661a8eef2f6444d9633928ef0219fd69e41c5be1ef5ef16afeee7cd4df675?s=96&d=mm&r=g","contentUrl":"https:\/\/secure.gravatar.com\/avatar\/f26661a8eef2f6444d9633928ef0219fd69e41c5be1ef5ef16afeee7cd4df675?s=96&d=mm&r=g","caption":"jcastaneda"},"url":"https:\/\/dev.explora.cl\/valparaiso\/author\/jcastaneda\/"}]}},"_links":{"self":[{"href":"https:\/\/dev.explora.cl\/valparaiso\/wp-json\/wp\/v2\/posts\/41637","targetHints":{"allow":["GET"]}}],"collection":[{"href":"https:\/\/dev.explora.cl\/valparaiso\/wp-json\/wp\/v2\/posts"}],"about":[{"href":"https:\/\/dev.explora.cl\/valparaiso\/wp-json\/wp\/v2\/types\/post"}],"author":[{"embeddable":true,"href":"https:\/\/dev.explora.cl\/valparaiso\/wp-json\/wp\/v2\/users\/22"}],"replies":[{"embeddable":true,"href":"https:\/\/dev.explora.cl\/valparaiso\/wp-json\/wp\/v2\/comments?post=41637"}],"version-history":[{"count":2,"href":"https:\/\/dev.explora.cl\/valparaiso\/wp-json\/wp\/v2\/posts\/41637\/revisions"}],"predecessor-version":[{"id":41781,"href":"https:\/\/dev.explora.cl\/valparaiso\/wp-json\/wp\/v2\/posts\/41637\/revisions\/41781"}],"wp:featuredmedia":[{"embeddable":true,"href":"https:\/\/dev.explora.cl\/valparaiso\/wp-json\/wp\/v2\/media\/41639"}],"wp:attachment":[{"href":"https:\/\/dev.explora.cl\/valparaiso\/wp-json\/wp\/v2\/media?parent=41637"}],"wp:term":[{"taxonomy":"category","embeddable":true,"href":"https:\/\/dev.explora.cl\/valparaiso\/wp-json\/wp\/v2\/categories?post=41637"},{"taxonomy":"post_tag","embeddable":true,"href":"https:\/\/dev.explora.cl\/valparaiso\/wp-json\/wp\/v2\/tags?post=41637"}],"curies":[{"name":"wp","href":"https:\/\/api.w.org\/{rel}","templated":true}]}}