{"id":41615,"date":"2021-10-18T13:12:25","date_gmt":"2021-10-18T16:12:25","guid":{"rendered":"https:\/\/dev.explora.cl\/valparaiso\/?p=41615"},"modified":"2021-11-19T11:48:38","modified_gmt":"2021-11-19T14:48:38","slug":"abierta-la-convocatoria-si-eres-docente-o-educador-a-de-parvulos-se-parte-del-campamento-explora-va-2021","status":"publish","type":"post","link":"https:\/\/dev.explora.cl\/valparaiso\/abierta-la-convocatoria-si-eres-docente-o-educador-a-de-parvulos-se-parte-del-campamento-explora-va-2021\/","title":{"rendered":"\u00a1Plazo extendido! Si eres docente o educador\/a de p\u00e1rvulos s\u00e9 parte del Campamento Explora VA!"},"content":{"rendered":"<h3><span style=\"font-weight: 400\">Hasta el 15 de noviembre estar\u00e1n abiertas las postulaciones a esta iniciativa que busca ser una experiencia \u00fanica de intercambio y aprendizaje para profesionales de la educaci\u00f3n de la Regi\u00f3n de Valpara\u00edso. <\/span><!--more--><\/h3>\n<p><span style=\"font-weight: 400\">Con el objetivo de apoyar la apropiaci\u00f3n de herramientas pedag\u00f3gicas basadas en el Modelo de Competencias para apoyar la Educaci\u00f3n en Ciencias y Conocimiento del Programa Explora, as\u00ed como formar comunidades de aprendizaje y redes de colaboraci\u00f3n entre docentes; es que el Proyecto Explora Valpara\u00edso, del Ministerio de Ciencia,\u00a0 abre las postulaciones para un nuevo Campamento Explora VA!\u00a0<\/span><\/p>\n<p><span style=\"font-weight: 400\">Este es un espacio de formaci\u00f3n gratuito en el que profesionales de la educaci\u00f3n podr\u00e1n\u00a0 desarrollar competencias para favorecer la elaboraci\u00f3n de proyectos cient\u00edficos escolares con pertinencia local e incentivar as\u00ed una cultura cient\u00edfica en sus establecimientos educacionales.\u00a0<\/span><\/p>\n<p><span style=\"font-weight: 400\">La convocatoria de este a\u00f1o est\u00e1 dirigida a educadores\/as de p\u00e1rvulo y docentes de Educaci\u00f3n B\u00e1sica y Media- de cualquier disciplina- de las 38 comunas de la Regi\u00f3n de Valpara\u00edso, a quienes se les invita a postular a uno de los 25 cupos que ofrece la instancia y as\u00ed vivir una experiencia \u00fanica de intercambio y aprendizaje con sus pares.<\/span><\/p>\n<p><span style=\"font-weight: 400\">Durante el Campamento, los y las profesionales ser\u00e1n parte de diversas actividades y din\u00e1micas grupales en las que podr\u00e1n compartir, reflexionar y mejorar en conjunto sus pr\u00e1cticas pedag\u00f3gicas asociadas a las ciencias y la innovaci\u00f3n; adquiriendo una base cient\u00edfica que permita, desde el aula, a ni\u00f1as, ni\u00f1os y j\u00f3venes plantearse preguntas que ampl\u00eden su comprensi\u00f3n del mundo natural y\/o social y tomar decisiones informadas.\u00a0<\/span><\/p>\n<p><span style=\"font-weight: 400\">Una novedad, es que en esta nueva versi\u00f3n el Campamento se desarrollar\u00e1 en modalidad h\u00edbrida, existiendo dos fases de realizaci\u00f3n. La primera se trata de la implementaci\u00f3n de la iniciativa, que se realizar\u00e1 a trav\u00e9s de dos jornadas presenciales el 4 y el 14 de enero y actividades virtuales sincr\u00f3nicas desarrolladas entre el 5 y el 13 del mismo mes<\/span><span style=\"font-weight: 400\">. Mientras que\u00a0 la segunda etapa, de acompa\u00f1amiento, se desarrollar\u00e1 entre\u00a0 abril y octubre 2022. En ella los y las participantes tendr\u00e1n la oportunidad de aplicar los aprendizajes adquiridos en el Campamento en sus establecimientos educacionales, siendo asesorados\/as y acompa\u00f1ados en todo momento por el equipo de Explora Valpara\u00edso.\u00a0<\/span><\/p>\n<p><span style=\"font-weight: 400\">Adem\u00e1s, siendo parte de esta iniciativa, obtendr\u00e1s un diploma de reconocimiento y la posibilidad de articular tu experiencia con otras iniciativas ejecutadas por Explora Valpara\u00edso; como la Red Docente, el Programa de Indagaci\u00f3n para Primeras Edades (PIPE) o Investigaci\u00f3n e Innovaci\u00f3n Escolar (Academias Explora)<\/span><\/p>\n<p><span style=\"font-weight: 400\">\u00a1No quedes fuera de esta gran experiencia! <a href=\"https:\/\/dev.explora.cl\/valparaiso\/abierta-la-convocatoria-si-eres-docente-o-educador-a-de-parvulos-se-parte-del-campamento-explora-va-2021\/convocatoria-campamento-explora-va-2021-vf-1\/\"><strong>Revisa aqu\u00ed las bases de la convocatoria<\/strong><\/a><\/span><strong>\u00a0<\/strong><span style=\"font-weight: 400\"><strong>y postula hasta el 15 de noviembre<\/strong>,<strong> a las 18:00 horas,<\/strong> a trav\u00e9s del formulario de postulaci\u00f3n disponible en <\/span><a href=\"https:\/\/forms.gle\/fdhDcoQggHCmhfi88\"><b>este enlace<\/b><\/a><span style=\"font-weight: 400\">. Recuerda: Al final del formulario, debes adjuntar toda la documentaci\u00f3n exigida: consentimiento y cesi\u00f3n de imagen, certificado de inhabilidad de trabajo con menores y la carta de apoyo emitida por la directora o director de tu establecimiento educacional.<\/span><strong> Podr\u00e1s encontrar y descargar estos documentos, desde la misma convocatoria.<\/strong><\/p>\n<p><span style=\"font-weight: 400\">Adem\u00e1s, quienes sean admitidos\/as, deber\u00e1n participar en la reuni\u00f3n virtual \u201cCompromiso Campista\u201d, el jueves 16 de diciembre a las 16:00 horas. En caso de consultas o para m\u00e1s informaci\u00f3n comunicarse al correo <\/span><a href=\"mailto:campamentoexplora@pucv.cl\"><span style=\"font-weight: 400\">campamentoexplora@pucv.cl<\/span><\/a><span style=\"font-weight: 400\">.<\/span><\/p>\n<p><span style=\"font-weight: 400\">Ent\u00e9rate de estas y m\u00e1s iniciativas siguiendo a @exploravalpo en Facebook, Twitter e Instagram y entre todos y todas fortalezcamos la cultura cient\u00edfica en la Regi\u00f3n de Valpara\u00edso. <\/span><\/p>\n","protected":false},"excerpt":{"rendered":"<p>Hasta el 15 de noviembre estar\u00e1n abiertas las postulaciones a esta iniciativa que busca ser una experiencia \u00fanica de intercambio y aprendizaje para profesionales de la educaci\u00f3n de la Regi\u00f3n de Valpara\u00edso.<\/p>\n","protected":false},"author":22,"featured_media":41715,"comment_status":"open","ping_status":"open","sticky":false,"template":"","format":"standard","meta":{"_acf_changed":false,"_exactmetrics_skip_tracking":false,"_exactmetrics_sitenote_active":false,"_exactmetrics_sitenote_note":"","_exactmetrics_sitenote_category":0,"footnotes":"","_links_to":"","_links_to_target":""},"categories":[4],"tags":[522,1113,842,1115,1117,855,837,1118,1119,1116,68,1114,174],"class_list":["post-41615","post","type-post","status-publish","format-standard","has-post-thumbnail","hentry","category-noticias","tag-academias-explora","tag-campamento-explora","tag-campamento-explorava","tag-docentes-y-profesores","tag-educacion-basica-y-media","tag-explorava","tag-minciencia","tag-ministerio-de-educacion","tag-profesionales-de-la-educacion","tag-profesoras-y-profesores","tag-programa-explora","tag-proyecto-explora-valparaiso","tag-region-de-valparaiso"],"acf":[],"yoast_head":"<!-- This site is optimized with the Yoast SEO plugin v26.7 - https:\/\/yoast.com\/wordpress\/plugins\/seo\/ -->\n<title>\u00a1Plazo extendido! Si eres docente o educador\/a de p\u00e1rvulos s\u00e9 parte del Campamento Explora VA! - Valpara\u00edso<\/title>\n<meta name=\"robots\" content=\"index, follow, max-snippet:-1, max-image-preview:large, max-video-preview:-1\" \/>\n<link rel=\"canonical\" href=\"https:\/\/dev.explora.cl\/valparaiso\/abierta-la-convocatoria-si-eres-docente-o-educador-a-de-parvulos-se-parte-del-campamento-explora-va-2021\/\" class=\"yoast-seo-meta-tag\" \/>\n<meta property=\"og:locale\" content=\"es_ES\" class=\"yoast-seo-meta-tag\" \/>\n<meta property=\"og:type\" content=\"article\" class=\"yoast-seo-meta-tag\" \/>\n<meta property=\"og:title\" content=\"\u00a1Plazo extendido! Si eres docente o educador\/a de p\u00e1rvulos s\u00e9 parte del Campamento Explora VA! - Valpara\u00edso\" class=\"yoast-seo-meta-tag\" \/>\n<meta property=\"og:description\" content=\"Hasta el 15 de noviembre estar\u00e1n abiertas las postulaciones a esta iniciativa que busca ser una experiencia \u00fanica de intercambio y aprendizaje para profesionales de la educaci\u00f3n de la Regi\u00f3n de Valpara\u00edso.\" class=\"yoast-seo-meta-tag\" \/>\n<meta property=\"og:url\" content=\"https:\/\/dev.explora.cl\/valparaiso\/abierta-la-convocatoria-si-eres-docente-o-educador-a-de-parvulos-se-parte-del-campamento-explora-va-2021\/\" class=\"yoast-seo-meta-tag\" \/>\n<meta property=\"og:site_name\" content=\"Valpara\u00edso\" class=\"yoast-seo-meta-tag\" \/>\n<meta property=\"article:published_time\" content=\"2021-10-18T16:12:25+00:00\" class=\"yoast-seo-meta-tag\" \/>\n<meta property=\"article:modified_time\" content=\"2021-11-19T14:48:38+00:00\" class=\"yoast-seo-meta-tag\" \/>\n<meta property=\"og:image\" content=\"https:\/\/dev.explora.cl\/valparaiso\/wp-content\/uploads\/sites\/7\/2021\/10\/Banner-15_11.png\" class=\"yoast-seo-meta-tag\" \/>\n\t<meta property=\"og:image:width\" content=\"2264\" class=\"yoast-seo-meta-tag\" \/>\n\t<meta property=\"og:image:height\" content=\"1400\" class=\"yoast-seo-meta-tag\" \/>\n\t<meta property=\"og:image:type\" content=\"image\/png\" class=\"yoast-seo-meta-tag\" \/>\n<meta name=\"author\" content=\"jcastaneda\" class=\"yoast-seo-meta-tag\" \/>\n<meta name=\"twitter:card\" content=\"summary_large_image\" class=\"yoast-seo-meta-tag\" \/>\n<meta name=\"twitter:label1\" content=\"Escrito por\" class=\"yoast-seo-meta-tag\" \/>\n\t<meta name=\"twitter:data1\" content=\"jcastaneda\" class=\"yoast-seo-meta-tag\" \/>\n\t<meta name=\"twitter:label2\" content=\"Tiempo estimado de lectura\" class=\"yoast-seo-meta-tag\" \/>\n\t<meta name=\"twitter:data2\" content=\"3 minutos\" class=\"yoast-seo-meta-tag\" \/>\n<script type=\"application\/ld+json\" class=\"yoast-schema-graph\">{\"@context\":\"https:\/\/schema.org\",\"@graph\":[{\"@type\":\"Article\",\"@id\":\"https:\/\/dev.explora.cl\/valparaiso\/abierta-la-convocatoria-si-eres-docente-o-educador-a-de-parvulos-se-parte-del-campamento-explora-va-2021\/#article\",\"isPartOf\":{\"@id\":\"https:\/\/dev.explora.cl\/valparaiso\/abierta-la-convocatoria-si-eres-docente-o-educador-a-de-parvulos-se-parte-del-campamento-explora-va-2021\/\"},\"author\":{\"name\":\"jcastaneda\",\"@id\":\"https:\/\/dev.explora.cl\/valparaiso\/#\/schema\/person\/c15e69495b8dbe0af0102f6bca43ba5d\"},\"headline\":\"\u00a1Plazo extendido! Si eres docente o educador\/a de p\u00e1rvulos s\u00e9 parte del Campamento Explora VA!\",\"datePublished\":\"2021-10-18T16:12:25+00:00\",\"dateModified\":\"2021-11-19T14:48:38+00:00\",\"mainEntityOfPage\":{\"@id\":\"https:\/\/dev.explora.cl\/valparaiso\/abierta-la-convocatoria-si-eres-docente-o-educador-a-de-parvulos-se-parte-del-campamento-explora-va-2021\/\"},\"wordCount\":623,\"commentCount\":0,\"publisher\":{\"@id\":\"https:\/\/dev.explora.cl\/valparaiso\/#organization\"},\"image\":{\"@id\":\"https:\/\/dev.explora.cl\/valparaiso\/abierta-la-convocatoria-si-eres-docente-o-educador-a-de-parvulos-se-parte-del-campamento-explora-va-2021\/#primaryimage\"},\"thumbnailUrl\":\"https:\/\/dev.explora.cl\/valparaiso\/wp-content\/uploads\/sites\/7\/2021\/10\/Banner-15_11.png\",\"keywords\":[\"Academias EXPLORA\",\"Campamento Explora\",\"Campamento ExploraVA\",\"docentes y profesores\",\"educaci\u00f3n b\u00e1sica y media\",\"ExploraVA!\",\"MinCiencia\",\"ministerio de educaci\u00f3n\",\"profesionales de la educaci\u00f3n\",\"profesoras y profesores\",\"programa EXPLORA\",\"Proyecto Explora Valpara\u00edso\",\"Regi\u00f3n de Valpara\u00edso\"],\"articleSection\":[\"Noticias\"],\"inLanguage\":\"es-CL\",\"potentialAction\":[{\"@type\":\"CommentAction\",\"name\":\"Comment\",\"target\":[\"https:\/\/dev.explora.cl\/valparaiso\/abierta-la-convocatoria-si-eres-docente-o-educador-a-de-parvulos-se-parte-del-campamento-explora-va-2021\/#respond\"]}]},{\"@type\":\"WebPage\",\"@id\":\"https:\/\/dev.explora.cl\/valparaiso\/abierta-la-convocatoria-si-eres-docente-o-educador-a-de-parvulos-se-parte-del-campamento-explora-va-2021\/\",\"url\":\"https:\/\/dev.explora.cl\/valparaiso\/abierta-la-convocatoria-si-eres-docente-o-educador-a-de-parvulos-se-parte-del-campamento-explora-va-2021\/\",\"name\":\"\u00a1Plazo extendido! Si eres docente o educador\/a de p\u00e1rvulos s\u00e9 parte del Campamento Explora VA! - Valpara\u00edso\",\"isPartOf\":{\"@id\":\"https:\/\/dev.explora.cl\/valparaiso\/#website\"},\"primaryImageOfPage\":{\"@id\":\"https:\/\/dev.explora.cl\/valparaiso\/abierta-la-convocatoria-si-eres-docente-o-educador-a-de-parvulos-se-parte-del-campamento-explora-va-2021\/#primaryimage\"},\"image\":{\"@id\":\"https:\/\/dev.explora.cl\/valparaiso\/abierta-la-convocatoria-si-eres-docente-o-educador-a-de-parvulos-se-parte-del-campamento-explora-va-2021\/#primaryimage\"},\"thumbnailUrl\":\"https:\/\/dev.explora.cl\/valparaiso\/wp-content\/uploads\/sites\/7\/2021\/10\/Banner-15_11.png\",\"datePublished\":\"2021-10-18T16:12:25+00:00\",\"dateModified\":\"2021-11-19T14:48:38+00:00\",\"breadcrumb\":{\"@id\":\"https:\/\/dev.explora.cl\/valparaiso\/abierta-la-convocatoria-si-eres-docente-o-educador-a-de-parvulos-se-parte-del-campamento-explora-va-2021\/#breadcrumb\"},\"inLanguage\":\"es-CL\",\"potentialAction\":[{\"@type\":\"ReadAction\",\"target\":[\"https:\/\/dev.explora.cl\/valparaiso\/abierta-la-convocatoria-si-eres-docente-o-educador-a-de-parvulos-se-parte-del-campamento-explora-va-2021\/\"]}]},{\"@type\":\"ImageObject\",\"inLanguage\":\"es-CL\",\"@id\":\"https:\/\/dev.explora.cl\/valparaiso\/abierta-la-convocatoria-si-eres-docente-o-educador-a-de-parvulos-se-parte-del-campamento-explora-va-2021\/#primaryimage\",\"url\":\"https:\/\/dev.explora.cl\/valparaiso\/wp-content\/uploads\/sites\/7\/2021\/10\/Banner-15_11.png\",\"contentUrl\":\"https:\/\/dev.explora.cl\/valparaiso\/wp-content\/uploads\/sites\/7\/2021\/10\/Banner-15_11.png\",\"width\":2264,\"height\":1400},{\"@type\":\"BreadcrumbList\",\"@id\":\"https:\/\/dev.explora.cl\/valparaiso\/abierta-la-convocatoria-si-eres-docente-o-educador-a-de-parvulos-se-parte-del-campamento-explora-va-2021\/#breadcrumb\",\"itemListElement\":[{\"@type\":\"ListItem\",\"position\":1,\"name\":\"Portada\",\"item\":\"https:\/\/dev.explora.cl\/valparaiso\/\"},{\"@type\":\"ListItem\",\"position\":2,\"name\":\"\u00a1Plazo extendido! Si eres docente o educador\/a de p\u00e1rvulos s\u00e9 parte del Campamento Explora VA!\"}]},{\"@type\":\"WebSite\",\"@id\":\"https:\/\/dev.explora.cl\/valparaiso\/#website\",\"url\":\"https:\/\/dev.explora.cl\/valparaiso\/\",\"name\":\"Valpara\u00edso\",\"description\":\"Otro sitio m\u00e1s de dev.explora.cl\",\"publisher\":{\"@id\":\"https:\/\/dev.explora.cl\/valparaiso\/#organization\"},\"potentialAction\":[{\"@type\":\"SearchAction\",\"target\":{\"@type\":\"EntryPoint\",\"urlTemplate\":\"https:\/\/dev.explora.cl\/valparaiso\/?s={search_term_string}\"},\"query-input\":{\"@type\":\"PropertyValueSpecification\",\"valueRequired\":true,\"valueName\":\"search_term_string\"}}],\"inLanguage\":\"es-CL\"},{\"@type\":\"Organization\",\"@id\":\"https:\/\/dev.explora.cl\/valparaiso\/#organization\",\"name\":\"Valpara\u00edso\",\"url\":\"https:\/\/dev.explora.cl\/valparaiso\/\",\"logo\":{\"@type\":\"ImageObject\",\"inLanguage\":\"es-CL\",\"@id\":\"https:\/\/dev.explora.cl\/valparaiso\/#\/schema\/logo\/image\/\",\"url\":\"https:\/\/dev.explora.cl\/valparaiso\/wp-content\/uploads\/sites\/7\/2019\/06\/cropped-logo-explora-color.jpg\",\"contentUrl\":\"https:\/\/dev.explora.cl\/valparaiso\/wp-content\/uploads\/sites\/7\/2019\/06\/cropped-logo-explora-color.jpg\",\"width\":2035,\"height\":584,\"caption\":\"Valpara\u00edso\"},\"image\":{\"@id\":\"https:\/\/dev.explora.cl\/valparaiso\/#\/schema\/logo\/image\/\"}},{\"@type\":\"Person\",\"@id\":\"https:\/\/dev.explora.cl\/valparaiso\/#\/schema\/person\/c15e69495b8dbe0af0102f6bca43ba5d\",\"name\":\"jcastaneda\",\"image\":{\"@type\":\"ImageObject\",\"inLanguage\":\"es-CL\",\"@id\":\"https:\/\/dev.explora.cl\/valparaiso\/#\/schema\/person\/image\/\",\"url\":\"https:\/\/secure.gravatar.com\/avatar\/f26661a8eef2f6444d9633928ef0219fd69e41c5be1ef5ef16afeee7cd4df675?s=96&d=mm&r=g\",\"contentUrl\":\"https:\/\/secure.gravatar.com\/avatar\/f26661a8eef2f6444d9633928ef0219fd69e41c5be1ef5ef16afeee7cd4df675?s=96&d=mm&r=g\",\"caption\":\"jcastaneda\"},\"url\":\"https:\/\/dev.explora.cl\/valparaiso\/author\/jcastaneda\/\"}]}<\/script>\n<!-- \/ Yoast SEO plugin. -->","yoast_head_json":{"title":"\u00a1Plazo extendido! Si eres docente o educador\/a de p\u00e1rvulos s\u00e9 parte del Campamento Explora VA! - Valpara\u00edso","robots":{"index":"index","follow":"follow","max-snippet":"max-snippet:-1","max-image-preview":"max-image-preview:large","max-video-preview":"max-video-preview:-1"},"canonical":"https:\/\/dev.explora.cl\/valparaiso\/abierta-la-convocatoria-si-eres-docente-o-educador-a-de-parvulos-se-parte-del-campamento-explora-va-2021\/","og_locale":"es_ES","og_type":"article","og_title":"\u00a1Plazo extendido! Si eres docente o educador\/a de p\u00e1rvulos s\u00e9 parte del Campamento Explora VA! - Valpara\u00edso","og_description":"Hasta el 15 de noviembre estar\u00e1n abiertas las postulaciones a esta iniciativa que busca ser una experiencia \u00fanica de intercambio y aprendizaje para profesionales de la educaci\u00f3n de la Regi\u00f3n de Valpara\u00edso.","og_url":"https:\/\/dev.explora.cl\/valparaiso\/abierta-la-convocatoria-si-eres-docente-o-educador-a-de-parvulos-se-parte-del-campamento-explora-va-2021\/","og_site_name":"Valpara\u00edso","article_published_time":"2021-10-18T16:12:25+00:00","article_modified_time":"2021-11-19T14:48:38+00:00","og_image":[{"width":2264,"height":1400,"url":"https:\/\/dev.explora.cl\/valparaiso\/wp-content\/uploads\/sites\/7\/2021\/10\/Banner-15_11.png","type":"image\/png"}],"author":"jcastaneda","twitter_card":"summary_large_image","twitter_misc":{"Escrito por":"jcastaneda","Tiempo estimado de lectura":"3 minutos"},"schema":{"@context":"https:\/\/schema.org","@graph":[{"@type":"Article","@id":"https:\/\/dev.explora.cl\/valparaiso\/abierta-la-convocatoria-si-eres-docente-o-educador-a-de-parvulos-se-parte-del-campamento-explora-va-2021\/#article","isPartOf":{"@id":"https:\/\/dev.explora.cl\/valparaiso\/abierta-la-convocatoria-si-eres-docente-o-educador-a-de-parvulos-se-parte-del-campamento-explora-va-2021\/"},"author":{"name":"jcastaneda","@id":"https:\/\/dev.explora.cl\/valparaiso\/#\/schema\/person\/c15e69495b8dbe0af0102f6bca43ba5d"},"headline":"\u00a1Plazo extendido! Si eres docente o educador\/a de p\u00e1rvulos s\u00e9 parte del Campamento Explora VA!","datePublished":"2021-10-18T16:12:25+00:00","dateModified":"2021-11-19T14:48:38+00:00","mainEntityOfPage":{"@id":"https:\/\/dev.explora.cl\/valparaiso\/abierta-la-convocatoria-si-eres-docente-o-educador-a-de-parvulos-se-parte-del-campamento-explora-va-2021\/"},"wordCount":623,"commentCount":0,"publisher":{"@id":"https:\/\/dev.explora.cl\/valparaiso\/#organization"},"image":{"@id":"https:\/\/dev.explora.cl\/valparaiso\/abierta-la-convocatoria-si-eres-docente-o-educador-a-de-parvulos-se-parte-del-campamento-explora-va-2021\/#primaryimage"},"thumbnailUrl":"https:\/\/dev.explora.cl\/valparaiso\/wp-content\/uploads\/sites\/7\/2021\/10\/Banner-15_11.png","keywords":["Academias EXPLORA","Campamento Explora","Campamento ExploraVA","docentes y profesores","educaci\u00f3n b\u00e1sica y media","ExploraVA!","MinCiencia","ministerio de educaci\u00f3n","profesionales de la educaci\u00f3n","profesoras y profesores","programa EXPLORA","Proyecto Explora Valpara\u00edso","Regi\u00f3n de Valpara\u00edso"],"articleSection":["Noticias"],"inLanguage":"es-CL","potentialAction":[{"@type":"CommentAction","name":"Comment","target":["https:\/\/dev.explora.cl\/valparaiso\/abierta-la-convocatoria-si-eres-docente-o-educador-a-de-parvulos-se-parte-del-campamento-explora-va-2021\/#respond"]}]},{"@type":"WebPage","@id":"https:\/\/dev.explora.cl\/valparaiso\/abierta-la-convocatoria-si-eres-docente-o-educador-a-de-parvulos-se-parte-del-campamento-explora-va-2021\/","url":"https:\/\/dev.explora.cl\/valparaiso\/abierta-la-convocatoria-si-eres-docente-o-educador-a-de-parvulos-se-parte-del-campamento-explora-va-2021\/","name":"\u00a1Plazo extendido! Si eres docente o educador\/a de p\u00e1rvulos s\u00e9 parte del Campamento Explora VA! - Valpara\u00edso","isPartOf":{"@id":"https:\/\/dev.explora.cl\/valparaiso\/#website"},"primaryImageOfPage":{"@id":"https:\/\/dev.explora.cl\/valparaiso\/abierta-la-convocatoria-si-eres-docente-o-educador-a-de-parvulos-se-parte-del-campamento-explora-va-2021\/#primaryimage"},"image":{"@id":"https:\/\/dev.explora.cl\/valparaiso\/abierta-la-convocatoria-si-eres-docente-o-educador-a-de-parvulos-se-parte-del-campamento-explora-va-2021\/#primaryimage"},"thumbnailUrl":"https:\/\/dev.explora.cl\/valparaiso\/wp-content\/uploads\/sites\/7\/2021\/10\/Banner-15_11.png","datePublished":"2021-10-18T16:12:25+00:00","dateModified":"2021-11-19T14:48:38+00:00","breadcrumb":{"@id":"https:\/\/dev.explora.cl\/valparaiso\/abierta-la-convocatoria-si-eres-docente-o-educador-a-de-parvulos-se-parte-del-campamento-explora-va-2021\/#breadcrumb"},"inLanguage":"es-CL","potentialAction":[{"@type":"ReadAction","target":["https:\/\/dev.explora.cl\/valparaiso\/abierta-la-convocatoria-si-eres-docente-o-educador-a-de-parvulos-se-parte-del-campamento-explora-va-2021\/"]}]},{"@type":"ImageObject","inLanguage":"es-CL","@id":"https:\/\/dev.explora.cl\/valparaiso\/abierta-la-convocatoria-si-eres-docente-o-educador-a-de-parvulos-se-parte-del-campamento-explora-va-2021\/#primaryimage","url":"https:\/\/dev.explora.cl\/valparaiso\/wp-content\/uploads\/sites\/7\/2021\/10\/Banner-15_11.png","contentUrl":"https:\/\/dev.explora.cl\/valparaiso\/wp-content\/uploads\/sites\/7\/2021\/10\/Banner-15_11.png","width":2264,"height":1400},{"@type":"BreadcrumbList","@id":"https:\/\/dev.explora.cl\/valparaiso\/abierta-la-convocatoria-si-eres-docente-o-educador-a-de-parvulos-se-parte-del-campamento-explora-va-2021\/#breadcrumb","itemListElement":[{"@type":"ListItem","position":1,"name":"Portada","item":"https:\/\/dev.explora.cl\/valparaiso\/"},{"@type":"ListItem","position":2,"name":"\u00a1Plazo extendido! Si eres docente o educador\/a de p\u00e1rvulos s\u00e9 parte del Campamento Explora VA!"}]},{"@type":"WebSite","@id":"https:\/\/dev.explora.cl\/valparaiso\/#website","url":"https:\/\/dev.explora.cl\/valparaiso\/","name":"Valpara\u00edso","description":"Otro sitio m\u00e1s de dev.explora.cl","publisher":{"@id":"https:\/\/dev.explora.cl\/valparaiso\/#organization"},"potentialAction":[{"@type":"SearchAction","target":{"@type":"EntryPoint","urlTemplate":"https:\/\/dev.explora.cl\/valparaiso\/?s={search_term_string}"},"query-input":{"@type":"PropertyValueSpecification","valueRequired":true,"valueName":"search_term_string"}}],"inLanguage":"es-CL"},{"@type":"Organization","@id":"https:\/\/dev.explora.cl\/valparaiso\/#organization","name":"Valpara\u00edso","url":"https:\/\/dev.explora.cl\/valparaiso\/","logo":{"@type":"ImageObject","inLanguage":"es-CL","@id":"https:\/\/dev.explora.cl\/valparaiso\/#\/schema\/logo\/image\/","url":"https:\/\/dev.explora.cl\/valparaiso\/wp-content\/uploads\/sites\/7\/2019\/06\/cropped-logo-explora-color.jpg","contentUrl":"https:\/\/dev.explora.cl\/valparaiso\/wp-content\/uploads\/sites\/7\/2019\/06\/cropped-logo-explora-color.jpg","width":2035,"height":584,"caption":"Valpara\u00edso"},"image":{"@id":"https:\/\/dev.explora.cl\/valparaiso\/#\/schema\/logo\/image\/"}},{"@type":"Person","@id":"https:\/\/dev.explora.cl\/valparaiso\/#\/schema\/person\/c15e69495b8dbe0af0102f6bca43ba5d","name":"jcastaneda","image":{"@type":"ImageObject","inLanguage":"es-CL","@id":"https:\/\/dev.explora.cl\/valparaiso\/#\/schema\/person\/image\/","url":"https:\/\/secure.gravatar.com\/avatar\/f26661a8eef2f6444d9633928ef0219fd69e41c5be1ef5ef16afeee7cd4df675?s=96&d=mm&r=g","contentUrl":"https:\/\/secure.gravatar.com\/avatar\/f26661a8eef2f6444d9633928ef0219fd69e41c5be1ef5ef16afeee7cd4df675?s=96&d=mm&r=g","caption":"jcastaneda"},"url":"https:\/\/dev.explora.cl\/valparaiso\/author\/jcastaneda\/"}]}},"_links":{"self":[{"href":"https:\/\/dev.explora.cl\/valparaiso\/wp-json\/wp\/v2\/posts\/41615","targetHints":{"allow":["GET"]}}],"collection":[{"href":"https:\/\/dev.explora.cl\/valparaiso\/wp-json\/wp\/v2\/posts"}],"about":[{"href":"https:\/\/dev.explora.cl\/valparaiso\/wp-json\/wp\/v2\/types\/post"}],"author":[{"embeddable":true,"href":"https:\/\/dev.explora.cl\/valparaiso\/wp-json\/wp\/v2\/users\/22"}],"replies":[{"embeddable":true,"href":"https:\/\/dev.explora.cl\/valparaiso\/wp-json\/wp\/v2\/comments?post=41615"}],"version-history":[{"count":11,"href":"https:\/\/dev.explora.cl\/valparaiso\/wp-json\/wp\/v2\/posts\/41615\/revisions"}],"predecessor-version":[{"id":41734,"href":"https:\/\/dev.explora.cl\/valparaiso\/wp-json\/wp\/v2\/posts\/41615\/revisions\/41734"}],"wp:featuredmedia":[{"embeddable":true,"href":"https:\/\/dev.explora.cl\/valparaiso\/wp-json\/wp\/v2\/media\/41715"}],"wp:attachment":[{"href":"https:\/\/dev.explora.cl\/valparaiso\/wp-json\/wp\/v2\/media?parent=41615"}],"wp:term":[{"taxonomy":"category","embeddable":true,"href":"https:\/\/dev.explora.cl\/valparaiso\/wp-json\/wp\/v2\/categories?post=41615"},{"taxonomy":"post_tag","embeddable":true,"href":"https:\/\/dev.explora.cl\/valparaiso\/wp-json\/wp\/v2\/tags?post=41615"}],"curies":[{"name":"wp","href":"https:\/\/api.w.org\/{rel}","templated":true}]}}