{"id":41267,"date":"2021-07-06T12:06:40","date_gmt":"2021-07-06T16:06:40","guid":{"rendered":"https:\/\/dev.explora.cl\/valparaiso\/?p=41267"},"modified":"2021-07-06T12:06:40","modified_gmt":"2021-07-06T16:06:40","slug":"durante-julio-conversemos-sobre-patrimonio-natural-y-flora-nativa-en-los-viernes-de-cultura-cientifica","status":"publish","type":"post","link":"https:\/\/dev.explora.cl\/valparaiso\/durante-julio-conversemos-sobre-patrimonio-natural-y-flora-nativa-en-los-viernes-de-cultura-cientifica\/","title":{"rendered":"Durante julio, conversemos sobre patrimonio natural y flora nativa en los Viernes de Cultura Cient\u00edfica"},"content":{"rendered":"<h3>Las plantas medicinales y la identificaci\u00f3n de nuestra flora nativa, ser\u00e1n los temas protagonistas de este ciclo durante los viernes 09 y 23 de julio, a las 18:00 horas, a trav\u00e9s de Facebook Live y YouTube.<\/h3>\n<p><!--more--><\/p>\n<p>La Regi\u00f3n de Valpara\u00edso posee una rica biodiversidad, cuyos ecosistemas van desde la costa hasta el sector cordillerano. La conservaci\u00f3n de especies nativas y el alto impacto que tiene en el medio ambiente conocer y reconocer nuestra flora nativa, se hace fundamental para que podamos proteger de forma informada estos ecosistemas, pero <strong>\u00bfqu\u00e9 sabemos realmente acerca de nuestro Patrimonio natural?<\/strong><\/p>\n<p>En nuestra regi\u00f3n, se han identificado una serie de <strong>especies vegetales y flora de tipo end\u00e9mica<\/strong>, que le otorgan al territorio un valor inigualable y que, adem\u00e1s, nos entregan diversos beneficios, por ejemplo, a trav\u00e9s de sus propiedades medicinales. Es sabido que el uso de infusiones o tisanas de algunas yerbas para calmar alg\u00fan dolor o problem\u00e1tica de salud, es un rito que muchas personas realizan d\u00eda a d\u00eda, complementando esta medicina de tipo tradicional con la medicina ortodoxa.<\/p>\n<p>Frente a eso, la primera conversaci\u00f3n del ciclo de julio de los Viernes de Cultura Cient\u00edfica dedicado al Patrimonio natural &#8211; que se desarrollar\u00e1 este <strong>viernes 09 a las 18.00 horas<\/strong>&#8211;\u00a0 estar\u00e1 enfocado en la uni\u00f3n que tienen ambas visiones respecto al uso de yerbas medicinales, en una conversaci\u00f3n titulada <strong>\u201cPlantas medicinales: uni\u00f3n entre tradici\u00f3n y ciencia\u201d, que estar\u00e1 a cargo de Marcela Escobar<\/strong>, acad\u00e9mica y qu\u00edmica farmac\u00e9utica de la Universidad de Valpara\u00edso y Presidenta del directorio de la Farmacopea Chilena, de la misma casa de estudios.<\/p>\n<p>Esta importancia de los medicamentos herbarios y c\u00f3mo podemos usarlos de forma adecuada, se ver\u00e1 complementada con la conversaci\u00f3n del 23 de julio, respecto al trabajo de recolecci\u00f3n, conservaci\u00f3n, clasificaci\u00f3n y ubicaci\u00f3n de diversas especies de flora nativa (y tambi\u00e9n introducida) que realiza el Herbario de la Universidad de Playa Ancha; colecci\u00f3n con m\u00e1s de 2.000 registros que documentan la biodiversidad pasada y actual de la flora de nuestra regi\u00f3n.<\/p>\n<p>Para interiorizarnos en el tema, la bi\u00f3loga y actual curadora del Herbario UPLA, <strong>Pamela Ram\u00edrez, se presentar\u00e1 con la conversaci\u00f3n \u201cConectando con la flora nativa: el valor del herbario\u201d,<\/strong> quien nos acercar\u00e1 a esta colecci\u00f3n y al importante rol que cumplen estos repositorios para la conservaci\u00f3n y uso sostenible de la biodiversidad de nuestro patrimonio natural.<\/p>\n<p><strong>\u00a1An\u00edmate y participa! Todos y todas est\u00e1n invitados\/as a ser parte de esta actividad online. Les esperamos los viernes 09 y 23 de julio, a las 18:00 horas a trav\u00e9s de <a href=\"https:\/\/www.facebook.com\/exploravalpo\">Facebook Live<\/a> y por nuestro <a href=\"https:\/\/www.youtube.com\/user\/exploravalparaiso\">canal de YouTube<\/a> \u00a1S\u00edguenos y ent\u00e9rate de todas nuestras novedades! Recuerda que esta actividad es amigable con la comunidad sorda, ya que contamos con int\u00e9rprete en Lengua de Se\u00f1as Chilena.<\/strong><\/p>\n<p>Esta iniciativa es un esfuerzo de Explora Valpara\u00edso y el Museo Fonck de Vi\u00f1a del Mar, miembro de nuestra Red de Cultura Cient\u00edfica, que ya lleva 10 a\u00f1os invitando a la comunidad a conocer el impacto de la ciencia a trav\u00e9s de una conversaci\u00f3n amena y cercana con cient\u00edficos y cient\u00edficas de diversas disciplinas. Las presentaciones, han sido adaptadas a un formato a distancia a trav\u00e9s de transmisiones en vivo, para seguir brindando espacios que acerquen a la comunidad a la cultura cient\u00edfica #desdecasa.<\/p>\n<p>Es importante se\u00f1alar adem\u00e1s que, dada su renovaci\u00f3n, esta actividad cuenta con la colaboraci\u00f3n del Servicio Nacional de Adulto Mayor (SENAMA) y la Coordinaci\u00f3n de Bibliotecas P\u00fablicas de Valpara\u00edso, del Servicio Nacional del Patrimonio C<\/p>\n","protected":false},"excerpt":{"rendered":"<p>Las plantas medicinales y la identificaci\u00f3n de nuestra flora nativa, ser\u00e1n los temas protagonistas de este ciclo durante los viernes 09 y 23 de julio, a las 18:00 horas, a trav\u00e9s de Facebook Live y YouTube.<\/p>\n","protected":false},"author":22,"featured_media":41264,"comment_status":"open","ping_status":"open","sticky":false,"template":"","format":"standard","meta":{"_acf_changed":false,"_exactmetrics_skip_tracking":false,"_exactmetrics_sitenote_active":false,"_exactmetrics_sitenote_note":"","_exactmetrics_sitenote_category":0,"footnotes":"","_links_to":"","_links_to_target":""},"categories":[4],"tags":[1035,339,110,23,1037,1036,222,1018,166,174,844,851,1034],"class_list":["post-41267","post","type-post","status-publish","format-standard","has-post-thumbnail","hentry","category-noticias","tag-ciencia-abierta","tag-ciencia-regional","tag-cultura-cientifica","tag-explora","tag-farmacopea-chilena","tag-herbario-upla","tag-museo-fonck","tag-personas-mayores","tag-proyecto-asociativo-regional-explora-valparaiso","tag-region-de-valparaiso","tag-upla","tag-uv","tag-viernes-de-cultura-cientifica"],"acf":[],"yoast_head":"<!-- This site is optimized with the Yoast SEO plugin v26.7 - https:\/\/yoast.com\/wordpress\/plugins\/seo\/ -->\n<title>Durante julio, conversemos sobre patrimonio natural y flora nativa en los Viernes de Cultura Cient\u00edfica - Valpara\u00edso<\/title>\n<meta name=\"robots\" content=\"index, follow, max-snippet:-1, max-image-preview:large, max-video-preview:-1\" \/>\n<link rel=\"canonical\" href=\"https:\/\/dev.explora.cl\/valparaiso\/durante-julio-conversemos-sobre-patrimonio-natural-y-flora-nativa-en-los-viernes-de-cultura-cientifica\/\" class=\"yoast-seo-meta-tag\" \/>\n<meta property=\"og:locale\" content=\"es_ES\" class=\"yoast-seo-meta-tag\" \/>\n<meta property=\"og:type\" content=\"article\" class=\"yoast-seo-meta-tag\" \/>\n<meta property=\"og:title\" content=\"Durante julio, conversemos sobre patrimonio natural y flora nativa en los Viernes de Cultura Cient\u00edfica - Valpara\u00edso\" class=\"yoast-seo-meta-tag\" \/>\n<meta property=\"og:description\" content=\"Las plantas medicinales y la identificaci\u00f3n de nuestra flora nativa, ser\u00e1n los temas protagonistas de este ciclo durante los viernes 09 y 23 de julio, a las 18:00 horas, a trav\u00e9s de Facebook Live y YouTube.\" class=\"yoast-seo-meta-tag\" \/>\n<meta property=\"og:url\" content=\"https:\/\/dev.explora.cl\/valparaiso\/durante-julio-conversemos-sobre-patrimonio-natural-y-flora-nativa-en-los-viernes-de-cultura-cientifica\/\" class=\"yoast-seo-meta-tag\" \/>\n<meta property=\"og:site_name\" content=\"Valpara\u00edso\" class=\"yoast-seo-meta-tag\" \/>\n<meta property=\"article:published_time\" content=\"2021-07-06T16:06:40+00:00\" class=\"yoast-seo-meta-tag\" \/>\n<meta property=\"og:image\" content=\"https:\/\/dev.explora.cl\/valparaiso\/wp-content\/uploads\/sites\/7\/2021\/07\/07-Julio-2-1.jpg\" class=\"yoast-seo-meta-tag\" \/>\n\t<meta property=\"og:image:width\" content=\"3867\" class=\"yoast-seo-meta-tag\" \/>\n\t<meta property=\"og:image:height\" content=\"2517\" class=\"yoast-seo-meta-tag\" \/>\n\t<meta property=\"og:image:type\" content=\"image\/jpeg\" class=\"yoast-seo-meta-tag\" \/>\n<meta name=\"author\" content=\"jcastaneda\" class=\"yoast-seo-meta-tag\" \/>\n<meta name=\"twitter:card\" content=\"summary_large_image\" class=\"yoast-seo-meta-tag\" \/>\n<meta name=\"twitter:label1\" content=\"Escrito por\" class=\"yoast-seo-meta-tag\" \/>\n\t<meta name=\"twitter:data1\" content=\"jcastaneda\" class=\"yoast-seo-meta-tag\" \/>\n\t<meta name=\"twitter:label2\" content=\"Tiempo estimado de lectura\" class=\"yoast-seo-meta-tag\" \/>\n\t<meta name=\"twitter:data2\" content=\"3 minutos\" class=\"yoast-seo-meta-tag\" \/>\n<script type=\"application\/ld+json\" class=\"yoast-schema-graph\">{\"@context\":\"https:\/\/schema.org\",\"@graph\":[{\"@type\":\"Article\",\"@id\":\"https:\/\/dev.explora.cl\/valparaiso\/durante-julio-conversemos-sobre-patrimonio-natural-y-flora-nativa-en-los-viernes-de-cultura-cientifica\/#article\",\"isPartOf\":{\"@id\":\"https:\/\/dev.explora.cl\/valparaiso\/durante-julio-conversemos-sobre-patrimonio-natural-y-flora-nativa-en-los-viernes-de-cultura-cientifica\/\"},\"author\":{\"name\":\"jcastaneda\",\"@id\":\"https:\/\/dev.explora.cl\/valparaiso\/#\/schema\/person\/c15e69495b8dbe0af0102f6bca43ba5d\"},\"headline\":\"Durante julio, conversemos sobre patrimonio natural y flora nativa en los Viernes de Cultura Cient\u00edfica\",\"datePublished\":\"2021-07-06T16:06:40+00:00\",\"mainEntityOfPage\":{\"@id\":\"https:\/\/dev.explora.cl\/valparaiso\/durante-julio-conversemos-sobre-patrimonio-natural-y-flora-nativa-en-los-viernes-de-cultura-cientifica\/\"},\"wordCount\":642,\"commentCount\":0,\"publisher\":{\"@id\":\"https:\/\/dev.explora.cl\/valparaiso\/#organization\"},\"image\":{\"@id\":\"https:\/\/dev.explora.cl\/valparaiso\/durante-julio-conversemos-sobre-patrimonio-natural-y-flora-nativa-en-los-viernes-de-cultura-cientifica\/#primaryimage\"},\"thumbnailUrl\":\"https:\/\/dev.explora.cl\/valparaiso\/wp-content\/uploads\/sites\/7\/2021\/07\/07-Julio-2-1.jpg\",\"keywords\":[\"ciencia abierta\",\"ciencia regional\",\"cultura cientifica\",\"EXPLORA\",\"Farmacopea Chilena\",\"herbario UPLA\",\"museo fonck\",\"personas mayores\",\"Proyecto Asociativo Regional EXPLORA Valparaiso\",\"Regi\u00f3n de Valpara\u00edso\",\"upla\",\"UV\",\"viernes de cultura cient\u00edfica\"],\"articleSection\":[\"Noticias\"],\"inLanguage\":\"es-CL\",\"potentialAction\":[{\"@type\":\"CommentAction\",\"name\":\"Comment\",\"target\":[\"https:\/\/dev.explora.cl\/valparaiso\/durante-julio-conversemos-sobre-patrimonio-natural-y-flora-nativa-en-los-viernes-de-cultura-cientifica\/#respond\"]}]},{\"@type\":\"WebPage\",\"@id\":\"https:\/\/dev.explora.cl\/valparaiso\/durante-julio-conversemos-sobre-patrimonio-natural-y-flora-nativa-en-los-viernes-de-cultura-cientifica\/\",\"url\":\"https:\/\/dev.explora.cl\/valparaiso\/durante-julio-conversemos-sobre-patrimonio-natural-y-flora-nativa-en-los-viernes-de-cultura-cientifica\/\",\"name\":\"Durante julio, conversemos sobre patrimonio natural y flora nativa en los Viernes de Cultura Cient\u00edfica - Valpara\u00edso\",\"isPartOf\":{\"@id\":\"https:\/\/dev.explora.cl\/valparaiso\/#website\"},\"primaryImageOfPage\":{\"@id\":\"https:\/\/dev.explora.cl\/valparaiso\/durante-julio-conversemos-sobre-patrimonio-natural-y-flora-nativa-en-los-viernes-de-cultura-cientifica\/#primaryimage\"},\"image\":{\"@id\":\"https:\/\/dev.explora.cl\/valparaiso\/durante-julio-conversemos-sobre-patrimonio-natural-y-flora-nativa-en-los-viernes-de-cultura-cientifica\/#primaryimage\"},\"thumbnailUrl\":\"https:\/\/dev.explora.cl\/valparaiso\/wp-content\/uploads\/sites\/7\/2021\/07\/07-Julio-2-1.jpg\",\"datePublished\":\"2021-07-06T16:06:40+00:00\",\"breadcrumb\":{\"@id\":\"https:\/\/dev.explora.cl\/valparaiso\/durante-julio-conversemos-sobre-patrimonio-natural-y-flora-nativa-en-los-viernes-de-cultura-cientifica\/#breadcrumb\"},\"inLanguage\":\"es-CL\",\"potentialAction\":[{\"@type\":\"ReadAction\",\"target\":[\"https:\/\/dev.explora.cl\/valparaiso\/durante-julio-conversemos-sobre-patrimonio-natural-y-flora-nativa-en-los-viernes-de-cultura-cientifica\/\"]}]},{\"@type\":\"ImageObject\",\"inLanguage\":\"es-CL\",\"@id\":\"https:\/\/dev.explora.cl\/valparaiso\/durante-julio-conversemos-sobre-patrimonio-natural-y-flora-nativa-en-los-viernes-de-cultura-cientifica\/#primaryimage\",\"url\":\"https:\/\/dev.explora.cl\/valparaiso\/wp-content\/uploads\/sites\/7\/2021\/07\/07-Julio-2-1.jpg\",\"contentUrl\":\"https:\/\/dev.explora.cl\/valparaiso\/wp-content\/uploads\/sites\/7\/2021\/07\/07-Julio-2-1.jpg\",\"width\":3867,\"height\":2517},{\"@type\":\"BreadcrumbList\",\"@id\":\"https:\/\/dev.explora.cl\/valparaiso\/durante-julio-conversemos-sobre-patrimonio-natural-y-flora-nativa-en-los-viernes-de-cultura-cientifica\/#breadcrumb\",\"itemListElement\":[{\"@type\":\"ListItem\",\"position\":1,\"name\":\"Portada\",\"item\":\"https:\/\/dev.explora.cl\/valparaiso\/\"},{\"@type\":\"ListItem\",\"position\":2,\"name\":\"Durante julio, conversemos sobre patrimonio natural y flora nativa en los Viernes de Cultura Cient\u00edfica\"}]},{\"@type\":\"WebSite\",\"@id\":\"https:\/\/dev.explora.cl\/valparaiso\/#website\",\"url\":\"https:\/\/dev.explora.cl\/valparaiso\/\",\"name\":\"Valpara\u00edso\",\"description\":\"Otro sitio m\u00e1s de dev.explora.cl\",\"publisher\":{\"@id\":\"https:\/\/dev.explora.cl\/valparaiso\/#organization\"},\"potentialAction\":[{\"@type\":\"SearchAction\",\"target\":{\"@type\":\"EntryPoint\",\"urlTemplate\":\"https:\/\/dev.explora.cl\/valparaiso\/?s={search_term_string}\"},\"query-input\":{\"@type\":\"PropertyValueSpecification\",\"valueRequired\":true,\"valueName\":\"search_term_string\"}}],\"inLanguage\":\"es-CL\"},{\"@type\":\"Organization\",\"@id\":\"https:\/\/dev.explora.cl\/valparaiso\/#organization\",\"name\":\"Valpara\u00edso\",\"url\":\"https:\/\/dev.explora.cl\/valparaiso\/\",\"logo\":{\"@type\":\"ImageObject\",\"inLanguage\":\"es-CL\",\"@id\":\"https:\/\/dev.explora.cl\/valparaiso\/#\/schema\/logo\/image\/\",\"url\":\"https:\/\/dev.explora.cl\/valparaiso\/wp-content\/uploads\/sites\/7\/2019\/06\/cropped-logo-explora-color.jpg\",\"contentUrl\":\"https:\/\/dev.explora.cl\/valparaiso\/wp-content\/uploads\/sites\/7\/2019\/06\/cropped-logo-explora-color.jpg\",\"width\":2035,\"height\":584,\"caption\":\"Valpara\u00edso\"},\"image\":{\"@id\":\"https:\/\/dev.explora.cl\/valparaiso\/#\/schema\/logo\/image\/\"}},{\"@type\":\"Person\",\"@id\":\"https:\/\/dev.explora.cl\/valparaiso\/#\/schema\/person\/c15e69495b8dbe0af0102f6bca43ba5d\",\"name\":\"jcastaneda\",\"image\":{\"@type\":\"ImageObject\",\"inLanguage\":\"es-CL\",\"@id\":\"https:\/\/dev.explora.cl\/valparaiso\/#\/schema\/person\/image\/\",\"url\":\"https:\/\/secure.gravatar.com\/avatar\/f26661a8eef2f6444d9633928ef0219fd69e41c5be1ef5ef16afeee7cd4df675?s=96&d=mm&r=g\",\"contentUrl\":\"https:\/\/secure.gravatar.com\/avatar\/f26661a8eef2f6444d9633928ef0219fd69e41c5be1ef5ef16afeee7cd4df675?s=96&d=mm&r=g\",\"caption\":\"jcastaneda\"},\"url\":\"https:\/\/dev.explora.cl\/valparaiso\/author\/jcastaneda\/\"}]}<\/script>\n<!-- \/ Yoast SEO plugin. -->","yoast_head_json":{"title":"Durante julio, conversemos sobre patrimonio natural y flora nativa en los Viernes de Cultura Cient\u00edfica - Valpara\u00edso","robots":{"index":"index","follow":"follow","max-snippet":"max-snippet:-1","max-image-preview":"max-image-preview:large","max-video-preview":"max-video-preview:-1"},"canonical":"https:\/\/dev.explora.cl\/valparaiso\/durante-julio-conversemos-sobre-patrimonio-natural-y-flora-nativa-en-los-viernes-de-cultura-cientifica\/","og_locale":"es_ES","og_type":"article","og_title":"Durante julio, conversemos sobre patrimonio natural y flora nativa en los Viernes de Cultura Cient\u00edfica - Valpara\u00edso","og_description":"Las plantas medicinales y la identificaci\u00f3n de nuestra flora nativa, ser\u00e1n los temas protagonistas de este ciclo durante los viernes 09 y 23 de julio, a las 18:00 horas, a trav\u00e9s de Facebook Live y YouTube.","og_url":"https:\/\/dev.explora.cl\/valparaiso\/durante-julio-conversemos-sobre-patrimonio-natural-y-flora-nativa-en-los-viernes-de-cultura-cientifica\/","og_site_name":"Valpara\u00edso","article_published_time":"2021-07-06T16:06:40+00:00","og_image":[{"width":3867,"height":2517,"url":"https:\/\/dev.explora.cl\/valparaiso\/wp-content\/uploads\/sites\/7\/2021\/07\/07-Julio-2-1.jpg","type":"image\/jpeg"}],"author":"jcastaneda","twitter_card":"summary_large_image","twitter_misc":{"Escrito por":"jcastaneda","Tiempo estimado de lectura":"3 minutos"},"schema":{"@context":"https:\/\/schema.org","@graph":[{"@type":"Article","@id":"https:\/\/dev.explora.cl\/valparaiso\/durante-julio-conversemos-sobre-patrimonio-natural-y-flora-nativa-en-los-viernes-de-cultura-cientifica\/#article","isPartOf":{"@id":"https:\/\/dev.explora.cl\/valparaiso\/durante-julio-conversemos-sobre-patrimonio-natural-y-flora-nativa-en-los-viernes-de-cultura-cientifica\/"},"author":{"name":"jcastaneda","@id":"https:\/\/dev.explora.cl\/valparaiso\/#\/schema\/person\/c15e69495b8dbe0af0102f6bca43ba5d"},"headline":"Durante julio, conversemos sobre patrimonio natural y flora nativa en los Viernes de Cultura Cient\u00edfica","datePublished":"2021-07-06T16:06:40+00:00","mainEntityOfPage":{"@id":"https:\/\/dev.explora.cl\/valparaiso\/durante-julio-conversemos-sobre-patrimonio-natural-y-flora-nativa-en-los-viernes-de-cultura-cientifica\/"},"wordCount":642,"commentCount":0,"publisher":{"@id":"https:\/\/dev.explora.cl\/valparaiso\/#organization"},"image":{"@id":"https:\/\/dev.explora.cl\/valparaiso\/durante-julio-conversemos-sobre-patrimonio-natural-y-flora-nativa-en-los-viernes-de-cultura-cientifica\/#primaryimage"},"thumbnailUrl":"https:\/\/dev.explora.cl\/valparaiso\/wp-content\/uploads\/sites\/7\/2021\/07\/07-Julio-2-1.jpg","keywords":["ciencia abierta","ciencia regional","cultura cientifica","EXPLORA","Farmacopea Chilena","herbario UPLA","museo fonck","personas mayores","Proyecto Asociativo Regional EXPLORA Valparaiso","Regi\u00f3n de Valpara\u00edso","upla","UV","viernes de cultura cient\u00edfica"],"articleSection":["Noticias"],"inLanguage":"es-CL","potentialAction":[{"@type":"CommentAction","name":"Comment","target":["https:\/\/dev.explora.cl\/valparaiso\/durante-julio-conversemos-sobre-patrimonio-natural-y-flora-nativa-en-los-viernes-de-cultura-cientifica\/#respond"]}]},{"@type":"WebPage","@id":"https:\/\/dev.explora.cl\/valparaiso\/durante-julio-conversemos-sobre-patrimonio-natural-y-flora-nativa-en-los-viernes-de-cultura-cientifica\/","url":"https:\/\/dev.explora.cl\/valparaiso\/durante-julio-conversemos-sobre-patrimonio-natural-y-flora-nativa-en-los-viernes-de-cultura-cientifica\/","name":"Durante julio, conversemos sobre patrimonio natural y flora nativa en los Viernes de Cultura Cient\u00edfica - Valpara\u00edso","isPartOf":{"@id":"https:\/\/dev.explora.cl\/valparaiso\/#website"},"primaryImageOfPage":{"@id":"https:\/\/dev.explora.cl\/valparaiso\/durante-julio-conversemos-sobre-patrimonio-natural-y-flora-nativa-en-los-viernes-de-cultura-cientifica\/#primaryimage"},"image":{"@id":"https:\/\/dev.explora.cl\/valparaiso\/durante-julio-conversemos-sobre-patrimonio-natural-y-flora-nativa-en-los-viernes-de-cultura-cientifica\/#primaryimage"},"thumbnailUrl":"https:\/\/dev.explora.cl\/valparaiso\/wp-content\/uploads\/sites\/7\/2021\/07\/07-Julio-2-1.jpg","datePublished":"2021-07-06T16:06:40+00:00","breadcrumb":{"@id":"https:\/\/dev.explora.cl\/valparaiso\/durante-julio-conversemos-sobre-patrimonio-natural-y-flora-nativa-en-los-viernes-de-cultura-cientifica\/#breadcrumb"},"inLanguage":"es-CL","potentialAction":[{"@type":"ReadAction","target":["https:\/\/dev.explora.cl\/valparaiso\/durante-julio-conversemos-sobre-patrimonio-natural-y-flora-nativa-en-los-viernes-de-cultura-cientifica\/"]}]},{"@type":"ImageObject","inLanguage":"es-CL","@id":"https:\/\/dev.explora.cl\/valparaiso\/durante-julio-conversemos-sobre-patrimonio-natural-y-flora-nativa-en-los-viernes-de-cultura-cientifica\/#primaryimage","url":"https:\/\/dev.explora.cl\/valparaiso\/wp-content\/uploads\/sites\/7\/2021\/07\/07-Julio-2-1.jpg","contentUrl":"https:\/\/dev.explora.cl\/valparaiso\/wp-content\/uploads\/sites\/7\/2021\/07\/07-Julio-2-1.jpg","width":3867,"height":2517},{"@type":"BreadcrumbList","@id":"https:\/\/dev.explora.cl\/valparaiso\/durante-julio-conversemos-sobre-patrimonio-natural-y-flora-nativa-en-los-viernes-de-cultura-cientifica\/#breadcrumb","itemListElement":[{"@type":"ListItem","position":1,"name":"Portada","item":"https:\/\/dev.explora.cl\/valparaiso\/"},{"@type":"ListItem","position":2,"name":"Durante julio, conversemos sobre patrimonio natural y flora nativa en los Viernes de Cultura Cient\u00edfica"}]},{"@type":"WebSite","@id":"https:\/\/dev.explora.cl\/valparaiso\/#website","url":"https:\/\/dev.explora.cl\/valparaiso\/","name":"Valpara\u00edso","description":"Otro sitio m\u00e1s de dev.explora.cl","publisher":{"@id":"https:\/\/dev.explora.cl\/valparaiso\/#organization"},"potentialAction":[{"@type":"SearchAction","target":{"@type":"EntryPoint","urlTemplate":"https:\/\/dev.explora.cl\/valparaiso\/?s={search_term_string}"},"query-input":{"@type":"PropertyValueSpecification","valueRequired":true,"valueName":"search_term_string"}}],"inLanguage":"es-CL"},{"@type":"Organization","@id":"https:\/\/dev.explora.cl\/valparaiso\/#organization","name":"Valpara\u00edso","url":"https:\/\/dev.explora.cl\/valparaiso\/","logo":{"@type":"ImageObject","inLanguage":"es-CL","@id":"https:\/\/dev.explora.cl\/valparaiso\/#\/schema\/logo\/image\/","url":"https:\/\/dev.explora.cl\/valparaiso\/wp-content\/uploads\/sites\/7\/2019\/06\/cropped-logo-explora-color.jpg","contentUrl":"https:\/\/dev.explora.cl\/valparaiso\/wp-content\/uploads\/sites\/7\/2019\/06\/cropped-logo-explora-color.jpg","width":2035,"height":584,"caption":"Valpara\u00edso"},"image":{"@id":"https:\/\/dev.explora.cl\/valparaiso\/#\/schema\/logo\/image\/"}},{"@type":"Person","@id":"https:\/\/dev.explora.cl\/valparaiso\/#\/schema\/person\/c15e69495b8dbe0af0102f6bca43ba5d","name":"jcastaneda","image":{"@type":"ImageObject","inLanguage":"es-CL","@id":"https:\/\/dev.explora.cl\/valparaiso\/#\/schema\/person\/image\/","url":"https:\/\/secure.gravatar.com\/avatar\/f26661a8eef2f6444d9633928ef0219fd69e41c5be1ef5ef16afeee7cd4df675?s=96&d=mm&r=g","contentUrl":"https:\/\/secure.gravatar.com\/avatar\/f26661a8eef2f6444d9633928ef0219fd69e41c5be1ef5ef16afeee7cd4df675?s=96&d=mm&r=g","caption":"jcastaneda"},"url":"https:\/\/dev.explora.cl\/valparaiso\/author\/jcastaneda\/"}]}},"_links":{"self":[{"href":"https:\/\/dev.explora.cl\/valparaiso\/wp-json\/wp\/v2\/posts\/41267","targetHints":{"allow":["GET"]}}],"collection":[{"href":"https:\/\/dev.explora.cl\/valparaiso\/wp-json\/wp\/v2\/posts"}],"about":[{"href":"https:\/\/dev.explora.cl\/valparaiso\/wp-json\/wp\/v2\/types\/post"}],"author":[{"embeddable":true,"href":"https:\/\/dev.explora.cl\/valparaiso\/wp-json\/wp\/v2\/users\/22"}],"replies":[{"embeddable":true,"href":"https:\/\/dev.explora.cl\/valparaiso\/wp-json\/wp\/v2\/comments?post=41267"}],"version-history":[{"count":2,"href":"https:\/\/dev.explora.cl\/valparaiso\/wp-json\/wp\/v2\/posts\/41267\/revisions"}],"predecessor-version":[{"id":41269,"href":"https:\/\/dev.explora.cl\/valparaiso\/wp-json\/wp\/v2\/posts\/41267\/revisions\/41269"}],"wp:featuredmedia":[{"embeddable":true,"href":"https:\/\/dev.explora.cl\/valparaiso\/wp-json\/wp\/v2\/media\/41264"}],"wp:attachment":[{"href":"https:\/\/dev.explora.cl\/valparaiso\/wp-json\/wp\/v2\/media?parent=41267"}],"wp:term":[{"taxonomy":"category","embeddable":true,"href":"https:\/\/dev.explora.cl\/valparaiso\/wp-json\/wp\/v2\/categories?post=41267"},{"taxonomy":"post_tag","embeddable":true,"href":"https:\/\/dev.explora.cl\/valparaiso\/wp-json\/wp\/v2\/tags?post=41267"}],"curies":[{"name":"wp","href":"https:\/\/api.w.org\/{rel}","templated":true}]}}