{"id":41067,"date":"2021-05-20T15:26:28","date_gmt":"2021-05-20T19:26:28","guid":{"rendered":"https:\/\/dev.explora.cl\/valparaiso\/?p=41067"},"modified":"2021-06-18T16:26:56","modified_gmt":"2021-06-18T20:26:56","slug":"genero-interculturalidad-e-inclusion-cruzan-primer-encuentro-de-la-red-de-cultura-cientifica-2021","status":"publish","type":"post","link":"https:\/\/dev.explora.cl\/valparaiso\/genero-interculturalidad-e-inclusion-cruzan-primer-encuentro-de-la-red-de-cultura-cientifica-2021\/","title":{"rendered":"G\u00e9nero, interculturalidad e inclusi\u00f3n cruzan primer Encuentro de la Red de Cultura Cient\u00edfica 2021"},"content":{"rendered":"<h3><span style=\"font-weight: 400\">A trav\u00e9s de una jornada virtual, que incluy\u00f3 juegos, sombreros y pelucas, los y las integrantes del entramado se reunieron para visualizar un nuevo a\u00f1o de trabajo conjunto en torno a las ciencias y el conocimiento. <\/span><\/h3>\n<p><!--more--><\/p>\n<p><span style=\"font-weight: 400\">Centros de Investigaci\u00f3n, Museos, la Secretar\u00eda Regional Ministerial de la Mujer y Equidad de G\u00e9nero, y otras organizaciones privadas y p\u00fablicas de la Regi\u00f3n de Valpara\u00edso se dieron cita el pasado jueves 19 de mayo, para celebrar- de manera virtual- un nuevo encuentro de la Red de Cultura Cient\u00edfica; entramado liderado por Explora Valpara\u00edso que busca consolidar espacios para la reflexi\u00f3n y democratizaci\u00f3n del conocimiento.\u00a0<\/span><\/p>\n<p><span style=\"font-weight: 400\">\u201cComo equipo estamos muy contentos y contentas de comenzar un nuevo a\u00f1o de trabajo en conjunto con esta Red, para justamente acercar las ciencias y la tecnolog\u00eda a todas y todos los ciudadanos\/as de la regi\u00f3n\u201d, se\u00f1al\u00f3 en un comienzo del evento la Directora de Explora Valpara\u00edso, Mabel Keller, remarcando la importancia de este entramado.\u00a0<\/span><\/p>\n<p><span style=\"font-weight: 400\">As\u00ed, al inicio de la actividad, los y las participantes tuvieron la oportunidad de conocerse a trav\u00e9s de un peque\u00f1o juego, que incluy\u00f3 la presentaci\u00f3n de sus quehaceres en sus respectivas organizaciones, y compartir parte de su cotidianeidad, contando sus elementos m\u00e1s usados en casa durante esta pandemia.\u00a0<\/span><\/p>\n<p><span style=\"font-weight: 400\">Luego de la din\u00e1mica, la jornada sigui\u00f3 con la exposici\u00f3n de los principios Explora; \u00e1reas que gu\u00edan todas las acciones de Explora Valpara\u00edso, y que se conforman por los Derechos de los Ni\u00f1os, Ni\u00f1as y J\u00f3venes; la Equidad de G\u00e9nero, la Interculturalidad y la Inclusi\u00f3n. Al respecto, las organizaciones participantes, pudieron compartir sus pr\u00e1cticas y actividades asociadas a estos principios; reflexionando en conjunto sobre nuevas alianzas y acciones que pudiesen realizarse en el marco de estos importantes temas.\u00a0<\/span><\/p>\n<p><span style=\"font-weight: 400\">Para finalizar, se comparti\u00f3 con los y las asistentes los resultados del Festival de la Ciencia (FECI) 2020, con el fin de proyectar en conjunto un nuevo FECI 2021 que celebre con la comunidad regional el conocimiento a trav\u00e9s de actividades memorables, l\u00fadicas y atractivas para los distintos p\u00fablicos. Sobre este punto, es importante destacar que el a\u00f1o pasado, se levantaron m\u00e1s de 100 actividades junto a cerca de 50 instituciones en la Regi\u00f3n de Valpara\u00edso, lo que refleja el esfuerzo y el trabajo colaborativo que se realiza a trav\u00e9s de esta Red.\u00a0<\/span><\/p>\n<p><span style=\"font-weight: 400\">Cabe destacar que la Red de Cultura Cient\u00edfica, es un entramado creado el a\u00f1o 2013, y en el que participan 40 organizaciones regionales, entre las que se cuentan ONG\u00b4S, Centros Culturales, Universidades, Bibliotecas y muchas otras; con el objetivo de levantar en conjunto acciones que inviten a la ciudadan\u00eda a compartir, disfrutar y apropiarse de las distintas \u00e1reas del conocimiento. <\/span><\/p>\n","protected":false},"excerpt":{"rendered":"<p>A trav\u00e9s de una jornada virtual, que incluy\u00f3 juegos, sombreros y pelucas, los y las integrantes del entramado se reunieron para visualizar un nuevo a\u00f1o de trabajo conjunto en torno a las ciencias y el conocimiento.<\/p>\n","protected":false},"author":22,"featured_media":41074,"comment_status":"open","ping_status":"open","sticky":false,"template":"","format":"standard","meta":{"_acf_changed":false,"_exactmetrics_skip_tracking":false,"_exactmetrics_sitenote_active":false,"_exactmetrics_sitenote_note":"","_exactmetrics_sitenote_category":0,"footnotes":"","_links_to":"","_links_to_target":""},"categories":[4,1],"tags":[1012,110,566,1013,1011,166,442,174],"class_list":["post-41067","post","type-post","status-publish","format-standard","has-post-thumbnail","hentry","category-noticias","category-sin-categoria","tag-centros-de-invetsigacion","tag-cultura-cientifica","tag-espacios-culturales","tag-espacios-de-colaboracion","tag-museos","tag-proyecto-asociativo-regional-explora-valparaiso","tag-red-de-cultura-cientifica","tag-region-de-valparaiso"],"acf":[],"yoast_head":"<!-- This site is optimized with the Yoast SEO plugin v26.7 - https:\/\/yoast.com\/wordpress\/plugins\/seo\/ -->\n<title>G\u00e9nero, interculturalidad e inclusi\u00f3n cruzan primer Encuentro de la Red de Cultura Cient\u00edfica 2021 - Valpara\u00edso<\/title>\n<meta name=\"robots\" content=\"index, follow, max-snippet:-1, max-image-preview:large, max-video-preview:-1\" \/>\n<link rel=\"canonical\" href=\"https:\/\/dev.explora.cl\/valparaiso\/genero-interculturalidad-e-inclusion-cruzan-primer-encuentro-de-la-red-de-cultura-cientifica-2021\/\" class=\"yoast-seo-meta-tag\" \/>\n<meta property=\"og:locale\" content=\"es_ES\" class=\"yoast-seo-meta-tag\" \/>\n<meta property=\"og:type\" content=\"article\" class=\"yoast-seo-meta-tag\" \/>\n<meta property=\"og:title\" content=\"G\u00e9nero, interculturalidad e inclusi\u00f3n cruzan primer Encuentro de la Red de Cultura Cient\u00edfica 2021 - Valpara\u00edso\" class=\"yoast-seo-meta-tag\" \/>\n<meta property=\"og:description\" content=\"A trav\u00e9s de una jornada virtual, que incluy\u00f3 juegos, sombreros y pelucas, los y las integrantes del entramado se reunieron para visualizar un nuevo a\u00f1o de trabajo conjunto en torno a las ciencias y el conocimiento.\" class=\"yoast-seo-meta-tag\" \/>\n<meta property=\"og:url\" content=\"https:\/\/dev.explora.cl\/valparaiso\/genero-interculturalidad-e-inclusion-cruzan-primer-encuentro-de-la-red-de-cultura-cientifica-2021\/\" class=\"yoast-seo-meta-tag\" \/>\n<meta property=\"og:site_name\" content=\"Valpara\u00edso\" class=\"yoast-seo-meta-tag\" \/>\n<meta property=\"article:published_time\" content=\"2021-05-20T19:26:28+00:00\" class=\"yoast-seo-meta-tag\" \/>\n<meta property=\"article:modified_time\" content=\"2021-06-18T20:26:56+00:00\" class=\"yoast-seo-meta-tag\" \/>\n<meta property=\"og:image\" content=\"https:\/\/dev.explora.cl\/valparaiso\/wp-content\/uploads\/sites\/7\/2021\/05\/Encuentro_Red_Cultura_Cient\u00edficaedit2-e1622137756152.jpg\" class=\"yoast-seo-meta-tag\" \/>\n\t<meta property=\"og:image:width\" content=\"800\" class=\"yoast-seo-meta-tag\" \/>\n\t<meta property=\"og:image:height\" content=\"428\" class=\"yoast-seo-meta-tag\" \/>\n\t<meta property=\"og:image:type\" content=\"image\/jpeg\" class=\"yoast-seo-meta-tag\" \/>\n<meta name=\"author\" content=\"jcastaneda\" class=\"yoast-seo-meta-tag\" \/>\n<meta name=\"twitter:card\" content=\"summary_large_image\" class=\"yoast-seo-meta-tag\" \/>\n<meta name=\"twitter:label1\" content=\"Escrito por\" class=\"yoast-seo-meta-tag\" \/>\n\t<meta name=\"twitter:data1\" content=\"jcastaneda\" class=\"yoast-seo-meta-tag\" \/>\n\t<meta name=\"twitter:label2\" content=\"Tiempo estimado de lectura\" class=\"yoast-seo-meta-tag\" \/>\n\t<meta name=\"twitter:data2\" content=\"2 minutos\" class=\"yoast-seo-meta-tag\" \/>\n<script type=\"application\/ld+json\" class=\"yoast-schema-graph\">{\"@context\":\"https:\/\/schema.org\",\"@graph\":[{\"@type\":\"Article\",\"@id\":\"https:\/\/dev.explora.cl\/valparaiso\/genero-interculturalidad-e-inclusion-cruzan-primer-encuentro-de-la-red-de-cultura-cientifica-2021\/#article\",\"isPartOf\":{\"@id\":\"https:\/\/dev.explora.cl\/valparaiso\/genero-interculturalidad-e-inclusion-cruzan-primer-encuentro-de-la-red-de-cultura-cientifica-2021\/\"},\"author\":{\"name\":\"jcastaneda\",\"@id\":\"https:\/\/dev.explora.cl\/valparaiso\/#\/schema\/person\/c15e69495b8dbe0af0102f6bca43ba5d\"},\"headline\":\"G\u00e9nero, interculturalidad e inclusi\u00f3n cruzan primer Encuentro de la Red de Cultura Cient\u00edfica 2021\",\"datePublished\":\"2021-05-20T19:26:28+00:00\",\"dateModified\":\"2021-06-18T20:26:56+00:00\",\"mainEntityOfPage\":{\"@id\":\"https:\/\/dev.explora.cl\/valparaiso\/genero-interculturalidad-e-inclusion-cruzan-primer-encuentro-de-la-red-de-cultura-cientifica-2021\/\"},\"wordCount\":488,\"commentCount\":0,\"publisher\":{\"@id\":\"https:\/\/dev.explora.cl\/valparaiso\/#organization\"},\"image\":{\"@id\":\"https:\/\/dev.explora.cl\/valparaiso\/genero-interculturalidad-e-inclusion-cruzan-primer-encuentro-de-la-red-de-cultura-cientifica-2021\/#primaryimage\"},\"thumbnailUrl\":\"https:\/\/dev.explora.cl\/valparaiso\/wp-content\/uploads\/sites\/7\/2021\/05\/Encuentro_Red_Cultura_Cient\u00edficaedit2-e1622137756152.jpg\",\"keywords\":[\"centros de invetsigaci\u00f3n\",\"cultura cientifica\",\"espacios culturales\",\"espacios de colaboraci\u00f3n\",\"museos\",\"Proyecto Asociativo Regional EXPLORA Valparaiso\",\"Red de Cultura Cient\u00edfica\",\"Regi\u00f3n de Valpara\u00edso\"],\"articleSection\":[\"Noticias\"],\"inLanguage\":\"es-CL\",\"potentialAction\":[{\"@type\":\"CommentAction\",\"name\":\"Comment\",\"target\":[\"https:\/\/dev.explora.cl\/valparaiso\/genero-interculturalidad-e-inclusion-cruzan-primer-encuentro-de-la-red-de-cultura-cientifica-2021\/#respond\"]}]},{\"@type\":\"WebPage\",\"@id\":\"https:\/\/dev.explora.cl\/valparaiso\/genero-interculturalidad-e-inclusion-cruzan-primer-encuentro-de-la-red-de-cultura-cientifica-2021\/\",\"url\":\"https:\/\/dev.explora.cl\/valparaiso\/genero-interculturalidad-e-inclusion-cruzan-primer-encuentro-de-la-red-de-cultura-cientifica-2021\/\",\"name\":\"G\u00e9nero, interculturalidad e inclusi\u00f3n cruzan primer Encuentro de la Red de Cultura Cient\u00edfica 2021 - Valpara\u00edso\",\"isPartOf\":{\"@id\":\"https:\/\/dev.explora.cl\/valparaiso\/#website\"},\"primaryImageOfPage\":{\"@id\":\"https:\/\/dev.explora.cl\/valparaiso\/genero-interculturalidad-e-inclusion-cruzan-primer-encuentro-de-la-red-de-cultura-cientifica-2021\/#primaryimage\"},\"image\":{\"@id\":\"https:\/\/dev.explora.cl\/valparaiso\/genero-interculturalidad-e-inclusion-cruzan-primer-encuentro-de-la-red-de-cultura-cientifica-2021\/#primaryimage\"},\"thumbnailUrl\":\"https:\/\/dev.explora.cl\/valparaiso\/wp-content\/uploads\/sites\/7\/2021\/05\/Encuentro_Red_Cultura_Cient\u00edficaedit2-e1622137756152.jpg\",\"datePublished\":\"2021-05-20T19:26:28+00:00\",\"dateModified\":\"2021-06-18T20:26:56+00:00\",\"breadcrumb\":{\"@id\":\"https:\/\/dev.explora.cl\/valparaiso\/genero-interculturalidad-e-inclusion-cruzan-primer-encuentro-de-la-red-de-cultura-cientifica-2021\/#breadcrumb\"},\"inLanguage\":\"es-CL\",\"potentialAction\":[{\"@type\":\"ReadAction\",\"target\":[\"https:\/\/dev.explora.cl\/valparaiso\/genero-interculturalidad-e-inclusion-cruzan-primer-encuentro-de-la-red-de-cultura-cientifica-2021\/\"]}]},{\"@type\":\"ImageObject\",\"inLanguage\":\"es-CL\",\"@id\":\"https:\/\/dev.explora.cl\/valparaiso\/genero-interculturalidad-e-inclusion-cruzan-primer-encuentro-de-la-red-de-cultura-cientifica-2021\/#primaryimage\",\"url\":\"https:\/\/dev.explora.cl\/valparaiso\/wp-content\/uploads\/sites\/7\/2021\/05\/Encuentro_Red_Cultura_Cient\u00edficaedit2-e1622137756152.jpg\",\"contentUrl\":\"https:\/\/dev.explora.cl\/valparaiso\/wp-content\/uploads\/sites\/7\/2021\/05\/Encuentro_Red_Cultura_Cient\u00edficaedit2-e1622137756152.jpg\",\"width\":800,\"height\":428},{\"@type\":\"BreadcrumbList\",\"@id\":\"https:\/\/dev.explora.cl\/valparaiso\/genero-interculturalidad-e-inclusion-cruzan-primer-encuentro-de-la-red-de-cultura-cientifica-2021\/#breadcrumb\",\"itemListElement\":[{\"@type\":\"ListItem\",\"position\":1,\"name\":\"Portada\",\"item\":\"https:\/\/dev.explora.cl\/valparaiso\/\"},{\"@type\":\"ListItem\",\"position\":2,\"name\":\"G\u00e9nero, interculturalidad e inclusi\u00f3n cruzan primer Encuentro de la Red de Cultura Cient\u00edfica 2021\"}]},{\"@type\":\"WebSite\",\"@id\":\"https:\/\/dev.explora.cl\/valparaiso\/#website\",\"url\":\"https:\/\/dev.explora.cl\/valparaiso\/\",\"name\":\"Valpara\u00edso\",\"description\":\"Otro sitio m\u00e1s de dev.explora.cl\",\"publisher\":{\"@id\":\"https:\/\/dev.explora.cl\/valparaiso\/#organization\"},\"potentialAction\":[{\"@type\":\"SearchAction\",\"target\":{\"@type\":\"EntryPoint\",\"urlTemplate\":\"https:\/\/dev.explora.cl\/valparaiso\/?s={search_term_string}\"},\"query-input\":{\"@type\":\"PropertyValueSpecification\",\"valueRequired\":true,\"valueName\":\"search_term_string\"}}],\"inLanguage\":\"es-CL\"},{\"@type\":\"Organization\",\"@id\":\"https:\/\/dev.explora.cl\/valparaiso\/#organization\",\"name\":\"Valpara\u00edso\",\"url\":\"https:\/\/dev.explora.cl\/valparaiso\/\",\"logo\":{\"@type\":\"ImageObject\",\"inLanguage\":\"es-CL\",\"@id\":\"https:\/\/dev.explora.cl\/valparaiso\/#\/schema\/logo\/image\/\",\"url\":\"https:\/\/dev.explora.cl\/valparaiso\/wp-content\/uploads\/sites\/7\/2019\/06\/cropped-logo-explora-color.jpg\",\"contentUrl\":\"https:\/\/dev.explora.cl\/valparaiso\/wp-content\/uploads\/sites\/7\/2019\/06\/cropped-logo-explora-color.jpg\",\"width\":2035,\"height\":584,\"caption\":\"Valpara\u00edso\"},\"image\":{\"@id\":\"https:\/\/dev.explora.cl\/valparaiso\/#\/schema\/logo\/image\/\"}},{\"@type\":\"Person\",\"@id\":\"https:\/\/dev.explora.cl\/valparaiso\/#\/schema\/person\/c15e69495b8dbe0af0102f6bca43ba5d\",\"name\":\"jcastaneda\",\"image\":{\"@type\":\"ImageObject\",\"inLanguage\":\"es-CL\",\"@id\":\"https:\/\/dev.explora.cl\/valparaiso\/#\/schema\/person\/image\/\",\"url\":\"https:\/\/secure.gravatar.com\/avatar\/f26661a8eef2f6444d9633928ef0219fd69e41c5be1ef5ef16afeee7cd4df675?s=96&d=mm&r=g\",\"contentUrl\":\"https:\/\/secure.gravatar.com\/avatar\/f26661a8eef2f6444d9633928ef0219fd69e41c5be1ef5ef16afeee7cd4df675?s=96&d=mm&r=g\",\"caption\":\"jcastaneda\"},\"url\":\"https:\/\/dev.explora.cl\/valparaiso\/author\/jcastaneda\/\"}]}<\/script>\n<!-- \/ Yoast SEO plugin. -->","yoast_head_json":{"title":"G\u00e9nero, interculturalidad e inclusi\u00f3n cruzan primer Encuentro de la Red de Cultura Cient\u00edfica 2021 - Valpara\u00edso","robots":{"index":"index","follow":"follow","max-snippet":"max-snippet:-1","max-image-preview":"max-image-preview:large","max-video-preview":"max-video-preview:-1"},"canonical":"https:\/\/dev.explora.cl\/valparaiso\/genero-interculturalidad-e-inclusion-cruzan-primer-encuentro-de-la-red-de-cultura-cientifica-2021\/","og_locale":"es_ES","og_type":"article","og_title":"G\u00e9nero, interculturalidad e inclusi\u00f3n cruzan primer Encuentro de la Red de Cultura Cient\u00edfica 2021 - Valpara\u00edso","og_description":"A trav\u00e9s de una jornada virtual, que incluy\u00f3 juegos, sombreros y pelucas, los y las integrantes del entramado se reunieron para visualizar un nuevo a\u00f1o de trabajo conjunto en torno a las ciencias y el conocimiento.","og_url":"https:\/\/dev.explora.cl\/valparaiso\/genero-interculturalidad-e-inclusion-cruzan-primer-encuentro-de-la-red-de-cultura-cientifica-2021\/","og_site_name":"Valpara\u00edso","article_published_time":"2021-05-20T19:26:28+00:00","article_modified_time":"2021-06-18T20:26:56+00:00","og_image":[{"width":800,"height":428,"url":"https:\/\/dev.explora.cl\/valparaiso\/wp-content\/uploads\/sites\/7\/2021\/05\/Encuentro_Red_Cultura_Cient\u00edficaedit2-e1622137756152.jpg","type":"image\/jpeg"}],"author":"jcastaneda","twitter_card":"summary_large_image","twitter_misc":{"Escrito por":"jcastaneda","Tiempo estimado de lectura":"2 minutos"},"schema":{"@context":"https:\/\/schema.org","@graph":[{"@type":"Article","@id":"https:\/\/dev.explora.cl\/valparaiso\/genero-interculturalidad-e-inclusion-cruzan-primer-encuentro-de-la-red-de-cultura-cientifica-2021\/#article","isPartOf":{"@id":"https:\/\/dev.explora.cl\/valparaiso\/genero-interculturalidad-e-inclusion-cruzan-primer-encuentro-de-la-red-de-cultura-cientifica-2021\/"},"author":{"name":"jcastaneda","@id":"https:\/\/dev.explora.cl\/valparaiso\/#\/schema\/person\/c15e69495b8dbe0af0102f6bca43ba5d"},"headline":"G\u00e9nero, interculturalidad e inclusi\u00f3n cruzan primer Encuentro de la Red de Cultura Cient\u00edfica 2021","datePublished":"2021-05-20T19:26:28+00:00","dateModified":"2021-06-18T20:26:56+00:00","mainEntityOfPage":{"@id":"https:\/\/dev.explora.cl\/valparaiso\/genero-interculturalidad-e-inclusion-cruzan-primer-encuentro-de-la-red-de-cultura-cientifica-2021\/"},"wordCount":488,"commentCount":0,"publisher":{"@id":"https:\/\/dev.explora.cl\/valparaiso\/#organization"},"image":{"@id":"https:\/\/dev.explora.cl\/valparaiso\/genero-interculturalidad-e-inclusion-cruzan-primer-encuentro-de-la-red-de-cultura-cientifica-2021\/#primaryimage"},"thumbnailUrl":"https:\/\/dev.explora.cl\/valparaiso\/wp-content\/uploads\/sites\/7\/2021\/05\/Encuentro_Red_Cultura_Cient\u00edficaedit2-e1622137756152.jpg","keywords":["centros de invetsigaci\u00f3n","cultura cientifica","espacios culturales","espacios de colaboraci\u00f3n","museos","Proyecto Asociativo Regional EXPLORA Valparaiso","Red de Cultura Cient\u00edfica","Regi\u00f3n de Valpara\u00edso"],"articleSection":["Noticias"],"inLanguage":"es-CL","potentialAction":[{"@type":"CommentAction","name":"Comment","target":["https:\/\/dev.explora.cl\/valparaiso\/genero-interculturalidad-e-inclusion-cruzan-primer-encuentro-de-la-red-de-cultura-cientifica-2021\/#respond"]}]},{"@type":"WebPage","@id":"https:\/\/dev.explora.cl\/valparaiso\/genero-interculturalidad-e-inclusion-cruzan-primer-encuentro-de-la-red-de-cultura-cientifica-2021\/","url":"https:\/\/dev.explora.cl\/valparaiso\/genero-interculturalidad-e-inclusion-cruzan-primer-encuentro-de-la-red-de-cultura-cientifica-2021\/","name":"G\u00e9nero, interculturalidad e inclusi\u00f3n cruzan primer Encuentro de la Red de Cultura Cient\u00edfica 2021 - Valpara\u00edso","isPartOf":{"@id":"https:\/\/dev.explora.cl\/valparaiso\/#website"},"primaryImageOfPage":{"@id":"https:\/\/dev.explora.cl\/valparaiso\/genero-interculturalidad-e-inclusion-cruzan-primer-encuentro-de-la-red-de-cultura-cientifica-2021\/#primaryimage"},"image":{"@id":"https:\/\/dev.explora.cl\/valparaiso\/genero-interculturalidad-e-inclusion-cruzan-primer-encuentro-de-la-red-de-cultura-cientifica-2021\/#primaryimage"},"thumbnailUrl":"https:\/\/dev.explora.cl\/valparaiso\/wp-content\/uploads\/sites\/7\/2021\/05\/Encuentro_Red_Cultura_Cient\u00edficaedit2-e1622137756152.jpg","datePublished":"2021-05-20T19:26:28+00:00","dateModified":"2021-06-18T20:26:56+00:00","breadcrumb":{"@id":"https:\/\/dev.explora.cl\/valparaiso\/genero-interculturalidad-e-inclusion-cruzan-primer-encuentro-de-la-red-de-cultura-cientifica-2021\/#breadcrumb"},"inLanguage":"es-CL","potentialAction":[{"@type":"ReadAction","target":["https:\/\/dev.explora.cl\/valparaiso\/genero-interculturalidad-e-inclusion-cruzan-primer-encuentro-de-la-red-de-cultura-cientifica-2021\/"]}]},{"@type":"ImageObject","inLanguage":"es-CL","@id":"https:\/\/dev.explora.cl\/valparaiso\/genero-interculturalidad-e-inclusion-cruzan-primer-encuentro-de-la-red-de-cultura-cientifica-2021\/#primaryimage","url":"https:\/\/dev.explora.cl\/valparaiso\/wp-content\/uploads\/sites\/7\/2021\/05\/Encuentro_Red_Cultura_Cient\u00edficaedit2-e1622137756152.jpg","contentUrl":"https:\/\/dev.explora.cl\/valparaiso\/wp-content\/uploads\/sites\/7\/2021\/05\/Encuentro_Red_Cultura_Cient\u00edficaedit2-e1622137756152.jpg","width":800,"height":428},{"@type":"BreadcrumbList","@id":"https:\/\/dev.explora.cl\/valparaiso\/genero-interculturalidad-e-inclusion-cruzan-primer-encuentro-de-la-red-de-cultura-cientifica-2021\/#breadcrumb","itemListElement":[{"@type":"ListItem","position":1,"name":"Portada","item":"https:\/\/dev.explora.cl\/valparaiso\/"},{"@type":"ListItem","position":2,"name":"G\u00e9nero, interculturalidad e inclusi\u00f3n cruzan primer Encuentro de la Red de Cultura Cient\u00edfica 2021"}]},{"@type":"WebSite","@id":"https:\/\/dev.explora.cl\/valparaiso\/#website","url":"https:\/\/dev.explora.cl\/valparaiso\/","name":"Valpara\u00edso","description":"Otro sitio m\u00e1s de dev.explora.cl","publisher":{"@id":"https:\/\/dev.explora.cl\/valparaiso\/#organization"},"potentialAction":[{"@type":"SearchAction","target":{"@type":"EntryPoint","urlTemplate":"https:\/\/dev.explora.cl\/valparaiso\/?s={search_term_string}"},"query-input":{"@type":"PropertyValueSpecification","valueRequired":true,"valueName":"search_term_string"}}],"inLanguage":"es-CL"},{"@type":"Organization","@id":"https:\/\/dev.explora.cl\/valparaiso\/#organization","name":"Valpara\u00edso","url":"https:\/\/dev.explora.cl\/valparaiso\/","logo":{"@type":"ImageObject","inLanguage":"es-CL","@id":"https:\/\/dev.explora.cl\/valparaiso\/#\/schema\/logo\/image\/","url":"https:\/\/dev.explora.cl\/valparaiso\/wp-content\/uploads\/sites\/7\/2019\/06\/cropped-logo-explora-color.jpg","contentUrl":"https:\/\/dev.explora.cl\/valparaiso\/wp-content\/uploads\/sites\/7\/2019\/06\/cropped-logo-explora-color.jpg","width":2035,"height":584,"caption":"Valpara\u00edso"},"image":{"@id":"https:\/\/dev.explora.cl\/valparaiso\/#\/schema\/logo\/image\/"}},{"@type":"Person","@id":"https:\/\/dev.explora.cl\/valparaiso\/#\/schema\/person\/c15e69495b8dbe0af0102f6bca43ba5d","name":"jcastaneda","image":{"@type":"ImageObject","inLanguage":"es-CL","@id":"https:\/\/dev.explora.cl\/valparaiso\/#\/schema\/person\/image\/","url":"https:\/\/secure.gravatar.com\/avatar\/f26661a8eef2f6444d9633928ef0219fd69e41c5be1ef5ef16afeee7cd4df675?s=96&d=mm&r=g","contentUrl":"https:\/\/secure.gravatar.com\/avatar\/f26661a8eef2f6444d9633928ef0219fd69e41c5be1ef5ef16afeee7cd4df675?s=96&d=mm&r=g","caption":"jcastaneda"},"url":"https:\/\/dev.explora.cl\/valparaiso\/author\/jcastaneda\/"}]}},"_links":{"self":[{"href":"https:\/\/dev.explora.cl\/valparaiso\/wp-json\/wp\/v2\/posts\/41067","targetHints":{"allow":["GET"]}}],"collection":[{"href":"https:\/\/dev.explora.cl\/valparaiso\/wp-json\/wp\/v2\/posts"}],"about":[{"href":"https:\/\/dev.explora.cl\/valparaiso\/wp-json\/wp\/v2\/types\/post"}],"author":[{"embeddable":true,"href":"https:\/\/dev.explora.cl\/valparaiso\/wp-json\/wp\/v2\/users\/22"}],"replies":[{"embeddable":true,"href":"https:\/\/dev.explora.cl\/valparaiso\/wp-json\/wp\/v2\/comments?post=41067"}],"version-history":[{"count":1,"href":"https:\/\/dev.explora.cl\/valparaiso\/wp-json\/wp\/v2\/posts\/41067\/revisions"}],"predecessor-version":[{"id":41068,"href":"https:\/\/dev.explora.cl\/valparaiso\/wp-json\/wp\/v2\/posts\/41067\/revisions\/41068"}],"wp:featuredmedia":[{"embeddable":true,"href":"https:\/\/dev.explora.cl\/valparaiso\/wp-json\/wp\/v2\/media\/41074"}],"wp:attachment":[{"href":"https:\/\/dev.explora.cl\/valparaiso\/wp-json\/wp\/v2\/media?parent=41067"}],"wp:term":[{"taxonomy":"category","embeddable":true,"href":"https:\/\/dev.explora.cl\/valparaiso\/wp-json\/wp\/v2\/categories?post=41067"},{"taxonomy":"post_tag","embeddable":true,"href":"https:\/\/dev.explora.cl\/valparaiso\/wp-json\/wp\/v2\/tags?post=41067"}],"curies":[{"name":"wp","href":"https:\/\/api.w.org\/{rel}","templated":true}]}}