{"id":38099,"date":"2014-09-15T00:00:00","date_gmt":"2014-09-15T04:00:00","guid":{"rendered":"https:\/\/dev.explora.cl\/valparaiso\/blog\/2014\/09\/15\/con-estos-ganadores-culmina-el-concurso-piensa-matematicas-que-sumo-a-miles-de-participantes-en-sus-3-desafios\/"},"modified":"2019-05-20T17:04:59","modified_gmt":"2019-05-20T17:04:59","slug":"con-estos-ganadores-culmina-el-concurso-piensa-matematicas-que-sumo-a-miles-de-participantes-en-sus-3-desafios","status":"publish","type":"post","link":"https:\/\/dev.explora.cl\/valparaiso\/con-estos-ganadores-culmina-el-concurso-piensa-matematicas-que-sumo-a-miles-de-participantes-en-sus-3-desafios\/","title":{"rendered":"Con estos ganadores culmina el concurso  \u201cPiensa Matem\u00e1ticas\u201d que sum\u00f3 a miles de participantes en sus 3 desaf\u00edos"},"content":{"rendered":"<p><img loading=\"lazy\" decoding=\"async\" class=\" size-full wp-image-5456\" src=\"http:\/\/ec2-34-218-253-251.us-west-2.compute.amazonaws.com\/wp-content\/uploads\/2014\/09\/ab6267516b32f1b252518cc8a1c8e158.jpg\" alt=\"\" width=\"479\" height=\"453\" \/><\/p>\n<p style=\"text-align: justify\">Luego de sus tres desaf\u00edos expuestos en el Metro Valpara\u00edso, finaliz\u00f3 el concurso \u201cPiensa en Matem\u00e1ticas\u201d, que ha acercado las matem\u00e1ticas a los porte\u00f1os de una forma entretenida y original. Este concurso\u00a0organizado por el Instituto de Matem\u00e1ticas (IMA) de la Pontificia Universidad Cat\u00f3lica de Valpara\u00edso (PUCV), el <em>Center of Dynamical System and Related Fields<\/em>, el Proyecto Anillo ACT-1103 P\u00cdA \u2013 CONICYT y el Proyecto Asociativo Regional (PAR) EXPLORA Valpara\u00edso, sum\u00f3 a sus tres \u00faltimos ganadores el pasado lunes 8 de Septiembre.<\/p>\n<p style=\"text-align: justify\">El sorteo del \u201cdesaf\u00edo agosto\u201d se efectu\u00f3 en presencia de Mabel Keller, encargada del PAR Explora Valpara\u00edso, y Carlos V\u00e1squez, Director del IMA PUCV. \u00a0Los ganadores que arroj\u00f3 el programa computacional de sorteo fueron H\u00e9ctor Medina Parada, Israel Bravo, Claudia Olgu\u00edn y Fernando del Villar.<\/p>\n<p style=\"text-align: justify\">Con respecto a la implementaci\u00f3n del proyecto que permiti\u00f3 la realizaci\u00f3n del concurso \u201cPiensa en Matem\u00e1ticas\u201d, basado en la exhibici\u00f3n de desaf\u00edos matem\u00e1ticos, a trav\u00e9s de afiches en los vagones de Metro Valpara\u00edso y en el formato de individuales en caf\u00e9s y restaurantes de la regi\u00f3n, Mabel Keller, afirm\u00f3\u00a0 \u201cel PAR EXPLORA Valpara\u00edso, lo que pretende ser es un canal por donde la comunidad cient\u00edfica pueda hacer divulgaci\u00f3n, que es una de sus misiones en el d\u00eda de hoy. El proyecto EXPLORA est\u00e1 trabajando muy fuertemente y en conjunto con la comunidad cient\u00edfica de la V regi\u00f3n. El concurso \u201cPiensa en Matem\u00e1ticas\u201d es otra de las iniciativas que se han podido hacer gracias a la alianza que hay entre el mundo cient\u00edfico y el proyecto asociativo en la regi\u00f3n\u201d.<\/p>\n<p style=\"text-align: justify\">Luego de que miles de personas participaran en los 3 desaf\u00edos de \u201cPiensa Matem\u00e1tica\u201d es muy probable que se repita la iniciativa el 2015. \u201cFue una iniciativa novedosa que llam\u00f3 la atenci\u00f3n tanto de quienes circularon por el metro como de los responsables del Metro Valpara\u00edso que quedaron muy contentos y satisfechos con el proyecto. De hecho, est\u00e1n esperando la versi\u00f3n 2015 de esta iniciativa\u201d, se\u00f1al\u00f3 la encargada del PAR Explora Valpara\u00edso.<\/p>\n<p style=\"text-align: justify\">\u00a0<\/p>\n","protected":false},"excerpt":{"rendered":"<p>Luego de sus tres desaf\u00edos expuestos en el Metro Valpara\u00edso, finaliz\u00f3 el concurso \u201cPiensa en Matem\u00e1ticas\u201d, que ha acercado las matem\u00e1ticas a los porte\u00f1os de una forma entretenida y original. Este concurso\u00a0organizado por el Instituto de Matem\u00e1ticas (IMA) de la Pontificia Universidad Cat\u00f3lica de Valpara\u00edso (PUCV), el Center of Dynamical System and Related Fields, el [&hellip;]<\/p>\n","protected":false},"author":2,"featured_media":33804,"comment_status":"open","ping_status":"open","sticky":false,"template":"","format":"standard","meta":{"_acf_changed":false,"_exactmetrics_skip_tracking":false,"_exactmetrics_sitenote_active":false,"_exactmetrics_sitenote_note":"","_exactmetrics_sitenote_category":0,"footnotes":"","_links_to":"","_links_to_target":""},"categories":[4],"tags":[],"class_list":["post-38099","post","type-post","status-publish","format-standard","has-post-thumbnail","hentry","category-noticias"],"acf":[],"yoast_head":"<!-- This site is optimized with the Yoast SEO plugin v26.7 - https:\/\/yoast.com\/wordpress\/plugins\/seo\/ -->\n<title>Con estos ganadores culmina el concurso \u201cPiensa Matem\u00e1ticas\u201d que sum\u00f3 a miles de participantes en sus 3 desaf\u00edos - Valpara\u00edso<\/title>\n<meta name=\"robots\" content=\"index, follow, max-snippet:-1, max-image-preview:large, max-video-preview:-1\" \/>\n<link rel=\"canonical\" href=\"https:\/\/dev.explora.cl\/valparaiso\/con-estos-ganadores-culmina-el-concurso-piensa-matematicas-que-sumo-a-miles-de-participantes-en-sus-3-desafios\/\" class=\"yoast-seo-meta-tag\" \/>\n<meta property=\"og:locale\" content=\"es_ES\" class=\"yoast-seo-meta-tag\" \/>\n<meta property=\"og:type\" content=\"article\" class=\"yoast-seo-meta-tag\" \/>\n<meta property=\"og:title\" content=\"Con estos ganadores culmina el concurso \u201cPiensa Matem\u00e1ticas\u201d que sum\u00f3 a miles de participantes en sus 3 desaf\u00edos - Valpara\u00edso\" class=\"yoast-seo-meta-tag\" \/>\n<meta property=\"og:description\" content=\"Luego de sus tres desaf\u00edos expuestos en el Metro Valpara\u00edso, finaliz\u00f3 el concurso \u201cPiensa en Matem\u00e1ticas\u201d, que ha acercado las matem\u00e1ticas a los porte\u00f1os de una forma entretenida y original. Este concurso\u00a0organizado por el Instituto de Matem\u00e1ticas (IMA) de la Pontificia Universidad Cat\u00f3lica de Valpara\u00edso (PUCV), el Center of Dynamical System and Related Fields, el [&hellip;]\" class=\"yoast-seo-meta-tag\" \/>\n<meta property=\"og:url\" content=\"https:\/\/dev.explora.cl\/valparaiso\/con-estos-ganadores-culmina-el-concurso-piensa-matematicas-que-sumo-a-miles-de-participantes-en-sus-3-desafios\/\" class=\"yoast-seo-meta-tag\" \/>\n<meta property=\"og:site_name\" content=\"Valpara\u00edso\" class=\"yoast-seo-meta-tag\" \/>\n<meta property=\"article:published_time\" content=\"2014-09-15T04:00:00+00:00\" class=\"yoast-seo-meta-tag\" \/>\n<meta property=\"article:modified_time\" content=\"2019-05-20T17:04:59+00:00\" class=\"yoast-seo-meta-tag\" \/>\n<meta property=\"og:image\" content=\"https:\/\/dev.explora.cl\/valparaiso\/wp-content\/uploads\/sites\/7\/2018\/06\/ab6267516b32f1b252518cc8a1c8e158.jpg\" class=\"yoast-seo-meta-tag\" \/>\n\t<meta property=\"og:image:width\" content=\"479\" class=\"yoast-seo-meta-tag\" \/>\n\t<meta property=\"og:image:height\" content=\"453\" class=\"yoast-seo-meta-tag\" \/>\n\t<meta property=\"og:image:type\" content=\"image\/jpeg\" class=\"yoast-seo-meta-tag\" \/>\n<meta name=\"author\" content=\"webman\" class=\"yoast-seo-meta-tag\" \/>\n<meta name=\"twitter:card\" content=\"summary_large_image\" class=\"yoast-seo-meta-tag\" \/>\n<meta name=\"twitter:label1\" content=\"Escrito por\" class=\"yoast-seo-meta-tag\" \/>\n\t<meta name=\"twitter:data1\" content=\"webman\" class=\"yoast-seo-meta-tag\" \/>\n\t<meta name=\"twitter:label2\" content=\"Tiempo estimado de lectura\" class=\"yoast-seo-meta-tag\" \/>\n\t<meta name=\"twitter:data2\" content=\"2 minutos\" class=\"yoast-seo-meta-tag\" \/>\n<script type=\"application\/ld+json\" class=\"yoast-schema-graph\">{\"@context\":\"https:\/\/schema.org\",\"@graph\":[{\"@type\":\"Article\",\"@id\":\"https:\/\/dev.explora.cl\/valparaiso\/con-estos-ganadores-culmina-el-concurso-piensa-matematicas-que-sumo-a-miles-de-participantes-en-sus-3-desafios\/#article\",\"isPartOf\":{\"@id\":\"https:\/\/dev.explora.cl\/valparaiso\/con-estos-ganadores-culmina-el-concurso-piensa-matematicas-que-sumo-a-miles-de-participantes-en-sus-3-desafios\/\"},\"author\":{\"name\":\"webman\",\"@id\":\"https:\/\/dev.explora.cl\/valparaiso\/#\/schema\/person\/cb8349c13ea2d324080adf8480d7ba5d\"},\"headline\":\"Con estos ganadores culmina el concurso \u201cPiensa Matem\u00e1ticas\u201d que sum\u00f3 a miles de participantes en sus 3 desaf\u00edos\",\"datePublished\":\"2014-09-15T04:00:00+00:00\",\"dateModified\":\"2019-05-20T17:04:59+00:00\",\"mainEntityOfPage\":{\"@id\":\"https:\/\/dev.explora.cl\/valparaiso\/con-estos-ganadores-culmina-el-concurso-piensa-matematicas-que-sumo-a-miles-de-participantes-en-sus-3-desafios\/\"},\"wordCount\":384,\"commentCount\":0,\"publisher\":{\"@id\":\"https:\/\/dev.explora.cl\/valparaiso\/#organization\"},\"image\":{\"@id\":\"https:\/\/dev.explora.cl\/valparaiso\/con-estos-ganadores-culmina-el-concurso-piensa-matematicas-que-sumo-a-miles-de-participantes-en-sus-3-desafios\/#primaryimage\"},\"thumbnailUrl\":\"https:\/\/dev.explora.cl\/valparaiso\/wp-content\/uploads\/sites\/7\/2018\/06\/ab6267516b32f1b252518cc8a1c8e158.jpg\",\"articleSection\":[\"Noticias\"],\"inLanguage\":\"es-CL\",\"potentialAction\":[{\"@type\":\"CommentAction\",\"name\":\"Comment\",\"target\":[\"https:\/\/dev.explora.cl\/valparaiso\/con-estos-ganadores-culmina-el-concurso-piensa-matematicas-que-sumo-a-miles-de-participantes-en-sus-3-desafios\/#respond\"]}]},{\"@type\":\"WebPage\",\"@id\":\"https:\/\/dev.explora.cl\/valparaiso\/con-estos-ganadores-culmina-el-concurso-piensa-matematicas-que-sumo-a-miles-de-participantes-en-sus-3-desafios\/\",\"url\":\"https:\/\/dev.explora.cl\/valparaiso\/con-estos-ganadores-culmina-el-concurso-piensa-matematicas-que-sumo-a-miles-de-participantes-en-sus-3-desafios\/\",\"name\":\"Con estos ganadores culmina el concurso \u201cPiensa Matem\u00e1ticas\u201d que sum\u00f3 a miles de participantes en sus 3 desaf\u00edos - Valpara\u00edso\",\"isPartOf\":{\"@id\":\"https:\/\/dev.explora.cl\/valparaiso\/#website\"},\"primaryImageOfPage\":{\"@id\":\"https:\/\/dev.explora.cl\/valparaiso\/con-estos-ganadores-culmina-el-concurso-piensa-matematicas-que-sumo-a-miles-de-participantes-en-sus-3-desafios\/#primaryimage\"},\"image\":{\"@id\":\"https:\/\/dev.explora.cl\/valparaiso\/con-estos-ganadores-culmina-el-concurso-piensa-matematicas-que-sumo-a-miles-de-participantes-en-sus-3-desafios\/#primaryimage\"},\"thumbnailUrl\":\"https:\/\/dev.explora.cl\/valparaiso\/wp-content\/uploads\/sites\/7\/2018\/06\/ab6267516b32f1b252518cc8a1c8e158.jpg\",\"datePublished\":\"2014-09-15T04:00:00+00:00\",\"dateModified\":\"2019-05-20T17:04:59+00:00\",\"breadcrumb\":{\"@id\":\"https:\/\/dev.explora.cl\/valparaiso\/con-estos-ganadores-culmina-el-concurso-piensa-matematicas-que-sumo-a-miles-de-participantes-en-sus-3-desafios\/#breadcrumb\"},\"inLanguage\":\"es-CL\",\"potentialAction\":[{\"@type\":\"ReadAction\",\"target\":[\"https:\/\/dev.explora.cl\/valparaiso\/con-estos-ganadores-culmina-el-concurso-piensa-matematicas-que-sumo-a-miles-de-participantes-en-sus-3-desafios\/\"]}]},{\"@type\":\"ImageObject\",\"inLanguage\":\"es-CL\",\"@id\":\"https:\/\/dev.explora.cl\/valparaiso\/con-estos-ganadores-culmina-el-concurso-piensa-matematicas-que-sumo-a-miles-de-participantes-en-sus-3-desafios\/#primaryimage\",\"url\":\"https:\/\/dev.explora.cl\/valparaiso\/wp-content\/uploads\/sites\/7\/2018\/06\/ab6267516b32f1b252518cc8a1c8e158.jpg\",\"contentUrl\":\"https:\/\/dev.explora.cl\/valparaiso\/wp-content\/uploads\/sites\/7\/2018\/06\/ab6267516b32f1b252518cc8a1c8e158.jpg\",\"width\":479,\"height\":453},{\"@type\":\"BreadcrumbList\",\"@id\":\"https:\/\/dev.explora.cl\/valparaiso\/con-estos-ganadores-culmina-el-concurso-piensa-matematicas-que-sumo-a-miles-de-participantes-en-sus-3-desafios\/#breadcrumb\",\"itemListElement\":[{\"@type\":\"ListItem\",\"position\":1,\"name\":\"Portada\",\"item\":\"https:\/\/dev.explora.cl\/valparaiso\/\"},{\"@type\":\"ListItem\",\"position\":2,\"name\":\"Con estos ganadores culmina el concurso \u201cPiensa Matem\u00e1ticas\u201d que sum\u00f3 a miles de participantes en sus 3 desaf\u00edos\"}]},{\"@type\":\"WebSite\",\"@id\":\"https:\/\/dev.explora.cl\/valparaiso\/#website\",\"url\":\"https:\/\/dev.explora.cl\/valparaiso\/\",\"name\":\"Valpara\u00edso\",\"description\":\"Otro sitio m\u00e1s de dev.explora.cl\",\"publisher\":{\"@id\":\"https:\/\/dev.explora.cl\/valparaiso\/#organization\"},\"potentialAction\":[{\"@type\":\"SearchAction\",\"target\":{\"@type\":\"EntryPoint\",\"urlTemplate\":\"https:\/\/dev.explora.cl\/valparaiso\/?s={search_term_string}\"},\"query-input\":{\"@type\":\"PropertyValueSpecification\",\"valueRequired\":true,\"valueName\":\"search_term_string\"}}],\"inLanguage\":\"es-CL\"},{\"@type\":\"Organization\",\"@id\":\"https:\/\/dev.explora.cl\/valparaiso\/#organization\",\"name\":\"Valpara\u00edso\",\"url\":\"https:\/\/dev.explora.cl\/valparaiso\/\",\"logo\":{\"@type\":\"ImageObject\",\"inLanguage\":\"es-CL\",\"@id\":\"https:\/\/dev.explora.cl\/valparaiso\/#\/schema\/logo\/image\/\",\"url\":\"https:\/\/dev.explora.cl\/valparaiso\/wp-content\/uploads\/sites\/7\/2019\/06\/cropped-logo-explora-color.jpg\",\"contentUrl\":\"https:\/\/dev.explora.cl\/valparaiso\/wp-content\/uploads\/sites\/7\/2019\/06\/cropped-logo-explora-color.jpg\",\"width\":2035,\"height\":584,\"caption\":\"Valpara\u00edso\"},\"image\":{\"@id\":\"https:\/\/dev.explora.cl\/valparaiso\/#\/schema\/logo\/image\/\"}},{\"@type\":\"Person\",\"@id\":\"https:\/\/dev.explora.cl\/valparaiso\/#\/schema\/person\/cb8349c13ea2d324080adf8480d7ba5d\",\"name\":\"webman\",\"image\":{\"@type\":\"ImageObject\",\"inLanguage\":\"es-CL\",\"@id\":\"https:\/\/dev.explora.cl\/valparaiso\/#\/schema\/person\/image\/\",\"url\":\"https:\/\/secure.gravatar.com\/avatar\/eeff3c82f2c02f7177d13663b7e6f890e9a6a0647ce9bb29cae02dcb094c7312?s=96&d=mm&r=g\",\"contentUrl\":\"https:\/\/secure.gravatar.com\/avatar\/eeff3c82f2c02f7177d13663b7e6f890e9a6a0647ce9bb29cae02dcb094c7312?s=96&d=mm&r=g\",\"caption\":\"webman\"},\"url\":\"https:\/\/dev.explora.cl\/valparaiso\/author\/webman\/\"}]}<\/script>\n<!-- \/ Yoast SEO plugin. -->","yoast_head_json":{"title":"Con estos ganadores culmina el concurso \u201cPiensa Matem\u00e1ticas\u201d que sum\u00f3 a miles de participantes en sus 3 desaf\u00edos - Valpara\u00edso","robots":{"index":"index","follow":"follow","max-snippet":"max-snippet:-1","max-image-preview":"max-image-preview:large","max-video-preview":"max-video-preview:-1"},"canonical":"https:\/\/dev.explora.cl\/valparaiso\/con-estos-ganadores-culmina-el-concurso-piensa-matematicas-que-sumo-a-miles-de-participantes-en-sus-3-desafios\/","og_locale":"es_ES","og_type":"article","og_title":"Con estos ganadores culmina el concurso \u201cPiensa Matem\u00e1ticas\u201d que sum\u00f3 a miles de participantes en sus 3 desaf\u00edos - Valpara\u00edso","og_description":"Luego de sus tres desaf\u00edos expuestos en el Metro Valpara\u00edso, finaliz\u00f3 el concurso \u201cPiensa en Matem\u00e1ticas\u201d, que ha acercado las matem\u00e1ticas a los porte\u00f1os de una forma entretenida y original. Este concurso\u00a0organizado por el Instituto de Matem\u00e1ticas (IMA) de la Pontificia Universidad Cat\u00f3lica de Valpara\u00edso (PUCV), el Center of Dynamical System and Related Fields, el [&hellip;]","og_url":"https:\/\/dev.explora.cl\/valparaiso\/con-estos-ganadores-culmina-el-concurso-piensa-matematicas-que-sumo-a-miles-de-participantes-en-sus-3-desafios\/","og_site_name":"Valpara\u00edso","article_published_time":"2014-09-15T04:00:00+00:00","article_modified_time":"2019-05-20T17:04:59+00:00","og_image":[{"width":479,"height":453,"url":"https:\/\/dev.explora.cl\/valparaiso\/wp-content\/uploads\/sites\/7\/2018\/06\/ab6267516b32f1b252518cc8a1c8e158.jpg","type":"image\/jpeg"}],"author":"webman","twitter_card":"summary_large_image","twitter_misc":{"Escrito por":"webman","Tiempo estimado de lectura":"2 minutos"},"schema":{"@context":"https:\/\/schema.org","@graph":[{"@type":"Article","@id":"https:\/\/dev.explora.cl\/valparaiso\/con-estos-ganadores-culmina-el-concurso-piensa-matematicas-que-sumo-a-miles-de-participantes-en-sus-3-desafios\/#article","isPartOf":{"@id":"https:\/\/dev.explora.cl\/valparaiso\/con-estos-ganadores-culmina-el-concurso-piensa-matematicas-que-sumo-a-miles-de-participantes-en-sus-3-desafios\/"},"author":{"name":"webman","@id":"https:\/\/dev.explora.cl\/valparaiso\/#\/schema\/person\/cb8349c13ea2d324080adf8480d7ba5d"},"headline":"Con estos ganadores culmina el concurso \u201cPiensa Matem\u00e1ticas\u201d que sum\u00f3 a miles de participantes en sus 3 desaf\u00edos","datePublished":"2014-09-15T04:00:00+00:00","dateModified":"2019-05-20T17:04:59+00:00","mainEntityOfPage":{"@id":"https:\/\/dev.explora.cl\/valparaiso\/con-estos-ganadores-culmina-el-concurso-piensa-matematicas-que-sumo-a-miles-de-participantes-en-sus-3-desafios\/"},"wordCount":384,"commentCount":0,"publisher":{"@id":"https:\/\/dev.explora.cl\/valparaiso\/#organization"},"image":{"@id":"https:\/\/dev.explora.cl\/valparaiso\/con-estos-ganadores-culmina-el-concurso-piensa-matematicas-que-sumo-a-miles-de-participantes-en-sus-3-desafios\/#primaryimage"},"thumbnailUrl":"https:\/\/dev.explora.cl\/valparaiso\/wp-content\/uploads\/sites\/7\/2018\/06\/ab6267516b32f1b252518cc8a1c8e158.jpg","articleSection":["Noticias"],"inLanguage":"es-CL","potentialAction":[{"@type":"CommentAction","name":"Comment","target":["https:\/\/dev.explora.cl\/valparaiso\/con-estos-ganadores-culmina-el-concurso-piensa-matematicas-que-sumo-a-miles-de-participantes-en-sus-3-desafios\/#respond"]}]},{"@type":"WebPage","@id":"https:\/\/dev.explora.cl\/valparaiso\/con-estos-ganadores-culmina-el-concurso-piensa-matematicas-que-sumo-a-miles-de-participantes-en-sus-3-desafios\/","url":"https:\/\/dev.explora.cl\/valparaiso\/con-estos-ganadores-culmina-el-concurso-piensa-matematicas-que-sumo-a-miles-de-participantes-en-sus-3-desafios\/","name":"Con estos ganadores culmina el concurso \u201cPiensa Matem\u00e1ticas\u201d que sum\u00f3 a miles de participantes en sus 3 desaf\u00edos - Valpara\u00edso","isPartOf":{"@id":"https:\/\/dev.explora.cl\/valparaiso\/#website"},"primaryImageOfPage":{"@id":"https:\/\/dev.explora.cl\/valparaiso\/con-estos-ganadores-culmina-el-concurso-piensa-matematicas-que-sumo-a-miles-de-participantes-en-sus-3-desafios\/#primaryimage"},"image":{"@id":"https:\/\/dev.explora.cl\/valparaiso\/con-estos-ganadores-culmina-el-concurso-piensa-matematicas-que-sumo-a-miles-de-participantes-en-sus-3-desafios\/#primaryimage"},"thumbnailUrl":"https:\/\/dev.explora.cl\/valparaiso\/wp-content\/uploads\/sites\/7\/2018\/06\/ab6267516b32f1b252518cc8a1c8e158.jpg","datePublished":"2014-09-15T04:00:00+00:00","dateModified":"2019-05-20T17:04:59+00:00","breadcrumb":{"@id":"https:\/\/dev.explora.cl\/valparaiso\/con-estos-ganadores-culmina-el-concurso-piensa-matematicas-que-sumo-a-miles-de-participantes-en-sus-3-desafios\/#breadcrumb"},"inLanguage":"es-CL","potentialAction":[{"@type":"ReadAction","target":["https:\/\/dev.explora.cl\/valparaiso\/con-estos-ganadores-culmina-el-concurso-piensa-matematicas-que-sumo-a-miles-de-participantes-en-sus-3-desafios\/"]}]},{"@type":"ImageObject","inLanguage":"es-CL","@id":"https:\/\/dev.explora.cl\/valparaiso\/con-estos-ganadores-culmina-el-concurso-piensa-matematicas-que-sumo-a-miles-de-participantes-en-sus-3-desafios\/#primaryimage","url":"https:\/\/dev.explora.cl\/valparaiso\/wp-content\/uploads\/sites\/7\/2018\/06\/ab6267516b32f1b252518cc8a1c8e158.jpg","contentUrl":"https:\/\/dev.explora.cl\/valparaiso\/wp-content\/uploads\/sites\/7\/2018\/06\/ab6267516b32f1b252518cc8a1c8e158.jpg","width":479,"height":453},{"@type":"BreadcrumbList","@id":"https:\/\/dev.explora.cl\/valparaiso\/con-estos-ganadores-culmina-el-concurso-piensa-matematicas-que-sumo-a-miles-de-participantes-en-sus-3-desafios\/#breadcrumb","itemListElement":[{"@type":"ListItem","position":1,"name":"Portada","item":"https:\/\/dev.explora.cl\/valparaiso\/"},{"@type":"ListItem","position":2,"name":"Con estos ganadores culmina el concurso \u201cPiensa Matem\u00e1ticas\u201d que sum\u00f3 a miles de participantes en sus 3 desaf\u00edos"}]},{"@type":"WebSite","@id":"https:\/\/dev.explora.cl\/valparaiso\/#website","url":"https:\/\/dev.explora.cl\/valparaiso\/","name":"Valpara\u00edso","description":"Otro sitio m\u00e1s de dev.explora.cl","publisher":{"@id":"https:\/\/dev.explora.cl\/valparaiso\/#organization"},"potentialAction":[{"@type":"SearchAction","target":{"@type":"EntryPoint","urlTemplate":"https:\/\/dev.explora.cl\/valparaiso\/?s={search_term_string}"},"query-input":{"@type":"PropertyValueSpecification","valueRequired":true,"valueName":"search_term_string"}}],"inLanguage":"es-CL"},{"@type":"Organization","@id":"https:\/\/dev.explora.cl\/valparaiso\/#organization","name":"Valpara\u00edso","url":"https:\/\/dev.explora.cl\/valparaiso\/","logo":{"@type":"ImageObject","inLanguage":"es-CL","@id":"https:\/\/dev.explora.cl\/valparaiso\/#\/schema\/logo\/image\/","url":"https:\/\/dev.explora.cl\/valparaiso\/wp-content\/uploads\/sites\/7\/2019\/06\/cropped-logo-explora-color.jpg","contentUrl":"https:\/\/dev.explora.cl\/valparaiso\/wp-content\/uploads\/sites\/7\/2019\/06\/cropped-logo-explora-color.jpg","width":2035,"height":584,"caption":"Valpara\u00edso"},"image":{"@id":"https:\/\/dev.explora.cl\/valparaiso\/#\/schema\/logo\/image\/"}},{"@type":"Person","@id":"https:\/\/dev.explora.cl\/valparaiso\/#\/schema\/person\/cb8349c13ea2d324080adf8480d7ba5d","name":"webman","image":{"@type":"ImageObject","inLanguage":"es-CL","@id":"https:\/\/dev.explora.cl\/valparaiso\/#\/schema\/person\/image\/","url":"https:\/\/secure.gravatar.com\/avatar\/eeff3c82f2c02f7177d13663b7e6f890e9a6a0647ce9bb29cae02dcb094c7312?s=96&d=mm&r=g","contentUrl":"https:\/\/secure.gravatar.com\/avatar\/eeff3c82f2c02f7177d13663b7e6f890e9a6a0647ce9bb29cae02dcb094c7312?s=96&d=mm&r=g","caption":"webman"},"url":"https:\/\/dev.explora.cl\/valparaiso\/author\/webman\/"}]}},"_links":{"self":[{"href":"https:\/\/dev.explora.cl\/valparaiso\/wp-json\/wp\/v2\/posts\/38099","targetHints":{"allow":["GET"]}}],"collection":[{"href":"https:\/\/dev.explora.cl\/valparaiso\/wp-json\/wp\/v2\/posts"}],"about":[{"href":"https:\/\/dev.explora.cl\/valparaiso\/wp-json\/wp\/v2\/types\/post"}],"author":[{"embeddable":true,"href":"https:\/\/dev.explora.cl\/valparaiso\/wp-json\/wp\/v2\/users\/2"}],"replies":[{"embeddable":true,"href":"https:\/\/dev.explora.cl\/valparaiso\/wp-json\/wp\/v2\/comments?post=38099"}],"version-history":[{"count":1,"href":"https:\/\/dev.explora.cl\/valparaiso\/wp-json\/wp\/v2\/posts\/38099\/revisions"}],"predecessor-version":[{"id":38899,"href":"https:\/\/dev.explora.cl\/valparaiso\/wp-json\/wp\/v2\/posts\/38099\/revisions\/38899"}],"wp:featuredmedia":[{"embeddable":true,"href":"https:\/\/dev.explora.cl\/valparaiso\/wp-json\/wp\/v2\/media\/33804"}],"wp:attachment":[{"href":"https:\/\/dev.explora.cl\/valparaiso\/wp-json\/wp\/v2\/media?parent=38099"}],"wp:term":[{"taxonomy":"category","embeddable":true,"href":"https:\/\/dev.explora.cl\/valparaiso\/wp-json\/wp\/v2\/categories?post=38099"},{"taxonomy":"post_tag","embeddable":true,"href":"https:\/\/dev.explora.cl\/valparaiso\/wp-json\/wp\/v2\/tags?post=38099"}],"curies":[{"name":"wp","href":"https:\/\/api.w.org\/{rel}","templated":true}]}}