{"id":38097,"date":"2014-09-12T00:00:00","date_gmt":"2014-09-12T04:00:00","guid":{"rendered":"https:\/\/dev.explora.cl\/valparaiso\/blog\/2014\/09\/12\/culminan-congresos-provinciales-escolares-2014-y-clasificados-ya-se-preparan-para-el-regional\/"},"modified":"2019-05-20T17:05:00","modified_gmt":"2019-05-20T17:05:00","slug":"culminan-congresos-provinciales-escolares-2014-y-clasificados-ya-se-preparan-para-el-regional","status":"publish","type":"post","link":"https:\/\/dev.explora.cl\/valparaiso\/culminan-congresos-provinciales-escolares-2014-y-clasificados-ya-se-preparan-para-el-regional\/","title":{"rendered":"Conoce los clasificados al regional de los Congresos Provinciales Escolares 2014"},"content":{"rendered":"<p><img loading=\"lazy\" decoding=\"async\" class=\" size-full wp-image-5407\" src=\"http:\/\/ec2-34-218-253-251.us-west-2.compute.amazonaws.com\/wp-content\/uploads\/2014\/09\/e074902d0ee166958ebf75b7aa2ff003.jpg\" alt=\"\" width=\"597\" height=\"546\" \/><\/p>\n<p style=\"text-align: justify\">El viernes 5 de septiembre se realiz\u00f3 el 1\u00b0 Congreso Provincial Escolar de Ciencia y Tecnolog\u00eda San Felipe y Los Andes, \u00a0con esta instancia concluy\u00f3 el ciclo de Congresos Provinciales para las provincias de San Antonio, Los Andes, San Felipe, Quillota y Petorca. Cuatro investigaciones de la categor\u00eda de Educaci\u00f3n Media y dos de Educaci\u00f3n B\u00e1sica, son las primeras en llegar al 11\u00b0 Congreso Regional Escolar de Ciencia y Tecnolog\u00eda EXPLORA CONICYT Valpara\u00edso.<\/p>\n<p style=\"text-align: justify\">En los Congresos Provinciales, escolares dieron a conocer sus investigaciones ante un comit\u00e9 de cient\u00edficos, profesores y alumnos de distintos establecimientos educacionales. Los grupos clasificados, ya est\u00e1n ajustando detalles para mejorar el planteamiento de su investigaci\u00f3n en el 11\u00b0 Congreso Regional Escolar de Ciencia y Tecnolog\u00eda Regi\u00f3n de Valpara\u00edso que se realizar\u00e1 en la Facultad de Arquitectura de la Universidad de Valpara\u00edso el 22 y el 23 de octubre. Durante esta instancia postular\u00e1n grupos de estudiantes de todas las provincias de la regi\u00f3n, que esperan obtener un cupo al XV Congreso Nacional Escolar\u00a0de Ciencia y Tecnolog\u00eda EXPLORA\u00a0CONICYT que se realizar\u00e1 en Santiago en noviembre.<\/p>\n<p style=\"text-align: justify\">Las investigaciones que clasificaron al regional en los provinciales son:<\/p>\n<p style=\"text-align: justify\"><strong>3\u00b0 Congreso Provincial Escolar de San Antonio<\/strong><\/p>\n<ul style=\"text-align: justify\">\n<li>\u201cCambios de <em>Brassica Oleracea<\/em> al ser conservada con humo l\u00edquido\u201d, de alumnas del Colegio Fundaci\u00f3n Educacional Fern\u00e1ndez Le\u00f3n de San Antonio. (Ed. Media).<\/li>\n<li>\u201cPolietileno (CH2=CH2) como contribuyente de la acidificaci\u00f3n de los mares ant\u00e1rticos producido por di\u00f3xido de carbono (CO2)\u201d, realizado por alumnas del Colegio F\u00e9nix de San Antonio. (Ed. Media).<\/li>\n<\/ul>\n<p><img loading=\"lazy\" decoding=\"async\" class=\" size-full wp-image-5408\" src=\"http:\/\/ec2-34-218-253-251.us-west-2.compute.amazonaws.com\/wp-content\/uploads\/2014\/09\/DSCN9271.JPG\" border=\"0\" alt=\"\" style=\"margin-left: auto;margin-right: auto\" width=\"726\" height=\"326\" \/><\/p>\n<p style=\"text-align: justify\"><strong>2\u00b0 Congreso Provincial Escolar de Ciencia y Tecnolog\u00eda Quillota \u00a0y Petorca<\/strong><\/p>\n<ul style=\"text-align: justify\">\n<li>&#8220;C\u00f3mo influyen las plantas reflectoras en la temperatura ambiente&#8221; del Colegio Gobernador Concha y Salvatierra de Quillota (E. B\u00e1sica).<\/li>\n<li>\u201cDeterminaci\u00f3n de la eficiencia antibacteriana del extracto de romero sobre cultivos de <em>E. coli<\/em>&#8221; del Colegio Tierra del Fuego de Quillota (E. Media).<\/li>\n<\/ul>\n<p style=\"text-align: justify\"><strong>1\u00b0 Congreso Provincial Escolar de San Felipe y Los Andes<\/strong><\/p>\n<ul style=\"text-align: justify\">\n<li>&#8220;Rescate del arte rupestre del sector Vizcachas &#8216;Cerro Vilcuya'&#8221; de la Escuela B\u00e1sica El Sauce de Los Andes (E. B\u00e1sica).<\/li>\n<li>&#8220;Distribuci\u00f3n espacial de <em>Echinopsis chiloensis <\/em>(cact\u00e1cea) en una ladera del cerro &#8216;Piedra de la Santa&#8217; de la comuna de Llay Llay, Valle del Aconcagua&#8221; del Liceo Polit\u00e9cnico de Llay Llay (E. Media).<\/li>\n<\/ul>\n<p><img loading=\"lazy\" decoding=\"async\" class=\" size-full wp-image-5409\" src=\"http:\/\/ec2-34-218-253-251.us-west-2.compute.amazonaws.com\/wp-content\/uploads\/2014\/09\/IMG_1014.JPG\" border=\"0\" alt=\"\" style=\"margin-left: auto;margin-right: auto\" width=\"724\" height=\"330\" \/><\/p>\n<p style=\"text-align: justify\">Desde EXPLORA Regi\u00f3n de Valpara\u00edso felicitamos a todos los escolares que realizaron\u00a0 investigaciones cient\u00edficas y los invitamos a demostrar todo su talento en este 11\u00b0 Congreso Regional, y a seguir aportando al fascinante mundo de la ciencia.<\/p>\n<p style=\"text-align: justify\">\u00a0<\/p>\n<p>\u00a0<\/p>\n","protected":false},"excerpt":{"rendered":"<p>El viernes 5 de septiembre se realiz\u00f3 el 1\u00b0 Congreso Provincial Escolar de Ciencia y Tecnolog\u00eda San Felipe y Los Andes, \u00a0con esta instancia concluy\u00f3 el ciclo de Congresos Provinciales para las provincias de San Antonio, Los Andes, San Felipe, Quillota y Petorca. Cuatro investigaciones de la categor\u00eda de Educaci\u00f3n Media y dos de Educaci\u00f3n [&hellip;]<\/p>\n","protected":false},"author":2,"featured_media":32002,"comment_status":"open","ping_status":"open","sticky":false,"template":"","format":"standard","meta":{"_acf_changed":false,"_exactmetrics_skip_tracking":false,"_exactmetrics_sitenote_active":false,"_exactmetrics_sitenote_note":"","_exactmetrics_sitenote_category":0,"footnotes":"","_links_to":"","_links_to_target":""},"categories":[4],"tags":[],"class_list":["post-38097","post","type-post","status-publish","format-standard","has-post-thumbnail","hentry","category-noticias"],"acf":[],"yoast_head":"<!-- This site is optimized with the Yoast SEO plugin v26.7 - https:\/\/yoast.com\/wordpress\/plugins\/seo\/ -->\n<title>Conoce los clasificados al regional de los Congresos Provinciales Escolares 2014 - Valpara\u00edso<\/title>\n<meta name=\"robots\" content=\"index, follow, max-snippet:-1, max-image-preview:large, max-video-preview:-1\" \/>\n<link rel=\"canonical\" href=\"https:\/\/dev.explora.cl\/valparaiso\/culminan-congresos-provinciales-escolares-2014-y-clasificados-ya-se-preparan-para-el-regional\/\" class=\"yoast-seo-meta-tag\" \/>\n<meta property=\"og:locale\" content=\"es_ES\" class=\"yoast-seo-meta-tag\" \/>\n<meta property=\"og:type\" content=\"article\" class=\"yoast-seo-meta-tag\" \/>\n<meta property=\"og:title\" content=\"Conoce los clasificados al regional de los Congresos Provinciales Escolares 2014 - Valpara\u00edso\" class=\"yoast-seo-meta-tag\" \/>\n<meta property=\"og:description\" content=\"El viernes 5 de septiembre se realiz\u00f3 el 1\u00b0 Congreso Provincial Escolar de Ciencia y Tecnolog\u00eda San Felipe y Los Andes, \u00a0con esta instancia concluy\u00f3 el ciclo de Congresos Provinciales para las provincias de San Antonio, Los Andes, San Felipe, Quillota y Petorca. Cuatro investigaciones de la categor\u00eda de Educaci\u00f3n Media y dos de Educaci\u00f3n [&hellip;]\" class=\"yoast-seo-meta-tag\" \/>\n<meta property=\"og:url\" content=\"https:\/\/dev.explora.cl\/valparaiso\/culminan-congresos-provinciales-escolares-2014-y-clasificados-ya-se-preparan-para-el-regional\/\" class=\"yoast-seo-meta-tag\" \/>\n<meta property=\"og:site_name\" content=\"Valpara\u00edso\" class=\"yoast-seo-meta-tag\" \/>\n<meta property=\"article:published_time\" content=\"2014-09-12T04:00:00+00:00\" class=\"yoast-seo-meta-tag\" \/>\n<meta property=\"article:modified_time\" content=\"2019-05-20T17:05:00+00:00\" class=\"yoast-seo-meta-tag\" \/>\n<meta property=\"og:image\" content=\"https:\/\/dev.explora.cl\/valparaiso\/wp-content\/uploads\/sites\/7\/2018\/06\/7b0ff34101502efab09aa5f69054f806.jpg\" class=\"yoast-seo-meta-tag\" \/>\n\t<meta property=\"og:image:width\" content=\"300\" class=\"yoast-seo-meta-tag\" \/>\n\t<meta property=\"og:image:height\" content=\"220\" class=\"yoast-seo-meta-tag\" \/>\n\t<meta property=\"og:image:type\" content=\"image\/jpeg\" class=\"yoast-seo-meta-tag\" \/>\n<meta name=\"author\" content=\"webman\" class=\"yoast-seo-meta-tag\" \/>\n<meta name=\"twitter:card\" content=\"summary_large_image\" class=\"yoast-seo-meta-tag\" \/>\n<meta name=\"twitter:label1\" content=\"Escrito por\" class=\"yoast-seo-meta-tag\" \/>\n\t<meta name=\"twitter:data1\" content=\"webman\" class=\"yoast-seo-meta-tag\" \/>\n\t<meta name=\"twitter:label2\" content=\"Tiempo estimado de lectura\" class=\"yoast-seo-meta-tag\" \/>\n\t<meta name=\"twitter:data2\" content=\"2 minutos\" class=\"yoast-seo-meta-tag\" \/>\n<script type=\"application\/ld+json\" class=\"yoast-schema-graph\">{\"@context\":\"https:\/\/schema.org\",\"@graph\":[{\"@type\":\"Article\",\"@id\":\"https:\/\/dev.explora.cl\/valparaiso\/culminan-congresos-provinciales-escolares-2014-y-clasificados-ya-se-preparan-para-el-regional\/#article\",\"isPartOf\":{\"@id\":\"https:\/\/dev.explora.cl\/valparaiso\/culminan-congresos-provinciales-escolares-2014-y-clasificados-ya-se-preparan-para-el-regional\/\"},\"author\":{\"name\":\"webman\",\"@id\":\"https:\/\/dev.explora.cl\/valparaiso\/#\/schema\/person\/cb8349c13ea2d324080adf8480d7ba5d\"},\"headline\":\"Conoce los clasificados al regional de los Congresos Provinciales Escolares 2014\",\"datePublished\":\"2014-09-12T04:00:00+00:00\",\"dateModified\":\"2019-05-20T17:05:00+00:00\",\"mainEntityOfPage\":{\"@id\":\"https:\/\/dev.explora.cl\/valparaiso\/culminan-congresos-provinciales-escolares-2014-y-clasificados-ya-se-preparan-para-el-regional\/\"},\"wordCount\":437,\"commentCount\":0,\"publisher\":{\"@id\":\"https:\/\/dev.explora.cl\/valparaiso\/#organization\"},\"image\":{\"@id\":\"https:\/\/dev.explora.cl\/valparaiso\/culminan-congresos-provinciales-escolares-2014-y-clasificados-ya-se-preparan-para-el-regional\/#primaryimage\"},\"thumbnailUrl\":\"https:\/\/dev.explora.cl\/valparaiso\/wp-content\/uploads\/sites\/7\/2018\/06\/7b0ff34101502efab09aa5f69054f806.jpg\",\"articleSection\":[\"Noticias\"],\"inLanguage\":\"es-CL\",\"potentialAction\":[{\"@type\":\"CommentAction\",\"name\":\"Comment\",\"target\":[\"https:\/\/dev.explora.cl\/valparaiso\/culminan-congresos-provinciales-escolares-2014-y-clasificados-ya-se-preparan-para-el-regional\/#respond\"]}]},{\"@type\":\"WebPage\",\"@id\":\"https:\/\/dev.explora.cl\/valparaiso\/culminan-congresos-provinciales-escolares-2014-y-clasificados-ya-se-preparan-para-el-regional\/\",\"url\":\"https:\/\/dev.explora.cl\/valparaiso\/culminan-congresos-provinciales-escolares-2014-y-clasificados-ya-se-preparan-para-el-regional\/\",\"name\":\"Conoce los clasificados al regional de los Congresos Provinciales Escolares 2014 - Valpara\u00edso\",\"isPartOf\":{\"@id\":\"https:\/\/dev.explora.cl\/valparaiso\/#website\"},\"primaryImageOfPage\":{\"@id\":\"https:\/\/dev.explora.cl\/valparaiso\/culminan-congresos-provinciales-escolares-2014-y-clasificados-ya-se-preparan-para-el-regional\/#primaryimage\"},\"image\":{\"@id\":\"https:\/\/dev.explora.cl\/valparaiso\/culminan-congresos-provinciales-escolares-2014-y-clasificados-ya-se-preparan-para-el-regional\/#primaryimage\"},\"thumbnailUrl\":\"https:\/\/dev.explora.cl\/valparaiso\/wp-content\/uploads\/sites\/7\/2018\/06\/7b0ff34101502efab09aa5f69054f806.jpg\",\"datePublished\":\"2014-09-12T04:00:00+00:00\",\"dateModified\":\"2019-05-20T17:05:00+00:00\",\"breadcrumb\":{\"@id\":\"https:\/\/dev.explora.cl\/valparaiso\/culminan-congresos-provinciales-escolares-2014-y-clasificados-ya-se-preparan-para-el-regional\/#breadcrumb\"},\"inLanguage\":\"es-CL\",\"potentialAction\":[{\"@type\":\"ReadAction\",\"target\":[\"https:\/\/dev.explora.cl\/valparaiso\/culminan-congresos-provinciales-escolares-2014-y-clasificados-ya-se-preparan-para-el-regional\/\"]}]},{\"@type\":\"ImageObject\",\"inLanguage\":\"es-CL\",\"@id\":\"https:\/\/dev.explora.cl\/valparaiso\/culminan-congresos-provinciales-escolares-2014-y-clasificados-ya-se-preparan-para-el-regional\/#primaryimage\",\"url\":\"https:\/\/dev.explora.cl\/valparaiso\/wp-content\/uploads\/sites\/7\/2018\/06\/7b0ff34101502efab09aa5f69054f806.jpg\",\"contentUrl\":\"https:\/\/dev.explora.cl\/valparaiso\/wp-content\/uploads\/sites\/7\/2018\/06\/7b0ff34101502efab09aa5f69054f806.jpg\",\"width\":300,\"height\":220},{\"@type\":\"BreadcrumbList\",\"@id\":\"https:\/\/dev.explora.cl\/valparaiso\/culminan-congresos-provinciales-escolares-2014-y-clasificados-ya-se-preparan-para-el-regional\/#breadcrumb\",\"itemListElement\":[{\"@type\":\"ListItem\",\"position\":1,\"name\":\"Portada\",\"item\":\"https:\/\/dev.explora.cl\/valparaiso\/\"},{\"@type\":\"ListItem\",\"position\":2,\"name\":\"Conoce los clasificados al regional de los Congresos Provinciales Escolares 2014\"}]},{\"@type\":\"WebSite\",\"@id\":\"https:\/\/dev.explora.cl\/valparaiso\/#website\",\"url\":\"https:\/\/dev.explora.cl\/valparaiso\/\",\"name\":\"Valpara\u00edso\",\"description\":\"Otro sitio m\u00e1s de dev.explora.cl\",\"publisher\":{\"@id\":\"https:\/\/dev.explora.cl\/valparaiso\/#organization\"},\"potentialAction\":[{\"@type\":\"SearchAction\",\"target\":{\"@type\":\"EntryPoint\",\"urlTemplate\":\"https:\/\/dev.explora.cl\/valparaiso\/?s={search_term_string}\"},\"query-input\":{\"@type\":\"PropertyValueSpecification\",\"valueRequired\":true,\"valueName\":\"search_term_string\"}}],\"inLanguage\":\"es-CL\"},{\"@type\":\"Organization\",\"@id\":\"https:\/\/dev.explora.cl\/valparaiso\/#organization\",\"name\":\"Valpara\u00edso\",\"url\":\"https:\/\/dev.explora.cl\/valparaiso\/\",\"logo\":{\"@type\":\"ImageObject\",\"inLanguage\":\"es-CL\",\"@id\":\"https:\/\/dev.explora.cl\/valparaiso\/#\/schema\/logo\/image\/\",\"url\":\"https:\/\/dev.explora.cl\/valparaiso\/wp-content\/uploads\/sites\/7\/2019\/06\/cropped-logo-explora-color.jpg\",\"contentUrl\":\"https:\/\/dev.explora.cl\/valparaiso\/wp-content\/uploads\/sites\/7\/2019\/06\/cropped-logo-explora-color.jpg\",\"width\":2035,\"height\":584,\"caption\":\"Valpara\u00edso\"},\"image\":{\"@id\":\"https:\/\/dev.explora.cl\/valparaiso\/#\/schema\/logo\/image\/\"}},{\"@type\":\"Person\",\"@id\":\"https:\/\/dev.explora.cl\/valparaiso\/#\/schema\/person\/cb8349c13ea2d324080adf8480d7ba5d\",\"name\":\"webman\",\"image\":{\"@type\":\"ImageObject\",\"inLanguage\":\"es-CL\",\"@id\":\"https:\/\/dev.explora.cl\/valparaiso\/#\/schema\/person\/image\/\",\"url\":\"https:\/\/secure.gravatar.com\/avatar\/eeff3c82f2c02f7177d13663b7e6f890e9a6a0647ce9bb29cae02dcb094c7312?s=96&d=mm&r=g\",\"contentUrl\":\"https:\/\/secure.gravatar.com\/avatar\/eeff3c82f2c02f7177d13663b7e6f890e9a6a0647ce9bb29cae02dcb094c7312?s=96&d=mm&r=g\",\"caption\":\"webman\"},\"url\":\"https:\/\/dev.explora.cl\/valparaiso\/author\/webman\/\"}]}<\/script>\n<!-- \/ Yoast SEO plugin. -->","yoast_head_json":{"title":"Conoce los clasificados al regional de los Congresos Provinciales Escolares 2014 - Valpara\u00edso","robots":{"index":"index","follow":"follow","max-snippet":"max-snippet:-1","max-image-preview":"max-image-preview:large","max-video-preview":"max-video-preview:-1"},"canonical":"https:\/\/dev.explora.cl\/valparaiso\/culminan-congresos-provinciales-escolares-2014-y-clasificados-ya-se-preparan-para-el-regional\/","og_locale":"es_ES","og_type":"article","og_title":"Conoce los clasificados al regional de los Congresos Provinciales Escolares 2014 - Valpara\u00edso","og_description":"El viernes 5 de septiembre se realiz\u00f3 el 1\u00b0 Congreso Provincial Escolar de Ciencia y Tecnolog\u00eda San Felipe y Los Andes, \u00a0con esta instancia concluy\u00f3 el ciclo de Congresos Provinciales para las provincias de San Antonio, Los Andes, San Felipe, Quillota y Petorca. Cuatro investigaciones de la categor\u00eda de Educaci\u00f3n Media y dos de Educaci\u00f3n [&hellip;]","og_url":"https:\/\/dev.explora.cl\/valparaiso\/culminan-congresos-provinciales-escolares-2014-y-clasificados-ya-se-preparan-para-el-regional\/","og_site_name":"Valpara\u00edso","article_published_time":"2014-09-12T04:00:00+00:00","article_modified_time":"2019-05-20T17:05:00+00:00","og_image":[{"width":300,"height":220,"url":"https:\/\/dev.explora.cl\/valparaiso\/wp-content\/uploads\/sites\/7\/2018\/06\/7b0ff34101502efab09aa5f69054f806.jpg","type":"image\/jpeg"}],"author":"webman","twitter_card":"summary_large_image","twitter_misc":{"Escrito por":"webman","Tiempo estimado de lectura":"2 minutos"},"schema":{"@context":"https:\/\/schema.org","@graph":[{"@type":"Article","@id":"https:\/\/dev.explora.cl\/valparaiso\/culminan-congresos-provinciales-escolares-2014-y-clasificados-ya-se-preparan-para-el-regional\/#article","isPartOf":{"@id":"https:\/\/dev.explora.cl\/valparaiso\/culminan-congresos-provinciales-escolares-2014-y-clasificados-ya-se-preparan-para-el-regional\/"},"author":{"name":"webman","@id":"https:\/\/dev.explora.cl\/valparaiso\/#\/schema\/person\/cb8349c13ea2d324080adf8480d7ba5d"},"headline":"Conoce los clasificados al regional de los Congresos Provinciales Escolares 2014","datePublished":"2014-09-12T04:00:00+00:00","dateModified":"2019-05-20T17:05:00+00:00","mainEntityOfPage":{"@id":"https:\/\/dev.explora.cl\/valparaiso\/culminan-congresos-provinciales-escolares-2014-y-clasificados-ya-se-preparan-para-el-regional\/"},"wordCount":437,"commentCount":0,"publisher":{"@id":"https:\/\/dev.explora.cl\/valparaiso\/#organization"},"image":{"@id":"https:\/\/dev.explora.cl\/valparaiso\/culminan-congresos-provinciales-escolares-2014-y-clasificados-ya-se-preparan-para-el-regional\/#primaryimage"},"thumbnailUrl":"https:\/\/dev.explora.cl\/valparaiso\/wp-content\/uploads\/sites\/7\/2018\/06\/7b0ff34101502efab09aa5f69054f806.jpg","articleSection":["Noticias"],"inLanguage":"es-CL","potentialAction":[{"@type":"CommentAction","name":"Comment","target":["https:\/\/dev.explora.cl\/valparaiso\/culminan-congresos-provinciales-escolares-2014-y-clasificados-ya-se-preparan-para-el-regional\/#respond"]}]},{"@type":"WebPage","@id":"https:\/\/dev.explora.cl\/valparaiso\/culminan-congresos-provinciales-escolares-2014-y-clasificados-ya-se-preparan-para-el-regional\/","url":"https:\/\/dev.explora.cl\/valparaiso\/culminan-congresos-provinciales-escolares-2014-y-clasificados-ya-se-preparan-para-el-regional\/","name":"Conoce los clasificados al regional de los Congresos Provinciales Escolares 2014 - Valpara\u00edso","isPartOf":{"@id":"https:\/\/dev.explora.cl\/valparaiso\/#website"},"primaryImageOfPage":{"@id":"https:\/\/dev.explora.cl\/valparaiso\/culminan-congresos-provinciales-escolares-2014-y-clasificados-ya-se-preparan-para-el-regional\/#primaryimage"},"image":{"@id":"https:\/\/dev.explora.cl\/valparaiso\/culminan-congresos-provinciales-escolares-2014-y-clasificados-ya-se-preparan-para-el-regional\/#primaryimage"},"thumbnailUrl":"https:\/\/dev.explora.cl\/valparaiso\/wp-content\/uploads\/sites\/7\/2018\/06\/7b0ff34101502efab09aa5f69054f806.jpg","datePublished":"2014-09-12T04:00:00+00:00","dateModified":"2019-05-20T17:05:00+00:00","breadcrumb":{"@id":"https:\/\/dev.explora.cl\/valparaiso\/culminan-congresos-provinciales-escolares-2014-y-clasificados-ya-se-preparan-para-el-regional\/#breadcrumb"},"inLanguage":"es-CL","potentialAction":[{"@type":"ReadAction","target":["https:\/\/dev.explora.cl\/valparaiso\/culminan-congresos-provinciales-escolares-2014-y-clasificados-ya-se-preparan-para-el-regional\/"]}]},{"@type":"ImageObject","inLanguage":"es-CL","@id":"https:\/\/dev.explora.cl\/valparaiso\/culminan-congresos-provinciales-escolares-2014-y-clasificados-ya-se-preparan-para-el-regional\/#primaryimage","url":"https:\/\/dev.explora.cl\/valparaiso\/wp-content\/uploads\/sites\/7\/2018\/06\/7b0ff34101502efab09aa5f69054f806.jpg","contentUrl":"https:\/\/dev.explora.cl\/valparaiso\/wp-content\/uploads\/sites\/7\/2018\/06\/7b0ff34101502efab09aa5f69054f806.jpg","width":300,"height":220},{"@type":"BreadcrumbList","@id":"https:\/\/dev.explora.cl\/valparaiso\/culminan-congresos-provinciales-escolares-2014-y-clasificados-ya-se-preparan-para-el-regional\/#breadcrumb","itemListElement":[{"@type":"ListItem","position":1,"name":"Portada","item":"https:\/\/dev.explora.cl\/valparaiso\/"},{"@type":"ListItem","position":2,"name":"Conoce los clasificados al regional de los Congresos Provinciales Escolares 2014"}]},{"@type":"WebSite","@id":"https:\/\/dev.explora.cl\/valparaiso\/#website","url":"https:\/\/dev.explora.cl\/valparaiso\/","name":"Valpara\u00edso","description":"Otro sitio m\u00e1s de dev.explora.cl","publisher":{"@id":"https:\/\/dev.explora.cl\/valparaiso\/#organization"},"potentialAction":[{"@type":"SearchAction","target":{"@type":"EntryPoint","urlTemplate":"https:\/\/dev.explora.cl\/valparaiso\/?s={search_term_string}"},"query-input":{"@type":"PropertyValueSpecification","valueRequired":true,"valueName":"search_term_string"}}],"inLanguage":"es-CL"},{"@type":"Organization","@id":"https:\/\/dev.explora.cl\/valparaiso\/#organization","name":"Valpara\u00edso","url":"https:\/\/dev.explora.cl\/valparaiso\/","logo":{"@type":"ImageObject","inLanguage":"es-CL","@id":"https:\/\/dev.explora.cl\/valparaiso\/#\/schema\/logo\/image\/","url":"https:\/\/dev.explora.cl\/valparaiso\/wp-content\/uploads\/sites\/7\/2019\/06\/cropped-logo-explora-color.jpg","contentUrl":"https:\/\/dev.explora.cl\/valparaiso\/wp-content\/uploads\/sites\/7\/2019\/06\/cropped-logo-explora-color.jpg","width":2035,"height":584,"caption":"Valpara\u00edso"},"image":{"@id":"https:\/\/dev.explora.cl\/valparaiso\/#\/schema\/logo\/image\/"}},{"@type":"Person","@id":"https:\/\/dev.explora.cl\/valparaiso\/#\/schema\/person\/cb8349c13ea2d324080adf8480d7ba5d","name":"webman","image":{"@type":"ImageObject","inLanguage":"es-CL","@id":"https:\/\/dev.explora.cl\/valparaiso\/#\/schema\/person\/image\/","url":"https:\/\/secure.gravatar.com\/avatar\/eeff3c82f2c02f7177d13663b7e6f890e9a6a0647ce9bb29cae02dcb094c7312?s=96&d=mm&r=g","contentUrl":"https:\/\/secure.gravatar.com\/avatar\/eeff3c82f2c02f7177d13663b7e6f890e9a6a0647ce9bb29cae02dcb094c7312?s=96&d=mm&r=g","caption":"webman"},"url":"https:\/\/dev.explora.cl\/valparaiso\/author\/webman\/"}]}},"_links":{"self":[{"href":"https:\/\/dev.explora.cl\/valparaiso\/wp-json\/wp\/v2\/posts\/38097","targetHints":{"allow":["GET"]}}],"collection":[{"href":"https:\/\/dev.explora.cl\/valparaiso\/wp-json\/wp\/v2\/posts"}],"about":[{"href":"https:\/\/dev.explora.cl\/valparaiso\/wp-json\/wp\/v2\/types\/post"}],"author":[{"embeddable":true,"href":"https:\/\/dev.explora.cl\/valparaiso\/wp-json\/wp\/v2\/users\/2"}],"replies":[{"embeddable":true,"href":"https:\/\/dev.explora.cl\/valparaiso\/wp-json\/wp\/v2\/comments?post=38097"}],"version-history":[{"count":1,"href":"https:\/\/dev.explora.cl\/valparaiso\/wp-json\/wp\/v2\/posts\/38097\/revisions"}],"predecessor-version":[{"id":38900,"href":"https:\/\/dev.explora.cl\/valparaiso\/wp-json\/wp\/v2\/posts\/38097\/revisions\/38900"}],"wp:featuredmedia":[{"embeddable":true,"href":"https:\/\/dev.explora.cl\/valparaiso\/wp-json\/wp\/v2\/media\/32002"}],"wp:attachment":[{"href":"https:\/\/dev.explora.cl\/valparaiso\/wp-json\/wp\/v2\/media?parent=38097"}],"wp:term":[{"taxonomy":"category","embeddable":true,"href":"https:\/\/dev.explora.cl\/valparaiso\/wp-json\/wp\/v2\/categories?post=38097"},{"taxonomy":"post_tag","embeddable":true,"href":"https:\/\/dev.explora.cl\/valparaiso\/wp-json\/wp\/v2\/tags?post=38097"}],"curies":[{"name":"wp","href":"https:\/\/api.w.org\/{rel}","templated":true}]}}