{"id":38094,"date":"2014-08-18T00:00:00","date_gmt":"2014-08-18T04:00:00","guid":{"rendered":"https:\/\/dev.explora.cl\/valparaiso\/blog\/2014\/08\/18\/museo-fonck-invita-a-parvularias-y-estudiantes-de-ed-parvularia-a-la-capacitacion-historias-de-titeres-cientificos\/"},"modified":"2019-05-20T17:05:05","modified_gmt":"2019-05-20T17:05:05","slug":"museo-fonck-invita-a-parvularias-y-estudiantes-de-ed-parvularia-a-la-capacitacion-historias-de-titeres-cientificos-2","status":"publish","type":"post","link":"https:\/\/dev.explora.cl\/valparaiso\/museo-fonck-invita-a-parvularias-y-estudiantes-de-ed-parvularia-a-la-capacitacion-historias-de-titeres-cientificos-2\/","title":{"rendered":"Museo Fonck invita a educadoras de p\u00e1rvulos y estudiantes de Ed. Parvularia al taller: \u201cHistorias de t\u00edteres cient\u00edficos\u201d"},"content":{"rendered":"<p><img loading=\"lazy\" decoding=\"async\" class=\" size-full wp-image-4820\" src=\"http:\/\/ec2-34-218-253-251.us-west-2.compute.amazonaws.com\/wp-content\/uploads\/2014\/08\/0acda03247c07474fe25d7f8c7d18269.jpg\" alt=\"\" width=\"1000\" height=\"1451\" \/><\/p>\n<p style=\"text-align: justify\"><em>Se parte del programa gratuito para desarrollar estrategias de ense\u00f1anza de las ciencias naturales en nivel inicial.<\/em><\/p>\n<p style=\"text-align: justify\">El taller se llama \u201cHistorias de t\u00edteres cient\u00edficos\u201d y forma parte del XVIII Concurso de Proyectos EXPLORA de Valoraci\u00f3n y Divulgaci\u00f3n de la Ciencia, Tecnolog\u00eda e Innovaci\u00f3n 2014 y entregar\u00e1 las t\u00e9cnicas para crear obras de t\u00edteres relacionadas con la biodiversidad animal de Chile central. Este taller es ejecutado por el Museo Fonck y cuenta con la colaboraci\u00f3n de la Pontificia Universidad Cat\u00f3lica de Valpara\u00edso, la Universidad de Playa Ancha, la Fundaci\u00f3n INTEGRA y el Colegio Padre Zanandrea.<\/p>\n<p style=\"text-align: justify\">Esta capacitaci\u00f3n est\u00e1 dirigida a estudiantes de pedagog\u00eda en educaci\u00f3n parvularia y docentes de dicha \u00e1rea, quienes obtendr\u00e1n nuevas herramientas, permitiendo que los p\u00e1rvulos tengan un primer acercamiento al conocimiento cient\u00edfico.<\/p>\n<p style=\"text-align: justify\">El trabajo est\u00e1 centrado en la muestra de animales de Chile central del \u00e1rea de Ciencias Naturales del Museo Fonck, enfocado principalmente en insectos, aves, relaciones interespec\u00edficas y animales marinos. Para esto, las educadoras ser\u00e1n instruidas por expertos en diferentes \u00e1reas; como entomolog\u00eda, ecolog\u00eda, ornitolog\u00eda y ciencias del mar; metodolog\u00eda de experimentaci\u00f3n e innovaci\u00f3n pedag\u00f3gica y filosof\u00eda para ni\u00f1os; adem\u00e1s de t\u00e9cnicas como la expresi\u00f3n teatral, elaboraci\u00f3n de cuentos, improvisaci\u00f3n y construcci\u00f3n de t\u00edteres y personajes.<\/p>\n<p style=\"text-align: justify\">El taller es gratuito y comienza el 24 de septiembre de 2014\u00a0hasta el 31 de enero de 2015 y se desarrollar\u00e1 en 2 paralelos; el primero, ser\u00e1 los d\u00edas mi\u00e9rcoles entre las 18:00 y 20:00 hrs; mientras que el segundo grupo ser\u00e1 los s\u00e1bados entre las 10:00 y 12:00 hrs.\u00a0<\/p>\n<p style=\"text-align: justify\">La capacitaci\u00f3n es con un cupo m\u00e1ximo de 35 personas por cada grupo, por lo que se sugiere la inscripci\u00f3n con anterioridad.<\/p>\n<p style=\"text-align: justify\">Las inscripciones deben realizarse enviando un correo electr\u00f3nico a\u00a0<a href=\"mailto:educacion@museofonck.cl\">educacion@museofonck.cl<\/a><\/p>\n<p style=\"text-align: justify\"><strong>Para m\u00e1s informaci\u00f3n visita nuestras redes sociales:\u00a0<br \/> Facebook:\u00a0<\/strong><a href=\"http:\/\/www.facebook.com\/museo.fonck\"><strong>http:\/\/www.facebook.com\/museo.fonck<\/strong><\/a><strong>,<br \/> Twitter: @museofonck\u00a0<br \/> O bien, escr\u00edbenos a difusion@museofonck.cl;\u00a0<\/strong><a href=\"http:\/\/l.facebook.com\/l.php?u=http%3A%2F%2Fwww.museofonck.cl%2F&amp;h=GAQEiG7Tw&amp;enc=AZMRAoJsTEFlIA_J8U_BoJnqOiY6hXVUT0LeoL1u--HVuOlfRbByWXVs4qFhQfftP2k&amp;s=1\" target=\"_blank\" rel=\"noopener noreferrer\"><strong>www.museofonck.cl<\/strong><\/a><strong><br \/> Fono: 32-2686753<\/strong><\/p>\n<p>\u00a0<\/p>\n","protected":false},"excerpt":{"rendered":"<p>Se parte del programa gratuito para desarrollar estrategias de ense\u00f1anza de las ciencias naturales en nivel inicial. El taller se llama \u201cHistorias de t\u00edteres cient\u00edficos\u201d y forma parte del XVIII Concurso de Proyectos EXPLORA de Valoraci\u00f3n y Divulgaci\u00f3n de la Ciencia, Tecnolog\u00eda e Innovaci\u00f3n 2014 y entregar\u00e1 las t\u00e9cnicas para crear obras de t\u00edteres relacionadas [&hellip;]<\/p>\n","protected":false},"author":2,"featured_media":33796,"comment_status":"open","ping_status":"open","sticky":false,"template":"","format":"standard","meta":{"_acf_changed":false,"_exactmetrics_skip_tracking":false,"_exactmetrics_sitenote_active":false,"_exactmetrics_sitenote_note":"","_exactmetrics_sitenote_category":0,"footnotes":"","_links_to":"","_links_to_target":""},"categories":[4],"tags":[],"class_list":["post-38094","post","type-post","status-publish","format-standard","has-post-thumbnail","hentry","category-noticias"],"acf":[],"yoast_head":"<!-- This site is optimized with the Yoast SEO plugin v26.7 - https:\/\/yoast.com\/wordpress\/plugins\/seo\/ -->\n<title>Museo Fonck invita a educadoras de p\u00e1rvulos y estudiantes de Ed. Parvularia al taller: \u201cHistorias de t\u00edteres cient\u00edficos\u201d - Valpara\u00edso<\/title>\n<meta name=\"robots\" content=\"index, follow, max-snippet:-1, max-image-preview:large, max-video-preview:-1\" \/>\n<link rel=\"canonical\" href=\"https:\/\/dev.explora.cl\/valparaiso\/museo-fonck-invita-a-parvularias-y-estudiantes-de-ed-parvularia-a-la-capacitacion-historias-de-titeres-cientificos-2\/\" class=\"yoast-seo-meta-tag\" \/>\n<meta property=\"og:locale\" content=\"es_ES\" class=\"yoast-seo-meta-tag\" \/>\n<meta property=\"og:type\" content=\"article\" class=\"yoast-seo-meta-tag\" \/>\n<meta property=\"og:title\" content=\"Museo Fonck invita a educadoras de p\u00e1rvulos y estudiantes de Ed. Parvularia al taller: \u201cHistorias de t\u00edteres cient\u00edficos\u201d - Valpara\u00edso\" class=\"yoast-seo-meta-tag\" \/>\n<meta property=\"og:description\" content=\"Se parte del programa gratuito para desarrollar estrategias de ense\u00f1anza de las ciencias naturales en nivel inicial. El taller se llama \u201cHistorias de t\u00edteres cient\u00edficos\u201d y forma parte del XVIII Concurso de Proyectos EXPLORA de Valoraci\u00f3n y Divulgaci\u00f3n de la Ciencia, Tecnolog\u00eda e Innovaci\u00f3n 2014 y entregar\u00e1 las t\u00e9cnicas para crear obras de t\u00edteres relacionadas [&hellip;]\" class=\"yoast-seo-meta-tag\" \/>\n<meta property=\"og:url\" content=\"https:\/\/dev.explora.cl\/valparaiso\/museo-fonck-invita-a-parvularias-y-estudiantes-de-ed-parvularia-a-la-capacitacion-historias-de-titeres-cientificos-2\/\" class=\"yoast-seo-meta-tag\" \/>\n<meta property=\"og:site_name\" content=\"Valpara\u00edso\" class=\"yoast-seo-meta-tag\" \/>\n<meta property=\"article:published_time\" content=\"2014-08-18T04:00:00+00:00\" class=\"yoast-seo-meta-tag\" \/>\n<meta property=\"article:modified_time\" content=\"2019-05-20T17:05:05+00:00\" class=\"yoast-seo-meta-tag\" \/>\n<meta property=\"og:image\" content=\"https:\/\/dev.explora.cl\/valparaiso\/wp-content\/uploads\/sites\/7\/2018\/06\/0acda03247c07474fe25d7f8c7d18269.jpg\" class=\"yoast-seo-meta-tag\" \/>\n\t<meta property=\"og:image:width\" content=\"1000\" class=\"yoast-seo-meta-tag\" \/>\n\t<meta property=\"og:image:height\" content=\"1451\" class=\"yoast-seo-meta-tag\" \/>\n\t<meta property=\"og:image:type\" content=\"image\/jpeg\" class=\"yoast-seo-meta-tag\" \/>\n<meta name=\"author\" content=\"webman\" class=\"yoast-seo-meta-tag\" \/>\n<meta name=\"twitter:card\" content=\"summary_large_image\" class=\"yoast-seo-meta-tag\" \/>\n<meta name=\"twitter:label1\" content=\"Escrito por\" class=\"yoast-seo-meta-tag\" \/>\n\t<meta name=\"twitter:data1\" content=\"webman\" class=\"yoast-seo-meta-tag\" \/>\n\t<meta name=\"twitter:label2\" content=\"Tiempo estimado de lectura\" class=\"yoast-seo-meta-tag\" \/>\n\t<meta name=\"twitter:data2\" content=\"2 minutos\" class=\"yoast-seo-meta-tag\" \/>\n<script type=\"application\/ld+json\" class=\"yoast-schema-graph\">{\"@context\":\"https:\/\/schema.org\",\"@graph\":[{\"@type\":\"Article\",\"@id\":\"https:\/\/dev.explora.cl\/valparaiso\/museo-fonck-invita-a-parvularias-y-estudiantes-de-ed-parvularia-a-la-capacitacion-historias-de-titeres-cientificos-2\/#article\",\"isPartOf\":{\"@id\":\"https:\/\/dev.explora.cl\/valparaiso\/museo-fonck-invita-a-parvularias-y-estudiantes-de-ed-parvularia-a-la-capacitacion-historias-de-titeres-cientificos-2\/\"},\"author\":{\"name\":\"webman\",\"@id\":\"https:\/\/dev.explora.cl\/valparaiso\/#\/schema\/person\/cb8349c13ea2d324080adf8480d7ba5d\"},\"headline\":\"Museo Fonck invita a educadoras de p\u00e1rvulos y estudiantes de Ed. Parvularia al taller: \u201cHistorias de t\u00edteres cient\u00edficos\u201d\",\"datePublished\":\"2014-08-18T04:00:00+00:00\",\"dateModified\":\"2019-05-20T17:05:05+00:00\",\"mainEntityOfPage\":{\"@id\":\"https:\/\/dev.explora.cl\/valparaiso\/museo-fonck-invita-a-parvularias-y-estudiantes-de-ed-parvularia-a-la-capacitacion-historias-de-titeres-cientificos-2\/\"},\"wordCount\":372,\"commentCount\":0,\"publisher\":{\"@id\":\"https:\/\/dev.explora.cl\/valparaiso\/#organization\"},\"image\":{\"@id\":\"https:\/\/dev.explora.cl\/valparaiso\/museo-fonck-invita-a-parvularias-y-estudiantes-de-ed-parvularia-a-la-capacitacion-historias-de-titeres-cientificos-2\/#primaryimage\"},\"thumbnailUrl\":\"https:\/\/dev.explora.cl\/valparaiso\/wp-content\/uploads\/sites\/7\/2018\/06\/0acda03247c07474fe25d7f8c7d18269.jpg\",\"articleSection\":[\"Noticias\"],\"inLanguage\":\"es-CL\",\"potentialAction\":[{\"@type\":\"CommentAction\",\"name\":\"Comment\",\"target\":[\"https:\/\/dev.explora.cl\/valparaiso\/museo-fonck-invita-a-parvularias-y-estudiantes-de-ed-parvularia-a-la-capacitacion-historias-de-titeres-cientificos-2\/#respond\"]}]},{\"@type\":\"WebPage\",\"@id\":\"https:\/\/dev.explora.cl\/valparaiso\/museo-fonck-invita-a-parvularias-y-estudiantes-de-ed-parvularia-a-la-capacitacion-historias-de-titeres-cientificos-2\/\",\"url\":\"https:\/\/dev.explora.cl\/valparaiso\/museo-fonck-invita-a-parvularias-y-estudiantes-de-ed-parvularia-a-la-capacitacion-historias-de-titeres-cientificos-2\/\",\"name\":\"Museo Fonck invita a educadoras de p\u00e1rvulos y estudiantes de Ed. Parvularia al taller: \u201cHistorias de t\u00edteres cient\u00edficos\u201d - Valpara\u00edso\",\"isPartOf\":{\"@id\":\"https:\/\/dev.explora.cl\/valparaiso\/#website\"},\"primaryImageOfPage\":{\"@id\":\"https:\/\/dev.explora.cl\/valparaiso\/museo-fonck-invita-a-parvularias-y-estudiantes-de-ed-parvularia-a-la-capacitacion-historias-de-titeres-cientificos-2\/#primaryimage\"},\"image\":{\"@id\":\"https:\/\/dev.explora.cl\/valparaiso\/museo-fonck-invita-a-parvularias-y-estudiantes-de-ed-parvularia-a-la-capacitacion-historias-de-titeres-cientificos-2\/#primaryimage\"},\"thumbnailUrl\":\"https:\/\/dev.explora.cl\/valparaiso\/wp-content\/uploads\/sites\/7\/2018\/06\/0acda03247c07474fe25d7f8c7d18269.jpg\",\"datePublished\":\"2014-08-18T04:00:00+00:00\",\"dateModified\":\"2019-05-20T17:05:05+00:00\",\"breadcrumb\":{\"@id\":\"https:\/\/dev.explora.cl\/valparaiso\/museo-fonck-invita-a-parvularias-y-estudiantes-de-ed-parvularia-a-la-capacitacion-historias-de-titeres-cientificos-2\/#breadcrumb\"},\"inLanguage\":\"es-CL\",\"potentialAction\":[{\"@type\":\"ReadAction\",\"target\":[\"https:\/\/dev.explora.cl\/valparaiso\/museo-fonck-invita-a-parvularias-y-estudiantes-de-ed-parvularia-a-la-capacitacion-historias-de-titeres-cientificos-2\/\"]}]},{\"@type\":\"ImageObject\",\"inLanguage\":\"es-CL\",\"@id\":\"https:\/\/dev.explora.cl\/valparaiso\/museo-fonck-invita-a-parvularias-y-estudiantes-de-ed-parvularia-a-la-capacitacion-historias-de-titeres-cientificos-2\/#primaryimage\",\"url\":\"https:\/\/dev.explora.cl\/valparaiso\/wp-content\/uploads\/sites\/7\/2018\/06\/0acda03247c07474fe25d7f8c7d18269.jpg\",\"contentUrl\":\"https:\/\/dev.explora.cl\/valparaiso\/wp-content\/uploads\/sites\/7\/2018\/06\/0acda03247c07474fe25d7f8c7d18269.jpg\",\"width\":1000,\"height\":1451},{\"@type\":\"BreadcrumbList\",\"@id\":\"https:\/\/dev.explora.cl\/valparaiso\/museo-fonck-invita-a-parvularias-y-estudiantes-de-ed-parvularia-a-la-capacitacion-historias-de-titeres-cientificos-2\/#breadcrumb\",\"itemListElement\":[{\"@type\":\"ListItem\",\"position\":1,\"name\":\"Portada\",\"item\":\"https:\/\/dev.explora.cl\/valparaiso\/\"},{\"@type\":\"ListItem\",\"position\":2,\"name\":\"Museo Fonck invita a educadoras de p\u00e1rvulos y estudiantes de Ed. Parvularia al taller: \u201cHistorias de t\u00edteres cient\u00edficos\u201d\"}]},{\"@type\":\"WebSite\",\"@id\":\"https:\/\/dev.explora.cl\/valparaiso\/#website\",\"url\":\"https:\/\/dev.explora.cl\/valparaiso\/\",\"name\":\"Valpara\u00edso\",\"description\":\"Otro sitio m\u00e1s de dev.explora.cl\",\"publisher\":{\"@id\":\"https:\/\/dev.explora.cl\/valparaiso\/#organization\"},\"potentialAction\":[{\"@type\":\"SearchAction\",\"target\":{\"@type\":\"EntryPoint\",\"urlTemplate\":\"https:\/\/dev.explora.cl\/valparaiso\/?s={search_term_string}\"},\"query-input\":{\"@type\":\"PropertyValueSpecification\",\"valueRequired\":true,\"valueName\":\"search_term_string\"}}],\"inLanguage\":\"es-CL\"},{\"@type\":\"Organization\",\"@id\":\"https:\/\/dev.explora.cl\/valparaiso\/#organization\",\"name\":\"Valpara\u00edso\",\"url\":\"https:\/\/dev.explora.cl\/valparaiso\/\",\"logo\":{\"@type\":\"ImageObject\",\"inLanguage\":\"es-CL\",\"@id\":\"https:\/\/dev.explora.cl\/valparaiso\/#\/schema\/logo\/image\/\",\"url\":\"https:\/\/dev.explora.cl\/valparaiso\/wp-content\/uploads\/sites\/7\/2019\/06\/cropped-logo-explora-color.jpg\",\"contentUrl\":\"https:\/\/dev.explora.cl\/valparaiso\/wp-content\/uploads\/sites\/7\/2019\/06\/cropped-logo-explora-color.jpg\",\"width\":2035,\"height\":584,\"caption\":\"Valpara\u00edso\"},\"image\":{\"@id\":\"https:\/\/dev.explora.cl\/valparaiso\/#\/schema\/logo\/image\/\"}},{\"@type\":\"Person\",\"@id\":\"https:\/\/dev.explora.cl\/valparaiso\/#\/schema\/person\/cb8349c13ea2d324080adf8480d7ba5d\",\"name\":\"webman\",\"image\":{\"@type\":\"ImageObject\",\"inLanguage\":\"es-CL\",\"@id\":\"https:\/\/dev.explora.cl\/valparaiso\/#\/schema\/person\/image\/\",\"url\":\"https:\/\/secure.gravatar.com\/avatar\/eeff3c82f2c02f7177d13663b7e6f890e9a6a0647ce9bb29cae02dcb094c7312?s=96&d=mm&r=g\",\"contentUrl\":\"https:\/\/secure.gravatar.com\/avatar\/eeff3c82f2c02f7177d13663b7e6f890e9a6a0647ce9bb29cae02dcb094c7312?s=96&d=mm&r=g\",\"caption\":\"webman\"},\"url\":\"https:\/\/dev.explora.cl\/valparaiso\/author\/webman\/\"}]}<\/script>\n<!-- \/ Yoast SEO plugin. -->","yoast_head_json":{"title":"Museo Fonck invita a educadoras de p\u00e1rvulos y estudiantes de Ed. Parvularia al taller: \u201cHistorias de t\u00edteres cient\u00edficos\u201d - Valpara\u00edso","robots":{"index":"index","follow":"follow","max-snippet":"max-snippet:-1","max-image-preview":"max-image-preview:large","max-video-preview":"max-video-preview:-1"},"canonical":"https:\/\/dev.explora.cl\/valparaiso\/museo-fonck-invita-a-parvularias-y-estudiantes-de-ed-parvularia-a-la-capacitacion-historias-de-titeres-cientificos-2\/","og_locale":"es_ES","og_type":"article","og_title":"Museo Fonck invita a educadoras de p\u00e1rvulos y estudiantes de Ed. Parvularia al taller: \u201cHistorias de t\u00edteres cient\u00edficos\u201d - Valpara\u00edso","og_description":"Se parte del programa gratuito para desarrollar estrategias de ense\u00f1anza de las ciencias naturales en nivel inicial. El taller se llama \u201cHistorias de t\u00edteres cient\u00edficos\u201d y forma parte del XVIII Concurso de Proyectos EXPLORA de Valoraci\u00f3n y Divulgaci\u00f3n de la Ciencia, Tecnolog\u00eda e Innovaci\u00f3n 2014 y entregar\u00e1 las t\u00e9cnicas para crear obras de t\u00edteres relacionadas [&hellip;]","og_url":"https:\/\/dev.explora.cl\/valparaiso\/museo-fonck-invita-a-parvularias-y-estudiantes-de-ed-parvularia-a-la-capacitacion-historias-de-titeres-cientificos-2\/","og_site_name":"Valpara\u00edso","article_published_time":"2014-08-18T04:00:00+00:00","article_modified_time":"2019-05-20T17:05:05+00:00","og_image":[{"width":1000,"height":1451,"url":"https:\/\/dev.explora.cl\/valparaiso\/wp-content\/uploads\/sites\/7\/2018\/06\/0acda03247c07474fe25d7f8c7d18269.jpg","type":"image\/jpeg"}],"author":"webman","twitter_card":"summary_large_image","twitter_misc":{"Escrito por":"webman","Tiempo estimado de lectura":"2 minutos"},"schema":{"@context":"https:\/\/schema.org","@graph":[{"@type":"Article","@id":"https:\/\/dev.explora.cl\/valparaiso\/museo-fonck-invita-a-parvularias-y-estudiantes-de-ed-parvularia-a-la-capacitacion-historias-de-titeres-cientificos-2\/#article","isPartOf":{"@id":"https:\/\/dev.explora.cl\/valparaiso\/museo-fonck-invita-a-parvularias-y-estudiantes-de-ed-parvularia-a-la-capacitacion-historias-de-titeres-cientificos-2\/"},"author":{"name":"webman","@id":"https:\/\/dev.explora.cl\/valparaiso\/#\/schema\/person\/cb8349c13ea2d324080adf8480d7ba5d"},"headline":"Museo Fonck invita a educadoras de p\u00e1rvulos y estudiantes de Ed. Parvularia al taller: \u201cHistorias de t\u00edteres cient\u00edficos\u201d","datePublished":"2014-08-18T04:00:00+00:00","dateModified":"2019-05-20T17:05:05+00:00","mainEntityOfPage":{"@id":"https:\/\/dev.explora.cl\/valparaiso\/museo-fonck-invita-a-parvularias-y-estudiantes-de-ed-parvularia-a-la-capacitacion-historias-de-titeres-cientificos-2\/"},"wordCount":372,"commentCount":0,"publisher":{"@id":"https:\/\/dev.explora.cl\/valparaiso\/#organization"},"image":{"@id":"https:\/\/dev.explora.cl\/valparaiso\/museo-fonck-invita-a-parvularias-y-estudiantes-de-ed-parvularia-a-la-capacitacion-historias-de-titeres-cientificos-2\/#primaryimage"},"thumbnailUrl":"https:\/\/dev.explora.cl\/valparaiso\/wp-content\/uploads\/sites\/7\/2018\/06\/0acda03247c07474fe25d7f8c7d18269.jpg","articleSection":["Noticias"],"inLanguage":"es-CL","potentialAction":[{"@type":"CommentAction","name":"Comment","target":["https:\/\/dev.explora.cl\/valparaiso\/museo-fonck-invita-a-parvularias-y-estudiantes-de-ed-parvularia-a-la-capacitacion-historias-de-titeres-cientificos-2\/#respond"]}]},{"@type":"WebPage","@id":"https:\/\/dev.explora.cl\/valparaiso\/museo-fonck-invita-a-parvularias-y-estudiantes-de-ed-parvularia-a-la-capacitacion-historias-de-titeres-cientificos-2\/","url":"https:\/\/dev.explora.cl\/valparaiso\/museo-fonck-invita-a-parvularias-y-estudiantes-de-ed-parvularia-a-la-capacitacion-historias-de-titeres-cientificos-2\/","name":"Museo Fonck invita a educadoras de p\u00e1rvulos y estudiantes de Ed. Parvularia al taller: \u201cHistorias de t\u00edteres cient\u00edficos\u201d - Valpara\u00edso","isPartOf":{"@id":"https:\/\/dev.explora.cl\/valparaiso\/#website"},"primaryImageOfPage":{"@id":"https:\/\/dev.explora.cl\/valparaiso\/museo-fonck-invita-a-parvularias-y-estudiantes-de-ed-parvularia-a-la-capacitacion-historias-de-titeres-cientificos-2\/#primaryimage"},"image":{"@id":"https:\/\/dev.explora.cl\/valparaiso\/museo-fonck-invita-a-parvularias-y-estudiantes-de-ed-parvularia-a-la-capacitacion-historias-de-titeres-cientificos-2\/#primaryimage"},"thumbnailUrl":"https:\/\/dev.explora.cl\/valparaiso\/wp-content\/uploads\/sites\/7\/2018\/06\/0acda03247c07474fe25d7f8c7d18269.jpg","datePublished":"2014-08-18T04:00:00+00:00","dateModified":"2019-05-20T17:05:05+00:00","breadcrumb":{"@id":"https:\/\/dev.explora.cl\/valparaiso\/museo-fonck-invita-a-parvularias-y-estudiantes-de-ed-parvularia-a-la-capacitacion-historias-de-titeres-cientificos-2\/#breadcrumb"},"inLanguage":"es-CL","potentialAction":[{"@type":"ReadAction","target":["https:\/\/dev.explora.cl\/valparaiso\/museo-fonck-invita-a-parvularias-y-estudiantes-de-ed-parvularia-a-la-capacitacion-historias-de-titeres-cientificos-2\/"]}]},{"@type":"ImageObject","inLanguage":"es-CL","@id":"https:\/\/dev.explora.cl\/valparaiso\/museo-fonck-invita-a-parvularias-y-estudiantes-de-ed-parvularia-a-la-capacitacion-historias-de-titeres-cientificos-2\/#primaryimage","url":"https:\/\/dev.explora.cl\/valparaiso\/wp-content\/uploads\/sites\/7\/2018\/06\/0acda03247c07474fe25d7f8c7d18269.jpg","contentUrl":"https:\/\/dev.explora.cl\/valparaiso\/wp-content\/uploads\/sites\/7\/2018\/06\/0acda03247c07474fe25d7f8c7d18269.jpg","width":1000,"height":1451},{"@type":"BreadcrumbList","@id":"https:\/\/dev.explora.cl\/valparaiso\/museo-fonck-invita-a-parvularias-y-estudiantes-de-ed-parvularia-a-la-capacitacion-historias-de-titeres-cientificos-2\/#breadcrumb","itemListElement":[{"@type":"ListItem","position":1,"name":"Portada","item":"https:\/\/dev.explora.cl\/valparaiso\/"},{"@type":"ListItem","position":2,"name":"Museo Fonck invita a educadoras de p\u00e1rvulos y estudiantes de Ed. Parvularia al taller: \u201cHistorias de t\u00edteres cient\u00edficos\u201d"}]},{"@type":"WebSite","@id":"https:\/\/dev.explora.cl\/valparaiso\/#website","url":"https:\/\/dev.explora.cl\/valparaiso\/","name":"Valpara\u00edso","description":"Otro sitio m\u00e1s de dev.explora.cl","publisher":{"@id":"https:\/\/dev.explora.cl\/valparaiso\/#organization"},"potentialAction":[{"@type":"SearchAction","target":{"@type":"EntryPoint","urlTemplate":"https:\/\/dev.explora.cl\/valparaiso\/?s={search_term_string}"},"query-input":{"@type":"PropertyValueSpecification","valueRequired":true,"valueName":"search_term_string"}}],"inLanguage":"es-CL"},{"@type":"Organization","@id":"https:\/\/dev.explora.cl\/valparaiso\/#organization","name":"Valpara\u00edso","url":"https:\/\/dev.explora.cl\/valparaiso\/","logo":{"@type":"ImageObject","inLanguage":"es-CL","@id":"https:\/\/dev.explora.cl\/valparaiso\/#\/schema\/logo\/image\/","url":"https:\/\/dev.explora.cl\/valparaiso\/wp-content\/uploads\/sites\/7\/2019\/06\/cropped-logo-explora-color.jpg","contentUrl":"https:\/\/dev.explora.cl\/valparaiso\/wp-content\/uploads\/sites\/7\/2019\/06\/cropped-logo-explora-color.jpg","width":2035,"height":584,"caption":"Valpara\u00edso"},"image":{"@id":"https:\/\/dev.explora.cl\/valparaiso\/#\/schema\/logo\/image\/"}},{"@type":"Person","@id":"https:\/\/dev.explora.cl\/valparaiso\/#\/schema\/person\/cb8349c13ea2d324080adf8480d7ba5d","name":"webman","image":{"@type":"ImageObject","inLanguage":"es-CL","@id":"https:\/\/dev.explora.cl\/valparaiso\/#\/schema\/person\/image\/","url":"https:\/\/secure.gravatar.com\/avatar\/eeff3c82f2c02f7177d13663b7e6f890e9a6a0647ce9bb29cae02dcb094c7312?s=96&d=mm&r=g","contentUrl":"https:\/\/secure.gravatar.com\/avatar\/eeff3c82f2c02f7177d13663b7e6f890e9a6a0647ce9bb29cae02dcb094c7312?s=96&d=mm&r=g","caption":"webman"},"url":"https:\/\/dev.explora.cl\/valparaiso\/author\/webman\/"}]}},"_links":{"self":[{"href":"https:\/\/dev.explora.cl\/valparaiso\/wp-json\/wp\/v2\/posts\/38094","targetHints":{"allow":["GET"]}}],"collection":[{"href":"https:\/\/dev.explora.cl\/valparaiso\/wp-json\/wp\/v2\/posts"}],"about":[{"href":"https:\/\/dev.explora.cl\/valparaiso\/wp-json\/wp\/v2\/types\/post"}],"author":[{"embeddable":true,"href":"https:\/\/dev.explora.cl\/valparaiso\/wp-json\/wp\/v2\/users\/2"}],"replies":[{"embeddable":true,"href":"https:\/\/dev.explora.cl\/valparaiso\/wp-json\/wp\/v2\/comments?post=38094"}],"version-history":[{"count":1,"href":"https:\/\/dev.explora.cl\/valparaiso\/wp-json\/wp\/v2\/posts\/38094\/revisions"}],"predecessor-version":[{"id":38909,"href":"https:\/\/dev.explora.cl\/valparaiso\/wp-json\/wp\/v2\/posts\/38094\/revisions\/38909"}],"wp:featuredmedia":[{"embeddable":true,"href":"https:\/\/dev.explora.cl\/valparaiso\/wp-json\/wp\/v2\/media\/33796"}],"wp:attachment":[{"href":"https:\/\/dev.explora.cl\/valparaiso\/wp-json\/wp\/v2\/media?parent=38094"}],"wp:term":[{"taxonomy":"category","embeddable":true,"href":"https:\/\/dev.explora.cl\/valparaiso\/wp-json\/wp\/v2\/categories?post=38094"},{"taxonomy":"post_tag","embeddable":true,"href":"https:\/\/dev.explora.cl\/valparaiso\/wp-json\/wp\/v2\/tags?post=38094"}],"curies":[{"name":"wp","href":"https:\/\/api.w.org\/{rel}","templated":true}]}}