{"id":38092,"date":"2014-09-11T00:00:00","date_gmt":"2014-09-11T04:00:00","guid":{"rendered":"https:\/\/dev.explora.cl\/valparaiso\/blog\/2014\/09\/11\/se-acerca-la-xx-semana-nacional-de-la-ciencia-y-la-tecnologia-explora-conicyt\/"},"modified":"2019-05-20T17:05:01","modified_gmt":"2019-05-20T17:05:01","slug":"se-acerca-la-xx-semana-nacional-de-la-ciencia-y-la-tecnologia-explora-conicyt","status":"publish","type":"post","link":"https:\/\/dev.explora.cl\/valparaiso\/se-acerca-la-xx-semana-nacional-de-la-ciencia-y-la-tecnologia-explora-conicyt\/","title":{"rendered":"Se acerca la XX  Semana Nacional de la Ciencia y la Tecnolog\u00eda EXPLORA CONICYT"},"content":{"rendered":"<p><img loading=\"lazy\" decoding=\"async\" class=\" size-full wp-image-4428\" src=\"http:\/\/ec2-34-218-253-251.us-west-2.compute.amazonaws.com\/wp-content\/uploads\/2014\/09\/4b41d8402a855349daa868762863cbe9.jpg\" alt=\"\" width=\"564\" height=\"549\" \/><\/p>\n<p style=\"text-align: justify\"><em>La gran celebraci\u00f3n \u00a0se vivir\u00e1 a lo largo de todo Chile desde el \u00a06 al 12 de octubre de 2014 y \u00a0en la Regi\u00f3n de Valpara\u00edso \u00a1Participar\u00e1n cerca de 200 mil personas!<\/em><\/p>\n<p style=\"text-align: justify\">No te puedes perder la XX\u00a0 Semana Nacional de la Ciencia y la Tecnolog\u00eda EXPLORA CONICYT que este 2014 \u00a0se enmarca en el tema del a\u00f1o: \u201cVida, Ciencia y Tecnolog\u00eda: En tu d\u00eda hay un mundo por EXPLORAR\u201d.<\/p>\n<p style=\"text-align: justify\">La Semana Nacional de la Ciencia y la Tecnolog\u00eda (SNCyT) fue creada para motivar a la comunidad a la participaci\u00f3n masiva y simult\u00e1nea en diversas actividades relacionadas con la ciencia. En siete d\u00edas se despliegan m\u00faltiples iniciativas que nos recuerdan que la ciencia est\u00e1 en todas partes y que adem\u00e1s de ser muy importante para el desarrollo de la humanidad, puede ser muy divertida.<\/p>\n<p style=\"text-align: justify\">El Proyecto Asociativo Regional EXPLORA CONICYT Valpara\u00edso\u00a0 organiza la SNCyT junto con Universidades, Centros de Investigaci\u00f3n, Museos, Bibliotecas, Empresas, ONGs, Centros Culturales, Municipalidades, Instituciones P\u00fablicas y Privadas, entre otros. Juntos logran llegar a distintos rincones a lo largo y ancho de la Regi\u00f3n de Valpara\u00edso, fomentando la divulgaci\u00f3n y valoraci\u00f3n de las ciencias (naturales, sociales y aplicadas) y tecnolog\u00eda.<\/p>\n<p style=\"text-align: justify\"><strong>\u00bfQu\u00e9 ocurre en la semana de la ciencia?<\/strong><\/p>\n<p style=\"text-align: justify\">Actividades para distintos tipos de p\u00fablicos se realizar\u00e1n en todas las provincias de la regi\u00f3n.<\/p>\n<p style=\"text-align: justify\"><a href=\"http:\/\/www.semanadelaciencia.ucv.cl\/\"><img loading=\"lazy\" decoding=\"async\" class=\" alignleft size-full wp-image-4429\" src=\"http:\/\/ec2-34-218-253-251.us-west-2.compute.amazonaws.com\/wp-content\/uploads\/2014\/09\/DSCN8670.jpg\" border=\"0\" alt=\"\" width=\"355\" height=\"239\" style=\"float: left\" \/><\/a><\/p>\n<ul style=\"text-align: justify\">\n<li><strong style=\"line-height: 1.3em\">Inauguraci\u00f3n: <\/strong><span style=\"line-height: 1.3em\">Se realizar\u00e1 el lunes 6 de octubre en la Plaza C\u00edvica de Valpara\u00edso y participar\u00e1n colegios, profesores,\u00a0 el equipo EXPLORA y \u00a0acad\u00e9micos de las 4 universidades del CRUCH regional.<\/span><\/li>\n<li><strong>Museos Abiertos:<\/strong> Talleres y recorridos guiados, principalmente para grupos escolares de la mayor parte de los museos de la regi\u00f3n.<\/li>\n<li><strong>Puntos Focales:<\/strong> Centros de investigaci\u00f3n, universidades, laboratorios, instituciones afines a la ciencia y la tecnolog\u00eda, abrir\u00e1n sus puertas al p\u00fablico, priorizando p\u00fablico escolar.<\/li>\n<li><strong>Conversando con cient\u00edficos:<\/strong> Charlas de investigadores de la regi\u00f3n se dar\u00e1n en espacios como museos, centros culturales, centros de investigaci\u00f3n, etc.<\/li>\n<\/ul>\n<p><a href=\"http:\/\/www.semanadelaciencia.ucv.cl\/\"><strong style=\"line-height: 1.3em\"><img loading=\"lazy\" decoding=\"async\" class=\" alignright size-full wp-image-4430\" src=\"http:\/\/ec2-34-218-253-251.us-west-2.compute.amazonaws.com\/wp-content\/uploads\/2014\/09\/10211241274_94d2010ac6_o.jpg\" border=\"0\" style=\"margin: 15px;float: right\" width=\"361\" height=\"256\" \/><\/strong><\/a><\/p>\n<ul style=\"text-align: justify\">\n<li><strong style=\"line-height: 1.3em\"><strong style=\"line-height: 1.3em\"><strong style=\"line-height: 1.3em\">Cine cient\u00edfico:<\/strong><\/strong><\/strong><span style=\"line-height: 1.3em\"> Ciclos de cine documental de ciencia y tecnolog\u00eda en diferentes espacios que estar\u00e1n abiertos al p\u00fablico.<\/span><\/li>\n<li><strong>Ferias cient\u00edficas comunales:<\/strong> Las corporaciones municipales y\/o departamentos de educaci\u00f3n de los municipios, a trav\u00e9s de la Red Territorial EXPLORA, realizar\u00e1n ferias cient\u00edficas comunales donde todos y todas pueden participar.<\/li>\n<li><strong>D\u00eda de la Ciencia en mi colegio:<\/strong> Esta actividad convoca a todos los colegios de la regi\u00f3n a participar, generando actividades dentro del establecimiento para celebrar la Ciencia y la Tecnolog\u00eda.<\/li>\n<li><strong>Mil cient\u00edficos mil aulas:<\/strong> Esta actividad permite que cient\u00edficos e investigadores de la regi\u00f3n, visiten un establecimiento educacional para realizar una charla donde expliquen su labor relacionada a la ciencia y tecnolog\u00eda y las razones que le motivaron a dedicar su vida laboral en esta \u00e1rea.<\/li>\n<li><strong><strong style=\"line-height: 1.3em\"><strong style=\"line-height: 1.3em\"><strong style=\"line-height: 1.3em\"><strong style=\"line-height: 1.3em\"><strong style=\"line-height: 1.3em\"><strong style=\"line-height: 1.3em\"><strong style=\"line-height: 1.3em\"><strong style=\"line-height: 1.3em\"><strong style=\"line-height: 1.3em\"><strong style=\"line-height: 1.3em\"><strong style=\"line-height: 1.3em\"><strong style=\"line-height: 1.3em\"><br \/>\u201cFiesta de la Ciencia en el Bot\u00e1nico\u201d <\/strong><\/strong><\/strong><\/strong><\/strong><\/strong><\/strong><\/strong><\/strong><\/strong><\/strong><\/strong><\/strong>(clausura): <span style=\"line-height: 1.3em\">Cient\u00edficos, ni\u00f1os, padres, madres, abuelos y amigos celebrar\u00e1n con la ciencia en el hermoso Jard\u00edn Bot\u00e1nico, lugar donde habr\u00e1 juegos, muestras cient\u00edficas, stand, sorpresas, premios, shows y m\u00e1s.<\/span><\/li>\n<\/ul>\n<p class=\"ListParagraph\" style=\"text-align: justify\"><strong>Marca en tu calendario\u00a0 la semana del 6 al 12 de octubre y agenda tus actividades favoritas<a href=\"http:\/\/www.semanadelaciencia.ucv.cl\/\"> !<span style=\"color: #800080\">CONOCE EL DETALLE DE LAS ACTIVIDADES AQU\u00cd!<\/span><\/a><\/strong><\/p>\n","protected":false},"excerpt":{"rendered":"<p>La gran celebraci\u00f3n \u00a0se vivir\u00e1 a lo largo de todo Chile desde el \u00a06 al 12 de octubre de 2014 y \u00a0en la Regi\u00f3n de Valpara\u00edso \u00a1Participar\u00e1n cerca de 200 mil personas! No te puedes perder la XX\u00a0 Semana Nacional de la Ciencia y la Tecnolog\u00eda EXPLORA CONICYT que este 2014 \u00a0se enmarca en el [&hellip;]<\/p>\n","protected":false},"author":2,"featured_media":33786,"comment_status":"open","ping_status":"open","sticky":false,"template":"","format":"standard","meta":{"_acf_changed":false,"_exactmetrics_skip_tracking":false,"_exactmetrics_sitenote_active":false,"_exactmetrics_sitenote_note":"","_exactmetrics_sitenote_category":0,"footnotes":"","_links_to":"","_links_to_target":""},"categories":[4],"tags":[],"class_list":["post-38092","post","type-post","status-publish","format-standard","has-post-thumbnail","hentry","category-noticias"],"acf":[],"yoast_head":"<!-- This site is optimized with the Yoast SEO plugin v26.7 - https:\/\/yoast.com\/wordpress\/plugins\/seo\/ -->\n<title>Se acerca la XX Semana Nacional de la Ciencia y la Tecnolog\u00eda EXPLORA CONICYT - Valpara\u00edso<\/title>\n<meta name=\"robots\" content=\"index, follow, max-snippet:-1, max-image-preview:large, max-video-preview:-1\" \/>\n<link rel=\"canonical\" href=\"https:\/\/dev.explora.cl\/valparaiso\/se-acerca-la-xx-semana-nacional-de-la-ciencia-y-la-tecnologia-explora-conicyt\/\" class=\"yoast-seo-meta-tag\" \/>\n<meta property=\"og:locale\" content=\"es_ES\" class=\"yoast-seo-meta-tag\" \/>\n<meta property=\"og:type\" content=\"article\" class=\"yoast-seo-meta-tag\" \/>\n<meta property=\"og:title\" content=\"Se acerca la XX Semana Nacional de la Ciencia y la Tecnolog\u00eda EXPLORA CONICYT - Valpara\u00edso\" class=\"yoast-seo-meta-tag\" \/>\n<meta property=\"og:description\" content=\"La gran celebraci\u00f3n \u00a0se vivir\u00e1 a lo largo de todo Chile desde el \u00a06 al 12 de octubre de 2014 y \u00a0en la Regi\u00f3n de Valpara\u00edso \u00a1Participar\u00e1n cerca de 200 mil personas! No te puedes perder la XX\u00a0 Semana Nacional de la Ciencia y la Tecnolog\u00eda EXPLORA CONICYT que este 2014 \u00a0se enmarca en el [&hellip;]\" class=\"yoast-seo-meta-tag\" \/>\n<meta property=\"og:url\" content=\"https:\/\/dev.explora.cl\/valparaiso\/se-acerca-la-xx-semana-nacional-de-la-ciencia-y-la-tecnologia-explora-conicyt\/\" class=\"yoast-seo-meta-tag\" \/>\n<meta property=\"og:site_name\" content=\"Valpara\u00edso\" class=\"yoast-seo-meta-tag\" \/>\n<meta property=\"article:published_time\" content=\"2014-09-11T04:00:00+00:00\" class=\"yoast-seo-meta-tag\" \/>\n<meta property=\"article:modified_time\" content=\"2019-05-20T17:05:01+00:00\" class=\"yoast-seo-meta-tag\" \/>\n<meta property=\"og:image\" content=\"https:\/\/dev.explora.cl\/valparaiso\/wp-content\/uploads\/sites\/7\/2018\/06\/4b41d8402a855349daa868762863cbe9.jpg\" class=\"yoast-seo-meta-tag\" \/>\n\t<meta property=\"og:image:width\" content=\"564\" class=\"yoast-seo-meta-tag\" \/>\n\t<meta property=\"og:image:height\" content=\"549\" class=\"yoast-seo-meta-tag\" \/>\n\t<meta property=\"og:image:type\" content=\"image\/jpeg\" class=\"yoast-seo-meta-tag\" \/>\n<meta name=\"author\" content=\"webman\" class=\"yoast-seo-meta-tag\" \/>\n<meta name=\"twitter:card\" content=\"summary_large_image\" class=\"yoast-seo-meta-tag\" \/>\n<meta name=\"twitter:label1\" content=\"Escrito por\" class=\"yoast-seo-meta-tag\" \/>\n\t<meta name=\"twitter:data1\" content=\"webman\" class=\"yoast-seo-meta-tag\" \/>\n\t<meta name=\"twitter:label2\" content=\"Tiempo estimado de lectura\" class=\"yoast-seo-meta-tag\" \/>\n\t<meta name=\"twitter:data2\" content=\"3 minutos\" class=\"yoast-seo-meta-tag\" \/>\n<script type=\"application\/ld+json\" class=\"yoast-schema-graph\">{\"@context\":\"https:\/\/schema.org\",\"@graph\":[{\"@type\":\"Article\",\"@id\":\"https:\/\/dev.explora.cl\/valparaiso\/se-acerca-la-xx-semana-nacional-de-la-ciencia-y-la-tecnologia-explora-conicyt\/#article\",\"isPartOf\":{\"@id\":\"https:\/\/dev.explora.cl\/valparaiso\/se-acerca-la-xx-semana-nacional-de-la-ciencia-y-la-tecnologia-explora-conicyt\/\"},\"author\":{\"name\":\"webman\",\"@id\":\"https:\/\/dev.explora.cl\/valparaiso\/#\/schema\/person\/cb8349c13ea2d324080adf8480d7ba5d\"},\"headline\":\"Se acerca la XX Semana Nacional de la Ciencia y la Tecnolog\u00eda EXPLORA CONICYT\",\"datePublished\":\"2014-09-11T04:00:00+00:00\",\"dateModified\":\"2019-05-20T17:05:01+00:00\",\"mainEntityOfPage\":{\"@id\":\"https:\/\/dev.explora.cl\/valparaiso\/se-acerca-la-xx-semana-nacional-de-la-ciencia-y-la-tecnologia-explora-conicyt\/\"},\"wordCount\":566,\"commentCount\":0,\"publisher\":{\"@id\":\"https:\/\/dev.explora.cl\/valparaiso\/#organization\"},\"image\":{\"@id\":\"https:\/\/dev.explora.cl\/valparaiso\/se-acerca-la-xx-semana-nacional-de-la-ciencia-y-la-tecnologia-explora-conicyt\/#primaryimage\"},\"thumbnailUrl\":\"https:\/\/dev.explora.cl\/valparaiso\/wp-content\/uploads\/sites\/7\/2018\/06\/4b41d8402a855349daa868762863cbe9.jpg\",\"articleSection\":[\"Noticias\"],\"inLanguage\":\"es-CL\",\"potentialAction\":[{\"@type\":\"CommentAction\",\"name\":\"Comment\",\"target\":[\"https:\/\/dev.explora.cl\/valparaiso\/se-acerca-la-xx-semana-nacional-de-la-ciencia-y-la-tecnologia-explora-conicyt\/#respond\"]}]},{\"@type\":\"WebPage\",\"@id\":\"https:\/\/dev.explora.cl\/valparaiso\/se-acerca-la-xx-semana-nacional-de-la-ciencia-y-la-tecnologia-explora-conicyt\/\",\"url\":\"https:\/\/dev.explora.cl\/valparaiso\/se-acerca-la-xx-semana-nacional-de-la-ciencia-y-la-tecnologia-explora-conicyt\/\",\"name\":\"Se acerca la XX Semana Nacional de la Ciencia y la Tecnolog\u00eda EXPLORA CONICYT - Valpara\u00edso\",\"isPartOf\":{\"@id\":\"https:\/\/dev.explora.cl\/valparaiso\/#website\"},\"primaryImageOfPage\":{\"@id\":\"https:\/\/dev.explora.cl\/valparaiso\/se-acerca-la-xx-semana-nacional-de-la-ciencia-y-la-tecnologia-explora-conicyt\/#primaryimage\"},\"image\":{\"@id\":\"https:\/\/dev.explora.cl\/valparaiso\/se-acerca-la-xx-semana-nacional-de-la-ciencia-y-la-tecnologia-explora-conicyt\/#primaryimage\"},\"thumbnailUrl\":\"https:\/\/dev.explora.cl\/valparaiso\/wp-content\/uploads\/sites\/7\/2018\/06\/4b41d8402a855349daa868762863cbe9.jpg\",\"datePublished\":\"2014-09-11T04:00:00+00:00\",\"dateModified\":\"2019-05-20T17:05:01+00:00\",\"breadcrumb\":{\"@id\":\"https:\/\/dev.explora.cl\/valparaiso\/se-acerca-la-xx-semana-nacional-de-la-ciencia-y-la-tecnologia-explora-conicyt\/#breadcrumb\"},\"inLanguage\":\"es-CL\",\"potentialAction\":[{\"@type\":\"ReadAction\",\"target\":[\"https:\/\/dev.explora.cl\/valparaiso\/se-acerca-la-xx-semana-nacional-de-la-ciencia-y-la-tecnologia-explora-conicyt\/\"]}]},{\"@type\":\"ImageObject\",\"inLanguage\":\"es-CL\",\"@id\":\"https:\/\/dev.explora.cl\/valparaiso\/se-acerca-la-xx-semana-nacional-de-la-ciencia-y-la-tecnologia-explora-conicyt\/#primaryimage\",\"url\":\"https:\/\/dev.explora.cl\/valparaiso\/wp-content\/uploads\/sites\/7\/2018\/06\/4b41d8402a855349daa868762863cbe9.jpg\",\"contentUrl\":\"https:\/\/dev.explora.cl\/valparaiso\/wp-content\/uploads\/sites\/7\/2018\/06\/4b41d8402a855349daa868762863cbe9.jpg\",\"width\":564,\"height\":549},{\"@type\":\"BreadcrumbList\",\"@id\":\"https:\/\/dev.explora.cl\/valparaiso\/se-acerca-la-xx-semana-nacional-de-la-ciencia-y-la-tecnologia-explora-conicyt\/#breadcrumb\",\"itemListElement\":[{\"@type\":\"ListItem\",\"position\":1,\"name\":\"Portada\",\"item\":\"https:\/\/dev.explora.cl\/valparaiso\/\"},{\"@type\":\"ListItem\",\"position\":2,\"name\":\"Se acerca la XX Semana Nacional de la Ciencia y la Tecnolog\u00eda EXPLORA CONICYT\"}]},{\"@type\":\"WebSite\",\"@id\":\"https:\/\/dev.explora.cl\/valparaiso\/#website\",\"url\":\"https:\/\/dev.explora.cl\/valparaiso\/\",\"name\":\"Valpara\u00edso\",\"description\":\"Otro sitio m\u00e1s de dev.explora.cl\",\"publisher\":{\"@id\":\"https:\/\/dev.explora.cl\/valparaiso\/#organization\"},\"potentialAction\":[{\"@type\":\"SearchAction\",\"target\":{\"@type\":\"EntryPoint\",\"urlTemplate\":\"https:\/\/dev.explora.cl\/valparaiso\/?s={search_term_string}\"},\"query-input\":{\"@type\":\"PropertyValueSpecification\",\"valueRequired\":true,\"valueName\":\"search_term_string\"}}],\"inLanguage\":\"es-CL\"},{\"@type\":\"Organization\",\"@id\":\"https:\/\/dev.explora.cl\/valparaiso\/#organization\",\"name\":\"Valpara\u00edso\",\"url\":\"https:\/\/dev.explora.cl\/valparaiso\/\",\"logo\":{\"@type\":\"ImageObject\",\"inLanguage\":\"es-CL\",\"@id\":\"https:\/\/dev.explora.cl\/valparaiso\/#\/schema\/logo\/image\/\",\"url\":\"https:\/\/dev.explora.cl\/valparaiso\/wp-content\/uploads\/sites\/7\/2019\/06\/cropped-logo-explora-color.jpg\",\"contentUrl\":\"https:\/\/dev.explora.cl\/valparaiso\/wp-content\/uploads\/sites\/7\/2019\/06\/cropped-logo-explora-color.jpg\",\"width\":2035,\"height\":584,\"caption\":\"Valpara\u00edso\"},\"image\":{\"@id\":\"https:\/\/dev.explora.cl\/valparaiso\/#\/schema\/logo\/image\/\"}},{\"@type\":\"Person\",\"@id\":\"https:\/\/dev.explora.cl\/valparaiso\/#\/schema\/person\/cb8349c13ea2d324080adf8480d7ba5d\",\"name\":\"webman\",\"image\":{\"@type\":\"ImageObject\",\"inLanguage\":\"es-CL\",\"@id\":\"https:\/\/dev.explora.cl\/valparaiso\/#\/schema\/person\/image\/\",\"url\":\"https:\/\/secure.gravatar.com\/avatar\/eeff3c82f2c02f7177d13663b7e6f890e9a6a0647ce9bb29cae02dcb094c7312?s=96&d=mm&r=g\",\"contentUrl\":\"https:\/\/secure.gravatar.com\/avatar\/eeff3c82f2c02f7177d13663b7e6f890e9a6a0647ce9bb29cae02dcb094c7312?s=96&d=mm&r=g\",\"caption\":\"webman\"},\"url\":\"https:\/\/dev.explora.cl\/valparaiso\/author\/webman\/\"}]}<\/script>\n<!-- \/ Yoast SEO plugin. -->","yoast_head_json":{"title":"Se acerca la XX Semana Nacional de la Ciencia y la Tecnolog\u00eda EXPLORA CONICYT - Valpara\u00edso","robots":{"index":"index","follow":"follow","max-snippet":"max-snippet:-1","max-image-preview":"max-image-preview:large","max-video-preview":"max-video-preview:-1"},"canonical":"https:\/\/dev.explora.cl\/valparaiso\/se-acerca-la-xx-semana-nacional-de-la-ciencia-y-la-tecnologia-explora-conicyt\/","og_locale":"es_ES","og_type":"article","og_title":"Se acerca la XX Semana Nacional de la Ciencia y la Tecnolog\u00eda EXPLORA CONICYT - Valpara\u00edso","og_description":"La gran celebraci\u00f3n \u00a0se vivir\u00e1 a lo largo de todo Chile desde el \u00a06 al 12 de octubre de 2014 y \u00a0en la Regi\u00f3n de Valpara\u00edso \u00a1Participar\u00e1n cerca de 200 mil personas! No te puedes perder la XX\u00a0 Semana Nacional de la Ciencia y la Tecnolog\u00eda EXPLORA CONICYT que este 2014 \u00a0se enmarca en el [&hellip;]","og_url":"https:\/\/dev.explora.cl\/valparaiso\/se-acerca-la-xx-semana-nacional-de-la-ciencia-y-la-tecnologia-explora-conicyt\/","og_site_name":"Valpara\u00edso","article_published_time":"2014-09-11T04:00:00+00:00","article_modified_time":"2019-05-20T17:05:01+00:00","og_image":[{"width":564,"height":549,"url":"https:\/\/dev.explora.cl\/valparaiso\/wp-content\/uploads\/sites\/7\/2018\/06\/4b41d8402a855349daa868762863cbe9.jpg","type":"image\/jpeg"}],"author":"webman","twitter_card":"summary_large_image","twitter_misc":{"Escrito por":"webman","Tiempo estimado de lectura":"3 minutos"},"schema":{"@context":"https:\/\/schema.org","@graph":[{"@type":"Article","@id":"https:\/\/dev.explora.cl\/valparaiso\/se-acerca-la-xx-semana-nacional-de-la-ciencia-y-la-tecnologia-explora-conicyt\/#article","isPartOf":{"@id":"https:\/\/dev.explora.cl\/valparaiso\/se-acerca-la-xx-semana-nacional-de-la-ciencia-y-la-tecnologia-explora-conicyt\/"},"author":{"name":"webman","@id":"https:\/\/dev.explora.cl\/valparaiso\/#\/schema\/person\/cb8349c13ea2d324080adf8480d7ba5d"},"headline":"Se acerca la XX Semana Nacional de la Ciencia y la Tecnolog\u00eda EXPLORA CONICYT","datePublished":"2014-09-11T04:00:00+00:00","dateModified":"2019-05-20T17:05:01+00:00","mainEntityOfPage":{"@id":"https:\/\/dev.explora.cl\/valparaiso\/se-acerca-la-xx-semana-nacional-de-la-ciencia-y-la-tecnologia-explora-conicyt\/"},"wordCount":566,"commentCount":0,"publisher":{"@id":"https:\/\/dev.explora.cl\/valparaiso\/#organization"},"image":{"@id":"https:\/\/dev.explora.cl\/valparaiso\/se-acerca-la-xx-semana-nacional-de-la-ciencia-y-la-tecnologia-explora-conicyt\/#primaryimage"},"thumbnailUrl":"https:\/\/dev.explora.cl\/valparaiso\/wp-content\/uploads\/sites\/7\/2018\/06\/4b41d8402a855349daa868762863cbe9.jpg","articleSection":["Noticias"],"inLanguage":"es-CL","potentialAction":[{"@type":"CommentAction","name":"Comment","target":["https:\/\/dev.explora.cl\/valparaiso\/se-acerca-la-xx-semana-nacional-de-la-ciencia-y-la-tecnologia-explora-conicyt\/#respond"]}]},{"@type":"WebPage","@id":"https:\/\/dev.explora.cl\/valparaiso\/se-acerca-la-xx-semana-nacional-de-la-ciencia-y-la-tecnologia-explora-conicyt\/","url":"https:\/\/dev.explora.cl\/valparaiso\/se-acerca-la-xx-semana-nacional-de-la-ciencia-y-la-tecnologia-explora-conicyt\/","name":"Se acerca la XX Semana Nacional de la Ciencia y la Tecnolog\u00eda EXPLORA CONICYT - Valpara\u00edso","isPartOf":{"@id":"https:\/\/dev.explora.cl\/valparaiso\/#website"},"primaryImageOfPage":{"@id":"https:\/\/dev.explora.cl\/valparaiso\/se-acerca-la-xx-semana-nacional-de-la-ciencia-y-la-tecnologia-explora-conicyt\/#primaryimage"},"image":{"@id":"https:\/\/dev.explora.cl\/valparaiso\/se-acerca-la-xx-semana-nacional-de-la-ciencia-y-la-tecnologia-explora-conicyt\/#primaryimage"},"thumbnailUrl":"https:\/\/dev.explora.cl\/valparaiso\/wp-content\/uploads\/sites\/7\/2018\/06\/4b41d8402a855349daa868762863cbe9.jpg","datePublished":"2014-09-11T04:00:00+00:00","dateModified":"2019-05-20T17:05:01+00:00","breadcrumb":{"@id":"https:\/\/dev.explora.cl\/valparaiso\/se-acerca-la-xx-semana-nacional-de-la-ciencia-y-la-tecnologia-explora-conicyt\/#breadcrumb"},"inLanguage":"es-CL","potentialAction":[{"@type":"ReadAction","target":["https:\/\/dev.explora.cl\/valparaiso\/se-acerca-la-xx-semana-nacional-de-la-ciencia-y-la-tecnologia-explora-conicyt\/"]}]},{"@type":"ImageObject","inLanguage":"es-CL","@id":"https:\/\/dev.explora.cl\/valparaiso\/se-acerca-la-xx-semana-nacional-de-la-ciencia-y-la-tecnologia-explora-conicyt\/#primaryimage","url":"https:\/\/dev.explora.cl\/valparaiso\/wp-content\/uploads\/sites\/7\/2018\/06\/4b41d8402a855349daa868762863cbe9.jpg","contentUrl":"https:\/\/dev.explora.cl\/valparaiso\/wp-content\/uploads\/sites\/7\/2018\/06\/4b41d8402a855349daa868762863cbe9.jpg","width":564,"height":549},{"@type":"BreadcrumbList","@id":"https:\/\/dev.explora.cl\/valparaiso\/se-acerca-la-xx-semana-nacional-de-la-ciencia-y-la-tecnologia-explora-conicyt\/#breadcrumb","itemListElement":[{"@type":"ListItem","position":1,"name":"Portada","item":"https:\/\/dev.explora.cl\/valparaiso\/"},{"@type":"ListItem","position":2,"name":"Se acerca la XX Semana Nacional de la Ciencia y la Tecnolog\u00eda EXPLORA CONICYT"}]},{"@type":"WebSite","@id":"https:\/\/dev.explora.cl\/valparaiso\/#website","url":"https:\/\/dev.explora.cl\/valparaiso\/","name":"Valpara\u00edso","description":"Otro sitio m\u00e1s de dev.explora.cl","publisher":{"@id":"https:\/\/dev.explora.cl\/valparaiso\/#organization"},"potentialAction":[{"@type":"SearchAction","target":{"@type":"EntryPoint","urlTemplate":"https:\/\/dev.explora.cl\/valparaiso\/?s={search_term_string}"},"query-input":{"@type":"PropertyValueSpecification","valueRequired":true,"valueName":"search_term_string"}}],"inLanguage":"es-CL"},{"@type":"Organization","@id":"https:\/\/dev.explora.cl\/valparaiso\/#organization","name":"Valpara\u00edso","url":"https:\/\/dev.explora.cl\/valparaiso\/","logo":{"@type":"ImageObject","inLanguage":"es-CL","@id":"https:\/\/dev.explora.cl\/valparaiso\/#\/schema\/logo\/image\/","url":"https:\/\/dev.explora.cl\/valparaiso\/wp-content\/uploads\/sites\/7\/2019\/06\/cropped-logo-explora-color.jpg","contentUrl":"https:\/\/dev.explora.cl\/valparaiso\/wp-content\/uploads\/sites\/7\/2019\/06\/cropped-logo-explora-color.jpg","width":2035,"height":584,"caption":"Valpara\u00edso"},"image":{"@id":"https:\/\/dev.explora.cl\/valparaiso\/#\/schema\/logo\/image\/"}},{"@type":"Person","@id":"https:\/\/dev.explora.cl\/valparaiso\/#\/schema\/person\/cb8349c13ea2d324080adf8480d7ba5d","name":"webman","image":{"@type":"ImageObject","inLanguage":"es-CL","@id":"https:\/\/dev.explora.cl\/valparaiso\/#\/schema\/person\/image\/","url":"https:\/\/secure.gravatar.com\/avatar\/eeff3c82f2c02f7177d13663b7e6f890e9a6a0647ce9bb29cae02dcb094c7312?s=96&d=mm&r=g","contentUrl":"https:\/\/secure.gravatar.com\/avatar\/eeff3c82f2c02f7177d13663b7e6f890e9a6a0647ce9bb29cae02dcb094c7312?s=96&d=mm&r=g","caption":"webman"},"url":"https:\/\/dev.explora.cl\/valparaiso\/author\/webman\/"}]}},"_links":{"self":[{"href":"https:\/\/dev.explora.cl\/valparaiso\/wp-json\/wp\/v2\/posts\/38092","targetHints":{"allow":["GET"]}}],"collection":[{"href":"https:\/\/dev.explora.cl\/valparaiso\/wp-json\/wp\/v2\/posts"}],"about":[{"href":"https:\/\/dev.explora.cl\/valparaiso\/wp-json\/wp\/v2\/types\/post"}],"author":[{"embeddable":true,"href":"https:\/\/dev.explora.cl\/valparaiso\/wp-json\/wp\/v2\/users\/2"}],"replies":[{"embeddable":true,"href":"https:\/\/dev.explora.cl\/valparaiso\/wp-json\/wp\/v2\/comments?post=38092"}],"version-history":[{"count":1,"href":"https:\/\/dev.explora.cl\/valparaiso\/wp-json\/wp\/v2\/posts\/38092\/revisions"}],"predecessor-version":[{"id":38903,"href":"https:\/\/dev.explora.cl\/valparaiso\/wp-json\/wp\/v2\/posts\/38092\/revisions\/38903"}],"wp:featuredmedia":[{"embeddable":true,"href":"https:\/\/dev.explora.cl\/valparaiso\/wp-json\/wp\/v2\/media\/33786"}],"wp:attachment":[{"href":"https:\/\/dev.explora.cl\/valparaiso\/wp-json\/wp\/v2\/media?parent=38092"}],"wp:term":[{"taxonomy":"category","embeddable":true,"href":"https:\/\/dev.explora.cl\/valparaiso\/wp-json\/wp\/v2\/categories?post=38092"},{"taxonomy":"post_tag","embeddable":true,"href":"https:\/\/dev.explora.cl\/valparaiso\/wp-json\/wp\/v2\/tags?post=38092"}],"curies":[{"name":"wp","href":"https:\/\/api.w.org\/{rel}","templated":true}]}}