{"id":38087,"date":"2014-08-04T00:00:00","date_gmt":"2014-08-04T04:00:00","guid":{"rendered":"https:\/\/dev.explora.cl\/valparaiso\/blog\/2014\/08\/04\/charla-de-ciencia-antartica-de-sergio-marshall-podra-ser-vista-por-todos-a-traves-de-streaming\/"},"modified":"2019-05-20T17:05:09","modified_gmt":"2019-05-20T17:05:09","slug":"charla-de-ciencia-antartica-de-sergio-marshall-podra-ser-vista-por-todos-a-traves-de-streaming-2","status":"publish","type":"post","link":"https:\/\/dev.explora.cl\/valparaiso\/charla-de-ciencia-antartica-de-sergio-marshall-podra-ser-vista-por-todos-a-traves-de-streaming-2\/","title":{"rendered":"Charla de Ciencia Ant\u00e1rtica de Sergio Marshall podr\u00e1 ser vista por todos a trav\u00e9s de streaming"},"content":{"rendered":"<p><img loading=\"lazy\" decoding=\"async\" class=\" size-full wp-image-5183\" src=\"http:\/\/ec2-34-218-253-251.us-west-2.compute.amazonaws.com\/wp-content\/uploads\/2014\/08\/feb00ae3fda016faf0ad16c0e9a373a6.jpg\" alt=\"\" width=\"480\" height=\"360\" \/><\/p>\n<p style=\"text-align: justify\">\u00a1Atenci\u00f3n estudiantes y profesores! Este martes 9 de septiembre a las 11 de la ma\u00f1ana se realizar\u00e1 en la Casa Central de la Pontificia Universidad Cat\u00f3lica la charla &#8220;P\u00e9ptidos Ant\u00e1rticos, una terapia alternativa&#8221;, a cargo del destacado cient\u00edfico e investigador Sergio Marshall Gonz\u00e1lez. Los cupos para esta actividad son limitados pero todos quienes quieran escuchar y ver esta charla en vivo desde sus casas o establecimientos, pueden gracias al canal<span style=\"color: #993366\">\u00a0<a href=\"http:\/\/new.livestream.com\/dgvm\/cienciaantartica\"><span style=\"color: #993366\">http:\/\/new.livestream.com\/dgvm\/cienciaantartica<\/span><\/a>.<\/span><\/p>\n<p style=\"text-align: justify\">Docentes de todo Chile tendr\u00e1n la oportunidad de entregarles a sus alumnos una clase de ciencias distinta, llevando una charla de ciencia ant\u00e1rtica a la sala de clases mediante la magia de Internet.<\/p>\n<p style=\"text-align: justify\">Esta iniciativa es organizada por el PAR EXPLORA Valpara\u00edso en el marco del programa de valoraci\u00f3n y divulgaci\u00f3n cient\u00edfica del Instituto Ant\u00e1rtico Chileno (INACH) que promociona esta y otras actividades para acercar la ciencia ant\u00e1rtica en la comunidad escolar.<\/p>\n<p style=\"text-align: justify\"><strong>RESUMEN DE LA CHARLA<\/strong><\/p>\n<p style=\"text-align: justify\">La mayor\u00eda de los agentes pat\u00f3genos se vuelven cada vez m\u00e1s resistentes a\u00a0 los antibi\u00f3ticos y\u00a0 algunas bacterias ya no pueden ser combatidas de este modo. La OMS\u00a0 ha\u00a0 se\u00f1alado que si no se toman medidas con rapidez, pronto no ser\u00e1 posible tratar diversas infecciones que son comunes. Por esto, varios investigadores han encontrado una alternativa a los antibi\u00f3ticos: los p\u00e9ptidos antimicrobianos, ser\u00e1n un recurso com\u00fan del futuro para combatir a los agentes pat\u00f3genos.<\/p>\n<p style=\"text-align: justify\">Los p\u00e9ptidos antimicrobianos (tambi\u00e9n llamados p\u00e9ptidos de defensa del\u00a0<span style=\"line-height: 1.3em\">hospedador) son unos componentes evolutivos conservados a partir de la\u00a0<\/span><span style=\"line-height: 1.3em\">respuesta inmunitaria innata y se encuentran en toda forma de vida, y los microorganismos que viven\u00a0 en la Ant\u00e1rtica parecen ser ricos en ellos y de\u00a0 alta potencia curativa.<\/span><\/p>\n<p style=\"text-align: justify\"><strong>SOBRE EL EXPOSITOR\u00a0<\/strong><\/p>\n<p style=\"text-align: justify\">El Dr. Sergio Marshall Gonz\u00e1lez, curs\u00f3 estudios de postgrado en Biolog\u00eda, Biolog\u00eda Molecular, y Microbiolog\u00eda y Gen\u00e9tica Molecular en las universidades de Brandeis y Harvard. Ha realizado y asesorado\u00a0 m\u00faltiples proyectos de investigaci\u00f3n cient\u00edfica a nivel nacional e internacional, adem\u00e1s de realizar decenas de publicaciones cient\u00edficas. Actualmente profesor e investigador de la Pontificia Universidad Cat\u00f3lica de Valpara\u00edso.<\/p>\n<p style=\"text-align: justify\"><a href=\"http:\/\/new.livestream.com\/dgvm\/cienciaantartica\">Se parte de la charla ant\u00e1rtica de este 9 de septiembre <span style=\"color: #993366\">PINCHANDO Livestream AQU\u00cd<\/span><\/a><\/p>\n","protected":false},"excerpt":{"rendered":"<p>\u00a1Atenci\u00f3n estudiantes y profesores! Este martes 9 de septiembre a las 11 de la ma\u00f1ana se realizar\u00e1 en la Casa Central de la Pontificia Universidad Cat\u00f3lica la charla &#8220;P\u00e9ptidos Ant\u00e1rticos, una terapia alternativa&#8221;, a cargo del destacado cient\u00edfico e investigador Sergio Marshall Gonz\u00e1lez. Los cupos para esta actividad son limitados pero todos quienes quieran escuchar [&hellip;]<\/p>\n","protected":false},"author":2,"featured_media":32000,"comment_status":"open","ping_status":"open","sticky":false,"template":"","format":"standard","meta":{"_acf_changed":false,"_exactmetrics_skip_tracking":false,"_exactmetrics_sitenote_active":false,"_exactmetrics_sitenote_note":"","_exactmetrics_sitenote_category":0,"footnotes":"","_links_to":"","_links_to_target":""},"categories":[4],"tags":[],"class_list":["post-38087","post","type-post","status-publish","format-standard","has-post-thumbnail","hentry","category-noticias"],"acf":[],"yoast_head":"<!-- This site is optimized with the Yoast SEO plugin v26.7 - https:\/\/yoast.com\/wordpress\/plugins\/seo\/ -->\n<title>Charla de Ciencia Ant\u00e1rtica de Sergio Marshall podr\u00e1 ser vista por todos a trav\u00e9s de streaming - Valpara\u00edso<\/title>\n<meta name=\"robots\" content=\"index, follow, max-snippet:-1, max-image-preview:large, max-video-preview:-1\" \/>\n<link rel=\"canonical\" href=\"https:\/\/dev.explora.cl\/valparaiso\/charla-de-ciencia-antartica-de-sergio-marshall-podra-ser-vista-por-todos-a-traves-de-streaming-2\/\" class=\"yoast-seo-meta-tag\" \/>\n<meta property=\"og:locale\" content=\"es_ES\" class=\"yoast-seo-meta-tag\" \/>\n<meta property=\"og:type\" content=\"article\" class=\"yoast-seo-meta-tag\" \/>\n<meta property=\"og:title\" content=\"Charla de Ciencia Ant\u00e1rtica de Sergio Marshall podr\u00e1 ser vista por todos a trav\u00e9s de streaming - Valpara\u00edso\" class=\"yoast-seo-meta-tag\" \/>\n<meta property=\"og:description\" content=\"\u00a1Atenci\u00f3n estudiantes y profesores! Este martes 9 de septiembre a las 11 de la ma\u00f1ana se realizar\u00e1 en la Casa Central de la Pontificia Universidad Cat\u00f3lica la charla &#8220;P\u00e9ptidos Ant\u00e1rticos, una terapia alternativa&#8221;, a cargo del destacado cient\u00edfico e investigador Sergio Marshall Gonz\u00e1lez. Los cupos para esta actividad son limitados pero todos quienes quieran escuchar [&hellip;]\" class=\"yoast-seo-meta-tag\" \/>\n<meta property=\"og:url\" content=\"https:\/\/dev.explora.cl\/valparaiso\/charla-de-ciencia-antartica-de-sergio-marshall-podra-ser-vista-por-todos-a-traves-de-streaming-2\/\" class=\"yoast-seo-meta-tag\" \/>\n<meta property=\"og:site_name\" content=\"Valpara\u00edso\" class=\"yoast-seo-meta-tag\" \/>\n<meta property=\"article:published_time\" content=\"2014-08-04T04:00:00+00:00\" class=\"yoast-seo-meta-tag\" \/>\n<meta property=\"article:modified_time\" content=\"2019-05-20T17:05:09+00:00\" class=\"yoast-seo-meta-tag\" \/>\n<meta property=\"og:image\" content=\"https:\/\/dev.explora.cl\/valparaiso\/wp-content\/uploads\/sites\/7\/2018\/06\/230b75167a4e5cde4606647a3a279008.jpg\" class=\"yoast-seo-meta-tag\" \/>\n\t<meta property=\"og:image:width\" content=\"350\" class=\"yoast-seo-meta-tag\" \/>\n\t<meta property=\"og:image:height\" content=\"470\" class=\"yoast-seo-meta-tag\" \/>\n\t<meta property=\"og:image:type\" content=\"image\/jpeg\" class=\"yoast-seo-meta-tag\" \/>\n<meta name=\"author\" content=\"webman\" class=\"yoast-seo-meta-tag\" \/>\n<meta name=\"twitter:card\" content=\"summary_large_image\" class=\"yoast-seo-meta-tag\" \/>\n<meta name=\"twitter:label1\" content=\"Escrito por\" class=\"yoast-seo-meta-tag\" \/>\n\t<meta name=\"twitter:data1\" content=\"webman\" class=\"yoast-seo-meta-tag\" \/>\n\t<meta name=\"twitter:label2\" content=\"Tiempo estimado de lectura\" class=\"yoast-seo-meta-tag\" \/>\n\t<meta name=\"twitter:data2\" content=\"2 minutos\" class=\"yoast-seo-meta-tag\" \/>\n<script type=\"application\/ld+json\" class=\"yoast-schema-graph\">{\"@context\":\"https:\/\/schema.org\",\"@graph\":[{\"@type\":\"Article\",\"@id\":\"https:\/\/dev.explora.cl\/valparaiso\/charla-de-ciencia-antartica-de-sergio-marshall-podra-ser-vista-por-todos-a-traves-de-streaming-2\/#article\",\"isPartOf\":{\"@id\":\"https:\/\/dev.explora.cl\/valparaiso\/charla-de-ciencia-antartica-de-sergio-marshall-podra-ser-vista-por-todos-a-traves-de-streaming-2\/\"},\"author\":{\"name\":\"webman\",\"@id\":\"https:\/\/dev.explora.cl\/valparaiso\/#\/schema\/person\/cb8349c13ea2d324080adf8480d7ba5d\"},\"headline\":\"Charla de Ciencia Ant\u00e1rtica de Sergio Marshall podr\u00e1 ser vista por todos a trav\u00e9s de streaming\",\"datePublished\":\"2014-08-04T04:00:00+00:00\",\"dateModified\":\"2019-05-20T17:05:09+00:00\",\"mainEntityOfPage\":{\"@id\":\"https:\/\/dev.explora.cl\/valparaiso\/charla-de-ciencia-antartica-de-sergio-marshall-podra-ser-vista-por-todos-a-traves-de-streaming-2\/\"},\"wordCount\":405,\"commentCount\":0,\"publisher\":{\"@id\":\"https:\/\/dev.explora.cl\/valparaiso\/#organization\"},\"image\":{\"@id\":\"https:\/\/dev.explora.cl\/valparaiso\/charla-de-ciencia-antartica-de-sergio-marshall-podra-ser-vista-por-todos-a-traves-de-streaming-2\/#primaryimage\"},\"thumbnailUrl\":\"https:\/\/dev.explora.cl\/valparaiso\/wp-content\/uploads\/sites\/7\/2018\/06\/230b75167a4e5cde4606647a3a279008.jpg\",\"articleSection\":[\"Noticias\"],\"inLanguage\":\"es-CL\",\"potentialAction\":[{\"@type\":\"CommentAction\",\"name\":\"Comment\",\"target\":[\"https:\/\/dev.explora.cl\/valparaiso\/charla-de-ciencia-antartica-de-sergio-marshall-podra-ser-vista-por-todos-a-traves-de-streaming-2\/#respond\"]}]},{\"@type\":\"WebPage\",\"@id\":\"https:\/\/dev.explora.cl\/valparaiso\/charla-de-ciencia-antartica-de-sergio-marshall-podra-ser-vista-por-todos-a-traves-de-streaming-2\/\",\"url\":\"https:\/\/dev.explora.cl\/valparaiso\/charla-de-ciencia-antartica-de-sergio-marshall-podra-ser-vista-por-todos-a-traves-de-streaming-2\/\",\"name\":\"Charla de Ciencia Ant\u00e1rtica de Sergio Marshall podr\u00e1 ser vista por todos a trav\u00e9s de streaming - Valpara\u00edso\",\"isPartOf\":{\"@id\":\"https:\/\/dev.explora.cl\/valparaiso\/#website\"},\"primaryImageOfPage\":{\"@id\":\"https:\/\/dev.explora.cl\/valparaiso\/charla-de-ciencia-antartica-de-sergio-marshall-podra-ser-vista-por-todos-a-traves-de-streaming-2\/#primaryimage\"},\"image\":{\"@id\":\"https:\/\/dev.explora.cl\/valparaiso\/charla-de-ciencia-antartica-de-sergio-marshall-podra-ser-vista-por-todos-a-traves-de-streaming-2\/#primaryimage\"},\"thumbnailUrl\":\"https:\/\/dev.explora.cl\/valparaiso\/wp-content\/uploads\/sites\/7\/2018\/06\/230b75167a4e5cde4606647a3a279008.jpg\",\"datePublished\":\"2014-08-04T04:00:00+00:00\",\"dateModified\":\"2019-05-20T17:05:09+00:00\",\"breadcrumb\":{\"@id\":\"https:\/\/dev.explora.cl\/valparaiso\/charla-de-ciencia-antartica-de-sergio-marshall-podra-ser-vista-por-todos-a-traves-de-streaming-2\/#breadcrumb\"},\"inLanguage\":\"es-CL\",\"potentialAction\":[{\"@type\":\"ReadAction\",\"target\":[\"https:\/\/dev.explora.cl\/valparaiso\/charla-de-ciencia-antartica-de-sergio-marshall-podra-ser-vista-por-todos-a-traves-de-streaming-2\/\"]}]},{\"@type\":\"ImageObject\",\"inLanguage\":\"es-CL\",\"@id\":\"https:\/\/dev.explora.cl\/valparaiso\/charla-de-ciencia-antartica-de-sergio-marshall-podra-ser-vista-por-todos-a-traves-de-streaming-2\/#primaryimage\",\"url\":\"https:\/\/dev.explora.cl\/valparaiso\/wp-content\/uploads\/sites\/7\/2018\/06\/230b75167a4e5cde4606647a3a279008.jpg\",\"contentUrl\":\"https:\/\/dev.explora.cl\/valparaiso\/wp-content\/uploads\/sites\/7\/2018\/06\/230b75167a4e5cde4606647a3a279008.jpg\",\"width\":350,\"height\":470},{\"@type\":\"BreadcrumbList\",\"@id\":\"https:\/\/dev.explora.cl\/valparaiso\/charla-de-ciencia-antartica-de-sergio-marshall-podra-ser-vista-por-todos-a-traves-de-streaming-2\/#breadcrumb\",\"itemListElement\":[{\"@type\":\"ListItem\",\"position\":1,\"name\":\"Portada\",\"item\":\"https:\/\/dev.explora.cl\/valparaiso\/\"},{\"@type\":\"ListItem\",\"position\":2,\"name\":\"Charla de Ciencia Ant\u00e1rtica de Sergio Marshall podr\u00e1 ser vista por todos a trav\u00e9s de streaming\"}]},{\"@type\":\"WebSite\",\"@id\":\"https:\/\/dev.explora.cl\/valparaiso\/#website\",\"url\":\"https:\/\/dev.explora.cl\/valparaiso\/\",\"name\":\"Valpara\u00edso\",\"description\":\"Otro sitio m\u00e1s de dev.explora.cl\",\"publisher\":{\"@id\":\"https:\/\/dev.explora.cl\/valparaiso\/#organization\"},\"potentialAction\":[{\"@type\":\"SearchAction\",\"target\":{\"@type\":\"EntryPoint\",\"urlTemplate\":\"https:\/\/dev.explora.cl\/valparaiso\/?s={search_term_string}\"},\"query-input\":{\"@type\":\"PropertyValueSpecification\",\"valueRequired\":true,\"valueName\":\"search_term_string\"}}],\"inLanguage\":\"es-CL\"},{\"@type\":\"Organization\",\"@id\":\"https:\/\/dev.explora.cl\/valparaiso\/#organization\",\"name\":\"Valpara\u00edso\",\"url\":\"https:\/\/dev.explora.cl\/valparaiso\/\",\"logo\":{\"@type\":\"ImageObject\",\"inLanguage\":\"es-CL\",\"@id\":\"https:\/\/dev.explora.cl\/valparaiso\/#\/schema\/logo\/image\/\",\"url\":\"https:\/\/dev.explora.cl\/valparaiso\/wp-content\/uploads\/sites\/7\/2019\/06\/cropped-logo-explora-color.jpg\",\"contentUrl\":\"https:\/\/dev.explora.cl\/valparaiso\/wp-content\/uploads\/sites\/7\/2019\/06\/cropped-logo-explora-color.jpg\",\"width\":2035,\"height\":584,\"caption\":\"Valpara\u00edso\"},\"image\":{\"@id\":\"https:\/\/dev.explora.cl\/valparaiso\/#\/schema\/logo\/image\/\"}},{\"@type\":\"Person\",\"@id\":\"https:\/\/dev.explora.cl\/valparaiso\/#\/schema\/person\/cb8349c13ea2d324080adf8480d7ba5d\",\"name\":\"webman\",\"image\":{\"@type\":\"ImageObject\",\"inLanguage\":\"es-CL\",\"@id\":\"https:\/\/dev.explora.cl\/valparaiso\/#\/schema\/person\/image\/\",\"url\":\"https:\/\/secure.gravatar.com\/avatar\/eeff3c82f2c02f7177d13663b7e6f890e9a6a0647ce9bb29cae02dcb094c7312?s=96&d=mm&r=g\",\"contentUrl\":\"https:\/\/secure.gravatar.com\/avatar\/eeff3c82f2c02f7177d13663b7e6f890e9a6a0647ce9bb29cae02dcb094c7312?s=96&d=mm&r=g\",\"caption\":\"webman\"},\"url\":\"https:\/\/dev.explora.cl\/valparaiso\/author\/webman\/\"}]}<\/script>\n<!-- \/ Yoast SEO plugin. -->","yoast_head_json":{"title":"Charla de Ciencia Ant\u00e1rtica de Sergio Marshall podr\u00e1 ser vista por todos a trav\u00e9s de streaming - Valpara\u00edso","robots":{"index":"index","follow":"follow","max-snippet":"max-snippet:-1","max-image-preview":"max-image-preview:large","max-video-preview":"max-video-preview:-1"},"canonical":"https:\/\/dev.explora.cl\/valparaiso\/charla-de-ciencia-antartica-de-sergio-marshall-podra-ser-vista-por-todos-a-traves-de-streaming-2\/","og_locale":"es_ES","og_type":"article","og_title":"Charla de Ciencia Ant\u00e1rtica de Sergio Marshall podr\u00e1 ser vista por todos a trav\u00e9s de streaming - Valpara\u00edso","og_description":"\u00a1Atenci\u00f3n estudiantes y profesores! Este martes 9 de septiembre a las 11 de la ma\u00f1ana se realizar\u00e1 en la Casa Central de la Pontificia Universidad Cat\u00f3lica la charla &#8220;P\u00e9ptidos Ant\u00e1rticos, una terapia alternativa&#8221;, a cargo del destacado cient\u00edfico e investigador Sergio Marshall Gonz\u00e1lez. Los cupos para esta actividad son limitados pero todos quienes quieran escuchar [&hellip;]","og_url":"https:\/\/dev.explora.cl\/valparaiso\/charla-de-ciencia-antartica-de-sergio-marshall-podra-ser-vista-por-todos-a-traves-de-streaming-2\/","og_site_name":"Valpara\u00edso","article_published_time":"2014-08-04T04:00:00+00:00","article_modified_time":"2019-05-20T17:05:09+00:00","og_image":[{"width":350,"height":470,"url":"https:\/\/dev.explora.cl\/valparaiso\/wp-content\/uploads\/sites\/7\/2018\/06\/230b75167a4e5cde4606647a3a279008.jpg","type":"image\/jpeg"}],"author":"webman","twitter_card":"summary_large_image","twitter_misc":{"Escrito por":"webman","Tiempo estimado de lectura":"2 minutos"},"schema":{"@context":"https:\/\/schema.org","@graph":[{"@type":"Article","@id":"https:\/\/dev.explora.cl\/valparaiso\/charla-de-ciencia-antartica-de-sergio-marshall-podra-ser-vista-por-todos-a-traves-de-streaming-2\/#article","isPartOf":{"@id":"https:\/\/dev.explora.cl\/valparaiso\/charla-de-ciencia-antartica-de-sergio-marshall-podra-ser-vista-por-todos-a-traves-de-streaming-2\/"},"author":{"name":"webman","@id":"https:\/\/dev.explora.cl\/valparaiso\/#\/schema\/person\/cb8349c13ea2d324080adf8480d7ba5d"},"headline":"Charla de Ciencia Ant\u00e1rtica de Sergio Marshall podr\u00e1 ser vista por todos a trav\u00e9s de streaming","datePublished":"2014-08-04T04:00:00+00:00","dateModified":"2019-05-20T17:05:09+00:00","mainEntityOfPage":{"@id":"https:\/\/dev.explora.cl\/valparaiso\/charla-de-ciencia-antartica-de-sergio-marshall-podra-ser-vista-por-todos-a-traves-de-streaming-2\/"},"wordCount":405,"commentCount":0,"publisher":{"@id":"https:\/\/dev.explora.cl\/valparaiso\/#organization"},"image":{"@id":"https:\/\/dev.explora.cl\/valparaiso\/charla-de-ciencia-antartica-de-sergio-marshall-podra-ser-vista-por-todos-a-traves-de-streaming-2\/#primaryimage"},"thumbnailUrl":"https:\/\/dev.explora.cl\/valparaiso\/wp-content\/uploads\/sites\/7\/2018\/06\/230b75167a4e5cde4606647a3a279008.jpg","articleSection":["Noticias"],"inLanguage":"es-CL","potentialAction":[{"@type":"CommentAction","name":"Comment","target":["https:\/\/dev.explora.cl\/valparaiso\/charla-de-ciencia-antartica-de-sergio-marshall-podra-ser-vista-por-todos-a-traves-de-streaming-2\/#respond"]}]},{"@type":"WebPage","@id":"https:\/\/dev.explora.cl\/valparaiso\/charla-de-ciencia-antartica-de-sergio-marshall-podra-ser-vista-por-todos-a-traves-de-streaming-2\/","url":"https:\/\/dev.explora.cl\/valparaiso\/charla-de-ciencia-antartica-de-sergio-marshall-podra-ser-vista-por-todos-a-traves-de-streaming-2\/","name":"Charla de Ciencia Ant\u00e1rtica de Sergio Marshall podr\u00e1 ser vista por todos a trav\u00e9s de streaming - Valpara\u00edso","isPartOf":{"@id":"https:\/\/dev.explora.cl\/valparaiso\/#website"},"primaryImageOfPage":{"@id":"https:\/\/dev.explora.cl\/valparaiso\/charla-de-ciencia-antartica-de-sergio-marshall-podra-ser-vista-por-todos-a-traves-de-streaming-2\/#primaryimage"},"image":{"@id":"https:\/\/dev.explora.cl\/valparaiso\/charla-de-ciencia-antartica-de-sergio-marshall-podra-ser-vista-por-todos-a-traves-de-streaming-2\/#primaryimage"},"thumbnailUrl":"https:\/\/dev.explora.cl\/valparaiso\/wp-content\/uploads\/sites\/7\/2018\/06\/230b75167a4e5cde4606647a3a279008.jpg","datePublished":"2014-08-04T04:00:00+00:00","dateModified":"2019-05-20T17:05:09+00:00","breadcrumb":{"@id":"https:\/\/dev.explora.cl\/valparaiso\/charla-de-ciencia-antartica-de-sergio-marshall-podra-ser-vista-por-todos-a-traves-de-streaming-2\/#breadcrumb"},"inLanguage":"es-CL","potentialAction":[{"@type":"ReadAction","target":["https:\/\/dev.explora.cl\/valparaiso\/charla-de-ciencia-antartica-de-sergio-marshall-podra-ser-vista-por-todos-a-traves-de-streaming-2\/"]}]},{"@type":"ImageObject","inLanguage":"es-CL","@id":"https:\/\/dev.explora.cl\/valparaiso\/charla-de-ciencia-antartica-de-sergio-marshall-podra-ser-vista-por-todos-a-traves-de-streaming-2\/#primaryimage","url":"https:\/\/dev.explora.cl\/valparaiso\/wp-content\/uploads\/sites\/7\/2018\/06\/230b75167a4e5cde4606647a3a279008.jpg","contentUrl":"https:\/\/dev.explora.cl\/valparaiso\/wp-content\/uploads\/sites\/7\/2018\/06\/230b75167a4e5cde4606647a3a279008.jpg","width":350,"height":470},{"@type":"BreadcrumbList","@id":"https:\/\/dev.explora.cl\/valparaiso\/charla-de-ciencia-antartica-de-sergio-marshall-podra-ser-vista-por-todos-a-traves-de-streaming-2\/#breadcrumb","itemListElement":[{"@type":"ListItem","position":1,"name":"Portada","item":"https:\/\/dev.explora.cl\/valparaiso\/"},{"@type":"ListItem","position":2,"name":"Charla de Ciencia Ant\u00e1rtica de Sergio Marshall podr\u00e1 ser vista por todos a trav\u00e9s de streaming"}]},{"@type":"WebSite","@id":"https:\/\/dev.explora.cl\/valparaiso\/#website","url":"https:\/\/dev.explora.cl\/valparaiso\/","name":"Valpara\u00edso","description":"Otro sitio m\u00e1s de dev.explora.cl","publisher":{"@id":"https:\/\/dev.explora.cl\/valparaiso\/#organization"},"potentialAction":[{"@type":"SearchAction","target":{"@type":"EntryPoint","urlTemplate":"https:\/\/dev.explora.cl\/valparaiso\/?s={search_term_string}"},"query-input":{"@type":"PropertyValueSpecification","valueRequired":true,"valueName":"search_term_string"}}],"inLanguage":"es-CL"},{"@type":"Organization","@id":"https:\/\/dev.explora.cl\/valparaiso\/#organization","name":"Valpara\u00edso","url":"https:\/\/dev.explora.cl\/valparaiso\/","logo":{"@type":"ImageObject","inLanguage":"es-CL","@id":"https:\/\/dev.explora.cl\/valparaiso\/#\/schema\/logo\/image\/","url":"https:\/\/dev.explora.cl\/valparaiso\/wp-content\/uploads\/sites\/7\/2019\/06\/cropped-logo-explora-color.jpg","contentUrl":"https:\/\/dev.explora.cl\/valparaiso\/wp-content\/uploads\/sites\/7\/2019\/06\/cropped-logo-explora-color.jpg","width":2035,"height":584,"caption":"Valpara\u00edso"},"image":{"@id":"https:\/\/dev.explora.cl\/valparaiso\/#\/schema\/logo\/image\/"}},{"@type":"Person","@id":"https:\/\/dev.explora.cl\/valparaiso\/#\/schema\/person\/cb8349c13ea2d324080adf8480d7ba5d","name":"webman","image":{"@type":"ImageObject","inLanguage":"es-CL","@id":"https:\/\/dev.explora.cl\/valparaiso\/#\/schema\/person\/image\/","url":"https:\/\/secure.gravatar.com\/avatar\/eeff3c82f2c02f7177d13663b7e6f890e9a6a0647ce9bb29cae02dcb094c7312?s=96&d=mm&r=g","contentUrl":"https:\/\/secure.gravatar.com\/avatar\/eeff3c82f2c02f7177d13663b7e6f890e9a6a0647ce9bb29cae02dcb094c7312?s=96&d=mm&r=g","caption":"webman"},"url":"https:\/\/dev.explora.cl\/valparaiso\/author\/webman\/"}]}},"_links":{"self":[{"href":"https:\/\/dev.explora.cl\/valparaiso\/wp-json\/wp\/v2\/posts\/38087","targetHints":{"allow":["GET"]}}],"collection":[{"href":"https:\/\/dev.explora.cl\/valparaiso\/wp-json\/wp\/v2\/posts"}],"about":[{"href":"https:\/\/dev.explora.cl\/valparaiso\/wp-json\/wp\/v2\/types\/post"}],"author":[{"embeddable":true,"href":"https:\/\/dev.explora.cl\/valparaiso\/wp-json\/wp\/v2\/users\/2"}],"replies":[{"embeddable":true,"href":"https:\/\/dev.explora.cl\/valparaiso\/wp-json\/wp\/v2\/comments?post=38087"}],"version-history":[{"count":1,"href":"https:\/\/dev.explora.cl\/valparaiso\/wp-json\/wp\/v2\/posts\/38087\/revisions"}],"predecessor-version":[{"id":38916,"href":"https:\/\/dev.explora.cl\/valparaiso\/wp-json\/wp\/v2\/posts\/38087\/revisions\/38916"}],"wp:featuredmedia":[{"embeddable":true,"href":"https:\/\/dev.explora.cl\/valparaiso\/wp-json\/wp\/v2\/media\/32000"}],"wp:attachment":[{"href":"https:\/\/dev.explora.cl\/valparaiso\/wp-json\/wp\/v2\/media?parent=38087"}],"wp:term":[{"taxonomy":"category","embeddable":true,"href":"https:\/\/dev.explora.cl\/valparaiso\/wp-json\/wp\/v2\/categories?post=38087"},{"taxonomy":"post_tag","embeddable":true,"href":"https:\/\/dev.explora.cl\/valparaiso\/wp-json\/wp\/v2\/tags?post=38087"}],"curies":[{"name":"wp","href":"https:\/\/api.w.org\/{rel}","templated":true}]}}