{"id":38085,"date":"2014-08-05T00:00:00","date_gmt":"2014-08-05T04:00:00","guid":{"rendered":"https:\/\/dev.explora.cl\/valparaiso\/blog\/2014\/08\/05\/exposicion-interactiva-explorando-tus-sentidos-llega-a-nogales\/"},"modified":"2019-05-20T17:05:07","modified_gmt":"2019-05-20T17:05:07","slug":"exposicion-interactiva-explorando-tus-sentidos-llega-a-nogales-2","status":"publish","type":"post","link":"https:\/\/dev.explora.cl\/valparaiso\/exposicion-interactiva-explorando-tus-sentidos-llega-a-nogales-2\/","title":{"rendered":"Exposici\u00f3n interactiva \u201cExplorando tus Sentidos\u201d llega a Nogales"},"content":{"rendered":"<p><img loading=\"lazy\" decoding=\"async\" class=\" size-full wp-image-4817\" src=\"http:\/\/ec2-34-218-253-251.us-west-2.compute.amazonaws.com\/wp-content\/uploads\/2014\/08\/c9b32c98563233aa501943c67fb2ecac.jpg\" alt=\"\" width=\"819\" height=\"614\" \/><\/p>\n<p style=\"text-align: justify\"><em>En la Biblioteca P\u00fablica Pedro F\u00e9lix Vicu\u00f1a se presenta la exposici\u00f3n \u201cExplorando tus sentidos\u201d del Proyecto Asociativo Regional EXPLORA CONICYT Regi\u00f3n de Valpara\u00edso.<\/em><\/p>\n<p style=\"text-align: justify\">Un interesante panorama tendr\u00e1n los ni\u00f1os, ni\u00f1as de Nogales disfrutando y conociendo un poco m\u00e1s sobre los cinco sentidos, valorando sus funciones y caracter\u00edsticas.\u00a0 Y es que la exposici\u00f3n interactiva \u201cExplorando tus sentidos\u201d se exhibe desde el 22 de agosto y hasta el 5 de septiembre de 2014 en la comuna para sorprender con sus siete m\u00f3dulos educativos.<\/p>\n<p style=\"text-align: justify\">Reconocer los cinco sentidos del cuerpo humano a trav\u00e9s de una experiencia l\u00fadica y participativa es el principal objetivo de esta exposici\u00f3n desarrollada por EXPLORA Valpara\u00edso, y que llega a la localidad gracias a un esfuerzo conjunto con la Ilustre Municipalidad de Nogales.<\/p>\n<p style=\"text-align: justify\"><img loading=\"lazy\" decoding=\"async\" class=\" alignleft size-full wp-image-4818\" src=\"http:\/\/ec2-34-218-253-251.us-west-2.compute.amazonaws.com\/wp-content\/uploads\/2014\/08\/DSCN2495.jpg\" border=\"0\" style=\"float: left;margin: 15px\" width=\"362\" height=\"299\" \/>La exhibici\u00f3n est\u00e1 conformada por experiencias l\u00fadicas inspiradas en los cinco sentidos: c\u00e1mara oscura, loter\u00eda de aromas, dilatador de pupilas, cilindros oscuros, loter\u00eda de sonidos, relaci\u00f3n tono-frecuencia y experiencias de degustaci\u00f3n, las cuales apuntan a reforzar lo aprendido en el aula mediante una experiencia interactiva. El recorrido se complementa a trav\u00e9s de paneles informativos y el apoyo de gu\u00edas capacitadas, donde los ni\u00f1os y ni\u00f1as de Educaci\u00f3n Parvularia hasta cuarto a\u00f1o de educaci\u00f3n B\u00e1sica podr\u00e1n disfrutar conociendo un poco m\u00e1s de la vista, el tacto, el gusto, la audici\u00f3n y el olfato, lo que les ayudar\u00e1 a valorar las funciones y caracter\u00edsticas de sus sentidos.<\/p>\n<p style=\"text-align: justify\">\u201cExplorando tus sentidos\u201d estar\u00e1 abierta al p\u00fablico en la Biblioteca P\u00fablica Pedro F\u00e9lix Vicu\u00f1a, ubicada en calle Pedro F\u00e9lix Vicu\u00f1a 477, Nogales, con horario de lunes a viernes, entre 9:00 a 17:00 horas. Para asistir junto a una delegaci\u00f3n de alumnos, es necesario inscribirse previamente Departamento de Educaci\u00f3n de Nogales, en el tel\u00e9fono 033-2262818 y 033-2263016.<\/p>\n","protected":false},"excerpt":{"rendered":"<p>En la Biblioteca P\u00fablica Pedro F\u00e9lix Vicu\u00f1a se presenta la exposici\u00f3n \u201cExplorando tus sentidos\u201d del Proyecto Asociativo Regional EXPLORA CONICYT Regi\u00f3n de Valpara\u00edso. Un interesante panorama tendr\u00e1n los ni\u00f1os, ni\u00f1as de Nogales disfrutando y conociendo un poco m\u00e1s sobre los cinco sentidos, valorando sus funciones y caracter\u00edsticas.\u00a0 Y es que la exposici\u00f3n interactiva \u201cExplorando tus [&hellip;]<\/p>\n","protected":false},"author":2,"featured_media":31991,"comment_status":"open","ping_status":"open","sticky":false,"template":"","format":"standard","meta":{"_acf_changed":false,"_exactmetrics_skip_tracking":false,"_exactmetrics_sitenote_active":false,"_exactmetrics_sitenote_note":"","_exactmetrics_sitenote_category":0,"footnotes":"","_links_to":"","_links_to_target":""},"categories":[4],"tags":[],"class_list":["post-38085","post","type-post","status-publish","format-standard","has-post-thumbnail","hentry","category-noticias"],"acf":[],"yoast_head":"<!-- This site is optimized with the Yoast SEO plugin v26.7 - https:\/\/yoast.com\/wordpress\/plugins\/seo\/ -->\n<title>Exposici\u00f3n interactiva \u201cExplorando tus Sentidos\u201d llega a Nogales - Valpara\u00edso<\/title>\n<meta name=\"robots\" content=\"index, follow, max-snippet:-1, max-image-preview:large, max-video-preview:-1\" \/>\n<link rel=\"canonical\" href=\"https:\/\/dev.explora.cl\/valparaiso\/exposicion-interactiva-explorando-tus-sentidos-llega-a-nogales-2\/\" class=\"yoast-seo-meta-tag\" \/>\n<meta property=\"og:locale\" content=\"es_ES\" class=\"yoast-seo-meta-tag\" \/>\n<meta property=\"og:type\" content=\"article\" class=\"yoast-seo-meta-tag\" \/>\n<meta property=\"og:title\" content=\"Exposici\u00f3n interactiva \u201cExplorando tus Sentidos\u201d llega a Nogales - Valpara\u00edso\" class=\"yoast-seo-meta-tag\" \/>\n<meta property=\"og:description\" content=\"En la Biblioteca P\u00fablica Pedro F\u00e9lix Vicu\u00f1a se presenta la exposici\u00f3n \u201cExplorando tus sentidos\u201d del Proyecto Asociativo Regional EXPLORA CONICYT Regi\u00f3n de Valpara\u00edso. Un interesante panorama tendr\u00e1n los ni\u00f1os, ni\u00f1as de Nogales disfrutando y conociendo un poco m\u00e1s sobre los cinco sentidos, valorando sus funciones y caracter\u00edsticas.\u00a0 Y es que la exposici\u00f3n interactiva \u201cExplorando tus [&hellip;]\" class=\"yoast-seo-meta-tag\" \/>\n<meta property=\"og:url\" content=\"https:\/\/dev.explora.cl\/valparaiso\/exposicion-interactiva-explorando-tus-sentidos-llega-a-nogales-2\/\" class=\"yoast-seo-meta-tag\" \/>\n<meta property=\"og:site_name\" content=\"Valpara\u00edso\" class=\"yoast-seo-meta-tag\" \/>\n<meta property=\"article:published_time\" content=\"2014-08-05T04:00:00+00:00\" class=\"yoast-seo-meta-tag\" \/>\n<meta property=\"article:modified_time\" content=\"2019-05-20T17:05:07+00:00\" class=\"yoast-seo-meta-tag\" \/>\n<meta name=\"author\" content=\"webman\" class=\"yoast-seo-meta-tag\" \/>\n<meta name=\"twitter:card\" content=\"summary_large_image\" class=\"yoast-seo-meta-tag\" \/>\n<meta name=\"twitter:label1\" content=\"Escrito por\" class=\"yoast-seo-meta-tag\" \/>\n\t<meta name=\"twitter:data1\" content=\"webman\" class=\"yoast-seo-meta-tag\" \/>\n\t<meta name=\"twitter:label2\" content=\"Tiempo estimado de lectura\" class=\"yoast-seo-meta-tag\" \/>\n\t<meta name=\"twitter:data2\" content=\"2 minutos\" class=\"yoast-seo-meta-tag\" \/>\n<script type=\"application\/ld+json\" class=\"yoast-schema-graph\">{\"@context\":\"https:\/\/schema.org\",\"@graph\":[{\"@type\":\"Article\",\"@id\":\"https:\/\/dev.explora.cl\/valparaiso\/exposicion-interactiva-explorando-tus-sentidos-llega-a-nogales-2\/#article\",\"isPartOf\":{\"@id\":\"https:\/\/dev.explora.cl\/valparaiso\/exposicion-interactiva-explorando-tus-sentidos-llega-a-nogales-2\/\"},\"author\":{\"name\":\"webman\",\"@id\":\"https:\/\/dev.explora.cl\/valparaiso\/#\/schema\/person\/cb8349c13ea2d324080adf8480d7ba5d\"},\"headline\":\"Exposici\u00f3n interactiva \u201cExplorando tus Sentidos\u201d llega a Nogales\",\"datePublished\":\"2014-08-05T04:00:00+00:00\",\"dateModified\":\"2019-05-20T17:05:07+00:00\",\"mainEntityOfPage\":{\"@id\":\"https:\/\/dev.explora.cl\/valparaiso\/exposicion-interactiva-explorando-tus-sentidos-llega-a-nogales-2\/\"},\"wordCount\":333,\"commentCount\":0,\"publisher\":{\"@id\":\"https:\/\/dev.explora.cl\/valparaiso\/#organization\"},\"image\":{\"@id\":\"https:\/\/dev.explora.cl\/valparaiso\/exposicion-interactiva-explorando-tus-sentidos-llega-a-nogales-2\/#primaryimage\"},\"thumbnailUrl\":\"\",\"articleSection\":[\"Noticias\"],\"inLanguage\":\"es-CL\",\"potentialAction\":[{\"@type\":\"CommentAction\",\"name\":\"Comment\",\"target\":[\"https:\/\/dev.explora.cl\/valparaiso\/exposicion-interactiva-explorando-tus-sentidos-llega-a-nogales-2\/#respond\"]}]},{\"@type\":\"WebPage\",\"@id\":\"https:\/\/dev.explora.cl\/valparaiso\/exposicion-interactiva-explorando-tus-sentidos-llega-a-nogales-2\/\",\"url\":\"https:\/\/dev.explora.cl\/valparaiso\/exposicion-interactiva-explorando-tus-sentidos-llega-a-nogales-2\/\",\"name\":\"Exposici\u00f3n interactiva \u201cExplorando tus Sentidos\u201d llega a Nogales - Valpara\u00edso\",\"isPartOf\":{\"@id\":\"https:\/\/dev.explora.cl\/valparaiso\/#website\"},\"primaryImageOfPage\":{\"@id\":\"https:\/\/dev.explora.cl\/valparaiso\/exposicion-interactiva-explorando-tus-sentidos-llega-a-nogales-2\/#primaryimage\"},\"image\":{\"@id\":\"https:\/\/dev.explora.cl\/valparaiso\/exposicion-interactiva-explorando-tus-sentidos-llega-a-nogales-2\/#primaryimage\"},\"thumbnailUrl\":\"\",\"datePublished\":\"2014-08-05T04:00:00+00:00\",\"dateModified\":\"2019-05-20T17:05:07+00:00\",\"breadcrumb\":{\"@id\":\"https:\/\/dev.explora.cl\/valparaiso\/exposicion-interactiva-explorando-tus-sentidos-llega-a-nogales-2\/#breadcrumb\"},\"inLanguage\":\"es-CL\",\"potentialAction\":[{\"@type\":\"ReadAction\",\"target\":[\"https:\/\/dev.explora.cl\/valparaiso\/exposicion-interactiva-explorando-tus-sentidos-llega-a-nogales-2\/\"]}]},{\"@type\":\"ImageObject\",\"inLanguage\":\"es-CL\",\"@id\":\"https:\/\/dev.explora.cl\/valparaiso\/exposicion-interactiva-explorando-tus-sentidos-llega-a-nogales-2\/#primaryimage\",\"url\":\"\",\"contentUrl\":\"\"},{\"@type\":\"BreadcrumbList\",\"@id\":\"https:\/\/dev.explora.cl\/valparaiso\/exposicion-interactiva-explorando-tus-sentidos-llega-a-nogales-2\/#breadcrumb\",\"itemListElement\":[{\"@type\":\"ListItem\",\"position\":1,\"name\":\"Portada\",\"item\":\"https:\/\/dev.explora.cl\/valparaiso\/\"},{\"@type\":\"ListItem\",\"position\":2,\"name\":\"Exposici\u00f3n interactiva \u201cExplorando tus Sentidos\u201d llega a Nogales\"}]},{\"@type\":\"WebSite\",\"@id\":\"https:\/\/dev.explora.cl\/valparaiso\/#website\",\"url\":\"https:\/\/dev.explora.cl\/valparaiso\/\",\"name\":\"Valpara\u00edso\",\"description\":\"Otro sitio m\u00e1s de dev.explora.cl\",\"publisher\":{\"@id\":\"https:\/\/dev.explora.cl\/valparaiso\/#organization\"},\"potentialAction\":[{\"@type\":\"SearchAction\",\"target\":{\"@type\":\"EntryPoint\",\"urlTemplate\":\"https:\/\/dev.explora.cl\/valparaiso\/?s={search_term_string}\"},\"query-input\":{\"@type\":\"PropertyValueSpecification\",\"valueRequired\":true,\"valueName\":\"search_term_string\"}}],\"inLanguage\":\"es-CL\"},{\"@type\":\"Organization\",\"@id\":\"https:\/\/dev.explora.cl\/valparaiso\/#organization\",\"name\":\"Valpara\u00edso\",\"url\":\"https:\/\/dev.explora.cl\/valparaiso\/\",\"logo\":{\"@type\":\"ImageObject\",\"inLanguage\":\"es-CL\",\"@id\":\"https:\/\/dev.explora.cl\/valparaiso\/#\/schema\/logo\/image\/\",\"url\":\"https:\/\/dev.explora.cl\/valparaiso\/wp-content\/uploads\/sites\/7\/2019\/06\/cropped-logo-explora-color.jpg\",\"contentUrl\":\"https:\/\/dev.explora.cl\/valparaiso\/wp-content\/uploads\/sites\/7\/2019\/06\/cropped-logo-explora-color.jpg\",\"width\":2035,\"height\":584,\"caption\":\"Valpara\u00edso\"},\"image\":{\"@id\":\"https:\/\/dev.explora.cl\/valparaiso\/#\/schema\/logo\/image\/\"}},{\"@type\":\"Person\",\"@id\":\"https:\/\/dev.explora.cl\/valparaiso\/#\/schema\/person\/cb8349c13ea2d324080adf8480d7ba5d\",\"name\":\"webman\",\"image\":{\"@type\":\"ImageObject\",\"inLanguage\":\"es-CL\",\"@id\":\"https:\/\/dev.explora.cl\/valparaiso\/#\/schema\/person\/image\/\",\"url\":\"https:\/\/secure.gravatar.com\/avatar\/eeff3c82f2c02f7177d13663b7e6f890e9a6a0647ce9bb29cae02dcb094c7312?s=96&d=mm&r=g\",\"contentUrl\":\"https:\/\/secure.gravatar.com\/avatar\/eeff3c82f2c02f7177d13663b7e6f890e9a6a0647ce9bb29cae02dcb094c7312?s=96&d=mm&r=g\",\"caption\":\"webman\"},\"url\":\"https:\/\/dev.explora.cl\/valparaiso\/author\/webman\/\"}]}<\/script>\n<!-- \/ Yoast SEO plugin. -->","yoast_head_json":{"title":"Exposici\u00f3n interactiva \u201cExplorando tus Sentidos\u201d llega a Nogales - Valpara\u00edso","robots":{"index":"index","follow":"follow","max-snippet":"max-snippet:-1","max-image-preview":"max-image-preview:large","max-video-preview":"max-video-preview:-1"},"canonical":"https:\/\/dev.explora.cl\/valparaiso\/exposicion-interactiva-explorando-tus-sentidos-llega-a-nogales-2\/","og_locale":"es_ES","og_type":"article","og_title":"Exposici\u00f3n interactiva \u201cExplorando tus Sentidos\u201d llega a Nogales - Valpara\u00edso","og_description":"En la Biblioteca P\u00fablica Pedro F\u00e9lix Vicu\u00f1a se presenta la exposici\u00f3n \u201cExplorando tus sentidos\u201d del Proyecto Asociativo Regional EXPLORA CONICYT Regi\u00f3n de Valpara\u00edso. Un interesante panorama tendr\u00e1n los ni\u00f1os, ni\u00f1as de Nogales disfrutando y conociendo un poco m\u00e1s sobre los cinco sentidos, valorando sus funciones y caracter\u00edsticas.\u00a0 Y es que la exposici\u00f3n interactiva \u201cExplorando tus [&hellip;]","og_url":"https:\/\/dev.explora.cl\/valparaiso\/exposicion-interactiva-explorando-tus-sentidos-llega-a-nogales-2\/","og_site_name":"Valpara\u00edso","article_published_time":"2014-08-05T04:00:00+00:00","article_modified_time":"2019-05-20T17:05:07+00:00","author":"webman","twitter_card":"summary_large_image","twitter_misc":{"Escrito por":"webman","Tiempo estimado de lectura":"2 minutos"},"schema":{"@context":"https:\/\/schema.org","@graph":[{"@type":"Article","@id":"https:\/\/dev.explora.cl\/valparaiso\/exposicion-interactiva-explorando-tus-sentidos-llega-a-nogales-2\/#article","isPartOf":{"@id":"https:\/\/dev.explora.cl\/valparaiso\/exposicion-interactiva-explorando-tus-sentidos-llega-a-nogales-2\/"},"author":{"name":"webman","@id":"https:\/\/dev.explora.cl\/valparaiso\/#\/schema\/person\/cb8349c13ea2d324080adf8480d7ba5d"},"headline":"Exposici\u00f3n interactiva \u201cExplorando tus Sentidos\u201d llega a Nogales","datePublished":"2014-08-05T04:00:00+00:00","dateModified":"2019-05-20T17:05:07+00:00","mainEntityOfPage":{"@id":"https:\/\/dev.explora.cl\/valparaiso\/exposicion-interactiva-explorando-tus-sentidos-llega-a-nogales-2\/"},"wordCount":333,"commentCount":0,"publisher":{"@id":"https:\/\/dev.explora.cl\/valparaiso\/#organization"},"image":{"@id":"https:\/\/dev.explora.cl\/valparaiso\/exposicion-interactiva-explorando-tus-sentidos-llega-a-nogales-2\/#primaryimage"},"thumbnailUrl":"","articleSection":["Noticias"],"inLanguage":"es-CL","potentialAction":[{"@type":"CommentAction","name":"Comment","target":["https:\/\/dev.explora.cl\/valparaiso\/exposicion-interactiva-explorando-tus-sentidos-llega-a-nogales-2\/#respond"]}]},{"@type":"WebPage","@id":"https:\/\/dev.explora.cl\/valparaiso\/exposicion-interactiva-explorando-tus-sentidos-llega-a-nogales-2\/","url":"https:\/\/dev.explora.cl\/valparaiso\/exposicion-interactiva-explorando-tus-sentidos-llega-a-nogales-2\/","name":"Exposici\u00f3n interactiva \u201cExplorando tus Sentidos\u201d llega a Nogales - Valpara\u00edso","isPartOf":{"@id":"https:\/\/dev.explora.cl\/valparaiso\/#website"},"primaryImageOfPage":{"@id":"https:\/\/dev.explora.cl\/valparaiso\/exposicion-interactiva-explorando-tus-sentidos-llega-a-nogales-2\/#primaryimage"},"image":{"@id":"https:\/\/dev.explora.cl\/valparaiso\/exposicion-interactiva-explorando-tus-sentidos-llega-a-nogales-2\/#primaryimage"},"thumbnailUrl":"","datePublished":"2014-08-05T04:00:00+00:00","dateModified":"2019-05-20T17:05:07+00:00","breadcrumb":{"@id":"https:\/\/dev.explora.cl\/valparaiso\/exposicion-interactiva-explorando-tus-sentidos-llega-a-nogales-2\/#breadcrumb"},"inLanguage":"es-CL","potentialAction":[{"@type":"ReadAction","target":["https:\/\/dev.explora.cl\/valparaiso\/exposicion-interactiva-explorando-tus-sentidos-llega-a-nogales-2\/"]}]},{"@type":"ImageObject","inLanguage":"es-CL","@id":"https:\/\/dev.explora.cl\/valparaiso\/exposicion-interactiva-explorando-tus-sentidos-llega-a-nogales-2\/#primaryimage","url":"","contentUrl":""},{"@type":"BreadcrumbList","@id":"https:\/\/dev.explora.cl\/valparaiso\/exposicion-interactiva-explorando-tus-sentidos-llega-a-nogales-2\/#breadcrumb","itemListElement":[{"@type":"ListItem","position":1,"name":"Portada","item":"https:\/\/dev.explora.cl\/valparaiso\/"},{"@type":"ListItem","position":2,"name":"Exposici\u00f3n interactiva \u201cExplorando tus Sentidos\u201d llega a Nogales"}]},{"@type":"WebSite","@id":"https:\/\/dev.explora.cl\/valparaiso\/#website","url":"https:\/\/dev.explora.cl\/valparaiso\/","name":"Valpara\u00edso","description":"Otro sitio m\u00e1s de dev.explora.cl","publisher":{"@id":"https:\/\/dev.explora.cl\/valparaiso\/#organization"},"potentialAction":[{"@type":"SearchAction","target":{"@type":"EntryPoint","urlTemplate":"https:\/\/dev.explora.cl\/valparaiso\/?s={search_term_string}"},"query-input":{"@type":"PropertyValueSpecification","valueRequired":true,"valueName":"search_term_string"}}],"inLanguage":"es-CL"},{"@type":"Organization","@id":"https:\/\/dev.explora.cl\/valparaiso\/#organization","name":"Valpara\u00edso","url":"https:\/\/dev.explora.cl\/valparaiso\/","logo":{"@type":"ImageObject","inLanguage":"es-CL","@id":"https:\/\/dev.explora.cl\/valparaiso\/#\/schema\/logo\/image\/","url":"https:\/\/dev.explora.cl\/valparaiso\/wp-content\/uploads\/sites\/7\/2019\/06\/cropped-logo-explora-color.jpg","contentUrl":"https:\/\/dev.explora.cl\/valparaiso\/wp-content\/uploads\/sites\/7\/2019\/06\/cropped-logo-explora-color.jpg","width":2035,"height":584,"caption":"Valpara\u00edso"},"image":{"@id":"https:\/\/dev.explora.cl\/valparaiso\/#\/schema\/logo\/image\/"}},{"@type":"Person","@id":"https:\/\/dev.explora.cl\/valparaiso\/#\/schema\/person\/cb8349c13ea2d324080adf8480d7ba5d","name":"webman","image":{"@type":"ImageObject","inLanguage":"es-CL","@id":"https:\/\/dev.explora.cl\/valparaiso\/#\/schema\/person\/image\/","url":"https:\/\/secure.gravatar.com\/avatar\/eeff3c82f2c02f7177d13663b7e6f890e9a6a0647ce9bb29cae02dcb094c7312?s=96&d=mm&r=g","contentUrl":"https:\/\/secure.gravatar.com\/avatar\/eeff3c82f2c02f7177d13663b7e6f890e9a6a0647ce9bb29cae02dcb094c7312?s=96&d=mm&r=g","caption":"webman"},"url":"https:\/\/dev.explora.cl\/valparaiso\/author\/webman\/"}]}},"_links":{"self":[{"href":"https:\/\/dev.explora.cl\/valparaiso\/wp-json\/wp\/v2\/posts\/38085","targetHints":{"allow":["GET"]}}],"collection":[{"href":"https:\/\/dev.explora.cl\/valparaiso\/wp-json\/wp\/v2\/posts"}],"about":[{"href":"https:\/\/dev.explora.cl\/valparaiso\/wp-json\/wp\/v2\/types\/post"}],"author":[{"embeddable":true,"href":"https:\/\/dev.explora.cl\/valparaiso\/wp-json\/wp\/v2\/users\/2"}],"replies":[{"embeddable":true,"href":"https:\/\/dev.explora.cl\/valparaiso\/wp-json\/wp\/v2\/comments?post=38085"}],"version-history":[{"count":1,"href":"https:\/\/dev.explora.cl\/valparaiso\/wp-json\/wp\/v2\/posts\/38085\/revisions"}],"predecessor-version":[{"id":38911,"href":"https:\/\/dev.explora.cl\/valparaiso\/wp-json\/wp\/v2\/posts\/38085\/revisions\/38911"}],"wp:featuredmedia":[{"embeddable":true,"href":"https:\/\/dev.explora.cl\/valparaiso\/wp-json\/"}],"wp:attachment":[{"href":"https:\/\/dev.explora.cl\/valparaiso\/wp-json\/wp\/v2\/media?parent=38085"}],"wp:term":[{"taxonomy":"category","embeddable":true,"href":"https:\/\/dev.explora.cl\/valparaiso\/wp-json\/wp\/v2\/categories?post=38085"},{"taxonomy":"post_tag","embeddable":true,"href":"https:\/\/dev.explora.cl\/valparaiso\/wp-json\/wp\/v2\/tags?post=38085"}],"curies":[{"name":"wp","href":"https:\/\/api.w.org\/{rel}","templated":true}]}}