{"id":38081,"date":"2014-08-05T00:00:00","date_gmt":"2014-08-05T04:00:00","guid":{"rendered":"https:\/\/dev.explora.cl\/valparaiso\/blog\/2014\/08\/05\/atencion-escolares-ultimas-semanas-para-postular-a-la-feria-antartica-escolar\/"},"modified":"2019-05-20T17:05:07","modified_gmt":"2019-05-20T17:05:07","slug":"atencion-escolares-ultimas-semanas-para-postular-a-la-feria-antartica-escolar","status":"publish","type":"post","link":"https:\/\/dev.explora.cl\/valparaiso\/atencion-escolares-ultimas-semanas-para-postular-a-la-feria-antartica-escolar\/","title":{"rendered":"\u00a1Atenci\u00f3n escolares! \u00daltimas semanas para postular a la Feria Ant\u00e1rtica Escolar"},"content":{"rendered":"<p><img loading=\"lazy\" decoding=\"async\" class=\" size-full wp-image-4724\" src=\"http:\/\/ec2-34-218-253-251.us-west-2.compute.amazonaws.com\/wp-content\/uploads\/2014\/08\/f1c0ee17f338cf5c72ee789b8341f285.jpg\" alt=\"\" width=\"451\" height=\"279\" \/><\/p>\n<p style=\"text-align: justify\">Desde el 25 de agosto y hasta el mediod\u00eda del viernes 5 de septiembre de 2014 estar\u00e1n abiertas las postulaci\u00f3n para la XI Feria Ant\u00e1rtica Escolar (FAE). En esta instancia se pueden inscribir quienes hayan realizado \u00a0trabajos de investigaci\u00f3n cient\u00edfica experimental o bibliogr\u00e1fica, en alguna de las 6 l\u00edneas de investigaci\u00f3n propuestas por el Instituto Ant\u00e1rtico Chileno (INACH).<span style=\"line-height: 1.3em\">\u00a0<\/span><\/p>\n<p style=\"text-align: justify\">La FAE es el encuentro polar estudiantil m\u00e1s austral del mundo, es \u00fanico en el mundo y es organizado por el INACH. Este 2014 la IX FAE se realizar\u00e1 entre el 6 y el 9 de noviembre de 2014, en Punta Arenas, Regi\u00f3n de Magallanes y Ant\u00e1rtica Chilena.<\/p>\n<p style=\"text-align: justify\">Durante la FAE, los dedicados investigadores ant\u00e1rticos, provenientes de diferentes regiones de Chile, exponen sus resultados en formato oral y en stand ante un comit\u00e9 de cient\u00edficos y la comunidad escolar de Magallanes.<\/p>\n<p style=\"text-align: justify\">Los dos trabajos mejor evaluados en cada categor\u00eda obtendr\u00e1n un inolvidable premio: integrar la XI Expedici\u00f3n Ant\u00e1rtica Escolar, que consistente en un viaje cient\u00edfico a la pen\u00ednsula Ant\u00e1rtica, durante el pr\u00f3ximo verano 2015.<\/p>\n<p style=\"text-align: justify\">El a\u00f1o pasado llegaron 150 trabajos de pr\u00e1cticamente todo el pa\u00eds, donde se seleccionaron los 25 mejores para exponer sus investigaciones junto al estrecho de Magallanes, siendo los ganadores de establecimientos de Santiago, Coquimbo y Concepci\u00f3n, adem\u00e1s de Punta Arenas que obtuvo el premio al esp\u00edritu ant\u00e1rtico.<span style=\"line-height: 1.3em\">\u00a0<\/span><\/p>\n<p style=\"text-align: justify\"><strong>Postulaciones<\/strong><\/p>\n<p style=\"text-align: justify\">Para participar, los aspirantes deben completar el formulario de postulaci\u00f3n con la investigaci\u00f3n cient\u00edfica ant\u00e1rtica que hayan realizado, en la categor\u00eda que corresponda, experimental o bibliogr\u00e1fica.<\/p>\n<p style=\"text-align: justify\">La postulaci\u00f3n es s\u00f3lo a trav\u00e9s de la plataforma en l\u00ednea que se implementar\u00e1 desde el pr\u00f3ximo 25 de agosto en el sitio Web de la Feria Ant\u00e1rtica Escolar <span style=\"color: #993366\"><a href=\"http:\/\/www.inach.cl\/fae\"><span style=\"color: #993366\">www.inach.cl\/fae<\/span><\/a><\/span><\/p>\n<p style=\"text-align: justify\">Adem\u00e1s, en esta p\u00e1gina, cada equipo investigador puede postular a una beca para cubrir los costos de traslado a Punta Arenas.<\/p>\n<p style=\"text-align: justify\">\u00a1Postula tu investigaci\u00f3n! \u00a1La Ant\u00e1rtica te espera!<\/p>\n<p>\u00a0<\/p>\n<p>\u00a0<\/p>\n<p>\u00a0<\/p>\n","protected":false},"excerpt":{"rendered":"<p>Desde el 25 de agosto y hasta el mediod\u00eda del viernes 5 de septiembre de 2014 estar\u00e1n abiertas las postulaci\u00f3n para la XI Feria Ant\u00e1rtica Escolar (FAE). En esta instancia se pueden inscribir quienes hayan realizado \u00a0trabajos de investigaci\u00f3n cient\u00edfica experimental o bibliogr\u00e1fica, en alguna de las 6 l\u00edneas de investigaci\u00f3n propuestas por el Instituto [&hellip;]<\/p>\n","protected":false},"author":2,"featured_media":33789,"comment_status":"open","ping_status":"open","sticky":false,"template":"","format":"standard","meta":{"_acf_changed":false,"_exactmetrics_skip_tracking":false,"_exactmetrics_sitenote_active":false,"_exactmetrics_sitenote_note":"","_exactmetrics_sitenote_category":0,"footnotes":"","_links_to":"","_links_to_target":""},"categories":[4],"tags":[],"class_list":["post-38081","post","type-post","status-publish","format-standard","has-post-thumbnail","hentry","category-noticias"],"acf":[],"yoast_head":"<!-- This site is optimized with the Yoast SEO plugin v26.7 - https:\/\/yoast.com\/wordpress\/plugins\/seo\/ -->\n<title>\u00a1Atenci\u00f3n escolares! \u00daltimas semanas para postular a la Feria Ant\u00e1rtica Escolar - Valpara\u00edso<\/title>\n<meta name=\"robots\" content=\"index, follow, max-snippet:-1, max-image-preview:large, max-video-preview:-1\" \/>\n<link rel=\"canonical\" href=\"https:\/\/dev.explora.cl\/valparaiso\/atencion-escolares-ultimas-semanas-para-postular-a-la-feria-antartica-escolar\/\" class=\"yoast-seo-meta-tag\" \/>\n<meta property=\"og:locale\" content=\"es_ES\" class=\"yoast-seo-meta-tag\" \/>\n<meta property=\"og:type\" content=\"article\" class=\"yoast-seo-meta-tag\" \/>\n<meta property=\"og:title\" content=\"\u00a1Atenci\u00f3n escolares! \u00daltimas semanas para postular a la Feria Ant\u00e1rtica Escolar - Valpara\u00edso\" class=\"yoast-seo-meta-tag\" \/>\n<meta property=\"og:description\" content=\"Desde el 25 de agosto y hasta el mediod\u00eda del viernes 5 de septiembre de 2014 estar\u00e1n abiertas las postulaci\u00f3n para la XI Feria Ant\u00e1rtica Escolar (FAE). En esta instancia se pueden inscribir quienes hayan realizado \u00a0trabajos de investigaci\u00f3n cient\u00edfica experimental o bibliogr\u00e1fica, en alguna de las 6 l\u00edneas de investigaci\u00f3n propuestas por el Instituto [&hellip;]\" class=\"yoast-seo-meta-tag\" \/>\n<meta property=\"og:url\" content=\"https:\/\/dev.explora.cl\/valparaiso\/atencion-escolares-ultimas-semanas-para-postular-a-la-feria-antartica-escolar\/\" class=\"yoast-seo-meta-tag\" \/>\n<meta property=\"og:site_name\" content=\"Valpara\u00edso\" class=\"yoast-seo-meta-tag\" \/>\n<meta property=\"article:published_time\" content=\"2014-08-05T04:00:00+00:00\" class=\"yoast-seo-meta-tag\" \/>\n<meta property=\"article:modified_time\" content=\"2019-05-20T17:05:07+00:00\" class=\"yoast-seo-meta-tag\" \/>\n<meta property=\"og:image\" content=\"https:\/\/dev.explora.cl\/valparaiso\/wp-content\/uploads\/sites\/7\/2018\/06\/f1c0ee17f338cf5c72ee789b8341f285.jpg\" class=\"yoast-seo-meta-tag\" \/>\n\t<meta property=\"og:image:width\" content=\"451\" class=\"yoast-seo-meta-tag\" \/>\n\t<meta property=\"og:image:height\" content=\"279\" class=\"yoast-seo-meta-tag\" \/>\n\t<meta property=\"og:image:type\" content=\"image\/jpeg\" class=\"yoast-seo-meta-tag\" \/>\n<meta name=\"author\" content=\"webman\" class=\"yoast-seo-meta-tag\" \/>\n<meta name=\"twitter:card\" content=\"summary_large_image\" class=\"yoast-seo-meta-tag\" \/>\n<meta name=\"twitter:label1\" content=\"Escrito por\" class=\"yoast-seo-meta-tag\" \/>\n\t<meta name=\"twitter:data1\" content=\"webman\" class=\"yoast-seo-meta-tag\" \/>\n\t<meta name=\"twitter:label2\" content=\"Tiempo estimado de lectura\" class=\"yoast-seo-meta-tag\" \/>\n\t<meta name=\"twitter:data2\" content=\"2 minutos\" class=\"yoast-seo-meta-tag\" \/>\n<script type=\"application\/ld+json\" class=\"yoast-schema-graph\">{\"@context\":\"https:\/\/schema.org\",\"@graph\":[{\"@type\":\"Article\",\"@id\":\"https:\/\/dev.explora.cl\/valparaiso\/atencion-escolares-ultimas-semanas-para-postular-a-la-feria-antartica-escolar\/#article\",\"isPartOf\":{\"@id\":\"https:\/\/dev.explora.cl\/valparaiso\/atencion-escolares-ultimas-semanas-para-postular-a-la-feria-antartica-escolar\/\"},\"author\":{\"name\":\"webman\",\"@id\":\"https:\/\/dev.explora.cl\/valparaiso\/#\/schema\/person\/cb8349c13ea2d324080adf8480d7ba5d\"},\"headline\":\"\u00a1Atenci\u00f3n escolares! \u00daltimas semanas para postular a la Feria Ant\u00e1rtica Escolar\",\"datePublished\":\"2014-08-05T04:00:00+00:00\",\"dateModified\":\"2019-05-20T17:05:07+00:00\",\"mainEntityOfPage\":{\"@id\":\"https:\/\/dev.explora.cl\/valparaiso\/atencion-escolares-ultimas-semanas-para-postular-a-la-feria-antartica-escolar\/\"},\"wordCount\":354,\"commentCount\":0,\"publisher\":{\"@id\":\"https:\/\/dev.explora.cl\/valparaiso\/#organization\"},\"image\":{\"@id\":\"https:\/\/dev.explora.cl\/valparaiso\/atencion-escolares-ultimas-semanas-para-postular-a-la-feria-antartica-escolar\/#primaryimage\"},\"thumbnailUrl\":\"https:\/\/dev.explora.cl\/valparaiso\/wp-content\/uploads\/sites\/7\/2018\/06\/f1c0ee17f338cf5c72ee789b8341f285.jpg\",\"articleSection\":[\"Noticias\"],\"inLanguage\":\"es-CL\",\"potentialAction\":[{\"@type\":\"CommentAction\",\"name\":\"Comment\",\"target\":[\"https:\/\/dev.explora.cl\/valparaiso\/atencion-escolares-ultimas-semanas-para-postular-a-la-feria-antartica-escolar\/#respond\"]}]},{\"@type\":\"WebPage\",\"@id\":\"https:\/\/dev.explora.cl\/valparaiso\/atencion-escolares-ultimas-semanas-para-postular-a-la-feria-antartica-escolar\/\",\"url\":\"https:\/\/dev.explora.cl\/valparaiso\/atencion-escolares-ultimas-semanas-para-postular-a-la-feria-antartica-escolar\/\",\"name\":\"\u00a1Atenci\u00f3n escolares! \u00daltimas semanas para postular a la Feria Ant\u00e1rtica Escolar - Valpara\u00edso\",\"isPartOf\":{\"@id\":\"https:\/\/dev.explora.cl\/valparaiso\/#website\"},\"primaryImageOfPage\":{\"@id\":\"https:\/\/dev.explora.cl\/valparaiso\/atencion-escolares-ultimas-semanas-para-postular-a-la-feria-antartica-escolar\/#primaryimage\"},\"image\":{\"@id\":\"https:\/\/dev.explora.cl\/valparaiso\/atencion-escolares-ultimas-semanas-para-postular-a-la-feria-antartica-escolar\/#primaryimage\"},\"thumbnailUrl\":\"https:\/\/dev.explora.cl\/valparaiso\/wp-content\/uploads\/sites\/7\/2018\/06\/f1c0ee17f338cf5c72ee789b8341f285.jpg\",\"datePublished\":\"2014-08-05T04:00:00+00:00\",\"dateModified\":\"2019-05-20T17:05:07+00:00\",\"breadcrumb\":{\"@id\":\"https:\/\/dev.explora.cl\/valparaiso\/atencion-escolares-ultimas-semanas-para-postular-a-la-feria-antartica-escolar\/#breadcrumb\"},\"inLanguage\":\"es-CL\",\"potentialAction\":[{\"@type\":\"ReadAction\",\"target\":[\"https:\/\/dev.explora.cl\/valparaiso\/atencion-escolares-ultimas-semanas-para-postular-a-la-feria-antartica-escolar\/\"]}]},{\"@type\":\"ImageObject\",\"inLanguage\":\"es-CL\",\"@id\":\"https:\/\/dev.explora.cl\/valparaiso\/atencion-escolares-ultimas-semanas-para-postular-a-la-feria-antartica-escolar\/#primaryimage\",\"url\":\"https:\/\/dev.explora.cl\/valparaiso\/wp-content\/uploads\/sites\/7\/2018\/06\/f1c0ee17f338cf5c72ee789b8341f285.jpg\",\"contentUrl\":\"https:\/\/dev.explora.cl\/valparaiso\/wp-content\/uploads\/sites\/7\/2018\/06\/f1c0ee17f338cf5c72ee789b8341f285.jpg\",\"width\":451,\"height\":279},{\"@type\":\"BreadcrumbList\",\"@id\":\"https:\/\/dev.explora.cl\/valparaiso\/atencion-escolares-ultimas-semanas-para-postular-a-la-feria-antartica-escolar\/#breadcrumb\",\"itemListElement\":[{\"@type\":\"ListItem\",\"position\":1,\"name\":\"Portada\",\"item\":\"https:\/\/dev.explora.cl\/valparaiso\/\"},{\"@type\":\"ListItem\",\"position\":2,\"name\":\"\u00a1Atenci\u00f3n escolares! \u00daltimas semanas para postular a la Feria Ant\u00e1rtica Escolar\"}]},{\"@type\":\"WebSite\",\"@id\":\"https:\/\/dev.explora.cl\/valparaiso\/#website\",\"url\":\"https:\/\/dev.explora.cl\/valparaiso\/\",\"name\":\"Valpara\u00edso\",\"description\":\"Otro sitio m\u00e1s de dev.explora.cl\",\"publisher\":{\"@id\":\"https:\/\/dev.explora.cl\/valparaiso\/#organization\"},\"potentialAction\":[{\"@type\":\"SearchAction\",\"target\":{\"@type\":\"EntryPoint\",\"urlTemplate\":\"https:\/\/dev.explora.cl\/valparaiso\/?s={search_term_string}\"},\"query-input\":{\"@type\":\"PropertyValueSpecification\",\"valueRequired\":true,\"valueName\":\"search_term_string\"}}],\"inLanguage\":\"es-CL\"},{\"@type\":\"Organization\",\"@id\":\"https:\/\/dev.explora.cl\/valparaiso\/#organization\",\"name\":\"Valpara\u00edso\",\"url\":\"https:\/\/dev.explora.cl\/valparaiso\/\",\"logo\":{\"@type\":\"ImageObject\",\"inLanguage\":\"es-CL\",\"@id\":\"https:\/\/dev.explora.cl\/valparaiso\/#\/schema\/logo\/image\/\",\"url\":\"https:\/\/dev.explora.cl\/valparaiso\/wp-content\/uploads\/sites\/7\/2019\/06\/cropped-logo-explora-color.jpg\",\"contentUrl\":\"https:\/\/dev.explora.cl\/valparaiso\/wp-content\/uploads\/sites\/7\/2019\/06\/cropped-logo-explora-color.jpg\",\"width\":2035,\"height\":584,\"caption\":\"Valpara\u00edso\"},\"image\":{\"@id\":\"https:\/\/dev.explora.cl\/valparaiso\/#\/schema\/logo\/image\/\"}},{\"@type\":\"Person\",\"@id\":\"https:\/\/dev.explora.cl\/valparaiso\/#\/schema\/person\/cb8349c13ea2d324080adf8480d7ba5d\",\"name\":\"webman\",\"image\":{\"@type\":\"ImageObject\",\"inLanguage\":\"es-CL\",\"@id\":\"https:\/\/dev.explora.cl\/valparaiso\/#\/schema\/person\/image\/\",\"url\":\"https:\/\/secure.gravatar.com\/avatar\/eeff3c82f2c02f7177d13663b7e6f890e9a6a0647ce9bb29cae02dcb094c7312?s=96&d=mm&r=g\",\"contentUrl\":\"https:\/\/secure.gravatar.com\/avatar\/eeff3c82f2c02f7177d13663b7e6f890e9a6a0647ce9bb29cae02dcb094c7312?s=96&d=mm&r=g\",\"caption\":\"webman\"},\"url\":\"https:\/\/dev.explora.cl\/valparaiso\/author\/webman\/\"}]}<\/script>\n<!-- \/ Yoast SEO plugin. -->","yoast_head_json":{"title":"\u00a1Atenci\u00f3n escolares! \u00daltimas semanas para postular a la Feria Ant\u00e1rtica Escolar - Valpara\u00edso","robots":{"index":"index","follow":"follow","max-snippet":"max-snippet:-1","max-image-preview":"max-image-preview:large","max-video-preview":"max-video-preview:-1"},"canonical":"https:\/\/dev.explora.cl\/valparaiso\/atencion-escolares-ultimas-semanas-para-postular-a-la-feria-antartica-escolar\/","og_locale":"es_ES","og_type":"article","og_title":"\u00a1Atenci\u00f3n escolares! \u00daltimas semanas para postular a la Feria Ant\u00e1rtica Escolar - Valpara\u00edso","og_description":"Desde el 25 de agosto y hasta el mediod\u00eda del viernes 5 de septiembre de 2014 estar\u00e1n abiertas las postulaci\u00f3n para la XI Feria Ant\u00e1rtica Escolar (FAE). En esta instancia se pueden inscribir quienes hayan realizado \u00a0trabajos de investigaci\u00f3n cient\u00edfica experimental o bibliogr\u00e1fica, en alguna de las 6 l\u00edneas de investigaci\u00f3n propuestas por el Instituto [&hellip;]","og_url":"https:\/\/dev.explora.cl\/valparaiso\/atencion-escolares-ultimas-semanas-para-postular-a-la-feria-antartica-escolar\/","og_site_name":"Valpara\u00edso","article_published_time":"2014-08-05T04:00:00+00:00","article_modified_time":"2019-05-20T17:05:07+00:00","og_image":[{"width":451,"height":279,"url":"https:\/\/dev.explora.cl\/valparaiso\/wp-content\/uploads\/sites\/7\/2018\/06\/f1c0ee17f338cf5c72ee789b8341f285.jpg","type":"image\/jpeg"}],"author":"webman","twitter_card":"summary_large_image","twitter_misc":{"Escrito por":"webman","Tiempo estimado de lectura":"2 minutos"},"schema":{"@context":"https:\/\/schema.org","@graph":[{"@type":"Article","@id":"https:\/\/dev.explora.cl\/valparaiso\/atencion-escolares-ultimas-semanas-para-postular-a-la-feria-antartica-escolar\/#article","isPartOf":{"@id":"https:\/\/dev.explora.cl\/valparaiso\/atencion-escolares-ultimas-semanas-para-postular-a-la-feria-antartica-escolar\/"},"author":{"name":"webman","@id":"https:\/\/dev.explora.cl\/valparaiso\/#\/schema\/person\/cb8349c13ea2d324080adf8480d7ba5d"},"headline":"\u00a1Atenci\u00f3n escolares! \u00daltimas semanas para postular a la Feria Ant\u00e1rtica Escolar","datePublished":"2014-08-05T04:00:00+00:00","dateModified":"2019-05-20T17:05:07+00:00","mainEntityOfPage":{"@id":"https:\/\/dev.explora.cl\/valparaiso\/atencion-escolares-ultimas-semanas-para-postular-a-la-feria-antartica-escolar\/"},"wordCount":354,"commentCount":0,"publisher":{"@id":"https:\/\/dev.explora.cl\/valparaiso\/#organization"},"image":{"@id":"https:\/\/dev.explora.cl\/valparaiso\/atencion-escolares-ultimas-semanas-para-postular-a-la-feria-antartica-escolar\/#primaryimage"},"thumbnailUrl":"https:\/\/dev.explora.cl\/valparaiso\/wp-content\/uploads\/sites\/7\/2018\/06\/f1c0ee17f338cf5c72ee789b8341f285.jpg","articleSection":["Noticias"],"inLanguage":"es-CL","potentialAction":[{"@type":"CommentAction","name":"Comment","target":["https:\/\/dev.explora.cl\/valparaiso\/atencion-escolares-ultimas-semanas-para-postular-a-la-feria-antartica-escolar\/#respond"]}]},{"@type":"WebPage","@id":"https:\/\/dev.explora.cl\/valparaiso\/atencion-escolares-ultimas-semanas-para-postular-a-la-feria-antartica-escolar\/","url":"https:\/\/dev.explora.cl\/valparaiso\/atencion-escolares-ultimas-semanas-para-postular-a-la-feria-antartica-escolar\/","name":"\u00a1Atenci\u00f3n escolares! \u00daltimas semanas para postular a la Feria Ant\u00e1rtica Escolar - Valpara\u00edso","isPartOf":{"@id":"https:\/\/dev.explora.cl\/valparaiso\/#website"},"primaryImageOfPage":{"@id":"https:\/\/dev.explora.cl\/valparaiso\/atencion-escolares-ultimas-semanas-para-postular-a-la-feria-antartica-escolar\/#primaryimage"},"image":{"@id":"https:\/\/dev.explora.cl\/valparaiso\/atencion-escolares-ultimas-semanas-para-postular-a-la-feria-antartica-escolar\/#primaryimage"},"thumbnailUrl":"https:\/\/dev.explora.cl\/valparaiso\/wp-content\/uploads\/sites\/7\/2018\/06\/f1c0ee17f338cf5c72ee789b8341f285.jpg","datePublished":"2014-08-05T04:00:00+00:00","dateModified":"2019-05-20T17:05:07+00:00","breadcrumb":{"@id":"https:\/\/dev.explora.cl\/valparaiso\/atencion-escolares-ultimas-semanas-para-postular-a-la-feria-antartica-escolar\/#breadcrumb"},"inLanguage":"es-CL","potentialAction":[{"@type":"ReadAction","target":["https:\/\/dev.explora.cl\/valparaiso\/atencion-escolares-ultimas-semanas-para-postular-a-la-feria-antartica-escolar\/"]}]},{"@type":"ImageObject","inLanguage":"es-CL","@id":"https:\/\/dev.explora.cl\/valparaiso\/atencion-escolares-ultimas-semanas-para-postular-a-la-feria-antartica-escolar\/#primaryimage","url":"https:\/\/dev.explora.cl\/valparaiso\/wp-content\/uploads\/sites\/7\/2018\/06\/f1c0ee17f338cf5c72ee789b8341f285.jpg","contentUrl":"https:\/\/dev.explora.cl\/valparaiso\/wp-content\/uploads\/sites\/7\/2018\/06\/f1c0ee17f338cf5c72ee789b8341f285.jpg","width":451,"height":279},{"@type":"BreadcrumbList","@id":"https:\/\/dev.explora.cl\/valparaiso\/atencion-escolares-ultimas-semanas-para-postular-a-la-feria-antartica-escolar\/#breadcrumb","itemListElement":[{"@type":"ListItem","position":1,"name":"Portada","item":"https:\/\/dev.explora.cl\/valparaiso\/"},{"@type":"ListItem","position":2,"name":"\u00a1Atenci\u00f3n escolares! \u00daltimas semanas para postular a la Feria Ant\u00e1rtica Escolar"}]},{"@type":"WebSite","@id":"https:\/\/dev.explora.cl\/valparaiso\/#website","url":"https:\/\/dev.explora.cl\/valparaiso\/","name":"Valpara\u00edso","description":"Otro sitio m\u00e1s de dev.explora.cl","publisher":{"@id":"https:\/\/dev.explora.cl\/valparaiso\/#organization"},"potentialAction":[{"@type":"SearchAction","target":{"@type":"EntryPoint","urlTemplate":"https:\/\/dev.explora.cl\/valparaiso\/?s={search_term_string}"},"query-input":{"@type":"PropertyValueSpecification","valueRequired":true,"valueName":"search_term_string"}}],"inLanguage":"es-CL"},{"@type":"Organization","@id":"https:\/\/dev.explora.cl\/valparaiso\/#organization","name":"Valpara\u00edso","url":"https:\/\/dev.explora.cl\/valparaiso\/","logo":{"@type":"ImageObject","inLanguage":"es-CL","@id":"https:\/\/dev.explora.cl\/valparaiso\/#\/schema\/logo\/image\/","url":"https:\/\/dev.explora.cl\/valparaiso\/wp-content\/uploads\/sites\/7\/2019\/06\/cropped-logo-explora-color.jpg","contentUrl":"https:\/\/dev.explora.cl\/valparaiso\/wp-content\/uploads\/sites\/7\/2019\/06\/cropped-logo-explora-color.jpg","width":2035,"height":584,"caption":"Valpara\u00edso"},"image":{"@id":"https:\/\/dev.explora.cl\/valparaiso\/#\/schema\/logo\/image\/"}},{"@type":"Person","@id":"https:\/\/dev.explora.cl\/valparaiso\/#\/schema\/person\/cb8349c13ea2d324080adf8480d7ba5d","name":"webman","image":{"@type":"ImageObject","inLanguage":"es-CL","@id":"https:\/\/dev.explora.cl\/valparaiso\/#\/schema\/person\/image\/","url":"https:\/\/secure.gravatar.com\/avatar\/eeff3c82f2c02f7177d13663b7e6f890e9a6a0647ce9bb29cae02dcb094c7312?s=96&d=mm&r=g","contentUrl":"https:\/\/secure.gravatar.com\/avatar\/eeff3c82f2c02f7177d13663b7e6f890e9a6a0647ce9bb29cae02dcb094c7312?s=96&d=mm&r=g","caption":"webman"},"url":"https:\/\/dev.explora.cl\/valparaiso\/author\/webman\/"}]}},"_links":{"self":[{"href":"https:\/\/dev.explora.cl\/valparaiso\/wp-json\/wp\/v2\/posts\/38081","targetHints":{"allow":["GET"]}}],"collection":[{"href":"https:\/\/dev.explora.cl\/valparaiso\/wp-json\/wp\/v2\/posts"}],"about":[{"href":"https:\/\/dev.explora.cl\/valparaiso\/wp-json\/wp\/v2\/types\/post"}],"author":[{"embeddable":true,"href":"https:\/\/dev.explora.cl\/valparaiso\/wp-json\/wp\/v2\/users\/2"}],"replies":[{"embeddable":true,"href":"https:\/\/dev.explora.cl\/valparaiso\/wp-json\/wp\/v2\/comments?post=38081"}],"version-history":[{"count":1,"href":"https:\/\/dev.explora.cl\/valparaiso\/wp-json\/wp\/v2\/posts\/38081\/revisions"}],"predecessor-version":[{"id":38912,"href":"https:\/\/dev.explora.cl\/valparaiso\/wp-json\/wp\/v2\/posts\/38081\/revisions\/38912"}],"wp:featuredmedia":[{"embeddable":true,"href":"https:\/\/dev.explora.cl\/valparaiso\/wp-json\/wp\/v2\/media\/33789"}],"wp:attachment":[{"href":"https:\/\/dev.explora.cl\/valparaiso\/wp-json\/wp\/v2\/media?parent=38081"}],"wp:term":[{"taxonomy":"category","embeddable":true,"href":"https:\/\/dev.explora.cl\/valparaiso\/wp-json\/wp\/v2\/categories?post=38081"},{"taxonomy":"post_tag","embeddable":true,"href":"https:\/\/dev.explora.cl\/valparaiso\/wp-json\/wp\/v2\/tags?post=38081"}],"curies":[{"name":"wp","href":"https:\/\/api.w.org\/{rel}","templated":true}]}}