{"id":38079,"date":"2014-08-01T00:00:00","date_gmt":"2014-08-01T04:00:00","guid":{"rendered":"https:\/\/dev.explora.cl\/valparaiso\/blog\/2014\/08\/01\/concurso-interescolar-vida-ciencia-y-tecnologia-inaugurara-la-xx-sncyt-en-valparaiso\/"},"modified":"2019-05-20T17:05:10","modified_gmt":"2019-05-20T17:05:10","slug":"concurso-interescolar-vida-ciencia-y-tecnologia-inaugurara-la-xx-sncyt-en-valparaiso","status":"publish","type":"post","link":"https:\/\/dev.explora.cl\/valparaiso\/concurso-interescolar-vida-ciencia-y-tecnologia-inaugurara-la-xx-sncyt-en-valparaiso\/","title":{"rendered":"Te invitamos a inaugurar la Semana de la Ciencia con el Concurso Interescolar \u201cVida Ciencia y Tecnolog\u00eda\u201d"},"content":{"rendered":"<p><img loading=\"lazy\" decoding=\"async\" class=\" size-full wp-image-4221\" src=\"http:\/\/ec2-34-218-253-251.us-west-2.compute.amazonaws.com\/wp-content\/uploads\/2014\/08\/5c524010f403cd1cd96d959f003473c7.jpg\" alt=\"\" width=\"609\" height=\"609\" \/><\/p>\n<p style=\"text-align: justify\"><em>\u00a1T\u00fa puedes ser parte de este concurso y competir por entretenidos premios respondiendo preguntas de ciencia y tecnolog\u00eda!<\/em><\/p>\n<p style=\"text-align: justify\">Participa en este divertido Concurso Interescolar del tema del a\u00f1o \u201cVida Ciencia y Tecnolog\u00eda\u201d que dar\u00e1 inicio a la XX Semana Nacional de la Ciencia y Tecnolog\u00eda EXPLORA CONICYT,\u00a0 el lunes 6 de octubre en\u00a0 la\u00a0 Plaza C\u00edvica de Valpara\u00edso, en un evento que tendr\u00e1 premios, m\u00fasica, alegr\u00eda y donde la ciencia ser\u00e1 la protagonista<\/p>\n<p style=\"text-align: justify\">\u00a1La ciencia saldr\u00e1 a la calle! Ser\u00e1n 6 los cursos de distintos establecimientos los participar\u00e1n en el acto de inauguraci\u00f3n de la XX SNCyT. Adem\u00e1s de representar a su colegio, ser\u00e1n la barra de apoyo \u00a0de su grupo competidor compuesto por 4 estudiantes representantes de 5\u00b0, 6\u00b0, 7\u00b0 y 8\u00b0 a\u00f1o b\u00e1sico. Los cursos deben venir acompa\u00f1ados de 2 docentes del colegio.<\/p>\n<p style=\"text-align: justify\">Este Concurso \u201cVida Ciencia y Tecnolog\u00eda\u201d, simula ser un juego de mesa en formato gigante, donde los propios ni\u00f1os y j\u00f3venes son fichas que para avanzar deben responder preguntas relacionadas con la electr\u00f3nica, electrodom\u00e9sticos, salud, transportes y comunicaci\u00f3nes. Los grupos contar\u00e1n con el \u201ccomod\u00edn barra\u201d, \u201ccomod\u00edn profesor\u201d y el \u201ccomod\u00edn Internet\u201d, 3 apoyos que se podr\u00e1n ocupar solo una vez cuando ning\u00fan miembro del grupo conozca la respuesta.<\/p>\n<p style=\"text-align: justify\">Los juegos del Proyecto Asociativo Regional EXPLORA CONICYT Valpara\u00edso, son concursos de conocimiento en una din\u00e1mica l\u00fadica y participativa en el cual un comit\u00e9 de cient\u00edficos y cient\u00edficas de la PUCV, USM, UPLA y UV tambi\u00e9n ser\u00e1n parte. Este a\u00f1o el Concurso Concurso Interescolar \u201cVida Ciencia y Tecnolog\u00eda\u201d tendr\u00e1 como objetivo relevar la importancia de la tecnolog\u00eda en la generaci\u00f3n de soluciones para la vida de las personas y la investigaci\u00f3n cient\u00edfica que hay detr\u00e1s de la tecnolog\u00eda y c\u00f3mo estos avances aportan al conocimiento.<\/p>\n<p style=\"text-align: justify\"><span style=\"line-height: 1.3em\"><img decoding=\"async\" class=\" alignleft size-full wp-image-4222\" src=\"http:\/\/ec2-34-218-253-251.us-west-2.compute.amazonaws.com\/wp-content\/uploads\/2014\/08\/DSCN7809.JPG\" border=\"0\" width=\"370\" style=\"float: left;margin: 15px\" \/><\/span><\/p>\n<p style=\"text-align: justify\"><strong style=\"line-height: 1.3em\">\u00bfQu\u00e9 hacer para \u00a0participar?\u00a0<\/strong><\/p>\n<p style=\"text-align: justify\"><span style=\"line-height: 1.3em\">Los colegios, liceos o escuelas que quieran ser parte de esta jornada de ciencia, tecnolog\u00eda y diversi\u00f3n, tienen hasta el lunes 9 de septiembre para completar esta<span style=\"color: #800080\"><a href=\"http:\/\/www.explora.ucv.cl\/concurso-sncyt\/\"><span style=\"color: #800080\"> FICHA DE INSCRIPCI\u00d3N<\/span><\/a><\/span><\/span><span style=\"line-height: 1.3em\">\u00a0(Evaluaremos el inter\u00e9s y compromiso por participar de esta jornada, procurando que entre los seleccionados haya representatividad social y territorial).<\/span><\/p>\n<p style=\"text-align: justify\"><span style=\"line-height: 1.3em\">Quienes sean seleccionados tienen que contar con las autorizaciones de MINEDUC, as\u00ed como el patrocinio y permiso de su establecimiento y llegar el lunes 6 de octubre a las 10:00 de la ma\u00f1ana a la Plaza C\u00edvica de Valpara\u00edso, ubicada el frontis Intendencia Regional Valpara\u00edso, en la intersecci\u00f3n de Avenida Brasil con Bellavista. La actividad culminar\u00e1 cerca de 13:30 horas.<\/span><\/p>\n<p style=\"text-align: justify\">\u00a0<\/p>\n<p style=\"text-align: justify\">\u00a0<\/p>\n<p style=\"text-align: justify\"><span style=\"line-height: 1.3em\">\u00a0<\/span><\/p>\n<p>\u00a0<\/p>\n<p style=\"text-align: justify\"><span style=\"line-height: 1.3em\">\u00a0<\/span><\/p>\n","protected":false},"excerpt":{"rendered":"<p>\u00a1T\u00fa puedes ser parte de este concurso y competir por entretenidos premios respondiendo preguntas de ciencia y tecnolog\u00eda! Participa en este divertido Concurso Interescolar del tema del a\u00f1o \u201cVida Ciencia y Tecnolog\u00eda\u201d que dar\u00e1 inicio a la XX Semana Nacional de la Ciencia y Tecnolog\u00eda EXPLORA CONICYT,\u00a0 el lunes 6 de octubre en\u00a0 la\u00a0 Plaza [&hellip;]<\/p>\n","protected":false},"author":2,"featured_media":33780,"comment_status":"open","ping_status":"open","sticky":false,"template":"","format":"standard","meta":{"_acf_changed":false,"_exactmetrics_skip_tracking":false,"_exactmetrics_sitenote_active":false,"_exactmetrics_sitenote_note":"","_exactmetrics_sitenote_category":0,"footnotes":"","_links_to":"","_links_to_target":""},"categories":[4],"tags":[],"class_list":["post-38079","post","type-post","status-publish","format-standard","has-post-thumbnail","hentry","category-noticias"],"acf":[],"yoast_head":"<!-- This site is optimized with the Yoast SEO plugin v26.7 - https:\/\/yoast.com\/wordpress\/plugins\/seo\/ -->\n<title>Te invitamos a inaugurar la Semana de la Ciencia con el Concurso Interescolar \u201cVida Ciencia y Tecnolog\u00eda\u201d - Valpara\u00edso<\/title>\n<meta name=\"robots\" content=\"index, follow, max-snippet:-1, max-image-preview:large, max-video-preview:-1\" \/>\n<link rel=\"canonical\" href=\"https:\/\/dev.explora.cl\/valparaiso\/concurso-interescolar-vida-ciencia-y-tecnologia-inaugurara-la-xx-sncyt-en-valparaiso\/\" class=\"yoast-seo-meta-tag\" \/>\n<meta property=\"og:locale\" content=\"es_ES\" class=\"yoast-seo-meta-tag\" \/>\n<meta property=\"og:type\" content=\"article\" class=\"yoast-seo-meta-tag\" \/>\n<meta property=\"og:title\" content=\"Te invitamos a inaugurar la Semana de la Ciencia con el Concurso Interescolar \u201cVida Ciencia y Tecnolog\u00eda\u201d - Valpara\u00edso\" class=\"yoast-seo-meta-tag\" \/>\n<meta property=\"og:description\" content=\"\u00a1T\u00fa puedes ser parte de este concurso y competir por entretenidos premios respondiendo preguntas de ciencia y tecnolog\u00eda! Participa en este divertido Concurso Interescolar del tema del a\u00f1o \u201cVida Ciencia y Tecnolog\u00eda\u201d que dar\u00e1 inicio a la XX Semana Nacional de la Ciencia y Tecnolog\u00eda EXPLORA CONICYT,\u00a0 el lunes 6 de octubre en\u00a0 la\u00a0 Plaza [&hellip;]\" class=\"yoast-seo-meta-tag\" \/>\n<meta property=\"og:url\" content=\"https:\/\/dev.explora.cl\/valparaiso\/concurso-interescolar-vida-ciencia-y-tecnologia-inaugurara-la-xx-sncyt-en-valparaiso\/\" class=\"yoast-seo-meta-tag\" \/>\n<meta property=\"og:site_name\" content=\"Valpara\u00edso\" class=\"yoast-seo-meta-tag\" \/>\n<meta property=\"article:published_time\" content=\"2014-08-01T04:00:00+00:00\" class=\"yoast-seo-meta-tag\" \/>\n<meta property=\"article:modified_time\" content=\"2019-05-20T17:05:10+00:00\" class=\"yoast-seo-meta-tag\" \/>\n<meta property=\"og:image\" content=\"https:\/\/dev.explora.cl\/valparaiso\/wp-content\/uploads\/sites\/7\/2018\/06\/5c524010f403cd1cd96d959f003473c7.jpg\" class=\"yoast-seo-meta-tag\" \/>\n\t<meta property=\"og:image:width\" content=\"609\" class=\"yoast-seo-meta-tag\" \/>\n\t<meta property=\"og:image:height\" content=\"609\" class=\"yoast-seo-meta-tag\" \/>\n\t<meta property=\"og:image:type\" content=\"image\/jpeg\" class=\"yoast-seo-meta-tag\" \/>\n<meta name=\"author\" content=\"webman\" class=\"yoast-seo-meta-tag\" \/>\n<meta name=\"twitter:card\" content=\"summary_large_image\" class=\"yoast-seo-meta-tag\" \/>\n<meta name=\"twitter:label1\" content=\"Escrito por\" class=\"yoast-seo-meta-tag\" \/>\n\t<meta name=\"twitter:data1\" content=\"webman\" class=\"yoast-seo-meta-tag\" \/>\n\t<meta name=\"twitter:label2\" content=\"Tiempo estimado de lectura\" class=\"yoast-seo-meta-tag\" \/>\n\t<meta name=\"twitter:data2\" content=\"2 minutos\" class=\"yoast-seo-meta-tag\" \/>\n<script type=\"application\/ld+json\" class=\"yoast-schema-graph\">{\"@context\":\"https:\/\/schema.org\",\"@graph\":[{\"@type\":\"Article\",\"@id\":\"https:\/\/dev.explora.cl\/valparaiso\/concurso-interescolar-vida-ciencia-y-tecnologia-inaugurara-la-xx-sncyt-en-valparaiso\/#article\",\"isPartOf\":{\"@id\":\"https:\/\/dev.explora.cl\/valparaiso\/concurso-interescolar-vida-ciencia-y-tecnologia-inaugurara-la-xx-sncyt-en-valparaiso\/\"},\"author\":{\"name\":\"webman\",\"@id\":\"https:\/\/dev.explora.cl\/valparaiso\/#\/schema\/person\/cb8349c13ea2d324080adf8480d7ba5d\"},\"headline\":\"Te invitamos a inaugurar la Semana de la Ciencia con el Concurso Interescolar \u201cVida Ciencia y Tecnolog\u00eda\u201d\",\"datePublished\":\"2014-08-01T04:00:00+00:00\",\"dateModified\":\"2019-05-20T17:05:10+00:00\",\"mainEntityOfPage\":{\"@id\":\"https:\/\/dev.explora.cl\/valparaiso\/concurso-interescolar-vida-ciencia-y-tecnologia-inaugurara-la-xx-sncyt-en-valparaiso\/\"},\"wordCount\":460,\"commentCount\":0,\"publisher\":{\"@id\":\"https:\/\/dev.explora.cl\/valparaiso\/#organization\"},\"image\":{\"@id\":\"https:\/\/dev.explora.cl\/valparaiso\/concurso-interescolar-vida-ciencia-y-tecnologia-inaugurara-la-xx-sncyt-en-valparaiso\/#primaryimage\"},\"thumbnailUrl\":\"https:\/\/dev.explora.cl\/valparaiso\/wp-content\/uploads\/sites\/7\/2018\/06\/5c524010f403cd1cd96d959f003473c7.jpg\",\"articleSection\":[\"Noticias\"],\"inLanguage\":\"es-CL\",\"potentialAction\":[{\"@type\":\"CommentAction\",\"name\":\"Comment\",\"target\":[\"https:\/\/dev.explora.cl\/valparaiso\/concurso-interescolar-vida-ciencia-y-tecnologia-inaugurara-la-xx-sncyt-en-valparaiso\/#respond\"]}]},{\"@type\":\"WebPage\",\"@id\":\"https:\/\/dev.explora.cl\/valparaiso\/concurso-interescolar-vida-ciencia-y-tecnologia-inaugurara-la-xx-sncyt-en-valparaiso\/\",\"url\":\"https:\/\/dev.explora.cl\/valparaiso\/concurso-interescolar-vida-ciencia-y-tecnologia-inaugurara-la-xx-sncyt-en-valparaiso\/\",\"name\":\"Te invitamos a inaugurar la Semana de la Ciencia con el Concurso Interescolar \u201cVida Ciencia y Tecnolog\u00eda\u201d - Valpara\u00edso\",\"isPartOf\":{\"@id\":\"https:\/\/dev.explora.cl\/valparaiso\/#website\"},\"primaryImageOfPage\":{\"@id\":\"https:\/\/dev.explora.cl\/valparaiso\/concurso-interescolar-vida-ciencia-y-tecnologia-inaugurara-la-xx-sncyt-en-valparaiso\/#primaryimage\"},\"image\":{\"@id\":\"https:\/\/dev.explora.cl\/valparaiso\/concurso-interescolar-vida-ciencia-y-tecnologia-inaugurara-la-xx-sncyt-en-valparaiso\/#primaryimage\"},\"thumbnailUrl\":\"https:\/\/dev.explora.cl\/valparaiso\/wp-content\/uploads\/sites\/7\/2018\/06\/5c524010f403cd1cd96d959f003473c7.jpg\",\"datePublished\":\"2014-08-01T04:00:00+00:00\",\"dateModified\":\"2019-05-20T17:05:10+00:00\",\"breadcrumb\":{\"@id\":\"https:\/\/dev.explora.cl\/valparaiso\/concurso-interescolar-vida-ciencia-y-tecnologia-inaugurara-la-xx-sncyt-en-valparaiso\/#breadcrumb\"},\"inLanguage\":\"es-CL\",\"potentialAction\":[{\"@type\":\"ReadAction\",\"target\":[\"https:\/\/dev.explora.cl\/valparaiso\/concurso-interescolar-vida-ciencia-y-tecnologia-inaugurara-la-xx-sncyt-en-valparaiso\/\"]}]},{\"@type\":\"ImageObject\",\"inLanguage\":\"es-CL\",\"@id\":\"https:\/\/dev.explora.cl\/valparaiso\/concurso-interescolar-vida-ciencia-y-tecnologia-inaugurara-la-xx-sncyt-en-valparaiso\/#primaryimage\",\"url\":\"https:\/\/dev.explora.cl\/valparaiso\/wp-content\/uploads\/sites\/7\/2018\/06\/5c524010f403cd1cd96d959f003473c7.jpg\",\"contentUrl\":\"https:\/\/dev.explora.cl\/valparaiso\/wp-content\/uploads\/sites\/7\/2018\/06\/5c524010f403cd1cd96d959f003473c7.jpg\",\"width\":609,\"height\":609},{\"@type\":\"BreadcrumbList\",\"@id\":\"https:\/\/dev.explora.cl\/valparaiso\/concurso-interescolar-vida-ciencia-y-tecnologia-inaugurara-la-xx-sncyt-en-valparaiso\/#breadcrumb\",\"itemListElement\":[{\"@type\":\"ListItem\",\"position\":1,\"name\":\"Portada\",\"item\":\"https:\/\/dev.explora.cl\/valparaiso\/\"},{\"@type\":\"ListItem\",\"position\":2,\"name\":\"Te invitamos a inaugurar la Semana de la Ciencia con el Concurso Interescolar \u201cVida Ciencia y Tecnolog\u00eda\u201d\"}]},{\"@type\":\"WebSite\",\"@id\":\"https:\/\/dev.explora.cl\/valparaiso\/#website\",\"url\":\"https:\/\/dev.explora.cl\/valparaiso\/\",\"name\":\"Valpara\u00edso\",\"description\":\"Otro sitio m\u00e1s de dev.explora.cl\",\"publisher\":{\"@id\":\"https:\/\/dev.explora.cl\/valparaiso\/#organization\"},\"potentialAction\":[{\"@type\":\"SearchAction\",\"target\":{\"@type\":\"EntryPoint\",\"urlTemplate\":\"https:\/\/dev.explora.cl\/valparaiso\/?s={search_term_string}\"},\"query-input\":{\"@type\":\"PropertyValueSpecification\",\"valueRequired\":true,\"valueName\":\"search_term_string\"}}],\"inLanguage\":\"es-CL\"},{\"@type\":\"Organization\",\"@id\":\"https:\/\/dev.explora.cl\/valparaiso\/#organization\",\"name\":\"Valpara\u00edso\",\"url\":\"https:\/\/dev.explora.cl\/valparaiso\/\",\"logo\":{\"@type\":\"ImageObject\",\"inLanguage\":\"es-CL\",\"@id\":\"https:\/\/dev.explora.cl\/valparaiso\/#\/schema\/logo\/image\/\",\"url\":\"https:\/\/dev.explora.cl\/valparaiso\/wp-content\/uploads\/sites\/7\/2019\/06\/cropped-logo-explora-color.jpg\",\"contentUrl\":\"https:\/\/dev.explora.cl\/valparaiso\/wp-content\/uploads\/sites\/7\/2019\/06\/cropped-logo-explora-color.jpg\",\"width\":2035,\"height\":584,\"caption\":\"Valpara\u00edso\"},\"image\":{\"@id\":\"https:\/\/dev.explora.cl\/valparaiso\/#\/schema\/logo\/image\/\"}},{\"@type\":\"Person\",\"@id\":\"https:\/\/dev.explora.cl\/valparaiso\/#\/schema\/person\/cb8349c13ea2d324080adf8480d7ba5d\",\"name\":\"webman\",\"image\":{\"@type\":\"ImageObject\",\"inLanguage\":\"es-CL\",\"@id\":\"https:\/\/dev.explora.cl\/valparaiso\/#\/schema\/person\/image\/\",\"url\":\"https:\/\/secure.gravatar.com\/avatar\/eeff3c82f2c02f7177d13663b7e6f890e9a6a0647ce9bb29cae02dcb094c7312?s=96&d=mm&r=g\",\"contentUrl\":\"https:\/\/secure.gravatar.com\/avatar\/eeff3c82f2c02f7177d13663b7e6f890e9a6a0647ce9bb29cae02dcb094c7312?s=96&d=mm&r=g\",\"caption\":\"webman\"},\"url\":\"https:\/\/dev.explora.cl\/valparaiso\/author\/webman\/\"}]}<\/script>\n<!-- \/ Yoast SEO plugin. -->","yoast_head_json":{"title":"Te invitamos a inaugurar la Semana de la Ciencia con el Concurso Interescolar \u201cVida Ciencia y Tecnolog\u00eda\u201d - Valpara\u00edso","robots":{"index":"index","follow":"follow","max-snippet":"max-snippet:-1","max-image-preview":"max-image-preview:large","max-video-preview":"max-video-preview:-1"},"canonical":"https:\/\/dev.explora.cl\/valparaiso\/concurso-interescolar-vida-ciencia-y-tecnologia-inaugurara-la-xx-sncyt-en-valparaiso\/","og_locale":"es_ES","og_type":"article","og_title":"Te invitamos a inaugurar la Semana de la Ciencia con el Concurso Interescolar \u201cVida Ciencia y Tecnolog\u00eda\u201d - Valpara\u00edso","og_description":"\u00a1T\u00fa puedes ser parte de este concurso y competir por entretenidos premios respondiendo preguntas de ciencia y tecnolog\u00eda! Participa en este divertido Concurso Interescolar del tema del a\u00f1o \u201cVida Ciencia y Tecnolog\u00eda\u201d que dar\u00e1 inicio a la XX Semana Nacional de la Ciencia y Tecnolog\u00eda EXPLORA CONICYT,\u00a0 el lunes 6 de octubre en\u00a0 la\u00a0 Plaza [&hellip;]","og_url":"https:\/\/dev.explora.cl\/valparaiso\/concurso-interescolar-vida-ciencia-y-tecnologia-inaugurara-la-xx-sncyt-en-valparaiso\/","og_site_name":"Valpara\u00edso","article_published_time":"2014-08-01T04:00:00+00:00","article_modified_time":"2019-05-20T17:05:10+00:00","og_image":[{"width":609,"height":609,"url":"https:\/\/dev.explora.cl\/valparaiso\/wp-content\/uploads\/sites\/7\/2018\/06\/5c524010f403cd1cd96d959f003473c7.jpg","type":"image\/jpeg"}],"author":"webman","twitter_card":"summary_large_image","twitter_misc":{"Escrito por":"webman","Tiempo estimado de lectura":"2 minutos"},"schema":{"@context":"https:\/\/schema.org","@graph":[{"@type":"Article","@id":"https:\/\/dev.explora.cl\/valparaiso\/concurso-interescolar-vida-ciencia-y-tecnologia-inaugurara-la-xx-sncyt-en-valparaiso\/#article","isPartOf":{"@id":"https:\/\/dev.explora.cl\/valparaiso\/concurso-interescolar-vida-ciencia-y-tecnologia-inaugurara-la-xx-sncyt-en-valparaiso\/"},"author":{"name":"webman","@id":"https:\/\/dev.explora.cl\/valparaiso\/#\/schema\/person\/cb8349c13ea2d324080adf8480d7ba5d"},"headline":"Te invitamos a inaugurar la Semana de la Ciencia con el Concurso Interescolar \u201cVida Ciencia y Tecnolog\u00eda\u201d","datePublished":"2014-08-01T04:00:00+00:00","dateModified":"2019-05-20T17:05:10+00:00","mainEntityOfPage":{"@id":"https:\/\/dev.explora.cl\/valparaiso\/concurso-interescolar-vida-ciencia-y-tecnologia-inaugurara-la-xx-sncyt-en-valparaiso\/"},"wordCount":460,"commentCount":0,"publisher":{"@id":"https:\/\/dev.explora.cl\/valparaiso\/#organization"},"image":{"@id":"https:\/\/dev.explora.cl\/valparaiso\/concurso-interescolar-vida-ciencia-y-tecnologia-inaugurara-la-xx-sncyt-en-valparaiso\/#primaryimage"},"thumbnailUrl":"https:\/\/dev.explora.cl\/valparaiso\/wp-content\/uploads\/sites\/7\/2018\/06\/5c524010f403cd1cd96d959f003473c7.jpg","articleSection":["Noticias"],"inLanguage":"es-CL","potentialAction":[{"@type":"CommentAction","name":"Comment","target":["https:\/\/dev.explora.cl\/valparaiso\/concurso-interescolar-vida-ciencia-y-tecnologia-inaugurara-la-xx-sncyt-en-valparaiso\/#respond"]}]},{"@type":"WebPage","@id":"https:\/\/dev.explora.cl\/valparaiso\/concurso-interescolar-vida-ciencia-y-tecnologia-inaugurara-la-xx-sncyt-en-valparaiso\/","url":"https:\/\/dev.explora.cl\/valparaiso\/concurso-interescolar-vida-ciencia-y-tecnologia-inaugurara-la-xx-sncyt-en-valparaiso\/","name":"Te invitamos a inaugurar la Semana de la Ciencia con el Concurso Interescolar \u201cVida Ciencia y Tecnolog\u00eda\u201d - Valpara\u00edso","isPartOf":{"@id":"https:\/\/dev.explora.cl\/valparaiso\/#website"},"primaryImageOfPage":{"@id":"https:\/\/dev.explora.cl\/valparaiso\/concurso-interescolar-vida-ciencia-y-tecnologia-inaugurara-la-xx-sncyt-en-valparaiso\/#primaryimage"},"image":{"@id":"https:\/\/dev.explora.cl\/valparaiso\/concurso-interescolar-vida-ciencia-y-tecnologia-inaugurara-la-xx-sncyt-en-valparaiso\/#primaryimage"},"thumbnailUrl":"https:\/\/dev.explora.cl\/valparaiso\/wp-content\/uploads\/sites\/7\/2018\/06\/5c524010f403cd1cd96d959f003473c7.jpg","datePublished":"2014-08-01T04:00:00+00:00","dateModified":"2019-05-20T17:05:10+00:00","breadcrumb":{"@id":"https:\/\/dev.explora.cl\/valparaiso\/concurso-interescolar-vida-ciencia-y-tecnologia-inaugurara-la-xx-sncyt-en-valparaiso\/#breadcrumb"},"inLanguage":"es-CL","potentialAction":[{"@type":"ReadAction","target":["https:\/\/dev.explora.cl\/valparaiso\/concurso-interescolar-vida-ciencia-y-tecnologia-inaugurara-la-xx-sncyt-en-valparaiso\/"]}]},{"@type":"ImageObject","inLanguage":"es-CL","@id":"https:\/\/dev.explora.cl\/valparaiso\/concurso-interescolar-vida-ciencia-y-tecnologia-inaugurara-la-xx-sncyt-en-valparaiso\/#primaryimage","url":"https:\/\/dev.explora.cl\/valparaiso\/wp-content\/uploads\/sites\/7\/2018\/06\/5c524010f403cd1cd96d959f003473c7.jpg","contentUrl":"https:\/\/dev.explora.cl\/valparaiso\/wp-content\/uploads\/sites\/7\/2018\/06\/5c524010f403cd1cd96d959f003473c7.jpg","width":609,"height":609},{"@type":"BreadcrumbList","@id":"https:\/\/dev.explora.cl\/valparaiso\/concurso-interescolar-vida-ciencia-y-tecnologia-inaugurara-la-xx-sncyt-en-valparaiso\/#breadcrumb","itemListElement":[{"@type":"ListItem","position":1,"name":"Portada","item":"https:\/\/dev.explora.cl\/valparaiso\/"},{"@type":"ListItem","position":2,"name":"Te invitamos a inaugurar la Semana de la Ciencia con el Concurso Interescolar \u201cVida Ciencia y Tecnolog\u00eda\u201d"}]},{"@type":"WebSite","@id":"https:\/\/dev.explora.cl\/valparaiso\/#website","url":"https:\/\/dev.explora.cl\/valparaiso\/","name":"Valpara\u00edso","description":"Otro sitio m\u00e1s de dev.explora.cl","publisher":{"@id":"https:\/\/dev.explora.cl\/valparaiso\/#organization"},"potentialAction":[{"@type":"SearchAction","target":{"@type":"EntryPoint","urlTemplate":"https:\/\/dev.explora.cl\/valparaiso\/?s={search_term_string}"},"query-input":{"@type":"PropertyValueSpecification","valueRequired":true,"valueName":"search_term_string"}}],"inLanguage":"es-CL"},{"@type":"Organization","@id":"https:\/\/dev.explora.cl\/valparaiso\/#organization","name":"Valpara\u00edso","url":"https:\/\/dev.explora.cl\/valparaiso\/","logo":{"@type":"ImageObject","inLanguage":"es-CL","@id":"https:\/\/dev.explora.cl\/valparaiso\/#\/schema\/logo\/image\/","url":"https:\/\/dev.explora.cl\/valparaiso\/wp-content\/uploads\/sites\/7\/2019\/06\/cropped-logo-explora-color.jpg","contentUrl":"https:\/\/dev.explora.cl\/valparaiso\/wp-content\/uploads\/sites\/7\/2019\/06\/cropped-logo-explora-color.jpg","width":2035,"height":584,"caption":"Valpara\u00edso"},"image":{"@id":"https:\/\/dev.explora.cl\/valparaiso\/#\/schema\/logo\/image\/"}},{"@type":"Person","@id":"https:\/\/dev.explora.cl\/valparaiso\/#\/schema\/person\/cb8349c13ea2d324080adf8480d7ba5d","name":"webman","image":{"@type":"ImageObject","inLanguage":"es-CL","@id":"https:\/\/dev.explora.cl\/valparaiso\/#\/schema\/person\/image\/","url":"https:\/\/secure.gravatar.com\/avatar\/eeff3c82f2c02f7177d13663b7e6f890e9a6a0647ce9bb29cae02dcb094c7312?s=96&d=mm&r=g","contentUrl":"https:\/\/secure.gravatar.com\/avatar\/eeff3c82f2c02f7177d13663b7e6f890e9a6a0647ce9bb29cae02dcb094c7312?s=96&d=mm&r=g","caption":"webman"},"url":"https:\/\/dev.explora.cl\/valparaiso\/author\/webman\/"}]}},"_links":{"self":[{"href":"https:\/\/dev.explora.cl\/valparaiso\/wp-json\/wp\/v2\/posts\/38079","targetHints":{"allow":["GET"]}}],"collection":[{"href":"https:\/\/dev.explora.cl\/valparaiso\/wp-json\/wp\/v2\/posts"}],"about":[{"href":"https:\/\/dev.explora.cl\/valparaiso\/wp-json\/wp\/v2\/types\/post"}],"author":[{"embeddable":true,"href":"https:\/\/dev.explora.cl\/valparaiso\/wp-json\/wp\/v2\/users\/2"}],"replies":[{"embeddable":true,"href":"https:\/\/dev.explora.cl\/valparaiso\/wp-json\/wp\/v2\/comments?post=38079"}],"version-history":[{"count":1,"href":"https:\/\/dev.explora.cl\/valparaiso\/wp-json\/wp\/v2\/posts\/38079\/revisions"}],"predecessor-version":[{"id":38917,"href":"https:\/\/dev.explora.cl\/valparaiso\/wp-json\/wp\/v2\/posts\/38079\/revisions\/38917"}],"wp:featuredmedia":[{"embeddable":true,"href":"https:\/\/dev.explora.cl\/valparaiso\/wp-json\/wp\/v2\/media\/33780"}],"wp:attachment":[{"href":"https:\/\/dev.explora.cl\/valparaiso\/wp-json\/wp\/v2\/media?parent=38079"}],"wp:term":[{"taxonomy":"category","embeddable":true,"href":"https:\/\/dev.explora.cl\/valparaiso\/wp-json\/wp\/v2\/categories?post=38079"},{"taxonomy":"post_tag","embeddable":true,"href":"https:\/\/dev.explora.cl\/valparaiso\/wp-json\/wp\/v2\/tags?post=38079"}],"curies":[{"name":"wp","href":"https:\/\/api.w.org\/{rel}","templated":true}]}}