{"id":31909,"date":"2014-09-01T00:00:00","date_gmt":"2014-09-01T04:00:00","guid":{"rendered":"https:\/\/dev.explora.cl\/valparaiso\/blog\/2014\/09\/01\/en-octubre-lleva-la-ciencia-divertida-a-tu-colegio\/"},"modified":"2019-05-20T17:05:02","modified_gmt":"2019-05-20T17:05:02","slug":"en-octubre-lleva-la-ciencia-divertida-a-tu-colegio","status":"publish","type":"post","link":"https:\/\/dev.explora.cl\/valparaiso\/en-octubre-lleva-la-ciencia-divertida-a-tu-colegio\/","title":{"rendered":"Ampliamos el plazo para inscribirse en \u201cD\u00eda de la Ciencia en mi Colegio\u201d"},"content":{"rendered":"<p><img loading=\"lazy\" decoding=\"async\" class=\" size-full wp-image-3508\" src=\"http:\/\/ec2-34-218-253-251.us-west-2.compute.amazonaws.com\/wp-content\/uploads\/2014\/09\/2cd457d9d226bd83dc78b3603c1a8fd0.jpg\" alt=\"\" width=\"342\" height=\"258\" \/><\/p>\n<p style=\"text-align: justify\"><em>\u00a1Hasta el 12 septiembre puedes inscribir a tu colegio y recibir materiales EXPLORA y stands cient\u00edficos para vivir la ciencia a todo color!<\/em><\/p>\n<p style=\"text-align: justify\">Celebra la ciencia en tu colegio, escuela o liceo en esta XX Semana Nacional de la Ciencia y la Tecnolog\u00eda. El &#8220;D\u00eda de la Ciencia en mi Colegio&#8221; es una actividad en donde \u00a0profesores \u00a0y estudiantes festejan la ciencia con diferentes iniciativas divertidas que unen a toda la comunidad escolar.<\/p>\n<p style=\"text-align: justify\">Comienza a echar a volar tu imaginaci\u00f3n para tener el mejor y m\u00e1s divertido d\u00eda de la ciencia. Profesores y profesoras ya pueden comenzar a organizar junto sus alumnos ferias cient\u00edficas, concursos, exhibici\u00f3n de videos, trivia cientifica, d\u00eda de puertas abiertas, actos escolares, obras de teatro, exposiciones, encuentros interescolares y todo lo que la originalidad y ciencia permitan. El Proyecto Asociativo Regional EXPLORA CONICYT Valpara\u00edso entregar\u00e1 banderines, chapitas, globos, libros de actividades y otros materiales a todos los colegios de la regi\u00f3n que se inscriban para realizar esta celebraci\u00f3n. Adem\u00e1s, quienes lo soliciten, podr\u00e1n exhibir nuestras muestras itinerantes con contenido cient\u00edfico y recibir uno de nuestros stands.<\/p>\n<p style=\"text-align: justify\"><span style=\"line-height: 1.3em\"><img loading=\"lazy\" decoding=\"async\" class=\" alignleft size-full wp-image-3509\" src=\"http:\/\/ec2-34-218-253-251.us-west-2.compute.amazonaws.com\/wp-content\/uploads\/2014\/09\/IMG_3926.JPG\" border=\"0\" style=\"float: left;margin: 15px\" width=\"250\" height=\"303\" \/>Todas las escuelas, colegios y liceos de la regi\u00f3n est\u00e1n invitadas a celebrar el \u201cD\u00eda de la Ciencia en Mi Colegio\u201d durante la XIX Semana Nacional de la Ciencia y la Tecnolog\u00eda que se vivir\u00e1 en todo Chile desde el 6 y el 12 de octubre de 2014. Si eres docente y quieres que tus alumnos vivan la experiencia del\u00a0 \u201cD\u00eda de la Ciencia en Mi Colegio\u201d\u00a0 y requieres \u00a0material de EXPLORA, completa la siguiente <a href=\"http:\/\/www.explora.ucv.cl\/pub\/Ficha_Dia_De_La_Ciencia_2014.doc\">FICHA DE INSCRIPCI\u00d3N<\/a>\u00a0y env\u00edala al correo electr\u00f3nico: diadelaciencia@ucv.cl, o impresa a la direcci\u00f3n de Avenida Brasil 2950 Valpara\u00edso (Casa Central PUCV). El plazo culminar\u00e1 a las 17:00 horas del viernes 12 de septiembre.<\/span><\/p>\n<p style=\"text-align: justify\"><span style=\"line-height: 1.3em\">Se entregar\u00e1 solo una bolsa por colegio por lo que es ideal que participen todos los alumnos del establecimiento unidos en una gran jornada de ciencia, donde pueden divertirse, concursar y compartir. Bienvenidas ser\u00e1n todas las fotos subidas con menciones en nuestro<em> Twitter<\/em><a href=\"https:\/\/twitter.com\/exploravalpo\"><span style=\"color: #800080\"> @exploravalpo<\/span><span style=\"line-height: 1.3em\">\u00a0<\/span><\/a>y etiquetas de nuestro Facebook: <span style=\"color: #800080\"><a href=\"https:\/\/www.facebook.com\/exploravalpo?fref=ts\" target=\"_blank\" rel=\"noopener noreferrer\"><span style=\"color: #800080\">Coordinaci\u00f3n EXPLORA Valpara\u00edso<\/span><\/a><\/span>.<\/span><\/p>\n<p style=\"text-align: justify\"><span style=\"line-height: 1.3em\">Una vez realizado el \u201cD\u00eda de la Ciencia en Mi Colegio\u201d, los docentes encargados deben completar \u00a0una\u00a0<\/span><a href=\"http:\/\/ucv.altavoz.net\/prontus_unidacad\/site\/artic\/20130703\/asocfile\/20130703111353\/ficha_de_recuento_2013.doc\" style=\"line-height: 1.3em\">FICHA DE RECUENTO<\/a><span style=\"line-height: 1.3em\">, en donde cuentan c\u00f3mo se desarroll\u00f3 su actividad, adem\u00e1s de adjuntar evidencias fotogr\u00e1ficas o videos del evento, que ser\u00e1n compartidos en la p\u00e1gina Web de la XX SNCyT de EXPLORA Valpara\u00edso y en nuestras redes sociales. Tras recibir el recuento de la actividad, EXPLORA Valpara\u00edso obsequiara\u00a0material educativo y de divulgaci\u00f3n cient\u00edfica\u00a0a cada establecimiento, adem\u00e1s de\u00a0Diplomas de Participaci\u00f3n de \u00a0la XX SNCyT para todos los que son parte de esta gran celebraci\u00f3n de la ciencia.<\/span><\/p>\n<p style=\"text-align: justify\">\u00a0<\/p>\n<p>\u00a0<\/p>\n","protected":false},"excerpt":{"rendered":"<p>\u00a1Hasta el 12 septiembre puedes inscribir a tu colegio y recibir materiales EXPLORA y stands cient\u00edficos para vivir la ciencia a todo color! Celebra la ciencia en tu colegio, escuela o liceo en esta XX Semana Nacional de la Ciencia y la Tecnolog\u00eda. El &#8220;D\u00eda de la Ciencia en mi Colegio&#8221; es una actividad en [&hellip;]<\/p>\n","protected":false},"author":2,"featured_media":31910,"comment_status":"open","ping_status":"open","sticky":false,"template":"","format":"standard","meta":{"_acf_changed":false,"_exactmetrics_skip_tracking":false,"_exactmetrics_sitenote_active":false,"_exactmetrics_sitenote_note":"","_exactmetrics_sitenote_category":0,"footnotes":"","_links_to":"","_links_to_target":""},"categories":[4],"tags":[],"class_list":["post-31909","post","type-post","status-publish","format-standard","has-post-thumbnail","hentry","category-noticias"],"acf":[],"yoast_head":"<!-- This site is optimized with the Yoast SEO plugin v26.7 - https:\/\/yoast.com\/wordpress\/plugins\/seo\/ -->\n<title>Ampliamos el plazo para inscribirse en \u201cD\u00eda de la Ciencia en mi Colegio\u201d - Valpara\u00edso<\/title>\n<meta name=\"robots\" content=\"index, follow, max-snippet:-1, max-image-preview:large, max-video-preview:-1\" \/>\n<link rel=\"canonical\" href=\"https:\/\/dev.explora.cl\/valparaiso\/en-octubre-lleva-la-ciencia-divertida-a-tu-colegio\/\" class=\"yoast-seo-meta-tag\" \/>\n<meta property=\"og:locale\" content=\"es_ES\" class=\"yoast-seo-meta-tag\" \/>\n<meta property=\"og:type\" content=\"article\" class=\"yoast-seo-meta-tag\" \/>\n<meta property=\"og:title\" content=\"Ampliamos el plazo para inscribirse en \u201cD\u00eda de la Ciencia en mi Colegio\u201d - Valpara\u00edso\" class=\"yoast-seo-meta-tag\" \/>\n<meta property=\"og:description\" content=\"\u00a1Hasta el 12 septiembre puedes inscribir a tu colegio y recibir materiales EXPLORA y stands cient\u00edficos para vivir la ciencia a todo color! Celebra la ciencia en tu colegio, escuela o liceo en esta XX Semana Nacional de la Ciencia y la Tecnolog\u00eda. El &#8220;D\u00eda de la Ciencia en mi Colegio&#8221; es una actividad en [&hellip;]\" class=\"yoast-seo-meta-tag\" \/>\n<meta property=\"og:url\" content=\"https:\/\/dev.explora.cl\/valparaiso\/en-octubre-lleva-la-ciencia-divertida-a-tu-colegio\/\" class=\"yoast-seo-meta-tag\" \/>\n<meta property=\"og:site_name\" content=\"Valpara\u00edso\" class=\"yoast-seo-meta-tag\" \/>\n<meta property=\"article:published_time\" content=\"2014-09-01T04:00:00+00:00\" class=\"yoast-seo-meta-tag\" \/>\n<meta property=\"article:modified_time\" content=\"2019-05-20T17:05:02+00:00\" class=\"yoast-seo-meta-tag\" \/>\n<meta property=\"og:image\" content=\"https:\/\/dev.explora.cl\/valparaiso\/wp-content\/uploads\/sites\/7\/2018\/06\/2cd457d9d226bd83dc78b3603c1a8fd0.jpg\" class=\"yoast-seo-meta-tag\" \/>\n\t<meta property=\"og:image:width\" content=\"342\" class=\"yoast-seo-meta-tag\" \/>\n\t<meta property=\"og:image:height\" content=\"258\" class=\"yoast-seo-meta-tag\" \/>\n\t<meta property=\"og:image:type\" content=\"image\/jpeg\" class=\"yoast-seo-meta-tag\" \/>\n<meta name=\"author\" content=\"webman\" class=\"yoast-seo-meta-tag\" \/>\n<meta name=\"twitter:card\" content=\"summary_large_image\" class=\"yoast-seo-meta-tag\" \/>\n<meta name=\"twitter:label1\" content=\"Escrito por\" class=\"yoast-seo-meta-tag\" \/>\n\t<meta name=\"twitter:data1\" content=\"webman\" class=\"yoast-seo-meta-tag\" \/>\n\t<meta name=\"twitter:label2\" content=\"Tiempo estimado de lectura\" class=\"yoast-seo-meta-tag\" \/>\n\t<meta name=\"twitter:data2\" content=\"2 minutos\" class=\"yoast-seo-meta-tag\" \/>\n<script type=\"application\/ld+json\" class=\"yoast-schema-graph\">{\"@context\":\"https:\/\/schema.org\",\"@graph\":[{\"@type\":\"Article\",\"@id\":\"https:\/\/dev.explora.cl\/valparaiso\/en-octubre-lleva-la-ciencia-divertida-a-tu-colegio\/#article\",\"isPartOf\":{\"@id\":\"https:\/\/dev.explora.cl\/valparaiso\/en-octubre-lleva-la-ciencia-divertida-a-tu-colegio\/\"},\"author\":{\"name\":\"webman\",\"@id\":\"https:\/\/dev.explora.cl\/valparaiso\/#\/schema\/person\/cb8349c13ea2d324080adf8480d7ba5d\"},\"headline\":\"Ampliamos el plazo para inscribirse en \u201cD\u00eda de la Ciencia en mi Colegio\u201d\",\"datePublished\":\"2014-09-01T04:00:00+00:00\",\"dateModified\":\"2019-05-20T17:05:02+00:00\",\"mainEntityOfPage\":{\"@id\":\"https:\/\/dev.explora.cl\/valparaiso\/en-octubre-lleva-la-ciencia-divertida-a-tu-colegio\/\"},\"wordCount\":488,\"commentCount\":0,\"publisher\":{\"@id\":\"https:\/\/dev.explora.cl\/valparaiso\/#organization\"},\"image\":{\"@id\":\"https:\/\/dev.explora.cl\/valparaiso\/en-octubre-lleva-la-ciencia-divertida-a-tu-colegio\/#primaryimage\"},\"thumbnailUrl\":\"https:\/\/dev.explora.cl\/valparaiso\/wp-content\/uploads\/sites\/7\/2018\/06\/2cd457d9d226bd83dc78b3603c1a8fd0.jpg\",\"articleSection\":[\"Noticias\"],\"inLanguage\":\"es-CL\",\"potentialAction\":[{\"@type\":\"CommentAction\",\"name\":\"Comment\",\"target\":[\"https:\/\/dev.explora.cl\/valparaiso\/en-octubre-lleva-la-ciencia-divertida-a-tu-colegio\/#respond\"]}]},{\"@type\":\"WebPage\",\"@id\":\"https:\/\/dev.explora.cl\/valparaiso\/en-octubre-lleva-la-ciencia-divertida-a-tu-colegio\/\",\"url\":\"https:\/\/dev.explora.cl\/valparaiso\/en-octubre-lleva-la-ciencia-divertida-a-tu-colegio\/\",\"name\":\"Ampliamos el plazo para inscribirse en \u201cD\u00eda de la Ciencia en mi Colegio\u201d - Valpara\u00edso\",\"isPartOf\":{\"@id\":\"https:\/\/dev.explora.cl\/valparaiso\/#website\"},\"primaryImageOfPage\":{\"@id\":\"https:\/\/dev.explora.cl\/valparaiso\/en-octubre-lleva-la-ciencia-divertida-a-tu-colegio\/#primaryimage\"},\"image\":{\"@id\":\"https:\/\/dev.explora.cl\/valparaiso\/en-octubre-lleva-la-ciencia-divertida-a-tu-colegio\/#primaryimage\"},\"thumbnailUrl\":\"https:\/\/dev.explora.cl\/valparaiso\/wp-content\/uploads\/sites\/7\/2018\/06\/2cd457d9d226bd83dc78b3603c1a8fd0.jpg\",\"datePublished\":\"2014-09-01T04:00:00+00:00\",\"dateModified\":\"2019-05-20T17:05:02+00:00\",\"breadcrumb\":{\"@id\":\"https:\/\/dev.explora.cl\/valparaiso\/en-octubre-lleva-la-ciencia-divertida-a-tu-colegio\/#breadcrumb\"},\"inLanguage\":\"es-CL\",\"potentialAction\":[{\"@type\":\"ReadAction\",\"target\":[\"https:\/\/dev.explora.cl\/valparaiso\/en-octubre-lleva-la-ciencia-divertida-a-tu-colegio\/\"]}]},{\"@type\":\"ImageObject\",\"inLanguage\":\"es-CL\",\"@id\":\"https:\/\/dev.explora.cl\/valparaiso\/en-octubre-lleva-la-ciencia-divertida-a-tu-colegio\/#primaryimage\",\"url\":\"https:\/\/dev.explora.cl\/valparaiso\/wp-content\/uploads\/sites\/7\/2018\/06\/2cd457d9d226bd83dc78b3603c1a8fd0.jpg\",\"contentUrl\":\"https:\/\/dev.explora.cl\/valparaiso\/wp-content\/uploads\/sites\/7\/2018\/06\/2cd457d9d226bd83dc78b3603c1a8fd0.jpg\",\"width\":342,\"height\":258},{\"@type\":\"BreadcrumbList\",\"@id\":\"https:\/\/dev.explora.cl\/valparaiso\/en-octubre-lleva-la-ciencia-divertida-a-tu-colegio\/#breadcrumb\",\"itemListElement\":[{\"@type\":\"ListItem\",\"position\":1,\"name\":\"Portada\",\"item\":\"https:\/\/dev.explora.cl\/valparaiso\/\"},{\"@type\":\"ListItem\",\"position\":2,\"name\":\"Ampliamos el plazo para inscribirse en \u201cD\u00eda de la Ciencia en mi Colegio\u201d\"}]},{\"@type\":\"WebSite\",\"@id\":\"https:\/\/dev.explora.cl\/valparaiso\/#website\",\"url\":\"https:\/\/dev.explora.cl\/valparaiso\/\",\"name\":\"Valpara\u00edso\",\"description\":\"Otro sitio m\u00e1s de dev.explora.cl\",\"publisher\":{\"@id\":\"https:\/\/dev.explora.cl\/valparaiso\/#organization\"},\"potentialAction\":[{\"@type\":\"SearchAction\",\"target\":{\"@type\":\"EntryPoint\",\"urlTemplate\":\"https:\/\/dev.explora.cl\/valparaiso\/?s={search_term_string}\"},\"query-input\":{\"@type\":\"PropertyValueSpecification\",\"valueRequired\":true,\"valueName\":\"search_term_string\"}}],\"inLanguage\":\"es-CL\"},{\"@type\":\"Organization\",\"@id\":\"https:\/\/dev.explora.cl\/valparaiso\/#organization\",\"name\":\"Valpara\u00edso\",\"url\":\"https:\/\/dev.explora.cl\/valparaiso\/\",\"logo\":{\"@type\":\"ImageObject\",\"inLanguage\":\"es-CL\",\"@id\":\"https:\/\/dev.explora.cl\/valparaiso\/#\/schema\/logo\/image\/\",\"url\":\"https:\/\/dev.explora.cl\/valparaiso\/wp-content\/uploads\/sites\/7\/2019\/06\/cropped-logo-explora-color.jpg\",\"contentUrl\":\"https:\/\/dev.explora.cl\/valparaiso\/wp-content\/uploads\/sites\/7\/2019\/06\/cropped-logo-explora-color.jpg\",\"width\":2035,\"height\":584,\"caption\":\"Valpara\u00edso\"},\"image\":{\"@id\":\"https:\/\/dev.explora.cl\/valparaiso\/#\/schema\/logo\/image\/\"}},{\"@type\":\"Person\",\"@id\":\"https:\/\/dev.explora.cl\/valparaiso\/#\/schema\/person\/cb8349c13ea2d324080adf8480d7ba5d\",\"name\":\"webman\",\"image\":{\"@type\":\"ImageObject\",\"inLanguage\":\"es-CL\",\"@id\":\"https:\/\/dev.explora.cl\/valparaiso\/#\/schema\/person\/image\/\",\"url\":\"https:\/\/secure.gravatar.com\/avatar\/eeff3c82f2c02f7177d13663b7e6f890e9a6a0647ce9bb29cae02dcb094c7312?s=96&d=mm&r=g\",\"contentUrl\":\"https:\/\/secure.gravatar.com\/avatar\/eeff3c82f2c02f7177d13663b7e6f890e9a6a0647ce9bb29cae02dcb094c7312?s=96&d=mm&r=g\",\"caption\":\"webman\"},\"url\":\"https:\/\/dev.explora.cl\/valparaiso\/author\/webman\/\"}]}<\/script>\n<!-- \/ Yoast SEO plugin. -->","yoast_head_json":{"title":"Ampliamos el plazo para inscribirse en \u201cD\u00eda de la Ciencia en mi Colegio\u201d - Valpara\u00edso","robots":{"index":"index","follow":"follow","max-snippet":"max-snippet:-1","max-image-preview":"max-image-preview:large","max-video-preview":"max-video-preview:-1"},"canonical":"https:\/\/dev.explora.cl\/valparaiso\/en-octubre-lleva-la-ciencia-divertida-a-tu-colegio\/","og_locale":"es_ES","og_type":"article","og_title":"Ampliamos el plazo para inscribirse en \u201cD\u00eda de la Ciencia en mi Colegio\u201d - Valpara\u00edso","og_description":"\u00a1Hasta el 12 septiembre puedes inscribir a tu colegio y recibir materiales EXPLORA y stands cient\u00edficos para vivir la ciencia a todo color! Celebra la ciencia en tu colegio, escuela o liceo en esta XX Semana Nacional de la Ciencia y la Tecnolog\u00eda. El &#8220;D\u00eda de la Ciencia en mi Colegio&#8221; es una actividad en [&hellip;]","og_url":"https:\/\/dev.explora.cl\/valparaiso\/en-octubre-lleva-la-ciencia-divertida-a-tu-colegio\/","og_site_name":"Valpara\u00edso","article_published_time":"2014-09-01T04:00:00+00:00","article_modified_time":"2019-05-20T17:05:02+00:00","og_image":[{"width":342,"height":258,"url":"https:\/\/dev.explora.cl\/valparaiso\/wp-content\/uploads\/sites\/7\/2018\/06\/2cd457d9d226bd83dc78b3603c1a8fd0.jpg","type":"image\/jpeg"}],"author":"webman","twitter_card":"summary_large_image","twitter_misc":{"Escrito por":"webman","Tiempo estimado de lectura":"2 minutos"},"schema":{"@context":"https:\/\/schema.org","@graph":[{"@type":"Article","@id":"https:\/\/dev.explora.cl\/valparaiso\/en-octubre-lleva-la-ciencia-divertida-a-tu-colegio\/#article","isPartOf":{"@id":"https:\/\/dev.explora.cl\/valparaiso\/en-octubre-lleva-la-ciencia-divertida-a-tu-colegio\/"},"author":{"name":"webman","@id":"https:\/\/dev.explora.cl\/valparaiso\/#\/schema\/person\/cb8349c13ea2d324080adf8480d7ba5d"},"headline":"Ampliamos el plazo para inscribirse en \u201cD\u00eda de la Ciencia en mi Colegio\u201d","datePublished":"2014-09-01T04:00:00+00:00","dateModified":"2019-05-20T17:05:02+00:00","mainEntityOfPage":{"@id":"https:\/\/dev.explora.cl\/valparaiso\/en-octubre-lleva-la-ciencia-divertida-a-tu-colegio\/"},"wordCount":488,"commentCount":0,"publisher":{"@id":"https:\/\/dev.explora.cl\/valparaiso\/#organization"},"image":{"@id":"https:\/\/dev.explora.cl\/valparaiso\/en-octubre-lleva-la-ciencia-divertida-a-tu-colegio\/#primaryimage"},"thumbnailUrl":"https:\/\/dev.explora.cl\/valparaiso\/wp-content\/uploads\/sites\/7\/2018\/06\/2cd457d9d226bd83dc78b3603c1a8fd0.jpg","articleSection":["Noticias"],"inLanguage":"es-CL","potentialAction":[{"@type":"CommentAction","name":"Comment","target":["https:\/\/dev.explora.cl\/valparaiso\/en-octubre-lleva-la-ciencia-divertida-a-tu-colegio\/#respond"]}]},{"@type":"WebPage","@id":"https:\/\/dev.explora.cl\/valparaiso\/en-octubre-lleva-la-ciencia-divertida-a-tu-colegio\/","url":"https:\/\/dev.explora.cl\/valparaiso\/en-octubre-lleva-la-ciencia-divertida-a-tu-colegio\/","name":"Ampliamos el plazo para inscribirse en \u201cD\u00eda de la Ciencia en mi Colegio\u201d - Valpara\u00edso","isPartOf":{"@id":"https:\/\/dev.explora.cl\/valparaiso\/#website"},"primaryImageOfPage":{"@id":"https:\/\/dev.explora.cl\/valparaiso\/en-octubre-lleva-la-ciencia-divertida-a-tu-colegio\/#primaryimage"},"image":{"@id":"https:\/\/dev.explora.cl\/valparaiso\/en-octubre-lleva-la-ciencia-divertida-a-tu-colegio\/#primaryimage"},"thumbnailUrl":"https:\/\/dev.explora.cl\/valparaiso\/wp-content\/uploads\/sites\/7\/2018\/06\/2cd457d9d226bd83dc78b3603c1a8fd0.jpg","datePublished":"2014-09-01T04:00:00+00:00","dateModified":"2019-05-20T17:05:02+00:00","breadcrumb":{"@id":"https:\/\/dev.explora.cl\/valparaiso\/en-octubre-lleva-la-ciencia-divertida-a-tu-colegio\/#breadcrumb"},"inLanguage":"es-CL","potentialAction":[{"@type":"ReadAction","target":["https:\/\/dev.explora.cl\/valparaiso\/en-octubre-lleva-la-ciencia-divertida-a-tu-colegio\/"]}]},{"@type":"ImageObject","inLanguage":"es-CL","@id":"https:\/\/dev.explora.cl\/valparaiso\/en-octubre-lleva-la-ciencia-divertida-a-tu-colegio\/#primaryimage","url":"https:\/\/dev.explora.cl\/valparaiso\/wp-content\/uploads\/sites\/7\/2018\/06\/2cd457d9d226bd83dc78b3603c1a8fd0.jpg","contentUrl":"https:\/\/dev.explora.cl\/valparaiso\/wp-content\/uploads\/sites\/7\/2018\/06\/2cd457d9d226bd83dc78b3603c1a8fd0.jpg","width":342,"height":258},{"@type":"BreadcrumbList","@id":"https:\/\/dev.explora.cl\/valparaiso\/en-octubre-lleva-la-ciencia-divertida-a-tu-colegio\/#breadcrumb","itemListElement":[{"@type":"ListItem","position":1,"name":"Portada","item":"https:\/\/dev.explora.cl\/valparaiso\/"},{"@type":"ListItem","position":2,"name":"Ampliamos el plazo para inscribirse en \u201cD\u00eda de la Ciencia en mi Colegio\u201d"}]},{"@type":"WebSite","@id":"https:\/\/dev.explora.cl\/valparaiso\/#website","url":"https:\/\/dev.explora.cl\/valparaiso\/","name":"Valpara\u00edso","description":"Otro sitio m\u00e1s de dev.explora.cl","publisher":{"@id":"https:\/\/dev.explora.cl\/valparaiso\/#organization"},"potentialAction":[{"@type":"SearchAction","target":{"@type":"EntryPoint","urlTemplate":"https:\/\/dev.explora.cl\/valparaiso\/?s={search_term_string}"},"query-input":{"@type":"PropertyValueSpecification","valueRequired":true,"valueName":"search_term_string"}}],"inLanguage":"es-CL"},{"@type":"Organization","@id":"https:\/\/dev.explora.cl\/valparaiso\/#organization","name":"Valpara\u00edso","url":"https:\/\/dev.explora.cl\/valparaiso\/","logo":{"@type":"ImageObject","inLanguage":"es-CL","@id":"https:\/\/dev.explora.cl\/valparaiso\/#\/schema\/logo\/image\/","url":"https:\/\/dev.explora.cl\/valparaiso\/wp-content\/uploads\/sites\/7\/2019\/06\/cropped-logo-explora-color.jpg","contentUrl":"https:\/\/dev.explora.cl\/valparaiso\/wp-content\/uploads\/sites\/7\/2019\/06\/cropped-logo-explora-color.jpg","width":2035,"height":584,"caption":"Valpara\u00edso"},"image":{"@id":"https:\/\/dev.explora.cl\/valparaiso\/#\/schema\/logo\/image\/"}},{"@type":"Person","@id":"https:\/\/dev.explora.cl\/valparaiso\/#\/schema\/person\/cb8349c13ea2d324080adf8480d7ba5d","name":"webman","image":{"@type":"ImageObject","inLanguage":"es-CL","@id":"https:\/\/dev.explora.cl\/valparaiso\/#\/schema\/person\/image\/","url":"https:\/\/secure.gravatar.com\/avatar\/eeff3c82f2c02f7177d13663b7e6f890e9a6a0647ce9bb29cae02dcb094c7312?s=96&d=mm&r=g","contentUrl":"https:\/\/secure.gravatar.com\/avatar\/eeff3c82f2c02f7177d13663b7e6f890e9a6a0647ce9bb29cae02dcb094c7312?s=96&d=mm&r=g","caption":"webman"},"url":"https:\/\/dev.explora.cl\/valparaiso\/author\/webman\/"}]}},"_links":{"self":[{"href":"https:\/\/dev.explora.cl\/valparaiso\/wp-json\/wp\/v2\/posts\/31909","targetHints":{"allow":["GET"]}}],"collection":[{"href":"https:\/\/dev.explora.cl\/valparaiso\/wp-json\/wp\/v2\/posts"}],"about":[{"href":"https:\/\/dev.explora.cl\/valparaiso\/wp-json\/wp\/v2\/types\/post"}],"author":[{"embeddable":true,"href":"https:\/\/dev.explora.cl\/valparaiso\/wp-json\/wp\/v2\/users\/2"}],"replies":[{"embeddable":true,"href":"https:\/\/dev.explora.cl\/valparaiso\/wp-json\/wp\/v2\/comments?post=31909"}],"version-history":[{"count":1,"href":"https:\/\/dev.explora.cl\/valparaiso\/wp-json\/wp\/v2\/posts\/31909\/revisions"}],"predecessor-version":[{"id":38904,"href":"https:\/\/dev.explora.cl\/valparaiso\/wp-json\/wp\/v2\/posts\/31909\/revisions\/38904"}],"wp:featuredmedia":[{"embeddable":true,"href":"https:\/\/dev.explora.cl\/valparaiso\/wp-json\/wp\/v2\/media\/31910"}],"wp:attachment":[{"href":"https:\/\/dev.explora.cl\/valparaiso\/wp-json\/wp\/v2\/media?parent=31909"}],"wp:term":[{"taxonomy":"category","embeddable":true,"href":"https:\/\/dev.explora.cl\/valparaiso\/wp-json\/wp\/v2\/categories?post=31909"},{"taxonomy":"post_tag","embeddable":true,"href":"https:\/\/dev.explora.cl\/valparaiso\/wp-json\/wp\/v2\/tags?post=31909"}],"curies":[{"name":"wp","href":"https:\/\/api.w.org\/{rel}","templated":true}]}}