{"id":39897,"date":"2023-08-01T16:18:50","date_gmt":"2023-08-01T20:18:50","guid":{"rendered":"https:\/\/dev.explora.cl\/tarapaca\/?p=39897"},"modified":"2023-08-01T16:19:25","modified_gmt":"2023-08-01T20:19:25","slug":"un-total-de-17-establecimientos-seran-parte-de-las-academias-de-investigacion-e-innovacion-escolar","status":"publish","type":"post","link":"https:\/\/dev.explora.cl\/tarapaca\/un-total-de-17-establecimientos-seran-parte-de-las-academias-de-investigacion-e-innovacion-escolar\/","title":{"rendered":"UN TOTAL DE 17 ESTABLECIMIENTOS SER\u00c1N PARTE DE LAS ACADEMIAS DE INVESTIGACI\u00d3N E INNOVACI\u00d3N ESCOLAR"},"content":{"rendered":"<p>Con la presencia de estudiantes y docentes de distintas comunas y localidades de la regi\u00f3n, Explora Tarapac\u00e1 dio el puntapi\u00e9 inicial a las Academias de Investigaci\u00f3n e Innovaci\u00f3n Escolar, instancia, que, en esta oportunidad, re\u00fane a 17 establecimientos educacionales de Tarapac\u00e1 en torno a las ciencias y la investigaci\u00f3n.<\/p>\n<p>De esta forma, estudiantes de 1\u00b0 b\u00e1sico a 4\u00b0 medio, acompa\u00f1ados por un docente y asesorados por destacados cient\u00edficos y especialistas, desarrollar\u00e1n sus proyectos escolares en las \u00e1reas de ciencias naturales, sociales, innovaci\u00f3n, artes y humanidades, buscando darle una soluci\u00f3n a problem\u00e1ticas que identifiquen en sus entornos y territorios.<\/p>\n<p>\u201cEste es un proceso formativo en donde queremos que visualicemos nuestro entorno, encontremos las dificultades y necesidades que tenga la comunidad y una vez identificadas, le demos la mejor de las soluciones, ya sea por medio de la investigaci\u00f3n cient\u00edfica o la innovaci\u00f3n. Es un desaf\u00edo del cual nos sentimos orgullosos\u201d, se\u00f1al\u00f3 el director de Explora Tarapac\u00e1, Waldo Palacio.<\/p>\n<p>\u201cPara este a\u00f1o, logramos reunir a un total de 17 academias de investigaci\u00f3n e innovaci\u00f3n, superando la meta propuesta, llegando a seis de las siete comunas de nuestra regi\u00f3n\u201d, agreg\u00f3 Palacio.<\/p>\n<p>Para el director de la Escuela B\u00e1sica de Pachica, el profesor Alejandro Veloz, las Academias de Explora Tarapac\u00e1, son importantes en el proceso formativo de los estudiantes de establecimientos rurales.<\/p>\n<p>\u201cEs una gran alegr\u00eda poder dar la oportunidad a nuestros chicos de que generen aprendizajes desde experiencias significativas, para poder ir probando por distintos canales de ingreso el conocimiento y en especial generar habilidades y competencias para el futuro relacionados con metodolog\u00eda cient\u00edfica\u201d, coment\u00f3 el docente.<\/p>\n<p>\u201cMuchas de las cosas que suceden en las grandes urbes los chicos no pueden ser parte, las oportunidades son escasas por temas financieros, entonces a trav\u00e9s de estos proyectos, tenemos la posibilidad de acercarnos al conocimiento\u201d, acot\u00f3 Veloz.<\/p>\n<p>Por su parte, Ronnie Choque, estudiante de 6to b\u00e1sico de Pachica, dijo que \u201cMe parece bien para aprender m\u00e1s cosas sobre ciencia, nos sirve para seguir aprendiendo y seguir adelante y tambi\u00e9n para poder plantearnos cosas en un futuro\u201d.<\/p>\n<p>En esa l\u00ednea, la profesora de Lenguaje del colegio Manuel Castro Ramos, Mar\u00eda Ester Rodr\u00edguez, valor\u00f3 que esta iniciativa permite el intercambio de conocimientos entre estudiantes. \u201cLes permite tambi\u00e9n conocer lugares que para ellos son muy lejanos, como las universidades. Adem\u00e1s, la investigaci\u00f3n que ellos van a hacer les va a permitir prepararse para cuando vayan a estudiar a otro lugar y si deciden no estudiar, les va a permitir tener una metodolog\u00eda de an\u00e1lisis, una visi\u00f3n cr\u00edtica y utilizar la comunicaci\u00f3n de buena manera\u201d.<\/p>\n<p>En tanto, Kaela Navia, estudiante del Liceo Bicentenario Obispo Labb\u00e9, expres\u00f3 que las academias \u201cson una herramienta bastante \u00fatil porque ense\u00f1an muchas cosas que a veces los establecimientos no te ense\u00f1an, especialmente en la media cuando uno est\u00e1 en etapa de decidir que te gustar\u00eda hacer o estudiar, entonces esto ayuda mucho a poder decidirnos\u201d.<\/p>\n<p><img loading=\"lazy\" decoding=\"async\" class=\"alignnone size-medium wp-image-39903\" src=\"https:\/\/dev.explora.cl\/tarapaca\/wp-content\/uploads\/sites\/3\/2023\/08\/FOTO-IIE-2-300x200.jpg\" alt=\"\" width=\"300\" height=\"200\" srcset=\"https:\/\/dev.explora.cl\/tarapaca\/wp-content\/uploads\/sites\/3\/2023\/08\/FOTO-IIE-2-300x200.jpg 300w, https:\/\/dev.explora.cl\/tarapaca\/wp-content\/uploads\/sites\/3\/2023\/08\/FOTO-IIE-2-768x513.jpg 768w, https:\/\/dev.explora.cl\/tarapaca\/wp-content\/uploads\/sites\/3\/2023\/08\/FOTO-IIE-2-1024x684.jpg 1024w, https:\/\/dev.explora.cl\/tarapaca\/wp-content\/uploads\/sites\/3\/2023\/08\/FOTO-IIE-2.jpg 2048w\" sizes=\"auto, (max-width: 300px) 100vw, 300px\" \/><img loading=\"lazy\" decoding=\"async\" class=\"alignnone size-medium wp-image-39902\" src=\"https:\/\/dev.explora.cl\/tarapaca\/wp-content\/uploads\/sites\/3\/2023\/08\/FOTO-IIE-6-300x200.jpg\" alt=\"\" width=\"300\" height=\"200\" srcset=\"https:\/\/dev.explora.cl\/tarapaca\/wp-content\/uploads\/sites\/3\/2023\/08\/FOTO-IIE-6-300x200.jpg 300w, https:\/\/dev.explora.cl\/tarapaca\/wp-content\/uploads\/sites\/3\/2023\/08\/FOTO-IIE-6-768x513.jpg 768w, https:\/\/dev.explora.cl\/tarapaca\/wp-content\/uploads\/sites\/3\/2023\/08\/FOTO-IIE-6-1024x684.jpg 1024w, https:\/\/dev.explora.cl\/tarapaca\/wp-content\/uploads\/sites\/3\/2023\/08\/FOTO-IIE-6.jpg 2048w\" sizes=\"auto, (max-width: 300px) 100vw, 300px\" \/><img loading=\"lazy\" decoding=\"async\" class=\"alignnone size-medium wp-image-39901\" src=\"https:\/\/dev.explora.cl\/tarapaca\/wp-content\/uploads\/sites\/3\/2023\/08\/363365127_761868142609530_2279357322931762738_n-300x200.jpg\" alt=\"\" width=\"300\" height=\"200\" srcset=\"https:\/\/dev.explora.cl\/tarapaca\/wp-content\/uploads\/sites\/3\/2023\/08\/363365127_761868142609530_2279357322931762738_n-300x200.jpg 300w, https:\/\/dev.explora.cl\/tarapaca\/wp-content\/uploads\/sites\/3\/2023\/08\/363365127_761868142609530_2279357322931762738_n-768x513.jpg 768w, https:\/\/dev.explora.cl\/tarapaca\/wp-content\/uploads\/sites\/3\/2023\/08\/363365127_761868142609530_2279357322931762738_n-1024x684.jpg 1024w, https:\/\/dev.explora.cl\/tarapaca\/wp-content\/uploads\/sites\/3\/2023\/08\/363365127_761868142609530_2279357322931762738_n.jpg 2048w\" sizes=\"auto, (max-width: 300px) 100vw, 300px\" \/><img loading=\"lazy\" decoding=\"async\" class=\"alignnone size-medium wp-image-39900\" src=\"https:\/\/dev.explora.cl\/tarapaca\/wp-content\/uploads\/sites\/3\/2023\/08\/FOTO-IIE-5-300x200.jpg\" alt=\"\" width=\"300\" height=\"200\" srcset=\"https:\/\/dev.explora.cl\/tarapaca\/wp-content\/uploads\/sites\/3\/2023\/08\/FOTO-IIE-5-300x200.jpg 300w, https:\/\/dev.explora.cl\/tarapaca\/wp-content\/uploads\/sites\/3\/2023\/08\/FOTO-IIE-5-768x513.jpg 768w, https:\/\/dev.explora.cl\/tarapaca\/wp-content\/uploads\/sites\/3\/2023\/08\/FOTO-IIE-5-1024x684.jpg 1024w, https:\/\/dev.explora.cl\/tarapaca\/wp-content\/uploads\/sites\/3\/2023\/08\/FOTO-IIE-5.jpg 2048w\" sizes=\"auto, (max-width: 300px) 100vw, 300px\" \/><img loading=\"lazy\" decoding=\"async\" class=\"alignnone size-medium wp-image-39899\" src=\"https:\/\/dev.explora.cl\/tarapaca\/wp-content\/uploads\/sites\/3\/2023\/08\/FOTOS-IIE-3-300x200.jpg\" alt=\"\" width=\"300\" height=\"200\" srcset=\"https:\/\/dev.explora.cl\/tarapaca\/wp-content\/uploads\/sites\/3\/2023\/08\/FOTOS-IIE-3-300x200.jpg 300w, https:\/\/dev.explora.cl\/tarapaca\/wp-content\/uploads\/sites\/3\/2023\/08\/FOTOS-IIE-3-768x513.jpg 768w, https:\/\/dev.explora.cl\/tarapaca\/wp-content\/uploads\/sites\/3\/2023\/08\/FOTOS-IIE-3-1024x684.jpg 1024w, https:\/\/dev.explora.cl\/tarapaca\/wp-content\/uploads\/sites\/3\/2023\/08\/FOTOS-IIE-3.jpg 2048w\" sizes=\"auto, (max-width: 300px) 100vw, 300px\" \/><img loading=\"lazy\" decoding=\"async\" class=\"alignnone size-medium wp-image-39898\" src=\"https:\/\/dev.explora.cl\/tarapaca\/wp-content\/uploads\/sites\/3\/2023\/08\/FOTO-IIE-4-300x200.jpg\" alt=\"\" width=\"300\" height=\"200\" srcset=\"https:\/\/dev.explora.cl\/tarapaca\/wp-content\/uploads\/sites\/3\/2023\/08\/FOTO-IIE-4-300x200.jpg 300w, https:\/\/dev.explora.cl\/tarapaca\/wp-content\/uploads\/sites\/3\/2023\/08\/FOTO-IIE-4-768x513.jpg 768w, https:\/\/dev.explora.cl\/tarapaca\/wp-content\/uploads\/sites\/3\/2023\/08\/FOTO-IIE-4-1024x684.jpg 1024w, https:\/\/dev.explora.cl\/tarapaca\/wp-content\/uploads\/sites\/3\/2023\/08\/FOTO-IIE-4.jpg 2048w\" sizes=\"auto, (max-width: 300px) 100vw, 300px\" \/><\/p>\n","protected":false},"excerpt":{"rendered":"<p>Con la presencia de estudiantes y docentes de distintas comunas y localidades de la regi\u00f3n, Explora Tarapac\u00e1 dio el puntapi\u00e9 inicial a las Academias de Investigaci\u00f3n e Innovaci\u00f3n Escolar, instancia, que, en esta oportunidad, re\u00fane a 17 establecimientos educacionales de Tarapac\u00e1 en torno a las ciencias y la investigaci\u00f3n. De esta forma, estudiantes de 1\u00b0 [&hellip;]<\/p>\n","protected":false},"author":18,"featured_media":39904,"comment_status":"open","ping_status":"open","sticky":false,"template":"","format":"standard","meta":{"_acf_changed":false,"_exactmetrics_skip_tracking":false,"_exactmetrics_sitenote_active":false,"_exactmetrics_sitenote_note":"","_exactmetrics_sitenote_category":0,"footnotes":"","_links_to":"","_links_to_target":""},"categories":[136,4],"tags":[],"class_list":["post-39897","post","type-post","status-publish","format-standard","has-post-thumbnail","hentry","category-lugar-1","category-noticias"],"acf":[],"yoast_head":"<!-- This site is optimized with the Yoast SEO plugin v26.7 - https:\/\/yoast.com\/wordpress\/plugins\/seo\/ -->\n<title>UN TOTAL DE 17 ESTABLECIMIENTOS SER\u00c1N PARTE DE LAS ACADEMIAS DE INVESTIGACI\u00d3N E INNOVACI\u00d3N ESCOLAR - Tarapaca<\/title>\n<meta name=\"robots\" content=\"index, follow, max-snippet:-1, max-image-preview:large, max-video-preview:-1\" \/>\n<link rel=\"canonical\" href=\"https:\/\/dev.explora.cl\/tarapaca\/un-total-de-17-establecimientos-seran-parte-de-las-academias-de-investigacion-e-innovacion-escolar\/\" class=\"yoast-seo-meta-tag\" \/>\n<meta property=\"og:locale\" content=\"es_ES\" class=\"yoast-seo-meta-tag\" \/>\n<meta property=\"og:type\" content=\"article\" class=\"yoast-seo-meta-tag\" \/>\n<meta property=\"og:title\" content=\"UN TOTAL DE 17 ESTABLECIMIENTOS SER\u00c1N PARTE DE LAS ACADEMIAS DE INVESTIGACI\u00d3N E INNOVACI\u00d3N ESCOLAR - Tarapaca\" class=\"yoast-seo-meta-tag\" \/>\n<meta property=\"og:description\" content=\"Con la presencia de estudiantes y docentes de distintas comunas y localidades de la regi\u00f3n, Explora Tarapac\u00e1 dio el puntapi\u00e9 inicial a las Academias de Investigaci\u00f3n e Innovaci\u00f3n Escolar, instancia, que, en esta oportunidad, re\u00fane a 17 establecimientos educacionales de Tarapac\u00e1 en torno a las ciencias y la investigaci\u00f3n. De esta forma, estudiantes de 1\u00b0 [&hellip;]\" class=\"yoast-seo-meta-tag\" \/>\n<meta property=\"og:url\" content=\"https:\/\/dev.explora.cl\/tarapaca\/un-total-de-17-establecimientos-seran-parte-de-las-academias-de-investigacion-e-innovacion-escolar\/\" class=\"yoast-seo-meta-tag\" \/>\n<meta property=\"og:site_name\" content=\"Tarapaca\" class=\"yoast-seo-meta-tag\" \/>\n<meta property=\"article:published_time\" content=\"2023-08-01T20:18:50+00:00\" class=\"yoast-seo-meta-tag\" \/>\n<meta property=\"article:modified_time\" content=\"2023-08-01T20:19:25+00:00\" class=\"yoast-seo-meta-tag\" \/>\n<meta property=\"og:image\" content=\"https:\/\/dev.explora.cl\/tarapaca\/wp-content\/uploads\/sites\/3\/2023\/08\/FOTO-IIE-1.jpg\" class=\"yoast-seo-meta-tag\" \/>\n\t<meta property=\"og:image:width\" content=\"2048\" class=\"yoast-seo-meta-tag\" \/>\n\t<meta property=\"og:image:height\" content=\"1367\" class=\"yoast-seo-meta-tag\" \/>\n\t<meta property=\"og:image:type\" content=\"image\/jpeg\" class=\"yoast-seo-meta-tag\" \/>\n<meta name=\"author\" content=\"admintarapaca\" class=\"yoast-seo-meta-tag\" \/>\n<meta name=\"twitter:card\" content=\"summary_large_image\" class=\"yoast-seo-meta-tag\" \/>\n<meta name=\"twitter:label1\" content=\"Escrito por\" class=\"yoast-seo-meta-tag\" \/>\n\t<meta name=\"twitter:data1\" content=\"admintarapaca\" class=\"yoast-seo-meta-tag\" \/>\n\t<meta name=\"twitter:label2\" content=\"Tiempo estimado de lectura\" class=\"yoast-seo-meta-tag\" \/>\n\t<meta name=\"twitter:data2\" content=\"3 minutos\" class=\"yoast-seo-meta-tag\" \/>\n<script type=\"application\/ld+json\" class=\"yoast-schema-graph\">{\"@context\":\"https:\/\/schema.org\",\"@graph\":[{\"@type\":\"Article\",\"@id\":\"https:\/\/dev.explora.cl\/tarapaca\/un-total-de-17-establecimientos-seran-parte-de-las-academias-de-investigacion-e-innovacion-escolar\/#article\",\"isPartOf\":{\"@id\":\"https:\/\/dev.explora.cl\/tarapaca\/un-total-de-17-establecimientos-seran-parte-de-las-academias-de-investigacion-e-innovacion-escolar\/\"},\"author\":{\"name\":\"admintarapaca\",\"@id\":\"https:\/\/dev.explora.cl\/tarapaca\/#\/schema\/person\/ca04f8a8f8e25243bd462d34eb1ca505\"},\"headline\":\"UN TOTAL DE 17 ESTABLECIMIENTOS SER\u00c1N PARTE DE LAS ACADEMIAS DE INVESTIGACI\u00d3N E INNOVACI\u00d3N ESCOLAR\",\"datePublished\":\"2023-08-01T20:18:50+00:00\",\"dateModified\":\"2023-08-01T20:19:25+00:00\",\"mainEntityOfPage\":{\"@id\":\"https:\/\/dev.explora.cl\/tarapaca\/un-total-de-17-establecimientos-seran-parte-de-las-academias-de-investigacion-e-innovacion-escolar\/\"},\"wordCount\":537,\"commentCount\":0,\"image\":{\"@id\":\"https:\/\/dev.explora.cl\/tarapaca\/un-total-de-17-establecimientos-seran-parte-de-las-academias-de-investigacion-e-innovacion-escolar\/#primaryimage\"},\"thumbnailUrl\":\"https:\/\/dev.explora.cl\/tarapaca\/wp-content\/uploads\/sites\/3\/2023\/08\/FOTO-IIE-1.jpg\",\"articleSection\":[\"Lugar 1\",\"Noticias\"],\"inLanguage\":\"es-CL\",\"potentialAction\":[{\"@type\":\"CommentAction\",\"name\":\"Comment\",\"target\":[\"https:\/\/dev.explora.cl\/tarapaca\/un-total-de-17-establecimientos-seran-parte-de-las-academias-de-investigacion-e-innovacion-escolar\/#respond\"]}]},{\"@type\":\"WebPage\",\"@id\":\"https:\/\/dev.explora.cl\/tarapaca\/un-total-de-17-establecimientos-seran-parte-de-las-academias-de-investigacion-e-innovacion-escolar\/\",\"url\":\"https:\/\/dev.explora.cl\/tarapaca\/un-total-de-17-establecimientos-seran-parte-de-las-academias-de-investigacion-e-innovacion-escolar\/\",\"name\":\"UN TOTAL DE 17 ESTABLECIMIENTOS SER\u00c1N PARTE DE LAS ACADEMIAS DE INVESTIGACI\u00d3N E INNOVACI\u00d3N ESCOLAR - Tarapaca\",\"isPartOf\":{\"@id\":\"https:\/\/dev.explora.cl\/tarapaca\/#website\"},\"primaryImageOfPage\":{\"@id\":\"https:\/\/dev.explora.cl\/tarapaca\/un-total-de-17-establecimientos-seran-parte-de-las-academias-de-investigacion-e-innovacion-escolar\/#primaryimage\"},\"image\":{\"@id\":\"https:\/\/dev.explora.cl\/tarapaca\/un-total-de-17-establecimientos-seran-parte-de-las-academias-de-investigacion-e-innovacion-escolar\/#primaryimage\"},\"thumbnailUrl\":\"https:\/\/dev.explora.cl\/tarapaca\/wp-content\/uploads\/sites\/3\/2023\/08\/FOTO-IIE-1.jpg\",\"datePublished\":\"2023-08-01T20:18:50+00:00\",\"dateModified\":\"2023-08-01T20:19:25+00:00\",\"author\":{\"@id\":\"https:\/\/dev.explora.cl\/tarapaca\/#\/schema\/person\/ca04f8a8f8e25243bd462d34eb1ca505\"},\"breadcrumb\":{\"@id\":\"https:\/\/dev.explora.cl\/tarapaca\/un-total-de-17-establecimientos-seran-parte-de-las-academias-de-investigacion-e-innovacion-escolar\/#breadcrumb\"},\"inLanguage\":\"es-CL\",\"potentialAction\":[{\"@type\":\"ReadAction\",\"target\":[\"https:\/\/dev.explora.cl\/tarapaca\/un-total-de-17-establecimientos-seran-parte-de-las-academias-de-investigacion-e-innovacion-escolar\/\"]}]},{\"@type\":\"ImageObject\",\"inLanguage\":\"es-CL\",\"@id\":\"https:\/\/dev.explora.cl\/tarapaca\/un-total-de-17-establecimientos-seran-parte-de-las-academias-de-investigacion-e-innovacion-escolar\/#primaryimage\",\"url\":\"https:\/\/dev.explora.cl\/tarapaca\/wp-content\/uploads\/sites\/3\/2023\/08\/FOTO-IIE-1.jpg\",\"contentUrl\":\"https:\/\/dev.explora.cl\/tarapaca\/wp-content\/uploads\/sites\/3\/2023\/08\/FOTO-IIE-1.jpg\",\"width\":2048,\"height\":1367},{\"@type\":\"BreadcrumbList\",\"@id\":\"https:\/\/dev.explora.cl\/tarapaca\/un-total-de-17-establecimientos-seran-parte-de-las-academias-de-investigacion-e-innovacion-escolar\/#breadcrumb\",\"itemListElement\":[{\"@type\":\"ListItem\",\"position\":1,\"name\":\"Portada\",\"item\":\"https:\/\/dev.explora.cl\/tarapaca\/\"},{\"@type\":\"ListItem\",\"position\":2,\"name\":\"UN TOTAL DE 17 ESTABLECIMIENTOS SER\u00c1N PARTE DE LAS ACADEMIAS DE INVESTIGACI\u00d3N E INNOVACI\u00d3N ESCOLAR\"}]},{\"@type\":\"WebSite\",\"@id\":\"https:\/\/dev.explora.cl\/tarapaca\/#website\",\"url\":\"https:\/\/dev.explora.cl\/tarapaca\/\",\"name\":\"Tarapaca\",\"description\":\"Otro sitio m\u00e1s de dev.explora.cl\",\"potentialAction\":[{\"@type\":\"SearchAction\",\"target\":{\"@type\":\"EntryPoint\",\"urlTemplate\":\"https:\/\/dev.explora.cl\/tarapaca\/?s={search_term_string}\"},\"query-input\":{\"@type\":\"PropertyValueSpecification\",\"valueRequired\":true,\"valueName\":\"search_term_string\"}}],\"inLanguage\":\"es-CL\"},{\"@type\":\"Person\",\"@id\":\"https:\/\/dev.explora.cl\/tarapaca\/#\/schema\/person\/ca04f8a8f8e25243bd462d34eb1ca505\",\"name\":\"admintarapaca\",\"image\":{\"@type\":\"ImageObject\",\"inLanguage\":\"es-CL\",\"@id\":\"https:\/\/dev.explora.cl\/tarapaca\/#\/schema\/person\/image\/\",\"url\":\"https:\/\/secure.gravatar.com\/avatar\/8ff4762fabbf7a1732a126425c82d628f08ba754529d77a55358cbb74e14343f?s=96&d=mm&r=g\",\"contentUrl\":\"https:\/\/secure.gravatar.com\/avatar\/8ff4762fabbf7a1732a126425c82d628f08ba754529d77a55358cbb74e14343f?s=96&d=mm&r=g\",\"caption\":\"admintarapaca\"},\"url\":\"https:\/\/dev.explora.cl\/tarapaca\/author\/dolivares\/\"}]}<\/script>\n<!-- \/ Yoast SEO plugin. -->","yoast_head_json":{"title":"UN TOTAL DE 17 ESTABLECIMIENTOS SER\u00c1N PARTE DE LAS ACADEMIAS DE INVESTIGACI\u00d3N E INNOVACI\u00d3N ESCOLAR - Tarapaca","robots":{"index":"index","follow":"follow","max-snippet":"max-snippet:-1","max-image-preview":"max-image-preview:large","max-video-preview":"max-video-preview:-1"},"canonical":"https:\/\/dev.explora.cl\/tarapaca\/un-total-de-17-establecimientos-seran-parte-de-las-academias-de-investigacion-e-innovacion-escolar\/","og_locale":"es_ES","og_type":"article","og_title":"UN TOTAL DE 17 ESTABLECIMIENTOS SER\u00c1N PARTE DE LAS ACADEMIAS DE INVESTIGACI\u00d3N E INNOVACI\u00d3N ESCOLAR - Tarapaca","og_description":"Con la presencia de estudiantes y docentes de distintas comunas y localidades de la regi\u00f3n, Explora Tarapac\u00e1 dio el puntapi\u00e9 inicial a las Academias de Investigaci\u00f3n e Innovaci\u00f3n Escolar, instancia, que, en esta oportunidad, re\u00fane a 17 establecimientos educacionales de Tarapac\u00e1 en torno a las ciencias y la investigaci\u00f3n. De esta forma, estudiantes de 1\u00b0 [&hellip;]","og_url":"https:\/\/dev.explora.cl\/tarapaca\/un-total-de-17-establecimientos-seran-parte-de-las-academias-de-investigacion-e-innovacion-escolar\/","og_site_name":"Tarapaca","article_published_time":"2023-08-01T20:18:50+00:00","article_modified_time":"2023-08-01T20:19:25+00:00","og_image":[{"width":2048,"height":1367,"url":"https:\/\/dev.explora.cl\/tarapaca\/wp-content\/uploads\/sites\/3\/2023\/08\/FOTO-IIE-1.jpg","type":"image\/jpeg"}],"author":"admintarapaca","twitter_card":"summary_large_image","twitter_misc":{"Escrito por":"admintarapaca","Tiempo estimado de lectura":"3 minutos"},"schema":{"@context":"https:\/\/schema.org","@graph":[{"@type":"Article","@id":"https:\/\/dev.explora.cl\/tarapaca\/un-total-de-17-establecimientos-seran-parte-de-las-academias-de-investigacion-e-innovacion-escolar\/#article","isPartOf":{"@id":"https:\/\/dev.explora.cl\/tarapaca\/un-total-de-17-establecimientos-seran-parte-de-las-academias-de-investigacion-e-innovacion-escolar\/"},"author":{"name":"admintarapaca","@id":"https:\/\/dev.explora.cl\/tarapaca\/#\/schema\/person\/ca04f8a8f8e25243bd462d34eb1ca505"},"headline":"UN TOTAL DE 17 ESTABLECIMIENTOS SER\u00c1N PARTE DE LAS ACADEMIAS DE INVESTIGACI\u00d3N E INNOVACI\u00d3N ESCOLAR","datePublished":"2023-08-01T20:18:50+00:00","dateModified":"2023-08-01T20:19:25+00:00","mainEntityOfPage":{"@id":"https:\/\/dev.explora.cl\/tarapaca\/un-total-de-17-establecimientos-seran-parte-de-las-academias-de-investigacion-e-innovacion-escolar\/"},"wordCount":537,"commentCount":0,"image":{"@id":"https:\/\/dev.explora.cl\/tarapaca\/un-total-de-17-establecimientos-seran-parte-de-las-academias-de-investigacion-e-innovacion-escolar\/#primaryimage"},"thumbnailUrl":"https:\/\/dev.explora.cl\/tarapaca\/wp-content\/uploads\/sites\/3\/2023\/08\/FOTO-IIE-1.jpg","articleSection":["Lugar 1","Noticias"],"inLanguage":"es-CL","potentialAction":[{"@type":"CommentAction","name":"Comment","target":["https:\/\/dev.explora.cl\/tarapaca\/un-total-de-17-establecimientos-seran-parte-de-las-academias-de-investigacion-e-innovacion-escolar\/#respond"]}]},{"@type":"WebPage","@id":"https:\/\/dev.explora.cl\/tarapaca\/un-total-de-17-establecimientos-seran-parte-de-las-academias-de-investigacion-e-innovacion-escolar\/","url":"https:\/\/dev.explora.cl\/tarapaca\/un-total-de-17-establecimientos-seran-parte-de-las-academias-de-investigacion-e-innovacion-escolar\/","name":"UN TOTAL DE 17 ESTABLECIMIENTOS SER\u00c1N PARTE DE LAS ACADEMIAS DE INVESTIGACI\u00d3N E INNOVACI\u00d3N ESCOLAR - Tarapaca","isPartOf":{"@id":"https:\/\/dev.explora.cl\/tarapaca\/#website"},"primaryImageOfPage":{"@id":"https:\/\/dev.explora.cl\/tarapaca\/un-total-de-17-establecimientos-seran-parte-de-las-academias-de-investigacion-e-innovacion-escolar\/#primaryimage"},"image":{"@id":"https:\/\/dev.explora.cl\/tarapaca\/un-total-de-17-establecimientos-seran-parte-de-las-academias-de-investigacion-e-innovacion-escolar\/#primaryimage"},"thumbnailUrl":"https:\/\/dev.explora.cl\/tarapaca\/wp-content\/uploads\/sites\/3\/2023\/08\/FOTO-IIE-1.jpg","datePublished":"2023-08-01T20:18:50+00:00","dateModified":"2023-08-01T20:19:25+00:00","author":{"@id":"https:\/\/dev.explora.cl\/tarapaca\/#\/schema\/person\/ca04f8a8f8e25243bd462d34eb1ca505"},"breadcrumb":{"@id":"https:\/\/dev.explora.cl\/tarapaca\/un-total-de-17-establecimientos-seran-parte-de-las-academias-de-investigacion-e-innovacion-escolar\/#breadcrumb"},"inLanguage":"es-CL","potentialAction":[{"@type":"ReadAction","target":["https:\/\/dev.explora.cl\/tarapaca\/un-total-de-17-establecimientos-seran-parte-de-las-academias-de-investigacion-e-innovacion-escolar\/"]}]},{"@type":"ImageObject","inLanguage":"es-CL","@id":"https:\/\/dev.explora.cl\/tarapaca\/un-total-de-17-establecimientos-seran-parte-de-las-academias-de-investigacion-e-innovacion-escolar\/#primaryimage","url":"https:\/\/dev.explora.cl\/tarapaca\/wp-content\/uploads\/sites\/3\/2023\/08\/FOTO-IIE-1.jpg","contentUrl":"https:\/\/dev.explora.cl\/tarapaca\/wp-content\/uploads\/sites\/3\/2023\/08\/FOTO-IIE-1.jpg","width":2048,"height":1367},{"@type":"BreadcrumbList","@id":"https:\/\/dev.explora.cl\/tarapaca\/un-total-de-17-establecimientos-seran-parte-de-las-academias-de-investigacion-e-innovacion-escolar\/#breadcrumb","itemListElement":[{"@type":"ListItem","position":1,"name":"Portada","item":"https:\/\/dev.explora.cl\/tarapaca\/"},{"@type":"ListItem","position":2,"name":"UN TOTAL DE 17 ESTABLECIMIENTOS SER\u00c1N PARTE DE LAS ACADEMIAS DE INVESTIGACI\u00d3N E INNOVACI\u00d3N ESCOLAR"}]},{"@type":"WebSite","@id":"https:\/\/dev.explora.cl\/tarapaca\/#website","url":"https:\/\/dev.explora.cl\/tarapaca\/","name":"Tarapaca","description":"Otro sitio m\u00e1s de dev.explora.cl","potentialAction":[{"@type":"SearchAction","target":{"@type":"EntryPoint","urlTemplate":"https:\/\/dev.explora.cl\/tarapaca\/?s={search_term_string}"},"query-input":{"@type":"PropertyValueSpecification","valueRequired":true,"valueName":"search_term_string"}}],"inLanguage":"es-CL"},{"@type":"Person","@id":"https:\/\/dev.explora.cl\/tarapaca\/#\/schema\/person\/ca04f8a8f8e25243bd462d34eb1ca505","name":"admintarapaca","image":{"@type":"ImageObject","inLanguage":"es-CL","@id":"https:\/\/dev.explora.cl\/tarapaca\/#\/schema\/person\/image\/","url":"https:\/\/secure.gravatar.com\/avatar\/8ff4762fabbf7a1732a126425c82d628f08ba754529d77a55358cbb74e14343f?s=96&d=mm&r=g","contentUrl":"https:\/\/secure.gravatar.com\/avatar\/8ff4762fabbf7a1732a126425c82d628f08ba754529d77a55358cbb74e14343f?s=96&d=mm&r=g","caption":"admintarapaca"},"url":"https:\/\/dev.explora.cl\/tarapaca\/author\/dolivares\/"}]}},"_links":{"self":[{"href":"https:\/\/dev.explora.cl\/tarapaca\/wp-json\/wp\/v2\/posts\/39897","targetHints":{"allow":["GET"]}}],"collection":[{"href":"https:\/\/dev.explora.cl\/tarapaca\/wp-json\/wp\/v2\/posts"}],"about":[{"href":"https:\/\/dev.explora.cl\/tarapaca\/wp-json\/wp\/v2\/types\/post"}],"author":[{"embeddable":true,"href":"https:\/\/dev.explora.cl\/tarapaca\/wp-json\/wp\/v2\/users\/18"}],"replies":[{"embeddable":true,"href":"https:\/\/dev.explora.cl\/tarapaca\/wp-json\/wp\/v2\/comments?post=39897"}],"version-history":[{"count":2,"href":"https:\/\/dev.explora.cl\/tarapaca\/wp-json\/wp\/v2\/posts\/39897\/revisions"}],"predecessor-version":[{"id":39906,"href":"https:\/\/dev.explora.cl\/tarapaca\/wp-json\/wp\/v2\/posts\/39897\/revisions\/39906"}],"wp:featuredmedia":[{"embeddable":true,"href":"https:\/\/dev.explora.cl\/tarapaca\/wp-json\/wp\/v2\/media\/39904"}],"wp:attachment":[{"href":"https:\/\/dev.explora.cl\/tarapaca\/wp-json\/wp\/v2\/media?parent=39897"}],"wp:term":[{"taxonomy":"category","embeddable":true,"href":"https:\/\/dev.explora.cl\/tarapaca\/wp-json\/wp\/v2\/categories?post=39897"},{"taxonomy":"post_tag","embeddable":true,"href":"https:\/\/dev.explora.cl\/tarapaca\/wp-json\/wp\/v2\/tags?post=39897"}],"curies":[{"name":"wp","href":"https:\/\/api.w.org\/{rel}","templated":true}]}}