{"id":39880,"date":"2023-07-05T15:24:35","date_gmt":"2023-07-05T19:24:35","guid":{"rendered":"https:\/\/dev.explora.cl\/tarapaca\/?p=39880"},"modified":"2023-07-05T15:24:35","modified_gmt":"2023-07-05T19:24:35","slug":"descentralizacion-y-nuevos-programas-explora-tarapaca-presento-su-plan-de-accion-2023-2024","status":"publish","type":"post","link":"https:\/\/dev.explora.cl\/tarapaca\/descentralizacion-y-nuevos-programas-explora-tarapaca-presento-su-plan-de-accion-2023-2024\/","title":{"rendered":"Descentralizaci\u00f3n y nuevos programas: Explora Tarapac\u00e1 present\u00f3 su plan de acci\u00f3n 2023-2024"},"content":{"rendered":"<p>&nbsp;<\/p>\n<p><em>Proyecto asociativo regional se lanz\u00f3 oficialmente lue go ser adjudicado por quinto a\u00f1o consecutivo por la Universidad de Tarapac\u00e1 sede Iquique.<\/em><\/p>\n<p>Dando a conocer su nueva parrilla de programas e iniciativas dirigidas a las comunidades educativas de la regi\u00f3n y anunciando una expansi\u00f3n de su alcance regional, se lanz\u00f3 de forma oficial el PAR Explora Tarapac\u00e1 a\u00f1os 2023-2024, proyecto asociativo regional que est\u00e1 siendo ejecutado por quinto a\u00f1o consecutivo por la Universidad de Tarapac\u00e1 sede Iquique.<\/p>\n<p>Es as\u00ed como durante este segundo semestre y el pr\u00f3ximo a\u00f1o, estudiantes, educadores y profesionales de la educaci\u00f3n de las siete comunas, podr\u00e1n ser parte de las actividades gratuitas de valoraci\u00f3n y divulgaci\u00f3n de las ciencias, la tecnolog\u00eda, el conocimiento y la innovaci\u00f3n.<\/p>\n<p>El director del PAR Explora Tarapac\u00e1, Waldo Palacio, se\u00f1al\u00f3 que \u201ccomo equipo hemos preparado para este nuevo periodo distintos programas, con la finalidad de complementar los procesos educativos, abordando los objetivos espec\u00edficos y transversales en educaci\u00f3n. Invitamos a toda la red educativa de la regi\u00f3n a ser parte de Explora Tarapac\u00e1 y participar en beneficio de los ni\u00f1os ni\u00f1as y adolescentes tarapaque\u00f1os\u201d.<\/p>\n<p>Palacio precis\u00f3, adem\u00e1s, que \u201cestos nuevos programas se traducen en salidas pedag\u00f3gicas a lugare<\/p>\n<p>s patrimoniales, arqueol\u00f3gicos y paleontol\u00f3gicos de la regi\u00f3n; nuevos especialistas, asesores del m\u00e1s alto nivel que acompa\u00f1ar\u00e1n proyectos de investigaci\u00f3n escolar; inclusi\u00f3n de establecimientos con alto \u00edndice de vulnerabilidad y un trabajo colaborativo con m\u00e1s de 30 instituciones regionales y nacionales\u201d.<\/p>\n<p><strong><u>BENEFICIARIOS<\/u><\/strong><\/p>\n<p>La profesora de Ciencias Naturales del Liceo Bicentenario, Mar\u00eda Luisa Ram\u00edrez, quien, junto a sus estudiantes, son parte de las Academias de Investigaci\u00f3n e Innovaci\u00f3n Explora, valor\u00f3 la importancia del trabajo del PAR. \u201cVenimos este a\u00f1o con mayor expectativa, ya que conocemos al grupo y al ver que tienen nuevas actividades nos llena de alegr\u00eda y de ganas de trabajar m\u00e1s\u201d, coment\u00f3.<\/p>\n<p>\u201cEl a\u00f1o pasado hicieron un excelente trabajo y esperamos que este a\u00f1o sea mejor y llegar a una mayor cantidad de estudiantes\u201d, puntualiz\u00f3 la docente.<\/p>\n<p>Por su parte, la directora general de la Universidad de Tarapac\u00e1 sede Iquique, Yasna Godoy, dijo que \u201cpara nosotros como universidad, es muy importante el proyecto PAR Explora Tarapac\u00e1, que consecutivamente, ya por cinco a\u00f1os, se aloja en esta casa de estudios. La verdad es que estamos muy contentos con el trabajo realizado, sobre todo por la gran cantidad de actividades de vinculaci\u00f3n con el medio anualmente y que han contribuido a capacitar no solo a estudiantes, si no que a profesores y profesoras que replican estos conocimientos en el aula\u201d.<\/p>\n<p>\u201cEso significa que la universidad de Tarapac\u00e1 es una universidad muy comprometida con la ciencia, la tecnolog\u00eda, el conocimiento y la innovaci\u00f3n\u201d, puntualiz\u00f3.<\/p>\n<p>El PAR Explora Tarapac\u00e1 es un proyecto del Ministerio de Ciencia, Tecnolog\u00eda, Conocimiento e Innovaci\u00f3n y ejecutado por la Universidad de Tarapac\u00e1, sede Iquique.<\/p>\n<p>&nbsp;<\/p>\n<p><img loading=\"lazy\" decoding=\"async\" class=\"alignnone size-medium wp-image-39884\" src=\"https:\/\/dev.explora.cl\/tarapaca\/wp-content\/uploads\/sites\/3\/2023\/07\/358363895_3252644781548149_1744288147059651764_n-300x200.jpg\" alt=\"\" width=\"300\" height=\"200\" srcset=\"https:\/\/dev.explora.cl\/tarapaca\/wp-content\/uploads\/sites\/3\/2023\/07\/358363895_3252644781548149_1744288147059651764_n-300x200.jpg 300w, https:\/\/dev.explora.cl\/tarapaca\/wp-content\/uploads\/sites\/3\/2023\/07\/358363895_3252644781548149_1744288147059651764_n-768x513.jpg 768w, https:\/\/dev.explora.cl\/tarapaca\/wp-content\/uploads\/sites\/3\/2023\/07\/358363895_3252644781548149_1744288147059651764_n-1024x684.jpg 1024w, https:\/\/dev.explora.cl\/tarapaca\/wp-content\/uploads\/sites\/3\/2023\/07\/358363895_3252644781548149_1744288147059651764_n.jpg 2048w\" sizes=\"auto, (max-width: 300px) 100vw, 300px\" \/><img loading=\"lazy\" decoding=\"async\" class=\"alignnone size-medium wp-image-39883\" src=\"https:\/\/dev.explora.cl\/tarapaca\/wp-content\/uploads\/sites\/3\/2023\/07\/358398723_3252641204881840_6824327981851437958_n-300x179.jpg\" alt=\"\" width=\"300\" height=\"179\" srcset=\"https:\/\/dev.explora.cl\/tarapaca\/wp-content\/uploads\/sites\/3\/2023\/07\/358398723_3252641204881840_6824327981851437958_n-300x179.jpg 300w, https:\/\/dev.explora.cl\/tarapaca\/wp-content\/uploads\/sites\/3\/2023\/07\/358398723_3252641204881840_6824327981851437958_n-768x459.jpg 768w, https:\/\/dev.explora.cl\/tarapaca\/wp-content\/uploads\/sites\/3\/2023\/07\/358398723_3252641204881840_6824327981851437958_n-1024x613.jpg 1024w, https:\/\/dev.explora.cl\/tarapaca\/wp-content\/uploads\/sites\/3\/2023\/07\/358398723_3252641204881840_6824327981851437958_n.jpg 2048w\" sizes=\"auto, (max-width: 300px) 100vw, 300px\" \/><img loading=\"lazy\" decoding=\"async\" class=\"alignnone size-medium wp-image-39882\" src=\"https:\/\/dev.explora.cl\/tarapaca\/wp-content\/uploads\/sites\/3\/2023\/07\/358053457_3252640484881912_1685417901600729658_n-300x200.jpg\" alt=\"\" width=\"300\" height=\"200\" srcset=\"https:\/\/dev.explora.cl\/tarapaca\/wp-content\/uploads\/sites\/3\/2023\/07\/358053457_3252640484881912_1685417901600729658_n-300x200.jpg 300w, https:\/\/dev.explora.cl\/tarapaca\/wp-content\/uploads\/sites\/3\/2023\/07\/358053457_3252640484881912_1685417901600729658_n-768x513.jpg 768w, https:\/\/dev.explora.cl\/tarapaca\/wp-content\/uploads\/sites\/3\/2023\/07\/358053457_3252640484881912_1685417901600729658_n-1024x684.jpg 1024w, https:\/\/dev.explora.cl\/tarapaca\/wp-content\/uploads\/sites\/3\/2023\/07\/358053457_3252640484881912_1685417901600729658_n.jpg 2048w\" sizes=\"auto, (max-width: 300px) 100vw, 300px\" \/><img loading=\"lazy\" decoding=\"async\" class=\"alignnone size-medium wp-image-39881\" src=\"https:\/\/dev.explora.cl\/tarapaca\/wp-content\/uploads\/sites\/3\/2023\/07\/358058523_3252650304880930_6092030108716414301_n-300x209.jpg\" alt=\"\" width=\"300\" height=\"209\" srcset=\"https:\/\/dev.explora.cl\/tarapaca\/wp-content\/uploads\/sites\/3\/2023\/07\/358058523_3252650304880930_6092030108716414301_n-300x209.jpg 300w, https:\/\/dev.explora.cl\/tarapaca\/wp-content\/uploads\/sites\/3\/2023\/07\/358058523_3252650304880930_6092030108716414301_n-768x535.jpg 768w, https:\/\/dev.explora.cl\/tarapaca\/wp-content\/uploads\/sites\/3\/2023\/07\/358058523_3252650304880930_6092030108716414301_n-1024x714.jpg 1024w, https:\/\/dev.explora.cl\/tarapaca\/wp-content\/uploads\/sites\/3\/2023\/07\/358058523_3252650304880930_6092030108716414301_n.jpg 2048w\" sizes=\"auto, (max-width: 300px) 100vw, 300px\" \/><\/p>\n","protected":false},"excerpt":{"rendered":"<p>&nbsp; Proyecto asociativo regional se lanz\u00f3 oficialmente lue go ser adjudicado por quinto a\u00f1o consecutivo por la Universidad de Tarapac\u00e1 sede Iquique. Dando a conocer su nueva parrilla de programas e iniciativas dirigidas a las comunidades educativas de la regi\u00f3n y anunciando una expansi\u00f3n de su alcance regional, se lanz\u00f3 de forma oficial el PAR [&hellip;]<\/p>\n","protected":false},"author":18,"featured_media":39883,"comment_status":"open","ping_status":"open","sticky":false,"template":"","format":"standard","meta":{"_acf_changed":false,"_exactmetrics_skip_tracking":false,"_exactmetrics_sitenote_active":false,"_exactmetrics_sitenote_note":"","_exactmetrics_sitenote_category":0,"footnotes":"","_links_to":"","_links_to_target":""},"categories":[4],"tags":[],"class_list":["post-39880","post","type-post","status-publish","format-standard","has-post-thumbnail","hentry","category-noticias"],"acf":[],"yoast_head":"<!-- This site is optimized with the Yoast SEO plugin v26.7 - https:\/\/yoast.com\/wordpress\/plugins\/seo\/ -->\n<title>Descentralizaci\u00f3n y nuevos programas: Explora Tarapac\u00e1 present\u00f3 su plan de acci\u00f3n 2023-2024 - Tarapaca<\/title>\n<meta name=\"robots\" content=\"index, follow, max-snippet:-1, max-image-preview:large, max-video-preview:-1\" \/>\n<link rel=\"canonical\" href=\"https:\/\/dev.explora.cl\/tarapaca\/descentralizacion-y-nuevos-programas-explora-tarapaca-presento-su-plan-de-accion-2023-2024\/\" class=\"yoast-seo-meta-tag\" \/>\n<meta property=\"og:locale\" content=\"es_ES\" class=\"yoast-seo-meta-tag\" \/>\n<meta property=\"og:type\" content=\"article\" class=\"yoast-seo-meta-tag\" \/>\n<meta property=\"og:title\" content=\"Descentralizaci\u00f3n y nuevos programas: Explora Tarapac\u00e1 present\u00f3 su plan de acci\u00f3n 2023-2024 - Tarapaca\" class=\"yoast-seo-meta-tag\" \/>\n<meta property=\"og:description\" content=\"&nbsp; Proyecto asociativo regional se lanz\u00f3 oficialmente lue go ser adjudicado por quinto a\u00f1o consecutivo por la Universidad de Tarapac\u00e1 sede Iquique. Dando a conocer su nueva parrilla de programas e iniciativas dirigidas a las comunidades educativas de la regi\u00f3n y anunciando una expansi\u00f3n de su alcance regional, se lanz\u00f3 de forma oficial el PAR [&hellip;]\" class=\"yoast-seo-meta-tag\" \/>\n<meta property=\"og:url\" content=\"https:\/\/dev.explora.cl\/tarapaca\/descentralizacion-y-nuevos-programas-explora-tarapaca-presento-su-plan-de-accion-2023-2024\/\" class=\"yoast-seo-meta-tag\" \/>\n<meta property=\"og:site_name\" content=\"Tarapaca\" class=\"yoast-seo-meta-tag\" \/>\n<meta property=\"article:published_time\" content=\"2023-07-05T19:24:35+00:00\" class=\"yoast-seo-meta-tag\" \/>\n<meta property=\"og:image\" content=\"https:\/\/dev.explora.cl\/tarapaca\/wp-content\/uploads\/sites\/3\/2023\/07\/358398723_3252641204881840_6824327981851437958_n.jpg\" class=\"yoast-seo-meta-tag\" \/>\n\t<meta property=\"og:image:width\" content=\"2048\" class=\"yoast-seo-meta-tag\" \/>\n\t<meta property=\"og:image:height\" content=\"1225\" class=\"yoast-seo-meta-tag\" \/>\n\t<meta property=\"og:image:type\" content=\"image\/jpeg\" class=\"yoast-seo-meta-tag\" \/>\n<meta name=\"author\" content=\"admintarapaca\" class=\"yoast-seo-meta-tag\" \/>\n<meta name=\"twitter:card\" content=\"summary_large_image\" class=\"yoast-seo-meta-tag\" \/>\n<meta name=\"twitter:label1\" content=\"Escrito por\" class=\"yoast-seo-meta-tag\" \/>\n\t<meta name=\"twitter:data1\" content=\"admintarapaca\" class=\"yoast-seo-meta-tag\" \/>\n\t<meta name=\"twitter:label2\" content=\"Tiempo estimado de lectura\" class=\"yoast-seo-meta-tag\" \/>\n\t<meta name=\"twitter:data2\" content=\"3 minutos\" class=\"yoast-seo-meta-tag\" \/>\n<script type=\"application\/ld+json\" class=\"yoast-schema-graph\">{\"@context\":\"https:\/\/schema.org\",\"@graph\":[{\"@type\":\"Article\",\"@id\":\"https:\/\/dev.explora.cl\/tarapaca\/descentralizacion-y-nuevos-programas-explora-tarapaca-presento-su-plan-de-accion-2023-2024\/#article\",\"isPartOf\":{\"@id\":\"https:\/\/dev.explora.cl\/tarapaca\/descentralizacion-y-nuevos-programas-explora-tarapaca-presento-su-plan-de-accion-2023-2024\/\"},\"author\":{\"name\":\"admintarapaca\",\"@id\":\"https:\/\/dev.explora.cl\/tarapaca\/#\/schema\/person\/ca04f8a8f8e25243bd462d34eb1ca505\"},\"headline\":\"Descentralizaci\u00f3n y nuevos programas: Explora Tarapac\u00e1 present\u00f3 su plan de acci\u00f3n 2023-2024\",\"datePublished\":\"2023-07-05T19:24:35+00:00\",\"mainEntityOfPage\":{\"@id\":\"https:\/\/dev.explora.cl\/tarapaca\/descentralizacion-y-nuevos-programas-explora-tarapaca-presento-su-plan-de-accion-2023-2024\/\"},\"wordCount\":523,\"commentCount\":0,\"image\":{\"@id\":\"https:\/\/dev.explora.cl\/tarapaca\/descentralizacion-y-nuevos-programas-explora-tarapaca-presento-su-plan-de-accion-2023-2024\/#primaryimage\"},\"thumbnailUrl\":\"https:\/\/dev.explora.cl\/tarapaca\/wp-content\/uploads\/sites\/3\/2023\/07\/358398723_3252641204881840_6824327981851437958_n.jpg\",\"articleSection\":[\"Noticias\"],\"inLanguage\":\"es-CL\",\"potentialAction\":[{\"@type\":\"CommentAction\",\"name\":\"Comment\",\"target\":[\"https:\/\/dev.explora.cl\/tarapaca\/descentralizacion-y-nuevos-programas-explora-tarapaca-presento-su-plan-de-accion-2023-2024\/#respond\"]}]},{\"@type\":\"WebPage\",\"@id\":\"https:\/\/dev.explora.cl\/tarapaca\/descentralizacion-y-nuevos-programas-explora-tarapaca-presento-su-plan-de-accion-2023-2024\/\",\"url\":\"https:\/\/dev.explora.cl\/tarapaca\/descentralizacion-y-nuevos-programas-explora-tarapaca-presento-su-plan-de-accion-2023-2024\/\",\"name\":\"Descentralizaci\u00f3n y nuevos programas: Explora Tarapac\u00e1 present\u00f3 su plan de acci\u00f3n 2023-2024 - Tarapaca\",\"isPartOf\":{\"@id\":\"https:\/\/dev.explora.cl\/tarapaca\/#website\"},\"primaryImageOfPage\":{\"@id\":\"https:\/\/dev.explora.cl\/tarapaca\/descentralizacion-y-nuevos-programas-explora-tarapaca-presento-su-plan-de-accion-2023-2024\/#primaryimage\"},\"image\":{\"@id\":\"https:\/\/dev.explora.cl\/tarapaca\/descentralizacion-y-nuevos-programas-explora-tarapaca-presento-su-plan-de-accion-2023-2024\/#primaryimage\"},\"thumbnailUrl\":\"https:\/\/dev.explora.cl\/tarapaca\/wp-content\/uploads\/sites\/3\/2023\/07\/358398723_3252641204881840_6824327981851437958_n.jpg\",\"datePublished\":\"2023-07-05T19:24:35+00:00\",\"author\":{\"@id\":\"https:\/\/dev.explora.cl\/tarapaca\/#\/schema\/person\/ca04f8a8f8e25243bd462d34eb1ca505\"},\"breadcrumb\":{\"@id\":\"https:\/\/dev.explora.cl\/tarapaca\/descentralizacion-y-nuevos-programas-explora-tarapaca-presento-su-plan-de-accion-2023-2024\/#breadcrumb\"},\"inLanguage\":\"es-CL\",\"potentialAction\":[{\"@type\":\"ReadAction\",\"target\":[\"https:\/\/dev.explora.cl\/tarapaca\/descentralizacion-y-nuevos-programas-explora-tarapaca-presento-su-plan-de-accion-2023-2024\/\"]}]},{\"@type\":\"ImageObject\",\"inLanguage\":\"es-CL\",\"@id\":\"https:\/\/dev.explora.cl\/tarapaca\/descentralizacion-y-nuevos-programas-explora-tarapaca-presento-su-plan-de-accion-2023-2024\/#primaryimage\",\"url\":\"https:\/\/dev.explora.cl\/tarapaca\/wp-content\/uploads\/sites\/3\/2023\/07\/358398723_3252641204881840_6824327981851437958_n.jpg\",\"contentUrl\":\"https:\/\/dev.explora.cl\/tarapaca\/wp-content\/uploads\/sites\/3\/2023\/07\/358398723_3252641204881840_6824327981851437958_n.jpg\",\"width\":2048,\"height\":1225},{\"@type\":\"BreadcrumbList\",\"@id\":\"https:\/\/dev.explora.cl\/tarapaca\/descentralizacion-y-nuevos-programas-explora-tarapaca-presento-su-plan-de-accion-2023-2024\/#breadcrumb\",\"itemListElement\":[{\"@type\":\"ListItem\",\"position\":1,\"name\":\"Portada\",\"item\":\"https:\/\/dev.explora.cl\/tarapaca\/\"},{\"@type\":\"ListItem\",\"position\":2,\"name\":\"Descentralizaci\u00f3n y nuevos programas: Explora Tarapac\u00e1 present\u00f3 su plan de acci\u00f3n 2023-2024\"}]},{\"@type\":\"WebSite\",\"@id\":\"https:\/\/dev.explora.cl\/tarapaca\/#website\",\"url\":\"https:\/\/dev.explora.cl\/tarapaca\/\",\"name\":\"Tarapaca\",\"description\":\"Otro sitio m\u00e1s de dev.explora.cl\",\"potentialAction\":[{\"@type\":\"SearchAction\",\"target\":{\"@type\":\"EntryPoint\",\"urlTemplate\":\"https:\/\/dev.explora.cl\/tarapaca\/?s={search_term_string}\"},\"query-input\":{\"@type\":\"PropertyValueSpecification\",\"valueRequired\":true,\"valueName\":\"search_term_string\"}}],\"inLanguage\":\"es-CL\"},{\"@type\":\"Person\",\"@id\":\"https:\/\/dev.explora.cl\/tarapaca\/#\/schema\/person\/ca04f8a8f8e25243bd462d34eb1ca505\",\"name\":\"admintarapaca\",\"image\":{\"@type\":\"ImageObject\",\"inLanguage\":\"es-CL\",\"@id\":\"https:\/\/dev.explora.cl\/tarapaca\/#\/schema\/person\/image\/\",\"url\":\"https:\/\/secure.gravatar.com\/avatar\/8ff4762fabbf7a1732a126425c82d628f08ba754529d77a55358cbb74e14343f?s=96&d=mm&r=g\",\"contentUrl\":\"https:\/\/secure.gravatar.com\/avatar\/8ff4762fabbf7a1732a126425c82d628f08ba754529d77a55358cbb74e14343f?s=96&d=mm&r=g\",\"caption\":\"admintarapaca\"},\"url\":\"https:\/\/dev.explora.cl\/tarapaca\/author\/dolivares\/\"}]}<\/script>\n<!-- \/ Yoast SEO plugin. -->","yoast_head_json":{"title":"Descentralizaci\u00f3n y nuevos programas: Explora Tarapac\u00e1 present\u00f3 su plan de acci\u00f3n 2023-2024 - Tarapaca","robots":{"index":"index","follow":"follow","max-snippet":"max-snippet:-1","max-image-preview":"max-image-preview:large","max-video-preview":"max-video-preview:-1"},"canonical":"https:\/\/dev.explora.cl\/tarapaca\/descentralizacion-y-nuevos-programas-explora-tarapaca-presento-su-plan-de-accion-2023-2024\/","og_locale":"es_ES","og_type":"article","og_title":"Descentralizaci\u00f3n y nuevos programas: Explora Tarapac\u00e1 present\u00f3 su plan de acci\u00f3n 2023-2024 - Tarapaca","og_description":"&nbsp; Proyecto asociativo regional se lanz\u00f3 oficialmente lue go ser adjudicado por quinto a\u00f1o consecutivo por la Universidad de Tarapac\u00e1 sede Iquique. Dando a conocer su nueva parrilla de programas e iniciativas dirigidas a las comunidades educativas de la regi\u00f3n y anunciando una expansi\u00f3n de su alcance regional, se lanz\u00f3 de forma oficial el PAR [&hellip;]","og_url":"https:\/\/dev.explora.cl\/tarapaca\/descentralizacion-y-nuevos-programas-explora-tarapaca-presento-su-plan-de-accion-2023-2024\/","og_site_name":"Tarapaca","article_published_time":"2023-07-05T19:24:35+00:00","og_image":[{"width":2048,"height":1225,"url":"https:\/\/dev.explora.cl\/tarapaca\/wp-content\/uploads\/sites\/3\/2023\/07\/358398723_3252641204881840_6824327981851437958_n.jpg","type":"image\/jpeg"}],"author":"admintarapaca","twitter_card":"summary_large_image","twitter_misc":{"Escrito por":"admintarapaca","Tiempo estimado de lectura":"3 minutos"},"schema":{"@context":"https:\/\/schema.org","@graph":[{"@type":"Article","@id":"https:\/\/dev.explora.cl\/tarapaca\/descentralizacion-y-nuevos-programas-explora-tarapaca-presento-su-plan-de-accion-2023-2024\/#article","isPartOf":{"@id":"https:\/\/dev.explora.cl\/tarapaca\/descentralizacion-y-nuevos-programas-explora-tarapaca-presento-su-plan-de-accion-2023-2024\/"},"author":{"name":"admintarapaca","@id":"https:\/\/dev.explora.cl\/tarapaca\/#\/schema\/person\/ca04f8a8f8e25243bd462d34eb1ca505"},"headline":"Descentralizaci\u00f3n y nuevos programas: Explora Tarapac\u00e1 present\u00f3 su plan de acci\u00f3n 2023-2024","datePublished":"2023-07-05T19:24:35+00:00","mainEntityOfPage":{"@id":"https:\/\/dev.explora.cl\/tarapaca\/descentralizacion-y-nuevos-programas-explora-tarapaca-presento-su-plan-de-accion-2023-2024\/"},"wordCount":523,"commentCount":0,"image":{"@id":"https:\/\/dev.explora.cl\/tarapaca\/descentralizacion-y-nuevos-programas-explora-tarapaca-presento-su-plan-de-accion-2023-2024\/#primaryimage"},"thumbnailUrl":"https:\/\/dev.explora.cl\/tarapaca\/wp-content\/uploads\/sites\/3\/2023\/07\/358398723_3252641204881840_6824327981851437958_n.jpg","articleSection":["Noticias"],"inLanguage":"es-CL","potentialAction":[{"@type":"CommentAction","name":"Comment","target":["https:\/\/dev.explora.cl\/tarapaca\/descentralizacion-y-nuevos-programas-explora-tarapaca-presento-su-plan-de-accion-2023-2024\/#respond"]}]},{"@type":"WebPage","@id":"https:\/\/dev.explora.cl\/tarapaca\/descentralizacion-y-nuevos-programas-explora-tarapaca-presento-su-plan-de-accion-2023-2024\/","url":"https:\/\/dev.explora.cl\/tarapaca\/descentralizacion-y-nuevos-programas-explora-tarapaca-presento-su-plan-de-accion-2023-2024\/","name":"Descentralizaci\u00f3n y nuevos programas: Explora Tarapac\u00e1 present\u00f3 su plan de acci\u00f3n 2023-2024 - Tarapaca","isPartOf":{"@id":"https:\/\/dev.explora.cl\/tarapaca\/#website"},"primaryImageOfPage":{"@id":"https:\/\/dev.explora.cl\/tarapaca\/descentralizacion-y-nuevos-programas-explora-tarapaca-presento-su-plan-de-accion-2023-2024\/#primaryimage"},"image":{"@id":"https:\/\/dev.explora.cl\/tarapaca\/descentralizacion-y-nuevos-programas-explora-tarapaca-presento-su-plan-de-accion-2023-2024\/#primaryimage"},"thumbnailUrl":"https:\/\/dev.explora.cl\/tarapaca\/wp-content\/uploads\/sites\/3\/2023\/07\/358398723_3252641204881840_6824327981851437958_n.jpg","datePublished":"2023-07-05T19:24:35+00:00","author":{"@id":"https:\/\/dev.explora.cl\/tarapaca\/#\/schema\/person\/ca04f8a8f8e25243bd462d34eb1ca505"},"breadcrumb":{"@id":"https:\/\/dev.explora.cl\/tarapaca\/descentralizacion-y-nuevos-programas-explora-tarapaca-presento-su-plan-de-accion-2023-2024\/#breadcrumb"},"inLanguage":"es-CL","potentialAction":[{"@type":"ReadAction","target":["https:\/\/dev.explora.cl\/tarapaca\/descentralizacion-y-nuevos-programas-explora-tarapaca-presento-su-plan-de-accion-2023-2024\/"]}]},{"@type":"ImageObject","inLanguage":"es-CL","@id":"https:\/\/dev.explora.cl\/tarapaca\/descentralizacion-y-nuevos-programas-explora-tarapaca-presento-su-plan-de-accion-2023-2024\/#primaryimage","url":"https:\/\/dev.explora.cl\/tarapaca\/wp-content\/uploads\/sites\/3\/2023\/07\/358398723_3252641204881840_6824327981851437958_n.jpg","contentUrl":"https:\/\/dev.explora.cl\/tarapaca\/wp-content\/uploads\/sites\/3\/2023\/07\/358398723_3252641204881840_6824327981851437958_n.jpg","width":2048,"height":1225},{"@type":"BreadcrumbList","@id":"https:\/\/dev.explora.cl\/tarapaca\/descentralizacion-y-nuevos-programas-explora-tarapaca-presento-su-plan-de-accion-2023-2024\/#breadcrumb","itemListElement":[{"@type":"ListItem","position":1,"name":"Portada","item":"https:\/\/dev.explora.cl\/tarapaca\/"},{"@type":"ListItem","position":2,"name":"Descentralizaci\u00f3n y nuevos programas: Explora Tarapac\u00e1 present\u00f3 su plan de acci\u00f3n 2023-2024"}]},{"@type":"WebSite","@id":"https:\/\/dev.explora.cl\/tarapaca\/#website","url":"https:\/\/dev.explora.cl\/tarapaca\/","name":"Tarapaca","description":"Otro sitio m\u00e1s de dev.explora.cl","potentialAction":[{"@type":"SearchAction","target":{"@type":"EntryPoint","urlTemplate":"https:\/\/dev.explora.cl\/tarapaca\/?s={search_term_string}"},"query-input":{"@type":"PropertyValueSpecification","valueRequired":true,"valueName":"search_term_string"}}],"inLanguage":"es-CL"},{"@type":"Person","@id":"https:\/\/dev.explora.cl\/tarapaca\/#\/schema\/person\/ca04f8a8f8e25243bd462d34eb1ca505","name":"admintarapaca","image":{"@type":"ImageObject","inLanguage":"es-CL","@id":"https:\/\/dev.explora.cl\/tarapaca\/#\/schema\/person\/image\/","url":"https:\/\/secure.gravatar.com\/avatar\/8ff4762fabbf7a1732a126425c82d628f08ba754529d77a55358cbb74e14343f?s=96&d=mm&r=g","contentUrl":"https:\/\/secure.gravatar.com\/avatar\/8ff4762fabbf7a1732a126425c82d628f08ba754529d77a55358cbb74e14343f?s=96&d=mm&r=g","caption":"admintarapaca"},"url":"https:\/\/dev.explora.cl\/tarapaca\/author\/dolivares\/"}]}},"_links":{"self":[{"href":"https:\/\/dev.explora.cl\/tarapaca\/wp-json\/wp\/v2\/posts\/39880","targetHints":{"allow":["GET"]}}],"collection":[{"href":"https:\/\/dev.explora.cl\/tarapaca\/wp-json\/wp\/v2\/posts"}],"about":[{"href":"https:\/\/dev.explora.cl\/tarapaca\/wp-json\/wp\/v2\/types\/post"}],"author":[{"embeddable":true,"href":"https:\/\/dev.explora.cl\/tarapaca\/wp-json\/wp\/v2\/users\/18"}],"replies":[{"embeddable":true,"href":"https:\/\/dev.explora.cl\/tarapaca\/wp-json\/wp\/v2\/comments?post=39880"}],"version-history":[{"count":1,"href":"https:\/\/dev.explora.cl\/tarapaca\/wp-json\/wp\/v2\/posts\/39880\/revisions"}],"predecessor-version":[{"id":39885,"href":"https:\/\/dev.explora.cl\/tarapaca\/wp-json\/wp\/v2\/posts\/39880\/revisions\/39885"}],"wp:featuredmedia":[{"embeddable":true,"href":"https:\/\/dev.explora.cl\/tarapaca\/wp-json\/wp\/v2\/media\/39883"}],"wp:attachment":[{"href":"https:\/\/dev.explora.cl\/tarapaca\/wp-json\/wp\/v2\/media?parent=39880"}],"wp:term":[{"taxonomy":"category","embeddable":true,"href":"https:\/\/dev.explora.cl\/tarapaca\/wp-json\/wp\/v2\/categories?post=39880"},{"taxonomy":"post_tag","embeddable":true,"href":"https:\/\/dev.explora.cl\/tarapaca\/wp-json\/wp\/v2\/tags?post=39880"}],"curies":[{"name":"wp","href":"https:\/\/api.w.org\/{rel}","templated":true}]}}