{"id":39763,"date":"2022-12-29T13:23:23","date_gmt":"2022-12-29T16:23:23","guid":{"rendered":"https:\/\/dev.explora.cl\/tarapaca\/?p=39763"},"modified":"2023-01-04T15:49:19","modified_gmt":"2023-01-04T18:49:19","slug":"explora-tarapaca-abrio-convocatoria-para-el-campamento-de-profesores-explora-va-2023","status":"publish","type":"post","link":"https:\/\/dev.explora.cl\/tarapaca\/explora-tarapaca-abrio-convocatoria-para-el-campamento-de-profesores-explora-va-2023\/","title":{"rendered":"EXPLORA TARAPAC\u00c1 ABRI\u00d3 CONVOCATORIA PARA EL CAMPAMENTO DE PROFESORES EXPLORA VA! 2023"},"content":{"rendered":"<p><em>\u00a0 Iniciativa completamente gratuita, brindar\u00e1 36 horas pedag\u00f3gicas a docentes y educadoras de Tarapac\u00e1 para que puedan capacitarse en ciencia y tecnolog\u00eda.<\/em><\/p>\n<p data-wp-editing=\"1\"><img loading=\"lazy\" decoding=\"async\" class=\"size-medium wp-image-39766 alignleft\" src=\"https:\/\/dev.explora.cl\/tarapaca\/wp-content\/uploads\/sites\/3\/2022\/12\/Campamento-d\u00eda-5-18-300x200.jpg\" alt=\"\" width=\"300\" height=\"200\" srcset=\"https:\/\/dev.explora.cl\/tarapaca\/wp-content\/uploads\/sites\/3\/2022\/12\/Campamento-d\u00eda-5-18-300x200.jpg 300w, https:\/\/dev.explora.cl\/tarapaca\/wp-content\/uploads\/sites\/3\/2022\/12\/Campamento-d\u00eda-5-18-768x512.jpg 768w, https:\/\/dev.explora.cl\/tarapaca\/wp-content\/uploads\/sites\/3\/2022\/12\/Campamento-d\u00eda-5-18-1024x683.jpg 1024w\" sizes=\"auto, (max-width: 300px) 100vw, 300px\" \/>El PAR Explora Tarapac\u00e1 mantiene abiertas, hasta el 08 de enero, la convocatoria dirigida a profesores y profesoras de ense\u00f1anza b\u00e1sica y media; educadores y educadoras de p\u00e1rvulo; t\u00e9cnicos y t\u00e9cnicas en educaci\u00f3n de la regi\u00f3n, para ser parte del Campamento para Profes Explora Va!, el que se desarrollar\u00e1 entre el 19 hasta 26 de enero del 2023 bajo la modalidad sin claustro.<\/p>\n<p>Se trata de una actividad completamente gratuita que contempla 36 horas pedag\u00f3gicas, con las que se apunta a fortalecer las competencias de educadores y docentes en ejercicio, para apoyar la educaci\u00f3n en ciencias, conocimiento e innovaci\u00f3n en las comunidades educativas y contribuir a su mejora continua. Adem\u00e1s, se busca fomentar la formaci\u00f3n de comunidades de aprendizaje y redes de colaboraci\u00f3n entre docentes tarapaque\u00f1os.<\/p>\n<p>\u201cCon el fin de promover la socializaci\u00f3n del conocimiento y el desarrollo de competencias cient\u00edficas y transversales en la comunidad educativa de la regi\u00f3n, es que el Proyecto Explora Tarapac\u00e1 abri\u00f3 la convocatoria 2023 del Campamento Explora VA! como una estrategia destinada a la capacitaci\u00f3n docente en la ense\u00f1anza transversal y activa de las ciencias y la tecnolog\u00eda\u201d, explic\u00f3 el director ejecutivo del PAR Explora Tarapac\u00e1, Waldo Palacio.<\/p>\n<p>\u201cEs as\u00ed como se invita a docentes de educaci\u00f3n b\u00e1sica y media de cualquier disciplina y a educadores\/as de p\u00e1rvulo, de las siete comunas de la regi\u00f3n, a ser parte de una experiencia de intercambio y aprendizaje. En esta versi\u00f3n, Campamento tendr\u00e1 un cupo m\u00e1ximo de 27 participantes y una duraci\u00f3n de cinco d\u00edas. Adem\u00e1s, se realizar\u00e1 en un formato h\u00edbrido, considerando actividades online y presenciales, entre esas, interesantes salidas a terreno\u201d, agreg\u00f3 el directivo.<\/p>\n<p><strong><u>BENEFICIOS <\/u><\/strong><\/p>\n<p>Tanto los talleres como las capacitaciones ser\u00e1n impartidos por especialistas de diversas disciplinas. Estas instancias, corresponden a un total de 36 horas pedag\u00f3gicas sincr\u00f3nicas y asincr\u00f3nicas.<\/p>\n<p>Asimismo, explic\u00f3 el director ejecutivo de PAR Explora Tarapac\u00e1, \u201cse har\u00e1 entrega de un kit pedag\u00f3gico y un certificado de acreditaci\u00f3n de las horas de capacitaci\u00f3n realizadas a cada participante que complete satisfactoriamente el programa de Campamento, con todo el detalle de cada taller implementado\u201d.<\/p>\n<p>Para los participantes provenientes de la provincia del Tamarugal, Palacio inform\u00f3 que se dispondr\u00e1 hospedaje completo, alimentaci\u00f3n durante toda la ejecuci\u00f3n de la actividad y traslados ida y vuelta de las u los participantes en el marco de las salidas a terreno.<\/p>\n<p><strong><u>POSTULACI\u00d3N <\/u><\/strong><\/p>\n<p>Para postular, es necesario completar el formulario con los datos solicitados, el cu\u00e1l es posible encontrar en las redes sociales de Explora Tarapac\u00e1. Luego, seg\u00fan el formato indicado, se debe adjuntar una carta de apoyo del director o directora del establecimiento en el que se desempe\u00f1a.<\/p>\n<p>Respecto a las y los docentes que no se encuentren vinculados formalmente a un establecimiento educacional, estos podr\u00e1n participar siempre y cuando este per\u00edodo no exceda los seis meses desde que se inscriben en el Campamento, presentando una carta simple de compromiso que indique su voluntad de participar activamente y que declara su residencia dentro de la regi\u00f3n.<\/p>\n<p>Finalmente, es necesario autorizar al PAR Explora Tarapac\u00e1, por medio del formulario de postulaci\u00f3n, a registrar el certificado de inhabilidad para trabajar con menores de edad.<\/p>\n<p>&nbsp;<\/p>\n<p>&nbsp;<\/p>\n","protected":false},"excerpt":{"rendered":"<p>\u00a0 Iniciativa completamente gratuita, brindar\u00e1 36 horas pedag\u00f3gicas a docentes y educadoras de Tarapac\u00e1 para que puedan capacitarse en ciencia y tecnolog\u00eda. El PAR Explora Tarapac\u00e1 mantiene abiertas, hasta el 08 de enero, la convocatoria dirigida a profesores y profesoras de ense\u00f1anza b\u00e1sica y media; educadores y educadoras de p\u00e1rvulo; t\u00e9cnicos y t\u00e9cnicas en educaci\u00f3n [&hellip;]<\/p>\n","protected":false},"author":18,"featured_media":39764,"comment_status":"open","ping_status":"open","sticky":false,"template":"","format":"standard","meta":{"_acf_changed":false,"_exactmetrics_skip_tracking":false,"_exactmetrics_sitenote_active":false,"_exactmetrics_sitenote_note":"","_exactmetrics_sitenote_category":0,"footnotes":"","_links_to":"","_links_to_target":""},"categories":[138,4],"tags":[],"class_list":["post-39763","post","type-post","status-publish","format-standard","has-post-thumbnail","hentry","category-lugar-3","category-noticias"],"acf":[],"yoast_head":"<!-- This site is optimized with the Yoast SEO plugin v26.7 - https:\/\/yoast.com\/wordpress\/plugins\/seo\/ -->\n<title>EXPLORA TARAPAC\u00c1 ABRI\u00d3 CONVOCATORIA PARA EL CAMPAMENTO DE PROFESORES EXPLORA VA! 2023 - Tarapaca<\/title>\n<meta name=\"robots\" content=\"index, follow, max-snippet:-1, max-image-preview:large, max-video-preview:-1\" \/>\n<link rel=\"canonical\" href=\"https:\/\/dev.explora.cl\/tarapaca\/explora-tarapaca-abrio-convocatoria-para-el-campamento-de-profesores-explora-va-2023\/\" class=\"yoast-seo-meta-tag\" \/>\n<meta property=\"og:locale\" content=\"es_ES\" class=\"yoast-seo-meta-tag\" \/>\n<meta property=\"og:type\" content=\"article\" class=\"yoast-seo-meta-tag\" \/>\n<meta property=\"og:title\" content=\"EXPLORA TARAPAC\u00c1 ABRI\u00d3 CONVOCATORIA PARA EL CAMPAMENTO DE PROFESORES EXPLORA VA! 2023 - Tarapaca\" class=\"yoast-seo-meta-tag\" \/>\n<meta property=\"og:description\" content=\"\u00a0 Iniciativa completamente gratuita, brindar\u00e1 36 horas pedag\u00f3gicas a docentes y educadoras de Tarapac\u00e1 para que puedan capacitarse en ciencia y tecnolog\u00eda. El PAR Explora Tarapac\u00e1 mantiene abiertas, hasta el 08 de enero, la convocatoria dirigida a profesores y profesoras de ense\u00f1anza b\u00e1sica y media; educadores y educadoras de p\u00e1rvulo; t\u00e9cnicos y t\u00e9cnicas en educaci\u00f3n [&hellip;]\" class=\"yoast-seo-meta-tag\" \/>\n<meta property=\"og:url\" content=\"https:\/\/dev.explora.cl\/tarapaca\/explora-tarapaca-abrio-convocatoria-para-el-campamento-de-profesores-explora-va-2023\/\" class=\"yoast-seo-meta-tag\" \/>\n<meta property=\"og:site_name\" content=\"Tarapaca\" class=\"yoast-seo-meta-tag\" \/>\n<meta property=\"article:published_time\" content=\"2022-12-29T16:23:23+00:00\" class=\"yoast-seo-meta-tag\" \/>\n<meta property=\"article:modified_time\" content=\"2023-01-04T18:49:19+00:00\" class=\"yoast-seo-meta-tag\" \/>\n<meta property=\"og:image\" content=\"https:\/\/dev.explora.cl\/tarapaca\/wp-content\/uploads\/sites\/3\/2022\/12\/Campamento-D\u00eda-3-18-1024x683.jpg\" class=\"yoast-seo-meta-tag\" \/>\n\t<meta property=\"og:image:width\" content=\"1024\" class=\"yoast-seo-meta-tag\" \/>\n\t<meta property=\"og:image:height\" content=\"683\" class=\"yoast-seo-meta-tag\" \/>\n\t<meta property=\"og:image:type\" content=\"image\/jpeg\" class=\"yoast-seo-meta-tag\" \/>\n<meta name=\"author\" content=\"admintarapaca\" class=\"yoast-seo-meta-tag\" \/>\n<meta name=\"twitter:card\" content=\"summary_large_image\" class=\"yoast-seo-meta-tag\" \/>\n<meta name=\"twitter:label1\" content=\"Escrito por\" class=\"yoast-seo-meta-tag\" \/>\n\t<meta name=\"twitter:data1\" content=\"admintarapaca\" class=\"yoast-seo-meta-tag\" \/>\n\t<meta name=\"twitter:label2\" content=\"Tiempo estimado de lectura\" class=\"yoast-seo-meta-tag\" \/>\n\t<meta name=\"twitter:data2\" content=\"3 minutos\" class=\"yoast-seo-meta-tag\" \/>\n<script type=\"application\/ld+json\" class=\"yoast-schema-graph\">{\"@context\":\"https:\/\/schema.org\",\"@graph\":[{\"@type\":\"Article\",\"@id\":\"https:\/\/dev.explora.cl\/tarapaca\/explora-tarapaca-abrio-convocatoria-para-el-campamento-de-profesores-explora-va-2023\/#article\",\"isPartOf\":{\"@id\":\"https:\/\/dev.explora.cl\/tarapaca\/explora-tarapaca-abrio-convocatoria-para-el-campamento-de-profesores-explora-va-2023\/\"},\"author\":{\"name\":\"admintarapaca\",\"@id\":\"https:\/\/dev.explora.cl\/tarapaca\/#\/schema\/person\/ca04f8a8f8e25243bd462d34eb1ca505\"},\"headline\":\"EXPLORA TARAPAC\u00c1 ABRI\u00d3 CONVOCATORIA PARA EL CAMPAMENTO DE PROFESORES EXPLORA VA! 2023\",\"datePublished\":\"2022-12-29T16:23:23+00:00\",\"dateModified\":\"2023-01-04T18:49:19+00:00\",\"mainEntityOfPage\":{\"@id\":\"https:\/\/dev.explora.cl\/tarapaca\/explora-tarapaca-abrio-convocatoria-para-el-campamento-de-profesores-explora-va-2023\/\"},\"wordCount\":589,\"commentCount\":0,\"image\":{\"@id\":\"https:\/\/dev.explora.cl\/tarapaca\/explora-tarapaca-abrio-convocatoria-para-el-campamento-de-profesores-explora-va-2023\/#primaryimage\"},\"thumbnailUrl\":\"https:\/\/dev.explora.cl\/tarapaca\/wp-content\/uploads\/sites\/3\/2022\/12\/Campamento-D\u00eda-3-18.jpg\",\"articleSection\":[\"Lugar 3\",\"Noticias\"],\"inLanguage\":\"es-CL\",\"potentialAction\":[{\"@type\":\"CommentAction\",\"name\":\"Comment\",\"target\":[\"https:\/\/dev.explora.cl\/tarapaca\/explora-tarapaca-abrio-convocatoria-para-el-campamento-de-profesores-explora-va-2023\/#respond\"]}]},{\"@type\":\"WebPage\",\"@id\":\"https:\/\/dev.explora.cl\/tarapaca\/explora-tarapaca-abrio-convocatoria-para-el-campamento-de-profesores-explora-va-2023\/\",\"url\":\"https:\/\/dev.explora.cl\/tarapaca\/explora-tarapaca-abrio-convocatoria-para-el-campamento-de-profesores-explora-va-2023\/\",\"name\":\"EXPLORA TARAPAC\u00c1 ABRI\u00d3 CONVOCATORIA PARA EL CAMPAMENTO DE PROFESORES EXPLORA VA! 2023 - Tarapaca\",\"isPartOf\":{\"@id\":\"https:\/\/dev.explora.cl\/tarapaca\/#website\"},\"primaryImageOfPage\":{\"@id\":\"https:\/\/dev.explora.cl\/tarapaca\/explora-tarapaca-abrio-convocatoria-para-el-campamento-de-profesores-explora-va-2023\/#primaryimage\"},\"image\":{\"@id\":\"https:\/\/dev.explora.cl\/tarapaca\/explora-tarapaca-abrio-convocatoria-para-el-campamento-de-profesores-explora-va-2023\/#primaryimage\"},\"thumbnailUrl\":\"https:\/\/dev.explora.cl\/tarapaca\/wp-content\/uploads\/sites\/3\/2022\/12\/Campamento-D\u00eda-3-18.jpg\",\"datePublished\":\"2022-12-29T16:23:23+00:00\",\"dateModified\":\"2023-01-04T18:49:19+00:00\",\"author\":{\"@id\":\"https:\/\/dev.explora.cl\/tarapaca\/#\/schema\/person\/ca04f8a8f8e25243bd462d34eb1ca505\"},\"breadcrumb\":{\"@id\":\"https:\/\/dev.explora.cl\/tarapaca\/explora-tarapaca-abrio-convocatoria-para-el-campamento-de-profesores-explora-va-2023\/#breadcrumb\"},\"inLanguage\":\"es-CL\",\"potentialAction\":[{\"@type\":\"ReadAction\",\"target\":[\"https:\/\/dev.explora.cl\/tarapaca\/explora-tarapaca-abrio-convocatoria-para-el-campamento-de-profesores-explora-va-2023\/\"]}]},{\"@type\":\"ImageObject\",\"inLanguage\":\"es-CL\",\"@id\":\"https:\/\/dev.explora.cl\/tarapaca\/explora-tarapaca-abrio-convocatoria-para-el-campamento-de-profesores-explora-va-2023\/#primaryimage\",\"url\":\"https:\/\/dev.explora.cl\/tarapaca\/wp-content\/uploads\/sites\/3\/2022\/12\/Campamento-D\u00eda-3-18.jpg\",\"contentUrl\":\"https:\/\/dev.explora.cl\/tarapaca\/wp-content\/uploads\/sites\/3\/2022\/12\/Campamento-D\u00eda-3-18.jpg\",\"width\":5243,\"height\":3495},{\"@type\":\"BreadcrumbList\",\"@id\":\"https:\/\/dev.explora.cl\/tarapaca\/explora-tarapaca-abrio-convocatoria-para-el-campamento-de-profesores-explora-va-2023\/#breadcrumb\",\"itemListElement\":[{\"@type\":\"ListItem\",\"position\":1,\"name\":\"Portada\",\"item\":\"https:\/\/dev.explora.cl\/tarapaca\/\"},{\"@type\":\"ListItem\",\"position\":2,\"name\":\"EXPLORA TARAPAC\u00c1 ABRI\u00d3 CONVOCATORIA PARA EL CAMPAMENTO DE PROFESORES EXPLORA VA! 2023\"}]},{\"@type\":\"WebSite\",\"@id\":\"https:\/\/dev.explora.cl\/tarapaca\/#website\",\"url\":\"https:\/\/dev.explora.cl\/tarapaca\/\",\"name\":\"Tarapaca\",\"description\":\"Otro sitio m\u00e1s de dev.explora.cl\",\"potentialAction\":[{\"@type\":\"SearchAction\",\"target\":{\"@type\":\"EntryPoint\",\"urlTemplate\":\"https:\/\/dev.explora.cl\/tarapaca\/?s={search_term_string}\"},\"query-input\":{\"@type\":\"PropertyValueSpecification\",\"valueRequired\":true,\"valueName\":\"search_term_string\"}}],\"inLanguage\":\"es-CL\"},{\"@type\":\"Person\",\"@id\":\"https:\/\/dev.explora.cl\/tarapaca\/#\/schema\/person\/ca04f8a8f8e25243bd462d34eb1ca505\",\"name\":\"admintarapaca\",\"image\":{\"@type\":\"ImageObject\",\"inLanguage\":\"es-CL\",\"@id\":\"https:\/\/dev.explora.cl\/tarapaca\/#\/schema\/person\/image\/\",\"url\":\"https:\/\/secure.gravatar.com\/avatar\/8ff4762fabbf7a1732a126425c82d628f08ba754529d77a55358cbb74e14343f?s=96&d=mm&r=g\",\"contentUrl\":\"https:\/\/secure.gravatar.com\/avatar\/8ff4762fabbf7a1732a126425c82d628f08ba754529d77a55358cbb74e14343f?s=96&d=mm&r=g\",\"caption\":\"admintarapaca\"},\"url\":\"https:\/\/dev.explora.cl\/tarapaca\/author\/dolivares\/\"}]}<\/script>\n<!-- \/ Yoast SEO plugin. -->","yoast_head_json":{"title":"EXPLORA TARAPAC\u00c1 ABRI\u00d3 CONVOCATORIA PARA EL CAMPAMENTO DE PROFESORES EXPLORA VA! 2023 - Tarapaca","robots":{"index":"index","follow":"follow","max-snippet":"max-snippet:-1","max-image-preview":"max-image-preview:large","max-video-preview":"max-video-preview:-1"},"canonical":"https:\/\/dev.explora.cl\/tarapaca\/explora-tarapaca-abrio-convocatoria-para-el-campamento-de-profesores-explora-va-2023\/","og_locale":"es_ES","og_type":"article","og_title":"EXPLORA TARAPAC\u00c1 ABRI\u00d3 CONVOCATORIA PARA EL CAMPAMENTO DE PROFESORES EXPLORA VA! 2023 - Tarapaca","og_description":"\u00a0 Iniciativa completamente gratuita, brindar\u00e1 36 horas pedag\u00f3gicas a docentes y educadoras de Tarapac\u00e1 para que puedan capacitarse en ciencia y tecnolog\u00eda. El PAR Explora Tarapac\u00e1 mantiene abiertas, hasta el 08 de enero, la convocatoria dirigida a profesores y profesoras de ense\u00f1anza b\u00e1sica y media; educadores y educadoras de p\u00e1rvulo; t\u00e9cnicos y t\u00e9cnicas en educaci\u00f3n [&hellip;]","og_url":"https:\/\/dev.explora.cl\/tarapaca\/explora-tarapaca-abrio-convocatoria-para-el-campamento-de-profesores-explora-va-2023\/","og_site_name":"Tarapaca","article_published_time":"2022-12-29T16:23:23+00:00","article_modified_time":"2023-01-04T18:49:19+00:00","og_image":[{"width":1024,"height":683,"url":"https:\/\/dev.explora.cl\/tarapaca\/wp-content\/uploads\/sites\/3\/2022\/12\/Campamento-D\u00eda-3-18-1024x683.jpg","type":"image\/jpeg"}],"author":"admintarapaca","twitter_card":"summary_large_image","twitter_misc":{"Escrito por":"admintarapaca","Tiempo estimado de lectura":"3 minutos"},"schema":{"@context":"https:\/\/schema.org","@graph":[{"@type":"Article","@id":"https:\/\/dev.explora.cl\/tarapaca\/explora-tarapaca-abrio-convocatoria-para-el-campamento-de-profesores-explora-va-2023\/#article","isPartOf":{"@id":"https:\/\/dev.explora.cl\/tarapaca\/explora-tarapaca-abrio-convocatoria-para-el-campamento-de-profesores-explora-va-2023\/"},"author":{"name":"admintarapaca","@id":"https:\/\/dev.explora.cl\/tarapaca\/#\/schema\/person\/ca04f8a8f8e25243bd462d34eb1ca505"},"headline":"EXPLORA TARAPAC\u00c1 ABRI\u00d3 CONVOCATORIA PARA EL CAMPAMENTO DE PROFESORES EXPLORA VA! 2023","datePublished":"2022-12-29T16:23:23+00:00","dateModified":"2023-01-04T18:49:19+00:00","mainEntityOfPage":{"@id":"https:\/\/dev.explora.cl\/tarapaca\/explora-tarapaca-abrio-convocatoria-para-el-campamento-de-profesores-explora-va-2023\/"},"wordCount":589,"commentCount":0,"image":{"@id":"https:\/\/dev.explora.cl\/tarapaca\/explora-tarapaca-abrio-convocatoria-para-el-campamento-de-profesores-explora-va-2023\/#primaryimage"},"thumbnailUrl":"https:\/\/dev.explora.cl\/tarapaca\/wp-content\/uploads\/sites\/3\/2022\/12\/Campamento-D\u00eda-3-18.jpg","articleSection":["Lugar 3","Noticias"],"inLanguage":"es-CL","potentialAction":[{"@type":"CommentAction","name":"Comment","target":["https:\/\/dev.explora.cl\/tarapaca\/explora-tarapaca-abrio-convocatoria-para-el-campamento-de-profesores-explora-va-2023\/#respond"]}]},{"@type":"WebPage","@id":"https:\/\/dev.explora.cl\/tarapaca\/explora-tarapaca-abrio-convocatoria-para-el-campamento-de-profesores-explora-va-2023\/","url":"https:\/\/dev.explora.cl\/tarapaca\/explora-tarapaca-abrio-convocatoria-para-el-campamento-de-profesores-explora-va-2023\/","name":"EXPLORA TARAPAC\u00c1 ABRI\u00d3 CONVOCATORIA PARA EL CAMPAMENTO DE PROFESORES EXPLORA VA! 2023 - Tarapaca","isPartOf":{"@id":"https:\/\/dev.explora.cl\/tarapaca\/#website"},"primaryImageOfPage":{"@id":"https:\/\/dev.explora.cl\/tarapaca\/explora-tarapaca-abrio-convocatoria-para-el-campamento-de-profesores-explora-va-2023\/#primaryimage"},"image":{"@id":"https:\/\/dev.explora.cl\/tarapaca\/explora-tarapaca-abrio-convocatoria-para-el-campamento-de-profesores-explora-va-2023\/#primaryimage"},"thumbnailUrl":"https:\/\/dev.explora.cl\/tarapaca\/wp-content\/uploads\/sites\/3\/2022\/12\/Campamento-D\u00eda-3-18.jpg","datePublished":"2022-12-29T16:23:23+00:00","dateModified":"2023-01-04T18:49:19+00:00","author":{"@id":"https:\/\/dev.explora.cl\/tarapaca\/#\/schema\/person\/ca04f8a8f8e25243bd462d34eb1ca505"},"breadcrumb":{"@id":"https:\/\/dev.explora.cl\/tarapaca\/explora-tarapaca-abrio-convocatoria-para-el-campamento-de-profesores-explora-va-2023\/#breadcrumb"},"inLanguage":"es-CL","potentialAction":[{"@type":"ReadAction","target":["https:\/\/dev.explora.cl\/tarapaca\/explora-tarapaca-abrio-convocatoria-para-el-campamento-de-profesores-explora-va-2023\/"]}]},{"@type":"ImageObject","inLanguage":"es-CL","@id":"https:\/\/dev.explora.cl\/tarapaca\/explora-tarapaca-abrio-convocatoria-para-el-campamento-de-profesores-explora-va-2023\/#primaryimage","url":"https:\/\/dev.explora.cl\/tarapaca\/wp-content\/uploads\/sites\/3\/2022\/12\/Campamento-D\u00eda-3-18.jpg","contentUrl":"https:\/\/dev.explora.cl\/tarapaca\/wp-content\/uploads\/sites\/3\/2022\/12\/Campamento-D\u00eda-3-18.jpg","width":5243,"height":3495},{"@type":"BreadcrumbList","@id":"https:\/\/dev.explora.cl\/tarapaca\/explora-tarapaca-abrio-convocatoria-para-el-campamento-de-profesores-explora-va-2023\/#breadcrumb","itemListElement":[{"@type":"ListItem","position":1,"name":"Portada","item":"https:\/\/dev.explora.cl\/tarapaca\/"},{"@type":"ListItem","position":2,"name":"EXPLORA TARAPAC\u00c1 ABRI\u00d3 CONVOCATORIA PARA EL CAMPAMENTO DE PROFESORES EXPLORA VA! 2023"}]},{"@type":"WebSite","@id":"https:\/\/dev.explora.cl\/tarapaca\/#website","url":"https:\/\/dev.explora.cl\/tarapaca\/","name":"Tarapaca","description":"Otro sitio m\u00e1s de dev.explora.cl","potentialAction":[{"@type":"SearchAction","target":{"@type":"EntryPoint","urlTemplate":"https:\/\/dev.explora.cl\/tarapaca\/?s={search_term_string}"},"query-input":{"@type":"PropertyValueSpecification","valueRequired":true,"valueName":"search_term_string"}}],"inLanguage":"es-CL"},{"@type":"Person","@id":"https:\/\/dev.explora.cl\/tarapaca\/#\/schema\/person\/ca04f8a8f8e25243bd462d34eb1ca505","name":"admintarapaca","image":{"@type":"ImageObject","inLanguage":"es-CL","@id":"https:\/\/dev.explora.cl\/tarapaca\/#\/schema\/person\/image\/","url":"https:\/\/secure.gravatar.com\/avatar\/8ff4762fabbf7a1732a126425c82d628f08ba754529d77a55358cbb74e14343f?s=96&d=mm&r=g","contentUrl":"https:\/\/secure.gravatar.com\/avatar\/8ff4762fabbf7a1732a126425c82d628f08ba754529d77a55358cbb74e14343f?s=96&d=mm&r=g","caption":"admintarapaca"},"url":"https:\/\/dev.explora.cl\/tarapaca\/author\/dolivares\/"}]}},"_links":{"self":[{"href":"https:\/\/dev.explora.cl\/tarapaca\/wp-json\/wp\/v2\/posts\/39763","targetHints":{"allow":["GET"]}}],"collection":[{"href":"https:\/\/dev.explora.cl\/tarapaca\/wp-json\/wp\/v2\/posts"}],"about":[{"href":"https:\/\/dev.explora.cl\/tarapaca\/wp-json\/wp\/v2\/types\/post"}],"author":[{"embeddable":true,"href":"https:\/\/dev.explora.cl\/tarapaca\/wp-json\/wp\/v2\/users\/18"}],"replies":[{"embeddable":true,"href":"https:\/\/dev.explora.cl\/tarapaca\/wp-json\/wp\/v2\/comments?post=39763"}],"version-history":[{"count":3,"href":"https:\/\/dev.explora.cl\/tarapaca\/wp-json\/wp\/v2\/posts\/39763\/revisions"}],"predecessor-version":[{"id":39768,"href":"https:\/\/dev.explora.cl\/tarapaca\/wp-json\/wp\/v2\/posts\/39763\/revisions\/39768"}],"wp:featuredmedia":[{"embeddable":true,"href":"https:\/\/dev.explora.cl\/tarapaca\/wp-json\/wp\/v2\/media\/39764"}],"wp:attachment":[{"href":"https:\/\/dev.explora.cl\/tarapaca\/wp-json\/wp\/v2\/media?parent=39763"}],"wp:term":[{"taxonomy":"category","embeddable":true,"href":"https:\/\/dev.explora.cl\/tarapaca\/wp-json\/wp\/v2\/categories?post=39763"},{"taxonomy":"post_tag","embeddable":true,"href":"https:\/\/dev.explora.cl\/tarapaca\/wp-json\/wp\/v2\/tags?post=39763"}],"curies":[{"name":"wp","href":"https:\/\/api.w.org\/{rel}","templated":true}]}}