{"id":39732,"date":"2022-12-20T15:18:46","date_gmt":"2022-12-20T18:18:46","guid":{"rendered":"https:\/\/dev.explora.cl\/tarapaca\/?p=39732"},"modified":"2022-12-20T15:33:05","modified_gmt":"2022-12-20T18:33:05","slug":"explora-tarapaca-abrio-convocatoria-para-el-campamento-explora-va-2023","status":"publish","type":"post","link":"https:\/\/dev.explora.cl\/tarapaca\/explora-tarapaca-abrio-convocatoria-para-el-campamento-explora-va-2023\/","title":{"rendered":"EXPLORA TARAPAC\u00c1 ABRI\u00d3 CONVOCATORIA PARA EL CAMPAMENTO EXPLORA VA! 2023"},"content":{"rendered":"<p>El PAR Explora Tarapac\u00e1 mantiene abiertas, hasta el 08 de enero, la convocatoria dirigida a profesores y profesoras de ense\u00f1anza b\u00e1sica y media; educadores y educadoras de p\u00e1rvulo; t\u00e9cnicos y t\u00e9cnicas en educaci\u00f3n de la regi\u00f3n, para ser parte del Campamento para Profes Explora Va! , el que se desarrollar\u00e1 entre el 19 hasta 26 de enero del 2023 bajo la modalidad sin claustro.<\/p>\n<p>&nbsp;<\/p>\n<p>Se trata de una actividad completamente gratuita que contempla 33 horas pedag\u00f3gicas certificadas, con las que se apunta a fortalecer las competencias de educadores y docentes en ejercicio, en materia de educaci\u00f3n cient\u00edfica, conocimiento e innovaci\u00f3n en sus comunidades educativas.<\/p>\n<p>&nbsp;<\/p>\n<div class=\"x11i5rnm xat24cr x1mh8g0r x1vvkbs xtlvy1s x126k92a\">\n<div dir=\"auto\">-Aqu\u00ed puedes conocer las bases del Campamento Explora Va! &#8211;<a class=\"x1i10hfl xjbqb8w x6umtig x1b1mbwd xaqea5y xav7gou x9f619 x1ypdohk xt0psk2 xe8uvvx xdj266r x11i5rnm xat24cr x1mh8g0r xexx8yu x4uap5 x18d9i69 xkhd6sd x16tdsg8 x1hl2dhg xggy1nq x1a2a7pz xt0b8zv x1fey0fg\" role=\"link\" href=\"https:\/\/l.facebook.com\/l.php?u=https%3A%2F%2Fbit.ly%2F3FTQhXk%3Ffbclid%3DIwAR1CNLN5TRw-NG-d8aqcAmQ_hNKubhHbBC41XcLCERuXCmZDBQYwwgKGa98&amp;h=AT0zoZjkdVBgW-tTDAPn3kpdWTssBKaOizISYjHQPfo6gx-46ATZXAyBbKGVwaVzuRJz7Rvng1Sr4XhxmMeazcUTrZVa6LppbHH03oL0HdC2tnsPNtb0TAuwEd2TwbFQ2Jer&amp;__tn__=-UK-R&amp;c[0]=AT1pCgqPyt39M7OCz8ckgDvrPZ-9WFBgSEpbDdEKRrCl-LBcXCWhqCU54SwljWIVaYWBK9zg834tfAenO2qy508t0FV4O1DchvfFgyPb2xRUs7q3MrSUSS82aV_LKGFDCoMTkX_M3ay_If-U5yAFOEJucbOHZNw30z6fVRJ3TCfp5wNE5h4rigpLsP_MCuE8hTy7DvpAVmhjzV3XTJFjGImrPKGsWGyntMJ6-Fx6EHwRhay1I0kp3tPHFi0xsKjaOx8es3u_xrIjHFFYfw\" target=\"_blank\" rel=\"nofollow noopener noreferrer\">https:\/\/bit.ly\/3FTQhXk<\/a><\/div>\n<\/div>\n<div class=\"x11i5rnm xat24cr x1mh8g0r x1vvkbs xtlvy1s x126k92a\">\n<div dir=\"auto\">-Para participar, completa el formulario de inscripci\u00f3n que aparece en el siguiente enlace &#8211;\u00a0<a class=\"x1i10hfl xjbqb8w x6umtig x1b1mbwd xaqea5y xav7gou x9f619 x1ypdohk xt0psk2 xe8uvvx xdj266r x11i5rnm xat24cr x1mh8g0r xexx8yu x4uap5 x18d9i69 xkhd6sd x16tdsg8 x1hl2dhg xggy1nq x1a2a7pz xt0b8zv x1fey0fg\" role=\"link\" href=\"https:\/\/n9.cl\/1p6bi?fbclid=IwAR0zAQFuOUlIXtTMY9MYn5HNAQOiue_GhXOmtQp72LzvC_PnUPZueHW2N-o\" target=\"_blank\" rel=\"nofollow noopener noreferrer\">https:\/\/n9.cl\/1p6bi<\/a><\/div>\n<div dir=\"auto\"><\/div>\n<\/div>\n<div class=\"x11i5rnm xat24cr x1mh8g0r x1vvkbs xtlvy1s x126k92a\">\n<div dir=\"auto\"><\/div>\n<div dir=\"auto\">\u00a0\u00a1RECUERDA QUE HAY PLAZO HASTA EL 08 DE ENERO PARA PODER INSCRIBIRTE!<\/div>\n<\/div>\n","protected":false},"excerpt":{"rendered":"<p>El PAR Explora Tarapac\u00e1 mantiene abiertas, hasta el 08 de enero, la convocatoria dirigida a profesores y profesoras de ense\u00f1anza b\u00e1sica y media; educadores y educadoras de p\u00e1rvulo; t\u00e9cnicos y t\u00e9cnicas en educaci\u00f3n de la regi\u00f3n, para ser parte del Campamento para Profes Explora Va! , el que se desarrollar\u00e1 entre el 19 hasta 26 [&hellip;]<\/p>\n","protected":false},"author":18,"featured_media":39737,"comment_status":"open","ping_status":"open","sticky":false,"template":"","format":"standard","meta":{"_acf_changed":false,"_exactmetrics_skip_tracking":false,"_exactmetrics_sitenote_active":false,"_exactmetrics_sitenote_note":"","_exactmetrics_sitenote_category":0,"footnotes":"","_links_to":"","_links_to_target":""},"categories":[128,136,4],"tags":[],"class_list":["post-39732","post","type-post","status-publish","format-standard","has-post-thumbnail","hentry","category-eventos_publ_grl","category-lugar-1","category-noticias"],"acf":[],"yoast_head":"<!-- This site is optimized with the Yoast SEO plugin v26.7 - https:\/\/yoast.com\/wordpress\/plugins\/seo\/ -->\n<title>EXPLORA TARAPAC\u00c1 ABRI\u00d3 CONVOCATORIA PARA EL CAMPAMENTO EXPLORA VA! 2023 - Tarapaca<\/title>\n<meta name=\"robots\" content=\"index, follow, max-snippet:-1, max-image-preview:large, max-video-preview:-1\" \/>\n<link rel=\"canonical\" href=\"https:\/\/dev.explora.cl\/tarapaca\/explora-tarapaca-abrio-convocatoria-para-el-campamento-explora-va-2023\/\" class=\"yoast-seo-meta-tag\" \/>\n<meta property=\"og:locale\" content=\"es_ES\" class=\"yoast-seo-meta-tag\" \/>\n<meta property=\"og:type\" content=\"article\" class=\"yoast-seo-meta-tag\" \/>\n<meta property=\"og:title\" content=\"EXPLORA TARAPAC\u00c1 ABRI\u00d3 CONVOCATORIA PARA EL CAMPAMENTO EXPLORA VA! 2023 - Tarapaca\" class=\"yoast-seo-meta-tag\" \/>\n<meta property=\"og:description\" content=\"El PAR Explora Tarapac\u00e1 mantiene abiertas, hasta el 08 de enero, la convocatoria dirigida a profesores y profesoras de ense\u00f1anza b\u00e1sica y media; educadores y educadoras de p\u00e1rvulo; t\u00e9cnicos y t\u00e9cnicas en educaci\u00f3n de la regi\u00f3n, para ser parte del Campamento para Profes Explora Va! , el que se desarrollar\u00e1 entre el 19 hasta 26 [&hellip;]\" class=\"yoast-seo-meta-tag\" \/>\n<meta property=\"og:url\" content=\"https:\/\/dev.explora.cl\/tarapaca\/explora-tarapaca-abrio-convocatoria-para-el-campamento-explora-va-2023\/\" class=\"yoast-seo-meta-tag\" \/>\n<meta property=\"og:site_name\" content=\"Tarapaca\" class=\"yoast-seo-meta-tag\" \/>\n<meta property=\"article:published_time\" content=\"2022-12-20T18:18:46+00:00\" class=\"yoast-seo-meta-tag\" \/>\n<meta property=\"article:modified_time\" content=\"2022-12-20T18:33:05+00:00\" class=\"yoast-seo-meta-tag\" \/>\n<meta property=\"og:image\" content=\"https:\/\/dev.explora.cl\/tarapaca\/wp-content\/uploads\/sites\/3\/2022\/12\/BANNER-WEB.jpg\" class=\"yoast-seo-meta-tag\" \/>\n\t<meta property=\"og:image:width\" content=\"3833\" class=\"yoast-seo-meta-tag\" \/>\n\t<meta property=\"og:image:height\" content=\"1875\" class=\"yoast-seo-meta-tag\" \/>\n\t<meta property=\"og:image:type\" content=\"image\/jpeg\" class=\"yoast-seo-meta-tag\" \/>\n<meta name=\"author\" content=\"admintarapaca\" class=\"yoast-seo-meta-tag\" \/>\n<meta name=\"twitter:card\" content=\"summary_large_image\" class=\"yoast-seo-meta-tag\" \/>\n<meta name=\"twitter:label1\" content=\"Escrito por\" class=\"yoast-seo-meta-tag\" \/>\n\t<meta name=\"twitter:data1\" content=\"admintarapaca\" class=\"yoast-seo-meta-tag\" \/>\n\t<meta name=\"twitter:label2\" content=\"Tiempo estimado de lectura\" class=\"yoast-seo-meta-tag\" \/>\n\t<meta name=\"twitter:data2\" content=\"1 minuto\" class=\"yoast-seo-meta-tag\" \/>\n<script type=\"application\/ld+json\" class=\"yoast-schema-graph\">{\"@context\":\"https:\/\/schema.org\",\"@graph\":[{\"@type\":\"Article\",\"@id\":\"https:\/\/dev.explora.cl\/tarapaca\/explora-tarapaca-abrio-convocatoria-para-el-campamento-explora-va-2023\/#article\",\"isPartOf\":{\"@id\":\"https:\/\/dev.explora.cl\/tarapaca\/explora-tarapaca-abrio-convocatoria-para-el-campamento-explora-va-2023\/\"},\"author\":{\"name\":\"admintarapaca\",\"@id\":\"https:\/\/dev.explora.cl\/tarapaca\/#\/schema\/person\/ca04f8a8f8e25243bd462d34eb1ca505\"},\"headline\":\"EXPLORA TARAPAC\u00c1 ABRI\u00d3 CONVOCATORIA PARA EL CAMPAMENTO EXPLORA VA! 2023\",\"datePublished\":\"2022-12-20T18:18:46+00:00\",\"dateModified\":\"2022-12-20T18:33:05+00:00\",\"mainEntityOfPage\":{\"@id\":\"https:\/\/dev.explora.cl\/tarapaca\/explora-tarapaca-abrio-convocatoria-para-el-campamento-explora-va-2023\/\"},\"wordCount\":164,\"commentCount\":0,\"image\":{\"@id\":\"https:\/\/dev.explora.cl\/tarapaca\/explora-tarapaca-abrio-convocatoria-para-el-campamento-explora-va-2023\/#primaryimage\"},\"thumbnailUrl\":\"https:\/\/dev.explora.cl\/tarapaca\/wp-content\/uploads\/sites\/3\/2022\/12\/BANNER-WEB.jpg\",\"articleSection\":[\"Jornada Especial del Campamento de CTCI ExploraVa!\",\"Lugar 1\",\"Noticias\"],\"inLanguage\":\"es-CL\",\"potentialAction\":[{\"@type\":\"CommentAction\",\"name\":\"Comment\",\"target\":[\"https:\/\/dev.explora.cl\/tarapaca\/explora-tarapaca-abrio-convocatoria-para-el-campamento-explora-va-2023\/#respond\"]}]},{\"@type\":\"WebPage\",\"@id\":\"https:\/\/dev.explora.cl\/tarapaca\/explora-tarapaca-abrio-convocatoria-para-el-campamento-explora-va-2023\/\",\"url\":\"https:\/\/dev.explora.cl\/tarapaca\/explora-tarapaca-abrio-convocatoria-para-el-campamento-explora-va-2023\/\",\"name\":\"EXPLORA TARAPAC\u00c1 ABRI\u00d3 CONVOCATORIA PARA EL CAMPAMENTO EXPLORA VA! 2023 - Tarapaca\",\"isPartOf\":{\"@id\":\"https:\/\/dev.explora.cl\/tarapaca\/#website\"},\"primaryImageOfPage\":{\"@id\":\"https:\/\/dev.explora.cl\/tarapaca\/explora-tarapaca-abrio-convocatoria-para-el-campamento-explora-va-2023\/#primaryimage\"},\"image\":{\"@id\":\"https:\/\/dev.explora.cl\/tarapaca\/explora-tarapaca-abrio-convocatoria-para-el-campamento-explora-va-2023\/#primaryimage\"},\"thumbnailUrl\":\"https:\/\/dev.explora.cl\/tarapaca\/wp-content\/uploads\/sites\/3\/2022\/12\/BANNER-WEB.jpg\",\"datePublished\":\"2022-12-20T18:18:46+00:00\",\"dateModified\":\"2022-12-20T18:33:05+00:00\",\"author\":{\"@id\":\"https:\/\/dev.explora.cl\/tarapaca\/#\/schema\/person\/ca04f8a8f8e25243bd462d34eb1ca505\"},\"breadcrumb\":{\"@id\":\"https:\/\/dev.explora.cl\/tarapaca\/explora-tarapaca-abrio-convocatoria-para-el-campamento-explora-va-2023\/#breadcrumb\"},\"inLanguage\":\"es-CL\",\"potentialAction\":[{\"@type\":\"ReadAction\",\"target\":[\"https:\/\/dev.explora.cl\/tarapaca\/explora-tarapaca-abrio-convocatoria-para-el-campamento-explora-va-2023\/\"]}]},{\"@type\":\"ImageObject\",\"inLanguage\":\"es-CL\",\"@id\":\"https:\/\/dev.explora.cl\/tarapaca\/explora-tarapaca-abrio-convocatoria-para-el-campamento-explora-va-2023\/#primaryimage\",\"url\":\"https:\/\/dev.explora.cl\/tarapaca\/wp-content\/uploads\/sites\/3\/2022\/12\/BANNER-WEB.jpg\",\"contentUrl\":\"https:\/\/dev.explora.cl\/tarapaca\/wp-content\/uploads\/sites\/3\/2022\/12\/BANNER-WEB.jpg\",\"width\":3833,\"height\":1875},{\"@type\":\"BreadcrumbList\",\"@id\":\"https:\/\/dev.explora.cl\/tarapaca\/explora-tarapaca-abrio-convocatoria-para-el-campamento-explora-va-2023\/#breadcrumb\",\"itemListElement\":[{\"@type\":\"ListItem\",\"position\":1,\"name\":\"Portada\",\"item\":\"https:\/\/dev.explora.cl\/tarapaca\/\"},{\"@type\":\"ListItem\",\"position\":2,\"name\":\"EXPLORA TARAPAC\u00c1 ABRI\u00d3 CONVOCATORIA PARA EL CAMPAMENTO EXPLORA VA! 2023\"}]},{\"@type\":\"WebSite\",\"@id\":\"https:\/\/dev.explora.cl\/tarapaca\/#website\",\"url\":\"https:\/\/dev.explora.cl\/tarapaca\/\",\"name\":\"Tarapaca\",\"description\":\"Otro sitio m\u00e1s de dev.explora.cl\",\"potentialAction\":[{\"@type\":\"SearchAction\",\"target\":{\"@type\":\"EntryPoint\",\"urlTemplate\":\"https:\/\/dev.explora.cl\/tarapaca\/?s={search_term_string}\"},\"query-input\":{\"@type\":\"PropertyValueSpecification\",\"valueRequired\":true,\"valueName\":\"search_term_string\"}}],\"inLanguage\":\"es-CL\"},{\"@type\":\"Person\",\"@id\":\"https:\/\/dev.explora.cl\/tarapaca\/#\/schema\/person\/ca04f8a8f8e25243bd462d34eb1ca505\",\"name\":\"admintarapaca\",\"image\":{\"@type\":\"ImageObject\",\"inLanguage\":\"es-CL\",\"@id\":\"https:\/\/dev.explora.cl\/tarapaca\/#\/schema\/person\/image\/\",\"url\":\"https:\/\/secure.gravatar.com\/avatar\/8ff4762fabbf7a1732a126425c82d628f08ba754529d77a55358cbb74e14343f?s=96&d=mm&r=g\",\"contentUrl\":\"https:\/\/secure.gravatar.com\/avatar\/8ff4762fabbf7a1732a126425c82d628f08ba754529d77a55358cbb74e14343f?s=96&d=mm&r=g\",\"caption\":\"admintarapaca\"},\"url\":\"https:\/\/dev.explora.cl\/tarapaca\/author\/dolivares\/\"}]}<\/script>\n<!-- \/ Yoast SEO plugin. -->","yoast_head_json":{"title":"EXPLORA TARAPAC\u00c1 ABRI\u00d3 CONVOCATORIA PARA EL CAMPAMENTO EXPLORA VA! 2023 - Tarapaca","robots":{"index":"index","follow":"follow","max-snippet":"max-snippet:-1","max-image-preview":"max-image-preview:large","max-video-preview":"max-video-preview:-1"},"canonical":"https:\/\/dev.explora.cl\/tarapaca\/explora-tarapaca-abrio-convocatoria-para-el-campamento-explora-va-2023\/","og_locale":"es_ES","og_type":"article","og_title":"EXPLORA TARAPAC\u00c1 ABRI\u00d3 CONVOCATORIA PARA EL CAMPAMENTO EXPLORA VA! 2023 - Tarapaca","og_description":"El PAR Explora Tarapac\u00e1 mantiene abiertas, hasta el 08 de enero, la convocatoria dirigida a profesores y profesoras de ense\u00f1anza b\u00e1sica y media; educadores y educadoras de p\u00e1rvulo; t\u00e9cnicos y t\u00e9cnicas en educaci\u00f3n de la regi\u00f3n, para ser parte del Campamento para Profes Explora Va! , el que se desarrollar\u00e1 entre el 19 hasta 26 [&hellip;]","og_url":"https:\/\/dev.explora.cl\/tarapaca\/explora-tarapaca-abrio-convocatoria-para-el-campamento-explora-va-2023\/","og_site_name":"Tarapaca","article_published_time":"2022-12-20T18:18:46+00:00","article_modified_time":"2022-12-20T18:33:05+00:00","og_image":[{"width":3833,"height":1875,"url":"https:\/\/dev.explora.cl\/tarapaca\/wp-content\/uploads\/sites\/3\/2022\/12\/BANNER-WEB.jpg","type":"image\/jpeg"}],"author":"admintarapaca","twitter_card":"summary_large_image","twitter_misc":{"Escrito por":"admintarapaca","Tiempo estimado de lectura":"1 minuto"},"schema":{"@context":"https:\/\/schema.org","@graph":[{"@type":"Article","@id":"https:\/\/dev.explora.cl\/tarapaca\/explora-tarapaca-abrio-convocatoria-para-el-campamento-explora-va-2023\/#article","isPartOf":{"@id":"https:\/\/dev.explora.cl\/tarapaca\/explora-tarapaca-abrio-convocatoria-para-el-campamento-explora-va-2023\/"},"author":{"name":"admintarapaca","@id":"https:\/\/dev.explora.cl\/tarapaca\/#\/schema\/person\/ca04f8a8f8e25243bd462d34eb1ca505"},"headline":"EXPLORA TARAPAC\u00c1 ABRI\u00d3 CONVOCATORIA PARA EL CAMPAMENTO EXPLORA VA! 2023","datePublished":"2022-12-20T18:18:46+00:00","dateModified":"2022-12-20T18:33:05+00:00","mainEntityOfPage":{"@id":"https:\/\/dev.explora.cl\/tarapaca\/explora-tarapaca-abrio-convocatoria-para-el-campamento-explora-va-2023\/"},"wordCount":164,"commentCount":0,"image":{"@id":"https:\/\/dev.explora.cl\/tarapaca\/explora-tarapaca-abrio-convocatoria-para-el-campamento-explora-va-2023\/#primaryimage"},"thumbnailUrl":"https:\/\/dev.explora.cl\/tarapaca\/wp-content\/uploads\/sites\/3\/2022\/12\/BANNER-WEB.jpg","articleSection":["Jornada Especial del Campamento de CTCI ExploraVa!","Lugar 1","Noticias"],"inLanguage":"es-CL","potentialAction":[{"@type":"CommentAction","name":"Comment","target":["https:\/\/dev.explora.cl\/tarapaca\/explora-tarapaca-abrio-convocatoria-para-el-campamento-explora-va-2023\/#respond"]}]},{"@type":"WebPage","@id":"https:\/\/dev.explora.cl\/tarapaca\/explora-tarapaca-abrio-convocatoria-para-el-campamento-explora-va-2023\/","url":"https:\/\/dev.explora.cl\/tarapaca\/explora-tarapaca-abrio-convocatoria-para-el-campamento-explora-va-2023\/","name":"EXPLORA TARAPAC\u00c1 ABRI\u00d3 CONVOCATORIA PARA EL CAMPAMENTO EXPLORA VA! 2023 - Tarapaca","isPartOf":{"@id":"https:\/\/dev.explora.cl\/tarapaca\/#website"},"primaryImageOfPage":{"@id":"https:\/\/dev.explora.cl\/tarapaca\/explora-tarapaca-abrio-convocatoria-para-el-campamento-explora-va-2023\/#primaryimage"},"image":{"@id":"https:\/\/dev.explora.cl\/tarapaca\/explora-tarapaca-abrio-convocatoria-para-el-campamento-explora-va-2023\/#primaryimage"},"thumbnailUrl":"https:\/\/dev.explora.cl\/tarapaca\/wp-content\/uploads\/sites\/3\/2022\/12\/BANNER-WEB.jpg","datePublished":"2022-12-20T18:18:46+00:00","dateModified":"2022-12-20T18:33:05+00:00","author":{"@id":"https:\/\/dev.explora.cl\/tarapaca\/#\/schema\/person\/ca04f8a8f8e25243bd462d34eb1ca505"},"breadcrumb":{"@id":"https:\/\/dev.explora.cl\/tarapaca\/explora-tarapaca-abrio-convocatoria-para-el-campamento-explora-va-2023\/#breadcrumb"},"inLanguage":"es-CL","potentialAction":[{"@type":"ReadAction","target":["https:\/\/dev.explora.cl\/tarapaca\/explora-tarapaca-abrio-convocatoria-para-el-campamento-explora-va-2023\/"]}]},{"@type":"ImageObject","inLanguage":"es-CL","@id":"https:\/\/dev.explora.cl\/tarapaca\/explora-tarapaca-abrio-convocatoria-para-el-campamento-explora-va-2023\/#primaryimage","url":"https:\/\/dev.explora.cl\/tarapaca\/wp-content\/uploads\/sites\/3\/2022\/12\/BANNER-WEB.jpg","contentUrl":"https:\/\/dev.explora.cl\/tarapaca\/wp-content\/uploads\/sites\/3\/2022\/12\/BANNER-WEB.jpg","width":3833,"height":1875},{"@type":"BreadcrumbList","@id":"https:\/\/dev.explora.cl\/tarapaca\/explora-tarapaca-abrio-convocatoria-para-el-campamento-explora-va-2023\/#breadcrumb","itemListElement":[{"@type":"ListItem","position":1,"name":"Portada","item":"https:\/\/dev.explora.cl\/tarapaca\/"},{"@type":"ListItem","position":2,"name":"EXPLORA TARAPAC\u00c1 ABRI\u00d3 CONVOCATORIA PARA EL CAMPAMENTO EXPLORA VA! 2023"}]},{"@type":"WebSite","@id":"https:\/\/dev.explora.cl\/tarapaca\/#website","url":"https:\/\/dev.explora.cl\/tarapaca\/","name":"Tarapaca","description":"Otro sitio m\u00e1s de dev.explora.cl","potentialAction":[{"@type":"SearchAction","target":{"@type":"EntryPoint","urlTemplate":"https:\/\/dev.explora.cl\/tarapaca\/?s={search_term_string}"},"query-input":{"@type":"PropertyValueSpecification","valueRequired":true,"valueName":"search_term_string"}}],"inLanguage":"es-CL"},{"@type":"Person","@id":"https:\/\/dev.explora.cl\/tarapaca\/#\/schema\/person\/ca04f8a8f8e25243bd462d34eb1ca505","name":"admintarapaca","image":{"@type":"ImageObject","inLanguage":"es-CL","@id":"https:\/\/dev.explora.cl\/tarapaca\/#\/schema\/person\/image\/","url":"https:\/\/secure.gravatar.com\/avatar\/8ff4762fabbf7a1732a126425c82d628f08ba754529d77a55358cbb74e14343f?s=96&d=mm&r=g","contentUrl":"https:\/\/secure.gravatar.com\/avatar\/8ff4762fabbf7a1732a126425c82d628f08ba754529d77a55358cbb74e14343f?s=96&d=mm&r=g","caption":"admintarapaca"},"url":"https:\/\/dev.explora.cl\/tarapaca\/author\/dolivares\/"}]}},"_links":{"self":[{"href":"https:\/\/dev.explora.cl\/tarapaca\/wp-json\/wp\/v2\/posts\/39732","targetHints":{"allow":["GET"]}}],"collection":[{"href":"https:\/\/dev.explora.cl\/tarapaca\/wp-json\/wp\/v2\/posts"}],"about":[{"href":"https:\/\/dev.explora.cl\/tarapaca\/wp-json\/wp\/v2\/types\/post"}],"author":[{"embeddable":true,"href":"https:\/\/dev.explora.cl\/tarapaca\/wp-json\/wp\/v2\/users\/18"}],"replies":[{"embeddable":true,"href":"https:\/\/dev.explora.cl\/tarapaca\/wp-json\/wp\/v2\/comments?post=39732"}],"version-history":[{"count":4,"href":"https:\/\/dev.explora.cl\/tarapaca\/wp-json\/wp\/v2\/posts\/39732\/revisions"}],"predecessor-version":[{"id":39738,"href":"https:\/\/dev.explora.cl\/tarapaca\/wp-json\/wp\/v2\/posts\/39732\/revisions\/39738"}],"wp:featuredmedia":[{"embeddable":true,"href":"https:\/\/dev.explora.cl\/tarapaca\/wp-json\/wp\/v2\/media\/39737"}],"wp:attachment":[{"href":"https:\/\/dev.explora.cl\/tarapaca\/wp-json\/wp\/v2\/media?parent=39732"}],"wp:term":[{"taxonomy":"category","embeddable":true,"href":"https:\/\/dev.explora.cl\/tarapaca\/wp-json\/wp\/v2\/categories?post=39732"},{"taxonomy":"post_tag","embeddable":true,"href":"https:\/\/dev.explora.cl\/tarapaca\/wp-json\/wp\/v2\/tags?post=39732"}],"curies":[{"name":"wp","href":"https:\/\/api.w.org\/{rel}","templated":true}]}}