{"id":39694,"date":"2022-11-14T17:02:27","date_gmt":"2022-11-14T20:02:27","guid":{"rendered":"https:\/\/dev.explora.cl\/tarapaca\/?p=39694"},"modified":"2022-12-20T13:29:20","modified_gmt":"2022-12-20T16:29:20","slug":"cuatro-establecimientos-educacionales-representaran-a-tarapaca-en-el-congreso-nacional-explora","status":"publish","type":"post","link":"https:\/\/dev.explora.cl\/tarapaca\/cuatro-establecimientos-educacionales-representaran-a-tarapaca-en-el-congreso-nacional-explora\/","title":{"rendered":"CUATRO ESTABLECIMIENTOS EDUCACIONALES REPRESENTAR\u00c1N A TARAPAC\u00c1 EN EL CONGRESO NACIONAL EXPLORA"},"content":{"rendered":"<p><strong><em><img loading=\"lazy\" decoding=\"async\" class=\"alignnone size-medium wp-image-39695\" src=\"https:\/\/dev.explora.cl\/tarapaca\/wp-content\/uploads\/sites\/3\/2022\/11\/centenario-300x200.jpg\" alt=\"\" width=\"300\" height=\"200\" srcset=\"https:\/\/dev.explora.cl\/tarapaca\/wp-content\/uploads\/sites\/3\/2022\/11\/centenario-300x200.jpg 300w, https:\/\/dev.explora.cl\/tarapaca\/wp-content\/uploads\/sites\/3\/2022\/11\/centenario-768x513.jpg 768w, https:\/\/dev.explora.cl\/tarapaca\/wp-content\/uploads\/sites\/3\/2022\/11\/centenario-1024x684.jpg 1024w, https:\/\/dev.explora.cl\/tarapaca\/wp-content\/uploads\/sites\/3\/2022\/11\/centenario.jpg 2048w\" sizes=\"auto, (max-width: 300px) 100vw, 300px\" \/><img loading=\"lazy\" decoding=\"async\" class=\"alignnone size-medium wp-image-39698\" src=\"https:\/\/dev.explora.cl\/tarapaca\/wp-content\/uploads\/sites\/3\/2022\/11\/pachica-300x200.jpg\" alt=\"\" width=\"300\" height=\"200\" srcset=\"https:\/\/dev.explora.cl\/tarapaca\/wp-content\/uploads\/sites\/3\/2022\/11\/pachica-300x200.jpg 300w, https:\/\/dev.explora.cl\/tarapaca\/wp-content\/uploads\/sites\/3\/2022\/11\/pachica-768x512.jpg 768w, https:\/\/dev.explora.cl\/tarapaca\/wp-content\/uploads\/sites\/3\/2022\/11\/pachica-1024x683.jpg 1024w, https:\/\/dev.explora.cl\/tarapaca\/wp-content\/uploads\/sites\/3\/2022\/11\/pachica.jpg 2048w\" sizes=\"auto, (max-width: 300px) 100vw, 300px\" \/><img loading=\"lazy\" decoding=\"async\" class=\"alignnone size-medium wp-image-39697\" src=\"https:\/\/dev.explora.cl\/tarapaca\/wp-content\/uploads\/sites\/3\/2022\/11\/juan-pablo-II-300x198.jpg\" alt=\"\" width=\"300\" height=\"198\" srcset=\"https:\/\/dev.explora.cl\/tarapaca\/wp-content\/uploads\/sites\/3\/2022\/11\/juan-pablo-II-300x198.jpg 300w, https:\/\/dev.explora.cl\/tarapaca\/wp-content\/uploads\/sites\/3\/2022\/11\/juan-pablo-II-768x508.jpg 768w, https:\/\/dev.explora.cl\/tarapaca\/wp-content\/uploads\/sites\/3\/2022\/11\/juan-pablo-II-1024x677.jpg 1024w, https:\/\/dev.explora.cl\/tarapaca\/wp-content\/uploads\/sites\/3\/2022\/11\/juan-pablo-II.jpg 2048w\" sizes=\"auto, (max-width: 300px) 100vw, 300px\" \/><img loading=\"lazy\" decoding=\"async\" class=\"alignnone size-medium wp-image-39696\" src=\"https:\/\/dev.explora.cl\/tarapaca\/wp-content\/uploads\/sites\/3\/2022\/11\/costa-college-300x200.jpg\" alt=\"\" width=\"300\" height=\"200\" srcset=\"https:\/\/dev.explora.cl\/tarapaca\/wp-content\/uploads\/sites\/3\/2022\/11\/costa-college-300x200.jpg 300w, https:\/\/dev.explora.cl\/tarapaca\/wp-content\/uploads\/sites\/3\/2022\/11\/costa-college-768x513.jpg 768w, https:\/\/dev.explora.cl\/tarapaca\/wp-content\/uploads\/sites\/3\/2022\/11\/costa-college-1024x684.jpg 1024w, https:\/\/dev.explora.cl\/tarapaca\/wp-content\/uploads\/sites\/3\/2022\/11\/costa-college.jpg 2048w\" sizes=\"auto, (max-width: 300px) 100vw, 300px\" \/><\/em><\/strong><\/p>\n<p><strong><em>De los 20 proyectos en competencia, fueron seleccionados los de la Escuela B\u00e1sica de Pachica, Escuela Centenario, Colegio Costa College y Liceo Bicentenario Minero S.S Juan Pablo II.<\/em><\/strong><\/p>\n<p>&nbsp;<\/p>\n<p>Cuatro proyectos de innovaci\u00f3n e investigaci\u00f3n desarrollados por estudiantes de educaci\u00f3n b\u00e1sica y media, de distintas comunas y localidades de Tarapac\u00e1, fueron los seleccionados por un Comit\u00e9 Cient\u00edfico Evaluador, para representar a la regi\u00f3n en el pr\u00f3ximo Congreso Nacional Explora, esto en el marco de la realizaci\u00f3n del XVIII Congreso Regional Explora de Investigaci\u00f3n e Innovaci\u00f3n Escolar 2022.<\/p>\n<p>Es as\u00ed como el equipo de la <strong>Escuela B\u00e1sica de Pachica<\/strong>, de la comuna de Huara, compuesto por los estudiantes Wildran Caricari, Jame Najaya, Florinda P\u00e9rez, Joaqu\u00edn Quillo y Diego Yucra, obtuvo el primer lugar en la categor\u00eda Innovaci\u00f3n nivel educaci\u00f3n b\u00e1sica, gracias al proyecto <strong>\u201cCalentador solar de agua, proyecto sostenible para favorecer la salud de la poblaci\u00f3n rural\u201d.<\/strong><\/p>\n<p>El profesor gu\u00eda del equipo de Pachica, Roger Cadima, manifest\u00f3 que \u201ces un orgullo poder tener este reconocimiento al trabajo no solamente del profesor, sino tambi\u00e9n de los estudiantes que estuvieron estudiando en otras jornadas para poder participar de este congreso y este es el premio al sacrificio que hemos tenido como curso y como profesor a las jornadas extendidas de trabajo y tambi\u00e9n a las capacidades y habilidades de los estudiantes, estamos muy contentos\u201d.<\/p>\n<p>De igual forma, en la categor\u00eda Investigaci\u00f3n nivel educaci\u00f3n b\u00e1sica, el primer lugar lo obtuvo la <strong>Escuela Centenario<\/strong> de la comuna de Iquique, con su proyecto <strong>\u201cEvaluaci\u00f3n de un biofertilizante en base a algas marinas de las costas de Iquique en el cultivo de poroto\u201d.<\/strong> El grupo lo integran los estudiantes Yuliana Machua, Kevin Chapo\u00f1an, Paula Duran, Thiago Bardales, Angelina Romera, Kenyero Sol\u00eds, Elvis Guti\u00e9rrez, Diana M\u00e1rquez, Livana Balboa, Miguel C\u00e9spedes, Xiska Fern\u00e1ndez y Brandon Vega.<\/p>\n<p>\u201cEstamos muy felices y emocionados no solo porque vamos a representar el proyecto en el que trabajamos, sino que tambi\u00e9n a nuestro colegio. Queremos que se d\u00e9 a conocer nuestro proyecto y se le pueda dar uso porque es algo que no contamina el planeta y no contiene qu\u00edmicos da\u00f1inos. Me gustar\u00eda seguir dedic\u00e1ndome a la investigaci\u00f3n.\u201d, coment\u00f3 la estudiante, Yuliana Machua.<\/p>\n<p><strong><u>Ense\u00f1anza media\u00a0 <\/u><\/strong><\/p>\n<p>En la categor\u00eda Investigaci\u00f3n nivel ense\u00f1anza media, el primer lugar lo obtuvo el equipo del colegio <strong>Costa College <\/strong>de Iquique, compuesto por los estudiantes Javier Segovia y Constanza Valencia que presentaron el proyecto <strong>\u201cConocimiento sobre la cultura aymara en el estudiantado de 7mo y 8vo b\u00e1sica de establecimientos de la comuna de Iquique\u201d.<\/strong><\/p>\n<p>Su profesora gu\u00eda, Daniela Pacheco, expres\u00f3 su emoci\u00f3n al obtener junto a sus alumnos el primer puesto. \u201cEste trabajo fue hecho con mucho esfuerzo, mucho coraz\u00f3n, me gusta mucha como Explora integra las distintas \u00e1reas de la investigaci\u00f3n, porque las ciencias sociales a veces quedan en un plano un poco secundario, entonces poder diversificar la investigaci\u00f3n en esta \u00e1rea nos tiene muy contentos y de verdad ha sido una experiencia inolvidable\u201d, dijo la docente.<\/p>\n<p>Mientras que en la categor\u00eda Innovaci\u00f3n nivel ense\u00f1anza media, fue el <strong>Liceo Bicentenario Minero S.S Juan Pablo II<\/strong> de Alto Hospicio el que se qued\u00f3 con el primer lugar. Los estudiantes Iris Colque, Phillipe Fren, Valentina Supanta, junto a su profesor Mois\u00e9s Riquelme, presentaron el proyecto <strong>\u201cEvaluaci\u00f3n y dise\u00f1o de una alternativa en el manejo de residuos e innovaci\u00f3n enfocada en la reducci\u00f3n de materiales pl\u00e1sticos\u201d. <\/strong><\/p>\n<p><em>\u201c<\/em><em>Los j\u00f3venes est\u00e1n innovando ante problem\u00e1ticas que est\u00e1n sucediendo en el mundo, y lo que me gusta de Explora es que nuestro proyecto pudo ser difundido. Valoro mucho el asesoramiento de los cient\u00edficos en el congreso. El haber ganado el primer lugar, fue una sorpresa porque mi objetivo de participar en esto es difundir lo que hacem<\/em><em>os, amar lo que hago y aprender\u201d, se\u00f1al\u00f3 la estudiante Valentina Supanta. <\/em><\/p>\n<p><em>\u00a0<\/em><\/p>\n<p><em>\u00a0<\/em><\/p>\n<p>&nbsp;<\/p>\n<p>&nbsp;<\/p>\n","protected":false},"excerpt":{"rendered":"<p>De los 20 proyectos en competencia, fueron seleccionados los de la Escuela B\u00e1sica de Pachica, Escuela Centenario, Colegio Costa College y Liceo Bicentenario Minero S.S Juan Pablo II. &nbsp; Cuatro proyectos de innovaci\u00f3n e investigaci\u00f3n desarrollados por estudiantes de educaci\u00f3n b\u00e1sica y media, de distintas comunas y localidades de Tarapac\u00e1, fueron los seleccionados por un [&hellip;]<\/p>\n","protected":false},"author":18,"featured_media":39695,"comment_status":"open","ping_status":"open","sticky":false,"template":"","format":"standard","meta":{"_acf_changed":false,"_exactmetrics_skip_tracking":false,"_exactmetrics_sitenote_active":false,"_exactmetrics_sitenote_note":"","_exactmetrics_sitenote_category":0,"footnotes":"","_links_to":"","_links_to_target":""},"categories":[136,4,1],"tags":[],"class_list":["post-39694","post","type-post","status-publish","format-standard","has-post-thumbnail","hentry","category-lugar-1","category-noticias","category-sin-categoria"],"acf":[],"yoast_head":"<!-- This site is optimized with the Yoast SEO plugin v26.7 - https:\/\/yoast.com\/wordpress\/plugins\/seo\/ -->\n<title>CUATRO ESTABLECIMIENTOS EDUCACIONALES REPRESENTAR\u00c1N A TARAPAC\u00c1 EN EL CONGRESO NACIONAL EXPLORA - Tarapaca<\/title>\n<meta name=\"robots\" content=\"index, follow, max-snippet:-1, max-image-preview:large, max-video-preview:-1\" \/>\n<link rel=\"canonical\" href=\"https:\/\/dev.explora.cl\/tarapaca\/cuatro-establecimientos-educacionales-representaran-a-tarapaca-en-el-congreso-nacional-explora\/\" class=\"yoast-seo-meta-tag\" \/>\n<meta property=\"og:locale\" content=\"es_ES\" class=\"yoast-seo-meta-tag\" \/>\n<meta property=\"og:type\" content=\"article\" class=\"yoast-seo-meta-tag\" \/>\n<meta property=\"og:title\" content=\"CUATRO ESTABLECIMIENTOS EDUCACIONALES REPRESENTAR\u00c1N A TARAPAC\u00c1 EN EL CONGRESO NACIONAL EXPLORA - Tarapaca\" class=\"yoast-seo-meta-tag\" \/>\n<meta property=\"og:description\" content=\"De los 20 proyectos en competencia, fueron seleccionados los de la Escuela B\u00e1sica de Pachica, Escuela Centenario, Colegio Costa College y Liceo Bicentenario Minero S.S Juan Pablo II. &nbsp; Cuatro proyectos de innovaci\u00f3n e investigaci\u00f3n desarrollados por estudiantes de educaci\u00f3n b\u00e1sica y media, de distintas comunas y localidades de Tarapac\u00e1, fueron los seleccionados por un [&hellip;]\" class=\"yoast-seo-meta-tag\" \/>\n<meta property=\"og:url\" content=\"https:\/\/dev.explora.cl\/tarapaca\/cuatro-establecimientos-educacionales-representaran-a-tarapaca-en-el-congreso-nacional-explora\/\" class=\"yoast-seo-meta-tag\" \/>\n<meta property=\"og:site_name\" content=\"Tarapaca\" class=\"yoast-seo-meta-tag\" \/>\n<meta property=\"article:published_time\" content=\"2022-11-14T20:02:27+00:00\" class=\"yoast-seo-meta-tag\" \/>\n<meta property=\"article:modified_time\" content=\"2022-12-20T16:29:20+00:00\" class=\"yoast-seo-meta-tag\" \/>\n<meta property=\"og:image\" content=\"https:\/\/dev.explora.cl\/tarapaca\/wp-content\/uploads\/sites\/3\/2022\/11\/centenario.jpg\" class=\"yoast-seo-meta-tag\" \/>\n\t<meta property=\"og:image:width\" content=\"2048\" class=\"yoast-seo-meta-tag\" \/>\n\t<meta property=\"og:image:height\" content=\"1367\" class=\"yoast-seo-meta-tag\" \/>\n\t<meta property=\"og:image:type\" content=\"image\/jpeg\" class=\"yoast-seo-meta-tag\" \/>\n<meta name=\"author\" content=\"admintarapaca\" class=\"yoast-seo-meta-tag\" \/>\n<meta name=\"twitter:card\" content=\"summary_large_image\" class=\"yoast-seo-meta-tag\" \/>\n<meta name=\"twitter:label1\" content=\"Escrito por\" class=\"yoast-seo-meta-tag\" \/>\n\t<meta name=\"twitter:data1\" content=\"admintarapaca\" class=\"yoast-seo-meta-tag\" \/>\n\t<meta name=\"twitter:label2\" content=\"Tiempo estimado de lectura\" class=\"yoast-seo-meta-tag\" \/>\n\t<meta name=\"twitter:data2\" content=\"3 minutos\" class=\"yoast-seo-meta-tag\" \/>\n<script type=\"application\/ld+json\" class=\"yoast-schema-graph\">{\"@context\":\"https:\/\/schema.org\",\"@graph\":[{\"@type\":\"Article\",\"@id\":\"https:\/\/dev.explora.cl\/tarapaca\/cuatro-establecimientos-educacionales-representaran-a-tarapaca-en-el-congreso-nacional-explora\/#article\",\"isPartOf\":{\"@id\":\"https:\/\/dev.explora.cl\/tarapaca\/cuatro-establecimientos-educacionales-representaran-a-tarapaca-en-el-congreso-nacional-explora\/\"},\"author\":{\"name\":\"admintarapaca\",\"@id\":\"https:\/\/dev.explora.cl\/tarapaca\/#\/schema\/person\/ca04f8a8f8e25243bd462d34eb1ca505\"},\"headline\":\"CUATRO ESTABLECIMIENTOS EDUCACIONALES REPRESENTAR\u00c1N A TARAPAC\u00c1 EN EL CONGRESO NACIONAL EXPLORA\",\"datePublished\":\"2022-11-14T20:02:27+00:00\",\"dateModified\":\"2022-12-20T16:29:20+00:00\",\"mainEntityOfPage\":{\"@id\":\"https:\/\/dev.explora.cl\/tarapaca\/cuatro-establecimientos-educacionales-representaran-a-tarapaca-en-el-congreso-nacional-explora\/\"},\"wordCount\":701,\"commentCount\":0,\"image\":{\"@id\":\"https:\/\/dev.explora.cl\/tarapaca\/cuatro-establecimientos-educacionales-representaran-a-tarapaca-en-el-congreso-nacional-explora\/#primaryimage\"},\"thumbnailUrl\":\"https:\/\/dev.explora.cl\/tarapaca\/wp-content\/uploads\/sites\/3\/2022\/11\/centenario.jpg\",\"articleSection\":[\"Lugar 1\",\"Noticias\"],\"inLanguage\":\"es-CL\",\"potentialAction\":[{\"@type\":\"CommentAction\",\"name\":\"Comment\",\"target\":[\"https:\/\/dev.explora.cl\/tarapaca\/cuatro-establecimientos-educacionales-representaran-a-tarapaca-en-el-congreso-nacional-explora\/#respond\"]}]},{\"@type\":\"WebPage\",\"@id\":\"https:\/\/dev.explora.cl\/tarapaca\/cuatro-establecimientos-educacionales-representaran-a-tarapaca-en-el-congreso-nacional-explora\/\",\"url\":\"https:\/\/dev.explora.cl\/tarapaca\/cuatro-establecimientos-educacionales-representaran-a-tarapaca-en-el-congreso-nacional-explora\/\",\"name\":\"CUATRO ESTABLECIMIENTOS EDUCACIONALES REPRESENTAR\u00c1N A TARAPAC\u00c1 EN EL CONGRESO NACIONAL EXPLORA - Tarapaca\",\"isPartOf\":{\"@id\":\"https:\/\/dev.explora.cl\/tarapaca\/#website\"},\"primaryImageOfPage\":{\"@id\":\"https:\/\/dev.explora.cl\/tarapaca\/cuatro-establecimientos-educacionales-representaran-a-tarapaca-en-el-congreso-nacional-explora\/#primaryimage\"},\"image\":{\"@id\":\"https:\/\/dev.explora.cl\/tarapaca\/cuatro-establecimientos-educacionales-representaran-a-tarapaca-en-el-congreso-nacional-explora\/#primaryimage\"},\"thumbnailUrl\":\"https:\/\/dev.explora.cl\/tarapaca\/wp-content\/uploads\/sites\/3\/2022\/11\/centenario.jpg\",\"datePublished\":\"2022-11-14T20:02:27+00:00\",\"dateModified\":\"2022-12-20T16:29:20+00:00\",\"author\":{\"@id\":\"https:\/\/dev.explora.cl\/tarapaca\/#\/schema\/person\/ca04f8a8f8e25243bd462d34eb1ca505\"},\"breadcrumb\":{\"@id\":\"https:\/\/dev.explora.cl\/tarapaca\/cuatro-establecimientos-educacionales-representaran-a-tarapaca-en-el-congreso-nacional-explora\/#breadcrumb\"},\"inLanguage\":\"es-CL\",\"potentialAction\":[{\"@type\":\"ReadAction\",\"target\":[\"https:\/\/dev.explora.cl\/tarapaca\/cuatro-establecimientos-educacionales-representaran-a-tarapaca-en-el-congreso-nacional-explora\/\"]}]},{\"@type\":\"ImageObject\",\"inLanguage\":\"es-CL\",\"@id\":\"https:\/\/dev.explora.cl\/tarapaca\/cuatro-establecimientos-educacionales-representaran-a-tarapaca-en-el-congreso-nacional-explora\/#primaryimage\",\"url\":\"https:\/\/dev.explora.cl\/tarapaca\/wp-content\/uploads\/sites\/3\/2022\/11\/centenario.jpg\",\"contentUrl\":\"https:\/\/dev.explora.cl\/tarapaca\/wp-content\/uploads\/sites\/3\/2022\/11\/centenario.jpg\",\"width\":2048,\"height\":1367},{\"@type\":\"BreadcrumbList\",\"@id\":\"https:\/\/dev.explora.cl\/tarapaca\/cuatro-establecimientos-educacionales-representaran-a-tarapaca-en-el-congreso-nacional-explora\/#breadcrumb\",\"itemListElement\":[{\"@type\":\"ListItem\",\"position\":1,\"name\":\"Portada\",\"item\":\"https:\/\/dev.explora.cl\/tarapaca\/\"},{\"@type\":\"ListItem\",\"position\":2,\"name\":\"CUATRO ESTABLECIMIENTOS EDUCACIONALES REPRESENTAR\u00c1N A TARAPAC\u00c1 EN EL CONGRESO NACIONAL EXPLORA\"}]},{\"@type\":\"WebSite\",\"@id\":\"https:\/\/dev.explora.cl\/tarapaca\/#website\",\"url\":\"https:\/\/dev.explora.cl\/tarapaca\/\",\"name\":\"Tarapaca\",\"description\":\"Otro sitio m\u00e1s de dev.explora.cl\",\"potentialAction\":[{\"@type\":\"SearchAction\",\"target\":{\"@type\":\"EntryPoint\",\"urlTemplate\":\"https:\/\/dev.explora.cl\/tarapaca\/?s={search_term_string}\"},\"query-input\":{\"@type\":\"PropertyValueSpecification\",\"valueRequired\":true,\"valueName\":\"search_term_string\"}}],\"inLanguage\":\"es-CL\"},{\"@type\":\"Person\",\"@id\":\"https:\/\/dev.explora.cl\/tarapaca\/#\/schema\/person\/ca04f8a8f8e25243bd462d34eb1ca505\",\"name\":\"admintarapaca\",\"image\":{\"@type\":\"ImageObject\",\"inLanguage\":\"es-CL\",\"@id\":\"https:\/\/dev.explora.cl\/tarapaca\/#\/schema\/person\/image\/\",\"url\":\"https:\/\/secure.gravatar.com\/avatar\/8ff4762fabbf7a1732a126425c82d628f08ba754529d77a55358cbb74e14343f?s=96&d=mm&r=g\",\"contentUrl\":\"https:\/\/secure.gravatar.com\/avatar\/8ff4762fabbf7a1732a126425c82d628f08ba754529d77a55358cbb74e14343f?s=96&d=mm&r=g\",\"caption\":\"admintarapaca\"},\"url\":\"https:\/\/dev.explora.cl\/tarapaca\/author\/dolivares\/\"}]}<\/script>\n<!-- \/ Yoast SEO plugin. -->","yoast_head_json":{"title":"CUATRO ESTABLECIMIENTOS EDUCACIONALES REPRESENTAR\u00c1N A TARAPAC\u00c1 EN EL CONGRESO NACIONAL EXPLORA - Tarapaca","robots":{"index":"index","follow":"follow","max-snippet":"max-snippet:-1","max-image-preview":"max-image-preview:large","max-video-preview":"max-video-preview:-1"},"canonical":"https:\/\/dev.explora.cl\/tarapaca\/cuatro-establecimientos-educacionales-representaran-a-tarapaca-en-el-congreso-nacional-explora\/","og_locale":"es_ES","og_type":"article","og_title":"CUATRO ESTABLECIMIENTOS EDUCACIONALES REPRESENTAR\u00c1N A TARAPAC\u00c1 EN EL CONGRESO NACIONAL EXPLORA - Tarapaca","og_description":"De los 20 proyectos en competencia, fueron seleccionados los de la Escuela B\u00e1sica de Pachica, Escuela Centenario, Colegio Costa College y Liceo Bicentenario Minero S.S Juan Pablo II. &nbsp; Cuatro proyectos de innovaci\u00f3n e investigaci\u00f3n desarrollados por estudiantes de educaci\u00f3n b\u00e1sica y media, de distintas comunas y localidades de Tarapac\u00e1, fueron los seleccionados por un [&hellip;]","og_url":"https:\/\/dev.explora.cl\/tarapaca\/cuatro-establecimientos-educacionales-representaran-a-tarapaca-en-el-congreso-nacional-explora\/","og_site_name":"Tarapaca","article_published_time":"2022-11-14T20:02:27+00:00","article_modified_time":"2022-12-20T16:29:20+00:00","og_image":[{"width":2048,"height":1367,"url":"https:\/\/dev.explora.cl\/tarapaca\/wp-content\/uploads\/sites\/3\/2022\/11\/centenario.jpg","type":"image\/jpeg"}],"author":"admintarapaca","twitter_card":"summary_large_image","twitter_misc":{"Escrito por":"admintarapaca","Tiempo estimado de lectura":"3 minutos"},"schema":{"@context":"https:\/\/schema.org","@graph":[{"@type":"Article","@id":"https:\/\/dev.explora.cl\/tarapaca\/cuatro-establecimientos-educacionales-representaran-a-tarapaca-en-el-congreso-nacional-explora\/#article","isPartOf":{"@id":"https:\/\/dev.explora.cl\/tarapaca\/cuatro-establecimientos-educacionales-representaran-a-tarapaca-en-el-congreso-nacional-explora\/"},"author":{"name":"admintarapaca","@id":"https:\/\/dev.explora.cl\/tarapaca\/#\/schema\/person\/ca04f8a8f8e25243bd462d34eb1ca505"},"headline":"CUATRO ESTABLECIMIENTOS EDUCACIONALES REPRESENTAR\u00c1N A TARAPAC\u00c1 EN EL CONGRESO NACIONAL EXPLORA","datePublished":"2022-11-14T20:02:27+00:00","dateModified":"2022-12-20T16:29:20+00:00","mainEntityOfPage":{"@id":"https:\/\/dev.explora.cl\/tarapaca\/cuatro-establecimientos-educacionales-representaran-a-tarapaca-en-el-congreso-nacional-explora\/"},"wordCount":701,"commentCount":0,"image":{"@id":"https:\/\/dev.explora.cl\/tarapaca\/cuatro-establecimientos-educacionales-representaran-a-tarapaca-en-el-congreso-nacional-explora\/#primaryimage"},"thumbnailUrl":"https:\/\/dev.explora.cl\/tarapaca\/wp-content\/uploads\/sites\/3\/2022\/11\/centenario.jpg","articleSection":["Lugar 1","Noticias"],"inLanguage":"es-CL","potentialAction":[{"@type":"CommentAction","name":"Comment","target":["https:\/\/dev.explora.cl\/tarapaca\/cuatro-establecimientos-educacionales-representaran-a-tarapaca-en-el-congreso-nacional-explora\/#respond"]}]},{"@type":"WebPage","@id":"https:\/\/dev.explora.cl\/tarapaca\/cuatro-establecimientos-educacionales-representaran-a-tarapaca-en-el-congreso-nacional-explora\/","url":"https:\/\/dev.explora.cl\/tarapaca\/cuatro-establecimientos-educacionales-representaran-a-tarapaca-en-el-congreso-nacional-explora\/","name":"CUATRO ESTABLECIMIENTOS EDUCACIONALES REPRESENTAR\u00c1N A TARAPAC\u00c1 EN EL CONGRESO NACIONAL EXPLORA - Tarapaca","isPartOf":{"@id":"https:\/\/dev.explora.cl\/tarapaca\/#website"},"primaryImageOfPage":{"@id":"https:\/\/dev.explora.cl\/tarapaca\/cuatro-establecimientos-educacionales-representaran-a-tarapaca-en-el-congreso-nacional-explora\/#primaryimage"},"image":{"@id":"https:\/\/dev.explora.cl\/tarapaca\/cuatro-establecimientos-educacionales-representaran-a-tarapaca-en-el-congreso-nacional-explora\/#primaryimage"},"thumbnailUrl":"https:\/\/dev.explora.cl\/tarapaca\/wp-content\/uploads\/sites\/3\/2022\/11\/centenario.jpg","datePublished":"2022-11-14T20:02:27+00:00","dateModified":"2022-12-20T16:29:20+00:00","author":{"@id":"https:\/\/dev.explora.cl\/tarapaca\/#\/schema\/person\/ca04f8a8f8e25243bd462d34eb1ca505"},"breadcrumb":{"@id":"https:\/\/dev.explora.cl\/tarapaca\/cuatro-establecimientos-educacionales-representaran-a-tarapaca-en-el-congreso-nacional-explora\/#breadcrumb"},"inLanguage":"es-CL","potentialAction":[{"@type":"ReadAction","target":["https:\/\/dev.explora.cl\/tarapaca\/cuatro-establecimientos-educacionales-representaran-a-tarapaca-en-el-congreso-nacional-explora\/"]}]},{"@type":"ImageObject","inLanguage":"es-CL","@id":"https:\/\/dev.explora.cl\/tarapaca\/cuatro-establecimientos-educacionales-representaran-a-tarapaca-en-el-congreso-nacional-explora\/#primaryimage","url":"https:\/\/dev.explora.cl\/tarapaca\/wp-content\/uploads\/sites\/3\/2022\/11\/centenario.jpg","contentUrl":"https:\/\/dev.explora.cl\/tarapaca\/wp-content\/uploads\/sites\/3\/2022\/11\/centenario.jpg","width":2048,"height":1367},{"@type":"BreadcrumbList","@id":"https:\/\/dev.explora.cl\/tarapaca\/cuatro-establecimientos-educacionales-representaran-a-tarapaca-en-el-congreso-nacional-explora\/#breadcrumb","itemListElement":[{"@type":"ListItem","position":1,"name":"Portada","item":"https:\/\/dev.explora.cl\/tarapaca\/"},{"@type":"ListItem","position":2,"name":"CUATRO ESTABLECIMIENTOS EDUCACIONALES REPRESENTAR\u00c1N A TARAPAC\u00c1 EN EL CONGRESO NACIONAL EXPLORA"}]},{"@type":"WebSite","@id":"https:\/\/dev.explora.cl\/tarapaca\/#website","url":"https:\/\/dev.explora.cl\/tarapaca\/","name":"Tarapaca","description":"Otro sitio m\u00e1s de dev.explora.cl","potentialAction":[{"@type":"SearchAction","target":{"@type":"EntryPoint","urlTemplate":"https:\/\/dev.explora.cl\/tarapaca\/?s={search_term_string}"},"query-input":{"@type":"PropertyValueSpecification","valueRequired":true,"valueName":"search_term_string"}}],"inLanguage":"es-CL"},{"@type":"Person","@id":"https:\/\/dev.explora.cl\/tarapaca\/#\/schema\/person\/ca04f8a8f8e25243bd462d34eb1ca505","name":"admintarapaca","image":{"@type":"ImageObject","inLanguage":"es-CL","@id":"https:\/\/dev.explora.cl\/tarapaca\/#\/schema\/person\/image\/","url":"https:\/\/secure.gravatar.com\/avatar\/8ff4762fabbf7a1732a126425c82d628f08ba754529d77a55358cbb74e14343f?s=96&d=mm&r=g","contentUrl":"https:\/\/secure.gravatar.com\/avatar\/8ff4762fabbf7a1732a126425c82d628f08ba754529d77a55358cbb74e14343f?s=96&d=mm&r=g","caption":"admintarapaca"},"url":"https:\/\/dev.explora.cl\/tarapaca\/author\/dolivares\/"}]}},"_links":{"self":[{"href":"https:\/\/dev.explora.cl\/tarapaca\/wp-json\/wp\/v2\/posts\/39694","targetHints":{"allow":["GET"]}}],"collection":[{"href":"https:\/\/dev.explora.cl\/tarapaca\/wp-json\/wp\/v2\/posts"}],"about":[{"href":"https:\/\/dev.explora.cl\/tarapaca\/wp-json\/wp\/v2\/types\/post"}],"author":[{"embeddable":true,"href":"https:\/\/dev.explora.cl\/tarapaca\/wp-json\/wp\/v2\/users\/18"}],"replies":[{"embeddable":true,"href":"https:\/\/dev.explora.cl\/tarapaca\/wp-json\/wp\/v2\/comments?post=39694"}],"version-history":[{"count":2,"href":"https:\/\/dev.explora.cl\/tarapaca\/wp-json\/wp\/v2\/posts\/39694\/revisions"}],"predecessor-version":[{"id":39700,"href":"https:\/\/dev.explora.cl\/tarapaca\/wp-json\/wp\/v2\/posts\/39694\/revisions\/39700"}],"wp:featuredmedia":[{"embeddable":true,"href":"https:\/\/dev.explora.cl\/tarapaca\/wp-json\/wp\/v2\/media\/39695"}],"wp:attachment":[{"href":"https:\/\/dev.explora.cl\/tarapaca\/wp-json\/wp\/v2\/media?parent=39694"}],"wp:term":[{"taxonomy":"category","embeddable":true,"href":"https:\/\/dev.explora.cl\/tarapaca\/wp-json\/wp\/v2\/categories?post=39694"},{"taxonomy":"post_tag","embeddable":true,"href":"https:\/\/dev.explora.cl\/tarapaca\/wp-json\/wp\/v2\/tags?post=39694"}],"curies":[{"name":"wp","href":"https:\/\/api.w.org\/{rel}","templated":true}]}}