{"id":39660,"date":"2022-06-23T17:39:18","date_gmt":"2022-06-23T21:39:18","guid":{"rendered":"https:\/\/dev.explora.cl\/tarapaca\/?p=39660"},"modified":"2022-12-21T12:46:33","modified_gmt":"2022-12-21T15:46:33","slug":"profesionales-de-educacion-parvularia-inician-su-formacion-junto-a-explora-tarapaca-para-fortalecer-sus-competencias-cientificas","status":"publish","type":"post","link":"https:\/\/dev.explora.cl\/tarapaca\/profesionales-de-educacion-parvularia-inician-su-formacion-junto-a-explora-tarapaca-para-fortalecer-sus-competencias-cientificas\/","title":{"rendered":"Profesionales de educaci\u00f3n parvularia inician su formaci\u00f3n junto a Explora Tarapac\u00e1 para fortalecer sus competencias cient\u00edficas"},"content":{"rendered":"<p>Con la participaci\u00f3n de profesionales de educaci\u00f3n parvularia de las comunas de Iquique, Alto Hospicio, Pozo Almonte, Cami\u00f1a, y Pica, el <a href=\"https:\/\/dev.explora.cl\/tarapaca\/\">Proyecto Asociativo Regional (PAR) Explora Tarapac\u00e1<\/a>, de la <a href=\"https:\/\/www.uta.cl\/index.php\/sede-iquique\/\">Universidad de Tarapac\u00e1 sede Iquique<\/a>, inici\u00f3 una nueva versi\u00f3n del Programa de Indagaci\u00f3n para Primeras Edades (PIPE) el cual este a\u00f1o regresa a un formato presencial.<\/p>\n<p>Una ceremonia desarrollada en el hotel Gavina Sens marc\u00f3 el hito inaugural del programa, el cual este a\u00f1o re\u00fane a 48 participantes quienes comenzaron su formaci\u00f3n junto a Explora Tarapac\u00e1 para fortalecer sus competencias cient\u00edficas y as\u00ed facilitar el aprendizaje de las ciencias en edades tempranas.<\/p>\n<p>En el acto, Valeska Zepeda Cordero, directora ejecutiva de Explora Tarapac\u00e1, destac\u00f3 que \u201cPIPE es el inicio de la ruta formativa para que ni\u00f1as y ni\u00f1os desarrollen habilidades propias de las ciencias, la tecnolog\u00eda y la innovaci\u00f3n, y as\u00ed, luego, a trav\u00e9s de distintas iniciativas que ejecutamos con los niveles de ense\u00f1anza b\u00e1sica y media, avancen en este proceso y accedan a la educaci\u00f3n superior con las competencias Explora totalmente incorporadas\u201d.<\/p>\n<p>Por su parte, la directora general de sede (s) de la UTA Iquique, Ang\u00e9lica Cazenave, expres\u00f3 que \u201cpara nosotros, como universidad, Explora no solo es clave para hacer vinculaci\u00f3n, sino que tambi\u00e9n nos lleva a generar un impacto real en la localidad donde estamos. Esta es nuestra misi\u00f3n como instituci\u00f3n, y gracias al trabajo que ustedes van a hacer (participantes del programa), con la buena gu\u00eda de Explora en este, va a ser muy exitoso\u201d.<\/p>\n<p>En la actividad, la encargada de PIPE en Explora Tarapac\u00e1, Priscilla \u00c1lvarez, explic\u00f3 a los participantes que el programa constar\u00e1 de cuatro jornadas de capacitaci\u00f3n y que al completar su participaci\u00f3n en estas, recibir\u00e1n un kit que les permitir\u00e1 implementar las actividades aprendidas en cada sesi\u00f3n. Para ello contar\u00e1n con acompa\u00f1amiento presencial de parte de profesionales del proyecto.<\/p>\n<p><strong>PRIMERA JORNADA<\/strong><br \/>\nLa primera de las cuatro jornadas de capacitaci\u00f3n se desarroll\u00f3 tras la ceremonia inaugural. All\u00ed, Roxana Hormaz\u00e1bal Fajardo, doctora en Educaci\u00f3n y Sociedad por la Universidad de Barcelona, y Bessie Rojas Rodr\u00edguez, m\u00e1ster en Psicodid\u00e1ctica, Psicolog\u00eda de la Educaci\u00f3n y Did\u00e1cticas Espec\u00edficas de la Universidad del Pa\u00eds Vasco, trabajaron con los participantes en torno a la did\u00e1ctica de las ciencias para la educaci\u00f3n inicial.<\/p>\n<p>&#8220;Desde el Ministerio de Ciencia, valoramos estas iniciativas que instan y motivan a nuestros ni\u00f1as y ni\u00f1os a incentivar la curiosidad y pensamiento cr\u00edtico, con inclusi\u00f3n y equidad social, emparejando la cancha&#8221;, dijo el seremi de Ciencia, Tecnolog\u00eda, Conocimiento e Innovaci\u00f3n en la Macrozona Norte, Rub\u00e9n Moraga, quien tambi\u00e9n particip\u00f3 en la actividad.<\/p>\n<p>Tras finalizar la capacitaci\u00f3n que contempl\u00f3 el desarrollo de trabajos y din\u00e1micas grupales,<br \/>\nJuan Carlos Irribarren, de la escuela b\u00e1sica Pozo Almonte, indic\u00f3 que su decisi\u00f3n de postular al programa se debe a sus ansias de adquirir herramientas para trabajar con las ni\u00f1as y los ni\u00f1os en el \u00e1rea de la ciencia as\u00ed como en la indagaci\u00f3n. \u201cLa estructura mental de un ni\u00f1o de nivel de transici\u00f3n es diferente a la de los m\u00e1s grandes, por lo que se requiere un sistema de aprendizaje especial y en este programa espero aprender las herramientas para lograr la ense\u00f1anza de estos conocimientos\u201d.<\/p>\n<p>Esta misma expectativa tiene Jacqueline Araya, del jard\u00edn infantil Los Pampinitos, quien se\u00f1al\u00f3 que -a trav\u00e9s de la implementaci\u00f3n de los aprendizajes que se alcancen en PIPE- espera que \u201clos ni\u00f1os abran sus mentes y puedan so\u00f1ar\u201d.<\/p>\n<p>Para el desarrollo de este programa as\u00ed como del resto de iniciativas, el Proyecto Explora Tarapac\u00e1 cuenta con el financiamiento del <a href=\"https:\/\/www.minciencia.gob.cl\/\">Ministerio de Ciencia, Tecnolog\u00eda, Conocimiento e Innovaci\u00f3n.<\/a><\/p>\n<p><img loading=\"lazy\" decoding=\"async\" class=\"alignnone size-medium wp-image-39667\" src=\"https:\/\/dev.explora.cl\/tarapaca\/wp-content\/uploads\/sites\/3\/2022\/06\/Inauguraci\u00f3n-y-jornada-de-capacitaci\u00f3n-PIPE-6-300x200.jpg\" alt=\"\" width=\"300\" height=\"200\" srcset=\"https:\/\/dev.explora.cl\/tarapaca\/wp-content\/uploads\/sites\/3\/2022\/06\/Inauguraci\u00f3n-y-jornada-de-capacitaci\u00f3n-PIPE-6-300x200.jpg 300w, https:\/\/dev.explora.cl\/tarapaca\/wp-content\/uploads\/sites\/3\/2022\/06\/Inauguraci\u00f3n-y-jornada-de-capacitaci\u00f3n-PIPE-6-768x512.jpg 768w, https:\/\/dev.explora.cl\/tarapaca\/wp-content\/uploads\/sites\/3\/2022\/06\/Inauguraci\u00f3n-y-jornada-de-capacitaci\u00f3n-PIPE-6-1024x682.jpg 1024w, https:\/\/dev.explora.cl\/tarapaca\/wp-content\/uploads\/sites\/3\/2022\/06\/Inauguraci\u00f3n-y-jornada-de-capacitaci\u00f3n-PIPE-6.jpg 1280w\" sizes=\"auto, (max-width: 300px) 100vw, 300px\" \/><img loading=\"lazy\" decoding=\"async\" class=\"alignnone size-medium wp-image-39664\" src=\"https:\/\/dev.explora.cl\/tarapaca\/wp-content\/uploads\/sites\/3\/2022\/06\/Inauguraci\u00f3n-y-jornada-de-capacitaci\u00f3n-PIPE-2-300x200.jpg\" alt=\"\" width=\"300\" height=\"200\" srcset=\"https:\/\/dev.explora.cl\/tarapaca\/wp-content\/uploads\/sites\/3\/2022\/06\/Inauguraci\u00f3n-y-jornada-de-capacitaci\u00f3n-PIPE-2-300x200.jpg 300w, https:\/\/dev.explora.cl\/tarapaca\/wp-content\/uploads\/sites\/3\/2022\/06\/Inauguraci\u00f3n-y-jornada-de-capacitaci\u00f3n-PIPE-2-768x512.jpg 768w, https:\/\/dev.explora.cl\/tarapaca\/wp-content\/uploads\/sites\/3\/2022\/06\/Inauguraci\u00f3n-y-jornada-de-capacitaci\u00f3n-PIPE-2-1024x682.jpg 1024w, https:\/\/dev.explora.cl\/tarapaca\/wp-content\/uploads\/sites\/3\/2022\/06\/Inauguraci\u00f3n-y-jornada-de-capacitaci\u00f3n-PIPE-2.jpg 1280w\" sizes=\"auto, (max-width: 300px) 100vw, 300px\" \/><img loading=\"lazy\" decoding=\"async\" class=\"alignnone size-medium wp-image-39665\" src=\"https:\/\/dev.explora.cl\/tarapaca\/wp-content\/uploads\/sites\/3\/2022\/06\/Inauguraci\u00f3n-y-jornada-de-capacitaci\u00f3n-PIPE-3-300x200.jpg\" alt=\"\" width=\"300\" height=\"200\" srcset=\"https:\/\/dev.explora.cl\/tarapaca\/wp-content\/uploads\/sites\/3\/2022\/06\/Inauguraci\u00f3n-y-jornada-de-capacitaci\u00f3n-PIPE-3-300x200.jpg 300w, https:\/\/dev.explora.cl\/tarapaca\/wp-content\/uploads\/sites\/3\/2022\/06\/Inauguraci\u00f3n-y-jornada-de-capacitaci\u00f3n-PIPE-3-768x512.jpg 768w, https:\/\/dev.explora.cl\/tarapaca\/wp-content\/uploads\/sites\/3\/2022\/06\/Inauguraci\u00f3n-y-jornada-de-capacitaci\u00f3n-PIPE-3-1024x682.jpg 1024w, https:\/\/dev.explora.cl\/tarapaca\/wp-content\/uploads\/sites\/3\/2022\/06\/Inauguraci\u00f3n-y-jornada-de-capacitaci\u00f3n-PIPE-3.jpg 1280w\" sizes=\"auto, (max-width: 300px) 100vw, 300px\" \/><img loading=\"lazy\" decoding=\"async\" class=\"alignnone size-medium wp-image-39668\" src=\"https:\/\/dev.explora.cl\/tarapaca\/wp-content\/uploads\/sites\/3\/2022\/06\/Inauguraci\u00f3n-y-jornada-de-capacitaci\u00f3n-PIPE-7-300x200.jpg\" alt=\"\" width=\"300\" height=\"200\" srcset=\"https:\/\/dev.explora.cl\/tarapaca\/wp-content\/uploads\/sites\/3\/2022\/06\/Inauguraci\u00f3n-y-jornada-de-capacitaci\u00f3n-PIPE-7-300x200.jpg 300w, https:\/\/dev.explora.cl\/tarapaca\/wp-content\/uploads\/sites\/3\/2022\/06\/Inauguraci\u00f3n-y-jornada-de-capacitaci\u00f3n-PIPE-7-768x512.jpg 768w, https:\/\/dev.explora.cl\/tarapaca\/wp-content\/uploads\/sites\/3\/2022\/06\/Inauguraci\u00f3n-y-jornada-de-capacitaci\u00f3n-PIPE-7-1024x682.jpg 1024w, https:\/\/dev.explora.cl\/tarapaca\/wp-content\/uploads\/sites\/3\/2022\/06\/Inauguraci\u00f3n-y-jornada-de-capacitaci\u00f3n-PIPE-7.jpg 1280w\" sizes=\"auto, (max-width: 300px) 100vw, 300px\" \/><\/p>\n","protected":false},"excerpt":{"rendered":"<p>Proyecto Asociativo Regional de la UTA Iquique inaugur\u00f3 una nueva edici\u00f3n del Programa de Indagaci\u00f3n para Primeras Edades (PIPE). <\/p>\n","protected":false},"author":18,"featured_media":39674,"comment_status":"open","ping_status":"open","sticky":false,"template":"","format":"standard","meta":{"_acf_changed":false,"_exactmetrics_skip_tracking":false,"_exactmetrics_sitenote_active":false,"_exactmetrics_sitenote_note":"","_exactmetrics_sitenote_category":0,"footnotes":"","_links_to":"","_links_to_target":""},"categories":[1],"tags":[268,266,182,275,215],"class_list":["post-39660","post","type-post","status-publish","format-standard","has-post-thumbnail","hentry","category-sin-categoria","tag-explora-tarapaca","tag-ministerio-de-ciencia-tecnologia-conocimiento-e-innovacion","tag-pipe","tag-programa-de-indagacion-para-primeras-edades","tag-uta-iquique"],"acf":[],"yoast_head":"<!-- This site is optimized with the Yoast SEO plugin v26.7 - https:\/\/yoast.com\/wordpress\/plugins\/seo\/ -->\n<title>Profesionales de educaci\u00f3n parvularia inician su formaci\u00f3n junto a Explora Tarapac\u00e1 para fortalecer sus competencias cient\u00edficas - Tarapaca<\/title>\n<meta name=\"robots\" content=\"index, follow, max-snippet:-1, max-image-preview:large, max-video-preview:-1\" \/>\n<link rel=\"canonical\" href=\"https:\/\/dev.explora.cl\/tarapaca\/profesionales-de-educacion-parvularia-inician-su-formacion-junto-a-explora-tarapaca-para-fortalecer-sus-competencias-cientificas\/\" class=\"yoast-seo-meta-tag\" \/>\n<meta property=\"og:locale\" content=\"es_ES\" class=\"yoast-seo-meta-tag\" \/>\n<meta property=\"og:type\" content=\"article\" class=\"yoast-seo-meta-tag\" \/>\n<meta property=\"og:title\" content=\"Profesionales de educaci\u00f3n parvularia inician su formaci\u00f3n junto a Explora Tarapac\u00e1 para fortalecer sus competencias cient\u00edficas - Tarapaca\" class=\"yoast-seo-meta-tag\" \/>\n<meta property=\"og:description\" content=\"Proyecto Asociativo Regional de la UTA Iquique inaugur\u00f3 una nueva edici\u00f3n del Programa de Indagaci\u00f3n para Primeras Edades (PIPE).\" class=\"yoast-seo-meta-tag\" \/>\n<meta property=\"og:url\" content=\"https:\/\/dev.explora.cl\/tarapaca\/profesionales-de-educacion-parvularia-inician-su-formacion-junto-a-explora-tarapaca-para-fortalecer-sus-competencias-cientificas\/\" class=\"yoast-seo-meta-tag\" \/>\n<meta property=\"og:site_name\" content=\"Tarapaca\" class=\"yoast-seo-meta-tag\" \/>\n<meta property=\"article:published_time\" content=\"2022-06-23T21:39:18+00:00\" class=\"yoast-seo-meta-tag\" \/>\n<meta property=\"article:modified_time\" content=\"2022-12-21T15:46:33+00:00\" class=\"yoast-seo-meta-tag\" \/>\n<meta property=\"og:image\" content=\"https:\/\/dev.explora.cl\/tarapaca\/wp-content\/uploads\/sites\/3\/2022\/06\/PIPE-CEREMONIA-1.jpg\" class=\"yoast-seo-meta-tag\" \/>\n\t<meta property=\"og:image:width\" content=\"3983\" class=\"yoast-seo-meta-tag\" \/>\n\t<meta property=\"og:image:height\" content=\"2055\" class=\"yoast-seo-meta-tag\" \/>\n\t<meta property=\"og:image:type\" content=\"image\/jpeg\" class=\"yoast-seo-meta-tag\" \/>\n<meta name=\"author\" content=\"admintarapaca\" class=\"yoast-seo-meta-tag\" \/>\n<meta name=\"twitter:card\" content=\"summary_large_image\" class=\"yoast-seo-meta-tag\" \/>\n<meta name=\"twitter:label1\" content=\"Escrito por\" class=\"yoast-seo-meta-tag\" \/>\n\t<meta name=\"twitter:data1\" content=\"admintarapaca\" class=\"yoast-seo-meta-tag\" \/>\n\t<meta name=\"twitter:label2\" content=\"Tiempo estimado de lectura\" class=\"yoast-seo-meta-tag\" \/>\n\t<meta name=\"twitter:data2\" content=\"3 minutos\" class=\"yoast-seo-meta-tag\" \/>\n<script type=\"application\/ld+json\" class=\"yoast-schema-graph\">{\"@context\":\"https:\/\/schema.org\",\"@graph\":[{\"@type\":\"Article\",\"@id\":\"https:\/\/dev.explora.cl\/tarapaca\/profesionales-de-educacion-parvularia-inician-su-formacion-junto-a-explora-tarapaca-para-fortalecer-sus-competencias-cientificas\/#article\",\"isPartOf\":{\"@id\":\"https:\/\/dev.explora.cl\/tarapaca\/profesionales-de-educacion-parvularia-inician-su-formacion-junto-a-explora-tarapaca-para-fortalecer-sus-competencias-cientificas\/\"},\"author\":{\"name\":\"admintarapaca\",\"@id\":\"https:\/\/dev.explora.cl\/tarapaca\/#\/schema\/person\/ca04f8a8f8e25243bd462d34eb1ca505\"},\"headline\":\"Profesionales de educaci\u00f3n parvularia inician su formaci\u00f3n junto a Explora Tarapac\u00e1 para fortalecer sus competencias cient\u00edficas\",\"datePublished\":\"2022-06-23T21:39:18+00:00\",\"dateModified\":\"2022-12-21T15:46:33+00:00\",\"mainEntityOfPage\":{\"@id\":\"https:\/\/dev.explora.cl\/tarapaca\/profesionales-de-educacion-parvularia-inician-su-formacion-junto-a-explora-tarapaca-para-fortalecer-sus-competencias-cientificas\/\"},\"wordCount\":677,\"commentCount\":0,\"image\":{\"@id\":\"https:\/\/dev.explora.cl\/tarapaca\/profesionales-de-educacion-parvularia-inician-su-formacion-junto-a-explora-tarapaca-para-fortalecer-sus-competencias-cientificas\/#primaryimage\"},\"thumbnailUrl\":\"https:\/\/dev.explora.cl\/tarapaca\/wp-content\/uploads\/sites\/3\/2022\/06\/PIPE-CEREMONIA-1.jpg\",\"keywords\":[\"Explora Tarapac\u00e1\",\"Ministerio de Ciencia Tecnolog\u00eda Conocimiento e Innovaci\u00f3n\",\"PIPE\",\"Programa de Indagaci\u00f3n para Primeras Edades\",\"UTA Iquique\"],\"inLanguage\":\"es-CL\",\"potentialAction\":[{\"@type\":\"CommentAction\",\"name\":\"Comment\",\"target\":[\"https:\/\/dev.explora.cl\/tarapaca\/profesionales-de-educacion-parvularia-inician-su-formacion-junto-a-explora-tarapaca-para-fortalecer-sus-competencias-cientificas\/#respond\"]}]},{\"@type\":\"WebPage\",\"@id\":\"https:\/\/dev.explora.cl\/tarapaca\/profesionales-de-educacion-parvularia-inician-su-formacion-junto-a-explora-tarapaca-para-fortalecer-sus-competencias-cientificas\/\",\"url\":\"https:\/\/dev.explora.cl\/tarapaca\/profesionales-de-educacion-parvularia-inician-su-formacion-junto-a-explora-tarapaca-para-fortalecer-sus-competencias-cientificas\/\",\"name\":\"Profesionales de educaci\u00f3n parvularia inician su formaci\u00f3n junto a Explora Tarapac\u00e1 para fortalecer sus competencias cient\u00edficas - Tarapaca\",\"isPartOf\":{\"@id\":\"https:\/\/dev.explora.cl\/tarapaca\/#website\"},\"primaryImageOfPage\":{\"@id\":\"https:\/\/dev.explora.cl\/tarapaca\/profesionales-de-educacion-parvularia-inician-su-formacion-junto-a-explora-tarapaca-para-fortalecer-sus-competencias-cientificas\/#primaryimage\"},\"image\":{\"@id\":\"https:\/\/dev.explora.cl\/tarapaca\/profesionales-de-educacion-parvularia-inician-su-formacion-junto-a-explora-tarapaca-para-fortalecer-sus-competencias-cientificas\/#primaryimage\"},\"thumbnailUrl\":\"https:\/\/dev.explora.cl\/tarapaca\/wp-content\/uploads\/sites\/3\/2022\/06\/PIPE-CEREMONIA-1.jpg\",\"datePublished\":\"2022-06-23T21:39:18+00:00\",\"dateModified\":\"2022-12-21T15:46:33+00:00\",\"author\":{\"@id\":\"https:\/\/dev.explora.cl\/tarapaca\/#\/schema\/person\/ca04f8a8f8e25243bd462d34eb1ca505\"},\"breadcrumb\":{\"@id\":\"https:\/\/dev.explora.cl\/tarapaca\/profesionales-de-educacion-parvularia-inician-su-formacion-junto-a-explora-tarapaca-para-fortalecer-sus-competencias-cientificas\/#breadcrumb\"},\"inLanguage\":\"es-CL\",\"potentialAction\":[{\"@type\":\"ReadAction\",\"target\":[\"https:\/\/dev.explora.cl\/tarapaca\/profesionales-de-educacion-parvularia-inician-su-formacion-junto-a-explora-tarapaca-para-fortalecer-sus-competencias-cientificas\/\"]}]},{\"@type\":\"ImageObject\",\"inLanguage\":\"es-CL\",\"@id\":\"https:\/\/dev.explora.cl\/tarapaca\/profesionales-de-educacion-parvularia-inician-su-formacion-junto-a-explora-tarapaca-para-fortalecer-sus-competencias-cientificas\/#primaryimage\",\"url\":\"https:\/\/dev.explora.cl\/tarapaca\/wp-content\/uploads\/sites\/3\/2022\/06\/PIPE-CEREMONIA-1.jpg\",\"contentUrl\":\"https:\/\/dev.explora.cl\/tarapaca\/wp-content\/uploads\/sites\/3\/2022\/06\/PIPE-CEREMONIA-1.jpg\",\"width\":3983,\"height\":2055},{\"@type\":\"BreadcrumbList\",\"@id\":\"https:\/\/dev.explora.cl\/tarapaca\/profesionales-de-educacion-parvularia-inician-su-formacion-junto-a-explora-tarapaca-para-fortalecer-sus-competencias-cientificas\/#breadcrumb\",\"itemListElement\":[{\"@type\":\"ListItem\",\"position\":1,\"name\":\"Portada\",\"item\":\"https:\/\/dev.explora.cl\/tarapaca\/\"},{\"@type\":\"ListItem\",\"position\":2,\"name\":\"Profesionales de educaci\u00f3n parvularia inician su formaci\u00f3n junto a Explora Tarapac\u00e1 para fortalecer sus competencias cient\u00edficas\"}]},{\"@type\":\"WebSite\",\"@id\":\"https:\/\/dev.explora.cl\/tarapaca\/#website\",\"url\":\"https:\/\/dev.explora.cl\/tarapaca\/\",\"name\":\"Tarapaca\",\"description\":\"Otro sitio m\u00e1s de dev.explora.cl\",\"potentialAction\":[{\"@type\":\"SearchAction\",\"target\":{\"@type\":\"EntryPoint\",\"urlTemplate\":\"https:\/\/dev.explora.cl\/tarapaca\/?s={search_term_string}\"},\"query-input\":{\"@type\":\"PropertyValueSpecification\",\"valueRequired\":true,\"valueName\":\"search_term_string\"}}],\"inLanguage\":\"es-CL\"},{\"@type\":\"Person\",\"@id\":\"https:\/\/dev.explora.cl\/tarapaca\/#\/schema\/person\/ca04f8a8f8e25243bd462d34eb1ca505\",\"name\":\"admintarapaca\",\"image\":{\"@type\":\"ImageObject\",\"inLanguage\":\"es-CL\",\"@id\":\"https:\/\/dev.explora.cl\/tarapaca\/#\/schema\/person\/image\/\",\"url\":\"https:\/\/secure.gravatar.com\/avatar\/8ff4762fabbf7a1732a126425c82d628f08ba754529d77a55358cbb74e14343f?s=96&d=mm&r=g\",\"contentUrl\":\"https:\/\/secure.gravatar.com\/avatar\/8ff4762fabbf7a1732a126425c82d628f08ba754529d77a55358cbb74e14343f?s=96&d=mm&r=g\",\"caption\":\"admintarapaca\"},\"url\":\"https:\/\/dev.explora.cl\/tarapaca\/author\/dolivares\/\"}]}<\/script>\n<!-- \/ Yoast SEO plugin. -->","yoast_head_json":{"title":"Profesionales de educaci\u00f3n parvularia inician su formaci\u00f3n junto a Explora Tarapac\u00e1 para fortalecer sus competencias cient\u00edficas - Tarapaca","robots":{"index":"index","follow":"follow","max-snippet":"max-snippet:-1","max-image-preview":"max-image-preview:large","max-video-preview":"max-video-preview:-1"},"canonical":"https:\/\/dev.explora.cl\/tarapaca\/profesionales-de-educacion-parvularia-inician-su-formacion-junto-a-explora-tarapaca-para-fortalecer-sus-competencias-cientificas\/","og_locale":"es_ES","og_type":"article","og_title":"Profesionales de educaci\u00f3n parvularia inician su formaci\u00f3n junto a Explora Tarapac\u00e1 para fortalecer sus competencias cient\u00edficas - Tarapaca","og_description":"Proyecto Asociativo Regional de la UTA Iquique inaugur\u00f3 una nueva edici\u00f3n del Programa de Indagaci\u00f3n para Primeras Edades (PIPE).","og_url":"https:\/\/dev.explora.cl\/tarapaca\/profesionales-de-educacion-parvularia-inician-su-formacion-junto-a-explora-tarapaca-para-fortalecer-sus-competencias-cientificas\/","og_site_name":"Tarapaca","article_published_time":"2022-06-23T21:39:18+00:00","article_modified_time":"2022-12-21T15:46:33+00:00","og_image":[{"width":3983,"height":2055,"url":"https:\/\/dev.explora.cl\/tarapaca\/wp-content\/uploads\/sites\/3\/2022\/06\/PIPE-CEREMONIA-1.jpg","type":"image\/jpeg"}],"author":"admintarapaca","twitter_card":"summary_large_image","twitter_misc":{"Escrito por":"admintarapaca","Tiempo estimado de lectura":"3 minutos"},"schema":{"@context":"https:\/\/schema.org","@graph":[{"@type":"Article","@id":"https:\/\/dev.explora.cl\/tarapaca\/profesionales-de-educacion-parvularia-inician-su-formacion-junto-a-explora-tarapaca-para-fortalecer-sus-competencias-cientificas\/#article","isPartOf":{"@id":"https:\/\/dev.explora.cl\/tarapaca\/profesionales-de-educacion-parvularia-inician-su-formacion-junto-a-explora-tarapaca-para-fortalecer-sus-competencias-cientificas\/"},"author":{"name":"admintarapaca","@id":"https:\/\/dev.explora.cl\/tarapaca\/#\/schema\/person\/ca04f8a8f8e25243bd462d34eb1ca505"},"headline":"Profesionales de educaci\u00f3n parvularia inician su formaci\u00f3n junto a Explora Tarapac\u00e1 para fortalecer sus competencias cient\u00edficas","datePublished":"2022-06-23T21:39:18+00:00","dateModified":"2022-12-21T15:46:33+00:00","mainEntityOfPage":{"@id":"https:\/\/dev.explora.cl\/tarapaca\/profesionales-de-educacion-parvularia-inician-su-formacion-junto-a-explora-tarapaca-para-fortalecer-sus-competencias-cientificas\/"},"wordCount":677,"commentCount":0,"image":{"@id":"https:\/\/dev.explora.cl\/tarapaca\/profesionales-de-educacion-parvularia-inician-su-formacion-junto-a-explora-tarapaca-para-fortalecer-sus-competencias-cientificas\/#primaryimage"},"thumbnailUrl":"https:\/\/dev.explora.cl\/tarapaca\/wp-content\/uploads\/sites\/3\/2022\/06\/PIPE-CEREMONIA-1.jpg","keywords":["Explora Tarapac\u00e1","Ministerio de Ciencia Tecnolog\u00eda Conocimiento e Innovaci\u00f3n","PIPE","Programa de Indagaci\u00f3n para Primeras Edades","UTA Iquique"],"inLanguage":"es-CL","potentialAction":[{"@type":"CommentAction","name":"Comment","target":["https:\/\/dev.explora.cl\/tarapaca\/profesionales-de-educacion-parvularia-inician-su-formacion-junto-a-explora-tarapaca-para-fortalecer-sus-competencias-cientificas\/#respond"]}]},{"@type":"WebPage","@id":"https:\/\/dev.explora.cl\/tarapaca\/profesionales-de-educacion-parvularia-inician-su-formacion-junto-a-explora-tarapaca-para-fortalecer-sus-competencias-cientificas\/","url":"https:\/\/dev.explora.cl\/tarapaca\/profesionales-de-educacion-parvularia-inician-su-formacion-junto-a-explora-tarapaca-para-fortalecer-sus-competencias-cientificas\/","name":"Profesionales de educaci\u00f3n parvularia inician su formaci\u00f3n junto a Explora Tarapac\u00e1 para fortalecer sus competencias cient\u00edficas - Tarapaca","isPartOf":{"@id":"https:\/\/dev.explora.cl\/tarapaca\/#website"},"primaryImageOfPage":{"@id":"https:\/\/dev.explora.cl\/tarapaca\/profesionales-de-educacion-parvularia-inician-su-formacion-junto-a-explora-tarapaca-para-fortalecer-sus-competencias-cientificas\/#primaryimage"},"image":{"@id":"https:\/\/dev.explora.cl\/tarapaca\/profesionales-de-educacion-parvularia-inician-su-formacion-junto-a-explora-tarapaca-para-fortalecer-sus-competencias-cientificas\/#primaryimage"},"thumbnailUrl":"https:\/\/dev.explora.cl\/tarapaca\/wp-content\/uploads\/sites\/3\/2022\/06\/PIPE-CEREMONIA-1.jpg","datePublished":"2022-06-23T21:39:18+00:00","dateModified":"2022-12-21T15:46:33+00:00","author":{"@id":"https:\/\/dev.explora.cl\/tarapaca\/#\/schema\/person\/ca04f8a8f8e25243bd462d34eb1ca505"},"breadcrumb":{"@id":"https:\/\/dev.explora.cl\/tarapaca\/profesionales-de-educacion-parvularia-inician-su-formacion-junto-a-explora-tarapaca-para-fortalecer-sus-competencias-cientificas\/#breadcrumb"},"inLanguage":"es-CL","potentialAction":[{"@type":"ReadAction","target":["https:\/\/dev.explora.cl\/tarapaca\/profesionales-de-educacion-parvularia-inician-su-formacion-junto-a-explora-tarapaca-para-fortalecer-sus-competencias-cientificas\/"]}]},{"@type":"ImageObject","inLanguage":"es-CL","@id":"https:\/\/dev.explora.cl\/tarapaca\/profesionales-de-educacion-parvularia-inician-su-formacion-junto-a-explora-tarapaca-para-fortalecer-sus-competencias-cientificas\/#primaryimage","url":"https:\/\/dev.explora.cl\/tarapaca\/wp-content\/uploads\/sites\/3\/2022\/06\/PIPE-CEREMONIA-1.jpg","contentUrl":"https:\/\/dev.explora.cl\/tarapaca\/wp-content\/uploads\/sites\/3\/2022\/06\/PIPE-CEREMONIA-1.jpg","width":3983,"height":2055},{"@type":"BreadcrumbList","@id":"https:\/\/dev.explora.cl\/tarapaca\/profesionales-de-educacion-parvularia-inician-su-formacion-junto-a-explora-tarapaca-para-fortalecer-sus-competencias-cientificas\/#breadcrumb","itemListElement":[{"@type":"ListItem","position":1,"name":"Portada","item":"https:\/\/dev.explora.cl\/tarapaca\/"},{"@type":"ListItem","position":2,"name":"Profesionales de educaci\u00f3n parvularia inician su formaci\u00f3n junto a Explora Tarapac\u00e1 para fortalecer sus competencias cient\u00edficas"}]},{"@type":"WebSite","@id":"https:\/\/dev.explora.cl\/tarapaca\/#website","url":"https:\/\/dev.explora.cl\/tarapaca\/","name":"Tarapaca","description":"Otro sitio m\u00e1s de dev.explora.cl","potentialAction":[{"@type":"SearchAction","target":{"@type":"EntryPoint","urlTemplate":"https:\/\/dev.explora.cl\/tarapaca\/?s={search_term_string}"},"query-input":{"@type":"PropertyValueSpecification","valueRequired":true,"valueName":"search_term_string"}}],"inLanguage":"es-CL"},{"@type":"Person","@id":"https:\/\/dev.explora.cl\/tarapaca\/#\/schema\/person\/ca04f8a8f8e25243bd462d34eb1ca505","name":"admintarapaca","image":{"@type":"ImageObject","inLanguage":"es-CL","@id":"https:\/\/dev.explora.cl\/tarapaca\/#\/schema\/person\/image\/","url":"https:\/\/secure.gravatar.com\/avatar\/8ff4762fabbf7a1732a126425c82d628f08ba754529d77a55358cbb74e14343f?s=96&d=mm&r=g","contentUrl":"https:\/\/secure.gravatar.com\/avatar\/8ff4762fabbf7a1732a126425c82d628f08ba754529d77a55358cbb74e14343f?s=96&d=mm&r=g","caption":"admintarapaca"},"url":"https:\/\/dev.explora.cl\/tarapaca\/author\/dolivares\/"}]}},"_links":{"self":[{"href":"https:\/\/dev.explora.cl\/tarapaca\/wp-json\/wp\/v2\/posts\/39660","targetHints":{"allow":["GET"]}}],"collection":[{"href":"https:\/\/dev.explora.cl\/tarapaca\/wp-json\/wp\/v2\/posts"}],"about":[{"href":"https:\/\/dev.explora.cl\/tarapaca\/wp-json\/wp\/v2\/types\/post"}],"author":[{"embeddable":true,"href":"https:\/\/dev.explora.cl\/tarapaca\/wp-json\/wp\/v2\/users\/18"}],"replies":[{"embeddable":true,"href":"https:\/\/dev.explora.cl\/tarapaca\/wp-json\/wp\/v2\/comments?post=39660"}],"version-history":[{"count":3,"href":"https:\/\/dev.explora.cl\/tarapaca\/wp-json\/wp\/v2\/posts\/39660\/revisions"}],"predecessor-version":[{"id":39673,"href":"https:\/\/dev.explora.cl\/tarapaca\/wp-json\/wp\/v2\/posts\/39660\/revisions\/39673"}],"wp:featuredmedia":[{"embeddable":true,"href":"https:\/\/dev.explora.cl\/tarapaca\/wp-json\/wp\/v2\/media\/39674"}],"wp:attachment":[{"href":"https:\/\/dev.explora.cl\/tarapaca\/wp-json\/wp\/v2\/media?parent=39660"}],"wp:term":[{"taxonomy":"category","embeddable":true,"href":"https:\/\/dev.explora.cl\/tarapaca\/wp-json\/wp\/v2\/categories?post=39660"},{"taxonomy":"post_tag","embeddable":true,"href":"https:\/\/dev.explora.cl\/tarapaca\/wp-json\/wp\/v2\/tags?post=39660"}],"curies":[{"name":"wp","href":"https:\/\/api.w.org\/{rel}","templated":true}]}}