{"id":39649,"date":"2022-06-13T16:14:41","date_gmt":"2022-06-13T20:14:41","guid":{"rendered":"https:\/\/dev.explora.cl\/tarapaca\/?p=39649"},"modified":"2022-12-21T12:50:14","modified_gmt":"2022-12-21T15:50:14","slug":"convocan-a-estudiantes-a-postular-a-la-segunda-edicion-de-cuentos-interculturales-de-tarapaca","status":"publish","type":"post","link":"https:\/\/dev.explora.cl\/tarapaca\/convocan-a-estudiantes-a-postular-a-la-segunda-edicion-de-cuentos-interculturales-de-tarapaca\/","title":{"rendered":"Convocan a estudiantes a postular a la segunda edici\u00f3n de \u201cCuentos Interculturales de Tarapac\u00e1\u201d"},"content":{"rendered":"<p>Por segundo a\u00f1o consecutivo, la <a href=\"https:\/\/www.uta.cl\/index.php\/sede-iquique\/\">Universidad de Tarapac\u00e1 Sede Iquique<\/a>, a trav\u00e9s del Proyecto Asociativo Regional (PAR) Explora Tarapac\u00e1, desarrollar\u00e1 la iniciativa \u201cCuentos Interculturales de Tarapac\u00e1\u201d con el prop\u00f3sito de promover el intercambio intercultural y el di\u00e1logo entre estudiantes de diferentes nacionalidades y etnias presentes en la regi\u00f3n, por medio de la expresi\u00f3n literaria como herramienta de las ciencias para generar una instancia de convivencia arm\u00f3nica, inclusi\u00f3n y valoraci\u00f3n de distintos saberes.<\/p>\n<p>As\u00ed lo dio a conocer la directora ejecutiva de Explora Tarapac\u00e1, Valeska Zepeda Cordero, quien anunci\u00f3 el inicio de la convocatoria para esta nueva edici\u00f3n, la cual est\u00e1 dirigida a estudiantes de quinto b\u00e1sico a cuarto medio de las siete comunas de la regi\u00f3n, quienes podr\u00e1n participar enviando cuentos de autor\u00eda propia con una tem\u00e1tica intercultural, destacando la historia, las comunidades y las diversas culturas existentes en la regi\u00f3n y c\u00f3mo estas coexisten en nuestro territorio.<\/p>\n<p>\u201cPara la Universidad de Tarapac\u00e1 Sede Iquique, la interculturalidad, integraci\u00f3n e identidad regional son ejes importante en el desarrollo de su labor. Por lo mismo, a trav\u00e9s de su Proyecto Explora Tarapac\u00e1, impulsamos esta iniciativa que el 2021 tuvo gran acogida por parte de la comunidad educativa, alcanzando importantes resultados que en esta nueva edici\u00f3n esperamos volver a lograr e incluso superar\u201d, puntualiz\u00f3.<\/p>\n<p><strong>INSCRIPCIONES Y REQUISITOS<\/strong><br \/>\nLos estudiantes interesados podr\u00e1n enviar, entre el 13 de junio y el 07 de octubre, hasta dos cuentos por persona. Estos deber\u00e1n tener una extensi\u00f3n m\u00e1xima de una plana o 500 palabras en un documento Word tama\u00f1o carta, adem\u00e1s de cumplir con otros requisitos establecidos en las bases.<\/p>\n<p>Los cuentos que se reciban y se ajusten a los criterios se\u00f1alados en las bases, ser\u00e1n sometidos a un proceso de evaluaci\u00f3n y selecci\u00f3n por parte del jurado que calificar\u00e1 la calidad literaria de los cuentos, su pertenencia al tema principal como es la interculturalidad y el desarrollo de esta en el territorio, adem\u00e1s de su originalidad y creatividad.<\/p>\n<p>Al igual que el a\u00f1o anterior, de la totalidad de cuentos postulados, se seleccionar\u00e1n 12 trabajados destacados, los cuales ser\u00e1n ilustrados e impresos en pendones, para posteriormente exhibirlos a la comunidad, a fin de que puedan conocer las creaciones realizadas por los estudiantes. De igual modo, estos se recopilar\u00e1n en un libro ilustrado, el cual se presentar\u00e1 en un encuentro literario donde cada autor leer\u00e1 su creaci\u00f3n. Adem\u00e1s, se llevar\u00e1n a formato audiolibro.<\/p>\n<p>El Proyecto Explora Tarapac\u00e1 es financiado por el <a href=\"https:\/\/www.minciencia.gob.cl\/\">Ministerio de Ciencia, Tecnolog\u00eda, Conocimiento e Innovaci\u00f3n<\/a>. En ese sentido, esta y todas sus actividades que ejecuta son gratuitas.<\/p>\n<p>Para participar de esta iniciativa, los estudiantes deben enviar sus cuentos al correo electr\u00f3nico <a href=\"mailto:cuentosexploratarapaca@gmail.com\">cuentosexploratarapaca@gmail.com<\/a>, indicando su nombre completo, RUT, establecimiento educacional y curso. Las bases se pueden descargar en la p\u00e1gina web de Explora Tarapac\u00e1: https:\/\/dev.explora.cl\/tarapaca\/.<\/p>\n","protected":false},"excerpt":{"rendered":"<p>Por segundo a\u00f1o consecutivo, la Universidad de Tarapac\u00e1 Sede Iquique, a trav\u00e9s del Proyecto Asociativo Regional (PAR) Explora Tarapac\u00e1, desarrollar\u00e1 la iniciativa \u201cCuentos Interculturales de Tarapac\u00e1\u201d con el prop\u00f3sito de promover el intercambio intercultural y el di\u00e1logo entre estudiantes de diferentes nacionalidades y etnias presentes en la regi\u00f3n, por medio de la expresi\u00f3n literaria como [&hellip;]<\/p>\n","protected":false},"author":18,"featured_media":39650,"comment_status":"open","ping_status":"open","sticky":false,"template":"","format":"standard","meta":{"_acf_changed":false,"_exactmetrics_skip_tracking":false,"_exactmetrics_sitenote_active":false,"_exactmetrics_sitenote_note":"","_exactmetrics_sitenote_category":0,"footnotes":"","_links_to":"","_links_to_target":""},"categories":[1],"tags":[272,268,181,215],"class_list":["post-39649","post","type-post","status-publish","format-standard","has-post-thumbnail","hentry","category-sin-categoria","tag-cuentos-interculturales-de-tarapaca","tag-explora-tarapaca","tag-ministerio-de-ciencia","tag-uta-iquique"],"acf":[],"yoast_head":"<!-- This site is optimized with the Yoast SEO plugin v26.7 - https:\/\/yoast.com\/wordpress\/plugins\/seo\/ -->\n<title>Convocan a estudiantes a postular a la segunda edici\u00f3n de \u201cCuentos Interculturales de Tarapac\u00e1\u201d - Tarapaca<\/title>\n<meta name=\"robots\" content=\"index, follow, max-snippet:-1, max-image-preview:large, max-video-preview:-1\" \/>\n<link rel=\"canonical\" href=\"https:\/\/dev.explora.cl\/tarapaca\/convocan-a-estudiantes-a-postular-a-la-segunda-edicion-de-cuentos-interculturales-de-tarapaca\/\" class=\"yoast-seo-meta-tag\" \/>\n<meta property=\"og:locale\" content=\"es_ES\" class=\"yoast-seo-meta-tag\" \/>\n<meta property=\"og:type\" content=\"article\" class=\"yoast-seo-meta-tag\" \/>\n<meta property=\"og:title\" content=\"Convocan a estudiantes a postular a la segunda edici\u00f3n de \u201cCuentos Interculturales de Tarapac\u00e1\u201d - Tarapaca\" class=\"yoast-seo-meta-tag\" \/>\n<meta property=\"og:description\" content=\"Por segundo a\u00f1o consecutivo, la Universidad de Tarapac\u00e1 Sede Iquique, a trav\u00e9s del Proyecto Asociativo Regional (PAR) Explora Tarapac\u00e1, desarrollar\u00e1 la iniciativa \u201cCuentos Interculturales de Tarapac\u00e1\u201d con el prop\u00f3sito de promover el intercambio intercultural y el di\u00e1logo entre estudiantes de diferentes nacionalidades y etnias presentes en la regi\u00f3n, por medio de la expresi\u00f3n literaria como [&hellip;]\" class=\"yoast-seo-meta-tag\" \/>\n<meta property=\"og:url\" content=\"https:\/\/dev.explora.cl\/tarapaca\/convocan-a-estudiantes-a-postular-a-la-segunda-edicion-de-cuentos-interculturales-de-tarapaca\/\" class=\"yoast-seo-meta-tag\" \/>\n<meta property=\"og:site_name\" content=\"Tarapaca\" class=\"yoast-seo-meta-tag\" \/>\n<meta property=\"article:published_time\" content=\"2022-06-13T20:14:41+00:00\" class=\"yoast-seo-meta-tag\" \/>\n<meta property=\"article:modified_time\" content=\"2022-12-21T15:50:14+00:00\" class=\"yoast-seo-meta-tag\" \/>\n<meta property=\"og:image\" content=\"https:\/\/dev.explora.cl\/tarapaca\/wp-content\/uploads\/sites\/3\/2022\/06\/1-Convocatoria-Cuentos-Interculturales-de-Tarapac\u00e1-2022-1.jpg\" class=\"yoast-seo-meta-tag\" \/>\n\t<meta property=\"og:image:width\" content=\"1024\" class=\"yoast-seo-meta-tag\" \/>\n\t<meta property=\"og:image:height\" content=\"821\" class=\"yoast-seo-meta-tag\" \/>\n\t<meta property=\"og:image:type\" content=\"image\/jpeg\" class=\"yoast-seo-meta-tag\" \/>\n<meta name=\"author\" content=\"admintarapaca\" class=\"yoast-seo-meta-tag\" \/>\n<meta name=\"twitter:card\" content=\"summary_large_image\" class=\"yoast-seo-meta-tag\" \/>\n<meta name=\"twitter:label1\" content=\"Escrito por\" class=\"yoast-seo-meta-tag\" \/>\n\t<meta name=\"twitter:data1\" content=\"admintarapaca\" class=\"yoast-seo-meta-tag\" \/>\n\t<meta name=\"twitter:label2\" content=\"Tiempo estimado de lectura\" class=\"yoast-seo-meta-tag\" \/>\n\t<meta name=\"twitter:data2\" content=\"3 minutos\" class=\"yoast-seo-meta-tag\" \/>\n<script type=\"application\/ld+json\" class=\"yoast-schema-graph\">{\"@context\":\"https:\/\/schema.org\",\"@graph\":[{\"@type\":\"Article\",\"@id\":\"https:\/\/dev.explora.cl\/tarapaca\/convocan-a-estudiantes-a-postular-a-la-segunda-edicion-de-cuentos-interculturales-de-tarapaca\/#article\",\"isPartOf\":{\"@id\":\"https:\/\/dev.explora.cl\/tarapaca\/convocan-a-estudiantes-a-postular-a-la-segunda-edicion-de-cuentos-interculturales-de-tarapaca\/\"},\"author\":{\"name\":\"admintarapaca\",\"@id\":\"https:\/\/dev.explora.cl\/tarapaca\/#\/schema\/person\/ca04f8a8f8e25243bd462d34eb1ca505\"},\"headline\":\"Convocan a estudiantes a postular a la segunda edici\u00f3n de \u201cCuentos Interculturales de Tarapac\u00e1\u201d\",\"datePublished\":\"2022-06-13T20:14:41+00:00\",\"dateModified\":\"2022-12-21T15:50:14+00:00\",\"mainEntityOfPage\":{\"@id\":\"https:\/\/dev.explora.cl\/tarapaca\/convocan-a-estudiantes-a-postular-a-la-segunda-edicion-de-cuentos-interculturales-de-tarapaca\/\"},\"wordCount\":516,\"commentCount\":0,\"image\":{\"@id\":\"https:\/\/dev.explora.cl\/tarapaca\/convocan-a-estudiantes-a-postular-a-la-segunda-edicion-de-cuentos-interculturales-de-tarapaca\/#primaryimage\"},\"thumbnailUrl\":\"https:\/\/dev.explora.cl\/tarapaca\/wp-content\/uploads\/sites\/3\/2022\/06\/1-Convocatoria-Cuentos-Interculturales-de-Tarapac\u00e1-2022-1.jpg\",\"keywords\":[\"Cuentos Interculturales de Tarapac\u00e1\",\"Explora Tarapac\u00e1\",\"Ministerio de Ciencia\",\"UTA Iquique\"],\"inLanguage\":\"es-CL\",\"potentialAction\":[{\"@type\":\"CommentAction\",\"name\":\"Comment\",\"target\":[\"https:\/\/dev.explora.cl\/tarapaca\/convocan-a-estudiantes-a-postular-a-la-segunda-edicion-de-cuentos-interculturales-de-tarapaca\/#respond\"]}]},{\"@type\":\"WebPage\",\"@id\":\"https:\/\/dev.explora.cl\/tarapaca\/convocan-a-estudiantes-a-postular-a-la-segunda-edicion-de-cuentos-interculturales-de-tarapaca\/\",\"url\":\"https:\/\/dev.explora.cl\/tarapaca\/convocan-a-estudiantes-a-postular-a-la-segunda-edicion-de-cuentos-interculturales-de-tarapaca\/\",\"name\":\"Convocan a estudiantes a postular a la segunda edici\u00f3n de \u201cCuentos Interculturales de Tarapac\u00e1\u201d - Tarapaca\",\"isPartOf\":{\"@id\":\"https:\/\/dev.explora.cl\/tarapaca\/#website\"},\"primaryImageOfPage\":{\"@id\":\"https:\/\/dev.explora.cl\/tarapaca\/convocan-a-estudiantes-a-postular-a-la-segunda-edicion-de-cuentos-interculturales-de-tarapaca\/#primaryimage\"},\"image\":{\"@id\":\"https:\/\/dev.explora.cl\/tarapaca\/convocan-a-estudiantes-a-postular-a-la-segunda-edicion-de-cuentos-interculturales-de-tarapaca\/#primaryimage\"},\"thumbnailUrl\":\"https:\/\/dev.explora.cl\/tarapaca\/wp-content\/uploads\/sites\/3\/2022\/06\/1-Convocatoria-Cuentos-Interculturales-de-Tarapac\u00e1-2022-1.jpg\",\"datePublished\":\"2022-06-13T20:14:41+00:00\",\"dateModified\":\"2022-12-21T15:50:14+00:00\",\"author\":{\"@id\":\"https:\/\/dev.explora.cl\/tarapaca\/#\/schema\/person\/ca04f8a8f8e25243bd462d34eb1ca505\"},\"breadcrumb\":{\"@id\":\"https:\/\/dev.explora.cl\/tarapaca\/convocan-a-estudiantes-a-postular-a-la-segunda-edicion-de-cuentos-interculturales-de-tarapaca\/#breadcrumb\"},\"inLanguage\":\"es-CL\",\"potentialAction\":[{\"@type\":\"ReadAction\",\"target\":[\"https:\/\/dev.explora.cl\/tarapaca\/convocan-a-estudiantes-a-postular-a-la-segunda-edicion-de-cuentos-interculturales-de-tarapaca\/\"]}]},{\"@type\":\"ImageObject\",\"inLanguage\":\"es-CL\",\"@id\":\"https:\/\/dev.explora.cl\/tarapaca\/convocan-a-estudiantes-a-postular-a-la-segunda-edicion-de-cuentos-interculturales-de-tarapaca\/#primaryimage\",\"url\":\"https:\/\/dev.explora.cl\/tarapaca\/wp-content\/uploads\/sites\/3\/2022\/06\/1-Convocatoria-Cuentos-Interculturales-de-Tarapac\u00e1-2022-1.jpg\",\"contentUrl\":\"https:\/\/dev.explora.cl\/tarapaca\/wp-content\/uploads\/sites\/3\/2022\/06\/1-Convocatoria-Cuentos-Interculturales-de-Tarapac\u00e1-2022-1.jpg\",\"width\":1024,\"height\":821},{\"@type\":\"BreadcrumbList\",\"@id\":\"https:\/\/dev.explora.cl\/tarapaca\/convocan-a-estudiantes-a-postular-a-la-segunda-edicion-de-cuentos-interculturales-de-tarapaca\/#breadcrumb\",\"itemListElement\":[{\"@type\":\"ListItem\",\"position\":1,\"name\":\"Portada\",\"item\":\"https:\/\/dev.explora.cl\/tarapaca\/\"},{\"@type\":\"ListItem\",\"position\":2,\"name\":\"Convocan a estudiantes a postular a la segunda edici\u00f3n de \u201cCuentos Interculturales de Tarapac\u00e1\u201d\"}]},{\"@type\":\"WebSite\",\"@id\":\"https:\/\/dev.explora.cl\/tarapaca\/#website\",\"url\":\"https:\/\/dev.explora.cl\/tarapaca\/\",\"name\":\"Tarapaca\",\"description\":\"Otro sitio m\u00e1s de dev.explora.cl\",\"potentialAction\":[{\"@type\":\"SearchAction\",\"target\":{\"@type\":\"EntryPoint\",\"urlTemplate\":\"https:\/\/dev.explora.cl\/tarapaca\/?s={search_term_string}\"},\"query-input\":{\"@type\":\"PropertyValueSpecification\",\"valueRequired\":true,\"valueName\":\"search_term_string\"}}],\"inLanguage\":\"es-CL\"},{\"@type\":\"Person\",\"@id\":\"https:\/\/dev.explora.cl\/tarapaca\/#\/schema\/person\/ca04f8a8f8e25243bd462d34eb1ca505\",\"name\":\"admintarapaca\",\"image\":{\"@type\":\"ImageObject\",\"inLanguage\":\"es-CL\",\"@id\":\"https:\/\/dev.explora.cl\/tarapaca\/#\/schema\/person\/image\/\",\"url\":\"https:\/\/secure.gravatar.com\/avatar\/8ff4762fabbf7a1732a126425c82d628f08ba754529d77a55358cbb74e14343f?s=96&d=mm&r=g\",\"contentUrl\":\"https:\/\/secure.gravatar.com\/avatar\/8ff4762fabbf7a1732a126425c82d628f08ba754529d77a55358cbb74e14343f?s=96&d=mm&r=g\",\"caption\":\"admintarapaca\"},\"url\":\"https:\/\/dev.explora.cl\/tarapaca\/author\/dolivares\/\"}]}<\/script>\n<!-- \/ Yoast SEO plugin. -->","yoast_head_json":{"title":"Convocan a estudiantes a postular a la segunda edici\u00f3n de \u201cCuentos Interculturales de Tarapac\u00e1\u201d - Tarapaca","robots":{"index":"index","follow":"follow","max-snippet":"max-snippet:-1","max-image-preview":"max-image-preview:large","max-video-preview":"max-video-preview:-1"},"canonical":"https:\/\/dev.explora.cl\/tarapaca\/convocan-a-estudiantes-a-postular-a-la-segunda-edicion-de-cuentos-interculturales-de-tarapaca\/","og_locale":"es_ES","og_type":"article","og_title":"Convocan a estudiantes a postular a la segunda edici\u00f3n de \u201cCuentos Interculturales de Tarapac\u00e1\u201d - Tarapaca","og_description":"Por segundo a\u00f1o consecutivo, la Universidad de Tarapac\u00e1 Sede Iquique, a trav\u00e9s del Proyecto Asociativo Regional (PAR) Explora Tarapac\u00e1, desarrollar\u00e1 la iniciativa \u201cCuentos Interculturales de Tarapac\u00e1\u201d con el prop\u00f3sito de promover el intercambio intercultural y el di\u00e1logo entre estudiantes de diferentes nacionalidades y etnias presentes en la regi\u00f3n, por medio de la expresi\u00f3n literaria como [&hellip;]","og_url":"https:\/\/dev.explora.cl\/tarapaca\/convocan-a-estudiantes-a-postular-a-la-segunda-edicion-de-cuentos-interculturales-de-tarapaca\/","og_site_name":"Tarapaca","article_published_time":"2022-06-13T20:14:41+00:00","article_modified_time":"2022-12-21T15:50:14+00:00","og_image":[{"width":1024,"height":821,"url":"https:\/\/dev.explora.cl\/tarapaca\/wp-content\/uploads\/sites\/3\/2022\/06\/1-Convocatoria-Cuentos-Interculturales-de-Tarapac\u00e1-2022-1.jpg","type":"image\/jpeg"}],"author":"admintarapaca","twitter_card":"summary_large_image","twitter_misc":{"Escrito por":"admintarapaca","Tiempo estimado de lectura":"3 minutos"},"schema":{"@context":"https:\/\/schema.org","@graph":[{"@type":"Article","@id":"https:\/\/dev.explora.cl\/tarapaca\/convocan-a-estudiantes-a-postular-a-la-segunda-edicion-de-cuentos-interculturales-de-tarapaca\/#article","isPartOf":{"@id":"https:\/\/dev.explora.cl\/tarapaca\/convocan-a-estudiantes-a-postular-a-la-segunda-edicion-de-cuentos-interculturales-de-tarapaca\/"},"author":{"name":"admintarapaca","@id":"https:\/\/dev.explora.cl\/tarapaca\/#\/schema\/person\/ca04f8a8f8e25243bd462d34eb1ca505"},"headline":"Convocan a estudiantes a postular a la segunda edici\u00f3n de \u201cCuentos Interculturales de Tarapac\u00e1\u201d","datePublished":"2022-06-13T20:14:41+00:00","dateModified":"2022-12-21T15:50:14+00:00","mainEntityOfPage":{"@id":"https:\/\/dev.explora.cl\/tarapaca\/convocan-a-estudiantes-a-postular-a-la-segunda-edicion-de-cuentos-interculturales-de-tarapaca\/"},"wordCount":516,"commentCount":0,"image":{"@id":"https:\/\/dev.explora.cl\/tarapaca\/convocan-a-estudiantes-a-postular-a-la-segunda-edicion-de-cuentos-interculturales-de-tarapaca\/#primaryimage"},"thumbnailUrl":"https:\/\/dev.explora.cl\/tarapaca\/wp-content\/uploads\/sites\/3\/2022\/06\/1-Convocatoria-Cuentos-Interculturales-de-Tarapac\u00e1-2022-1.jpg","keywords":["Cuentos Interculturales de Tarapac\u00e1","Explora Tarapac\u00e1","Ministerio de Ciencia","UTA Iquique"],"inLanguage":"es-CL","potentialAction":[{"@type":"CommentAction","name":"Comment","target":["https:\/\/dev.explora.cl\/tarapaca\/convocan-a-estudiantes-a-postular-a-la-segunda-edicion-de-cuentos-interculturales-de-tarapaca\/#respond"]}]},{"@type":"WebPage","@id":"https:\/\/dev.explora.cl\/tarapaca\/convocan-a-estudiantes-a-postular-a-la-segunda-edicion-de-cuentos-interculturales-de-tarapaca\/","url":"https:\/\/dev.explora.cl\/tarapaca\/convocan-a-estudiantes-a-postular-a-la-segunda-edicion-de-cuentos-interculturales-de-tarapaca\/","name":"Convocan a estudiantes a postular a la segunda edici\u00f3n de \u201cCuentos Interculturales de Tarapac\u00e1\u201d - Tarapaca","isPartOf":{"@id":"https:\/\/dev.explora.cl\/tarapaca\/#website"},"primaryImageOfPage":{"@id":"https:\/\/dev.explora.cl\/tarapaca\/convocan-a-estudiantes-a-postular-a-la-segunda-edicion-de-cuentos-interculturales-de-tarapaca\/#primaryimage"},"image":{"@id":"https:\/\/dev.explora.cl\/tarapaca\/convocan-a-estudiantes-a-postular-a-la-segunda-edicion-de-cuentos-interculturales-de-tarapaca\/#primaryimage"},"thumbnailUrl":"https:\/\/dev.explora.cl\/tarapaca\/wp-content\/uploads\/sites\/3\/2022\/06\/1-Convocatoria-Cuentos-Interculturales-de-Tarapac\u00e1-2022-1.jpg","datePublished":"2022-06-13T20:14:41+00:00","dateModified":"2022-12-21T15:50:14+00:00","author":{"@id":"https:\/\/dev.explora.cl\/tarapaca\/#\/schema\/person\/ca04f8a8f8e25243bd462d34eb1ca505"},"breadcrumb":{"@id":"https:\/\/dev.explora.cl\/tarapaca\/convocan-a-estudiantes-a-postular-a-la-segunda-edicion-de-cuentos-interculturales-de-tarapaca\/#breadcrumb"},"inLanguage":"es-CL","potentialAction":[{"@type":"ReadAction","target":["https:\/\/dev.explora.cl\/tarapaca\/convocan-a-estudiantes-a-postular-a-la-segunda-edicion-de-cuentos-interculturales-de-tarapaca\/"]}]},{"@type":"ImageObject","inLanguage":"es-CL","@id":"https:\/\/dev.explora.cl\/tarapaca\/convocan-a-estudiantes-a-postular-a-la-segunda-edicion-de-cuentos-interculturales-de-tarapaca\/#primaryimage","url":"https:\/\/dev.explora.cl\/tarapaca\/wp-content\/uploads\/sites\/3\/2022\/06\/1-Convocatoria-Cuentos-Interculturales-de-Tarapac\u00e1-2022-1.jpg","contentUrl":"https:\/\/dev.explora.cl\/tarapaca\/wp-content\/uploads\/sites\/3\/2022\/06\/1-Convocatoria-Cuentos-Interculturales-de-Tarapac\u00e1-2022-1.jpg","width":1024,"height":821},{"@type":"BreadcrumbList","@id":"https:\/\/dev.explora.cl\/tarapaca\/convocan-a-estudiantes-a-postular-a-la-segunda-edicion-de-cuentos-interculturales-de-tarapaca\/#breadcrumb","itemListElement":[{"@type":"ListItem","position":1,"name":"Portada","item":"https:\/\/dev.explora.cl\/tarapaca\/"},{"@type":"ListItem","position":2,"name":"Convocan a estudiantes a postular a la segunda edici\u00f3n de \u201cCuentos Interculturales de Tarapac\u00e1\u201d"}]},{"@type":"WebSite","@id":"https:\/\/dev.explora.cl\/tarapaca\/#website","url":"https:\/\/dev.explora.cl\/tarapaca\/","name":"Tarapaca","description":"Otro sitio m\u00e1s de dev.explora.cl","potentialAction":[{"@type":"SearchAction","target":{"@type":"EntryPoint","urlTemplate":"https:\/\/dev.explora.cl\/tarapaca\/?s={search_term_string}"},"query-input":{"@type":"PropertyValueSpecification","valueRequired":true,"valueName":"search_term_string"}}],"inLanguage":"es-CL"},{"@type":"Person","@id":"https:\/\/dev.explora.cl\/tarapaca\/#\/schema\/person\/ca04f8a8f8e25243bd462d34eb1ca505","name":"admintarapaca","image":{"@type":"ImageObject","inLanguage":"es-CL","@id":"https:\/\/dev.explora.cl\/tarapaca\/#\/schema\/person\/image\/","url":"https:\/\/secure.gravatar.com\/avatar\/8ff4762fabbf7a1732a126425c82d628f08ba754529d77a55358cbb74e14343f?s=96&d=mm&r=g","contentUrl":"https:\/\/secure.gravatar.com\/avatar\/8ff4762fabbf7a1732a126425c82d628f08ba754529d77a55358cbb74e14343f?s=96&d=mm&r=g","caption":"admintarapaca"},"url":"https:\/\/dev.explora.cl\/tarapaca\/author\/dolivares\/"}]}},"_links":{"self":[{"href":"https:\/\/dev.explora.cl\/tarapaca\/wp-json\/wp\/v2\/posts\/39649","targetHints":{"allow":["GET"]}}],"collection":[{"href":"https:\/\/dev.explora.cl\/tarapaca\/wp-json\/wp\/v2\/posts"}],"about":[{"href":"https:\/\/dev.explora.cl\/tarapaca\/wp-json\/wp\/v2\/types\/post"}],"author":[{"embeddable":true,"href":"https:\/\/dev.explora.cl\/tarapaca\/wp-json\/wp\/v2\/users\/18"}],"replies":[{"embeddable":true,"href":"https:\/\/dev.explora.cl\/tarapaca\/wp-json\/wp\/v2\/comments?post=39649"}],"version-history":[{"count":1,"href":"https:\/\/dev.explora.cl\/tarapaca\/wp-json\/wp\/v2\/posts\/39649\/revisions"}],"predecessor-version":[{"id":39651,"href":"https:\/\/dev.explora.cl\/tarapaca\/wp-json\/wp\/v2\/posts\/39649\/revisions\/39651"}],"wp:featuredmedia":[{"embeddable":true,"href":"https:\/\/dev.explora.cl\/tarapaca\/wp-json\/wp\/v2\/media\/39650"}],"wp:attachment":[{"href":"https:\/\/dev.explora.cl\/tarapaca\/wp-json\/wp\/v2\/media?parent=39649"}],"wp:term":[{"taxonomy":"category","embeddable":true,"href":"https:\/\/dev.explora.cl\/tarapaca\/wp-json\/wp\/v2\/categories?post=39649"},{"taxonomy":"post_tag","embeddable":true,"href":"https:\/\/dev.explora.cl\/tarapaca\/wp-json\/wp\/v2\/tags?post=39649"}],"curies":[{"name":"wp","href":"https:\/\/api.w.org\/{rel}","templated":true}]}}