{"id":39590,"date":"2022-06-03T15:18:05","date_gmt":"2022-06-03T19:18:05","guid":{"rendered":"https:\/\/dev.explora.cl\/tarapaca\/?p=39590"},"modified":"2022-12-22T16:50:19","modified_gmt":"2022-12-22T19:50:19","slug":"directora-de-explora-tarapaca-participa-en-encuentro-macrozonal-organizado-por-la-seremi-de-ciencia","status":"publish","type":"post","link":"https:\/\/dev.explora.cl\/tarapaca\/directora-de-explora-tarapaca-participa-en-encuentro-macrozonal-organizado-por-la-seremi-de-ciencia\/","title":{"rendered":"Directora de Explora Tarapac\u00e1 participa en Encuentro Macrozonal organizado por la Seremi de Ciencia"},"content":{"rendered":"<p>&#8220;Encuentro Macrozonal Explora&#8221; es el evento que reuni\u00f3, durante dos d\u00edas, a los directores y directoras de los Proyectos Asociativos Regionales (PAR) Explora, del <a href=\"https:\/\/www.minciencia.gob.cl\/\">Ministerio de Ciencia, Tecnolog\u00eda, Conocimiento e Innovaci\u00f3n<\/a> (CTCI), el cual tuvo por objetivo levantar las problem\u00e1ticas de los proyectos en las regiones, conversar sobre acuerdos de colaboraciones de parte de la Secretar\u00eda Regional Ministerial de Ciencia de la Macrozona Norte y de la calendarizaci\u00f3n macrozonal de los hitos del presente a\u00f1o.<\/p>\n<p>&#8220;Es de suma importancia para la Divisi\u00f3n de Ciencia y Sociedad, cumplir con su misi\u00f3n de fortalecer la red de actores sociales involucrados con la CTCI. Esta instancia es una gran oportunidad de mirar lo que hemos hecho con los instrumentos y concursos que generamos en la macrozona, pues las distintas realidades de las regiones pueden ser analizadas con una \u00f3ptima compartida. El sentido de la macrozona es justamente ese para nosotros: comprender que un trabajo territorial puede impactar mejor en el valor social del desarrollo cient\u00edfico y tecnol\u00f3gico&#8221;, destac\u00f3 la Jefa de la Divisi\u00f3n Ciencia y Sociedad del Ministerio de Ciencia, Tecnolog\u00eda, Conocimiento e Innovaci\u00f3n, Sonia P\u00e9rez Tello.<\/p>\n<p>Por su parte, el seremi de Ciencia, Tecnolog\u00eda, Conocimiento e Innovaci\u00f3n de la Macrozona Norte, Rub\u00e9n Moraga Mamani, se refiri\u00f3 al encuentro como &#8220;una oportunidad muy provechosa porque nos posibilita conocer las experiencias y realidades de Explora en cada regi\u00f3n, poner en el centro las potencialidades de acceso y desarrollo a una formaci\u00f3n m\u00e1s integral y de equidad en las CTCI en alumnas y alumnos de nuestros territorios\u201d.<\/p>\n<p>El encuentro se realiz\u00f3 en dependencias de la rector\u00eda de la Universidad Cat\u00f3lica del Norte (UCN), en la ciudad de Antofagasta.<\/p>\n<p>Al respecto, la directora ejecutiva de Explora Tarapac\u00e1, Valeska Zepeda, valor\u00f3 el desarrollo del referido encuentro al sostener que \u201ces muy importante para nosotros, poder validar el trabajo que se realiza desde las regiones, poder compartir experiencias de manera cohesionada y colaborativa, y as\u00ed potenciar los resultados que podemos proyectar en funci\u00f3n de un trabajo que viene a relevar las caracter\u00edsticas de cada uno de los territorios de la macrozona norte\u201d.<\/p>\n<p>El Proyecto Explora Tarapac\u00e1, financiado por el Ministerio de Ciencia, Tecnolog\u00eda, Conocimiento e Innovaci\u00f3n, es ejecutado por la <a href=\"https:\/\/www.uta.cl\/index.php\/sede-iquique\/\">Universidad de Tarapac\u00e1 Sede Iquique<\/a> desde 2019.<\/p>\n<p><img loading=\"lazy\" decoding=\"async\" class=\"alignnone wp-image-39594 \" src=\"https:\/\/dev.explora.cl\/tarapaca\/wp-content\/uploads\/sites\/3\/2022\/06\/WhatsApp-Image-2022-06-03-at-3.11.44-PM-300x205.jpeg\" alt=\"\" width=\"275\" height=\"188\" srcset=\"https:\/\/dev.explora.cl\/tarapaca\/wp-content\/uploads\/sites\/3\/2022\/06\/WhatsApp-Image-2022-06-03-at-3.11.44-PM-300x205.jpeg 300w, https:\/\/dev.explora.cl\/tarapaca\/wp-content\/uploads\/sites\/3\/2022\/06\/WhatsApp-Image-2022-06-03-at-3.11.44-PM-768x525.jpeg 768w, https:\/\/dev.explora.cl\/tarapaca\/wp-content\/uploads\/sites\/3\/2022\/06\/WhatsApp-Image-2022-06-03-at-3.11.44-PM-1024x700.jpeg 1024w, https:\/\/dev.explora.cl\/tarapaca\/wp-content\/uploads\/sites\/3\/2022\/06\/WhatsApp-Image-2022-06-03-at-3.11.44-PM-474x324.jpeg 474w, https:\/\/dev.explora.cl\/tarapaca\/wp-content\/uploads\/sites\/3\/2022\/06\/WhatsApp-Image-2022-06-03-at-3.11.44-PM.jpeg 1170w\" sizes=\"auto, (max-width: 275px) 100vw, 275px\" \/><img loading=\"lazy\" decoding=\"async\" class=\"alignnone size-medium wp-image-39595\" src=\"https:\/\/dev.explora.cl\/tarapaca\/wp-content\/uploads\/sites\/3\/2022\/06\/Encuentro-Macrozonal-3-300x188.jpeg\" alt=\"\" width=\"300\" height=\"188\" srcset=\"https:\/\/dev.explora.cl\/tarapaca\/wp-content\/uploads\/sites\/3\/2022\/06\/Encuentro-Macrozonal-3-300x188.jpeg 300w, https:\/\/dev.explora.cl\/tarapaca\/wp-content\/uploads\/sites\/3\/2022\/06\/Encuentro-Macrozonal-3-768x480.jpeg 768w, https:\/\/dev.explora.cl\/tarapaca\/wp-content\/uploads\/sites\/3\/2022\/06\/Encuentro-Macrozonal-3-1024x640.jpeg 1024w, https:\/\/dev.explora.cl\/tarapaca\/wp-content\/uploads\/sites\/3\/2022\/06\/Encuentro-Macrozonal-3.jpeg 1280w\" sizes=\"auto, (max-width: 300px) 100vw, 300px\" \/><img loading=\"lazy\" decoding=\"async\" class=\"alignnone wp-image-39596\" src=\"https:\/\/dev.explora.cl\/tarapaca\/wp-content\/uploads\/sites\/3\/2022\/06\/WhatsApp-Image-2022-06-03-at-3.11.45-PM-300x224.jpeg\" alt=\"\" width=\"276\" height=\"206\" srcset=\"https:\/\/dev.explora.cl\/tarapaca\/wp-content\/uploads\/sites\/3\/2022\/06\/WhatsApp-Image-2022-06-03-at-3.11.45-PM-300x224.jpeg 300w, https:\/\/dev.explora.cl\/tarapaca\/wp-content\/uploads\/sites\/3\/2022\/06\/WhatsApp-Image-2022-06-03-at-3.11.45-PM-768x574.jpeg 768w, https:\/\/dev.explora.cl\/tarapaca\/wp-content\/uploads\/sites\/3\/2022\/06\/WhatsApp-Image-2022-06-03-at-3.11.45-PM.jpeg 900w\" sizes=\"auto, (max-width: 276px) 100vw, 276px\" \/><\/p>\n","protected":false},"excerpt":{"rendered":"<p>La instancia reuni\u00f3 a los equipos de los PAR Explora de Arica, Tarapac\u00e1, Antofagasta y Atacama en la Universidad Cat\u00f3lica del Norte.<\/p>\n","protected":false},"author":18,"featured_media":39592,"comment_status":"open","ping_status":"open","sticky":false,"template":"","format":"standard","meta":{"_acf_changed":false,"_exactmetrics_skip_tracking":false,"_exactmetrics_sitenote_active":false,"_exactmetrics_sitenote_note":"","_exactmetrics_sitenote_category":0,"footnotes":"","_links_to":"","_links_to_target":""},"categories":[140,1],"tags":[271,268,181,68,215],"class_list":["post-39590","post","type-post","status-publish","format-standard","has-post-thumbnail","hentry","category-lugar-5","category-sin-categoria","tag-encuentro-macrozonal-explora","tag-explora-tarapaca","tag-ministerio-de-ciencia","tag-programa-explora","tag-uta-iquique"],"acf":[],"yoast_head":"<!-- This site is optimized with the Yoast SEO plugin v26.7 - https:\/\/yoast.com\/wordpress\/plugins\/seo\/ -->\n<title>Directora de Explora Tarapac\u00e1 participa en Encuentro Macrozonal organizado por la Seremi de Ciencia - Tarapaca<\/title>\n<meta name=\"robots\" content=\"index, follow, max-snippet:-1, max-image-preview:large, max-video-preview:-1\" \/>\n<link rel=\"canonical\" href=\"https:\/\/dev.explora.cl\/tarapaca\/directora-de-explora-tarapaca-participa-en-encuentro-macrozonal-organizado-por-la-seremi-de-ciencia\/\" class=\"yoast-seo-meta-tag\" \/>\n<meta property=\"og:locale\" content=\"es_ES\" class=\"yoast-seo-meta-tag\" \/>\n<meta property=\"og:type\" content=\"article\" class=\"yoast-seo-meta-tag\" \/>\n<meta property=\"og:title\" content=\"Directora de Explora Tarapac\u00e1 participa en Encuentro Macrozonal organizado por la Seremi de Ciencia - Tarapaca\" class=\"yoast-seo-meta-tag\" \/>\n<meta property=\"og:description\" content=\"La instancia reuni\u00f3 a los equipos de los PAR Explora de Arica, Tarapac\u00e1, Antofagasta y Atacama en la Universidad Cat\u00f3lica del Norte.\" class=\"yoast-seo-meta-tag\" \/>\n<meta property=\"og:url\" content=\"https:\/\/dev.explora.cl\/tarapaca\/directora-de-explora-tarapaca-participa-en-encuentro-macrozonal-organizado-por-la-seremi-de-ciencia\/\" class=\"yoast-seo-meta-tag\" \/>\n<meta property=\"og:site_name\" content=\"Tarapaca\" class=\"yoast-seo-meta-tag\" \/>\n<meta property=\"article:published_time\" content=\"2022-06-03T19:18:05+00:00\" class=\"yoast-seo-meta-tag\" \/>\n<meta property=\"article:modified_time\" content=\"2022-12-22T19:50:19+00:00\" class=\"yoast-seo-meta-tag\" \/>\n<meta property=\"og:image\" content=\"https:\/\/dev.explora.cl\/tarapaca\/wp-content\/uploads\/sites\/3\/2022\/06\/Encuentro-Macrozonal-1.jpeg\" class=\"yoast-seo-meta-tag\" \/>\n\t<meta property=\"og:image:width\" content=\"1280\" class=\"yoast-seo-meta-tag\" \/>\n\t<meta property=\"og:image:height\" content=\"852\" class=\"yoast-seo-meta-tag\" \/>\n\t<meta property=\"og:image:type\" content=\"image\/jpeg\" class=\"yoast-seo-meta-tag\" \/>\n<meta name=\"author\" content=\"admintarapaca\" class=\"yoast-seo-meta-tag\" \/>\n<meta name=\"twitter:card\" content=\"summary_large_image\" class=\"yoast-seo-meta-tag\" \/>\n<meta name=\"twitter:label1\" content=\"Escrito por\" class=\"yoast-seo-meta-tag\" \/>\n\t<meta name=\"twitter:data1\" content=\"admintarapaca\" class=\"yoast-seo-meta-tag\" \/>\n\t<meta name=\"twitter:label2\" content=\"Tiempo estimado de lectura\" class=\"yoast-seo-meta-tag\" \/>\n\t<meta name=\"twitter:data2\" content=\"2 minutos\" class=\"yoast-seo-meta-tag\" \/>\n<script type=\"application\/ld+json\" class=\"yoast-schema-graph\">{\"@context\":\"https:\/\/schema.org\",\"@graph\":[{\"@type\":\"Article\",\"@id\":\"https:\/\/dev.explora.cl\/tarapaca\/directora-de-explora-tarapaca-participa-en-encuentro-macrozonal-organizado-por-la-seremi-de-ciencia\/#article\",\"isPartOf\":{\"@id\":\"https:\/\/dev.explora.cl\/tarapaca\/directora-de-explora-tarapaca-participa-en-encuentro-macrozonal-organizado-por-la-seremi-de-ciencia\/\"},\"author\":{\"name\":\"admintarapaca\",\"@id\":\"https:\/\/dev.explora.cl\/tarapaca\/#\/schema\/person\/ca04f8a8f8e25243bd462d34eb1ca505\"},\"headline\":\"Directora de Explora Tarapac\u00e1 participa en Encuentro Macrozonal organizado por la Seremi de Ciencia\",\"datePublished\":\"2022-06-03T19:18:05+00:00\",\"dateModified\":\"2022-12-22T19:50:19+00:00\",\"mainEntityOfPage\":{\"@id\":\"https:\/\/dev.explora.cl\/tarapaca\/directora-de-explora-tarapaca-participa-en-encuentro-macrozonal-organizado-por-la-seremi-de-ciencia\/\"},\"wordCount\":409,\"commentCount\":0,\"image\":{\"@id\":\"https:\/\/dev.explora.cl\/tarapaca\/directora-de-explora-tarapaca-participa-en-encuentro-macrozonal-organizado-por-la-seremi-de-ciencia\/#primaryimage\"},\"thumbnailUrl\":\"https:\/\/dev.explora.cl\/tarapaca\/wp-content\/uploads\/sites\/3\/2022\/06\/Encuentro-Macrozonal-1.jpeg\",\"keywords\":[\"Encuentro Macrozonal Explora\",\"Explora Tarapac\u00e1\",\"Ministerio de Ciencia\",\"programa EXPLORA\",\"UTA Iquique\"],\"articleSection\":[\"Lugar 5\"],\"inLanguage\":\"es-CL\",\"potentialAction\":[{\"@type\":\"CommentAction\",\"name\":\"Comment\",\"target\":[\"https:\/\/dev.explora.cl\/tarapaca\/directora-de-explora-tarapaca-participa-en-encuentro-macrozonal-organizado-por-la-seremi-de-ciencia\/#respond\"]}]},{\"@type\":\"WebPage\",\"@id\":\"https:\/\/dev.explora.cl\/tarapaca\/directora-de-explora-tarapaca-participa-en-encuentro-macrozonal-organizado-por-la-seremi-de-ciencia\/\",\"url\":\"https:\/\/dev.explora.cl\/tarapaca\/directora-de-explora-tarapaca-participa-en-encuentro-macrozonal-organizado-por-la-seremi-de-ciencia\/\",\"name\":\"Directora de Explora Tarapac\u00e1 participa en Encuentro Macrozonal organizado por la Seremi de Ciencia - Tarapaca\",\"isPartOf\":{\"@id\":\"https:\/\/dev.explora.cl\/tarapaca\/#website\"},\"primaryImageOfPage\":{\"@id\":\"https:\/\/dev.explora.cl\/tarapaca\/directora-de-explora-tarapaca-participa-en-encuentro-macrozonal-organizado-por-la-seremi-de-ciencia\/#primaryimage\"},\"image\":{\"@id\":\"https:\/\/dev.explora.cl\/tarapaca\/directora-de-explora-tarapaca-participa-en-encuentro-macrozonal-organizado-por-la-seremi-de-ciencia\/#primaryimage\"},\"thumbnailUrl\":\"https:\/\/dev.explora.cl\/tarapaca\/wp-content\/uploads\/sites\/3\/2022\/06\/Encuentro-Macrozonal-1.jpeg\",\"datePublished\":\"2022-06-03T19:18:05+00:00\",\"dateModified\":\"2022-12-22T19:50:19+00:00\",\"author\":{\"@id\":\"https:\/\/dev.explora.cl\/tarapaca\/#\/schema\/person\/ca04f8a8f8e25243bd462d34eb1ca505\"},\"breadcrumb\":{\"@id\":\"https:\/\/dev.explora.cl\/tarapaca\/directora-de-explora-tarapaca-participa-en-encuentro-macrozonal-organizado-por-la-seremi-de-ciencia\/#breadcrumb\"},\"inLanguage\":\"es-CL\",\"potentialAction\":[{\"@type\":\"ReadAction\",\"target\":[\"https:\/\/dev.explora.cl\/tarapaca\/directora-de-explora-tarapaca-participa-en-encuentro-macrozonal-organizado-por-la-seremi-de-ciencia\/\"]}]},{\"@type\":\"ImageObject\",\"inLanguage\":\"es-CL\",\"@id\":\"https:\/\/dev.explora.cl\/tarapaca\/directora-de-explora-tarapaca-participa-en-encuentro-macrozonal-organizado-por-la-seremi-de-ciencia\/#primaryimage\",\"url\":\"https:\/\/dev.explora.cl\/tarapaca\/wp-content\/uploads\/sites\/3\/2022\/06\/Encuentro-Macrozonal-1.jpeg\",\"contentUrl\":\"https:\/\/dev.explora.cl\/tarapaca\/wp-content\/uploads\/sites\/3\/2022\/06\/Encuentro-Macrozonal-1.jpeg\",\"width\":1280,\"height\":852},{\"@type\":\"BreadcrumbList\",\"@id\":\"https:\/\/dev.explora.cl\/tarapaca\/directora-de-explora-tarapaca-participa-en-encuentro-macrozonal-organizado-por-la-seremi-de-ciencia\/#breadcrumb\",\"itemListElement\":[{\"@type\":\"ListItem\",\"position\":1,\"name\":\"Portada\",\"item\":\"https:\/\/dev.explora.cl\/tarapaca\/\"},{\"@type\":\"ListItem\",\"position\":2,\"name\":\"Directora de Explora Tarapac\u00e1 participa en Encuentro Macrozonal organizado por la Seremi de Ciencia\"}]},{\"@type\":\"WebSite\",\"@id\":\"https:\/\/dev.explora.cl\/tarapaca\/#website\",\"url\":\"https:\/\/dev.explora.cl\/tarapaca\/\",\"name\":\"Tarapaca\",\"description\":\"Otro sitio m\u00e1s de dev.explora.cl\",\"potentialAction\":[{\"@type\":\"SearchAction\",\"target\":{\"@type\":\"EntryPoint\",\"urlTemplate\":\"https:\/\/dev.explora.cl\/tarapaca\/?s={search_term_string}\"},\"query-input\":{\"@type\":\"PropertyValueSpecification\",\"valueRequired\":true,\"valueName\":\"search_term_string\"}}],\"inLanguage\":\"es-CL\"},{\"@type\":\"Person\",\"@id\":\"https:\/\/dev.explora.cl\/tarapaca\/#\/schema\/person\/ca04f8a8f8e25243bd462d34eb1ca505\",\"name\":\"admintarapaca\",\"image\":{\"@type\":\"ImageObject\",\"inLanguage\":\"es-CL\",\"@id\":\"https:\/\/dev.explora.cl\/tarapaca\/#\/schema\/person\/image\/\",\"url\":\"https:\/\/secure.gravatar.com\/avatar\/8ff4762fabbf7a1732a126425c82d628f08ba754529d77a55358cbb74e14343f?s=96&d=mm&r=g\",\"contentUrl\":\"https:\/\/secure.gravatar.com\/avatar\/8ff4762fabbf7a1732a126425c82d628f08ba754529d77a55358cbb74e14343f?s=96&d=mm&r=g\",\"caption\":\"admintarapaca\"},\"url\":\"https:\/\/dev.explora.cl\/tarapaca\/author\/dolivares\/\"}]}<\/script>\n<!-- \/ Yoast SEO plugin. -->","yoast_head_json":{"title":"Directora de Explora Tarapac\u00e1 participa en Encuentro Macrozonal organizado por la Seremi de Ciencia - Tarapaca","robots":{"index":"index","follow":"follow","max-snippet":"max-snippet:-1","max-image-preview":"max-image-preview:large","max-video-preview":"max-video-preview:-1"},"canonical":"https:\/\/dev.explora.cl\/tarapaca\/directora-de-explora-tarapaca-participa-en-encuentro-macrozonal-organizado-por-la-seremi-de-ciencia\/","og_locale":"es_ES","og_type":"article","og_title":"Directora de Explora Tarapac\u00e1 participa en Encuentro Macrozonal organizado por la Seremi de Ciencia - Tarapaca","og_description":"La instancia reuni\u00f3 a los equipos de los PAR Explora de Arica, Tarapac\u00e1, Antofagasta y Atacama en la Universidad Cat\u00f3lica del Norte.","og_url":"https:\/\/dev.explora.cl\/tarapaca\/directora-de-explora-tarapaca-participa-en-encuentro-macrozonal-organizado-por-la-seremi-de-ciencia\/","og_site_name":"Tarapaca","article_published_time":"2022-06-03T19:18:05+00:00","article_modified_time":"2022-12-22T19:50:19+00:00","og_image":[{"width":1280,"height":852,"url":"https:\/\/dev.explora.cl\/tarapaca\/wp-content\/uploads\/sites\/3\/2022\/06\/Encuentro-Macrozonal-1.jpeg","type":"image\/jpeg"}],"author":"admintarapaca","twitter_card":"summary_large_image","twitter_misc":{"Escrito por":"admintarapaca","Tiempo estimado de lectura":"2 minutos"},"schema":{"@context":"https:\/\/schema.org","@graph":[{"@type":"Article","@id":"https:\/\/dev.explora.cl\/tarapaca\/directora-de-explora-tarapaca-participa-en-encuentro-macrozonal-organizado-por-la-seremi-de-ciencia\/#article","isPartOf":{"@id":"https:\/\/dev.explora.cl\/tarapaca\/directora-de-explora-tarapaca-participa-en-encuentro-macrozonal-organizado-por-la-seremi-de-ciencia\/"},"author":{"name":"admintarapaca","@id":"https:\/\/dev.explora.cl\/tarapaca\/#\/schema\/person\/ca04f8a8f8e25243bd462d34eb1ca505"},"headline":"Directora de Explora Tarapac\u00e1 participa en Encuentro Macrozonal organizado por la Seremi de Ciencia","datePublished":"2022-06-03T19:18:05+00:00","dateModified":"2022-12-22T19:50:19+00:00","mainEntityOfPage":{"@id":"https:\/\/dev.explora.cl\/tarapaca\/directora-de-explora-tarapaca-participa-en-encuentro-macrozonal-organizado-por-la-seremi-de-ciencia\/"},"wordCount":409,"commentCount":0,"image":{"@id":"https:\/\/dev.explora.cl\/tarapaca\/directora-de-explora-tarapaca-participa-en-encuentro-macrozonal-organizado-por-la-seremi-de-ciencia\/#primaryimage"},"thumbnailUrl":"https:\/\/dev.explora.cl\/tarapaca\/wp-content\/uploads\/sites\/3\/2022\/06\/Encuentro-Macrozonal-1.jpeg","keywords":["Encuentro Macrozonal Explora","Explora Tarapac\u00e1","Ministerio de Ciencia","programa EXPLORA","UTA Iquique"],"articleSection":["Lugar 5"],"inLanguage":"es-CL","potentialAction":[{"@type":"CommentAction","name":"Comment","target":["https:\/\/dev.explora.cl\/tarapaca\/directora-de-explora-tarapaca-participa-en-encuentro-macrozonal-organizado-por-la-seremi-de-ciencia\/#respond"]}]},{"@type":"WebPage","@id":"https:\/\/dev.explora.cl\/tarapaca\/directora-de-explora-tarapaca-participa-en-encuentro-macrozonal-organizado-por-la-seremi-de-ciencia\/","url":"https:\/\/dev.explora.cl\/tarapaca\/directora-de-explora-tarapaca-participa-en-encuentro-macrozonal-organizado-por-la-seremi-de-ciencia\/","name":"Directora de Explora Tarapac\u00e1 participa en Encuentro Macrozonal organizado por la Seremi de Ciencia - Tarapaca","isPartOf":{"@id":"https:\/\/dev.explora.cl\/tarapaca\/#website"},"primaryImageOfPage":{"@id":"https:\/\/dev.explora.cl\/tarapaca\/directora-de-explora-tarapaca-participa-en-encuentro-macrozonal-organizado-por-la-seremi-de-ciencia\/#primaryimage"},"image":{"@id":"https:\/\/dev.explora.cl\/tarapaca\/directora-de-explora-tarapaca-participa-en-encuentro-macrozonal-organizado-por-la-seremi-de-ciencia\/#primaryimage"},"thumbnailUrl":"https:\/\/dev.explora.cl\/tarapaca\/wp-content\/uploads\/sites\/3\/2022\/06\/Encuentro-Macrozonal-1.jpeg","datePublished":"2022-06-03T19:18:05+00:00","dateModified":"2022-12-22T19:50:19+00:00","author":{"@id":"https:\/\/dev.explora.cl\/tarapaca\/#\/schema\/person\/ca04f8a8f8e25243bd462d34eb1ca505"},"breadcrumb":{"@id":"https:\/\/dev.explora.cl\/tarapaca\/directora-de-explora-tarapaca-participa-en-encuentro-macrozonal-organizado-por-la-seremi-de-ciencia\/#breadcrumb"},"inLanguage":"es-CL","potentialAction":[{"@type":"ReadAction","target":["https:\/\/dev.explora.cl\/tarapaca\/directora-de-explora-tarapaca-participa-en-encuentro-macrozonal-organizado-por-la-seremi-de-ciencia\/"]}]},{"@type":"ImageObject","inLanguage":"es-CL","@id":"https:\/\/dev.explora.cl\/tarapaca\/directora-de-explora-tarapaca-participa-en-encuentro-macrozonal-organizado-por-la-seremi-de-ciencia\/#primaryimage","url":"https:\/\/dev.explora.cl\/tarapaca\/wp-content\/uploads\/sites\/3\/2022\/06\/Encuentro-Macrozonal-1.jpeg","contentUrl":"https:\/\/dev.explora.cl\/tarapaca\/wp-content\/uploads\/sites\/3\/2022\/06\/Encuentro-Macrozonal-1.jpeg","width":1280,"height":852},{"@type":"BreadcrumbList","@id":"https:\/\/dev.explora.cl\/tarapaca\/directora-de-explora-tarapaca-participa-en-encuentro-macrozonal-organizado-por-la-seremi-de-ciencia\/#breadcrumb","itemListElement":[{"@type":"ListItem","position":1,"name":"Portada","item":"https:\/\/dev.explora.cl\/tarapaca\/"},{"@type":"ListItem","position":2,"name":"Directora de Explora Tarapac\u00e1 participa en Encuentro Macrozonal organizado por la Seremi de Ciencia"}]},{"@type":"WebSite","@id":"https:\/\/dev.explora.cl\/tarapaca\/#website","url":"https:\/\/dev.explora.cl\/tarapaca\/","name":"Tarapaca","description":"Otro sitio m\u00e1s de dev.explora.cl","potentialAction":[{"@type":"SearchAction","target":{"@type":"EntryPoint","urlTemplate":"https:\/\/dev.explora.cl\/tarapaca\/?s={search_term_string}"},"query-input":{"@type":"PropertyValueSpecification","valueRequired":true,"valueName":"search_term_string"}}],"inLanguage":"es-CL"},{"@type":"Person","@id":"https:\/\/dev.explora.cl\/tarapaca\/#\/schema\/person\/ca04f8a8f8e25243bd462d34eb1ca505","name":"admintarapaca","image":{"@type":"ImageObject","inLanguage":"es-CL","@id":"https:\/\/dev.explora.cl\/tarapaca\/#\/schema\/person\/image\/","url":"https:\/\/secure.gravatar.com\/avatar\/8ff4762fabbf7a1732a126425c82d628f08ba754529d77a55358cbb74e14343f?s=96&d=mm&r=g","contentUrl":"https:\/\/secure.gravatar.com\/avatar\/8ff4762fabbf7a1732a126425c82d628f08ba754529d77a55358cbb74e14343f?s=96&d=mm&r=g","caption":"admintarapaca"},"url":"https:\/\/dev.explora.cl\/tarapaca\/author\/dolivares\/"}]}},"_links":{"self":[{"href":"https:\/\/dev.explora.cl\/tarapaca\/wp-json\/wp\/v2\/posts\/39590","targetHints":{"allow":["GET"]}}],"collection":[{"href":"https:\/\/dev.explora.cl\/tarapaca\/wp-json\/wp\/v2\/posts"}],"about":[{"href":"https:\/\/dev.explora.cl\/tarapaca\/wp-json\/wp\/v2\/types\/post"}],"author":[{"embeddable":true,"href":"https:\/\/dev.explora.cl\/tarapaca\/wp-json\/wp\/v2\/users\/18"}],"replies":[{"embeddable":true,"href":"https:\/\/dev.explora.cl\/tarapaca\/wp-json\/wp\/v2\/comments?post=39590"}],"version-history":[{"count":5,"href":"https:\/\/dev.explora.cl\/tarapaca\/wp-json\/wp\/v2\/posts\/39590\/revisions"}],"predecessor-version":[{"id":39600,"href":"https:\/\/dev.explora.cl\/tarapaca\/wp-json\/wp\/v2\/posts\/39590\/revisions\/39600"}],"wp:featuredmedia":[{"embeddable":true,"href":"https:\/\/dev.explora.cl\/tarapaca\/wp-json\/wp\/v2\/media\/39592"}],"wp:attachment":[{"href":"https:\/\/dev.explora.cl\/tarapaca\/wp-json\/wp\/v2\/media?parent=39590"}],"wp:term":[{"taxonomy":"category","embeddable":true,"href":"https:\/\/dev.explora.cl\/tarapaca\/wp-json\/wp\/v2\/categories?post=39590"},{"taxonomy":"post_tag","embeddable":true,"href":"https:\/\/dev.explora.cl\/tarapaca\/wp-json\/wp\/v2\/tags?post=39590"}],"curies":[{"name":"wp","href":"https:\/\/api.w.org\/{rel}","templated":true}]}}