{"id":39566,"date":"2022-05-31T12:56:58","date_gmt":"2022-05-31T16:56:58","guid":{"rendered":"https:\/\/dev.explora.cl\/tarapaca\/?p=39566"},"modified":"2022-12-21T12:43:33","modified_gmt":"2022-12-21T15:43:33","slug":"explora-tarapaca-da-inicio-a-las-academias-de-investigacion-e-innovacion-escolar-2022","status":"publish","type":"post","link":"https:\/\/dev.explora.cl\/tarapaca\/explora-tarapaca-da-inicio-a-las-academias-de-investigacion-e-innovacion-escolar-2022\/","title":{"rendered":"Explora Tarapac\u00e1 da inicio a las academias de Investigaci\u00f3n e Innovaci\u00f3n Escolar 2022"},"content":{"rendered":"<p>En su nueva edici\u00f3n, las academias de Investigaci\u00f3n e Innovaci\u00f3n Escolar (IIE) que desarrolla el Proyecto Asociativo Regional (PAR) Explora Tarapac\u00e1 reunir\u00e1n a estudiantes de 17 establecimientos educacionales de las provincias de Iquique y El Tamarugal a quienes se les dio oficialmente la bienvenida durante la jornada inaugural de la iniciativa, desarrollada en formato h\u00edbrido desde la sede Baquedano de la Universidad de Tarapac\u00e1 (UTA).<\/p>\n<p>En la actividad, estudiantes y docentes de planteles participantes conocieron el trabajo que desarrollar\u00e1n en las academias IIE donde ser\u00e1n parte de talleres y capacitaciones, y recibir\u00e1n asesor\u00eda cient\u00edfica para que desarrollen proyectos en \u00e1reas como Ciencias Naturales y Exactas, Ciencias Sociales, Artes y\/o Humanidades e Innovaci\u00f3n. Adem\u00e1s, Explora Tarapac\u00e1 brindar\u00e1 acompa\u00f1amiento permanente a las academias y se generar\u00e1n reuniones peri\u00f3dicas para evaluar los avances de sus trabajos.<\/p>\n<p>Seg\u00fan explic\u00f3 el encargado de IIE de Explora Tarapac\u00e1, \u00c1lvaro Pimentel, a diferencia del 2021 en que las academias se ejecutaron de forma remota, este a\u00f1o se contemplan actividades presenciales y virtuales, las que concluir\u00e1n en diciembre pr\u00f3ximo con el desarrollo de una feria donde las academias de cada instituci\u00f3n educativa participante presentar\u00e1n sus proyectos a la comunidad.<\/p>\n<p><em>\u201cHoy partimos y espero que, con todo el trabajo que se realice de aqu\u00ed a diciembre, los y las estudiantes puedan desarrollar todas sus capacidades para lograr presentar proyectos de investigaci\u00f3n, creativos e innovadores, que aporten en la regi\u00f3n. Muchas gracias por acompa\u00f1arnos y seguir confiando en la Universidad de Tarapac\u00e1 Sede Iquique, y el proyecto Explora. Estamos aqu\u00ed para apoyarlos en todo lo que necesitan\u201d, <\/em>expres\u00f3 la directora acad\u00e9mica de la UTA Iquique, Ang\u00e9lica Cazenave, durante el acto de inauguraci\u00f3n.<\/p>\n<p>Por su parte, la directora ejecutiva de Explora Tarapac\u00e1, Valeska Zepeda, remarc\u00f3 que <em>\u201cseguimos manteniendo la convicci\u00f3n de que este trabajo denominado investigaci\u00f3n e innovaci\u00f3n escolar a trav\u00e9s de las academias es un proceso muy necesario para que todos y todas ustedes puedan lograr grandes cosas (\u2026) Esperamos que se lleven una gran satisfacci\u00f3n a trav\u00e9s del trabajo que vayamos haciendo durante el a\u00f1o. Lo importante es que tengamos la capacidad de trabajar de manera colaborativa y articulada\u201d.<\/em><\/p>\n<p><strong>PARTICIPANTES<\/strong><br \/>\nLos establecimientos educacionales que intervendr\u00e1n en la iniciativa son: colegios Academia Tarapac\u00e1, Bajo Molle, Ingl\u00e9s, e Hispano Brit\u00e1nico; liceos Obispo Labb\u00e9, William Taylor, Bernardo O\u2019Higgins, Juan Pablo II y Cami\u00f1a, y escuelas de Huatacondo, La Tirana, Pozo Almonte, Gabriela Mistral, Pachica, Thilda Portillo, Centenario, y Matilla.<\/p>\n<p>Durante la jornada inaugural, Karen Zegarra, alumna del liceo Bernardo O\u2019Higgins, expres\u00f3 su entusiasmo por vivir una nueva experiencia junto al proyecto: <em>\u201cExplora es mucha constancia y esfuerzo, pero siempre es bien devuelto todo lo que se da. El conocimiento que se genera es demasiado, aprendes a interactuar con otros y a trabajar en equipo, y sin darte cuenta, mejoras como persona al tener m\u00e1s conocimiento cient\u00edfico, lo que es muy importante, y tambi\u00e9n generas el conocimiento que te va servir para toda la vida\u201d.<\/em><\/p>\n<p>En tanto, la docente de Biolog\u00eda y Ciencias del colegio Bajo Molle, Gladys Rojas, destac\u00f3 el aporte que entrega este tipo de iniciativas en la formaci\u00f3n de los estudiantes. <em>\u201cExplora nos apoya mucho en todo sentido, no solamente en la parte educacional, sino que tambi\u00e9n en la parte social y participativa con otras instituciones\u201d, precis\u00f3.<\/em><\/p>\n<p>Las academias de Investigaci\u00f3n e Innovaci\u00f3n Escolar corresponden a una iniciativa impulsada desde el Programa Explora del <a href=\"https:\/\/www.minciencia.gob.cl\/\">Ministerio de Ciencia, Tecnolog\u00eda, Conocimiento e Innovaci\u00f3n<\/a>, ejecutada en la regi\u00f3n por el Proyecto Explora Tarapac\u00e1 de la <a href=\"https:\/\/www.uta.cl\/index.php\/sede-iquique\/\">Universidad de Tarapac\u00e1 Sede Iquique<\/a>. Estas tienen por objetivo fomentar el desarrollo de competencias a trav\u00e9s de proyectos de investigaci\u00f3n e innovaci\u00f3n escolar.<\/p>\n<p><img loading=\"lazy\" decoding=\"async\" class=\"alignnone size-medium wp-image-39572\" src=\"https:\/\/dev.explora.cl\/tarapaca\/wp-content\/uploads\/sites\/3\/2022\/05\/Jornada-Inaugural-IIE-3-300x225.jpeg\" alt=\"\" width=\"300\" height=\"225\" srcset=\"https:\/\/dev.explora.cl\/tarapaca\/wp-content\/uploads\/sites\/3\/2022\/05\/Jornada-Inaugural-IIE-3-300x225.jpeg 300w, https:\/\/dev.explora.cl\/tarapaca\/wp-content\/uploads\/sites\/3\/2022\/05\/Jornada-Inaugural-IIE-3-768x576.jpeg 768w, https:\/\/dev.explora.cl\/tarapaca\/wp-content\/uploads\/sites\/3\/2022\/05\/Jornada-Inaugural-IIE-3-1024x768.jpeg 1024w, https:\/\/dev.explora.cl\/tarapaca\/wp-content\/uploads\/sites\/3\/2022\/05\/Jornada-Inaugural-IIE-3.jpeg 1280w\" sizes=\"auto, (max-width: 300px) 100vw, 300px\" \/><img loading=\"lazy\" decoding=\"async\" class=\"alignnone size-medium wp-image-39575\" src=\"https:\/\/dev.explora.cl\/tarapaca\/wp-content\/uploads\/sites\/3\/2022\/05\/20220527_171747-300x225.jpg\" alt=\"\" width=\"300\" height=\"225\" srcset=\"https:\/\/dev.explora.cl\/tarapaca\/wp-content\/uploads\/sites\/3\/2022\/05\/20220527_171747-300x225.jpg 300w, https:\/\/dev.explora.cl\/tarapaca\/wp-content\/uploads\/sites\/3\/2022\/05\/20220527_171747-768x576.jpg 768w, https:\/\/dev.explora.cl\/tarapaca\/wp-content\/uploads\/sites\/3\/2022\/05\/20220527_171747-1024x768.jpg 1024w\" sizes=\"auto, (max-width: 300px) 100vw, 300px\" \/><img loading=\"lazy\" decoding=\"async\" class=\"alignnone size-medium wp-image-39570\" src=\"https:\/\/dev.explora.cl\/tarapaca\/wp-content\/uploads\/sites\/3\/2022\/05\/Jornada-Inaugural-IIE-2-300x145.jpeg\" alt=\"\" width=\"300\" height=\"145\" srcset=\"https:\/\/dev.explora.cl\/tarapaca\/wp-content\/uploads\/sites\/3\/2022\/05\/Jornada-Inaugural-IIE-2-300x145.jpeg 300w, https:\/\/dev.explora.cl\/tarapaca\/wp-content\/uploads\/sites\/3\/2022\/05\/Jornada-Inaugural-IIE-2-768x371.jpeg 768w, https:\/\/dev.explora.cl\/tarapaca\/wp-content\/uploads\/sites\/3\/2022\/05\/Jornada-Inaugural-IIE-2-1024x494.jpeg 1024w, https:\/\/dev.explora.cl\/tarapaca\/wp-content\/uploads\/sites\/3\/2022\/05\/Jornada-Inaugural-IIE-2.jpeg 1274w\" sizes=\"auto, (max-width: 300px) 100vw, 300px\" \/><\/p>\n","protected":false},"excerpt":{"rendered":"<p>En su nueva edici\u00f3n, las academias de Investigaci\u00f3n e Innovaci\u00f3n Escolar (IIE) que desarrolla el Proyecto Asociativo Regional (PAR) Explora Tarapac\u00e1 reunir\u00e1n a estudiantes de 17 establecimientos educacionales de las provincias de Iquique y El Tamarugal a quienes se les dio oficialmente la bienvenida durante la jornada inaugural de la iniciativa, desarrollada en formato h\u00edbrido [&hellip;]<\/p>\n","protected":false},"author":18,"featured_media":39569,"comment_status":"open","ping_status":"open","sticky":false,"template":"","format":"standard","meta":{"_acf_changed":false,"_exactmetrics_skip_tracking":false,"_exactmetrics_sitenote_active":false,"_exactmetrics_sitenote_note":"","_exactmetrics_sitenote_category":0,"footnotes":"","_links_to":"","_links_to_target":""},"categories":[142,1],"tags":[268,243,269,181,68,215],"class_list":["post-39566","post","type-post","status-publish","format-standard","has-post-thumbnail","hentry","category-lugar-7","category-sin-categoria","tag-explora-tarapaca","tag-iie","tag-investigacion-e-innovacion-escolar","tag-ministerio-de-ciencia","tag-programa-explora","tag-uta-iquique"],"acf":[],"yoast_head":"<!-- This site is optimized with the Yoast SEO plugin v26.7 - https:\/\/yoast.com\/wordpress\/plugins\/seo\/ -->\n<title>Explora Tarapac\u00e1 da inicio a las academias de Investigaci\u00f3n e Innovaci\u00f3n Escolar 2022 - Tarapaca<\/title>\n<meta name=\"robots\" content=\"index, follow, max-snippet:-1, max-image-preview:large, max-video-preview:-1\" \/>\n<link rel=\"canonical\" href=\"https:\/\/dev.explora.cl\/tarapaca\/explora-tarapaca-da-inicio-a-las-academias-de-investigacion-e-innovacion-escolar-2022\/\" class=\"yoast-seo-meta-tag\" \/>\n<meta property=\"og:locale\" content=\"es_ES\" class=\"yoast-seo-meta-tag\" \/>\n<meta property=\"og:type\" content=\"article\" class=\"yoast-seo-meta-tag\" \/>\n<meta property=\"og:title\" content=\"Explora Tarapac\u00e1 da inicio a las academias de Investigaci\u00f3n e Innovaci\u00f3n Escolar 2022 - Tarapaca\" class=\"yoast-seo-meta-tag\" \/>\n<meta property=\"og:description\" content=\"En su nueva edici\u00f3n, las academias de Investigaci\u00f3n e Innovaci\u00f3n Escolar (IIE) que desarrolla el Proyecto Asociativo Regional (PAR) Explora Tarapac\u00e1 reunir\u00e1n a estudiantes de 17 establecimientos educacionales de las provincias de Iquique y El Tamarugal a quienes se les dio oficialmente la bienvenida durante la jornada inaugural de la iniciativa, desarrollada en formato h\u00edbrido [&hellip;]\" class=\"yoast-seo-meta-tag\" \/>\n<meta property=\"og:url\" content=\"https:\/\/dev.explora.cl\/tarapaca\/explora-tarapaca-da-inicio-a-las-academias-de-investigacion-e-innovacion-escolar-2022\/\" class=\"yoast-seo-meta-tag\" \/>\n<meta property=\"og:site_name\" content=\"Tarapaca\" class=\"yoast-seo-meta-tag\" \/>\n<meta property=\"article:published_time\" content=\"2022-05-31T16:56:58+00:00\" class=\"yoast-seo-meta-tag\" \/>\n<meta property=\"article:modified_time\" content=\"2022-12-21T15:43:33+00:00\" class=\"yoast-seo-meta-tag\" \/>\n<meta property=\"og:image\" content=\"https:\/\/dev.explora.cl\/tarapaca\/wp-content\/uploads\/sites\/3\/2022\/05\/Jornada-Inaugural-IIE-4.jpeg\" class=\"yoast-seo-meta-tag\" \/>\n\t<meta property=\"og:image:width\" content=\"1280\" class=\"yoast-seo-meta-tag\" \/>\n\t<meta property=\"og:image:height\" content=\"960\" class=\"yoast-seo-meta-tag\" \/>\n\t<meta property=\"og:image:type\" content=\"image\/jpeg\" class=\"yoast-seo-meta-tag\" \/>\n<meta name=\"author\" content=\"admintarapaca\" class=\"yoast-seo-meta-tag\" \/>\n<meta name=\"twitter:card\" content=\"summary_large_image\" class=\"yoast-seo-meta-tag\" \/>\n<meta name=\"twitter:label1\" content=\"Escrito por\" class=\"yoast-seo-meta-tag\" \/>\n\t<meta name=\"twitter:data1\" content=\"admintarapaca\" class=\"yoast-seo-meta-tag\" \/>\n\t<meta name=\"twitter:label2\" content=\"Tiempo estimado de lectura\" class=\"yoast-seo-meta-tag\" \/>\n\t<meta name=\"twitter:data2\" content=\"3 minutos\" class=\"yoast-seo-meta-tag\" \/>\n<script type=\"application\/ld+json\" class=\"yoast-schema-graph\">{\"@context\":\"https:\/\/schema.org\",\"@graph\":[{\"@type\":\"Article\",\"@id\":\"https:\/\/dev.explora.cl\/tarapaca\/explora-tarapaca-da-inicio-a-las-academias-de-investigacion-e-innovacion-escolar-2022\/#article\",\"isPartOf\":{\"@id\":\"https:\/\/dev.explora.cl\/tarapaca\/explora-tarapaca-da-inicio-a-las-academias-de-investigacion-e-innovacion-escolar-2022\/\"},\"author\":{\"name\":\"admintarapaca\",\"@id\":\"https:\/\/dev.explora.cl\/tarapaca\/#\/schema\/person\/ca04f8a8f8e25243bd462d34eb1ca505\"},\"headline\":\"Explora Tarapac\u00e1 da inicio a las academias de Investigaci\u00f3n e Innovaci\u00f3n Escolar 2022\",\"datePublished\":\"2022-05-31T16:56:58+00:00\",\"dateModified\":\"2022-12-21T15:43:33+00:00\",\"mainEntityOfPage\":{\"@id\":\"https:\/\/dev.explora.cl\/tarapaca\/explora-tarapaca-da-inicio-a-las-academias-de-investigacion-e-innovacion-escolar-2022\/\"},\"wordCount\":661,\"commentCount\":0,\"image\":{\"@id\":\"https:\/\/dev.explora.cl\/tarapaca\/explora-tarapaca-da-inicio-a-las-academias-de-investigacion-e-innovacion-escolar-2022\/#primaryimage\"},\"thumbnailUrl\":\"https:\/\/dev.explora.cl\/tarapaca\/wp-content\/uploads\/sites\/3\/2022\/05\/Jornada-Inaugural-IIE-4.jpeg\",\"keywords\":[\"Explora Tarapac\u00e1\",\"IIE\",\"Investigaci\u00f3n e Innovaci\u00f3n Escolar\",\"Ministerio de Ciencia\",\"programa EXPLORA\",\"UTA Iquique\"],\"articleSection\":[\"Lugar 7\"],\"inLanguage\":\"es-CL\",\"potentialAction\":[{\"@type\":\"CommentAction\",\"name\":\"Comment\",\"target\":[\"https:\/\/dev.explora.cl\/tarapaca\/explora-tarapaca-da-inicio-a-las-academias-de-investigacion-e-innovacion-escolar-2022\/#respond\"]}]},{\"@type\":\"WebPage\",\"@id\":\"https:\/\/dev.explora.cl\/tarapaca\/explora-tarapaca-da-inicio-a-las-academias-de-investigacion-e-innovacion-escolar-2022\/\",\"url\":\"https:\/\/dev.explora.cl\/tarapaca\/explora-tarapaca-da-inicio-a-las-academias-de-investigacion-e-innovacion-escolar-2022\/\",\"name\":\"Explora Tarapac\u00e1 da inicio a las academias de Investigaci\u00f3n e Innovaci\u00f3n Escolar 2022 - Tarapaca\",\"isPartOf\":{\"@id\":\"https:\/\/dev.explora.cl\/tarapaca\/#website\"},\"primaryImageOfPage\":{\"@id\":\"https:\/\/dev.explora.cl\/tarapaca\/explora-tarapaca-da-inicio-a-las-academias-de-investigacion-e-innovacion-escolar-2022\/#primaryimage\"},\"image\":{\"@id\":\"https:\/\/dev.explora.cl\/tarapaca\/explora-tarapaca-da-inicio-a-las-academias-de-investigacion-e-innovacion-escolar-2022\/#primaryimage\"},\"thumbnailUrl\":\"https:\/\/dev.explora.cl\/tarapaca\/wp-content\/uploads\/sites\/3\/2022\/05\/Jornada-Inaugural-IIE-4.jpeg\",\"datePublished\":\"2022-05-31T16:56:58+00:00\",\"dateModified\":\"2022-12-21T15:43:33+00:00\",\"author\":{\"@id\":\"https:\/\/dev.explora.cl\/tarapaca\/#\/schema\/person\/ca04f8a8f8e25243bd462d34eb1ca505\"},\"breadcrumb\":{\"@id\":\"https:\/\/dev.explora.cl\/tarapaca\/explora-tarapaca-da-inicio-a-las-academias-de-investigacion-e-innovacion-escolar-2022\/#breadcrumb\"},\"inLanguage\":\"es-CL\",\"potentialAction\":[{\"@type\":\"ReadAction\",\"target\":[\"https:\/\/dev.explora.cl\/tarapaca\/explora-tarapaca-da-inicio-a-las-academias-de-investigacion-e-innovacion-escolar-2022\/\"]}]},{\"@type\":\"ImageObject\",\"inLanguage\":\"es-CL\",\"@id\":\"https:\/\/dev.explora.cl\/tarapaca\/explora-tarapaca-da-inicio-a-las-academias-de-investigacion-e-innovacion-escolar-2022\/#primaryimage\",\"url\":\"https:\/\/dev.explora.cl\/tarapaca\/wp-content\/uploads\/sites\/3\/2022\/05\/Jornada-Inaugural-IIE-4.jpeg\",\"contentUrl\":\"https:\/\/dev.explora.cl\/tarapaca\/wp-content\/uploads\/sites\/3\/2022\/05\/Jornada-Inaugural-IIE-4.jpeg\",\"width\":1280,\"height\":960},{\"@type\":\"BreadcrumbList\",\"@id\":\"https:\/\/dev.explora.cl\/tarapaca\/explora-tarapaca-da-inicio-a-las-academias-de-investigacion-e-innovacion-escolar-2022\/#breadcrumb\",\"itemListElement\":[{\"@type\":\"ListItem\",\"position\":1,\"name\":\"Portada\",\"item\":\"https:\/\/dev.explora.cl\/tarapaca\/\"},{\"@type\":\"ListItem\",\"position\":2,\"name\":\"Explora Tarapac\u00e1 da inicio a las academias de Investigaci\u00f3n e Innovaci\u00f3n Escolar 2022\"}]},{\"@type\":\"WebSite\",\"@id\":\"https:\/\/dev.explora.cl\/tarapaca\/#website\",\"url\":\"https:\/\/dev.explora.cl\/tarapaca\/\",\"name\":\"Tarapaca\",\"description\":\"Otro sitio m\u00e1s de dev.explora.cl\",\"potentialAction\":[{\"@type\":\"SearchAction\",\"target\":{\"@type\":\"EntryPoint\",\"urlTemplate\":\"https:\/\/dev.explora.cl\/tarapaca\/?s={search_term_string}\"},\"query-input\":{\"@type\":\"PropertyValueSpecification\",\"valueRequired\":true,\"valueName\":\"search_term_string\"}}],\"inLanguage\":\"es-CL\"},{\"@type\":\"Person\",\"@id\":\"https:\/\/dev.explora.cl\/tarapaca\/#\/schema\/person\/ca04f8a8f8e25243bd462d34eb1ca505\",\"name\":\"admintarapaca\",\"image\":{\"@type\":\"ImageObject\",\"inLanguage\":\"es-CL\",\"@id\":\"https:\/\/dev.explora.cl\/tarapaca\/#\/schema\/person\/image\/\",\"url\":\"https:\/\/secure.gravatar.com\/avatar\/8ff4762fabbf7a1732a126425c82d628f08ba754529d77a55358cbb74e14343f?s=96&d=mm&r=g\",\"contentUrl\":\"https:\/\/secure.gravatar.com\/avatar\/8ff4762fabbf7a1732a126425c82d628f08ba754529d77a55358cbb74e14343f?s=96&d=mm&r=g\",\"caption\":\"admintarapaca\"},\"url\":\"https:\/\/dev.explora.cl\/tarapaca\/author\/dolivares\/\"}]}<\/script>\n<!-- \/ Yoast SEO plugin. -->","yoast_head_json":{"title":"Explora Tarapac\u00e1 da inicio a las academias de Investigaci\u00f3n e Innovaci\u00f3n Escolar 2022 - Tarapaca","robots":{"index":"index","follow":"follow","max-snippet":"max-snippet:-1","max-image-preview":"max-image-preview:large","max-video-preview":"max-video-preview:-1"},"canonical":"https:\/\/dev.explora.cl\/tarapaca\/explora-tarapaca-da-inicio-a-las-academias-de-investigacion-e-innovacion-escolar-2022\/","og_locale":"es_ES","og_type":"article","og_title":"Explora Tarapac\u00e1 da inicio a las academias de Investigaci\u00f3n e Innovaci\u00f3n Escolar 2022 - Tarapaca","og_description":"En su nueva edici\u00f3n, las academias de Investigaci\u00f3n e Innovaci\u00f3n Escolar (IIE) que desarrolla el Proyecto Asociativo Regional (PAR) Explora Tarapac\u00e1 reunir\u00e1n a estudiantes de 17 establecimientos educacionales de las provincias de Iquique y El Tamarugal a quienes se les dio oficialmente la bienvenida durante la jornada inaugural de la iniciativa, desarrollada en formato h\u00edbrido [&hellip;]","og_url":"https:\/\/dev.explora.cl\/tarapaca\/explora-tarapaca-da-inicio-a-las-academias-de-investigacion-e-innovacion-escolar-2022\/","og_site_name":"Tarapaca","article_published_time":"2022-05-31T16:56:58+00:00","article_modified_time":"2022-12-21T15:43:33+00:00","og_image":[{"width":1280,"height":960,"url":"https:\/\/dev.explora.cl\/tarapaca\/wp-content\/uploads\/sites\/3\/2022\/05\/Jornada-Inaugural-IIE-4.jpeg","type":"image\/jpeg"}],"author":"admintarapaca","twitter_card":"summary_large_image","twitter_misc":{"Escrito por":"admintarapaca","Tiempo estimado de lectura":"3 minutos"},"schema":{"@context":"https:\/\/schema.org","@graph":[{"@type":"Article","@id":"https:\/\/dev.explora.cl\/tarapaca\/explora-tarapaca-da-inicio-a-las-academias-de-investigacion-e-innovacion-escolar-2022\/#article","isPartOf":{"@id":"https:\/\/dev.explora.cl\/tarapaca\/explora-tarapaca-da-inicio-a-las-academias-de-investigacion-e-innovacion-escolar-2022\/"},"author":{"name":"admintarapaca","@id":"https:\/\/dev.explora.cl\/tarapaca\/#\/schema\/person\/ca04f8a8f8e25243bd462d34eb1ca505"},"headline":"Explora Tarapac\u00e1 da inicio a las academias de Investigaci\u00f3n e Innovaci\u00f3n Escolar 2022","datePublished":"2022-05-31T16:56:58+00:00","dateModified":"2022-12-21T15:43:33+00:00","mainEntityOfPage":{"@id":"https:\/\/dev.explora.cl\/tarapaca\/explora-tarapaca-da-inicio-a-las-academias-de-investigacion-e-innovacion-escolar-2022\/"},"wordCount":661,"commentCount":0,"image":{"@id":"https:\/\/dev.explora.cl\/tarapaca\/explora-tarapaca-da-inicio-a-las-academias-de-investigacion-e-innovacion-escolar-2022\/#primaryimage"},"thumbnailUrl":"https:\/\/dev.explora.cl\/tarapaca\/wp-content\/uploads\/sites\/3\/2022\/05\/Jornada-Inaugural-IIE-4.jpeg","keywords":["Explora Tarapac\u00e1","IIE","Investigaci\u00f3n e Innovaci\u00f3n Escolar","Ministerio de Ciencia","programa EXPLORA","UTA Iquique"],"articleSection":["Lugar 7"],"inLanguage":"es-CL","potentialAction":[{"@type":"CommentAction","name":"Comment","target":["https:\/\/dev.explora.cl\/tarapaca\/explora-tarapaca-da-inicio-a-las-academias-de-investigacion-e-innovacion-escolar-2022\/#respond"]}]},{"@type":"WebPage","@id":"https:\/\/dev.explora.cl\/tarapaca\/explora-tarapaca-da-inicio-a-las-academias-de-investigacion-e-innovacion-escolar-2022\/","url":"https:\/\/dev.explora.cl\/tarapaca\/explora-tarapaca-da-inicio-a-las-academias-de-investigacion-e-innovacion-escolar-2022\/","name":"Explora Tarapac\u00e1 da inicio a las academias de Investigaci\u00f3n e Innovaci\u00f3n Escolar 2022 - Tarapaca","isPartOf":{"@id":"https:\/\/dev.explora.cl\/tarapaca\/#website"},"primaryImageOfPage":{"@id":"https:\/\/dev.explora.cl\/tarapaca\/explora-tarapaca-da-inicio-a-las-academias-de-investigacion-e-innovacion-escolar-2022\/#primaryimage"},"image":{"@id":"https:\/\/dev.explora.cl\/tarapaca\/explora-tarapaca-da-inicio-a-las-academias-de-investigacion-e-innovacion-escolar-2022\/#primaryimage"},"thumbnailUrl":"https:\/\/dev.explora.cl\/tarapaca\/wp-content\/uploads\/sites\/3\/2022\/05\/Jornada-Inaugural-IIE-4.jpeg","datePublished":"2022-05-31T16:56:58+00:00","dateModified":"2022-12-21T15:43:33+00:00","author":{"@id":"https:\/\/dev.explora.cl\/tarapaca\/#\/schema\/person\/ca04f8a8f8e25243bd462d34eb1ca505"},"breadcrumb":{"@id":"https:\/\/dev.explora.cl\/tarapaca\/explora-tarapaca-da-inicio-a-las-academias-de-investigacion-e-innovacion-escolar-2022\/#breadcrumb"},"inLanguage":"es-CL","potentialAction":[{"@type":"ReadAction","target":["https:\/\/dev.explora.cl\/tarapaca\/explora-tarapaca-da-inicio-a-las-academias-de-investigacion-e-innovacion-escolar-2022\/"]}]},{"@type":"ImageObject","inLanguage":"es-CL","@id":"https:\/\/dev.explora.cl\/tarapaca\/explora-tarapaca-da-inicio-a-las-academias-de-investigacion-e-innovacion-escolar-2022\/#primaryimage","url":"https:\/\/dev.explora.cl\/tarapaca\/wp-content\/uploads\/sites\/3\/2022\/05\/Jornada-Inaugural-IIE-4.jpeg","contentUrl":"https:\/\/dev.explora.cl\/tarapaca\/wp-content\/uploads\/sites\/3\/2022\/05\/Jornada-Inaugural-IIE-4.jpeg","width":1280,"height":960},{"@type":"BreadcrumbList","@id":"https:\/\/dev.explora.cl\/tarapaca\/explora-tarapaca-da-inicio-a-las-academias-de-investigacion-e-innovacion-escolar-2022\/#breadcrumb","itemListElement":[{"@type":"ListItem","position":1,"name":"Portada","item":"https:\/\/dev.explora.cl\/tarapaca\/"},{"@type":"ListItem","position":2,"name":"Explora Tarapac\u00e1 da inicio a las academias de Investigaci\u00f3n e Innovaci\u00f3n Escolar 2022"}]},{"@type":"WebSite","@id":"https:\/\/dev.explora.cl\/tarapaca\/#website","url":"https:\/\/dev.explora.cl\/tarapaca\/","name":"Tarapaca","description":"Otro sitio m\u00e1s de dev.explora.cl","potentialAction":[{"@type":"SearchAction","target":{"@type":"EntryPoint","urlTemplate":"https:\/\/dev.explora.cl\/tarapaca\/?s={search_term_string}"},"query-input":{"@type":"PropertyValueSpecification","valueRequired":true,"valueName":"search_term_string"}}],"inLanguage":"es-CL"},{"@type":"Person","@id":"https:\/\/dev.explora.cl\/tarapaca\/#\/schema\/person\/ca04f8a8f8e25243bd462d34eb1ca505","name":"admintarapaca","image":{"@type":"ImageObject","inLanguage":"es-CL","@id":"https:\/\/dev.explora.cl\/tarapaca\/#\/schema\/person\/image\/","url":"https:\/\/secure.gravatar.com\/avatar\/8ff4762fabbf7a1732a126425c82d628f08ba754529d77a55358cbb74e14343f?s=96&d=mm&r=g","contentUrl":"https:\/\/secure.gravatar.com\/avatar\/8ff4762fabbf7a1732a126425c82d628f08ba754529d77a55358cbb74e14343f?s=96&d=mm&r=g","caption":"admintarapaca"},"url":"https:\/\/dev.explora.cl\/tarapaca\/author\/dolivares\/"}]}},"_links":{"self":[{"href":"https:\/\/dev.explora.cl\/tarapaca\/wp-json\/wp\/v2\/posts\/39566","targetHints":{"allow":["GET"]}}],"collection":[{"href":"https:\/\/dev.explora.cl\/tarapaca\/wp-json\/wp\/v2\/posts"}],"about":[{"href":"https:\/\/dev.explora.cl\/tarapaca\/wp-json\/wp\/v2\/types\/post"}],"author":[{"embeddable":true,"href":"https:\/\/dev.explora.cl\/tarapaca\/wp-json\/wp\/v2\/users\/18"}],"replies":[{"embeddable":true,"href":"https:\/\/dev.explora.cl\/tarapaca\/wp-json\/wp\/v2\/comments?post=39566"}],"version-history":[{"count":4,"href":"https:\/\/dev.explora.cl\/tarapaca\/wp-json\/wp\/v2\/posts\/39566\/revisions"}],"predecessor-version":[{"id":39577,"href":"https:\/\/dev.explora.cl\/tarapaca\/wp-json\/wp\/v2\/posts\/39566\/revisions\/39577"}],"wp:featuredmedia":[{"embeddable":true,"href":"https:\/\/dev.explora.cl\/tarapaca\/wp-json\/wp\/v2\/media\/39569"}],"wp:attachment":[{"href":"https:\/\/dev.explora.cl\/tarapaca\/wp-json\/wp\/v2\/media?parent=39566"}],"wp:term":[{"taxonomy":"category","embeddable":true,"href":"https:\/\/dev.explora.cl\/tarapaca\/wp-json\/wp\/v2\/categories?post=39566"},{"taxonomy":"post_tag","embeddable":true,"href":"https:\/\/dev.explora.cl\/tarapaca\/wp-json\/wp\/v2\/tags?post=39566"}],"curies":[{"name":"wp","href":"https:\/\/api.w.org\/{rel}","templated":true}]}}