{"id":39541,"date":"2022-05-05T17:16:45","date_gmt":"2022-05-05T21:16:45","guid":{"rendered":"https:\/\/dev.explora.cl\/tarapaca\/?p=39541"},"modified":"2022-12-21T12:45:10","modified_gmt":"2022-12-21T15:45:10","slug":"explora-tarapaca-invita-a-profesionales-de-la-educacion-parvularia-a-desarrollar-ciencia-con-ninos-y-ninas-2","status":"publish","type":"post","link":"https:\/\/dev.explora.cl\/tarapaca\/explora-tarapaca-invita-a-profesionales-de-la-educacion-parvularia-a-desarrollar-ciencia-con-ninos-y-ninas-2\/","title":{"rendered":"Explora Tarapac\u00e1 invita a profesionales de la educaci\u00f3n parvularia a desarrollar ciencia con ni\u00f1os y ni\u00f1as"},"content":{"rendered":"<p>La Universidad de Tarapac\u00e1 Sede Iquique, a trav\u00e9s de su proyecto Explora Tarapac\u00e1, se encuentra realizando una convocatoria orientada a profesionales de la educaci\u00f3n parvularia de la Regi\u00f3n de Tarapac\u00e1.<\/p>\n<p>El Programa de Indagaci\u00f3n para Primeras Edades (PIPE), es una iniciativa que busca fortalecer las competencias cient\u00edficas de los equipos pedag\u00f3gicos de educaci\u00f3n parvularia y desarrollar en ni\u00f1os y ni\u00f1as las competencias necesarias para que conozcan y comprendan el mundo que los rodea.<\/p>\n<p>Explora Tarapac\u00e1 ha capacitado a profesionales de la educaci\u00f3n parvularia de toda la regi\u00f3n en la metodolog\u00eda indagatoria que, tras la pandemia, se ha realizado de forma completamente remota. Sin embargo, para este a\u00f1o las capacitaciones se realizar\u00e1n de forma presencial.\u00a0 La apuesta es que aquellas y, por qu\u00e9 no decirlo, aquellos profesionales de la educaci\u00f3n parvularia sean parte de este programa y se motiven a postular por medio de sus establecimientos en duplas de profesionales.<\/p>\n<p>Durante el 2021 fueron 38 profesionales de la educaci\u00f3n parvularia quienes recibieron una serie de herramientas y vivieron toda una experiencia que, principalmente, se desarrolla durante el segundo semestre del a\u00f1o. Adem\u00e1s, el a\u00f1o pasado participaron profesionales de establecimientos educacionales tanto de las provincias del Tamarugal como de Iquique.<\/p>\n<p>Mientras que Valeska Zepeda Cordero, directora de Explora Tarapac\u00e1, enfatiza en la necesidad que las profesionales postulen: \u201cqueremos invitar a postular a quienes quieran seguir desarrollando una serie de herramientas cient\u00edficas con ni\u00f1os y ni\u00f1as y con esto potenciar sus procesos de aprendizajes\u201d.<\/p>\n<p>Quienes quieran postular, pueden hacerlo hasta el 15 de mayo por medio del formulario que pueden encontrar a continuaci\u00f3n, junto a las bases concursales:<\/p>\n<h3><strong>Formulario de Inscripci\u00f3n:<\/strong><\/h3>\n<p><a href=\"https:\/\/bit.ly\/3KXbaRl\" target=\"_blank\" rel=\"noopener noreferrer\"><strong>https:\/\/bit.ly\/3KXbaRl<\/strong><\/a><\/p>\n<h3><strong>Bases y Documentaci\u00f3n:<\/strong><\/h3>\n<p><a href=\"https:\/\/drive.google.com\/drive\/mobile\/folders\/15P8YYtcmkRwfFJb3V1N5x_heBYAtio3x?usp=sharing\" target=\"_blank\" rel=\"noopener noreferrer\"><strong>https:\/\/drive.google.com\/drive\/mobile\/folders\/15P8YYtcmkRwfFJb3V1N5x_heBYAtio3x?usp=sharing<\/strong><\/a><\/p>\n<p>El programa PIPE y todo su proceso formativo es completamente gratuito, al ser financiado por el Programa Explora Tarapac\u00e1 del Ministerio de Ciencia, Tecnolog\u00eda, Conocimiento e Innovaci\u00f3n y ejecutado por la Universidad de Tarapac\u00e1 Sede Iquique.<\/p>\n","protected":false},"excerpt":{"rendered":"<p>Programa que busca fortalecer las competencias cient\u00edficas de los equipos pedag\u00f3gicos de educaci\u00f3n parvularia tiene sus postulaciones abiertas hasta el 15 de mayo.<\/p>\n","protected":false},"author":18,"featured_media":39538,"comment_status":"open","ping_status":"open","sticky":false,"template":"","format":"standard","meta":{"_acf_changed":false,"_exactmetrics_skip_tracking":false,"_exactmetrics_sitenote_active":false,"_exactmetrics_sitenote_note":"","_exactmetrics_sitenote_category":0,"footnotes":"","_links_to":"","_links_to_target":""},"categories":[1],"tags":[107,105,23,266,195,194,251,182,267,157],"class_list":["post-39541","post","type-post","status-publish","format-standard","has-post-thumbnail","hentry","category-sin-categoria","tag-ciencia","tag-educacion","tag-explora","tag-ministerio-de-ciencia-tecnologia-conocimiento-e-innovacion","tag-ninas","tag-ninos","tag-parvularia","tag-pipe","tag-primera-edades","tag-tarapaca"],"acf":[],"yoast_head":"<!-- This site is optimized with the Yoast SEO plugin v26.7 - https:\/\/yoast.com\/wordpress\/plugins\/seo\/ -->\n<title>Explora Tarapac\u00e1 invita a profesionales de la educaci\u00f3n parvularia a desarrollar ciencia con ni\u00f1os y ni\u00f1as - Tarapaca<\/title>\n<meta name=\"robots\" content=\"index, follow, max-snippet:-1, max-image-preview:large, max-video-preview:-1\" \/>\n<link rel=\"canonical\" href=\"https:\/\/dev.explora.cl\/tarapaca\/explora-tarapaca-invita-a-profesionales-de-la-educacion-parvularia-a-desarrollar-ciencia-con-ninos-y-ninas-2\/\" class=\"yoast-seo-meta-tag\" \/>\n<meta property=\"og:locale\" content=\"es_ES\" class=\"yoast-seo-meta-tag\" \/>\n<meta property=\"og:type\" content=\"article\" class=\"yoast-seo-meta-tag\" \/>\n<meta property=\"og:title\" content=\"Explora Tarapac\u00e1 invita a profesionales de la educaci\u00f3n parvularia a desarrollar ciencia con ni\u00f1os y ni\u00f1as - Tarapaca\" class=\"yoast-seo-meta-tag\" \/>\n<meta property=\"og:description\" content=\"Programa que busca fortalecer las competencias cient\u00edficas de los equipos pedag\u00f3gicos de educaci\u00f3n parvularia tiene sus postulaciones abiertas hasta el 15 de mayo.\" class=\"yoast-seo-meta-tag\" \/>\n<meta property=\"og:url\" content=\"https:\/\/dev.explora.cl\/tarapaca\/explora-tarapaca-invita-a-profesionales-de-la-educacion-parvularia-a-desarrollar-ciencia-con-ninos-y-ninas-2\/\" class=\"yoast-seo-meta-tag\" \/>\n<meta property=\"og:site_name\" content=\"Tarapaca\" class=\"yoast-seo-meta-tag\" \/>\n<meta property=\"article:published_time\" content=\"2022-05-05T21:16:45+00:00\" class=\"yoast-seo-meta-tag\" \/>\n<meta property=\"article:modified_time\" content=\"2022-12-21T15:45:10+00:00\" class=\"yoast-seo-meta-tag\" \/>\n<meta property=\"og:image\" content=\"https:\/\/dev.explora.cl\/tarapaca\/wp-content\/uploads\/sites\/3\/2022\/05\/Banner-Web-PIPE-tarapac\u00e1.jpg\" class=\"yoast-seo-meta-tag\" \/>\n\t<meta property=\"og:image:width\" content=\"3834\" class=\"yoast-seo-meta-tag\" \/>\n\t<meta property=\"og:image:height\" content=\"1875\" class=\"yoast-seo-meta-tag\" \/>\n\t<meta property=\"og:image:type\" content=\"image\/jpeg\" class=\"yoast-seo-meta-tag\" \/>\n<meta name=\"author\" content=\"admintarapaca\" class=\"yoast-seo-meta-tag\" \/>\n<meta name=\"twitter:card\" content=\"summary_large_image\" class=\"yoast-seo-meta-tag\" \/>\n<meta name=\"twitter:label1\" content=\"Escrito por\" class=\"yoast-seo-meta-tag\" \/>\n\t<meta name=\"twitter:data1\" content=\"admintarapaca\" class=\"yoast-seo-meta-tag\" \/>\n\t<meta name=\"twitter:label2\" content=\"Tiempo estimado de lectura\" class=\"yoast-seo-meta-tag\" \/>\n\t<meta name=\"twitter:data2\" content=\"2 minutos\" class=\"yoast-seo-meta-tag\" \/>\n<script type=\"application\/ld+json\" class=\"yoast-schema-graph\">{\"@context\":\"https:\/\/schema.org\",\"@graph\":[{\"@type\":\"Article\",\"@id\":\"https:\/\/dev.explora.cl\/tarapaca\/explora-tarapaca-invita-a-profesionales-de-la-educacion-parvularia-a-desarrollar-ciencia-con-ninos-y-ninas-2\/#article\",\"isPartOf\":{\"@id\":\"https:\/\/dev.explora.cl\/tarapaca\/explora-tarapaca-invita-a-profesionales-de-la-educacion-parvularia-a-desarrollar-ciencia-con-ninos-y-ninas-2\/\"},\"author\":{\"name\":\"admintarapaca\",\"@id\":\"https:\/\/dev.explora.cl\/tarapaca\/#\/schema\/person\/ca04f8a8f8e25243bd462d34eb1ca505\"},\"headline\":\"Explora Tarapac\u00e1 invita a profesionales de la educaci\u00f3n parvularia a desarrollar ciencia con ni\u00f1os y ni\u00f1as\",\"datePublished\":\"2022-05-05T21:16:45+00:00\",\"dateModified\":\"2022-12-21T15:45:10+00:00\",\"mainEntityOfPage\":{\"@id\":\"https:\/\/dev.explora.cl\/tarapaca\/explora-tarapaca-invita-a-profesionales-de-la-educacion-parvularia-a-desarrollar-ciencia-con-ninos-y-ninas-2\/\"},\"wordCount\":370,\"commentCount\":0,\"image\":{\"@id\":\"https:\/\/dev.explora.cl\/tarapaca\/explora-tarapaca-invita-a-profesionales-de-la-educacion-parvularia-a-desarrollar-ciencia-con-ninos-y-ninas-2\/#primaryimage\"},\"thumbnailUrl\":\"https:\/\/dev.explora.cl\/tarapaca\/wp-content\/uploads\/sites\/3\/2022\/05\/Banner-Web-PIPE-tarapac\u00e1.jpg\",\"keywords\":[\"ciencia\",\"educaci\u00f3n\",\"EXPLORA\",\"Ministerio de Ciencia Tecnolog\u00eda Conocimiento e Innovaci\u00f3n\",\"Ni\u00f1as\",\"Ni\u00f1os\",\"Parvularia\",\"PIPE\",\"primera edades\",\"tarapac\u00e1,\"],\"inLanguage\":\"es-CL\",\"potentialAction\":[{\"@type\":\"CommentAction\",\"name\":\"Comment\",\"target\":[\"https:\/\/dev.explora.cl\/tarapaca\/explora-tarapaca-invita-a-profesionales-de-la-educacion-parvularia-a-desarrollar-ciencia-con-ninos-y-ninas-2\/#respond\"]}]},{\"@type\":\"WebPage\",\"@id\":\"https:\/\/dev.explora.cl\/tarapaca\/explora-tarapaca-invita-a-profesionales-de-la-educacion-parvularia-a-desarrollar-ciencia-con-ninos-y-ninas-2\/\",\"url\":\"https:\/\/dev.explora.cl\/tarapaca\/explora-tarapaca-invita-a-profesionales-de-la-educacion-parvularia-a-desarrollar-ciencia-con-ninos-y-ninas-2\/\",\"name\":\"Explora Tarapac\u00e1 invita a profesionales de la educaci\u00f3n parvularia a desarrollar ciencia con ni\u00f1os y ni\u00f1as - Tarapaca\",\"isPartOf\":{\"@id\":\"https:\/\/dev.explora.cl\/tarapaca\/#website\"},\"primaryImageOfPage\":{\"@id\":\"https:\/\/dev.explora.cl\/tarapaca\/explora-tarapaca-invita-a-profesionales-de-la-educacion-parvularia-a-desarrollar-ciencia-con-ninos-y-ninas-2\/#primaryimage\"},\"image\":{\"@id\":\"https:\/\/dev.explora.cl\/tarapaca\/explora-tarapaca-invita-a-profesionales-de-la-educacion-parvularia-a-desarrollar-ciencia-con-ninos-y-ninas-2\/#primaryimage\"},\"thumbnailUrl\":\"https:\/\/dev.explora.cl\/tarapaca\/wp-content\/uploads\/sites\/3\/2022\/05\/Banner-Web-PIPE-tarapac\u00e1.jpg\",\"datePublished\":\"2022-05-05T21:16:45+00:00\",\"dateModified\":\"2022-12-21T15:45:10+00:00\",\"author\":{\"@id\":\"https:\/\/dev.explora.cl\/tarapaca\/#\/schema\/person\/ca04f8a8f8e25243bd462d34eb1ca505\"},\"breadcrumb\":{\"@id\":\"https:\/\/dev.explora.cl\/tarapaca\/explora-tarapaca-invita-a-profesionales-de-la-educacion-parvularia-a-desarrollar-ciencia-con-ninos-y-ninas-2\/#breadcrumb\"},\"inLanguage\":\"es-CL\",\"potentialAction\":[{\"@type\":\"ReadAction\",\"target\":[\"https:\/\/dev.explora.cl\/tarapaca\/explora-tarapaca-invita-a-profesionales-de-la-educacion-parvularia-a-desarrollar-ciencia-con-ninos-y-ninas-2\/\"]}]},{\"@type\":\"ImageObject\",\"inLanguage\":\"es-CL\",\"@id\":\"https:\/\/dev.explora.cl\/tarapaca\/explora-tarapaca-invita-a-profesionales-de-la-educacion-parvularia-a-desarrollar-ciencia-con-ninos-y-ninas-2\/#primaryimage\",\"url\":\"https:\/\/dev.explora.cl\/tarapaca\/wp-content\/uploads\/sites\/3\/2022\/05\/Banner-Web-PIPE-tarapac\u00e1.jpg\",\"contentUrl\":\"https:\/\/dev.explora.cl\/tarapaca\/wp-content\/uploads\/sites\/3\/2022\/05\/Banner-Web-PIPE-tarapac\u00e1.jpg\",\"width\":3834,\"height\":1875},{\"@type\":\"BreadcrumbList\",\"@id\":\"https:\/\/dev.explora.cl\/tarapaca\/explora-tarapaca-invita-a-profesionales-de-la-educacion-parvularia-a-desarrollar-ciencia-con-ninos-y-ninas-2\/#breadcrumb\",\"itemListElement\":[{\"@type\":\"ListItem\",\"position\":1,\"name\":\"Portada\",\"item\":\"https:\/\/dev.explora.cl\/tarapaca\/\"},{\"@type\":\"ListItem\",\"position\":2,\"name\":\"Explora Tarapac\u00e1 invita a profesionales de la educaci\u00f3n parvularia a desarrollar ciencia con ni\u00f1os y ni\u00f1as\"}]},{\"@type\":\"WebSite\",\"@id\":\"https:\/\/dev.explora.cl\/tarapaca\/#website\",\"url\":\"https:\/\/dev.explora.cl\/tarapaca\/\",\"name\":\"Tarapaca\",\"description\":\"Otro sitio m\u00e1s de dev.explora.cl\",\"potentialAction\":[{\"@type\":\"SearchAction\",\"target\":{\"@type\":\"EntryPoint\",\"urlTemplate\":\"https:\/\/dev.explora.cl\/tarapaca\/?s={search_term_string}\"},\"query-input\":{\"@type\":\"PropertyValueSpecification\",\"valueRequired\":true,\"valueName\":\"search_term_string\"}}],\"inLanguage\":\"es-CL\"},{\"@type\":\"Person\",\"@id\":\"https:\/\/dev.explora.cl\/tarapaca\/#\/schema\/person\/ca04f8a8f8e25243bd462d34eb1ca505\",\"name\":\"admintarapaca\",\"image\":{\"@type\":\"ImageObject\",\"inLanguage\":\"es-CL\",\"@id\":\"https:\/\/dev.explora.cl\/tarapaca\/#\/schema\/person\/image\/\",\"url\":\"https:\/\/secure.gravatar.com\/avatar\/8ff4762fabbf7a1732a126425c82d628f08ba754529d77a55358cbb74e14343f?s=96&d=mm&r=g\",\"contentUrl\":\"https:\/\/secure.gravatar.com\/avatar\/8ff4762fabbf7a1732a126425c82d628f08ba754529d77a55358cbb74e14343f?s=96&d=mm&r=g\",\"caption\":\"admintarapaca\"},\"url\":\"https:\/\/dev.explora.cl\/tarapaca\/author\/dolivares\/\"}]}<\/script>\n<!-- \/ Yoast SEO plugin. -->","yoast_head_json":{"title":"Explora Tarapac\u00e1 invita a profesionales de la educaci\u00f3n parvularia a desarrollar ciencia con ni\u00f1os y ni\u00f1as - Tarapaca","robots":{"index":"index","follow":"follow","max-snippet":"max-snippet:-1","max-image-preview":"max-image-preview:large","max-video-preview":"max-video-preview:-1"},"canonical":"https:\/\/dev.explora.cl\/tarapaca\/explora-tarapaca-invita-a-profesionales-de-la-educacion-parvularia-a-desarrollar-ciencia-con-ninos-y-ninas-2\/","og_locale":"es_ES","og_type":"article","og_title":"Explora Tarapac\u00e1 invita a profesionales de la educaci\u00f3n parvularia a desarrollar ciencia con ni\u00f1os y ni\u00f1as - Tarapaca","og_description":"Programa que busca fortalecer las competencias cient\u00edficas de los equipos pedag\u00f3gicos de educaci\u00f3n parvularia tiene sus postulaciones abiertas hasta el 15 de mayo.","og_url":"https:\/\/dev.explora.cl\/tarapaca\/explora-tarapaca-invita-a-profesionales-de-la-educacion-parvularia-a-desarrollar-ciencia-con-ninos-y-ninas-2\/","og_site_name":"Tarapaca","article_published_time":"2022-05-05T21:16:45+00:00","article_modified_time":"2022-12-21T15:45:10+00:00","og_image":[{"width":3834,"height":1875,"url":"https:\/\/dev.explora.cl\/tarapaca\/wp-content\/uploads\/sites\/3\/2022\/05\/Banner-Web-PIPE-tarapac\u00e1.jpg","type":"image\/jpeg"}],"author":"admintarapaca","twitter_card":"summary_large_image","twitter_misc":{"Escrito por":"admintarapaca","Tiempo estimado de lectura":"2 minutos"},"schema":{"@context":"https:\/\/schema.org","@graph":[{"@type":"Article","@id":"https:\/\/dev.explora.cl\/tarapaca\/explora-tarapaca-invita-a-profesionales-de-la-educacion-parvularia-a-desarrollar-ciencia-con-ninos-y-ninas-2\/#article","isPartOf":{"@id":"https:\/\/dev.explora.cl\/tarapaca\/explora-tarapaca-invita-a-profesionales-de-la-educacion-parvularia-a-desarrollar-ciencia-con-ninos-y-ninas-2\/"},"author":{"name":"admintarapaca","@id":"https:\/\/dev.explora.cl\/tarapaca\/#\/schema\/person\/ca04f8a8f8e25243bd462d34eb1ca505"},"headline":"Explora Tarapac\u00e1 invita a profesionales de la educaci\u00f3n parvularia a desarrollar ciencia con ni\u00f1os y ni\u00f1as","datePublished":"2022-05-05T21:16:45+00:00","dateModified":"2022-12-21T15:45:10+00:00","mainEntityOfPage":{"@id":"https:\/\/dev.explora.cl\/tarapaca\/explora-tarapaca-invita-a-profesionales-de-la-educacion-parvularia-a-desarrollar-ciencia-con-ninos-y-ninas-2\/"},"wordCount":370,"commentCount":0,"image":{"@id":"https:\/\/dev.explora.cl\/tarapaca\/explora-tarapaca-invita-a-profesionales-de-la-educacion-parvularia-a-desarrollar-ciencia-con-ninos-y-ninas-2\/#primaryimage"},"thumbnailUrl":"https:\/\/dev.explora.cl\/tarapaca\/wp-content\/uploads\/sites\/3\/2022\/05\/Banner-Web-PIPE-tarapac\u00e1.jpg","keywords":["ciencia","educaci\u00f3n","EXPLORA","Ministerio de Ciencia Tecnolog\u00eda Conocimiento e Innovaci\u00f3n","Ni\u00f1as","Ni\u00f1os","Parvularia","PIPE","primera edades","tarapac\u00e1,"],"inLanguage":"es-CL","potentialAction":[{"@type":"CommentAction","name":"Comment","target":["https:\/\/dev.explora.cl\/tarapaca\/explora-tarapaca-invita-a-profesionales-de-la-educacion-parvularia-a-desarrollar-ciencia-con-ninos-y-ninas-2\/#respond"]}]},{"@type":"WebPage","@id":"https:\/\/dev.explora.cl\/tarapaca\/explora-tarapaca-invita-a-profesionales-de-la-educacion-parvularia-a-desarrollar-ciencia-con-ninos-y-ninas-2\/","url":"https:\/\/dev.explora.cl\/tarapaca\/explora-tarapaca-invita-a-profesionales-de-la-educacion-parvularia-a-desarrollar-ciencia-con-ninos-y-ninas-2\/","name":"Explora Tarapac\u00e1 invita a profesionales de la educaci\u00f3n parvularia a desarrollar ciencia con ni\u00f1os y ni\u00f1as - Tarapaca","isPartOf":{"@id":"https:\/\/dev.explora.cl\/tarapaca\/#website"},"primaryImageOfPage":{"@id":"https:\/\/dev.explora.cl\/tarapaca\/explora-tarapaca-invita-a-profesionales-de-la-educacion-parvularia-a-desarrollar-ciencia-con-ninos-y-ninas-2\/#primaryimage"},"image":{"@id":"https:\/\/dev.explora.cl\/tarapaca\/explora-tarapaca-invita-a-profesionales-de-la-educacion-parvularia-a-desarrollar-ciencia-con-ninos-y-ninas-2\/#primaryimage"},"thumbnailUrl":"https:\/\/dev.explora.cl\/tarapaca\/wp-content\/uploads\/sites\/3\/2022\/05\/Banner-Web-PIPE-tarapac\u00e1.jpg","datePublished":"2022-05-05T21:16:45+00:00","dateModified":"2022-12-21T15:45:10+00:00","author":{"@id":"https:\/\/dev.explora.cl\/tarapaca\/#\/schema\/person\/ca04f8a8f8e25243bd462d34eb1ca505"},"breadcrumb":{"@id":"https:\/\/dev.explora.cl\/tarapaca\/explora-tarapaca-invita-a-profesionales-de-la-educacion-parvularia-a-desarrollar-ciencia-con-ninos-y-ninas-2\/#breadcrumb"},"inLanguage":"es-CL","potentialAction":[{"@type":"ReadAction","target":["https:\/\/dev.explora.cl\/tarapaca\/explora-tarapaca-invita-a-profesionales-de-la-educacion-parvularia-a-desarrollar-ciencia-con-ninos-y-ninas-2\/"]}]},{"@type":"ImageObject","inLanguage":"es-CL","@id":"https:\/\/dev.explora.cl\/tarapaca\/explora-tarapaca-invita-a-profesionales-de-la-educacion-parvularia-a-desarrollar-ciencia-con-ninos-y-ninas-2\/#primaryimage","url":"https:\/\/dev.explora.cl\/tarapaca\/wp-content\/uploads\/sites\/3\/2022\/05\/Banner-Web-PIPE-tarapac\u00e1.jpg","contentUrl":"https:\/\/dev.explora.cl\/tarapaca\/wp-content\/uploads\/sites\/3\/2022\/05\/Banner-Web-PIPE-tarapac\u00e1.jpg","width":3834,"height":1875},{"@type":"BreadcrumbList","@id":"https:\/\/dev.explora.cl\/tarapaca\/explora-tarapaca-invita-a-profesionales-de-la-educacion-parvularia-a-desarrollar-ciencia-con-ninos-y-ninas-2\/#breadcrumb","itemListElement":[{"@type":"ListItem","position":1,"name":"Portada","item":"https:\/\/dev.explora.cl\/tarapaca\/"},{"@type":"ListItem","position":2,"name":"Explora Tarapac\u00e1 invita a profesionales de la educaci\u00f3n parvularia a desarrollar ciencia con ni\u00f1os y ni\u00f1as"}]},{"@type":"WebSite","@id":"https:\/\/dev.explora.cl\/tarapaca\/#website","url":"https:\/\/dev.explora.cl\/tarapaca\/","name":"Tarapaca","description":"Otro sitio m\u00e1s de dev.explora.cl","potentialAction":[{"@type":"SearchAction","target":{"@type":"EntryPoint","urlTemplate":"https:\/\/dev.explora.cl\/tarapaca\/?s={search_term_string}"},"query-input":{"@type":"PropertyValueSpecification","valueRequired":true,"valueName":"search_term_string"}}],"inLanguage":"es-CL"},{"@type":"Person","@id":"https:\/\/dev.explora.cl\/tarapaca\/#\/schema\/person\/ca04f8a8f8e25243bd462d34eb1ca505","name":"admintarapaca","image":{"@type":"ImageObject","inLanguage":"es-CL","@id":"https:\/\/dev.explora.cl\/tarapaca\/#\/schema\/person\/image\/","url":"https:\/\/secure.gravatar.com\/avatar\/8ff4762fabbf7a1732a126425c82d628f08ba754529d77a55358cbb74e14343f?s=96&d=mm&r=g","contentUrl":"https:\/\/secure.gravatar.com\/avatar\/8ff4762fabbf7a1732a126425c82d628f08ba754529d77a55358cbb74e14343f?s=96&d=mm&r=g","caption":"admintarapaca"},"url":"https:\/\/dev.explora.cl\/tarapaca\/author\/dolivares\/"}]}},"_links":{"self":[{"href":"https:\/\/dev.explora.cl\/tarapaca\/wp-json\/wp\/v2\/posts\/39541","targetHints":{"allow":["GET"]}}],"collection":[{"href":"https:\/\/dev.explora.cl\/tarapaca\/wp-json\/wp\/v2\/posts"}],"about":[{"href":"https:\/\/dev.explora.cl\/tarapaca\/wp-json\/wp\/v2\/types\/post"}],"author":[{"embeddable":true,"href":"https:\/\/dev.explora.cl\/tarapaca\/wp-json\/wp\/v2\/users\/18"}],"replies":[{"embeddable":true,"href":"https:\/\/dev.explora.cl\/tarapaca\/wp-json\/wp\/v2\/comments?post=39541"}],"version-history":[{"count":1,"href":"https:\/\/dev.explora.cl\/tarapaca\/wp-json\/wp\/v2\/posts\/39541\/revisions"}],"predecessor-version":[{"id":39542,"href":"https:\/\/dev.explora.cl\/tarapaca\/wp-json\/wp\/v2\/posts\/39541\/revisions\/39542"}],"wp:featuredmedia":[{"embeddable":true,"href":"https:\/\/dev.explora.cl\/tarapaca\/wp-json\/wp\/v2\/media\/39538"}],"wp:attachment":[{"href":"https:\/\/dev.explora.cl\/tarapaca\/wp-json\/wp\/v2\/media?parent=39541"}],"wp:term":[{"taxonomy":"category","embeddable":true,"href":"https:\/\/dev.explora.cl\/tarapaca\/wp-json\/wp\/v2\/categories?post=39541"},{"taxonomy":"post_tag","embeddable":true,"href":"https:\/\/dev.explora.cl\/tarapaca\/wp-json\/wp\/v2\/tags?post=39541"}],"curies":[{"name":"wp","href":"https:\/\/api.w.org\/{rel}","templated":true}]}}