{"id":39486,"date":"2022-02-04T20:11:32","date_gmt":"2022-02-04T23:11:32","guid":{"rendered":"https:\/\/dev.explora.cl\/tarapaca\/?p=39486"},"modified":"2022-12-22T16:52:10","modified_gmt":"2022-12-22T19:52:10","slug":"explora-tarapaca-culmina-exitosa-capacitacion-docente","status":"publish","type":"post","link":"https:\/\/dev.explora.cl\/tarapaca\/explora-tarapaca-culmina-exitosa-capacitacion-docente\/","title":{"rendered":"Explora Tarapac\u00e1 culmina exitosa Capacitaci\u00f3n Docente"},"content":{"rendered":"<p><i>Las y los participantes del Campamento para Profes ExploraVa! finalizaron su experiencia formativa accediendo a nuevas herramientas pedag\u00f3gicas.<\/i><\/p>\n<p>La Sede Iquique de la Universidad de Tarapac\u00e1, a trav\u00e9s de su Proyecto Explora Tarapac\u00e1, fue qui\u00e9n ejecut\u00f3 el Campamento para Profes ExploraVa! Tarapac\u00e1 2021, siendo un espacio de formaci\u00f3n e intercambio de experiencias entre docentes y educadoras de la regi\u00f3n.<\/p>\n<p>La reciente versi\u00f3n, que culmin\u00f3 el 28 de enero, cont\u00f3 con la participaci\u00f3n de 27 profesionales de la educaci\u00f3n de distintas disciplinas niveles, quienes completaron el proceso formativo 2021. Participando en los diversos talleres y por medio de comunidades, pudieron acceder a una serie de herramientas pedag\u00f3gicas y competencias, donde la interdisciplina y el trabajo colaborativo fue central en la ruta formativa.<\/p>\n<p>Todos los talleres realizados fueron dirigidos por diversos especialistas dentro de las \u00e1reas del patrimonio, la educaci\u00f3n, la did\u00e1ctica, el modelo de competencias y aptitudes que promueve el programa Explora, propias de las ciencias, la tecnolog\u00eda y la innovaci\u00f3n, de tal modo que puedan ser puestas en pr\u00e1cticas en el aula.<\/p>\n<p>Por su parte, Pablo Gonz\u00e1lez, coordinador ejecutivo y encargado de contenido de Explora Tarapac\u00e1, destac\u00f3 el entusiasmo de cada uno de los participantes y inst\u00f3 a cada uno de los y las campistas a ser partes de la jornada de reencuentro que se realizar\u00e1 en marzo de este a\u00f1o.<\/p>\n<p>La directora del Proyecto Explora, Valeska Zepeda, agradece a docentes y educadoras por su participaci\u00f3n y compromiso en el Campamento ExploraVa! y llama a aplicar los conocimientos adquiridos en sus establecimientos con el fin de aportar a la educaci\u00f3n integral de los estudiantes de la regi\u00f3n.<\/p>\n<p>El Proyecto Asociativo Regional Explora Tarapac\u00e1 es financiado por el Ministerio de Ciencia, Tecnolog\u00eda, Conocimiento e Innovaci\u00f3n y es liderado por la Universidad de Tarapac\u00e1 Sede Iquique.<\/p>\n","protected":false},"excerpt":{"rendered":"<p>Las y los participantes del Campamento para Profes ExploraVa! finalizaron su experiencia formativa accediendo a nuevas herramientas pedag\u00f3gicas. La Sede Iquique de la Universidad de Tarapac\u00e1, a trav\u00e9s de su Proyecto Explora Tarapac\u00e1, fue qui\u00e9n ejecut\u00f3 el Campamento para Profes ExploraVa! Tarapac\u00e1 2021, siendo un espacio de formaci\u00f3n e intercambio de experiencias entre docentes y [&hellip;]<\/p>\n","protected":false},"author":18,"featured_media":39487,"comment_status":"open","ping_status":"open","sticky":false,"template":"","format":"standard","meta":{"_acf_changed":false,"_exactmetrics_skip_tracking":false,"_exactmetrics_sitenote_active":false,"_exactmetrics_sitenote_note":"","_exactmetrics_sitenote_category":0,"footnotes":"","_links_to":"","_links_to_target":""},"categories":[1],"tags":[],"class_list":["post-39486","post","type-post","status-publish","format-standard","has-post-thumbnail","hentry","category-sin-categoria"],"acf":[],"yoast_head":"<!-- This site is optimized with the Yoast SEO plugin v26.7 - https:\/\/yoast.com\/wordpress\/plugins\/seo\/ -->\n<title>Explora Tarapac\u00e1 culmina exitosa Capacitaci\u00f3n Docente - Tarapaca<\/title>\n<meta name=\"robots\" content=\"index, follow, max-snippet:-1, max-image-preview:large, max-video-preview:-1\" \/>\n<link rel=\"canonical\" href=\"https:\/\/dev.explora.cl\/tarapaca\/explora-tarapaca-culmina-exitosa-capacitacion-docente\/\" class=\"yoast-seo-meta-tag\" \/>\n<meta property=\"og:locale\" content=\"es_ES\" class=\"yoast-seo-meta-tag\" \/>\n<meta property=\"og:type\" content=\"article\" class=\"yoast-seo-meta-tag\" \/>\n<meta property=\"og:title\" content=\"Explora Tarapac\u00e1 culmina exitosa Capacitaci\u00f3n Docente - Tarapaca\" class=\"yoast-seo-meta-tag\" \/>\n<meta property=\"og:description\" content=\"Las y los participantes del Campamento para Profes ExploraVa! finalizaron su experiencia formativa accediendo a nuevas herramientas pedag\u00f3gicas. La Sede Iquique de la Universidad de Tarapac\u00e1, a trav\u00e9s de su Proyecto Explora Tarapac\u00e1, fue qui\u00e9n ejecut\u00f3 el Campamento para Profes ExploraVa! Tarapac\u00e1 2021, siendo un espacio de formaci\u00f3n e intercambio de experiencias entre docentes y [&hellip;]\" class=\"yoast-seo-meta-tag\" \/>\n<meta property=\"og:url\" content=\"https:\/\/dev.explora.cl\/tarapaca\/explora-tarapaca-culmina-exitosa-capacitacion-docente\/\" class=\"yoast-seo-meta-tag\" \/>\n<meta property=\"og:site_name\" content=\"Tarapaca\" class=\"yoast-seo-meta-tag\" \/>\n<meta property=\"article:published_time\" content=\"2022-02-04T23:11:32+00:00\" class=\"yoast-seo-meta-tag\" \/>\n<meta property=\"article:modified_time\" content=\"2022-12-22T19:52:10+00:00\" class=\"yoast-seo-meta-tag\" \/>\n<meta property=\"og:image\" content=\"https:\/\/dev.explora.cl\/tarapaca\/wp-content\/uploads\/sites\/3\/2022\/02\/Campamento_13_03.png\" class=\"yoast-seo-meta-tag\" \/>\n\t<meta property=\"og:image:width\" content=\"1920\" class=\"yoast-seo-meta-tag\" \/>\n\t<meta property=\"og:image:height\" content=\"1080\" class=\"yoast-seo-meta-tag\" \/>\n\t<meta property=\"og:image:type\" content=\"image\/png\" class=\"yoast-seo-meta-tag\" \/>\n<meta name=\"author\" content=\"admintarapaca\" class=\"yoast-seo-meta-tag\" \/>\n<meta name=\"twitter:card\" content=\"summary_large_image\" class=\"yoast-seo-meta-tag\" \/>\n<meta name=\"twitter:label1\" content=\"Escrito por\" class=\"yoast-seo-meta-tag\" \/>\n\t<meta name=\"twitter:data1\" content=\"admintarapaca\" class=\"yoast-seo-meta-tag\" \/>\n\t<meta name=\"twitter:label2\" content=\"Tiempo estimado de lectura\" class=\"yoast-seo-meta-tag\" \/>\n\t<meta name=\"twitter:data2\" content=\"2 minutos\" class=\"yoast-seo-meta-tag\" \/>\n<script type=\"application\/ld+json\" class=\"yoast-schema-graph\">{\"@context\":\"https:\/\/schema.org\",\"@graph\":[{\"@type\":\"Article\",\"@id\":\"https:\/\/dev.explora.cl\/tarapaca\/explora-tarapaca-culmina-exitosa-capacitacion-docente\/#article\",\"isPartOf\":{\"@id\":\"https:\/\/dev.explora.cl\/tarapaca\/explora-tarapaca-culmina-exitosa-capacitacion-docente\/\"},\"author\":{\"name\":\"admintarapaca\",\"@id\":\"https:\/\/dev.explora.cl\/tarapaca\/#\/schema\/person\/ca04f8a8f8e25243bd462d34eb1ca505\"},\"headline\":\"Explora Tarapac\u00e1 culmina exitosa Capacitaci\u00f3n Docente\",\"datePublished\":\"2022-02-04T23:11:32+00:00\",\"dateModified\":\"2022-12-22T19:52:10+00:00\",\"mainEntityOfPage\":{\"@id\":\"https:\/\/dev.explora.cl\/tarapaca\/explora-tarapaca-culmina-exitosa-capacitacion-docente\/\"},\"wordCount\":318,\"commentCount\":0,\"image\":{\"@id\":\"https:\/\/dev.explora.cl\/tarapaca\/explora-tarapaca-culmina-exitosa-capacitacion-docente\/#primaryimage\"},\"thumbnailUrl\":\"https:\/\/dev.explora.cl\/tarapaca\/wp-content\/uploads\/sites\/3\/2022\/02\/Campamento_13_03.png\",\"inLanguage\":\"es-CL\",\"potentialAction\":[{\"@type\":\"CommentAction\",\"name\":\"Comment\",\"target\":[\"https:\/\/dev.explora.cl\/tarapaca\/explora-tarapaca-culmina-exitosa-capacitacion-docente\/#respond\"]}]},{\"@type\":\"WebPage\",\"@id\":\"https:\/\/dev.explora.cl\/tarapaca\/explora-tarapaca-culmina-exitosa-capacitacion-docente\/\",\"url\":\"https:\/\/dev.explora.cl\/tarapaca\/explora-tarapaca-culmina-exitosa-capacitacion-docente\/\",\"name\":\"Explora Tarapac\u00e1 culmina exitosa Capacitaci\u00f3n Docente - Tarapaca\",\"isPartOf\":{\"@id\":\"https:\/\/dev.explora.cl\/tarapaca\/#website\"},\"primaryImageOfPage\":{\"@id\":\"https:\/\/dev.explora.cl\/tarapaca\/explora-tarapaca-culmina-exitosa-capacitacion-docente\/#primaryimage\"},\"image\":{\"@id\":\"https:\/\/dev.explora.cl\/tarapaca\/explora-tarapaca-culmina-exitosa-capacitacion-docente\/#primaryimage\"},\"thumbnailUrl\":\"https:\/\/dev.explora.cl\/tarapaca\/wp-content\/uploads\/sites\/3\/2022\/02\/Campamento_13_03.png\",\"datePublished\":\"2022-02-04T23:11:32+00:00\",\"dateModified\":\"2022-12-22T19:52:10+00:00\",\"author\":{\"@id\":\"https:\/\/dev.explora.cl\/tarapaca\/#\/schema\/person\/ca04f8a8f8e25243bd462d34eb1ca505\"},\"breadcrumb\":{\"@id\":\"https:\/\/dev.explora.cl\/tarapaca\/explora-tarapaca-culmina-exitosa-capacitacion-docente\/#breadcrumb\"},\"inLanguage\":\"es-CL\",\"potentialAction\":[{\"@type\":\"ReadAction\",\"target\":[\"https:\/\/dev.explora.cl\/tarapaca\/explora-tarapaca-culmina-exitosa-capacitacion-docente\/\"]}]},{\"@type\":\"ImageObject\",\"inLanguage\":\"es-CL\",\"@id\":\"https:\/\/dev.explora.cl\/tarapaca\/explora-tarapaca-culmina-exitosa-capacitacion-docente\/#primaryimage\",\"url\":\"https:\/\/dev.explora.cl\/tarapaca\/wp-content\/uploads\/sites\/3\/2022\/02\/Campamento_13_03.png\",\"contentUrl\":\"https:\/\/dev.explora.cl\/tarapaca\/wp-content\/uploads\/sites\/3\/2022\/02\/Campamento_13_03.png\",\"width\":1920,\"height\":1080},{\"@type\":\"BreadcrumbList\",\"@id\":\"https:\/\/dev.explora.cl\/tarapaca\/explora-tarapaca-culmina-exitosa-capacitacion-docente\/#breadcrumb\",\"itemListElement\":[{\"@type\":\"ListItem\",\"position\":1,\"name\":\"Portada\",\"item\":\"https:\/\/dev.explora.cl\/tarapaca\/\"},{\"@type\":\"ListItem\",\"position\":2,\"name\":\"Explora Tarapac\u00e1 culmina exitosa Capacitaci\u00f3n Docente\"}]},{\"@type\":\"WebSite\",\"@id\":\"https:\/\/dev.explora.cl\/tarapaca\/#website\",\"url\":\"https:\/\/dev.explora.cl\/tarapaca\/\",\"name\":\"Tarapaca\",\"description\":\"Otro sitio m\u00e1s de dev.explora.cl\",\"potentialAction\":[{\"@type\":\"SearchAction\",\"target\":{\"@type\":\"EntryPoint\",\"urlTemplate\":\"https:\/\/dev.explora.cl\/tarapaca\/?s={search_term_string}\"},\"query-input\":{\"@type\":\"PropertyValueSpecification\",\"valueRequired\":true,\"valueName\":\"search_term_string\"}}],\"inLanguage\":\"es-CL\"},{\"@type\":\"Person\",\"@id\":\"https:\/\/dev.explora.cl\/tarapaca\/#\/schema\/person\/ca04f8a8f8e25243bd462d34eb1ca505\",\"name\":\"admintarapaca\",\"image\":{\"@type\":\"ImageObject\",\"inLanguage\":\"es-CL\",\"@id\":\"https:\/\/dev.explora.cl\/tarapaca\/#\/schema\/person\/image\/\",\"url\":\"https:\/\/secure.gravatar.com\/avatar\/8ff4762fabbf7a1732a126425c82d628f08ba754529d77a55358cbb74e14343f?s=96&d=mm&r=g\",\"contentUrl\":\"https:\/\/secure.gravatar.com\/avatar\/8ff4762fabbf7a1732a126425c82d628f08ba754529d77a55358cbb74e14343f?s=96&d=mm&r=g\",\"caption\":\"admintarapaca\"},\"url\":\"https:\/\/dev.explora.cl\/tarapaca\/author\/dolivares\/\"}]}<\/script>\n<!-- \/ Yoast SEO plugin. -->","yoast_head_json":{"title":"Explora Tarapac\u00e1 culmina exitosa Capacitaci\u00f3n Docente - Tarapaca","robots":{"index":"index","follow":"follow","max-snippet":"max-snippet:-1","max-image-preview":"max-image-preview:large","max-video-preview":"max-video-preview:-1"},"canonical":"https:\/\/dev.explora.cl\/tarapaca\/explora-tarapaca-culmina-exitosa-capacitacion-docente\/","og_locale":"es_ES","og_type":"article","og_title":"Explora Tarapac\u00e1 culmina exitosa Capacitaci\u00f3n Docente - Tarapaca","og_description":"Las y los participantes del Campamento para Profes ExploraVa! finalizaron su experiencia formativa accediendo a nuevas herramientas pedag\u00f3gicas. La Sede Iquique de la Universidad de Tarapac\u00e1, a trav\u00e9s de su Proyecto Explora Tarapac\u00e1, fue qui\u00e9n ejecut\u00f3 el Campamento para Profes ExploraVa! Tarapac\u00e1 2021, siendo un espacio de formaci\u00f3n e intercambio de experiencias entre docentes y [&hellip;]","og_url":"https:\/\/dev.explora.cl\/tarapaca\/explora-tarapaca-culmina-exitosa-capacitacion-docente\/","og_site_name":"Tarapaca","article_published_time":"2022-02-04T23:11:32+00:00","article_modified_time":"2022-12-22T19:52:10+00:00","og_image":[{"width":1920,"height":1080,"url":"https:\/\/dev.explora.cl\/tarapaca\/wp-content\/uploads\/sites\/3\/2022\/02\/Campamento_13_03.png","type":"image\/png"}],"author":"admintarapaca","twitter_card":"summary_large_image","twitter_misc":{"Escrito por":"admintarapaca","Tiempo estimado de lectura":"2 minutos"},"schema":{"@context":"https:\/\/schema.org","@graph":[{"@type":"Article","@id":"https:\/\/dev.explora.cl\/tarapaca\/explora-tarapaca-culmina-exitosa-capacitacion-docente\/#article","isPartOf":{"@id":"https:\/\/dev.explora.cl\/tarapaca\/explora-tarapaca-culmina-exitosa-capacitacion-docente\/"},"author":{"name":"admintarapaca","@id":"https:\/\/dev.explora.cl\/tarapaca\/#\/schema\/person\/ca04f8a8f8e25243bd462d34eb1ca505"},"headline":"Explora Tarapac\u00e1 culmina exitosa Capacitaci\u00f3n Docente","datePublished":"2022-02-04T23:11:32+00:00","dateModified":"2022-12-22T19:52:10+00:00","mainEntityOfPage":{"@id":"https:\/\/dev.explora.cl\/tarapaca\/explora-tarapaca-culmina-exitosa-capacitacion-docente\/"},"wordCount":318,"commentCount":0,"image":{"@id":"https:\/\/dev.explora.cl\/tarapaca\/explora-tarapaca-culmina-exitosa-capacitacion-docente\/#primaryimage"},"thumbnailUrl":"https:\/\/dev.explora.cl\/tarapaca\/wp-content\/uploads\/sites\/3\/2022\/02\/Campamento_13_03.png","inLanguage":"es-CL","potentialAction":[{"@type":"CommentAction","name":"Comment","target":["https:\/\/dev.explora.cl\/tarapaca\/explora-tarapaca-culmina-exitosa-capacitacion-docente\/#respond"]}]},{"@type":"WebPage","@id":"https:\/\/dev.explora.cl\/tarapaca\/explora-tarapaca-culmina-exitosa-capacitacion-docente\/","url":"https:\/\/dev.explora.cl\/tarapaca\/explora-tarapaca-culmina-exitosa-capacitacion-docente\/","name":"Explora Tarapac\u00e1 culmina exitosa Capacitaci\u00f3n Docente - Tarapaca","isPartOf":{"@id":"https:\/\/dev.explora.cl\/tarapaca\/#website"},"primaryImageOfPage":{"@id":"https:\/\/dev.explora.cl\/tarapaca\/explora-tarapaca-culmina-exitosa-capacitacion-docente\/#primaryimage"},"image":{"@id":"https:\/\/dev.explora.cl\/tarapaca\/explora-tarapaca-culmina-exitosa-capacitacion-docente\/#primaryimage"},"thumbnailUrl":"https:\/\/dev.explora.cl\/tarapaca\/wp-content\/uploads\/sites\/3\/2022\/02\/Campamento_13_03.png","datePublished":"2022-02-04T23:11:32+00:00","dateModified":"2022-12-22T19:52:10+00:00","author":{"@id":"https:\/\/dev.explora.cl\/tarapaca\/#\/schema\/person\/ca04f8a8f8e25243bd462d34eb1ca505"},"breadcrumb":{"@id":"https:\/\/dev.explora.cl\/tarapaca\/explora-tarapaca-culmina-exitosa-capacitacion-docente\/#breadcrumb"},"inLanguage":"es-CL","potentialAction":[{"@type":"ReadAction","target":["https:\/\/dev.explora.cl\/tarapaca\/explora-tarapaca-culmina-exitosa-capacitacion-docente\/"]}]},{"@type":"ImageObject","inLanguage":"es-CL","@id":"https:\/\/dev.explora.cl\/tarapaca\/explora-tarapaca-culmina-exitosa-capacitacion-docente\/#primaryimage","url":"https:\/\/dev.explora.cl\/tarapaca\/wp-content\/uploads\/sites\/3\/2022\/02\/Campamento_13_03.png","contentUrl":"https:\/\/dev.explora.cl\/tarapaca\/wp-content\/uploads\/sites\/3\/2022\/02\/Campamento_13_03.png","width":1920,"height":1080},{"@type":"BreadcrumbList","@id":"https:\/\/dev.explora.cl\/tarapaca\/explora-tarapaca-culmina-exitosa-capacitacion-docente\/#breadcrumb","itemListElement":[{"@type":"ListItem","position":1,"name":"Portada","item":"https:\/\/dev.explora.cl\/tarapaca\/"},{"@type":"ListItem","position":2,"name":"Explora Tarapac\u00e1 culmina exitosa Capacitaci\u00f3n Docente"}]},{"@type":"WebSite","@id":"https:\/\/dev.explora.cl\/tarapaca\/#website","url":"https:\/\/dev.explora.cl\/tarapaca\/","name":"Tarapaca","description":"Otro sitio m\u00e1s de dev.explora.cl","potentialAction":[{"@type":"SearchAction","target":{"@type":"EntryPoint","urlTemplate":"https:\/\/dev.explora.cl\/tarapaca\/?s={search_term_string}"},"query-input":{"@type":"PropertyValueSpecification","valueRequired":true,"valueName":"search_term_string"}}],"inLanguage":"es-CL"},{"@type":"Person","@id":"https:\/\/dev.explora.cl\/tarapaca\/#\/schema\/person\/ca04f8a8f8e25243bd462d34eb1ca505","name":"admintarapaca","image":{"@type":"ImageObject","inLanguage":"es-CL","@id":"https:\/\/dev.explora.cl\/tarapaca\/#\/schema\/person\/image\/","url":"https:\/\/secure.gravatar.com\/avatar\/8ff4762fabbf7a1732a126425c82d628f08ba754529d77a55358cbb74e14343f?s=96&d=mm&r=g","contentUrl":"https:\/\/secure.gravatar.com\/avatar\/8ff4762fabbf7a1732a126425c82d628f08ba754529d77a55358cbb74e14343f?s=96&d=mm&r=g","caption":"admintarapaca"},"url":"https:\/\/dev.explora.cl\/tarapaca\/author\/dolivares\/"}]}},"_links":{"self":[{"href":"https:\/\/dev.explora.cl\/tarapaca\/wp-json\/wp\/v2\/posts\/39486","targetHints":{"allow":["GET"]}}],"collection":[{"href":"https:\/\/dev.explora.cl\/tarapaca\/wp-json\/wp\/v2\/posts"}],"about":[{"href":"https:\/\/dev.explora.cl\/tarapaca\/wp-json\/wp\/v2\/types\/post"}],"author":[{"embeddable":true,"href":"https:\/\/dev.explora.cl\/tarapaca\/wp-json\/wp\/v2\/users\/18"}],"replies":[{"embeddable":true,"href":"https:\/\/dev.explora.cl\/tarapaca\/wp-json\/wp\/v2\/comments?post=39486"}],"version-history":[{"count":1,"href":"https:\/\/dev.explora.cl\/tarapaca\/wp-json\/wp\/v2\/posts\/39486\/revisions"}],"predecessor-version":[{"id":39488,"href":"https:\/\/dev.explora.cl\/tarapaca\/wp-json\/wp\/v2\/posts\/39486\/revisions\/39488"}],"wp:featuredmedia":[{"embeddable":true,"href":"https:\/\/dev.explora.cl\/tarapaca\/wp-json\/wp\/v2\/media\/39487"}],"wp:attachment":[{"href":"https:\/\/dev.explora.cl\/tarapaca\/wp-json\/wp\/v2\/media?parent=39486"}],"wp:term":[{"taxonomy":"category","embeddable":true,"href":"https:\/\/dev.explora.cl\/tarapaca\/wp-json\/wp\/v2\/categories?post=39486"},{"taxonomy":"post_tag","embeddable":true,"href":"https:\/\/dev.explora.cl\/tarapaca\/wp-json\/wp\/v2\/tags?post=39486"}],"curies":[{"name":"wp","href":"https:\/\/api.w.org\/{rel}","templated":true}]}}