{"id":39468,"date":"2022-01-18T00:10:06","date_gmt":"2022-01-18T03:10:06","guid":{"rendered":"https:\/\/dev.explora.cl\/tarapaca\/?p=39468"},"modified":"2022-01-18T00:11:30","modified_gmt":"2022-01-18T03:11:30","slug":"xx-congreso-nacional-explora-de-investigacion-e-innovacion-escolar-2021","status":"publish","type":"post","link":"https:\/\/dev.explora.cl\/tarapaca\/xx-congreso-nacional-explora-de-investigacion-e-innovacion-escolar-2021\/","title":{"rendered":"XX Congreso Nacional Explora de Investigaci\u00f3n e Innovaci\u00f3n Escolar 2021"},"content":{"rendered":"<p>Acompa\u00f1emos a nuestros representantes \u00a0regionales en el Congreso Nacional de Investigaci\u00f3n e Innovaci\u00f3n Escolar, pertenecientes a la Escuela Gabriela Mistral, Liceo Bernardo O&#8217;Higgins y a la Corporaci\u00f3n Educacional Academia Tarapac\u00e1.<\/p>\n<p>Ser\u00e1n 66 equipos de todas las regiones de Chile los protagonistas de este evento que se desarrollar\u00e1 \u00a0desde el 18 al 22 de enero, conoce mas detalles en el siguiente enlace: \u00a0<a href=\"https:\/\/www.congresonacionaldev.explora.cl\">https:\/\/www.congresonacionaldev.explora.cl<\/a><\/p>\n<p>&nbsp;<\/p>\n","protected":false},"excerpt":{"rendered":"<p>Acompa\u00f1emos a nuestros representantes \u00a0regionales en el Congreso Nacional de Investigaci\u00f3n e Innovaci\u00f3n Escolar, pertenecientes a la Escuela Gabriela Mistral, Liceo Bernardo O&#8217;Higgins y a la Corporaci\u00f3n Educacional Academia Tarapac\u00e1. Ser\u00e1n 66 equipos de todas las regiones de Chile los protagonistas de este evento que se desarrollar\u00e1 \u00a0desde el 18 al 22 de enero, conoce [&hellip;]<\/p>\n","protected":false},"author":18,"featured_media":39473,"comment_status":"open","ping_status":"open","sticky":false,"template":"","format":"standard","meta":{"_acf_changed":false,"_exactmetrics_skip_tracking":false,"_exactmetrics_sitenote_active":false,"_exactmetrics_sitenote_note":"","_exactmetrics_sitenote_category":0,"footnotes":"","_links_to":"","_links_to_target":""},"categories":[151,136],"tags":[263],"class_list":["post-39468","post","type-post","status-publish","format-standard","has-post-thumbnail","hentry","category-banner","category-lugar-1","tag-xx-congreso-nacional-explora-de-investigacion-e-innovacion-escolar-2021"],"acf":[],"yoast_head":"<!-- This site is optimized with the Yoast SEO plugin v26.7 - https:\/\/yoast.com\/wordpress\/plugins\/seo\/ -->\n<title>XX Congreso Nacional Explora de Investigaci\u00f3n e Innovaci\u00f3n Escolar 2021 - Tarapaca<\/title>\n<meta name=\"robots\" content=\"index, follow, max-snippet:-1, max-image-preview:large, max-video-preview:-1\" \/>\n<link rel=\"canonical\" href=\"https:\/\/dev.explora.cl\/tarapaca\/xx-congreso-nacional-explora-de-investigacion-e-innovacion-escolar-2021\/\" class=\"yoast-seo-meta-tag\" \/>\n<meta property=\"og:locale\" content=\"es_ES\" class=\"yoast-seo-meta-tag\" \/>\n<meta property=\"og:type\" content=\"article\" class=\"yoast-seo-meta-tag\" \/>\n<meta property=\"og:title\" content=\"XX Congreso Nacional Explora de Investigaci\u00f3n e Innovaci\u00f3n Escolar 2021 - Tarapaca\" class=\"yoast-seo-meta-tag\" \/>\n<meta property=\"og:description\" content=\"Acompa\u00f1emos a nuestros representantes \u00a0regionales en el Congreso Nacional de Investigaci\u00f3n e Innovaci\u00f3n Escolar, pertenecientes a la Escuela Gabriela Mistral, Liceo Bernardo O&#8217;Higgins y a la Corporaci\u00f3n Educacional Academia Tarapac\u00e1. Ser\u00e1n 66 equipos de todas las regiones de Chile los protagonistas de este evento que se desarrollar\u00e1 \u00a0desde el 18 al 22 de enero, conoce [&hellip;]\" class=\"yoast-seo-meta-tag\" \/>\n<meta property=\"og:url\" content=\"https:\/\/dev.explora.cl\/tarapaca\/xx-congreso-nacional-explora-de-investigacion-e-innovacion-escolar-2021\/\" class=\"yoast-seo-meta-tag\" \/>\n<meta property=\"og:site_name\" content=\"Tarapaca\" class=\"yoast-seo-meta-tag\" \/>\n<meta property=\"article:published_time\" content=\"2022-01-18T03:10:06+00:00\" class=\"yoast-seo-meta-tag\" \/>\n<meta property=\"article:modified_time\" content=\"2022-01-18T03:11:30+00:00\" class=\"yoast-seo-meta-tag\" \/>\n<meta property=\"og:image\" content=\"https:\/\/dev.explora.cl\/tarapaca\/wp-content\/uploads\/sites\/3\/2022\/01\/CONGRESO-NACIONAL-1-e1642475480719.jpg\" class=\"yoast-seo-meta-tag\" \/>\n\t<meta property=\"og:image:width\" content=\"450\" class=\"yoast-seo-meta-tag\" \/>\n\t<meta property=\"og:image:height\" content=\"563\" class=\"yoast-seo-meta-tag\" \/>\n\t<meta property=\"og:image:type\" content=\"image\/jpeg\" class=\"yoast-seo-meta-tag\" \/>\n<meta name=\"author\" content=\"admintarapaca\" class=\"yoast-seo-meta-tag\" \/>\n<meta name=\"twitter:card\" content=\"summary_large_image\" class=\"yoast-seo-meta-tag\" \/>\n<meta name=\"twitter:label1\" content=\"Escrito por\" class=\"yoast-seo-meta-tag\" \/>\n\t<meta name=\"twitter:data1\" content=\"admintarapaca\" class=\"yoast-seo-meta-tag\" \/>\n<script type=\"application\/ld+json\" class=\"yoast-schema-graph\">{\"@context\":\"https:\/\/schema.org\",\"@graph\":[{\"@type\":\"Article\",\"@id\":\"https:\/\/dev.explora.cl\/tarapaca\/xx-congreso-nacional-explora-de-investigacion-e-innovacion-escolar-2021\/#article\",\"isPartOf\":{\"@id\":\"https:\/\/dev.explora.cl\/tarapaca\/xx-congreso-nacional-explora-de-investigacion-e-innovacion-escolar-2021\/\"},\"author\":{\"name\":\"admintarapaca\",\"@id\":\"https:\/\/dev.explora.cl\/tarapaca\/#\/schema\/person\/ca04f8a8f8e25243bd462d34eb1ca505\"},\"headline\":\"XX Congreso Nacional Explora de Investigaci\u00f3n e Innovaci\u00f3n Escolar 2021\",\"datePublished\":\"2022-01-18T03:10:06+00:00\",\"dateModified\":\"2022-01-18T03:11:30+00:00\",\"mainEntityOfPage\":{\"@id\":\"https:\/\/dev.explora.cl\/tarapaca\/xx-congreso-nacional-explora-de-investigacion-e-innovacion-escolar-2021\/\"},\"wordCount\":81,\"commentCount\":0,\"image\":{\"@id\":\"https:\/\/dev.explora.cl\/tarapaca\/xx-congreso-nacional-explora-de-investigacion-e-innovacion-escolar-2021\/#primaryimage\"},\"thumbnailUrl\":\"https:\/\/dev.explora.cl\/tarapaca\/wp-content\/uploads\/sites\/3\/2022\/01\/CONGRESO-NACIONAL-1-e1642475480719.jpg\",\"keywords\":[\"XX Congreso Nacional Explora de Investigaci\u00f3n e Innovaci\u00f3n Escolar 2021\"],\"articleSection\":[\"Banner\",\"Lugar 1\"],\"inLanguage\":\"es-CL\",\"potentialAction\":[{\"@type\":\"CommentAction\",\"name\":\"Comment\",\"target\":[\"https:\/\/dev.explora.cl\/tarapaca\/xx-congreso-nacional-explora-de-investigacion-e-innovacion-escolar-2021\/#respond\"]}]},{\"@type\":\"WebPage\",\"@id\":\"https:\/\/dev.explora.cl\/tarapaca\/xx-congreso-nacional-explora-de-investigacion-e-innovacion-escolar-2021\/\",\"url\":\"https:\/\/dev.explora.cl\/tarapaca\/xx-congreso-nacional-explora-de-investigacion-e-innovacion-escolar-2021\/\",\"name\":\"XX Congreso Nacional Explora de Investigaci\u00f3n e Innovaci\u00f3n Escolar 2021 - Tarapaca\",\"isPartOf\":{\"@id\":\"https:\/\/dev.explora.cl\/tarapaca\/#website\"},\"primaryImageOfPage\":{\"@id\":\"https:\/\/dev.explora.cl\/tarapaca\/xx-congreso-nacional-explora-de-investigacion-e-innovacion-escolar-2021\/#primaryimage\"},\"image\":{\"@id\":\"https:\/\/dev.explora.cl\/tarapaca\/xx-congreso-nacional-explora-de-investigacion-e-innovacion-escolar-2021\/#primaryimage\"},\"thumbnailUrl\":\"https:\/\/dev.explora.cl\/tarapaca\/wp-content\/uploads\/sites\/3\/2022\/01\/CONGRESO-NACIONAL-1-e1642475480719.jpg\",\"datePublished\":\"2022-01-18T03:10:06+00:00\",\"dateModified\":\"2022-01-18T03:11:30+00:00\",\"author\":{\"@id\":\"https:\/\/dev.explora.cl\/tarapaca\/#\/schema\/person\/ca04f8a8f8e25243bd462d34eb1ca505\"},\"breadcrumb\":{\"@id\":\"https:\/\/dev.explora.cl\/tarapaca\/xx-congreso-nacional-explora-de-investigacion-e-innovacion-escolar-2021\/#breadcrumb\"},\"inLanguage\":\"es-CL\",\"potentialAction\":[{\"@type\":\"ReadAction\",\"target\":[\"https:\/\/dev.explora.cl\/tarapaca\/xx-congreso-nacional-explora-de-investigacion-e-innovacion-escolar-2021\/\"]}]},{\"@type\":\"ImageObject\",\"inLanguage\":\"es-CL\",\"@id\":\"https:\/\/dev.explora.cl\/tarapaca\/xx-congreso-nacional-explora-de-investigacion-e-innovacion-escolar-2021\/#primaryimage\",\"url\":\"https:\/\/dev.explora.cl\/tarapaca\/wp-content\/uploads\/sites\/3\/2022\/01\/CONGRESO-NACIONAL-1-e1642475480719.jpg\",\"contentUrl\":\"https:\/\/dev.explora.cl\/tarapaca\/wp-content\/uploads\/sites\/3\/2022\/01\/CONGRESO-NACIONAL-1-e1642475480719.jpg\",\"width\":450,\"height\":563},{\"@type\":\"BreadcrumbList\",\"@id\":\"https:\/\/dev.explora.cl\/tarapaca\/xx-congreso-nacional-explora-de-investigacion-e-innovacion-escolar-2021\/#breadcrumb\",\"itemListElement\":[{\"@type\":\"ListItem\",\"position\":1,\"name\":\"Portada\",\"item\":\"https:\/\/dev.explora.cl\/tarapaca\/\"},{\"@type\":\"ListItem\",\"position\":2,\"name\":\"XX Congreso Nacional Explora de Investigaci\u00f3n e Innovaci\u00f3n Escolar 2021\"}]},{\"@type\":\"WebSite\",\"@id\":\"https:\/\/dev.explora.cl\/tarapaca\/#website\",\"url\":\"https:\/\/dev.explora.cl\/tarapaca\/\",\"name\":\"Tarapaca\",\"description\":\"Otro sitio m\u00e1s de dev.explora.cl\",\"potentialAction\":[{\"@type\":\"SearchAction\",\"target\":{\"@type\":\"EntryPoint\",\"urlTemplate\":\"https:\/\/dev.explora.cl\/tarapaca\/?s={search_term_string}\"},\"query-input\":{\"@type\":\"PropertyValueSpecification\",\"valueRequired\":true,\"valueName\":\"search_term_string\"}}],\"inLanguage\":\"es-CL\"},{\"@type\":\"Person\",\"@id\":\"https:\/\/dev.explora.cl\/tarapaca\/#\/schema\/person\/ca04f8a8f8e25243bd462d34eb1ca505\",\"name\":\"admintarapaca\",\"image\":{\"@type\":\"ImageObject\",\"inLanguage\":\"es-CL\",\"@id\":\"https:\/\/dev.explora.cl\/tarapaca\/#\/schema\/person\/image\/\",\"url\":\"https:\/\/secure.gravatar.com\/avatar\/8ff4762fabbf7a1732a126425c82d628f08ba754529d77a55358cbb74e14343f?s=96&d=mm&r=g\",\"contentUrl\":\"https:\/\/secure.gravatar.com\/avatar\/8ff4762fabbf7a1732a126425c82d628f08ba754529d77a55358cbb74e14343f?s=96&d=mm&r=g\",\"caption\":\"admintarapaca\"},\"url\":\"https:\/\/dev.explora.cl\/tarapaca\/author\/dolivares\/\"}]}<\/script>\n<!-- \/ Yoast SEO plugin. -->","yoast_head_json":{"title":"XX Congreso Nacional Explora de Investigaci\u00f3n e Innovaci\u00f3n Escolar 2021 - Tarapaca","robots":{"index":"index","follow":"follow","max-snippet":"max-snippet:-1","max-image-preview":"max-image-preview:large","max-video-preview":"max-video-preview:-1"},"canonical":"https:\/\/dev.explora.cl\/tarapaca\/xx-congreso-nacional-explora-de-investigacion-e-innovacion-escolar-2021\/","og_locale":"es_ES","og_type":"article","og_title":"XX Congreso Nacional Explora de Investigaci\u00f3n e Innovaci\u00f3n Escolar 2021 - Tarapaca","og_description":"Acompa\u00f1emos a nuestros representantes \u00a0regionales en el Congreso Nacional de Investigaci\u00f3n e Innovaci\u00f3n Escolar, pertenecientes a la Escuela Gabriela Mistral, Liceo Bernardo O&#8217;Higgins y a la Corporaci\u00f3n Educacional Academia Tarapac\u00e1. Ser\u00e1n 66 equipos de todas las regiones de Chile los protagonistas de este evento que se desarrollar\u00e1 \u00a0desde el 18 al 22 de enero, conoce [&hellip;]","og_url":"https:\/\/dev.explora.cl\/tarapaca\/xx-congreso-nacional-explora-de-investigacion-e-innovacion-escolar-2021\/","og_site_name":"Tarapaca","article_published_time":"2022-01-18T03:10:06+00:00","article_modified_time":"2022-01-18T03:11:30+00:00","og_image":[{"width":450,"height":563,"url":"https:\/\/dev.explora.cl\/tarapaca\/wp-content\/uploads\/sites\/3\/2022\/01\/CONGRESO-NACIONAL-1-e1642475480719.jpg","type":"image\/jpeg"}],"author":"admintarapaca","twitter_card":"summary_large_image","twitter_misc":{"Escrito por":"admintarapaca"},"schema":{"@context":"https:\/\/schema.org","@graph":[{"@type":"Article","@id":"https:\/\/dev.explora.cl\/tarapaca\/xx-congreso-nacional-explora-de-investigacion-e-innovacion-escolar-2021\/#article","isPartOf":{"@id":"https:\/\/dev.explora.cl\/tarapaca\/xx-congreso-nacional-explora-de-investigacion-e-innovacion-escolar-2021\/"},"author":{"name":"admintarapaca","@id":"https:\/\/dev.explora.cl\/tarapaca\/#\/schema\/person\/ca04f8a8f8e25243bd462d34eb1ca505"},"headline":"XX Congreso Nacional Explora de Investigaci\u00f3n e Innovaci\u00f3n Escolar 2021","datePublished":"2022-01-18T03:10:06+00:00","dateModified":"2022-01-18T03:11:30+00:00","mainEntityOfPage":{"@id":"https:\/\/dev.explora.cl\/tarapaca\/xx-congreso-nacional-explora-de-investigacion-e-innovacion-escolar-2021\/"},"wordCount":81,"commentCount":0,"image":{"@id":"https:\/\/dev.explora.cl\/tarapaca\/xx-congreso-nacional-explora-de-investigacion-e-innovacion-escolar-2021\/#primaryimage"},"thumbnailUrl":"https:\/\/dev.explora.cl\/tarapaca\/wp-content\/uploads\/sites\/3\/2022\/01\/CONGRESO-NACIONAL-1-e1642475480719.jpg","keywords":["XX Congreso Nacional Explora de Investigaci\u00f3n e Innovaci\u00f3n Escolar 2021"],"articleSection":["Banner","Lugar 1"],"inLanguage":"es-CL","potentialAction":[{"@type":"CommentAction","name":"Comment","target":["https:\/\/dev.explora.cl\/tarapaca\/xx-congreso-nacional-explora-de-investigacion-e-innovacion-escolar-2021\/#respond"]}]},{"@type":"WebPage","@id":"https:\/\/dev.explora.cl\/tarapaca\/xx-congreso-nacional-explora-de-investigacion-e-innovacion-escolar-2021\/","url":"https:\/\/dev.explora.cl\/tarapaca\/xx-congreso-nacional-explora-de-investigacion-e-innovacion-escolar-2021\/","name":"XX Congreso Nacional Explora de Investigaci\u00f3n e Innovaci\u00f3n Escolar 2021 - Tarapaca","isPartOf":{"@id":"https:\/\/dev.explora.cl\/tarapaca\/#website"},"primaryImageOfPage":{"@id":"https:\/\/dev.explora.cl\/tarapaca\/xx-congreso-nacional-explora-de-investigacion-e-innovacion-escolar-2021\/#primaryimage"},"image":{"@id":"https:\/\/dev.explora.cl\/tarapaca\/xx-congreso-nacional-explora-de-investigacion-e-innovacion-escolar-2021\/#primaryimage"},"thumbnailUrl":"https:\/\/dev.explora.cl\/tarapaca\/wp-content\/uploads\/sites\/3\/2022\/01\/CONGRESO-NACIONAL-1-e1642475480719.jpg","datePublished":"2022-01-18T03:10:06+00:00","dateModified":"2022-01-18T03:11:30+00:00","author":{"@id":"https:\/\/dev.explora.cl\/tarapaca\/#\/schema\/person\/ca04f8a8f8e25243bd462d34eb1ca505"},"breadcrumb":{"@id":"https:\/\/dev.explora.cl\/tarapaca\/xx-congreso-nacional-explora-de-investigacion-e-innovacion-escolar-2021\/#breadcrumb"},"inLanguage":"es-CL","potentialAction":[{"@type":"ReadAction","target":["https:\/\/dev.explora.cl\/tarapaca\/xx-congreso-nacional-explora-de-investigacion-e-innovacion-escolar-2021\/"]}]},{"@type":"ImageObject","inLanguage":"es-CL","@id":"https:\/\/dev.explora.cl\/tarapaca\/xx-congreso-nacional-explora-de-investigacion-e-innovacion-escolar-2021\/#primaryimage","url":"https:\/\/dev.explora.cl\/tarapaca\/wp-content\/uploads\/sites\/3\/2022\/01\/CONGRESO-NACIONAL-1-e1642475480719.jpg","contentUrl":"https:\/\/dev.explora.cl\/tarapaca\/wp-content\/uploads\/sites\/3\/2022\/01\/CONGRESO-NACIONAL-1-e1642475480719.jpg","width":450,"height":563},{"@type":"BreadcrumbList","@id":"https:\/\/dev.explora.cl\/tarapaca\/xx-congreso-nacional-explora-de-investigacion-e-innovacion-escolar-2021\/#breadcrumb","itemListElement":[{"@type":"ListItem","position":1,"name":"Portada","item":"https:\/\/dev.explora.cl\/tarapaca\/"},{"@type":"ListItem","position":2,"name":"XX Congreso Nacional Explora de Investigaci\u00f3n e Innovaci\u00f3n Escolar 2021"}]},{"@type":"WebSite","@id":"https:\/\/dev.explora.cl\/tarapaca\/#website","url":"https:\/\/dev.explora.cl\/tarapaca\/","name":"Tarapaca","description":"Otro sitio m\u00e1s de dev.explora.cl","potentialAction":[{"@type":"SearchAction","target":{"@type":"EntryPoint","urlTemplate":"https:\/\/dev.explora.cl\/tarapaca\/?s={search_term_string}"},"query-input":{"@type":"PropertyValueSpecification","valueRequired":true,"valueName":"search_term_string"}}],"inLanguage":"es-CL"},{"@type":"Person","@id":"https:\/\/dev.explora.cl\/tarapaca\/#\/schema\/person\/ca04f8a8f8e25243bd462d34eb1ca505","name":"admintarapaca","image":{"@type":"ImageObject","inLanguage":"es-CL","@id":"https:\/\/dev.explora.cl\/tarapaca\/#\/schema\/person\/image\/","url":"https:\/\/secure.gravatar.com\/avatar\/8ff4762fabbf7a1732a126425c82d628f08ba754529d77a55358cbb74e14343f?s=96&d=mm&r=g","contentUrl":"https:\/\/secure.gravatar.com\/avatar\/8ff4762fabbf7a1732a126425c82d628f08ba754529d77a55358cbb74e14343f?s=96&d=mm&r=g","caption":"admintarapaca"},"url":"https:\/\/dev.explora.cl\/tarapaca\/author\/dolivares\/"}]}},"_links":{"self":[{"href":"https:\/\/dev.explora.cl\/tarapaca\/wp-json\/wp\/v2\/posts\/39468","targetHints":{"allow":["GET"]}}],"collection":[{"href":"https:\/\/dev.explora.cl\/tarapaca\/wp-json\/wp\/v2\/posts"}],"about":[{"href":"https:\/\/dev.explora.cl\/tarapaca\/wp-json\/wp\/v2\/types\/post"}],"author":[{"embeddable":true,"href":"https:\/\/dev.explora.cl\/tarapaca\/wp-json\/wp\/v2\/users\/18"}],"replies":[{"embeddable":true,"href":"https:\/\/dev.explora.cl\/tarapaca\/wp-json\/wp\/v2\/comments?post=39468"}],"version-history":[{"count":1,"href":"https:\/\/dev.explora.cl\/tarapaca\/wp-json\/wp\/v2\/posts\/39468\/revisions"}],"predecessor-version":[{"id":39471,"href":"https:\/\/dev.explora.cl\/tarapaca\/wp-json\/wp\/v2\/posts\/39468\/revisions\/39471"}],"wp:featuredmedia":[{"embeddable":true,"href":"https:\/\/dev.explora.cl\/tarapaca\/wp-json\/wp\/v2\/media\/39473"}],"wp:attachment":[{"href":"https:\/\/dev.explora.cl\/tarapaca\/wp-json\/wp\/v2\/media?parent=39468"}],"wp:term":[{"taxonomy":"category","embeddable":true,"href":"https:\/\/dev.explora.cl\/tarapaca\/wp-json\/wp\/v2\/categories?post=39468"},{"taxonomy":"post_tag","embeddable":true,"href":"https:\/\/dev.explora.cl\/tarapaca\/wp-json\/wp\/v2\/tags?post=39468"}],"curies":[{"name":"wp","href":"https:\/\/api.w.org\/{rel}","templated":true}]}}