{"id":39447,"date":"2021-11-05T16:44:35","date_gmt":"2021-11-05T19:44:35","guid":{"rendered":"https:\/\/dev.explora.cl\/tarapaca\/?p=39447"},"modified":"2022-01-04T16:47:57","modified_gmt":"2022-01-04T19:47:57","slug":"explora-tarapaca-convoca-a-docentes-y-educadores-a-campamento-de-ciencias-para-profes-explorava-2021-modalidad-on-line","status":"publish","type":"post","link":"https:\/\/dev.explora.cl\/tarapaca\/explora-tarapaca-convoca-a-docentes-y-educadores-a-campamento-de-ciencias-para-profes-explorava-2021-modalidad-on-line\/","title":{"rendered":"Explora Tarapac\u00e1 convoca a docentes y educadores a  \u00abCampamento de Ciencias para profes \u00a1ExploraVa! 2021\u00bb, modalidad on line"},"content":{"rendered":"<p><em>Una convocatoria amplia a docentes y educadores de Tarapac\u00e1, para que participen en el\u00a0<strong>Campamento de Ciencia, Tecnolog\u00eda, Conocimiento e Innovaci\u00f3n para Profes \u00a1ExploraVa! 2021<\/strong>, est\u00e1 realizando desde octubre y llegando ahora a la etapa final, el programa Explora Tarapac\u00e1. El proceso cerrar\u00e1 este lunes 08 de noviembre.<\/em><\/p>\n<p>El programa consiste en una serie de capacitaciones dise\u00f1adas especialmente para potenciar las competencias pedag\u00f3gicas de los educadores y complementarlas con nuevas habilidades para desarrollar la formaci\u00f3n de sus estudiantes; adem\u00e1s guiarlos dentro del dise\u00f1o de proyectos de investigaci\u00f3n, autonom\u00eda y el trabajo en equipo e interdisciplinario.<\/p>\n<p>Esta iniciativa es desarrollada por la Universidad de Tarapac\u00e1 por medio de su Proyecto Explora Tarapac\u00e1 del Ministerio de Ciencia, Tecnolog\u00eda, Conocimiento e Innovaci\u00f3n.<\/p>\n<p><strong>APORTES Y OBJETIVOS<\/strong><\/p>\n<p>Respecto del aporte y objetivo de esta iniciativa, el Programa Explora busca \u00abPromover en la comunidad educativa la apropiaci\u00f3n de herramientas pedag\u00f3gicas basadas en el modelo de competencias, adem\u00e1s de la formaci\u00f3n de comunidades de aprendizaje y redes de colaboraci\u00f3n entre docentes de Tarapac\u00e1\u00bb.<\/p>\n<p>De esta forma, la Universidad de Tarapac\u00e1, por medio de su Proyecto Explora Tarapac\u00e1 espera formar una comunidad de educadores cohesionada que busque entregar Ciencia y Educaci\u00f3n.<\/p>\n<p>Las postulaciones estar\u00e1n abiertas hasta el lunes 08 de noviembre, convocando a toda la comunidad de profesionales de la educaci\u00f3n que se desempe\u00f1en dentro de Tarapac\u00e1. Esta iniciativa, que \u00a0es gratuita, contar\u00e1 con una amplia variedad de relatores con talleres en diversas tem\u00e1ticas. Adem\u00e1s, al final el Proyecto Tarapac\u00e1 Explora entregar\u00e1 una certificaci\u00f3n especial.<\/p>\n<p>El encargado de esta iniciativa, Pablo Gonz\u00e1lez, precis\u00f3 que \u201cesperamos que la comunidad educativa pueda ser parte de esta iniciativa que, sin duda, complementar\u00e1 el trabajo fundamental que realizan los profesores y profesoras con los ni\u00f1os, ni\u00f1as y j\u00f3venes de nuestra comunidad\u201d.<\/p>\n<p>La directora del Proyecto Explora, Valeska Zepeda, llam\u00f3 a los establecimientos educacionales de Tarapac\u00e1, \u00abpara que apoyen a sus \u00a0docentes y educadoras interesados en \u00a0participar de estas iniciativas que definitivamente van en beneficio de una educaci\u00f3n integral para las futuras generaciones\u00bb.<\/p>\n<p><strong>LAS CAPACITACIONES.<\/strong><\/p>\n<p><strong>\u00a0<\/strong>A diferencia de versiones anteriores, el\u00a0<strong>Campamento de Profes \u00a1ExploraVa! 2021<\/strong>\u00a0se desarrollar\u00e1 de forma completamente online, con talleres semanales, beneficiando con sus capacitaciones, a unos\u00a0 40 profesionales de la educaci\u00f3n de Tarapac\u00e1. Estas se desarrollar\u00e1n desde finales de noviembre hasta enero del 2022, y se impartir\u00e1n de forma sincr\u00f3nica y asincr\u00f3nica.<\/p>\n<p>Durante las capacitaciones, cada participante recibir\u00e1 una serie de implementos para poder desarrollar sus actividades de forma adecuada.<\/p>\n<p>Para postular, los profesores interesados s\u00f3lo deben completar un simple formulario con sus datos y del establecimiento; adem\u00e1s, se debe adjuntar un Carta de Apoyo Institucional firmada por el director o directora de su establecimiento.<\/p>\n<p>Para m\u00e1s informaci\u00f3n ingresar al Fan Page de Facebook del Proyecto Explora Tarapac\u00e1 o escribir al correo\u00a0<a href=\"mailto:pablo.gonzalez.explora@gmail.com\" target=\"_blank\" rel=\"noopener noreferrer\">pablo.gonzalez.explora@gmail.com<\/a>.<\/p>\n","protected":false},"excerpt":{"rendered":"<p>Una convocatoria amplia a docentes y educadores de Tarapac\u00e1, para que participen en el\u00a0Campamento de Ciencia, Tecnolog\u00eda, Conocimiento e Innovaci\u00f3n para Profes \u00a1ExploraVa! 2021, est\u00e1 realizando desde octubre y llegando ahora a la etapa final, el programa Explora Tarapac\u00e1. El proceso cerrar\u00e1 este lunes 08 de noviembre. El programa consiste en una serie de capacitaciones [&hellip;]<\/p>\n","protected":false},"author":18,"featured_media":39448,"comment_status":"open","ping_status":"open","sticky":false,"template":"","format":"standard","meta":{"_acf_changed":false,"_exactmetrics_skip_tracking":false,"_exactmetrics_sitenote_active":false,"_exactmetrics_sitenote_note":"","_exactmetrics_sitenote_category":0,"footnotes":"","_links_to":"","_links_to_target":""},"categories":[4],"tags":[167,157],"class_list":["post-39447","post","type-post","status-publish","format-standard","has-post-thumbnail","hentry","category-noticias","tag-campamento","tag-tarapaca"],"acf":[],"yoast_head":"<!-- This site is optimized with the Yoast SEO plugin v26.7 - https:\/\/yoast.com\/wordpress\/plugins\/seo\/ -->\n<title>Explora Tarapac\u00e1 convoca a docentes y educadores a \u00abCampamento de Ciencias para profes \u00a1ExploraVa! 2021\u00bb, modalidad on line - Tarapaca<\/title>\n<meta name=\"robots\" content=\"index, follow, max-snippet:-1, max-image-preview:large, max-video-preview:-1\" \/>\n<link rel=\"canonical\" href=\"https:\/\/dev.explora.cl\/tarapaca\/explora-tarapaca-convoca-a-docentes-y-educadores-a-campamento-de-ciencias-para-profes-explorava-2021-modalidad-on-line\/\" class=\"yoast-seo-meta-tag\" \/>\n<meta property=\"og:locale\" content=\"es_ES\" class=\"yoast-seo-meta-tag\" \/>\n<meta property=\"og:type\" content=\"article\" class=\"yoast-seo-meta-tag\" \/>\n<meta property=\"og:title\" content=\"Explora Tarapac\u00e1 convoca a docentes y educadores a \u00abCampamento de Ciencias para profes \u00a1ExploraVa! 2021\u00bb, modalidad on line - Tarapaca\" class=\"yoast-seo-meta-tag\" \/>\n<meta property=\"og:description\" content=\"Una convocatoria amplia a docentes y educadores de Tarapac\u00e1, para que participen en el\u00a0Campamento de Ciencia, Tecnolog\u00eda, Conocimiento e Innovaci\u00f3n para Profes \u00a1ExploraVa! 2021, est\u00e1 realizando desde octubre y llegando ahora a la etapa final, el programa Explora Tarapac\u00e1. El proceso cerrar\u00e1 este lunes 08 de noviembre. El programa consiste en una serie de capacitaciones [&hellip;]\" class=\"yoast-seo-meta-tag\" \/>\n<meta property=\"og:url\" content=\"https:\/\/dev.explora.cl\/tarapaca\/explora-tarapaca-convoca-a-docentes-y-educadores-a-campamento-de-ciencias-para-profes-explorava-2021-modalidad-on-line\/\" class=\"yoast-seo-meta-tag\" \/>\n<meta property=\"og:site_name\" content=\"Tarapaca\" class=\"yoast-seo-meta-tag\" \/>\n<meta property=\"article:published_time\" content=\"2021-11-05T19:44:35+00:00\" class=\"yoast-seo-meta-tag\" \/>\n<meta property=\"article:modified_time\" content=\"2022-01-04T19:47:57+00:00\" class=\"yoast-seo-meta-tag\" \/>\n<meta property=\"og:image\" content=\"https:\/\/dev.explora.cl\/tarapaca\/wp-content\/uploads\/sites\/3\/2022\/01\/archivo-campamento-3.jpg\" class=\"yoast-seo-meta-tag\" \/>\n\t<meta property=\"og:image:width\" content=\"300\" class=\"yoast-seo-meta-tag\" \/>\n\t<meta property=\"og:image:height\" content=\"248\" class=\"yoast-seo-meta-tag\" \/>\n\t<meta property=\"og:image:type\" content=\"image\/jpeg\" class=\"yoast-seo-meta-tag\" \/>\n<meta name=\"author\" content=\"admintarapaca\" class=\"yoast-seo-meta-tag\" \/>\n<meta name=\"twitter:card\" content=\"summary_large_image\" class=\"yoast-seo-meta-tag\" \/>\n<meta name=\"twitter:label1\" content=\"Escrito por\" class=\"yoast-seo-meta-tag\" \/>\n\t<meta name=\"twitter:data1\" content=\"admintarapaca\" class=\"yoast-seo-meta-tag\" \/>\n\t<meta name=\"twitter:label2\" content=\"Tiempo estimado de lectura\" class=\"yoast-seo-meta-tag\" \/>\n\t<meta name=\"twitter:data2\" content=\"2 minutos\" class=\"yoast-seo-meta-tag\" \/>\n<script type=\"application\/ld+json\" class=\"yoast-schema-graph\">{\"@context\":\"https:\/\/schema.org\",\"@graph\":[{\"@type\":\"Article\",\"@id\":\"https:\/\/dev.explora.cl\/tarapaca\/explora-tarapaca-convoca-a-docentes-y-educadores-a-campamento-de-ciencias-para-profes-explorava-2021-modalidad-on-line\/#article\",\"isPartOf\":{\"@id\":\"https:\/\/dev.explora.cl\/tarapaca\/explora-tarapaca-convoca-a-docentes-y-educadores-a-campamento-de-ciencias-para-profes-explorava-2021-modalidad-on-line\/\"},\"author\":{\"name\":\"admintarapaca\",\"@id\":\"https:\/\/dev.explora.cl\/tarapaca\/#\/schema\/person\/ca04f8a8f8e25243bd462d34eb1ca505\"},\"headline\":\"Explora Tarapac\u00e1 convoca a docentes y educadores a \u00abCampamento de Ciencias para profes \u00a1ExploraVa! 2021\u00bb, modalidad on line\",\"datePublished\":\"2021-11-05T19:44:35+00:00\",\"dateModified\":\"2022-01-04T19:47:57+00:00\",\"mainEntityOfPage\":{\"@id\":\"https:\/\/dev.explora.cl\/tarapaca\/explora-tarapaca-convoca-a-docentes-y-educadores-a-campamento-de-ciencias-para-profes-explorava-2021-modalidad-on-line\/\"},\"wordCount\":507,\"commentCount\":0,\"image\":{\"@id\":\"https:\/\/dev.explora.cl\/tarapaca\/explora-tarapaca-convoca-a-docentes-y-educadores-a-campamento-de-ciencias-para-profes-explorava-2021-modalidad-on-line\/#primaryimage\"},\"thumbnailUrl\":\"https:\/\/dev.explora.cl\/tarapaca\/wp-content\/uploads\/sites\/3\/2022\/01\/archivo-campamento-3.jpg\",\"keywords\":[\"campamento\",\"tarapac\u00e1,\"],\"articleSection\":[\"Noticias\"],\"inLanguage\":\"es-CL\",\"potentialAction\":[{\"@type\":\"CommentAction\",\"name\":\"Comment\",\"target\":[\"https:\/\/dev.explora.cl\/tarapaca\/explora-tarapaca-convoca-a-docentes-y-educadores-a-campamento-de-ciencias-para-profes-explorava-2021-modalidad-on-line\/#respond\"]}]},{\"@type\":\"WebPage\",\"@id\":\"https:\/\/dev.explora.cl\/tarapaca\/explora-tarapaca-convoca-a-docentes-y-educadores-a-campamento-de-ciencias-para-profes-explorava-2021-modalidad-on-line\/\",\"url\":\"https:\/\/dev.explora.cl\/tarapaca\/explora-tarapaca-convoca-a-docentes-y-educadores-a-campamento-de-ciencias-para-profes-explorava-2021-modalidad-on-line\/\",\"name\":\"Explora Tarapac\u00e1 convoca a docentes y educadores a \u00abCampamento de Ciencias para profes \u00a1ExploraVa! 2021\u00bb, modalidad on line - Tarapaca\",\"isPartOf\":{\"@id\":\"https:\/\/dev.explora.cl\/tarapaca\/#website\"},\"primaryImageOfPage\":{\"@id\":\"https:\/\/dev.explora.cl\/tarapaca\/explora-tarapaca-convoca-a-docentes-y-educadores-a-campamento-de-ciencias-para-profes-explorava-2021-modalidad-on-line\/#primaryimage\"},\"image\":{\"@id\":\"https:\/\/dev.explora.cl\/tarapaca\/explora-tarapaca-convoca-a-docentes-y-educadores-a-campamento-de-ciencias-para-profes-explorava-2021-modalidad-on-line\/#primaryimage\"},\"thumbnailUrl\":\"https:\/\/dev.explora.cl\/tarapaca\/wp-content\/uploads\/sites\/3\/2022\/01\/archivo-campamento-3.jpg\",\"datePublished\":\"2021-11-05T19:44:35+00:00\",\"dateModified\":\"2022-01-04T19:47:57+00:00\",\"author\":{\"@id\":\"https:\/\/dev.explora.cl\/tarapaca\/#\/schema\/person\/ca04f8a8f8e25243bd462d34eb1ca505\"},\"breadcrumb\":{\"@id\":\"https:\/\/dev.explora.cl\/tarapaca\/explora-tarapaca-convoca-a-docentes-y-educadores-a-campamento-de-ciencias-para-profes-explorava-2021-modalidad-on-line\/#breadcrumb\"},\"inLanguage\":\"es-CL\",\"potentialAction\":[{\"@type\":\"ReadAction\",\"target\":[\"https:\/\/dev.explora.cl\/tarapaca\/explora-tarapaca-convoca-a-docentes-y-educadores-a-campamento-de-ciencias-para-profes-explorava-2021-modalidad-on-line\/\"]}]},{\"@type\":\"ImageObject\",\"inLanguage\":\"es-CL\",\"@id\":\"https:\/\/dev.explora.cl\/tarapaca\/explora-tarapaca-convoca-a-docentes-y-educadores-a-campamento-de-ciencias-para-profes-explorava-2021-modalidad-on-line\/#primaryimage\",\"url\":\"https:\/\/dev.explora.cl\/tarapaca\/wp-content\/uploads\/sites\/3\/2022\/01\/archivo-campamento-3.jpg\",\"contentUrl\":\"https:\/\/dev.explora.cl\/tarapaca\/wp-content\/uploads\/sites\/3\/2022\/01\/archivo-campamento-3.jpg\",\"width\":300,\"height\":248},{\"@type\":\"BreadcrumbList\",\"@id\":\"https:\/\/dev.explora.cl\/tarapaca\/explora-tarapaca-convoca-a-docentes-y-educadores-a-campamento-de-ciencias-para-profes-explorava-2021-modalidad-on-line\/#breadcrumb\",\"itemListElement\":[{\"@type\":\"ListItem\",\"position\":1,\"name\":\"Portada\",\"item\":\"https:\/\/dev.explora.cl\/tarapaca\/\"},{\"@type\":\"ListItem\",\"position\":2,\"name\":\"Explora Tarapac\u00e1 convoca a docentes y educadores a \u00abCampamento de Ciencias para profes \u00a1ExploraVa! 2021\u00bb, modalidad on line\"}]},{\"@type\":\"WebSite\",\"@id\":\"https:\/\/dev.explora.cl\/tarapaca\/#website\",\"url\":\"https:\/\/dev.explora.cl\/tarapaca\/\",\"name\":\"Tarapaca\",\"description\":\"Otro sitio m\u00e1s de dev.explora.cl\",\"potentialAction\":[{\"@type\":\"SearchAction\",\"target\":{\"@type\":\"EntryPoint\",\"urlTemplate\":\"https:\/\/dev.explora.cl\/tarapaca\/?s={search_term_string}\"},\"query-input\":{\"@type\":\"PropertyValueSpecification\",\"valueRequired\":true,\"valueName\":\"search_term_string\"}}],\"inLanguage\":\"es-CL\"},{\"@type\":\"Person\",\"@id\":\"https:\/\/dev.explora.cl\/tarapaca\/#\/schema\/person\/ca04f8a8f8e25243bd462d34eb1ca505\",\"name\":\"admintarapaca\",\"image\":{\"@type\":\"ImageObject\",\"inLanguage\":\"es-CL\",\"@id\":\"https:\/\/dev.explora.cl\/tarapaca\/#\/schema\/person\/image\/\",\"url\":\"https:\/\/secure.gravatar.com\/avatar\/8ff4762fabbf7a1732a126425c82d628f08ba754529d77a55358cbb74e14343f?s=96&d=mm&r=g\",\"contentUrl\":\"https:\/\/secure.gravatar.com\/avatar\/8ff4762fabbf7a1732a126425c82d628f08ba754529d77a55358cbb74e14343f?s=96&d=mm&r=g\",\"caption\":\"admintarapaca\"},\"url\":\"https:\/\/dev.explora.cl\/tarapaca\/author\/dolivares\/\"}]}<\/script>\n<!-- \/ Yoast SEO plugin. -->","yoast_head_json":{"title":"Explora Tarapac\u00e1 convoca a docentes y educadores a \u00abCampamento de Ciencias para profes \u00a1ExploraVa! 2021\u00bb, modalidad on line - Tarapaca","robots":{"index":"index","follow":"follow","max-snippet":"max-snippet:-1","max-image-preview":"max-image-preview:large","max-video-preview":"max-video-preview:-1"},"canonical":"https:\/\/dev.explora.cl\/tarapaca\/explora-tarapaca-convoca-a-docentes-y-educadores-a-campamento-de-ciencias-para-profes-explorava-2021-modalidad-on-line\/","og_locale":"es_ES","og_type":"article","og_title":"Explora Tarapac\u00e1 convoca a docentes y educadores a \u00abCampamento de Ciencias para profes \u00a1ExploraVa! 2021\u00bb, modalidad on line - Tarapaca","og_description":"Una convocatoria amplia a docentes y educadores de Tarapac\u00e1, para que participen en el\u00a0Campamento de Ciencia, Tecnolog\u00eda, Conocimiento e Innovaci\u00f3n para Profes \u00a1ExploraVa! 2021, est\u00e1 realizando desde octubre y llegando ahora a la etapa final, el programa Explora Tarapac\u00e1. El proceso cerrar\u00e1 este lunes 08 de noviembre. El programa consiste en una serie de capacitaciones [&hellip;]","og_url":"https:\/\/dev.explora.cl\/tarapaca\/explora-tarapaca-convoca-a-docentes-y-educadores-a-campamento-de-ciencias-para-profes-explorava-2021-modalidad-on-line\/","og_site_name":"Tarapaca","article_published_time":"2021-11-05T19:44:35+00:00","article_modified_time":"2022-01-04T19:47:57+00:00","og_image":[{"width":300,"height":248,"url":"https:\/\/dev.explora.cl\/tarapaca\/wp-content\/uploads\/sites\/3\/2022\/01\/archivo-campamento-3.jpg","type":"image\/jpeg"}],"author":"admintarapaca","twitter_card":"summary_large_image","twitter_misc":{"Escrito por":"admintarapaca","Tiempo estimado de lectura":"2 minutos"},"schema":{"@context":"https:\/\/schema.org","@graph":[{"@type":"Article","@id":"https:\/\/dev.explora.cl\/tarapaca\/explora-tarapaca-convoca-a-docentes-y-educadores-a-campamento-de-ciencias-para-profes-explorava-2021-modalidad-on-line\/#article","isPartOf":{"@id":"https:\/\/dev.explora.cl\/tarapaca\/explora-tarapaca-convoca-a-docentes-y-educadores-a-campamento-de-ciencias-para-profes-explorava-2021-modalidad-on-line\/"},"author":{"name":"admintarapaca","@id":"https:\/\/dev.explora.cl\/tarapaca\/#\/schema\/person\/ca04f8a8f8e25243bd462d34eb1ca505"},"headline":"Explora Tarapac\u00e1 convoca a docentes y educadores a \u00abCampamento de Ciencias para profes \u00a1ExploraVa! 2021\u00bb, modalidad on line","datePublished":"2021-11-05T19:44:35+00:00","dateModified":"2022-01-04T19:47:57+00:00","mainEntityOfPage":{"@id":"https:\/\/dev.explora.cl\/tarapaca\/explora-tarapaca-convoca-a-docentes-y-educadores-a-campamento-de-ciencias-para-profes-explorava-2021-modalidad-on-line\/"},"wordCount":507,"commentCount":0,"image":{"@id":"https:\/\/dev.explora.cl\/tarapaca\/explora-tarapaca-convoca-a-docentes-y-educadores-a-campamento-de-ciencias-para-profes-explorava-2021-modalidad-on-line\/#primaryimage"},"thumbnailUrl":"https:\/\/dev.explora.cl\/tarapaca\/wp-content\/uploads\/sites\/3\/2022\/01\/archivo-campamento-3.jpg","keywords":["campamento","tarapac\u00e1,"],"articleSection":["Noticias"],"inLanguage":"es-CL","potentialAction":[{"@type":"CommentAction","name":"Comment","target":["https:\/\/dev.explora.cl\/tarapaca\/explora-tarapaca-convoca-a-docentes-y-educadores-a-campamento-de-ciencias-para-profes-explorava-2021-modalidad-on-line\/#respond"]}]},{"@type":"WebPage","@id":"https:\/\/dev.explora.cl\/tarapaca\/explora-tarapaca-convoca-a-docentes-y-educadores-a-campamento-de-ciencias-para-profes-explorava-2021-modalidad-on-line\/","url":"https:\/\/dev.explora.cl\/tarapaca\/explora-tarapaca-convoca-a-docentes-y-educadores-a-campamento-de-ciencias-para-profes-explorava-2021-modalidad-on-line\/","name":"Explora Tarapac\u00e1 convoca a docentes y educadores a \u00abCampamento de Ciencias para profes \u00a1ExploraVa! 2021\u00bb, modalidad on line - Tarapaca","isPartOf":{"@id":"https:\/\/dev.explora.cl\/tarapaca\/#website"},"primaryImageOfPage":{"@id":"https:\/\/dev.explora.cl\/tarapaca\/explora-tarapaca-convoca-a-docentes-y-educadores-a-campamento-de-ciencias-para-profes-explorava-2021-modalidad-on-line\/#primaryimage"},"image":{"@id":"https:\/\/dev.explora.cl\/tarapaca\/explora-tarapaca-convoca-a-docentes-y-educadores-a-campamento-de-ciencias-para-profes-explorava-2021-modalidad-on-line\/#primaryimage"},"thumbnailUrl":"https:\/\/dev.explora.cl\/tarapaca\/wp-content\/uploads\/sites\/3\/2022\/01\/archivo-campamento-3.jpg","datePublished":"2021-11-05T19:44:35+00:00","dateModified":"2022-01-04T19:47:57+00:00","author":{"@id":"https:\/\/dev.explora.cl\/tarapaca\/#\/schema\/person\/ca04f8a8f8e25243bd462d34eb1ca505"},"breadcrumb":{"@id":"https:\/\/dev.explora.cl\/tarapaca\/explora-tarapaca-convoca-a-docentes-y-educadores-a-campamento-de-ciencias-para-profes-explorava-2021-modalidad-on-line\/#breadcrumb"},"inLanguage":"es-CL","potentialAction":[{"@type":"ReadAction","target":["https:\/\/dev.explora.cl\/tarapaca\/explora-tarapaca-convoca-a-docentes-y-educadores-a-campamento-de-ciencias-para-profes-explorava-2021-modalidad-on-line\/"]}]},{"@type":"ImageObject","inLanguage":"es-CL","@id":"https:\/\/dev.explora.cl\/tarapaca\/explora-tarapaca-convoca-a-docentes-y-educadores-a-campamento-de-ciencias-para-profes-explorava-2021-modalidad-on-line\/#primaryimage","url":"https:\/\/dev.explora.cl\/tarapaca\/wp-content\/uploads\/sites\/3\/2022\/01\/archivo-campamento-3.jpg","contentUrl":"https:\/\/dev.explora.cl\/tarapaca\/wp-content\/uploads\/sites\/3\/2022\/01\/archivo-campamento-3.jpg","width":300,"height":248},{"@type":"BreadcrumbList","@id":"https:\/\/dev.explora.cl\/tarapaca\/explora-tarapaca-convoca-a-docentes-y-educadores-a-campamento-de-ciencias-para-profes-explorava-2021-modalidad-on-line\/#breadcrumb","itemListElement":[{"@type":"ListItem","position":1,"name":"Portada","item":"https:\/\/dev.explora.cl\/tarapaca\/"},{"@type":"ListItem","position":2,"name":"Explora Tarapac\u00e1 convoca a docentes y educadores a \u00abCampamento de Ciencias para profes \u00a1ExploraVa! 2021\u00bb, modalidad on line"}]},{"@type":"WebSite","@id":"https:\/\/dev.explora.cl\/tarapaca\/#website","url":"https:\/\/dev.explora.cl\/tarapaca\/","name":"Tarapaca","description":"Otro sitio m\u00e1s de dev.explora.cl","potentialAction":[{"@type":"SearchAction","target":{"@type":"EntryPoint","urlTemplate":"https:\/\/dev.explora.cl\/tarapaca\/?s={search_term_string}"},"query-input":{"@type":"PropertyValueSpecification","valueRequired":true,"valueName":"search_term_string"}}],"inLanguage":"es-CL"},{"@type":"Person","@id":"https:\/\/dev.explora.cl\/tarapaca\/#\/schema\/person\/ca04f8a8f8e25243bd462d34eb1ca505","name":"admintarapaca","image":{"@type":"ImageObject","inLanguage":"es-CL","@id":"https:\/\/dev.explora.cl\/tarapaca\/#\/schema\/person\/image\/","url":"https:\/\/secure.gravatar.com\/avatar\/8ff4762fabbf7a1732a126425c82d628f08ba754529d77a55358cbb74e14343f?s=96&d=mm&r=g","contentUrl":"https:\/\/secure.gravatar.com\/avatar\/8ff4762fabbf7a1732a126425c82d628f08ba754529d77a55358cbb74e14343f?s=96&d=mm&r=g","caption":"admintarapaca"},"url":"https:\/\/dev.explora.cl\/tarapaca\/author\/dolivares\/"}]}},"_links":{"self":[{"href":"https:\/\/dev.explora.cl\/tarapaca\/wp-json\/wp\/v2\/posts\/39447","targetHints":{"allow":["GET"]}}],"collection":[{"href":"https:\/\/dev.explora.cl\/tarapaca\/wp-json\/wp\/v2\/posts"}],"about":[{"href":"https:\/\/dev.explora.cl\/tarapaca\/wp-json\/wp\/v2\/types\/post"}],"author":[{"embeddable":true,"href":"https:\/\/dev.explora.cl\/tarapaca\/wp-json\/wp\/v2\/users\/18"}],"replies":[{"embeddable":true,"href":"https:\/\/dev.explora.cl\/tarapaca\/wp-json\/wp\/v2\/comments?post=39447"}],"version-history":[{"count":1,"href":"https:\/\/dev.explora.cl\/tarapaca\/wp-json\/wp\/v2\/posts\/39447\/revisions"}],"predecessor-version":[{"id":39449,"href":"https:\/\/dev.explora.cl\/tarapaca\/wp-json\/wp\/v2\/posts\/39447\/revisions\/39449"}],"wp:featuredmedia":[{"embeddable":true,"href":"https:\/\/dev.explora.cl\/tarapaca\/wp-json\/wp\/v2\/media\/39448"}],"wp:attachment":[{"href":"https:\/\/dev.explora.cl\/tarapaca\/wp-json\/wp\/v2\/media?parent=39447"}],"wp:term":[{"taxonomy":"category","embeddable":true,"href":"https:\/\/dev.explora.cl\/tarapaca\/wp-json\/wp\/v2\/categories?post=39447"},{"taxonomy":"post_tag","embeddable":true,"href":"https:\/\/dev.explora.cl\/tarapaca\/wp-json\/wp\/v2\/tags?post=39447"}],"curies":[{"name":"wp","href":"https:\/\/api.w.org\/{rel}","templated":true}]}}