{"id":39423,"date":"2021-12-24T13:29:43","date_gmt":"2021-12-24T16:29:43","guid":{"rendered":"https:\/\/dev.explora.cl\/tarapaca\/?p=39423"},"modified":"2022-12-21T13:00:16","modified_gmt":"2022-12-21T16:00:16","slug":"profesionales-de-la-educacion-parvularia-culminaron-exitosamente-programa-de-indagacion-para-primeras-edades-pipe","status":"publish","type":"post","link":"https:\/\/dev.explora.cl\/tarapaca\/profesionales-de-la-educacion-parvularia-culminaron-exitosamente-programa-de-indagacion-para-primeras-edades-pipe\/","title":{"rendered":"Profesionales de la educaci\u00f3n parvularia culminaron exitosamente Programa de Indagaci\u00f3n para Primeras Edades, PIPE."},"content":{"rendered":"<h5><em>El programa fortaleci\u00f3 competencias cient\u00edficas en los equipos pedag\u00f3gicos de educaci\u00f3n parvularia.<\/em><\/h5>\n<p>El Proyecto Asociativo Regional Explora Tarapac\u00e1, ejecutado por la Universidad de Tarapac\u00e1 Sede Iquique y por el Ministerio de Ciencia, Tecnolog\u00eda, Conocimiento e Innovaci\u00f3n, realiz\u00f3 el cierre del Programa de Indagaci\u00f3n para Primeras Edades, PIPE.<\/p>\n<p>En la instancia se destac\u00f3 y comparti\u00f3 experiencias, junto con visualizar el trabajo realizado por cada\u00a0 una de las participantes y su posterior implementaci\u00f3n en sus establecimientos educacionales.<\/p>\n<p>El proceso formativo contempl\u00f3 una capacitaci\u00f3n de 13 sesiones de aprendizaje colectivo en post del desarrollo de herramientas que fortalezcan las competencias cient\u00edficas de los equipos pedag\u00f3gicos de educaci\u00f3n parvularia. Su implementaci\u00f3n fue apoyada en el desarrollo de los talleres por el programa de Educaci\u00f3n en Ciencias Basado en Indagaci\u00f3n (ECBI), de la Universidad de Chile.<\/p>\n<p>Las profesionales beneficiarias, pertenecientes a las comunas de Pica, Pozo Almonte, Alto Hospicio e Iquique, iniciaron su proceso formativo en agosto, extendi\u00e9ndose hasta diciembre con un proceso de acompa\u00f1amiento para la aplicaci\u00f3n de lo aprendido en sus establecimientos educacionales, desarrollando en ni\u00f1os y ni\u00f1as las competencias necesarias para que conozcan y comprendan el mundo que los rodea por medio de la Indagaci\u00f3n.<\/p>\n<p>Por su parte Priscilla \u00c1lvarez, encargada del programa PIPE de Explora Tarapac\u00e1, precis\u00f3 que \u201cnos alegra finalizar el proceso con motivaci\u00f3n y con las ganas por aprender de parte de las educadoras y t\u00e9cnicos en educaci\u00f3n parvularia. Principalmente porque estas adquirieron herramientas fundamentales para fortalecer la metodolog\u00eda indagatoria y desarrollar ciencia pr\u00e1ctica con ni\u00f1os y ni\u00f1as\u201d.<\/p>\n<p>Por su parte, la Directora del PAR Explora Tarapac\u00e1, Valeska Zepeda, coment\u00f3: \u201cEl programa PIPE nos permite profundizar el v\u00ednculo entre el mundo educacional y el mundo de la ciencia y la tecnolog\u00eda, contribuyendo a la igualdad de oportunidades de formaci\u00f3n integral. Reforzar conocimientos y desarrollar pr\u00e1cticas de metodolog\u00eda indagatoria para que posteriormente ellas puedan transferir sus conocimientos a ni\u00f1os y ni\u00f1as\u201d.<\/p>\n<p>El Proyecto Asociativo Regional Explora Tarapac\u00e1 es financiado por el Ministerio de Ciencia, Tecnolog\u00eda, Conocimiento e Innovaci\u00f3n y es liderado por la Universidad de Tarapac\u00e1 Sede Iquique.<\/p>\n","protected":false},"excerpt":{"rendered":"<p>El programa fortaleci\u00f3 competencias cient\u00edficas en los equipos pedag\u00f3gicos de educaci\u00f3n parvularia. El Proyecto Asociativo Regional Explora Tarapac\u00e1, ejecutado por la Universidad de Tarapac\u00e1 Sede Iquique y por el Ministerio de Ciencia, Tecnolog\u00eda, Conocimiento e Innovaci\u00f3n, realiz\u00f3 el cierre del Programa de Indagaci\u00f3n para Primeras Edades, PIPE. En la instancia se destac\u00f3 y comparti\u00f3 experiencias, [&hellip;]<\/p>\n","protected":false},"author":18,"featured_media":39424,"comment_status":"open","ping_status":"open","sticky":false,"template":"","format":"standard","meta":{"_acf_changed":false,"_exactmetrics_skip_tracking":false,"_exactmetrics_sitenote_active":false,"_exactmetrics_sitenote_note":"","_exactmetrics_sitenote_category":0,"footnotes":"","_links_to":"","_links_to_target":""},"categories":[141,4,1],"tags":[224,242],"class_list":["post-39423","post","type-post","status-publish","format-standard","has-post-thumbnail","hentry","category-lugar-6","category-noticias","category-sin-categoria","tag-educadoras","tag-pipe2021"],"acf":[],"yoast_head":"<!-- This site is optimized with the Yoast SEO plugin v26.7 - https:\/\/yoast.com\/wordpress\/plugins\/seo\/ -->\n<title>Profesionales de la educaci\u00f3n parvularia culminaron exitosamente Programa de Indagaci\u00f3n para Primeras Edades, PIPE. - Tarapaca<\/title>\n<meta name=\"robots\" content=\"index, follow, max-snippet:-1, max-image-preview:large, max-video-preview:-1\" \/>\n<link rel=\"canonical\" href=\"https:\/\/dev.explora.cl\/tarapaca\/profesionales-de-la-educacion-parvularia-culminaron-exitosamente-programa-de-indagacion-para-primeras-edades-pipe\/\" class=\"yoast-seo-meta-tag\" \/>\n<meta property=\"og:locale\" content=\"es_ES\" class=\"yoast-seo-meta-tag\" \/>\n<meta property=\"og:type\" content=\"article\" class=\"yoast-seo-meta-tag\" \/>\n<meta property=\"og:title\" content=\"Profesionales de la educaci\u00f3n parvularia culminaron exitosamente Programa de Indagaci\u00f3n para Primeras Edades, PIPE. - Tarapaca\" class=\"yoast-seo-meta-tag\" \/>\n<meta property=\"og:description\" content=\"El programa fortaleci\u00f3 competencias cient\u00edficas en los equipos pedag\u00f3gicos de educaci\u00f3n parvularia. El Proyecto Asociativo Regional Explora Tarapac\u00e1, ejecutado por la Universidad de Tarapac\u00e1 Sede Iquique y por el Ministerio de Ciencia, Tecnolog\u00eda, Conocimiento e Innovaci\u00f3n, realiz\u00f3 el cierre del Programa de Indagaci\u00f3n para Primeras Edades, PIPE. En la instancia se destac\u00f3 y comparti\u00f3 experiencias, [&hellip;]\" class=\"yoast-seo-meta-tag\" \/>\n<meta property=\"og:url\" content=\"https:\/\/dev.explora.cl\/tarapaca\/profesionales-de-la-educacion-parvularia-culminaron-exitosamente-programa-de-indagacion-para-primeras-edades-pipe\/\" class=\"yoast-seo-meta-tag\" \/>\n<meta property=\"og:site_name\" content=\"Tarapaca\" class=\"yoast-seo-meta-tag\" \/>\n<meta property=\"article:published_time\" content=\"2021-12-24T16:29:43+00:00\" class=\"yoast-seo-meta-tag\" \/>\n<meta property=\"article:modified_time\" content=\"2022-12-21T16:00:16+00:00\" class=\"yoast-seo-meta-tag\" \/>\n<meta property=\"og:image\" content=\"https:\/\/dev.explora.cl\/tarapaca\/wp-content\/uploads\/sites\/3\/2022\/01\/PHOTO-2021-12-22-13-11-56-2.jpg\" class=\"yoast-seo-meta-tag\" \/>\n\t<meta property=\"og:image:width\" content=\"1024\" class=\"yoast-seo-meta-tag\" \/>\n\t<meta property=\"og:image:height\" content=\"768\" class=\"yoast-seo-meta-tag\" \/>\n\t<meta property=\"og:image:type\" content=\"image\/jpeg\" class=\"yoast-seo-meta-tag\" \/>\n<meta name=\"author\" content=\"admintarapaca\" class=\"yoast-seo-meta-tag\" \/>\n<meta name=\"twitter:card\" content=\"summary_large_image\" class=\"yoast-seo-meta-tag\" \/>\n<meta name=\"twitter:label1\" content=\"Escrito por\" class=\"yoast-seo-meta-tag\" \/>\n\t<meta name=\"twitter:data1\" content=\"admintarapaca\" class=\"yoast-seo-meta-tag\" \/>\n\t<meta name=\"twitter:label2\" content=\"Tiempo estimado de lectura\" class=\"yoast-seo-meta-tag\" \/>\n\t<meta name=\"twitter:data2\" content=\"2 minutos\" class=\"yoast-seo-meta-tag\" \/>\n<script type=\"application\/ld+json\" class=\"yoast-schema-graph\">{\"@context\":\"https:\/\/schema.org\",\"@graph\":[{\"@type\":\"Article\",\"@id\":\"https:\/\/dev.explora.cl\/tarapaca\/profesionales-de-la-educacion-parvularia-culminaron-exitosamente-programa-de-indagacion-para-primeras-edades-pipe\/#article\",\"isPartOf\":{\"@id\":\"https:\/\/dev.explora.cl\/tarapaca\/profesionales-de-la-educacion-parvularia-culminaron-exitosamente-programa-de-indagacion-para-primeras-edades-pipe\/\"},\"author\":{\"name\":\"admintarapaca\",\"@id\":\"https:\/\/dev.explora.cl\/tarapaca\/#\/schema\/person\/ca04f8a8f8e25243bd462d34eb1ca505\"},\"headline\":\"Profesionales de la educaci\u00f3n parvularia culminaron exitosamente Programa de Indagaci\u00f3n para Primeras Edades, PIPE.\",\"datePublished\":\"2021-12-24T16:29:43+00:00\",\"dateModified\":\"2022-12-21T16:00:16+00:00\",\"mainEntityOfPage\":{\"@id\":\"https:\/\/dev.explora.cl\/tarapaca\/profesionales-de-la-educacion-parvularia-culminaron-exitosamente-programa-de-indagacion-para-primeras-edades-pipe\/\"},\"wordCount\":389,\"commentCount\":0,\"image\":{\"@id\":\"https:\/\/dev.explora.cl\/tarapaca\/profesionales-de-la-educacion-parvularia-culminaron-exitosamente-programa-de-indagacion-para-primeras-edades-pipe\/#primaryimage\"},\"thumbnailUrl\":\"https:\/\/dev.explora.cl\/tarapaca\/wp-content\/uploads\/sites\/3\/2022\/01\/PHOTO-2021-12-22-13-11-56-2.jpg\",\"keywords\":[\"Educadoras\",\"PIPE2021\"],\"articleSection\":[\"Lugar 6\",\"Noticias\"],\"inLanguage\":\"es-CL\",\"potentialAction\":[{\"@type\":\"CommentAction\",\"name\":\"Comment\",\"target\":[\"https:\/\/dev.explora.cl\/tarapaca\/profesionales-de-la-educacion-parvularia-culminaron-exitosamente-programa-de-indagacion-para-primeras-edades-pipe\/#respond\"]}]},{\"@type\":\"WebPage\",\"@id\":\"https:\/\/dev.explora.cl\/tarapaca\/profesionales-de-la-educacion-parvularia-culminaron-exitosamente-programa-de-indagacion-para-primeras-edades-pipe\/\",\"url\":\"https:\/\/dev.explora.cl\/tarapaca\/profesionales-de-la-educacion-parvularia-culminaron-exitosamente-programa-de-indagacion-para-primeras-edades-pipe\/\",\"name\":\"Profesionales de la educaci\u00f3n parvularia culminaron exitosamente Programa de Indagaci\u00f3n para Primeras Edades, PIPE. - Tarapaca\",\"isPartOf\":{\"@id\":\"https:\/\/dev.explora.cl\/tarapaca\/#website\"},\"primaryImageOfPage\":{\"@id\":\"https:\/\/dev.explora.cl\/tarapaca\/profesionales-de-la-educacion-parvularia-culminaron-exitosamente-programa-de-indagacion-para-primeras-edades-pipe\/#primaryimage\"},\"image\":{\"@id\":\"https:\/\/dev.explora.cl\/tarapaca\/profesionales-de-la-educacion-parvularia-culminaron-exitosamente-programa-de-indagacion-para-primeras-edades-pipe\/#primaryimage\"},\"thumbnailUrl\":\"https:\/\/dev.explora.cl\/tarapaca\/wp-content\/uploads\/sites\/3\/2022\/01\/PHOTO-2021-12-22-13-11-56-2.jpg\",\"datePublished\":\"2021-12-24T16:29:43+00:00\",\"dateModified\":\"2022-12-21T16:00:16+00:00\",\"author\":{\"@id\":\"https:\/\/dev.explora.cl\/tarapaca\/#\/schema\/person\/ca04f8a8f8e25243bd462d34eb1ca505\"},\"breadcrumb\":{\"@id\":\"https:\/\/dev.explora.cl\/tarapaca\/profesionales-de-la-educacion-parvularia-culminaron-exitosamente-programa-de-indagacion-para-primeras-edades-pipe\/#breadcrumb\"},\"inLanguage\":\"es-CL\",\"potentialAction\":[{\"@type\":\"ReadAction\",\"target\":[\"https:\/\/dev.explora.cl\/tarapaca\/profesionales-de-la-educacion-parvularia-culminaron-exitosamente-programa-de-indagacion-para-primeras-edades-pipe\/\"]}]},{\"@type\":\"ImageObject\",\"inLanguage\":\"es-CL\",\"@id\":\"https:\/\/dev.explora.cl\/tarapaca\/profesionales-de-la-educacion-parvularia-culminaron-exitosamente-programa-de-indagacion-para-primeras-edades-pipe\/#primaryimage\",\"url\":\"https:\/\/dev.explora.cl\/tarapaca\/wp-content\/uploads\/sites\/3\/2022\/01\/PHOTO-2021-12-22-13-11-56-2.jpg\",\"contentUrl\":\"https:\/\/dev.explora.cl\/tarapaca\/wp-content\/uploads\/sites\/3\/2022\/01\/PHOTO-2021-12-22-13-11-56-2.jpg\",\"width\":1024,\"height\":768},{\"@type\":\"BreadcrumbList\",\"@id\":\"https:\/\/dev.explora.cl\/tarapaca\/profesionales-de-la-educacion-parvularia-culminaron-exitosamente-programa-de-indagacion-para-primeras-edades-pipe\/#breadcrumb\",\"itemListElement\":[{\"@type\":\"ListItem\",\"position\":1,\"name\":\"Portada\",\"item\":\"https:\/\/dev.explora.cl\/tarapaca\/\"},{\"@type\":\"ListItem\",\"position\":2,\"name\":\"Profesionales de la educaci\u00f3n parvularia culminaron exitosamente Programa de Indagaci\u00f3n para Primeras Edades, PIPE.\"}]},{\"@type\":\"WebSite\",\"@id\":\"https:\/\/dev.explora.cl\/tarapaca\/#website\",\"url\":\"https:\/\/dev.explora.cl\/tarapaca\/\",\"name\":\"Tarapaca\",\"description\":\"Otro sitio m\u00e1s de dev.explora.cl\",\"potentialAction\":[{\"@type\":\"SearchAction\",\"target\":{\"@type\":\"EntryPoint\",\"urlTemplate\":\"https:\/\/dev.explora.cl\/tarapaca\/?s={search_term_string}\"},\"query-input\":{\"@type\":\"PropertyValueSpecification\",\"valueRequired\":true,\"valueName\":\"search_term_string\"}}],\"inLanguage\":\"es-CL\"},{\"@type\":\"Person\",\"@id\":\"https:\/\/dev.explora.cl\/tarapaca\/#\/schema\/person\/ca04f8a8f8e25243bd462d34eb1ca505\",\"name\":\"admintarapaca\",\"image\":{\"@type\":\"ImageObject\",\"inLanguage\":\"es-CL\",\"@id\":\"https:\/\/dev.explora.cl\/tarapaca\/#\/schema\/person\/image\/\",\"url\":\"https:\/\/secure.gravatar.com\/avatar\/8ff4762fabbf7a1732a126425c82d628f08ba754529d77a55358cbb74e14343f?s=96&d=mm&r=g\",\"contentUrl\":\"https:\/\/secure.gravatar.com\/avatar\/8ff4762fabbf7a1732a126425c82d628f08ba754529d77a55358cbb74e14343f?s=96&d=mm&r=g\",\"caption\":\"admintarapaca\"},\"url\":\"https:\/\/dev.explora.cl\/tarapaca\/author\/dolivares\/\"}]}<\/script>\n<!-- \/ Yoast SEO plugin. -->","yoast_head_json":{"title":"Profesionales de la educaci\u00f3n parvularia culminaron exitosamente Programa de Indagaci\u00f3n para Primeras Edades, PIPE. - Tarapaca","robots":{"index":"index","follow":"follow","max-snippet":"max-snippet:-1","max-image-preview":"max-image-preview:large","max-video-preview":"max-video-preview:-1"},"canonical":"https:\/\/dev.explora.cl\/tarapaca\/profesionales-de-la-educacion-parvularia-culminaron-exitosamente-programa-de-indagacion-para-primeras-edades-pipe\/","og_locale":"es_ES","og_type":"article","og_title":"Profesionales de la educaci\u00f3n parvularia culminaron exitosamente Programa de Indagaci\u00f3n para Primeras Edades, PIPE. - Tarapaca","og_description":"El programa fortaleci\u00f3 competencias cient\u00edficas en los equipos pedag\u00f3gicos de educaci\u00f3n parvularia. El Proyecto Asociativo Regional Explora Tarapac\u00e1, ejecutado por la Universidad de Tarapac\u00e1 Sede Iquique y por el Ministerio de Ciencia, Tecnolog\u00eda, Conocimiento e Innovaci\u00f3n, realiz\u00f3 el cierre del Programa de Indagaci\u00f3n para Primeras Edades, PIPE. En la instancia se destac\u00f3 y comparti\u00f3 experiencias, [&hellip;]","og_url":"https:\/\/dev.explora.cl\/tarapaca\/profesionales-de-la-educacion-parvularia-culminaron-exitosamente-programa-de-indagacion-para-primeras-edades-pipe\/","og_site_name":"Tarapaca","article_published_time":"2021-12-24T16:29:43+00:00","article_modified_time":"2022-12-21T16:00:16+00:00","og_image":[{"width":1024,"height":768,"url":"https:\/\/dev.explora.cl\/tarapaca\/wp-content\/uploads\/sites\/3\/2022\/01\/PHOTO-2021-12-22-13-11-56-2.jpg","type":"image\/jpeg"}],"author":"admintarapaca","twitter_card":"summary_large_image","twitter_misc":{"Escrito por":"admintarapaca","Tiempo estimado de lectura":"2 minutos"},"schema":{"@context":"https:\/\/schema.org","@graph":[{"@type":"Article","@id":"https:\/\/dev.explora.cl\/tarapaca\/profesionales-de-la-educacion-parvularia-culminaron-exitosamente-programa-de-indagacion-para-primeras-edades-pipe\/#article","isPartOf":{"@id":"https:\/\/dev.explora.cl\/tarapaca\/profesionales-de-la-educacion-parvularia-culminaron-exitosamente-programa-de-indagacion-para-primeras-edades-pipe\/"},"author":{"name":"admintarapaca","@id":"https:\/\/dev.explora.cl\/tarapaca\/#\/schema\/person\/ca04f8a8f8e25243bd462d34eb1ca505"},"headline":"Profesionales de la educaci\u00f3n parvularia culminaron exitosamente Programa de Indagaci\u00f3n para Primeras Edades, PIPE.","datePublished":"2021-12-24T16:29:43+00:00","dateModified":"2022-12-21T16:00:16+00:00","mainEntityOfPage":{"@id":"https:\/\/dev.explora.cl\/tarapaca\/profesionales-de-la-educacion-parvularia-culminaron-exitosamente-programa-de-indagacion-para-primeras-edades-pipe\/"},"wordCount":389,"commentCount":0,"image":{"@id":"https:\/\/dev.explora.cl\/tarapaca\/profesionales-de-la-educacion-parvularia-culminaron-exitosamente-programa-de-indagacion-para-primeras-edades-pipe\/#primaryimage"},"thumbnailUrl":"https:\/\/dev.explora.cl\/tarapaca\/wp-content\/uploads\/sites\/3\/2022\/01\/PHOTO-2021-12-22-13-11-56-2.jpg","keywords":["Educadoras","PIPE2021"],"articleSection":["Lugar 6","Noticias"],"inLanguage":"es-CL","potentialAction":[{"@type":"CommentAction","name":"Comment","target":["https:\/\/dev.explora.cl\/tarapaca\/profesionales-de-la-educacion-parvularia-culminaron-exitosamente-programa-de-indagacion-para-primeras-edades-pipe\/#respond"]}]},{"@type":"WebPage","@id":"https:\/\/dev.explora.cl\/tarapaca\/profesionales-de-la-educacion-parvularia-culminaron-exitosamente-programa-de-indagacion-para-primeras-edades-pipe\/","url":"https:\/\/dev.explora.cl\/tarapaca\/profesionales-de-la-educacion-parvularia-culminaron-exitosamente-programa-de-indagacion-para-primeras-edades-pipe\/","name":"Profesionales de la educaci\u00f3n parvularia culminaron exitosamente Programa de Indagaci\u00f3n para Primeras Edades, PIPE. - Tarapaca","isPartOf":{"@id":"https:\/\/dev.explora.cl\/tarapaca\/#website"},"primaryImageOfPage":{"@id":"https:\/\/dev.explora.cl\/tarapaca\/profesionales-de-la-educacion-parvularia-culminaron-exitosamente-programa-de-indagacion-para-primeras-edades-pipe\/#primaryimage"},"image":{"@id":"https:\/\/dev.explora.cl\/tarapaca\/profesionales-de-la-educacion-parvularia-culminaron-exitosamente-programa-de-indagacion-para-primeras-edades-pipe\/#primaryimage"},"thumbnailUrl":"https:\/\/dev.explora.cl\/tarapaca\/wp-content\/uploads\/sites\/3\/2022\/01\/PHOTO-2021-12-22-13-11-56-2.jpg","datePublished":"2021-12-24T16:29:43+00:00","dateModified":"2022-12-21T16:00:16+00:00","author":{"@id":"https:\/\/dev.explora.cl\/tarapaca\/#\/schema\/person\/ca04f8a8f8e25243bd462d34eb1ca505"},"breadcrumb":{"@id":"https:\/\/dev.explora.cl\/tarapaca\/profesionales-de-la-educacion-parvularia-culminaron-exitosamente-programa-de-indagacion-para-primeras-edades-pipe\/#breadcrumb"},"inLanguage":"es-CL","potentialAction":[{"@type":"ReadAction","target":["https:\/\/dev.explora.cl\/tarapaca\/profesionales-de-la-educacion-parvularia-culminaron-exitosamente-programa-de-indagacion-para-primeras-edades-pipe\/"]}]},{"@type":"ImageObject","inLanguage":"es-CL","@id":"https:\/\/dev.explora.cl\/tarapaca\/profesionales-de-la-educacion-parvularia-culminaron-exitosamente-programa-de-indagacion-para-primeras-edades-pipe\/#primaryimage","url":"https:\/\/dev.explora.cl\/tarapaca\/wp-content\/uploads\/sites\/3\/2022\/01\/PHOTO-2021-12-22-13-11-56-2.jpg","contentUrl":"https:\/\/dev.explora.cl\/tarapaca\/wp-content\/uploads\/sites\/3\/2022\/01\/PHOTO-2021-12-22-13-11-56-2.jpg","width":1024,"height":768},{"@type":"BreadcrumbList","@id":"https:\/\/dev.explora.cl\/tarapaca\/profesionales-de-la-educacion-parvularia-culminaron-exitosamente-programa-de-indagacion-para-primeras-edades-pipe\/#breadcrumb","itemListElement":[{"@type":"ListItem","position":1,"name":"Portada","item":"https:\/\/dev.explora.cl\/tarapaca\/"},{"@type":"ListItem","position":2,"name":"Profesionales de la educaci\u00f3n parvularia culminaron exitosamente Programa de Indagaci\u00f3n para Primeras Edades, PIPE."}]},{"@type":"WebSite","@id":"https:\/\/dev.explora.cl\/tarapaca\/#website","url":"https:\/\/dev.explora.cl\/tarapaca\/","name":"Tarapaca","description":"Otro sitio m\u00e1s de dev.explora.cl","potentialAction":[{"@type":"SearchAction","target":{"@type":"EntryPoint","urlTemplate":"https:\/\/dev.explora.cl\/tarapaca\/?s={search_term_string}"},"query-input":{"@type":"PropertyValueSpecification","valueRequired":true,"valueName":"search_term_string"}}],"inLanguage":"es-CL"},{"@type":"Person","@id":"https:\/\/dev.explora.cl\/tarapaca\/#\/schema\/person\/ca04f8a8f8e25243bd462d34eb1ca505","name":"admintarapaca","image":{"@type":"ImageObject","inLanguage":"es-CL","@id":"https:\/\/dev.explora.cl\/tarapaca\/#\/schema\/person\/image\/","url":"https:\/\/secure.gravatar.com\/avatar\/8ff4762fabbf7a1732a126425c82d628f08ba754529d77a55358cbb74e14343f?s=96&d=mm&r=g","contentUrl":"https:\/\/secure.gravatar.com\/avatar\/8ff4762fabbf7a1732a126425c82d628f08ba754529d77a55358cbb74e14343f?s=96&d=mm&r=g","caption":"admintarapaca"},"url":"https:\/\/dev.explora.cl\/tarapaca\/author\/dolivares\/"}]}},"_links":{"self":[{"href":"https:\/\/dev.explora.cl\/tarapaca\/wp-json\/wp\/v2\/posts\/39423","targetHints":{"allow":["GET"]}}],"collection":[{"href":"https:\/\/dev.explora.cl\/tarapaca\/wp-json\/wp\/v2\/posts"}],"about":[{"href":"https:\/\/dev.explora.cl\/tarapaca\/wp-json\/wp\/v2\/types\/post"}],"author":[{"embeddable":true,"href":"https:\/\/dev.explora.cl\/tarapaca\/wp-json\/wp\/v2\/users\/18"}],"replies":[{"embeddable":true,"href":"https:\/\/dev.explora.cl\/tarapaca\/wp-json\/wp\/v2\/comments?post=39423"}],"version-history":[{"count":2,"href":"https:\/\/dev.explora.cl\/tarapaca\/wp-json\/wp\/v2\/posts\/39423\/revisions"}],"predecessor-version":[{"id":39426,"href":"https:\/\/dev.explora.cl\/tarapaca\/wp-json\/wp\/v2\/posts\/39423\/revisions\/39426"}],"wp:featuredmedia":[{"embeddable":true,"href":"https:\/\/dev.explora.cl\/tarapaca\/wp-json\/wp\/v2\/media\/39424"}],"wp:attachment":[{"href":"https:\/\/dev.explora.cl\/tarapaca\/wp-json\/wp\/v2\/media?parent=39423"}],"wp:term":[{"taxonomy":"category","embeddable":true,"href":"https:\/\/dev.explora.cl\/tarapaca\/wp-json\/wp\/v2\/categories?post=39423"},{"taxonomy":"post_tag","embeddable":true,"href":"https:\/\/dev.explora.cl\/tarapaca\/wp-json\/wp\/v2\/tags?post=39423"}],"curies":[{"name":"wp","href":"https:\/\/api.w.org\/{rel}","templated":true}]}}