{"id":39414,"date":"2022-01-03T15:56:35","date_gmt":"2022-01-03T18:56:35","guid":{"rendered":"https:\/\/dev.explora.cl\/tarapaca\/?p=39414"},"modified":"2022-12-21T13:00:16","modified_gmt":"2022-12-21T16:00:16","slug":"ciencia-abierta-el-dialogo-con-especialistas-de-explora-tarapaca-que-acerca-el-conocimiento-a-la-region","status":"publish","type":"post","link":"https:\/\/dev.explora.cl\/tarapaca\/ciencia-abierta-el-dialogo-con-especialistas-de-explora-tarapaca-que-acerca-el-conocimiento-a-la-region\/","title":{"rendered":"Ciencia abierta, el di\u00e1logo con especialistas de Explora Tarapac\u00e1 que acerca el conocimiento a la regi\u00f3n."},"content":{"rendered":"<p><em>La instancia de divulgaci\u00f3n cient\u00edfica dirigida a p\u00fablicos de toda la regi\u00f3n abord\u00f3 tem\u00e1ticas divesas, como astronom\u00eda, historia, f\u00edsica, recurso h\u00eddrico, medio ambiente, entre otros.<\/em><\/p>\n<p>Dejando atr\u00e1s la imagen del cient\u00edfico lejano que se encuentra cerrado en su investigaci\u00f3n y en un laboratorio, el Proyecto Asociativo Regional Explora, de la Universidad de Tarapac\u00e1, Sede Iquique, busca potenciar el di\u00e1logo entre especialistas y la comunidad, a trav\u00e9s de la iniciativa de Ciencia Abierta.<\/p>\n<p>La instancia de intercambio de conocimiento y acercamiento con la comunidad ha realizado hasta la fecha 21 charlas, la mayor\u00eda en formato online, llegando de esta manera a m\u00e1s lugares a trav\u00e9s de la pantalla.<\/p>\n<p>\u201cCiencia Abierta\u201d, se realiza principalmente los mi\u00e9rcoles a las 17:00 horas con una duraci\u00f3n de 45 minutos, oportunidad en la que los especialistas desarrollaron una presentaci\u00f3n y posteriormente dan respuesta a las inquietudes de los y las participantes por redes sociales.<\/p>\n<p>Entre los especialistas protagonistas de estas actividades tenemos a Sergio Gonz\u00e1lez Miranda, Premio Nacional de Historia, Felipe Suazo, Soledad Gonz\u00e1lez, Raquel Pinto, Pablo Gonz\u00e1lez, Norman Garrido, Rub\u00e9n Moraga, El\u00edas Mella, Rosalino Fuenzalida, Eduardo Pe\u00f1a, Patricio Rivera, Jos\u00e9 D\u00edaz Polanco, Rodrigo Ramos, Oliver Mesegger, Mar\u00eda Carolina Gatica, Jorge Arenas y Jorge Olave.<\/p>\n<p>Adem\u00e1s, dada la baja de casos COVID en la regi\u00f3n, fue posible realizar las charlas \u201cMegafauna en Chile\u201d, a cargo de Dar\u00edo Bravo, en el Liceo Bicentenario Minero S.S Juan Pablo II, y otra denominada \u201cConociendo la teor\u00eda de la relatividad: paradojas y otras locuras\u201d, en el establecimiento Academia de Alto Hospicio, a cargo de Pablo Gonz\u00e1lez.<\/p>\n<p>Valeska Zepeda Cordero, Directora del Proyecto Asociativo Regional, Explora Tarapac\u00e1 precis\u00f3: \u201cHoy queremos agradecer a cada especialista por el inter\u00e9s en compartir su conocimiento a trav\u00e9s de charlas virtuales interactivas, valorando la apropiaci\u00f3n social del conocimiento cient\u00edfico y tecnol\u00f3gico\u201d.<\/p>\n<p>Finalmente Waldo Palacio, Encargado de acciones de divulgaci\u00f3n cient\u00edfica y actividades regionales, destac\u00f3 la iniciativa por ser \u201cun espacio donde los especialistas e instituciones de diversa \u00edndole pueden dar a conocer su trabajo e investigaci\u00f3n, acerc\u00e1ndose a la comunidad\u201d.<\/p>\n<p>El proyecto Explora Tarapac\u00e1 es financiado por el Ministerio de Ciencia, Tecnolog\u00eda, Conocimiento e Innovaci\u00f3n y es liderado por la Universidad de Tarapac\u00e1 Sede Iquique.<\/p>\n","protected":false},"excerpt":{"rendered":"<p>La instancia de divulgaci\u00f3n cient\u00edfica dirigida a p\u00fablicos de toda la regi\u00f3n abord\u00f3 tem\u00e1ticas divesas, como astronom\u00eda, historia, f\u00edsica, recurso h\u00eddrico, medio ambiente, entre otros. Dejando atr\u00e1s la imagen del cient\u00edfico lejano que se encuentra cerrado en su investigaci\u00f3n y en un laboratorio, el Proyecto Asociativo Regional Explora, de la Universidad de Tarapac\u00e1, Sede Iquique, [&hellip;]<\/p>\n","protected":false},"author":18,"featured_media":39415,"comment_status":"open","ping_status":"open","sticky":false,"template":"","format":"standard","meta":{"_acf_changed":false,"_exactmetrics_skip_tracking":false,"_exactmetrics_sitenote_active":false,"_exactmetrics_sitenote_note":"","_exactmetrics_sitenote_category":0,"footnotes":"","_links_to":"","_links_to_target":""},"categories":[139,4,1],"tags":[240,208],"class_list":["post-39414","post","type-post","status-publish","format-standard","has-post-thumbnail","hentry","category-lugar-4","category-noticias","category-sin-categoria","tag-charlas","tag-ciencia-abierta"],"acf":[],"yoast_head":"<!-- This site is optimized with the Yoast SEO plugin v26.7 - https:\/\/yoast.com\/wordpress\/plugins\/seo\/ -->\n<title>Ciencia abierta, el di\u00e1logo con especialistas de Explora Tarapac\u00e1 que acerca el conocimiento a la regi\u00f3n. - Tarapaca<\/title>\n<meta name=\"robots\" content=\"index, follow, max-snippet:-1, max-image-preview:large, max-video-preview:-1\" \/>\n<link rel=\"canonical\" href=\"https:\/\/dev.explora.cl\/tarapaca\/ciencia-abierta-el-dialogo-con-especialistas-de-explora-tarapaca-que-acerca-el-conocimiento-a-la-region\/\" class=\"yoast-seo-meta-tag\" \/>\n<meta property=\"og:locale\" content=\"es_ES\" class=\"yoast-seo-meta-tag\" \/>\n<meta property=\"og:type\" content=\"article\" class=\"yoast-seo-meta-tag\" \/>\n<meta property=\"og:title\" content=\"Ciencia abierta, el di\u00e1logo con especialistas de Explora Tarapac\u00e1 que acerca el conocimiento a la regi\u00f3n. - Tarapaca\" class=\"yoast-seo-meta-tag\" \/>\n<meta property=\"og:description\" content=\"La instancia de divulgaci\u00f3n cient\u00edfica dirigida a p\u00fablicos de toda la regi\u00f3n abord\u00f3 tem\u00e1ticas divesas, como astronom\u00eda, historia, f\u00edsica, recurso h\u00eddrico, medio ambiente, entre otros. Dejando atr\u00e1s la imagen del cient\u00edfico lejano que se encuentra cerrado en su investigaci\u00f3n y en un laboratorio, el Proyecto Asociativo Regional Explora, de la Universidad de Tarapac\u00e1, Sede Iquique, [&hellip;]\" class=\"yoast-seo-meta-tag\" \/>\n<meta property=\"og:url\" content=\"https:\/\/dev.explora.cl\/tarapaca\/ciencia-abierta-el-dialogo-con-especialistas-de-explora-tarapaca-que-acerca-el-conocimiento-a-la-region\/\" class=\"yoast-seo-meta-tag\" \/>\n<meta property=\"og:site_name\" content=\"Tarapaca\" class=\"yoast-seo-meta-tag\" \/>\n<meta property=\"article:published_time\" content=\"2022-01-03T18:56:35+00:00\" class=\"yoast-seo-meta-tag\" \/>\n<meta property=\"article:modified_time\" content=\"2022-12-21T16:00:16+00:00\" class=\"yoast-seo-meta-tag\" \/>\n<meta property=\"og:image\" content=\"https:\/\/dev.explora.cl\/tarapaca\/wp-content\/uploads\/sites\/3\/2022\/01\/CIENCIA-ABIERTA-2.jpg\" class=\"yoast-seo-meta-tag\" \/>\n\t<meta property=\"og:image:width\" content=\"1440\" class=\"yoast-seo-meta-tag\" \/>\n\t<meta property=\"og:image:height\" content=\"727\" class=\"yoast-seo-meta-tag\" \/>\n\t<meta property=\"og:image:type\" content=\"image\/jpeg\" class=\"yoast-seo-meta-tag\" \/>\n<meta name=\"author\" content=\"admintarapaca\" class=\"yoast-seo-meta-tag\" \/>\n<meta name=\"twitter:card\" content=\"summary_large_image\" class=\"yoast-seo-meta-tag\" \/>\n<meta name=\"twitter:label1\" content=\"Escrito por\" class=\"yoast-seo-meta-tag\" \/>\n\t<meta name=\"twitter:data1\" content=\"admintarapaca\" class=\"yoast-seo-meta-tag\" \/>\n\t<meta name=\"twitter:label2\" content=\"Tiempo estimado de lectura\" class=\"yoast-seo-meta-tag\" \/>\n\t<meta name=\"twitter:data2\" content=\"2 minutos\" class=\"yoast-seo-meta-tag\" \/>\n<script type=\"application\/ld+json\" class=\"yoast-schema-graph\">{\"@context\":\"https:\/\/schema.org\",\"@graph\":[{\"@type\":\"Article\",\"@id\":\"https:\/\/dev.explora.cl\/tarapaca\/ciencia-abierta-el-dialogo-con-especialistas-de-explora-tarapaca-que-acerca-el-conocimiento-a-la-region\/#article\",\"isPartOf\":{\"@id\":\"https:\/\/dev.explora.cl\/tarapaca\/ciencia-abierta-el-dialogo-con-especialistas-de-explora-tarapaca-que-acerca-el-conocimiento-a-la-region\/\"},\"author\":{\"name\":\"admintarapaca\",\"@id\":\"https:\/\/dev.explora.cl\/tarapaca\/#\/schema\/person\/ca04f8a8f8e25243bd462d34eb1ca505\"},\"headline\":\"Ciencia abierta, el di\u00e1logo con especialistas de Explora Tarapac\u00e1 que acerca el conocimiento a la regi\u00f3n.\",\"datePublished\":\"2022-01-03T18:56:35+00:00\",\"dateModified\":\"2022-12-21T16:00:16+00:00\",\"mainEntityOfPage\":{\"@id\":\"https:\/\/dev.explora.cl\/tarapaca\/ciencia-abierta-el-dialogo-con-especialistas-de-explora-tarapaca-que-acerca-el-conocimiento-a-la-region\/\"},\"wordCount\":418,\"commentCount\":0,\"image\":{\"@id\":\"https:\/\/dev.explora.cl\/tarapaca\/ciencia-abierta-el-dialogo-con-especialistas-de-explora-tarapaca-que-acerca-el-conocimiento-a-la-region\/#primaryimage\"},\"thumbnailUrl\":\"https:\/\/dev.explora.cl\/tarapaca\/wp-content\/uploads\/sites\/3\/2022\/01\/CIENCIA-ABIERTA-2.jpg\",\"keywords\":[\"Charlas\",\"Ciencia Abierta\"],\"articleSection\":[\"Lugar 4\",\"Noticias\"],\"inLanguage\":\"es-CL\",\"potentialAction\":[{\"@type\":\"CommentAction\",\"name\":\"Comment\",\"target\":[\"https:\/\/dev.explora.cl\/tarapaca\/ciencia-abierta-el-dialogo-con-especialistas-de-explora-tarapaca-que-acerca-el-conocimiento-a-la-region\/#respond\"]}]},{\"@type\":\"WebPage\",\"@id\":\"https:\/\/dev.explora.cl\/tarapaca\/ciencia-abierta-el-dialogo-con-especialistas-de-explora-tarapaca-que-acerca-el-conocimiento-a-la-region\/\",\"url\":\"https:\/\/dev.explora.cl\/tarapaca\/ciencia-abierta-el-dialogo-con-especialistas-de-explora-tarapaca-que-acerca-el-conocimiento-a-la-region\/\",\"name\":\"Ciencia abierta, el di\u00e1logo con especialistas de Explora Tarapac\u00e1 que acerca el conocimiento a la regi\u00f3n. - Tarapaca\",\"isPartOf\":{\"@id\":\"https:\/\/dev.explora.cl\/tarapaca\/#website\"},\"primaryImageOfPage\":{\"@id\":\"https:\/\/dev.explora.cl\/tarapaca\/ciencia-abierta-el-dialogo-con-especialistas-de-explora-tarapaca-que-acerca-el-conocimiento-a-la-region\/#primaryimage\"},\"image\":{\"@id\":\"https:\/\/dev.explora.cl\/tarapaca\/ciencia-abierta-el-dialogo-con-especialistas-de-explora-tarapaca-que-acerca-el-conocimiento-a-la-region\/#primaryimage\"},\"thumbnailUrl\":\"https:\/\/dev.explora.cl\/tarapaca\/wp-content\/uploads\/sites\/3\/2022\/01\/CIENCIA-ABIERTA-2.jpg\",\"datePublished\":\"2022-01-03T18:56:35+00:00\",\"dateModified\":\"2022-12-21T16:00:16+00:00\",\"author\":{\"@id\":\"https:\/\/dev.explora.cl\/tarapaca\/#\/schema\/person\/ca04f8a8f8e25243bd462d34eb1ca505\"},\"breadcrumb\":{\"@id\":\"https:\/\/dev.explora.cl\/tarapaca\/ciencia-abierta-el-dialogo-con-especialistas-de-explora-tarapaca-que-acerca-el-conocimiento-a-la-region\/#breadcrumb\"},\"inLanguage\":\"es-CL\",\"potentialAction\":[{\"@type\":\"ReadAction\",\"target\":[\"https:\/\/dev.explora.cl\/tarapaca\/ciencia-abierta-el-dialogo-con-especialistas-de-explora-tarapaca-que-acerca-el-conocimiento-a-la-region\/\"]}]},{\"@type\":\"ImageObject\",\"inLanguage\":\"es-CL\",\"@id\":\"https:\/\/dev.explora.cl\/tarapaca\/ciencia-abierta-el-dialogo-con-especialistas-de-explora-tarapaca-que-acerca-el-conocimiento-a-la-region\/#primaryimage\",\"url\":\"https:\/\/dev.explora.cl\/tarapaca\/wp-content\/uploads\/sites\/3\/2022\/01\/CIENCIA-ABIERTA-2.jpg\",\"contentUrl\":\"https:\/\/dev.explora.cl\/tarapaca\/wp-content\/uploads\/sites\/3\/2022\/01\/CIENCIA-ABIERTA-2.jpg\",\"width\":1440,\"height\":727},{\"@type\":\"BreadcrumbList\",\"@id\":\"https:\/\/dev.explora.cl\/tarapaca\/ciencia-abierta-el-dialogo-con-especialistas-de-explora-tarapaca-que-acerca-el-conocimiento-a-la-region\/#breadcrumb\",\"itemListElement\":[{\"@type\":\"ListItem\",\"position\":1,\"name\":\"Portada\",\"item\":\"https:\/\/dev.explora.cl\/tarapaca\/\"},{\"@type\":\"ListItem\",\"position\":2,\"name\":\"Ciencia abierta, el di\u00e1logo con especialistas de Explora Tarapac\u00e1 que acerca el conocimiento a la regi\u00f3n.\"}]},{\"@type\":\"WebSite\",\"@id\":\"https:\/\/dev.explora.cl\/tarapaca\/#website\",\"url\":\"https:\/\/dev.explora.cl\/tarapaca\/\",\"name\":\"Tarapaca\",\"description\":\"Otro sitio m\u00e1s de dev.explora.cl\",\"potentialAction\":[{\"@type\":\"SearchAction\",\"target\":{\"@type\":\"EntryPoint\",\"urlTemplate\":\"https:\/\/dev.explora.cl\/tarapaca\/?s={search_term_string}\"},\"query-input\":{\"@type\":\"PropertyValueSpecification\",\"valueRequired\":true,\"valueName\":\"search_term_string\"}}],\"inLanguage\":\"es-CL\"},{\"@type\":\"Person\",\"@id\":\"https:\/\/dev.explora.cl\/tarapaca\/#\/schema\/person\/ca04f8a8f8e25243bd462d34eb1ca505\",\"name\":\"admintarapaca\",\"image\":{\"@type\":\"ImageObject\",\"inLanguage\":\"es-CL\",\"@id\":\"https:\/\/dev.explora.cl\/tarapaca\/#\/schema\/person\/image\/\",\"url\":\"https:\/\/secure.gravatar.com\/avatar\/8ff4762fabbf7a1732a126425c82d628f08ba754529d77a55358cbb74e14343f?s=96&d=mm&r=g\",\"contentUrl\":\"https:\/\/secure.gravatar.com\/avatar\/8ff4762fabbf7a1732a126425c82d628f08ba754529d77a55358cbb74e14343f?s=96&d=mm&r=g\",\"caption\":\"admintarapaca\"},\"url\":\"https:\/\/dev.explora.cl\/tarapaca\/author\/dolivares\/\"}]}<\/script>\n<!-- \/ Yoast SEO plugin. -->","yoast_head_json":{"title":"Ciencia abierta, el di\u00e1logo con especialistas de Explora Tarapac\u00e1 que acerca el conocimiento a la regi\u00f3n. - Tarapaca","robots":{"index":"index","follow":"follow","max-snippet":"max-snippet:-1","max-image-preview":"max-image-preview:large","max-video-preview":"max-video-preview:-1"},"canonical":"https:\/\/dev.explora.cl\/tarapaca\/ciencia-abierta-el-dialogo-con-especialistas-de-explora-tarapaca-que-acerca-el-conocimiento-a-la-region\/","og_locale":"es_ES","og_type":"article","og_title":"Ciencia abierta, el di\u00e1logo con especialistas de Explora Tarapac\u00e1 que acerca el conocimiento a la regi\u00f3n. - Tarapaca","og_description":"La instancia de divulgaci\u00f3n cient\u00edfica dirigida a p\u00fablicos de toda la regi\u00f3n abord\u00f3 tem\u00e1ticas divesas, como astronom\u00eda, historia, f\u00edsica, recurso h\u00eddrico, medio ambiente, entre otros. Dejando atr\u00e1s la imagen del cient\u00edfico lejano que se encuentra cerrado en su investigaci\u00f3n y en un laboratorio, el Proyecto Asociativo Regional Explora, de la Universidad de Tarapac\u00e1, Sede Iquique, [&hellip;]","og_url":"https:\/\/dev.explora.cl\/tarapaca\/ciencia-abierta-el-dialogo-con-especialistas-de-explora-tarapaca-que-acerca-el-conocimiento-a-la-region\/","og_site_name":"Tarapaca","article_published_time":"2022-01-03T18:56:35+00:00","article_modified_time":"2022-12-21T16:00:16+00:00","og_image":[{"width":1440,"height":727,"url":"https:\/\/dev.explora.cl\/tarapaca\/wp-content\/uploads\/sites\/3\/2022\/01\/CIENCIA-ABIERTA-2.jpg","type":"image\/jpeg"}],"author":"admintarapaca","twitter_card":"summary_large_image","twitter_misc":{"Escrito por":"admintarapaca","Tiempo estimado de lectura":"2 minutos"},"schema":{"@context":"https:\/\/schema.org","@graph":[{"@type":"Article","@id":"https:\/\/dev.explora.cl\/tarapaca\/ciencia-abierta-el-dialogo-con-especialistas-de-explora-tarapaca-que-acerca-el-conocimiento-a-la-region\/#article","isPartOf":{"@id":"https:\/\/dev.explora.cl\/tarapaca\/ciencia-abierta-el-dialogo-con-especialistas-de-explora-tarapaca-que-acerca-el-conocimiento-a-la-region\/"},"author":{"name":"admintarapaca","@id":"https:\/\/dev.explora.cl\/tarapaca\/#\/schema\/person\/ca04f8a8f8e25243bd462d34eb1ca505"},"headline":"Ciencia abierta, el di\u00e1logo con especialistas de Explora Tarapac\u00e1 que acerca el conocimiento a la regi\u00f3n.","datePublished":"2022-01-03T18:56:35+00:00","dateModified":"2022-12-21T16:00:16+00:00","mainEntityOfPage":{"@id":"https:\/\/dev.explora.cl\/tarapaca\/ciencia-abierta-el-dialogo-con-especialistas-de-explora-tarapaca-que-acerca-el-conocimiento-a-la-region\/"},"wordCount":418,"commentCount":0,"image":{"@id":"https:\/\/dev.explora.cl\/tarapaca\/ciencia-abierta-el-dialogo-con-especialistas-de-explora-tarapaca-que-acerca-el-conocimiento-a-la-region\/#primaryimage"},"thumbnailUrl":"https:\/\/dev.explora.cl\/tarapaca\/wp-content\/uploads\/sites\/3\/2022\/01\/CIENCIA-ABIERTA-2.jpg","keywords":["Charlas","Ciencia Abierta"],"articleSection":["Lugar 4","Noticias"],"inLanguage":"es-CL","potentialAction":[{"@type":"CommentAction","name":"Comment","target":["https:\/\/dev.explora.cl\/tarapaca\/ciencia-abierta-el-dialogo-con-especialistas-de-explora-tarapaca-que-acerca-el-conocimiento-a-la-region\/#respond"]}]},{"@type":"WebPage","@id":"https:\/\/dev.explora.cl\/tarapaca\/ciencia-abierta-el-dialogo-con-especialistas-de-explora-tarapaca-que-acerca-el-conocimiento-a-la-region\/","url":"https:\/\/dev.explora.cl\/tarapaca\/ciencia-abierta-el-dialogo-con-especialistas-de-explora-tarapaca-que-acerca-el-conocimiento-a-la-region\/","name":"Ciencia abierta, el di\u00e1logo con especialistas de Explora Tarapac\u00e1 que acerca el conocimiento a la regi\u00f3n. - Tarapaca","isPartOf":{"@id":"https:\/\/dev.explora.cl\/tarapaca\/#website"},"primaryImageOfPage":{"@id":"https:\/\/dev.explora.cl\/tarapaca\/ciencia-abierta-el-dialogo-con-especialistas-de-explora-tarapaca-que-acerca-el-conocimiento-a-la-region\/#primaryimage"},"image":{"@id":"https:\/\/dev.explora.cl\/tarapaca\/ciencia-abierta-el-dialogo-con-especialistas-de-explora-tarapaca-que-acerca-el-conocimiento-a-la-region\/#primaryimage"},"thumbnailUrl":"https:\/\/dev.explora.cl\/tarapaca\/wp-content\/uploads\/sites\/3\/2022\/01\/CIENCIA-ABIERTA-2.jpg","datePublished":"2022-01-03T18:56:35+00:00","dateModified":"2022-12-21T16:00:16+00:00","author":{"@id":"https:\/\/dev.explora.cl\/tarapaca\/#\/schema\/person\/ca04f8a8f8e25243bd462d34eb1ca505"},"breadcrumb":{"@id":"https:\/\/dev.explora.cl\/tarapaca\/ciencia-abierta-el-dialogo-con-especialistas-de-explora-tarapaca-que-acerca-el-conocimiento-a-la-region\/#breadcrumb"},"inLanguage":"es-CL","potentialAction":[{"@type":"ReadAction","target":["https:\/\/dev.explora.cl\/tarapaca\/ciencia-abierta-el-dialogo-con-especialistas-de-explora-tarapaca-que-acerca-el-conocimiento-a-la-region\/"]}]},{"@type":"ImageObject","inLanguage":"es-CL","@id":"https:\/\/dev.explora.cl\/tarapaca\/ciencia-abierta-el-dialogo-con-especialistas-de-explora-tarapaca-que-acerca-el-conocimiento-a-la-region\/#primaryimage","url":"https:\/\/dev.explora.cl\/tarapaca\/wp-content\/uploads\/sites\/3\/2022\/01\/CIENCIA-ABIERTA-2.jpg","contentUrl":"https:\/\/dev.explora.cl\/tarapaca\/wp-content\/uploads\/sites\/3\/2022\/01\/CIENCIA-ABIERTA-2.jpg","width":1440,"height":727},{"@type":"BreadcrumbList","@id":"https:\/\/dev.explora.cl\/tarapaca\/ciencia-abierta-el-dialogo-con-especialistas-de-explora-tarapaca-que-acerca-el-conocimiento-a-la-region\/#breadcrumb","itemListElement":[{"@type":"ListItem","position":1,"name":"Portada","item":"https:\/\/dev.explora.cl\/tarapaca\/"},{"@type":"ListItem","position":2,"name":"Ciencia abierta, el di\u00e1logo con especialistas de Explora Tarapac\u00e1 que acerca el conocimiento a la regi\u00f3n."}]},{"@type":"WebSite","@id":"https:\/\/dev.explora.cl\/tarapaca\/#website","url":"https:\/\/dev.explora.cl\/tarapaca\/","name":"Tarapaca","description":"Otro sitio m\u00e1s de dev.explora.cl","potentialAction":[{"@type":"SearchAction","target":{"@type":"EntryPoint","urlTemplate":"https:\/\/dev.explora.cl\/tarapaca\/?s={search_term_string}"},"query-input":{"@type":"PropertyValueSpecification","valueRequired":true,"valueName":"search_term_string"}}],"inLanguage":"es-CL"},{"@type":"Person","@id":"https:\/\/dev.explora.cl\/tarapaca\/#\/schema\/person\/ca04f8a8f8e25243bd462d34eb1ca505","name":"admintarapaca","image":{"@type":"ImageObject","inLanguage":"es-CL","@id":"https:\/\/dev.explora.cl\/tarapaca\/#\/schema\/person\/image\/","url":"https:\/\/secure.gravatar.com\/avatar\/8ff4762fabbf7a1732a126425c82d628f08ba754529d77a55358cbb74e14343f?s=96&d=mm&r=g","contentUrl":"https:\/\/secure.gravatar.com\/avatar\/8ff4762fabbf7a1732a126425c82d628f08ba754529d77a55358cbb74e14343f?s=96&d=mm&r=g","caption":"admintarapaca"},"url":"https:\/\/dev.explora.cl\/tarapaca\/author\/dolivares\/"}]}},"_links":{"self":[{"href":"https:\/\/dev.explora.cl\/tarapaca\/wp-json\/wp\/v2\/posts\/39414","targetHints":{"allow":["GET"]}}],"collection":[{"href":"https:\/\/dev.explora.cl\/tarapaca\/wp-json\/wp\/v2\/posts"}],"about":[{"href":"https:\/\/dev.explora.cl\/tarapaca\/wp-json\/wp\/v2\/types\/post"}],"author":[{"embeddable":true,"href":"https:\/\/dev.explora.cl\/tarapaca\/wp-json\/wp\/v2\/users\/18"}],"replies":[{"embeddable":true,"href":"https:\/\/dev.explora.cl\/tarapaca\/wp-json\/wp\/v2\/comments?post=39414"}],"version-history":[{"count":2,"href":"https:\/\/dev.explora.cl\/tarapaca\/wp-json\/wp\/v2\/posts\/39414\/revisions"}],"predecessor-version":[{"id":39417,"href":"https:\/\/dev.explora.cl\/tarapaca\/wp-json\/wp\/v2\/posts\/39414\/revisions\/39417"}],"wp:featuredmedia":[{"embeddable":true,"href":"https:\/\/dev.explora.cl\/tarapaca\/wp-json\/wp\/v2\/media\/39415"}],"wp:attachment":[{"href":"https:\/\/dev.explora.cl\/tarapaca\/wp-json\/wp\/v2\/media?parent=39414"}],"wp:term":[{"taxonomy":"category","embeddable":true,"href":"https:\/\/dev.explora.cl\/tarapaca\/wp-json\/wp\/v2\/categories?post=39414"},{"taxonomy":"post_tag","embeddable":true,"href":"https:\/\/dev.explora.cl\/tarapaca\/wp-json\/wp\/v2\/tags?post=39414"}],"curies":[{"name":"wp","href":"https:\/\/api.w.org\/{rel}","templated":true}]}}