{"id":39400,"date":"2021-09-10T11:35:54","date_gmt":"2021-09-10T14:35:54","guid":{"rendered":"https:\/\/dev.explora.cl\/tarapaca\/?p=39400"},"modified":"2021-09-10T11:35:54","modified_gmt":"2021-09-10T14:35:54","slug":"programa-para-fortalecer-las-competencias-cientificas-de-profesionales-de-educacion-parvularia-inicia-proceso-de-capacitacion","status":"publish","type":"post","link":"https:\/\/dev.explora.cl\/tarapaca\/programa-para-fortalecer-las-competencias-cientificas-de-profesionales-de-educacion-parvularia-inicia-proceso-de-capacitacion\/","title":{"rendered":"\u00a0Programa para fortalecer las competencias cient\u00edficas de profesionales de educaci\u00f3n parvularia inicia proceso de capacitaci\u00f3n"},"content":{"rendered":"<ul>\n<li><strong><em>Iniciativa comenz\u00f3 con talleres de capacitaci\u00f3n semanal a 40 profesionales de la regi\u00f3n para <\/em><\/strong><strong><em>\u201cfortalecer las competencias cient\u00edficas de los equipos pedag\u00f3gicos de educaci\u00f3n parvularia\u201d.<\/em><\/strong><\/li>\n<\/ul>\n<p>El pasado 31 de agosto, la Universidad de Tarapac\u00e1 Sede Iquique, a trav\u00e9s de su proyecto Explora Tarapac\u00e1, dio el puntapi\u00e9 inicial para lo que ser\u00e1 un proceso formativo con 40 profesionales de educaci\u00f3n parvularia de la regi\u00f3n para capacitarlas en ciencias con ni\u00f1as y ni\u00f1os.<\/p>\n<p>El Programa de Indagaci\u00f3n para Primeras Edades, PIPE, consider\u00f3 todo una etapa de postulaci\u00f3n y selecci\u00f3n para las profesionales que hoy son parte de este proceso formativo. Como objetivo principal el programa busca: \u201cfortalecer las competencias cient\u00edficas de los equipos pedag\u00f3gicos de educaci\u00f3n parvularia\u201d.<\/p>\n<p>La iniciativa, que considera 13 sesiones de talleres de aprendizaje colectivo de dos horas v\u00eda zoom, es una instancia que se pone a disposici\u00f3n de profesionales de los establecimientos educacionales, pero por sobre todo aportando las competencias necesarias para que ni\u00f1as y ni\u00f1os de la regi\u00f3n conozcan y comprendan su entorno desde la primera infancia.<\/p>\n<p>Sobre la partida del programa PIPE de Explora Tarapac\u00e1, Priscilla \u00c1lvarez, su encargada, precis\u00f3 que: \u201cnos alegra reconocer la participaci\u00f3n, gran motivaci\u00f3n y las ganas por aprender de las profesionales. Estas herramientas ser\u00e1n fundamentales para fortalecer la metodolog\u00eda indagatoria y desarrollar ciencia pr\u00e1ctica con ni\u00f1os y ni\u00f1as\u201d. Esta iniciativa es apoyada por el programa de Educaci\u00f3n en Ciencias Basado en Indagaci\u00f3n (ECBI), de la Universidad de Chile, quienes acompa\u00f1an el desarrollo de los talleres.<\/p>\n<p>Las profesionales pertenecen a las comunas de: Pica, Pozo Almonte, Huara, Alto Hospicio e Iquique, quienes iniciaron un proceso formativo virtual hasta el pr\u00f3ximo 20 de octubre, a partir de donde las participantes continuar\u00e1n en una etapa de acompa\u00f1amiento por parte de Explora para la aplicaci\u00f3n de lo aprendido en sus establecimientos educacionales, con el fin de &#8220;desarrollar en ni\u00f1os y ni\u00f1as las competencias necesarias para que conozcan y comprendan el mundo que los rodea&#8221;, como tambi\u00e9n lo plantea el programa Explora.<\/p>\n<p>Cabe recordar que el a\u00f1o 2020 fueron 30 educadoras a quienes se les entreg\u00f3 una serie de herramientas y vivieron toda una experiencia de aprendizaje telem\u00e1tico, que principalmente se desarroll\u00f3 durante el segundo semestre.<\/p>\n<p>Por su parte, la Directora del PAR Explora Tarapac\u00e1, Valeska Zepeda, coment\u00f3: \u201cEl programa PIPE nos permite profundizar el v\u00ednculo entre el mundo educacional y el mundo de la ciencia y la tecnolog\u00eda, contribuyendo a la igualdad de oportunidades de formaci\u00f3n integral. En estas instancias donde nos reunimos dos veces por semana buscamos aprender, reforzar conocimientos y desarrollar pr\u00e1cticas de metodolog\u00eda indagatoria para que posteriormente ellas puedan transferir sus conocimientos a ni\u00f1os y ni\u00f1as\u201d.<\/p>\n<p>El programa PIPE y todo su proceso formativo es completamente gratuito para sus participantes, ya que el proyecto Explora Tarapac\u00e1 es financiado por el Ministerio de Ciencia, Tecnolog\u00eda, Conocimiento e Innovaci\u00f3n y ejecutado por la Universidad de Tarapac\u00e1 Sede Iquique.<\/p>\n","protected":false},"excerpt":{"rendered":"<p>Iniciativa comenz\u00f3 con talleres de capacitaci\u00f3n semanal a 40 profesionales de la regi\u00f3n para \u201cfortalecer las competencias cient\u00edficas de los equipos pedag\u00f3gicos de educaci\u00f3n parvularia\u201d.<\/p>\n","protected":false},"author":18,"featured_media":39401,"comment_status":"open","ping_status":"open","sticky":false,"template":"","format":"standard","meta":{"_acf_changed":false,"_exactmetrics_skip_tracking":false,"_exactmetrics_sitenote_active":false,"_exactmetrics_sitenote_note":"","_exactmetrics_sitenote_category":0,"footnotes":"","_links_to":"","_links_to_target":""},"categories":[139,4],"tags":[],"class_list":["post-39400","post","type-post","status-publish","format-standard","has-post-thumbnail","hentry","category-lugar-4","category-noticias"],"acf":[],"yoast_head":"<!-- This site is optimized with the Yoast SEO plugin v26.7 - https:\/\/yoast.com\/wordpress\/plugins\/seo\/ -->\n<title>\u00a0Programa para fortalecer las competencias cient\u00edficas de profesionales de educaci\u00f3n parvularia inicia proceso de capacitaci\u00f3n - Tarapaca<\/title>\n<meta name=\"robots\" content=\"index, follow, max-snippet:-1, max-image-preview:large, max-video-preview:-1\" \/>\n<link rel=\"canonical\" href=\"https:\/\/dev.explora.cl\/tarapaca\/programa-para-fortalecer-las-competencias-cientificas-de-profesionales-de-educacion-parvularia-inicia-proceso-de-capacitacion\/\" class=\"yoast-seo-meta-tag\" \/>\n<meta property=\"og:locale\" content=\"es_ES\" class=\"yoast-seo-meta-tag\" \/>\n<meta property=\"og:type\" content=\"article\" class=\"yoast-seo-meta-tag\" \/>\n<meta property=\"og:title\" content=\"\u00a0Programa para fortalecer las competencias cient\u00edficas de profesionales de educaci\u00f3n parvularia inicia proceso de capacitaci\u00f3n - Tarapaca\" class=\"yoast-seo-meta-tag\" \/>\n<meta property=\"og:description\" content=\"Iniciativa comenz\u00f3 con talleres de capacitaci\u00f3n semanal a 40 profesionales de la regi\u00f3n para \u201cfortalecer las competencias cient\u00edficas de los equipos pedag\u00f3gicos de educaci\u00f3n parvularia\u201d.\" class=\"yoast-seo-meta-tag\" \/>\n<meta property=\"og:url\" content=\"https:\/\/dev.explora.cl\/tarapaca\/programa-para-fortalecer-las-competencias-cientificas-de-profesionales-de-educacion-parvularia-inicia-proceso-de-capacitacion\/\" class=\"yoast-seo-meta-tag\" \/>\n<meta property=\"og:site_name\" content=\"Tarapaca\" class=\"yoast-seo-meta-tag\" \/>\n<meta property=\"article:published_time\" content=\"2021-09-10T14:35:54+00:00\" class=\"yoast-seo-meta-tag\" \/>\n<meta property=\"og:image\" content=\"https:\/\/dev.explora.cl\/tarapaca\/wp-content\/uploads\/sites\/3\/2021\/09\/pipe2.jpg\" class=\"yoast-seo-meta-tag\" \/>\n\t<meta property=\"og:image:width\" content=\"2048\" class=\"yoast-seo-meta-tag\" \/>\n\t<meta property=\"og:image:height\" content=\"1152\" class=\"yoast-seo-meta-tag\" \/>\n\t<meta property=\"og:image:type\" content=\"image\/jpeg\" class=\"yoast-seo-meta-tag\" \/>\n<meta name=\"author\" content=\"admintarapaca\" class=\"yoast-seo-meta-tag\" \/>\n<meta name=\"twitter:card\" content=\"summary_large_image\" class=\"yoast-seo-meta-tag\" \/>\n<meta name=\"twitter:label1\" content=\"Escrito por\" class=\"yoast-seo-meta-tag\" \/>\n\t<meta name=\"twitter:data1\" content=\"admintarapaca\" class=\"yoast-seo-meta-tag\" \/>\n\t<meta name=\"twitter:label2\" content=\"Tiempo estimado de lectura\" class=\"yoast-seo-meta-tag\" \/>\n\t<meta name=\"twitter:data2\" content=\"3 minutos\" class=\"yoast-seo-meta-tag\" \/>\n<script type=\"application\/ld+json\" class=\"yoast-schema-graph\">{\"@context\":\"https:\/\/schema.org\",\"@graph\":[{\"@type\":\"Article\",\"@id\":\"https:\/\/dev.explora.cl\/tarapaca\/programa-para-fortalecer-las-competencias-cientificas-de-profesionales-de-educacion-parvularia-inicia-proceso-de-capacitacion\/#article\",\"isPartOf\":{\"@id\":\"https:\/\/dev.explora.cl\/tarapaca\/programa-para-fortalecer-las-competencias-cientificas-de-profesionales-de-educacion-parvularia-inicia-proceso-de-capacitacion\/\"},\"author\":{\"name\":\"admintarapaca\",\"@id\":\"https:\/\/dev.explora.cl\/tarapaca\/#\/schema\/person\/ca04f8a8f8e25243bd462d34eb1ca505\"},\"headline\":\"\u00a0Programa para fortalecer las competencias cient\u00edficas de profesionales de educaci\u00f3n parvularia inicia proceso de capacitaci\u00f3n\",\"datePublished\":\"2021-09-10T14:35:54+00:00\",\"mainEntityOfPage\":{\"@id\":\"https:\/\/dev.explora.cl\/tarapaca\/programa-para-fortalecer-las-competencias-cientificas-de-profesionales-de-educacion-parvularia-inicia-proceso-de-capacitacion\/\"},\"wordCount\":534,\"commentCount\":0,\"image\":{\"@id\":\"https:\/\/dev.explora.cl\/tarapaca\/programa-para-fortalecer-las-competencias-cientificas-de-profesionales-de-educacion-parvularia-inicia-proceso-de-capacitacion\/#primaryimage\"},\"thumbnailUrl\":\"https:\/\/dev.explora.cl\/tarapaca\/wp-content\/uploads\/sites\/3\/2021\/09\/pipe2.jpg\",\"articleSection\":[\"Lugar 4\",\"Noticias\"],\"inLanguage\":\"es-CL\",\"potentialAction\":[{\"@type\":\"CommentAction\",\"name\":\"Comment\",\"target\":[\"https:\/\/dev.explora.cl\/tarapaca\/programa-para-fortalecer-las-competencias-cientificas-de-profesionales-de-educacion-parvularia-inicia-proceso-de-capacitacion\/#respond\"]}]},{\"@type\":\"WebPage\",\"@id\":\"https:\/\/dev.explora.cl\/tarapaca\/programa-para-fortalecer-las-competencias-cientificas-de-profesionales-de-educacion-parvularia-inicia-proceso-de-capacitacion\/\",\"url\":\"https:\/\/dev.explora.cl\/tarapaca\/programa-para-fortalecer-las-competencias-cientificas-de-profesionales-de-educacion-parvularia-inicia-proceso-de-capacitacion\/\",\"name\":\"\u00a0Programa para fortalecer las competencias cient\u00edficas de profesionales de educaci\u00f3n parvularia inicia proceso de capacitaci\u00f3n - Tarapaca\",\"isPartOf\":{\"@id\":\"https:\/\/dev.explora.cl\/tarapaca\/#website\"},\"primaryImageOfPage\":{\"@id\":\"https:\/\/dev.explora.cl\/tarapaca\/programa-para-fortalecer-las-competencias-cientificas-de-profesionales-de-educacion-parvularia-inicia-proceso-de-capacitacion\/#primaryimage\"},\"image\":{\"@id\":\"https:\/\/dev.explora.cl\/tarapaca\/programa-para-fortalecer-las-competencias-cientificas-de-profesionales-de-educacion-parvularia-inicia-proceso-de-capacitacion\/#primaryimage\"},\"thumbnailUrl\":\"https:\/\/dev.explora.cl\/tarapaca\/wp-content\/uploads\/sites\/3\/2021\/09\/pipe2.jpg\",\"datePublished\":\"2021-09-10T14:35:54+00:00\",\"author\":{\"@id\":\"https:\/\/dev.explora.cl\/tarapaca\/#\/schema\/person\/ca04f8a8f8e25243bd462d34eb1ca505\"},\"breadcrumb\":{\"@id\":\"https:\/\/dev.explora.cl\/tarapaca\/programa-para-fortalecer-las-competencias-cientificas-de-profesionales-de-educacion-parvularia-inicia-proceso-de-capacitacion\/#breadcrumb\"},\"inLanguage\":\"es-CL\",\"potentialAction\":[{\"@type\":\"ReadAction\",\"target\":[\"https:\/\/dev.explora.cl\/tarapaca\/programa-para-fortalecer-las-competencias-cientificas-de-profesionales-de-educacion-parvularia-inicia-proceso-de-capacitacion\/\"]}]},{\"@type\":\"ImageObject\",\"inLanguage\":\"es-CL\",\"@id\":\"https:\/\/dev.explora.cl\/tarapaca\/programa-para-fortalecer-las-competencias-cientificas-de-profesionales-de-educacion-parvularia-inicia-proceso-de-capacitacion\/#primaryimage\",\"url\":\"https:\/\/dev.explora.cl\/tarapaca\/wp-content\/uploads\/sites\/3\/2021\/09\/pipe2.jpg\",\"contentUrl\":\"https:\/\/dev.explora.cl\/tarapaca\/wp-content\/uploads\/sites\/3\/2021\/09\/pipe2.jpg\",\"width\":2048,\"height\":1152},{\"@type\":\"BreadcrumbList\",\"@id\":\"https:\/\/dev.explora.cl\/tarapaca\/programa-para-fortalecer-las-competencias-cientificas-de-profesionales-de-educacion-parvularia-inicia-proceso-de-capacitacion\/#breadcrumb\",\"itemListElement\":[{\"@type\":\"ListItem\",\"position\":1,\"name\":\"Portada\",\"item\":\"https:\/\/dev.explora.cl\/tarapaca\/\"},{\"@type\":\"ListItem\",\"position\":2,\"name\":\"\u00a0Programa para fortalecer las competencias cient\u00edficas de profesionales de educaci\u00f3n parvularia inicia proceso de capacitaci\u00f3n\"}]},{\"@type\":\"WebSite\",\"@id\":\"https:\/\/dev.explora.cl\/tarapaca\/#website\",\"url\":\"https:\/\/dev.explora.cl\/tarapaca\/\",\"name\":\"Tarapaca\",\"description\":\"Otro sitio m\u00e1s de dev.explora.cl\",\"potentialAction\":[{\"@type\":\"SearchAction\",\"target\":{\"@type\":\"EntryPoint\",\"urlTemplate\":\"https:\/\/dev.explora.cl\/tarapaca\/?s={search_term_string}\"},\"query-input\":{\"@type\":\"PropertyValueSpecification\",\"valueRequired\":true,\"valueName\":\"search_term_string\"}}],\"inLanguage\":\"es-CL\"},{\"@type\":\"Person\",\"@id\":\"https:\/\/dev.explora.cl\/tarapaca\/#\/schema\/person\/ca04f8a8f8e25243bd462d34eb1ca505\",\"name\":\"admintarapaca\",\"image\":{\"@type\":\"ImageObject\",\"inLanguage\":\"es-CL\",\"@id\":\"https:\/\/dev.explora.cl\/tarapaca\/#\/schema\/person\/image\/\",\"url\":\"https:\/\/secure.gravatar.com\/avatar\/8ff4762fabbf7a1732a126425c82d628f08ba754529d77a55358cbb74e14343f?s=96&d=mm&r=g\",\"contentUrl\":\"https:\/\/secure.gravatar.com\/avatar\/8ff4762fabbf7a1732a126425c82d628f08ba754529d77a55358cbb74e14343f?s=96&d=mm&r=g\",\"caption\":\"admintarapaca\"},\"url\":\"https:\/\/dev.explora.cl\/tarapaca\/author\/dolivares\/\"}]}<\/script>\n<!-- \/ Yoast SEO plugin. -->","yoast_head_json":{"title":"\u00a0Programa para fortalecer las competencias cient\u00edficas de profesionales de educaci\u00f3n parvularia inicia proceso de capacitaci\u00f3n - Tarapaca","robots":{"index":"index","follow":"follow","max-snippet":"max-snippet:-1","max-image-preview":"max-image-preview:large","max-video-preview":"max-video-preview:-1"},"canonical":"https:\/\/dev.explora.cl\/tarapaca\/programa-para-fortalecer-las-competencias-cientificas-de-profesionales-de-educacion-parvularia-inicia-proceso-de-capacitacion\/","og_locale":"es_ES","og_type":"article","og_title":"\u00a0Programa para fortalecer las competencias cient\u00edficas de profesionales de educaci\u00f3n parvularia inicia proceso de capacitaci\u00f3n - Tarapaca","og_description":"Iniciativa comenz\u00f3 con talleres de capacitaci\u00f3n semanal a 40 profesionales de la regi\u00f3n para \u201cfortalecer las competencias cient\u00edficas de los equipos pedag\u00f3gicos de educaci\u00f3n parvularia\u201d.","og_url":"https:\/\/dev.explora.cl\/tarapaca\/programa-para-fortalecer-las-competencias-cientificas-de-profesionales-de-educacion-parvularia-inicia-proceso-de-capacitacion\/","og_site_name":"Tarapaca","article_published_time":"2021-09-10T14:35:54+00:00","og_image":[{"width":2048,"height":1152,"url":"https:\/\/dev.explora.cl\/tarapaca\/wp-content\/uploads\/sites\/3\/2021\/09\/pipe2.jpg","type":"image\/jpeg"}],"author":"admintarapaca","twitter_card":"summary_large_image","twitter_misc":{"Escrito por":"admintarapaca","Tiempo estimado de lectura":"3 minutos"},"schema":{"@context":"https:\/\/schema.org","@graph":[{"@type":"Article","@id":"https:\/\/dev.explora.cl\/tarapaca\/programa-para-fortalecer-las-competencias-cientificas-de-profesionales-de-educacion-parvularia-inicia-proceso-de-capacitacion\/#article","isPartOf":{"@id":"https:\/\/dev.explora.cl\/tarapaca\/programa-para-fortalecer-las-competencias-cientificas-de-profesionales-de-educacion-parvularia-inicia-proceso-de-capacitacion\/"},"author":{"name":"admintarapaca","@id":"https:\/\/dev.explora.cl\/tarapaca\/#\/schema\/person\/ca04f8a8f8e25243bd462d34eb1ca505"},"headline":"\u00a0Programa para fortalecer las competencias cient\u00edficas de profesionales de educaci\u00f3n parvularia inicia proceso de capacitaci\u00f3n","datePublished":"2021-09-10T14:35:54+00:00","mainEntityOfPage":{"@id":"https:\/\/dev.explora.cl\/tarapaca\/programa-para-fortalecer-las-competencias-cientificas-de-profesionales-de-educacion-parvularia-inicia-proceso-de-capacitacion\/"},"wordCount":534,"commentCount":0,"image":{"@id":"https:\/\/dev.explora.cl\/tarapaca\/programa-para-fortalecer-las-competencias-cientificas-de-profesionales-de-educacion-parvularia-inicia-proceso-de-capacitacion\/#primaryimage"},"thumbnailUrl":"https:\/\/dev.explora.cl\/tarapaca\/wp-content\/uploads\/sites\/3\/2021\/09\/pipe2.jpg","articleSection":["Lugar 4","Noticias"],"inLanguage":"es-CL","potentialAction":[{"@type":"CommentAction","name":"Comment","target":["https:\/\/dev.explora.cl\/tarapaca\/programa-para-fortalecer-las-competencias-cientificas-de-profesionales-de-educacion-parvularia-inicia-proceso-de-capacitacion\/#respond"]}]},{"@type":"WebPage","@id":"https:\/\/dev.explora.cl\/tarapaca\/programa-para-fortalecer-las-competencias-cientificas-de-profesionales-de-educacion-parvularia-inicia-proceso-de-capacitacion\/","url":"https:\/\/dev.explora.cl\/tarapaca\/programa-para-fortalecer-las-competencias-cientificas-de-profesionales-de-educacion-parvularia-inicia-proceso-de-capacitacion\/","name":"\u00a0Programa para fortalecer las competencias cient\u00edficas de profesionales de educaci\u00f3n parvularia inicia proceso de capacitaci\u00f3n - Tarapaca","isPartOf":{"@id":"https:\/\/dev.explora.cl\/tarapaca\/#website"},"primaryImageOfPage":{"@id":"https:\/\/dev.explora.cl\/tarapaca\/programa-para-fortalecer-las-competencias-cientificas-de-profesionales-de-educacion-parvularia-inicia-proceso-de-capacitacion\/#primaryimage"},"image":{"@id":"https:\/\/dev.explora.cl\/tarapaca\/programa-para-fortalecer-las-competencias-cientificas-de-profesionales-de-educacion-parvularia-inicia-proceso-de-capacitacion\/#primaryimage"},"thumbnailUrl":"https:\/\/dev.explora.cl\/tarapaca\/wp-content\/uploads\/sites\/3\/2021\/09\/pipe2.jpg","datePublished":"2021-09-10T14:35:54+00:00","author":{"@id":"https:\/\/dev.explora.cl\/tarapaca\/#\/schema\/person\/ca04f8a8f8e25243bd462d34eb1ca505"},"breadcrumb":{"@id":"https:\/\/dev.explora.cl\/tarapaca\/programa-para-fortalecer-las-competencias-cientificas-de-profesionales-de-educacion-parvularia-inicia-proceso-de-capacitacion\/#breadcrumb"},"inLanguage":"es-CL","potentialAction":[{"@type":"ReadAction","target":["https:\/\/dev.explora.cl\/tarapaca\/programa-para-fortalecer-las-competencias-cientificas-de-profesionales-de-educacion-parvularia-inicia-proceso-de-capacitacion\/"]}]},{"@type":"ImageObject","inLanguage":"es-CL","@id":"https:\/\/dev.explora.cl\/tarapaca\/programa-para-fortalecer-las-competencias-cientificas-de-profesionales-de-educacion-parvularia-inicia-proceso-de-capacitacion\/#primaryimage","url":"https:\/\/dev.explora.cl\/tarapaca\/wp-content\/uploads\/sites\/3\/2021\/09\/pipe2.jpg","contentUrl":"https:\/\/dev.explora.cl\/tarapaca\/wp-content\/uploads\/sites\/3\/2021\/09\/pipe2.jpg","width":2048,"height":1152},{"@type":"BreadcrumbList","@id":"https:\/\/dev.explora.cl\/tarapaca\/programa-para-fortalecer-las-competencias-cientificas-de-profesionales-de-educacion-parvularia-inicia-proceso-de-capacitacion\/#breadcrumb","itemListElement":[{"@type":"ListItem","position":1,"name":"Portada","item":"https:\/\/dev.explora.cl\/tarapaca\/"},{"@type":"ListItem","position":2,"name":"\u00a0Programa para fortalecer las competencias cient\u00edficas de profesionales de educaci\u00f3n parvularia inicia proceso de capacitaci\u00f3n"}]},{"@type":"WebSite","@id":"https:\/\/dev.explora.cl\/tarapaca\/#website","url":"https:\/\/dev.explora.cl\/tarapaca\/","name":"Tarapaca","description":"Otro sitio m\u00e1s de dev.explora.cl","potentialAction":[{"@type":"SearchAction","target":{"@type":"EntryPoint","urlTemplate":"https:\/\/dev.explora.cl\/tarapaca\/?s={search_term_string}"},"query-input":{"@type":"PropertyValueSpecification","valueRequired":true,"valueName":"search_term_string"}}],"inLanguage":"es-CL"},{"@type":"Person","@id":"https:\/\/dev.explora.cl\/tarapaca\/#\/schema\/person\/ca04f8a8f8e25243bd462d34eb1ca505","name":"admintarapaca","image":{"@type":"ImageObject","inLanguage":"es-CL","@id":"https:\/\/dev.explora.cl\/tarapaca\/#\/schema\/person\/image\/","url":"https:\/\/secure.gravatar.com\/avatar\/8ff4762fabbf7a1732a126425c82d628f08ba754529d77a55358cbb74e14343f?s=96&d=mm&r=g","contentUrl":"https:\/\/secure.gravatar.com\/avatar\/8ff4762fabbf7a1732a126425c82d628f08ba754529d77a55358cbb74e14343f?s=96&d=mm&r=g","caption":"admintarapaca"},"url":"https:\/\/dev.explora.cl\/tarapaca\/author\/dolivares\/"}]}},"_links":{"self":[{"href":"https:\/\/dev.explora.cl\/tarapaca\/wp-json\/wp\/v2\/posts\/39400","targetHints":{"allow":["GET"]}}],"collection":[{"href":"https:\/\/dev.explora.cl\/tarapaca\/wp-json\/wp\/v2\/posts"}],"about":[{"href":"https:\/\/dev.explora.cl\/tarapaca\/wp-json\/wp\/v2\/types\/post"}],"author":[{"embeddable":true,"href":"https:\/\/dev.explora.cl\/tarapaca\/wp-json\/wp\/v2\/users\/18"}],"replies":[{"embeddable":true,"href":"https:\/\/dev.explora.cl\/tarapaca\/wp-json\/wp\/v2\/comments?post=39400"}],"version-history":[{"count":1,"href":"https:\/\/dev.explora.cl\/tarapaca\/wp-json\/wp\/v2\/posts\/39400\/revisions"}],"predecessor-version":[{"id":39402,"href":"https:\/\/dev.explora.cl\/tarapaca\/wp-json\/wp\/v2\/posts\/39400\/revisions\/39402"}],"wp:featuredmedia":[{"embeddable":true,"href":"https:\/\/dev.explora.cl\/tarapaca\/wp-json\/wp\/v2\/media\/39401"}],"wp:attachment":[{"href":"https:\/\/dev.explora.cl\/tarapaca\/wp-json\/wp\/v2\/media?parent=39400"}],"wp:term":[{"taxonomy":"category","embeddable":true,"href":"https:\/\/dev.explora.cl\/tarapaca\/wp-json\/wp\/v2\/categories?post=39400"},{"taxonomy":"post_tag","embeddable":true,"href":"https:\/\/dev.explora.cl\/tarapaca\/wp-json\/wp\/v2\/tags?post=39400"}],"curies":[{"name":"wp","href":"https:\/\/api.w.org\/{rel}","templated":true}]}}