{"id":39364,"date":"2021-08-16T17:30:53","date_gmt":"2021-08-16T21:30:53","guid":{"rendered":"https:\/\/dev.explora.cl\/tarapaca\/?p=39364"},"modified":"2021-08-20T14:19:50","modified_gmt":"2021-08-20T18:19:50","slug":"ninos-ninas-y-adolescentes-seleccionados-para-actividad-regional-1-conectate-foros-de-opinion-y-debates","status":"publish","type":"post","link":"https:\/\/dev.explora.cl\/tarapaca\/ninos-ninas-y-adolescentes-seleccionados-para-actividad-regional-1-conectate-foros-de-opinion-y-debates\/","title":{"rendered":"Ni\u00f1os, ni\u00f1as y adolescentes seleccionados para Actividad Regional 1, &#8220;CON\u00c9CTATE, foros de opini\u00f3n y debates&#8221;"},"content":{"rendered":"<p><em>Damos a conocer la n\u00f3mina de estudiantes seleccionados para la Actividad Regional 1, denominada &#8220;CON\u00c9CTATE, foros de opini\u00f3n y debates escolares en Ciencia y Tecnolog\u00eda&#8221;.<\/em><\/p>\n<p><img loading=\"lazy\" decoding=\"async\" class=\"aligncenter wp-image-39369\" src=\"https:\/\/dev.explora.cl\/tarapaca\/wp-content\/uploads\/sites\/3\/2021\/08\/NO\u0301MIMA_1_Mesa-de-trabajo-1-300x300.jpg\" alt=\"\" width=\"800\" height=\"800\" srcset=\"https:\/\/dev.explora.cl\/tarapaca\/wp-content\/uploads\/sites\/3\/2021\/08\/NO\u0301MIMA_1_Mesa-de-trabajo-1-300x300.jpg 300w, https:\/\/dev.explora.cl\/tarapaca\/wp-content\/uploads\/sites\/3\/2021\/08\/NO\u0301MIMA_1_Mesa-de-trabajo-1-150x150.jpg 150w, https:\/\/dev.explora.cl\/tarapaca\/wp-content\/uploads\/sites\/3\/2021\/08\/NO\u0301MIMA_1_Mesa-de-trabajo-1-768x768.jpg 768w, https:\/\/dev.explora.cl\/tarapaca\/wp-content\/uploads\/sites\/3\/2021\/08\/NO\u0301MIMA_1_Mesa-de-trabajo-1-1024x1024.jpg 1024w, https:\/\/dev.explora.cl\/tarapaca\/wp-content\/uploads\/sites\/3\/2021\/08\/NO\u0301MIMA_1_Mesa-de-trabajo-1-60x60.jpg 60w\" sizes=\"auto, (max-width: 800px) 100vw, 800px\" \/><\/p>\n<p><img loading=\"lazy\" decoding=\"async\" class=\"aligncenter wp-image-39370\" src=\"https:\/\/dev.explora.cl\/tarapaca\/wp-content\/uploads\/sites\/3\/2021\/08\/NO\u0301MIMA_2-02-300x300.jpg\" alt=\"\" width=\"800\" height=\"800\" srcset=\"https:\/\/dev.explora.cl\/tarapaca\/wp-content\/uploads\/sites\/3\/2021\/08\/NO\u0301MIMA_2-02-300x300.jpg 300w, https:\/\/dev.explora.cl\/tarapaca\/wp-content\/uploads\/sites\/3\/2021\/08\/NO\u0301MIMA_2-02-150x150.jpg 150w, https:\/\/dev.explora.cl\/tarapaca\/wp-content\/uploads\/sites\/3\/2021\/08\/NO\u0301MIMA_2-02-768x768.jpg 768w, https:\/\/dev.explora.cl\/tarapaca\/wp-content\/uploads\/sites\/3\/2021\/08\/NO\u0301MIMA_2-02-1024x1024.jpg 1024w, https:\/\/dev.explora.cl\/tarapaca\/wp-content\/uploads\/sites\/3\/2021\/08\/NO\u0301MIMA_2-02-60x60.jpg 60w\" sizes=\"auto, (max-width: 800px) 100vw, 800px\" \/><\/p>\n","protected":false},"excerpt":{"rendered":"<p>Ni\u00f1os, ni\u00f1as y adolescentes seleccionados para Actividad Regional 1, &#8220;CON\u00c9CTATE, foros de opini\u00f3n y debates&#8221;<\/p>\n","protected":false},"author":18,"featured_media":39365,"comment_status":"open","ping_status":"open","sticky":false,"template":"","format":"standard","meta":{"_acf_changed":false,"_exactmetrics_skip_tracking":false,"_exactmetrics_sitenote_active":false,"_exactmetrics_sitenote_note":"","_exactmetrics_sitenote_category":0,"footnotes":"","_links_to":"","_links_to_target":""},"categories":[151,137],"tags":[],"class_list":["post-39364","post","type-post","status-publish","format-standard","has-post-thumbnail","hentry","category-banner","category-lugar-2"],"acf":[],"yoast_head":"<!-- This site is optimized with the Yoast SEO plugin v26.7 - https:\/\/yoast.com\/wordpress\/plugins\/seo\/ -->\n<title>Ni\u00f1os, ni\u00f1as y adolescentes seleccionados para Actividad Regional 1, &quot;CON\u00c9CTATE, foros de opini\u00f3n y debates&quot; - Tarapaca<\/title>\n<meta name=\"robots\" content=\"index, follow, max-snippet:-1, max-image-preview:large, max-video-preview:-1\" \/>\n<link rel=\"canonical\" href=\"https:\/\/dev.explora.cl\/tarapaca\/ninos-ninas-y-adolescentes-seleccionados-para-actividad-regional-1-conectate-foros-de-opinion-y-debates\/\" class=\"yoast-seo-meta-tag\" \/>\n<meta property=\"og:locale\" content=\"es_ES\" class=\"yoast-seo-meta-tag\" \/>\n<meta property=\"og:type\" content=\"article\" class=\"yoast-seo-meta-tag\" \/>\n<meta property=\"og:title\" content=\"Ni\u00f1os, ni\u00f1as y adolescentes seleccionados para Actividad Regional 1, &quot;CON\u00c9CTATE, foros de opini\u00f3n y debates&quot; - Tarapaca\" class=\"yoast-seo-meta-tag\" \/>\n<meta property=\"og:description\" content=\"Ni\u00f1os, ni\u00f1as y adolescentes seleccionados para Actividad Regional 1, &quot;CON\u00c9CTATE, foros de opini\u00f3n y debates&quot;\" class=\"yoast-seo-meta-tag\" \/>\n<meta property=\"og:url\" content=\"https:\/\/dev.explora.cl\/tarapaca\/ninos-ninas-y-adolescentes-seleccionados-para-actividad-regional-1-conectate-foros-de-opinion-y-debates\/\" class=\"yoast-seo-meta-tag\" \/>\n<meta property=\"og:site_name\" content=\"Tarapaca\" class=\"yoast-seo-meta-tag\" \/>\n<meta property=\"article:published_time\" content=\"2021-08-16T21:30:53+00:00\" class=\"yoast-seo-meta-tag\" \/>\n<meta property=\"article:modified_time\" content=\"2021-08-20T18:19:50+00:00\" class=\"yoast-seo-meta-tag\" \/>\n<meta property=\"og:image\" content=\"https:\/\/dev.explora.cl\/tarapaca\/wp-content\/uploads\/sites\/3\/2021\/08\/Conectate_Fondo.jpeg\" class=\"yoast-seo-meta-tag\" \/>\n\t<meta property=\"og:image:width\" content=\"1274\" class=\"yoast-seo-meta-tag\" \/>\n\t<meta property=\"og:image:height\" content=\"849\" class=\"yoast-seo-meta-tag\" \/>\n\t<meta property=\"og:image:type\" content=\"image\/jpeg\" class=\"yoast-seo-meta-tag\" \/>\n<meta name=\"author\" content=\"admintarapaca\" class=\"yoast-seo-meta-tag\" \/>\n<meta name=\"twitter:card\" content=\"summary_large_image\" class=\"yoast-seo-meta-tag\" \/>\n<meta name=\"twitter:label1\" content=\"Escrito por\" class=\"yoast-seo-meta-tag\" \/>\n\t<meta name=\"twitter:data1\" content=\"admintarapaca\" class=\"yoast-seo-meta-tag\" \/>\n<script type=\"application\/ld+json\" class=\"yoast-schema-graph\">{\"@context\":\"https:\/\/schema.org\",\"@graph\":[{\"@type\":\"Article\",\"@id\":\"https:\/\/dev.explora.cl\/tarapaca\/ninos-ninas-y-adolescentes-seleccionados-para-actividad-regional-1-conectate-foros-de-opinion-y-debates\/#article\",\"isPartOf\":{\"@id\":\"https:\/\/dev.explora.cl\/tarapaca\/ninos-ninas-y-adolescentes-seleccionados-para-actividad-regional-1-conectate-foros-de-opinion-y-debates\/\"},\"author\":{\"name\":\"admintarapaca\",\"@id\":\"https:\/\/dev.explora.cl\/tarapaca\/#\/schema\/person\/ca04f8a8f8e25243bd462d34eb1ca505\"},\"headline\":\"Ni\u00f1os, ni\u00f1as y adolescentes seleccionados para Actividad Regional 1, &#8220;CON\u00c9CTATE, foros de opini\u00f3n y debates&#8221;\",\"datePublished\":\"2021-08-16T21:30:53+00:00\",\"dateModified\":\"2021-08-20T18:19:50+00:00\",\"mainEntityOfPage\":{\"@id\":\"https:\/\/dev.explora.cl\/tarapaca\/ninos-ninas-y-adolescentes-seleccionados-para-actividad-regional-1-conectate-foros-de-opinion-y-debates\/\"},\"wordCount\":46,\"commentCount\":0,\"image\":{\"@id\":\"https:\/\/dev.explora.cl\/tarapaca\/ninos-ninas-y-adolescentes-seleccionados-para-actividad-regional-1-conectate-foros-de-opinion-y-debates\/#primaryimage\"},\"thumbnailUrl\":\"https:\/\/dev.explora.cl\/tarapaca\/wp-content\/uploads\/sites\/3\/2021\/08\/Conectate_Fondo.jpeg\",\"articleSection\":[\"Banner\",\"Lugar 2\"],\"inLanguage\":\"es-CL\",\"potentialAction\":[{\"@type\":\"CommentAction\",\"name\":\"Comment\",\"target\":[\"https:\/\/dev.explora.cl\/tarapaca\/ninos-ninas-y-adolescentes-seleccionados-para-actividad-regional-1-conectate-foros-de-opinion-y-debates\/#respond\"]}]},{\"@type\":\"WebPage\",\"@id\":\"https:\/\/dev.explora.cl\/tarapaca\/ninos-ninas-y-adolescentes-seleccionados-para-actividad-regional-1-conectate-foros-de-opinion-y-debates\/\",\"url\":\"https:\/\/dev.explora.cl\/tarapaca\/ninos-ninas-y-adolescentes-seleccionados-para-actividad-regional-1-conectate-foros-de-opinion-y-debates\/\",\"name\":\"Ni\u00f1os, ni\u00f1as y adolescentes seleccionados para Actividad Regional 1, \\\"CON\u00c9CTATE, foros de opini\u00f3n y debates\\\" - Tarapaca\",\"isPartOf\":{\"@id\":\"https:\/\/dev.explora.cl\/tarapaca\/#website\"},\"primaryImageOfPage\":{\"@id\":\"https:\/\/dev.explora.cl\/tarapaca\/ninos-ninas-y-adolescentes-seleccionados-para-actividad-regional-1-conectate-foros-de-opinion-y-debates\/#primaryimage\"},\"image\":{\"@id\":\"https:\/\/dev.explora.cl\/tarapaca\/ninos-ninas-y-adolescentes-seleccionados-para-actividad-regional-1-conectate-foros-de-opinion-y-debates\/#primaryimage\"},\"thumbnailUrl\":\"https:\/\/dev.explora.cl\/tarapaca\/wp-content\/uploads\/sites\/3\/2021\/08\/Conectate_Fondo.jpeg\",\"datePublished\":\"2021-08-16T21:30:53+00:00\",\"dateModified\":\"2021-08-20T18:19:50+00:00\",\"author\":{\"@id\":\"https:\/\/dev.explora.cl\/tarapaca\/#\/schema\/person\/ca04f8a8f8e25243bd462d34eb1ca505\"},\"breadcrumb\":{\"@id\":\"https:\/\/dev.explora.cl\/tarapaca\/ninos-ninas-y-adolescentes-seleccionados-para-actividad-regional-1-conectate-foros-de-opinion-y-debates\/#breadcrumb\"},\"inLanguage\":\"es-CL\",\"potentialAction\":[{\"@type\":\"ReadAction\",\"target\":[\"https:\/\/dev.explora.cl\/tarapaca\/ninos-ninas-y-adolescentes-seleccionados-para-actividad-regional-1-conectate-foros-de-opinion-y-debates\/\"]}]},{\"@type\":\"ImageObject\",\"inLanguage\":\"es-CL\",\"@id\":\"https:\/\/dev.explora.cl\/tarapaca\/ninos-ninas-y-adolescentes-seleccionados-para-actividad-regional-1-conectate-foros-de-opinion-y-debates\/#primaryimage\",\"url\":\"https:\/\/dev.explora.cl\/tarapaca\/wp-content\/uploads\/sites\/3\/2021\/08\/Conectate_Fondo.jpeg\",\"contentUrl\":\"https:\/\/dev.explora.cl\/tarapaca\/wp-content\/uploads\/sites\/3\/2021\/08\/Conectate_Fondo.jpeg\",\"width\":1274,\"height\":849},{\"@type\":\"BreadcrumbList\",\"@id\":\"https:\/\/dev.explora.cl\/tarapaca\/ninos-ninas-y-adolescentes-seleccionados-para-actividad-regional-1-conectate-foros-de-opinion-y-debates\/#breadcrumb\",\"itemListElement\":[{\"@type\":\"ListItem\",\"position\":1,\"name\":\"Portada\",\"item\":\"https:\/\/dev.explora.cl\/tarapaca\/\"},{\"@type\":\"ListItem\",\"position\":2,\"name\":\"Ni\u00f1os, ni\u00f1as y adolescentes seleccionados para Actividad Regional 1, &#8220;CON\u00c9CTATE, foros de opini\u00f3n y debates&#8221;\"}]},{\"@type\":\"WebSite\",\"@id\":\"https:\/\/dev.explora.cl\/tarapaca\/#website\",\"url\":\"https:\/\/dev.explora.cl\/tarapaca\/\",\"name\":\"Tarapaca\",\"description\":\"Otro sitio m\u00e1s de dev.explora.cl\",\"potentialAction\":[{\"@type\":\"SearchAction\",\"target\":{\"@type\":\"EntryPoint\",\"urlTemplate\":\"https:\/\/dev.explora.cl\/tarapaca\/?s={search_term_string}\"},\"query-input\":{\"@type\":\"PropertyValueSpecification\",\"valueRequired\":true,\"valueName\":\"search_term_string\"}}],\"inLanguage\":\"es-CL\"},{\"@type\":\"Person\",\"@id\":\"https:\/\/dev.explora.cl\/tarapaca\/#\/schema\/person\/ca04f8a8f8e25243bd462d34eb1ca505\",\"name\":\"admintarapaca\",\"image\":{\"@type\":\"ImageObject\",\"inLanguage\":\"es-CL\",\"@id\":\"https:\/\/dev.explora.cl\/tarapaca\/#\/schema\/person\/image\/\",\"url\":\"https:\/\/secure.gravatar.com\/avatar\/8ff4762fabbf7a1732a126425c82d628f08ba754529d77a55358cbb74e14343f?s=96&d=mm&r=g\",\"contentUrl\":\"https:\/\/secure.gravatar.com\/avatar\/8ff4762fabbf7a1732a126425c82d628f08ba754529d77a55358cbb74e14343f?s=96&d=mm&r=g\",\"caption\":\"admintarapaca\"},\"url\":\"https:\/\/dev.explora.cl\/tarapaca\/author\/dolivares\/\"}]}<\/script>\n<!-- \/ Yoast SEO plugin. -->","yoast_head_json":{"title":"Ni\u00f1os, ni\u00f1as y adolescentes seleccionados para Actividad Regional 1, \"CON\u00c9CTATE, foros de opini\u00f3n y debates\" - Tarapaca","robots":{"index":"index","follow":"follow","max-snippet":"max-snippet:-1","max-image-preview":"max-image-preview:large","max-video-preview":"max-video-preview:-1"},"canonical":"https:\/\/dev.explora.cl\/tarapaca\/ninos-ninas-y-adolescentes-seleccionados-para-actividad-regional-1-conectate-foros-de-opinion-y-debates\/","og_locale":"es_ES","og_type":"article","og_title":"Ni\u00f1os, ni\u00f1as y adolescentes seleccionados para Actividad Regional 1, \"CON\u00c9CTATE, foros de opini\u00f3n y debates\" - Tarapaca","og_description":"Ni\u00f1os, ni\u00f1as y adolescentes seleccionados para Actividad Regional 1, \"CON\u00c9CTATE, foros de opini\u00f3n y debates\"","og_url":"https:\/\/dev.explora.cl\/tarapaca\/ninos-ninas-y-adolescentes-seleccionados-para-actividad-regional-1-conectate-foros-de-opinion-y-debates\/","og_site_name":"Tarapaca","article_published_time":"2021-08-16T21:30:53+00:00","article_modified_time":"2021-08-20T18:19:50+00:00","og_image":[{"width":1274,"height":849,"url":"https:\/\/dev.explora.cl\/tarapaca\/wp-content\/uploads\/sites\/3\/2021\/08\/Conectate_Fondo.jpeg","type":"image\/jpeg"}],"author":"admintarapaca","twitter_card":"summary_large_image","twitter_misc":{"Escrito por":"admintarapaca"},"schema":{"@context":"https:\/\/schema.org","@graph":[{"@type":"Article","@id":"https:\/\/dev.explora.cl\/tarapaca\/ninos-ninas-y-adolescentes-seleccionados-para-actividad-regional-1-conectate-foros-de-opinion-y-debates\/#article","isPartOf":{"@id":"https:\/\/dev.explora.cl\/tarapaca\/ninos-ninas-y-adolescentes-seleccionados-para-actividad-regional-1-conectate-foros-de-opinion-y-debates\/"},"author":{"name":"admintarapaca","@id":"https:\/\/dev.explora.cl\/tarapaca\/#\/schema\/person\/ca04f8a8f8e25243bd462d34eb1ca505"},"headline":"Ni\u00f1os, ni\u00f1as y adolescentes seleccionados para Actividad Regional 1, &#8220;CON\u00c9CTATE, foros de opini\u00f3n y debates&#8221;","datePublished":"2021-08-16T21:30:53+00:00","dateModified":"2021-08-20T18:19:50+00:00","mainEntityOfPage":{"@id":"https:\/\/dev.explora.cl\/tarapaca\/ninos-ninas-y-adolescentes-seleccionados-para-actividad-regional-1-conectate-foros-de-opinion-y-debates\/"},"wordCount":46,"commentCount":0,"image":{"@id":"https:\/\/dev.explora.cl\/tarapaca\/ninos-ninas-y-adolescentes-seleccionados-para-actividad-regional-1-conectate-foros-de-opinion-y-debates\/#primaryimage"},"thumbnailUrl":"https:\/\/dev.explora.cl\/tarapaca\/wp-content\/uploads\/sites\/3\/2021\/08\/Conectate_Fondo.jpeg","articleSection":["Banner","Lugar 2"],"inLanguage":"es-CL","potentialAction":[{"@type":"CommentAction","name":"Comment","target":["https:\/\/dev.explora.cl\/tarapaca\/ninos-ninas-y-adolescentes-seleccionados-para-actividad-regional-1-conectate-foros-de-opinion-y-debates\/#respond"]}]},{"@type":"WebPage","@id":"https:\/\/dev.explora.cl\/tarapaca\/ninos-ninas-y-adolescentes-seleccionados-para-actividad-regional-1-conectate-foros-de-opinion-y-debates\/","url":"https:\/\/dev.explora.cl\/tarapaca\/ninos-ninas-y-adolescentes-seleccionados-para-actividad-regional-1-conectate-foros-de-opinion-y-debates\/","name":"Ni\u00f1os, ni\u00f1as y adolescentes seleccionados para Actividad Regional 1, \"CON\u00c9CTATE, foros de opini\u00f3n y debates\" - Tarapaca","isPartOf":{"@id":"https:\/\/dev.explora.cl\/tarapaca\/#website"},"primaryImageOfPage":{"@id":"https:\/\/dev.explora.cl\/tarapaca\/ninos-ninas-y-adolescentes-seleccionados-para-actividad-regional-1-conectate-foros-de-opinion-y-debates\/#primaryimage"},"image":{"@id":"https:\/\/dev.explora.cl\/tarapaca\/ninos-ninas-y-adolescentes-seleccionados-para-actividad-regional-1-conectate-foros-de-opinion-y-debates\/#primaryimage"},"thumbnailUrl":"https:\/\/dev.explora.cl\/tarapaca\/wp-content\/uploads\/sites\/3\/2021\/08\/Conectate_Fondo.jpeg","datePublished":"2021-08-16T21:30:53+00:00","dateModified":"2021-08-20T18:19:50+00:00","author":{"@id":"https:\/\/dev.explora.cl\/tarapaca\/#\/schema\/person\/ca04f8a8f8e25243bd462d34eb1ca505"},"breadcrumb":{"@id":"https:\/\/dev.explora.cl\/tarapaca\/ninos-ninas-y-adolescentes-seleccionados-para-actividad-regional-1-conectate-foros-de-opinion-y-debates\/#breadcrumb"},"inLanguage":"es-CL","potentialAction":[{"@type":"ReadAction","target":["https:\/\/dev.explora.cl\/tarapaca\/ninos-ninas-y-adolescentes-seleccionados-para-actividad-regional-1-conectate-foros-de-opinion-y-debates\/"]}]},{"@type":"ImageObject","inLanguage":"es-CL","@id":"https:\/\/dev.explora.cl\/tarapaca\/ninos-ninas-y-adolescentes-seleccionados-para-actividad-regional-1-conectate-foros-de-opinion-y-debates\/#primaryimage","url":"https:\/\/dev.explora.cl\/tarapaca\/wp-content\/uploads\/sites\/3\/2021\/08\/Conectate_Fondo.jpeg","contentUrl":"https:\/\/dev.explora.cl\/tarapaca\/wp-content\/uploads\/sites\/3\/2021\/08\/Conectate_Fondo.jpeg","width":1274,"height":849},{"@type":"BreadcrumbList","@id":"https:\/\/dev.explora.cl\/tarapaca\/ninos-ninas-y-adolescentes-seleccionados-para-actividad-regional-1-conectate-foros-de-opinion-y-debates\/#breadcrumb","itemListElement":[{"@type":"ListItem","position":1,"name":"Portada","item":"https:\/\/dev.explora.cl\/tarapaca\/"},{"@type":"ListItem","position":2,"name":"Ni\u00f1os, ni\u00f1as y adolescentes seleccionados para Actividad Regional 1, &#8220;CON\u00c9CTATE, foros de opini\u00f3n y debates&#8221;"}]},{"@type":"WebSite","@id":"https:\/\/dev.explora.cl\/tarapaca\/#website","url":"https:\/\/dev.explora.cl\/tarapaca\/","name":"Tarapaca","description":"Otro sitio m\u00e1s de dev.explora.cl","potentialAction":[{"@type":"SearchAction","target":{"@type":"EntryPoint","urlTemplate":"https:\/\/dev.explora.cl\/tarapaca\/?s={search_term_string}"},"query-input":{"@type":"PropertyValueSpecification","valueRequired":true,"valueName":"search_term_string"}}],"inLanguage":"es-CL"},{"@type":"Person","@id":"https:\/\/dev.explora.cl\/tarapaca\/#\/schema\/person\/ca04f8a8f8e25243bd462d34eb1ca505","name":"admintarapaca","image":{"@type":"ImageObject","inLanguage":"es-CL","@id":"https:\/\/dev.explora.cl\/tarapaca\/#\/schema\/person\/image\/","url":"https:\/\/secure.gravatar.com\/avatar\/8ff4762fabbf7a1732a126425c82d628f08ba754529d77a55358cbb74e14343f?s=96&d=mm&r=g","contentUrl":"https:\/\/secure.gravatar.com\/avatar\/8ff4762fabbf7a1732a126425c82d628f08ba754529d77a55358cbb74e14343f?s=96&d=mm&r=g","caption":"admintarapaca"},"url":"https:\/\/dev.explora.cl\/tarapaca\/author\/dolivares\/"}]}},"_links":{"self":[{"href":"https:\/\/dev.explora.cl\/tarapaca\/wp-json\/wp\/v2\/posts\/39364","targetHints":{"allow":["GET"]}}],"collection":[{"href":"https:\/\/dev.explora.cl\/tarapaca\/wp-json\/wp\/v2\/posts"}],"about":[{"href":"https:\/\/dev.explora.cl\/tarapaca\/wp-json\/wp\/v2\/types\/post"}],"author":[{"embeddable":true,"href":"https:\/\/dev.explora.cl\/tarapaca\/wp-json\/wp\/v2\/users\/18"}],"replies":[{"embeddable":true,"href":"https:\/\/dev.explora.cl\/tarapaca\/wp-json\/wp\/v2\/comments?post=39364"}],"version-history":[{"count":9,"href":"https:\/\/dev.explora.cl\/tarapaca\/wp-json\/wp\/v2\/posts\/39364\/revisions"}],"predecessor-version":[{"id":39367,"href":"https:\/\/dev.explora.cl\/tarapaca\/wp-json\/wp\/v2\/posts\/39364\/revisions\/39367"}],"wp:featuredmedia":[{"embeddable":true,"href":"https:\/\/dev.explora.cl\/tarapaca\/wp-json\/wp\/v2\/media\/39365"}],"wp:attachment":[{"href":"https:\/\/dev.explora.cl\/tarapaca\/wp-json\/wp\/v2\/media?parent=39364"}],"wp:term":[{"taxonomy":"category","embeddable":true,"href":"https:\/\/dev.explora.cl\/tarapaca\/wp-json\/wp\/v2\/categories?post=39364"},{"taxonomy":"post_tag","embeddable":true,"href":"https:\/\/dev.explora.cl\/tarapaca\/wp-json\/wp\/v2\/tags?post=39364"}],"curies":[{"name":"wp","href":"https:\/\/api.w.org\/{rel}","templated":true}]}}