{"id":39314,"date":"2021-07-08T18:21:32","date_gmt":"2021-07-08T22:21:32","guid":{"rendered":"https:\/\/dev.explora.cl\/tarapaca\/?p=39314"},"modified":"2021-09-10T11:37:38","modified_gmt":"2021-09-10T14:37:38","slug":"estudiantes-y-profesores-de-la-region-motivados-por-desarrollar-investigacion-e-innovacion-escolar","status":"publish","type":"post","link":"https:\/\/dev.explora.cl\/tarapaca\/estudiantes-y-profesores-de-la-region-motivados-por-desarrollar-investigacion-e-innovacion-escolar\/","title":{"rendered":"Estudiantes y profesores de la regi\u00f3n motivados por desarrollar Investigaci\u00f3n e Innovaci\u00f3n Escolar"},"content":{"rendered":"<ul>\n<li><strong><em>Explora Tarapac\u00e1 realiz\u00f3 jornada inaugural para invitar a estudiantes a desarrollar proyectos escolares en ciencias.<\/em><\/strong><\/li>\n<\/ul>\n<p>La Universidad de Tarapac\u00e1 Sede Iquique, a trav\u00e9s de su proyecto Explora Tarapac\u00e1, realiz\u00f3 la jornada inaugural de las academias de investigaci\u00f3n e innovaci\u00f3n escolar, en donde participaron docentes, cient\u00edficos y estudiantes de primero b\u00e1sico a cuarto medio de toda la regi\u00f3n.<\/p>\n<p>Fueron m\u00e1s de 80 personas reunidas a trav\u00e9s de una sesi\u00f3n virtual que tuvo por objetivo fundamental \u201cfomentar la apropiaci\u00f3n social de la investigaci\u00f3n e innovaci\u00f3n escolar como pr\u00e1ctica cultural en la comunidad educativa\u201d donde los asistentes pudieron\u00a0 conocer m\u00e1s detalles de las academias y resolver dudas respecto de las cuatro \u00e1reas espec\u00edficas para desarrollar proyectos de investigaci\u00f3n e innovaci\u00f3n: 1) Ciencias naturales y exactas, 2) Ciencias sociales, 3) Artes y\/o humanidades y 4) Innovaci\u00f3n.<\/p>\n<p>En el encuentro tambi\u00e9n participaron diversas autoridades que saludaron y motivaron a los ni\u00f1os, ni\u00f1as y j\u00f3venes asistentes. En esta oportunidad particip\u00f3 la Directora del Programa Explora, Marcela Colombres; la Seremi de Ciencias de la macrozona norte, Daniela Barr\u00eda; la Directora General de Sede Iquique de la Universidad de Tarapac\u00e1, Yasna Godoy y la Directora del Proyecto Explora Tarapac\u00e1, Valeska Zepeda.<\/p>\n<p>Adem\u00e1s, el encuentro permiti\u00f3 plantear la posibilidad de comenzar a desarrollar una \u201ccomunidad de aprendizaje en torno a la Investigaci\u00f3n e Innovaci\u00f3n Escolar\u201d, as\u00ed como tambi\u00e9n invitar a los y las asistentes al taller de introducci\u00f3n de IIE, que se realizar\u00e1 pr\u00f3ximamente.<\/p>\n<p>Para la Directora de Explora, Marcela Colombres, \u201cEste importante hito por sobretodo es para aprender. Yo le llamo un aprendizaje en 360 grados, donde todos aprendemos por igual, desde como contextualizan en sus territorios, desde sus propias aulas y la diversidad que existe\u201d.<\/p>\n<p>Mientras que la Seremi de Ciencia de la macrozona norte, Daniela Barr\u00eda, precis\u00f3 \u201cEn este pa\u00eds necesitamos m\u00e1s ni\u00f1os, ni\u00f1as y j\u00f3venes que se interesen por la ciencia. Esta misi\u00f3n que tienen los profesores, investigadores y estudiantes, de llevar una investigaci\u00f3n, no es menor y no me cabe duda que tendr\u00e1 un significativo impacto en el desarrollo futuro de los y las estudiantes\u2019\u2019.<\/p>\n<p>Por su parte, la Directora General de la Sede Iquique de la Universidad de Tarapac\u00e1, Yasna Godoy coment\u00f3 que \u201cPara nosotros el programa PAR Explora significa mucho, significa llevar desde nuestras aulas a nuestro territorio una serie de actividades y por eso nosotros estamos muy motivados\u201d.<\/p>\n<p>Durante el 2020 se realizaron 11 proyectos de investigaci\u00f3n de forma remota y durante este 2021 se espera seguir trabajando con la misma modalidad sumando otros proyectos de investigaci\u00f3n este 2021, tomando por cierto todos los resguardos necesarios en el actual contexto de pandemia producto del Covid-19.<\/p>\n","protected":false},"excerpt":{"rendered":"<p>La Universidad de Tarapac\u00e1 Sede Iquique, a trav\u00e9s de su proyecto Explora Tarapac\u00e1, realiz\u00f3 la jornada inaugural de las academias de investigaci\u00f3n e innovaci\u00f3n escolar, en donde participaron docentes, cient\u00edficos y estudiantes de primero b\u00e1sico a cuarto medio de toda la regi\u00f3n.<\/p>\n","protected":false},"author":18,"featured_media":39317,"comment_status":"open","ping_status":"open","sticky":false,"template":"","format":"standard","meta":{"_acf_changed":false,"_exactmetrics_skip_tracking":false,"_exactmetrics_sitenote_active":false,"_exactmetrics_sitenote_note":"","_exactmetrics_sitenote_category":0,"footnotes":"","_links_to":"","_links_to_target":""},"categories":[140,4],"tags":[],"class_list":["post-39314","post","type-post","status-publish","format-standard","has-post-thumbnail","hentry","category-lugar-5","category-noticias"],"acf":[],"yoast_head":"<!-- This site is optimized with the Yoast SEO plugin v26.7 - https:\/\/yoast.com\/wordpress\/plugins\/seo\/ -->\n<title>Estudiantes y profesores de la regi\u00f3n motivados por desarrollar Investigaci\u00f3n e Innovaci\u00f3n Escolar - Tarapaca<\/title>\n<meta name=\"robots\" content=\"index, follow, max-snippet:-1, max-image-preview:large, max-video-preview:-1\" \/>\n<link rel=\"canonical\" href=\"https:\/\/dev.explora.cl\/tarapaca\/estudiantes-y-profesores-de-la-region-motivados-por-desarrollar-investigacion-e-innovacion-escolar\/\" class=\"yoast-seo-meta-tag\" \/>\n<meta property=\"og:locale\" content=\"es_ES\" class=\"yoast-seo-meta-tag\" \/>\n<meta property=\"og:type\" content=\"article\" class=\"yoast-seo-meta-tag\" \/>\n<meta property=\"og:title\" content=\"Estudiantes y profesores de la regi\u00f3n motivados por desarrollar Investigaci\u00f3n e Innovaci\u00f3n Escolar - Tarapaca\" class=\"yoast-seo-meta-tag\" \/>\n<meta property=\"og:description\" content=\"La Universidad de Tarapac\u00e1 Sede Iquique, a trav\u00e9s de su proyecto Explora Tarapac\u00e1, realiz\u00f3 la jornada inaugural de las academias de investigaci\u00f3n e innovaci\u00f3n escolar, en donde participaron docentes, cient\u00edficos y estudiantes de primero b\u00e1sico a cuarto medio de toda la regi\u00f3n.\" class=\"yoast-seo-meta-tag\" \/>\n<meta property=\"og:url\" content=\"https:\/\/dev.explora.cl\/tarapaca\/estudiantes-y-profesores-de-la-region-motivados-por-desarrollar-investigacion-e-innovacion-escolar\/\" class=\"yoast-seo-meta-tag\" \/>\n<meta property=\"og:site_name\" content=\"Tarapaca\" class=\"yoast-seo-meta-tag\" \/>\n<meta property=\"article:published_time\" content=\"2021-07-08T22:21:32+00:00\" class=\"yoast-seo-meta-tag\" \/>\n<meta property=\"article:modified_time\" content=\"2021-09-10T14:37:38+00:00\" class=\"yoast-seo-meta-tag\" \/>\n<meta property=\"og:image\" content=\"https:\/\/dev.explora.cl\/tarapaca\/wp-content\/uploads\/sites\/3\/2021\/07\/03.png\" class=\"yoast-seo-meta-tag\" \/>\n\t<meta property=\"og:image:width\" content=\"1079\" class=\"yoast-seo-meta-tag\" \/>\n\t<meta property=\"og:image:height\" content=\"625\" class=\"yoast-seo-meta-tag\" \/>\n\t<meta property=\"og:image:type\" content=\"image\/png\" class=\"yoast-seo-meta-tag\" \/>\n<meta name=\"author\" content=\"admintarapaca\" class=\"yoast-seo-meta-tag\" \/>\n<meta name=\"twitter:card\" content=\"summary_large_image\" class=\"yoast-seo-meta-tag\" \/>\n<meta name=\"twitter:label1\" content=\"Escrito por\" class=\"yoast-seo-meta-tag\" \/>\n\t<meta name=\"twitter:data1\" content=\"admintarapaca\" class=\"yoast-seo-meta-tag\" \/>\n\t<meta name=\"twitter:label2\" content=\"Tiempo estimado de lectura\" class=\"yoast-seo-meta-tag\" \/>\n\t<meta name=\"twitter:data2\" content=\"2 minutos\" class=\"yoast-seo-meta-tag\" \/>\n<script type=\"application\/ld+json\" class=\"yoast-schema-graph\">{\"@context\":\"https:\/\/schema.org\",\"@graph\":[{\"@type\":\"Article\",\"@id\":\"https:\/\/dev.explora.cl\/tarapaca\/estudiantes-y-profesores-de-la-region-motivados-por-desarrollar-investigacion-e-innovacion-escolar\/#article\",\"isPartOf\":{\"@id\":\"https:\/\/dev.explora.cl\/tarapaca\/estudiantes-y-profesores-de-la-region-motivados-por-desarrollar-investigacion-e-innovacion-escolar\/\"},\"author\":{\"name\":\"admintarapaca\",\"@id\":\"https:\/\/dev.explora.cl\/tarapaca\/#\/schema\/person\/ca04f8a8f8e25243bd462d34eb1ca505\"},\"headline\":\"Estudiantes y profesores de la regi\u00f3n motivados por desarrollar Investigaci\u00f3n e Innovaci\u00f3n Escolar\",\"datePublished\":\"2021-07-08T22:21:32+00:00\",\"dateModified\":\"2021-09-10T14:37:38+00:00\",\"mainEntityOfPage\":{\"@id\":\"https:\/\/dev.explora.cl\/tarapaca\/estudiantes-y-profesores-de-la-region-motivados-por-desarrollar-investigacion-e-innovacion-escolar\/\"},\"wordCount\":480,\"commentCount\":0,\"image\":{\"@id\":\"https:\/\/dev.explora.cl\/tarapaca\/estudiantes-y-profesores-de-la-region-motivados-por-desarrollar-investigacion-e-innovacion-escolar\/#primaryimage\"},\"thumbnailUrl\":\"https:\/\/dev.explora.cl\/tarapaca\/wp-content\/uploads\/sites\/3\/2021\/07\/03.png\",\"articleSection\":[\"Lugar 5\",\"Noticias\"],\"inLanguage\":\"es-CL\",\"potentialAction\":[{\"@type\":\"CommentAction\",\"name\":\"Comment\",\"target\":[\"https:\/\/dev.explora.cl\/tarapaca\/estudiantes-y-profesores-de-la-region-motivados-por-desarrollar-investigacion-e-innovacion-escolar\/#respond\"]}]},{\"@type\":\"WebPage\",\"@id\":\"https:\/\/dev.explora.cl\/tarapaca\/estudiantes-y-profesores-de-la-region-motivados-por-desarrollar-investigacion-e-innovacion-escolar\/\",\"url\":\"https:\/\/dev.explora.cl\/tarapaca\/estudiantes-y-profesores-de-la-region-motivados-por-desarrollar-investigacion-e-innovacion-escolar\/\",\"name\":\"Estudiantes y profesores de la regi\u00f3n motivados por desarrollar Investigaci\u00f3n e Innovaci\u00f3n Escolar - Tarapaca\",\"isPartOf\":{\"@id\":\"https:\/\/dev.explora.cl\/tarapaca\/#website\"},\"primaryImageOfPage\":{\"@id\":\"https:\/\/dev.explora.cl\/tarapaca\/estudiantes-y-profesores-de-la-region-motivados-por-desarrollar-investigacion-e-innovacion-escolar\/#primaryimage\"},\"image\":{\"@id\":\"https:\/\/dev.explora.cl\/tarapaca\/estudiantes-y-profesores-de-la-region-motivados-por-desarrollar-investigacion-e-innovacion-escolar\/#primaryimage\"},\"thumbnailUrl\":\"https:\/\/dev.explora.cl\/tarapaca\/wp-content\/uploads\/sites\/3\/2021\/07\/03.png\",\"datePublished\":\"2021-07-08T22:21:32+00:00\",\"dateModified\":\"2021-09-10T14:37:38+00:00\",\"author\":{\"@id\":\"https:\/\/dev.explora.cl\/tarapaca\/#\/schema\/person\/ca04f8a8f8e25243bd462d34eb1ca505\"},\"breadcrumb\":{\"@id\":\"https:\/\/dev.explora.cl\/tarapaca\/estudiantes-y-profesores-de-la-region-motivados-por-desarrollar-investigacion-e-innovacion-escolar\/#breadcrumb\"},\"inLanguage\":\"es-CL\",\"potentialAction\":[{\"@type\":\"ReadAction\",\"target\":[\"https:\/\/dev.explora.cl\/tarapaca\/estudiantes-y-profesores-de-la-region-motivados-por-desarrollar-investigacion-e-innovacion-escolar\/\"]}]},{\"@type\":\"ImageObject\",\"inLanguage\":\"es-CL\",\"@id\":\"https:\/\/dev.explora.cl\/tarapaca\/estudiantes-y-profesores-de-la-region-motivados-por-desarrollar-investigacion-e-innovacion-escolar\/#primaryimage\",\"url\":\"https:\/\/dev.explora.cl\/tarapaca\/wp-content\/uploads\/sites\/3\/2021\/07\/03.png\",\"contentUrl\":\"https:\/\/dev.explora.cl\/tarapaca\/wp-content\/uploads\/sites\/3\/2021\/07\/03.png\",\"width\":1079,\"height\":625},{\"@type\":\"BreadcrumbList\",\"@id\":\"https:\/\/dev.explora.cl\/tarapaca\/estudiantes-y-profesores-de-la-region-motivados-por-desarrollar-investigacion-e-innovacion-escolar\/#breadcrumb\",\"itemListElement\":[{\"@type\":\"ListItem\",\"position\":1,\"name\":\"Portada\",\"item\":\"https:\/\/dev.explora.cl\/tarapaca\/\"},{\"@type\":\"ListItem\",\"position\":2,\"name\":\"Estudiantes y profesores de la regi\u00f3n motivados por desarrollar Investigaci\u00f3n e Innovaci\u00f3n Escolar\"}]},{\"@type\":\"WebSite\",\"@id\":\"https:\/\/dev.explora.cl\/tarapaca\/#website\",\"url\":\"https:\/\/dev.explora.cl\/tarapaca\/\",\"name\":\"Tarapaca\",\"description\":\"Otro sitio m\u00e1s de dev.explora.cl\",\"potentialAction\":[{\"@type\":\"SearchAction\",\"target\":{\"@type\":\"EntryPoint\",\"urlTemplate\":\"https:\/\/dev.explora.cl\/tarapaca\/?s={search_term_string}\"},\"query-input\":{\"@type\":\"PropertyValueSpecification\",\"valueRequired\":true,\"valueName\":\"search_term_string\"}}],\"inLanguage\":\"es-CL\"},{\"@type\":\"Person\",\"@id\":\"https:\/\/dev.explora.cl\/tarapaca\/#\/schema\/person\/ca04f8a8f8e25243bd462d34eb1ca505\",\"name\":\"admintarapaca\",\"image\":{\"@type\":\"ImageObject\",\"inLanguage\":\"es-CL\",\"@id\":\"https:\/\/dev.explora.cl\/tarapaca\/#\/schema\/person\/image\/\",\"url\":\"https:\/\/secure.gravatar.com\/avatar\/8ff4762fabbf7a1732a126425c82d628f08ba754529d77a55358cbb74e14343f?s=96&d=mm&r=g\",\"contentUrl\":\"https:\/\/secure.gravatar.com\/avatar\/8ff4762fabbf7a1732a126425c82d628f08ba754529d77a55358cbb74e14343f?s=96&d=mm&r=g\",\"caption\":\"admintarapaca\"},\"url\":\"https:\/\/dev.explora.cl\/tarapaca\/author\/dolivares\/\"}]}<\/script>\n<!-- \/ Yoast SEO plugin. -->","yoast_head_json":{"title":"Estudiantes y profesores de la regi\u00f3n motivados por desarrollar Investigaci\u00f3n e Innovaci\u00f3n Escolar - Tarapaca","robots":{"index":"index","follow":"follow","max-snippet":"max-snippet:-1","max-image-preview":"max-image-preview:large","max-video-preview":"max-video-preview:-1"},"canonical":"https:\/\/dev.explora.cl\/tarapaca\/estudiantes-y-profesores-de-la-region-motivados-por-desarrollar-investigacion-e-innovacion-escolar\/","og_locale":"es_ES","og_type":"article","og_title":"Estudiantes y profesores de la regi\u00f3n motivados por desarrollar Investigaci\u00f3n e Innovaci\u00f3n Escolar - Tarapaca","og_description":"La Universidad de Tarapac\u00e1 Sede Iquique, a trav\u00e9s de su proyecto Explora Tarapac\u00e1, realiz\u00f3 la jornada inaugural de las academias de investigaci\u00f3n e innovaci\u00f3n escolar, en donde participaron docentes, cient\u00edficos y estudiantes de primero b\u00e1sico a cuarto medio de toda la regi\u00f3n.","og_url":"https:\/\/dev.explora.cl\/tarapaca\/estudiantes-y-profesores-de-la-region-motivados-por-desarrollar-investigacion-e-innovacion-escolar\/","og_site_name":"Tarapaca","article_published_time":"2021-07-08T22:21:32+00:00","article_modified_time":"2021-09-10T14:37:38+00:00","og_image":[{"width":1079,"height":625,"url":"https:\/\/dev.explora.cl\/tarapaca\/wp-content\/uploads\/sites\/3\/2021\/07\/03.png","type":"image\/png"}],"author":"admintarapaca","twitter_card":"summary_large_image","twitter_misc":{"Escrito por":"admintarapaca","Tiempo estimado de lectura":"2 minutos"},"schema":{"@context":"https:\/\/schema.org","@graph":[{"@type":"Article","@id":"https:\/\/dev.explora.cl\/tarapaca\/estudiantes-y-profesores-de-la-region-motivados-por-desarrollar-investigacion-e-innovacion-escolar\/#article","isPartOf":{"@id":"https:\/\/dev.explora.cl\/tarapaca\/estudiantes-y-profesores-de-la-region-motivados-por-desarrollar-investigacion-e-innovacion-escolar\/"},"author":{"name":"admintarapaca","@id":"https:\/\/dev.explora.cl\/tarapaca\/#\/schema\/person\/ca04f8a8f8e25243bd462d34eb1ca505"},"headline":"Estudiantes y profesores de la regi\u00f3n motivados por desarrollar Investigaci\u00f3n e Innovaci\u00f3n Escolar","datePublished":"2021-07-08T22:21:32+00:00","dateModified":"2021-09-10T14:37:38+00:00","mainEntityOfPage":{"@id":"https:\/\/dev.explora.cl\/tarapaca\/estudiantes-y-profesores-de-la-region-motivados-por-desarrollar-investigacion-e-innovacion-escolar\/"},"wordCount":480,"commentCount":0,"image":{"@id":"https:\/\/dev.explora.cl\/tarapaca\/estudiantes-y-profesores-de-la-region-motivados-por-desarrollar-investigacion-e-innovacion-escolar\/#primaryimage"},"thumbnailUrl":"https:\/\/dev.explora.cl\/tarapaca\/wp-content\/uploads\/sites\/3\/2021\/07\/03.png","articleSection":["Lugar 5","Noticias"],"inLanguage":"es-CL","potentialAction":[{"@type":"CommentAction","name":"Comment","target":["https:\/\/dev.explora.cl\/tarapaca\/estudiantes-y-profesores-de-la-region-motivados-por-desarrollar-investigacion-e-innovacion-escolar\/#respond"]}]},{"@type":"WebPage","@id":"https:\/\/dev.explora.cl\/tarapaca\/estudiantes-y-profesores-de-la-region-motivados-por-desarrollar-investigacion-e-innovacion-escolar\/","url":"https:\/\/dev.explora.cl\/tarapaca\/estudiantes-y-profesores-de-la-region-motivados-por-desarrollar-investigacion-e-innovacion-escolar\/","name":"Estudiantes y profesores de la regi\u00f3n motivados por desarrollar Investigaci\u00f3n e Innovaci\u00f3n Escolar - Tarapaca","isPartOf":{"@id":"https:\/\/dev.explora.cl\/tarapaca\/#website"},"primaryImageOfPage":{"@id":"https:\/\/dev.explora.cl\/tarapaca\/estudiantes-y-profesores-de-la-region-motivados-por-desarrollar-investigacion-e-innovacion-escolar\/#primaryimage"},"image":{"@id":"https:\/\/dev.explora.cl\/tarapaca\/estudiantes-y-profesores-de-la-region-motivados-por-desarrollar-investigacion-e-innovacion-escolar\/#primaryimage"},"thumbnailUrl":"https:\/\/dev.explora.cl\/tarapaca\/wp-content\/uploads\/sites\/3\/2021\/07\/03.png","datePublished":"2021-07-08T22:21:32+00:00","dateModified":"2021-09-10T14:37:38+00:00","author":{"@id":"https:\/\/dev.explora.cl\/tarapaca\/#\/schema\/person\/ca04f8a8f8e25243bd462d34eb1ca505"},"breadcrumb":{"@id":"https:\/\/dev.explora.cl\/tarapaca\/estudiantes-y-profesores-de-la-region-motivados-por-desarrollar-investigacion-e-innovacion-escolar\/#breadcrumb"},"inLanguage":"es-CL","potentialAction":[{"@type":"ReadAction","target":["https:\/\/dev.explora.cl\/tarapaca\/estudiantes-y-profesores-de-la-region-motivados-por-desarrollar-investigacion-e-innovacion-escolar\/"]}]},{"@type":"ImageObject","inLanguage":"es-CL","@id":"https:\/\/dev.explora.cl\/tarapaca\/estudiantes-y-profesores-de-la-region-motivados-por-desarrollar-investigacion-e-innovacion-escolar\/#primaryimage","url":"https:\/\/dev.explora.cl\/tarapaca\/wp-content\/uploads\/sites\/3\/2021\/07\/03.png","contentUrl":"https:\/\/dev.explora.cl\/tarapaca\/wp-content\/uploads\/sites\/3\/2021\/07\/03.png","width":1079,"height":625},{"@type":"BreadcrumbList","@id":"https:\/\/dev.explora.cl\/tarapaca\/estudiantes-y-profesores-de-la-region-motivados-por-desarrollar-investigacion-e-innovacion-escolar\/#breadcrumb","itemListElement":[{"@type":"ListItem","position":1,"name":"Portada","item":"https:\/\/dev.explora.cl\/tarapaca\/"},{"@type":"ListItem","position":2,"name":"Estudiantes y profesores de la regi\u00f3n motivados por desarrollar Investigaci\u00f3n e Innovaci\u00f3n Escolar"}]},{"@type":"WebSite","@id":"https:\/\/dev.explora.cl\/tarapaca\/#website","url":"https:\/\/dev.explora.cl\/tarapaca\/","name":"Tarapaca","description":"Otro sitio m\u00e1s de dev.explora.cl","potentialAction":[{"@type":"SearchAction","target":{"@type":"EntryPoint","urlTemplate":"https:\/\/dev.explora.cl\/tarapaca\/?s={search_term_string}"},"query-input":{"@type":"PropertyValueSpecification","valueRequired":true,"valueName":"search_term_string"}}],"inLanguage":"es-CL"},{"@type":"Person","@id":"https:\/\/dev.explora.cl\/tarapaca\/#\/schema\/person\/ca04f8a8f8e25243bd462d34eb1ca505","name":"admintarapaca","image":{"@type":"ImageObject","inLanguage":"es-CL","@id":"https:\/\/dev.explora.cl\/tarapaca\/#\/schema\/person\/image\/","url":"https:\/\/secure.gravatar.com\/avatar\/8ff4762fabbf7a1732a126425c82d628f08ba754529d77a55358cbb74e14343f?s=96&d=mm&r=g","contentUrl":"https:\/\/secure.gravatar.com\/avatar\/8ff4762fabbf7a1732a126425c82d628f08ba754529d77a55358cbb74e14343f?s=96&d=mm&r=g","caption":"admintarapaca"},"url":"https:\/\/dev.explora.cl\/tarapaca\/author\/dolivares\/"}]}},"_links":{"self":[{"href":"https:\/\/dev.explora.cl\/tarapaca\/wp-json\/wp\/v2\/posts\/39314","targetHints":{"allow":["GET"]}}],"collection":[{"href":"https:\/\/dev.explora.cl\/tarapaca\/wp-json\/wp\/v2\/posts"}],"about":[{"href":"https:\/\/dev.explora.cl\/tarapaca\/wp-json\/wp\/v2\/types\/post"}],"author":[{"embeddable":true,"href":"https:\/\/dev.explora.cl\/tarapaca\/wp-json\/wp\/v2\/users\/18"}],"replies":[{"embeddable":true,"href":"https:\/\/dev.explora.cl\/tarapaca\/wp-json\/wp\/v2\/comments?post=39314"}],"version-history":[{"count":2,"href":"https:\/\/dev.explora.cl\/tarapaca\/wp-json\/wp\/v2\/posts\/39314\/revisions"}],"predecessor-version":[{"id":39319,"href":"https:\/\/dev.explora.cl\/tarapaca\/wp-json\/wp\/v2\/posts\/39314\/revisions\/39319"}],"wp:featuredmedia":[{"embeddable":true,"href":"https:\/\/dev.explora.cl\/tarapaca\/wp-json\/wp\/v2\/media\/39317"}],"wp:attachment":[{"href":"https:\/\/dev.explora.cl\/tarapaca\/wp-json\/wp\/v2\/media?parent=39314"}],"wp:term":[{"taxonomy":"category","embeddable":true,"href":"https:\/\/dev.explora.cl\/tarapaca\/wp-json\/wp\/v2\/categories?post=39314"},{"taxonomy":"post_tag","embeddable":true,"href":"https:\/\/dev.explora.cl\/tarapaca\/wp-json\/wp\/v2\/tags?post=39314"}],"curies":[{"name":"wp","href":"https:\/\/api.w.org\/{rel}","templated":true}]}}