{"id":39301,"date":"2021-06-17T17:18:11","date_gmt":"2021-06-17T21:18:11","guid":{"rendered":"https:\/\/dev.explora.cl\/tarapaca\/?p=39301"},"modified":"2022-02-22T17:40:17","modified_gmt":"2022-02-22T20:40:17","slug":"convocatoria-a-especialistas-para-ciencia-abierta-2021","status":"publish","type":"post","link":"https:\/\/dev.explora.cl\/tarapaca\/convocatoria-a-especialistas-para-ciencia-abierta-2021\/","title":{"rendered":"Charlas Ciencia Abierta 2021"},"content":{"rendered":"<div>\n<p>La Universidad de Tarapac\u00e1 Sede Iquique, a trav\u00e9s de su proyecto Explora Tarapac\u00e1 del Ministerio de Ciencias, Tecnolog\u00eda, Conocimiento e Innovaci\u00f3n, pone a disposici\u00f3n el material de Ciencia Abierta,\u00a0\u00a0instancia de intercambio de conocimiento y acercamiento con la comunidad ha realizado hasta la fecha 21 charlas, la mayor\u00eda en formato online, llegando de esta manera a m\u00e1s lugares a trav\u00e9s de la pantalla.<\/p>\n<p>Todas las actividades de &#8220;Ciencia Abierta&#8221; cuentan con interpretaci\u00f3n en lengua de se\u00f1as chilenas como proceso inclusivo para todos y todas.<\/p>\n<p class=\"title style-scope ytd-video-primary-info-renderer\"><a href=\"https:\/\/www.youtube.com\/watch?v=4tSfkTjco4w&amp;t=59s\">&#8220;Historia de los huesos: introducci\u00f3n a estudios de paleopatolog\u00edas&#8221;<\/a><\/p>\n<p><a href=\"https:\/\/www.youtube.com\/watch?v=8Fb2VubsqSw\">&#8220;La llegada del hombre a la luna: sus tecnolog\u00edas e inspiraci\u00f3n en la exploraci\u00f3n espacial moderna&#8221;<\/a><\/p>\n<\/div>\n<div><a href=\"https:\/\/www.youtube.com\/watch?v=zKrTWV-Y4lI&amp;t=2674s\">&#8220;Una peque\u00f1a gran historia de Tarapac\u00e1: 13.000 a\u00f1os de historia<\/a><\/div>\n<div>\n<p><a href=\"https:\/\/www.youtube.com\/watch?v=FuhGhnwM9oI\">Una mirada desde la altura, procesos fisiol\u00f3gicos y patol\u00f3gicos de la hipoxia hipob\u00e1rica&#8221;<\/a><\/p>\n<p class=\"title style-scope ytd-video-primary-info-renderer\"><a href=\"https:\/\/www.youtube.com\/watch?v=iiLq5rRJ2Nw\">&#8220;Biodegradaci\u00f3n de pl\u00e1sticos con microorganismos&#8221;<\/a><\/p>\n<p class=\"title style-scope ytd-video-primary-info-renderer\"><a href=\"https:\/\/www.youtube.com\/watch?v=8gqAMU4jO3w\">&#8220;Oscar Berm\u00fadez, historiador del salitre&#8221;<\/a><\/p>\n<\/div>\n<p>&nbsp;<\/p>\n","protected":false},"excerpt":{"rendered":"<p>La Universidad de Tarapac\u00e1 Sede Iquique, a trav\u00e9s de su proyecto Explora Tarapac\u00e1 del Ministerio de Ciencias, Tecnolog\u00eda, Conocimiento e Innovaci\u00f3n, extienden la invitaci\u00f3n a nuestra iniciativa &#8220;Ciencia Abierta&#8221;, la cual busca fortalecer el v\u00ednculo entre investigadores\/as, divulgadores\/as y la sociedad, a trav\u00e9s de encuentros en formatos l\u00fadicos y participativos, promoviendo la socializaci\u00f3n y apropiaci\u00f3n del conocimiento.<\/p>\n","protected":false},"author":18,"featured_media":39516,"comment_status":"open","ping_status":"open","sticky":false,"template":"","format":"standard","meta":{"_acf_changed":false,"_exactmetrics_skip_tracking":false,"_exactmetrics_sitenote_active":false,"_exactmetrics_sitenote_note":"","_exactmetrics_sitenote_category":0,"footnotes":"","_links_to":"","_links_to_target":""},"categories":[151,138],"tags":[107,208,213,241,186,246,244,155,245,157,76,183,215],"class_list":["post-39301","post","type-post","status-publish","format-standard","has-post-thumbnail","hentry","category-banner","category-lugar-3","tag-ciencia","tag-ciencia-abierta","tag-conocimiento","tag-especialistas","tag-innovacion","tag-instituciones","tag-investigadores","tag-iquique","tag-profesionales","tag-tarapaca","tag-tecnologia","tag-uta","tag-uta-iquique"],"acf":[],"yoast_head":"<!-- This site is optimized with the Yoast SEO plugin v26.7 - https:\/\/yoast.com\/wordpress\/plugins\/seo\/ -->\n<title>Charlas Ciencia Abierta 2021 - Tarapaca<\/title>\n<meta name=\"robots\" content=\"index, follow, max-snippet:-1, max-image-preview:large, max-video-preview:-1\" \/>\n<link rel=\"canonical\" href=\"https:\/\/dev.explora.cl\/tarapaca\/convocatoria-a-especialistas-para-ciencia-abierta-2021\/\" class=\"yoast-seo-meta-tag\" \/>\n<meta property=\"og:locale\" content=\"es_ES\" class=\"yoast-seo-meta-tag\" \/>\n<meta property=\"og:type\" content=\"article\" class=\"yoast-seo-meta-tag\" \/>\n<meta property=\"og:title\" content=\"Charlas Ciencia Abierta 2021 - Tarapaca\" class=\"yoast-seo-meta-tag\" \/>\n<meta property=\"og:description\" content=\"La Universidad de Tarapac\u00e1 Sede Iquique, a trav\u00e9s de su proyecto Explora Tarapac\u00e1 del Ministerio de Ciencias, Tecnolog\u00eda, Conocimiento e Innovaci\u00f3n, extienden la invitaci\u00f3n a nuestra iniciativa &quot;Ciencia Abierta&quot;, la cual busca fortalecer el v\u00ednculo entre investigadores\/as, divulgadores\/as y la sociedad, a trav\u00e9s de encuentros en formatos l\u00fadicos y participativos, promoviendo la socializaci\u00f3n y apropiaci\u00f3n del conocimiento.\" class=\"yoast-seo-meta-tag\" \/>\n<meta property=\"og:url\" content=\"https:\/\/dev.explora.cl\/tarapaca\/convocatoria-a-especialistas-para-ciencia-abierta-2021\/\" class=\"yoast-seo-meta-tag\" \/>\n<meta property=\"og:site_name\" content=\"Tarapaca\" class=\"yoast-seo-meta-tag\" \/>\n<meta property=\"article:published_time\" content=\"2021-06-17T21:18:11+00:00\" class=\"yoast-seo-meta-tag\" \/>\n<meta property=\"article:modified_time\" content=\"2022-02-22T20:40:17+00:00\" class=\"yoast-seo-meta-tag\" \/>\n<meta property=\"og:image\" content=\"https:\/\/dev.explora.cl\/tarapaca\/wp-content\/uploads\/sites\/3\/2021\/06\/Banner-Web.jpg\" class=\"yoast-seo-meta-tag\" \/>\n\t<meta property=\"og:image:width\" content=\"3834\" class=\"yoast-seo-meta-tag\" \/>\n\t<meta property=\"og:image:height\" content=\"1875\" class=\"yoast-seo-meta-tag\" \/>\n\t<meta property=\"og:image:type\" content=\"image\/jpeg\" class=\"yoast-seo-meta-tag\" \/>\n<meta name=\"author\" content=\"admintarapaca\" class=\"yoast-seo-meta-tag\" \/>\n<meta name=\"twitter:card\" content=\"summary_large_image\" class=\"yoast-seo-meta-tag\" \/>\n<meta name=\"twitter:label1\" content=\"Escrito por\" class=\"yoast-seo-meta-tag\" \/>\n\t<meta name=\"twitter:data1\" content=\"admintarapaca\" class=\"yoast-seo-meta-tag\" \/>\n\t<meta name=\"twitter:label2\" content=\"Tiempo estimado de lectura\" class=\"yoast-seo-meta-tag\" \/>\n\t<meta name=\"twitter:data2\" content=\"1 minuto\" class=\"yoast-seo-meta-tag\" \/>\n<script type=\"application\/ld+json\" class=\"yoast-schema-graph\">{\"@context\":\"https:\/\/schema.org\",\"@graph\":[{\"@type\":\"Article\",\"@id\":\"https:\/\/dev.explora.cl\/tarapaca\/convocatoria-a-especialistas-para-ciencia-abierta-2021\/#article\",\"isPartOf\":{\"@id\":\"https:\/\/dev.explora.cl\/tarapaca\/convocatoria-a-especialistas-para-ciencia-abierta-2021\/\"},\"author\":{\"name\":\"admintarapaca\",\"@id\":\"https:\/\/dev.explora.cl\/tarapaca\/#\/schema\/person\/ca04f8a8f8e25243bd462d34eb1ca505\"},\"headline\":\"Charlas Ciencia Abierta 2021\",\"datePublished\":\"2021-06-17T21:18:11+00:00\",\"dateModified\":\"2022-02-22T20:40:17+00:00\",\"mainEntityOfPage\":{\"@id\":\"https:\/\/dev.explora.cl\/tarapaca\/convocatoria-a-especialistas-para-ciencia-abierta-2021\/\"},\"wordCount\":166,\"commentCount\":0,\"image\":{\"@id\":\"https:\/\/dev.explora.cl\/tarapaca\/convocatoria-a-especialistas-para-ciencia-abierta-2021\/#primaryimage\"},\"thumbnailUrl\":\"https:\/\/dev.explora.cl\/tarapaca\/wp-content\/uploads\/sites\/3\/2021\/06\/Banner-Web.jpg\",\"keywords\":[\"ciencia\",\"Ciencia Abierta\",\"Conocimiento\",\"Especialistas\",\"Innovacion\",\"instituciones\",\"investigadores\",\"iquique,\",\"profesionales\",\"tarapac\u00e1,\",\"tecnolog\u00eda\",\"UTA\",\"UTA Iquique\"],\"articleSection\":[\"Banner\",\"Lugar 3\"],\"inLanguage\":\"es-CL\",\"potentialAction\":[{\"@type\":\"CommentAction\",\"name\":\"Comment\",\"target\":[\"https:\/\/dev.explora.cl\/tarapaca\/convocatoria-a-especialistas-para-ciencia-abierta-2021\/#respond\"]}]},{\"@type\":\"WebPage\",\"@id\":\"https:\/\/dev.explora.cl\/tarapaca\/convocatoria-a-especialistas-para-ciencia-abierta-2021\/\",\"url\":\"https:\/\/dev.explora.cl\/tarapaca\/convocatoria-a-especialistas-para-ciencia-abierta-2021\/\",\"name\":\"Charlas Ciencia Abierta 2021 - Tarapaca\",\"isPartOf\":{\"@id\":\"https:\/\/dev.explora.cl\/tarapaca\/#website\"},\"primaryImageOfPage\":{\"@id\":\"https:\/\/dev.explora.cl\/tarapaca\/convocatoria-a-especialistas-para-ciencia-abierta-2021\/#primaryimage\"},\"image\":{\"@id\":\"https:\/\/dev.explora.cl\/tarapaca\/convocatoria-a-especialistas-para-ciencia-abierta-2021\/#primaryimage\"},\"thumbnailUrl\":\"https:\/\/dev.explora.cl\/tarapaca\/wp-content\/uploads\/sites\/3\/2021\/06\/Banner-Web.jpg\",\"datePublished\":\"2021-06-17T21:18:11+00:00\",\"dateModified\":\"2022-02-22T20:40:17+00:00\",\"author\":{\"@id\":\"https:\/\/dev.explora.cl\/tarapaca\/#\/schema\/person\/ca04f8a8f8e25243bd462d34eb1ca505\"},\"breadcrumb\":{\"@id\":\"https:\/\/dev.explora.cl\/tarapaca\/convocatoria-a-especialistas-para-ciencia-abierta-2021\/#breadcrumb\"},\"inLanguage\":\"es-CL\",\"potentialAction\":[{\"@type\":\"ReadAction\",\"target\":[\"https:\/\/dev.explora.cl\/tarapaca\/convocatoria-a-especialistas-para-ciencia-abierta-2021\/\"]}]},{\"@type\":\"ImageObject\",\"inLanguage\":\"es-CL\",\"@id\":\"https:\/\/dev.explora.cl\/tarapaca\/convocatoria-a-especialistas-para-ciencia-abierta-2021\/#primaryimage\",\"url\":\"https:\/\/dev.explora.cl\/tarapaca\/wp-content\/uploads\/sites\/3\/2021\/06\/Banner-Web.jpg\",\"contentUrl\":\"https:\/\/dev.explora.cl\/tarapaca\/wp-content\/uploads\/sites\/3\/2021\/06\/Banner-Web.jpg\",\"width\":3834,\"height\":1875},{\"@type\":\"BreadcrumbList\",\"@id\":\"https:\/\/dev.explora.cl\/tarapaca\/convocatoria-a-especialistas-para-ciencia-abierta-2021\/#breadcrumb\",\"itemListElement\":[{\"@type\":\"ListItem\",\"position\":1,\"name\":\"Portada\",\"item\":\"https:\/\/dev.explora.cl\/tarapaca\/\"},{\"@type\":\"ListItem\",\"position\":2,\"name\":\"Charlas Ciencia Abierta 2021\"}]},{\"@type\":\"WebSite\",\"@id\":\"https:\/\/dev.explora.cl\/tarapaca\/#website\",\"url\":\"https:\/\/dev.explora.cl\/tarapaca\/\",\"name\":\"Tarapaca\",\"description\":\"Otro sitio m\u00e1s de dev.explora.cl\",\"potentialAction\":[{\"@type\":\"SearchAction\",\"target\":{\"@type\":\"EntryPoint\",\"urlTemplate\":\"https:\/\/dev.explora.cl\/tarapaca\/?s={search_term_string}\"},\"query-input\":{\"@type\":\"PropertyValueSpecification\",\"valueRequired\":true,\"valueName\":\"search_term_string\"}}],\"inLanguage\":\"es-CL\"},{\"@type\":\"Person\",\"@id\":\"https:\/\/dev.explora.cl\/tarapaca\/#\/schema\/person\/ca04f8a8f8e25243bd462d34eb1ca505\",\"name\":\"admintarapaca\",\"image\":{\"@type\":\"ImageObject\",\"inLanguage\":\"es-CL\",\"@id\":\"https:\/\/dev.explora.cl\/tarapaca\/#\/schema\/person\/image\/\",\"url\":\"https:\/\/secure.gravatar.com\/avatar\/8ff4762fabbf7a1732a126425c82d628f08ba754529d77a55358cbb74e14343f?s=96&d=mm&r=g\",\"contentUrl\":\"https:\/\/secure.gravatar.com\/avatar\/8ff4762fabbf7a1732a126425c82d628f08ba754529d77a55358cbb74e14343f?s=96&d=mm&r=g\",\"caption\":\"admintarapaca\"},\"url\":\"https:\/\/dev.explora.cl\/tarapaca\/author\/dolivares\/\"}]}<\/script>\n<!-- \/ Yoast SEO plugin. -->","yoast_head_json":{"title":"Charlas Ciencia Abierta 2021 - Tarapaca","robots":{"index":"index","follow":"follow","max-snippet":"max-snippet:-1","max-image-preview":"max-image-preview:large","max-video-preview":"max-video-preview:-1"},"canonical":"https:\/\/dev.explora.cl\/tarapaca\/convocatoria-a-especialistas-para-ciencia-abierta-2021\/","og_locale":"es_ES","og_type":"article","og_title":"Charlas Ciencia Abierta 2021 - Tarapaca","og_description":"La Universidad de Tarapac\u00e1 Sede Iquique, a trav\u00e9s de su proyecto Explora Tarapac\u00e1 del Ministerio de Ciencias, Tecnolog\u00eda, Conocimiento e Innovaci\u00f3n, extienden la invitaci\u00f3n a nuestra iniciativa \"Ciencia Abierta\", la cual busca fortalecer el v\u00ednculo entre investigadores\/as, divulgadores\/as y la sociedad, a trav\u00e9s de encuentros en formatos l\u00fadicos y participativos, promoviendo la socializaci\u00f3n y apropiaci\u00f3n del conocimiento.","og_url":"https:\/\/dev.explora.cl\/tarapaca\/convocatoria-a-especialistas-para-ciencia-abierta-2021\/","og_site_name":"Tarapaca","article_published_time":"2021-06-17T21:18:11+00:00","article_modified_time":"2022-02-22T20:40:17+00:00","og_image":[{"width":3834,"height":1875,"url":"https:\/\/dev.explora.cl\/tarapaca\/wp-content\/uploads\/sites\/3\/2021\/06\/Banner-Web.jpg","type":"image\/jpeg"}],"author":"admintarapaca","twitter_card":"summary_large_image","twitter_misc":{"Escrito por":"admintarapaca","Tiempo estimado de lectura":"1 minuto"},"schema":{"@context":"https:\/\/schema.org","@graph":[{"@type":"Article","@id":"https:\/\/dev.explora.cl\/tarapaca\/convocatoria-a-especialistas-para-ciencia-abierta-2021\/#article","isPartOf":{"@id":"https:\/\/dev.explora.cl\/tarapaca\/convocatoria-a-especialistas-para-ciencia-abierta-2021\/"},"author":{"name":"admintarapaca","@id":"https:\/\/dev.explora.cl\/tarapaca\/#\/schema\/person\/ca04f8a8f8e25243bd462d34eb1ca505"},"headline":"Charlas Ciencia Abierta 2021","datePublished":"2021-06-17T21:18:11+00:00","dateModified":"2022-02-22T20:40:17+00:00","mainEntityOfPage":{"@id":"https:\/\/dev.explora.cl\/tarapaca\/convocatoria-a-especialistas-para-ciencia-abierta-2021\/"},"wordCount":166,"commentCount":0,"image":{"@id":"https:\/\/dev.explora.cl\/tarapaca\/convocatoria-a-especialistas-para-ciencia-abierta-2021\/#primaryimage"},"thumbnailUrl":"https:\/\/dev.explora.cl\/tarapaca\/wp-content\/uploads\/sites\/3\/2021\/06\/Banner-Web.jpg","keywords":["ciencia","Ciencia Abierta","Conocimiento","Especialistas","Innovacion","instituciones","investigadores","iquique,","profesionales","tarapac\u00e1,","tecnolog\u00eda","UTA","UTA Iquique"],"articleSection":["Banner","Lugar 3"],"inLanguage":"es-CL","potentialAction":[{"@type":"CommentAction","name":"Comment","target":["https:\/\/dev.explora.cl\/tarapaca\/convocatoria-a-especialistas-para-ciencia-abierta-2021\/#respond"]}]},{"@type":"WebPage","@id":"https:\/\/dev.explora.cl\/tarapaca\/convocatoria-a-especialistas-para-ciencia-abierta-2021\/","url":"https:\/\/dev.explora.cl\/tarapaca\/convocatoria-a-especialistas-para-ciencia-abierta-2021\/","name":"Charlas Ciencia Abierta 2021 - Tarapaca","isPartOf":{"@id":"https:\/\/dev.explora.cl\/tarapaca\/#website"},"primaryImageOfPage":{"@id":"https:\/\/dev.explora.cl\/tarapaca\/convocatoria-a-especialistas-para-ciencia-abierta-2021\/#primaryimage"},"image":{"@id":"https:\/\/dev.explora.cl\/tarapaca\/convocatoria-a-especialistas-para-ciencia-abierta-2021\/#primaryimage"},"thumbnailUrl":"https:\/\/dev.explora.cl\/tarapaca\/wp-content\/uploads\/sites\/3\/2021\/06\/Banner-Web.jpg","datePublished":"2021-06-17T21:18:11+00:00","dateModified":"2022-02-22T20:40:17+00:00","author":{"@id":"https:\/\/dev.explora.cl\/tarapaca\/#\/schema\/person\/ca04f8a8f8e25243bd462d34eb1ca505"},"breadcrumb":{"@id":"https:\/\/dev.explora.cl\/tarapaca\/convocatoria-a-especialistas-para-ciencia-abierta-2021\/#breadcrumb"},"inLanguage":"es-CL","potentialAction":[{"@type":"ReadAction","target":["https:\/\/dev.explora.cl\/tarapaca\/convocatoria-a-especialistas-para-ciencia-abierta-2021\/"]}]},{"@type":"ImageObject","inLanguage":"es-CL","@id":"https:\/\/dev.explora.cl\/tarapaca\/convocatoria-a-especialistas-para-ciencia-abierta-2021\/#primaryimage","url":"https:\/\/dev.explora.cl\/tarapaca\/wp-content\/uploads\/sites\/3\/2021\/06\/Banner-Web.jpg","contentUrl":"https:\/\/dev.explora.cl\/tarapaca\/wp-content\/uploads\/sites\/3\/2021\/06\/Banner-Web.jpg","width":3834,"height":1875},{"@type":"BreadcrumbList","@id":"https:\/\/dev.explora.cl\/tarapaca\/convocatoria-a-especialistas-para-ciencia-abierta-2021\/#breadcrumb","itemListElement":[{"@type":"ListItem","position":1,"name":"Portada","item":"https:\/\/dev.explora.cl\/tarapaca\/"},{"@type":"ListItem","position":2,"name":"Charlas Ciencia Abierta 2021"}]},{"@type":"WebSite","@id":"https:\/\/dev.explora.cl\/tarapaca\/#website","url":"https:\/\/dev.explora.cl\/tarapaca\/","name":"Tarapaca","description":"Otro sitio m\u00e1s de dev.explora.cl","potentialAction":[{"@type":"SearchAction","target":{"@type":"EntryPoint","urlTemplate":"https:\/\/dev.explora.cl\/tarapaca\/?s={search_term_string}"},"query-input":{"@type":"PropertyValueSpecification","valueRequired":true,"valueName":"search_term_string"}}],"inLanguage":"es-CL"},{"@type":"Person","@id":"https:\/\/dev.explora.cl\/tarapaca\/#\/schema\/person\/ca04f8a8f8e25243bd462d34eb1ca505","name":"admintarapaca","image":{"@type":"ImageObject","inLanguage":"es-CL","@id":"https:\/\/dev.explora.cl\/tarapaca\/#\/schema\/person\/image\/","url":"https:\/\/secure.gravatar.com\/avatar\/8ff4762fabbf7a1732a126425c82d628f08ba754529d77a55358cbb74e14343f?s=96&d=mm&r=g","contentUrl":"https:\/\/secure.gravatar.com\/avatar\/8ff4762fabbf7a1732a126425c82d628f08ba754529d77a55358cbb74e14343f?s=96&d=mm&r=g","caption":"admintarapaca"},"url":"https:\/\/dev.explora.cl\/tarapaca\/author\/dolivares\/"}]}},"_links":{"self":[{"href":"https:\/\/dev.explora.cl\/tarapaca\/wp-json\/wp\/v2\/posts\/39301","targetHints":{"allow":["GET"]}}],"collection":[{"href":"https:\/\/dev.explora.cl\/tarapaca\/wp-json\/wp\/v2\/posts"}],"about":[{"href":"https:\/\/dev.explora.cl\/tarapaca\/wp-json\/wp\/v2\/types\/post"}],"author":[{"embeddable":true,"href":"https:\/\/dev.explora.cl\/tarapaca\/wp-json\/wp\/v2\/users\/18"}],"replies":[{"embeddable":true,"href":"https:\/\/dev.explora.cl\/tarapaca\/wp-json\/wp\/v2\/comments?post=39301"}],"version-history":[{"count":9,"href":"https:\/\/dev.explora.cl\/tarapaca\/wp-json\/wp\/v2\/posts\/39301\/revisions"}],"predecessor-version":[{"id":39521,"href":"https:\/\/dev.explora.cl\/tarapaca\/wp-json\/wp\/v2\/posts\/39301\/revisions\/39521"}],"wp:featuredmedia":[{"embeddable":true,"href":"https:\/\/dev.explora.cl\/tarapaca\/wp-json\/wp\/v2\/media\/39516"}],"wp:attachment":[{"href":"https:\/\/dev.explora.cl\/tarapaca\/wp-json\/wp\/v2\/media?parent=39301"}],"wp:term":[{"taxonomy":"category","embeddable":true,"href":"https:\/\/dev.explora.cl\/tarapaca\/wp-json\/wp\/v2\/categories?post=39301"},{"taxonomy":"post_tag","embeddable":true,"href":"https:\/\/dev.explora.cl\/tarapaca\/wp-json\/wp\/v2\/tags?post=39301"}],"curies":[{"name":"wp","href":"https:\/\/api.w.org\/{rel}","templated":true}]}}