{"id":39252,"date":"2021-03-19T18:30:29","date_gmt":"2021-03-19T21:30:29","guid":{"rendered":"https:\/\/dev.explora.cl\/tarapaca\/?p=39252"},"modified":"2021-09-10T12:09:41","modified_gmt":"2021-09-10T15:09:41","slug":"explora-tarapaca-finaliza-exitoso-ciclo-de-charlas-virtuales-ciencia-abierta","status":"publish","type":"post","link":"https:\/\/dev.explora.cl\/tarapaca\/explora-tarapaca-finaliza-exitoso-ciclo-de-charlas-virtuales-ciencia-abierta\/","title":{"rendered":"Explora Tarapac\u00e1 finaliza exitoso ciclo de charlas virtuales \u201cCiencia Abierta\u201d"},"content":{"rendered":"<p class=\"western\" align=\"justify\"><span style=\"color: #000000\"><span style=\"font-family: gobCL, serif\"><i><b>* Proyecto de la Universidad de Tarapac\u00e1 Sede Iquique realiz\u00f3 20 charlas con especialistas, en su mayor\u00eda con grado acad\u00e9mico de Doctor o Post Doctorado.<\/b><\/i><\/span><\/span><\/p>\n<p class=\"western\" align=\"justify\"><span style=\"color: #000000\"><span style=\"font-family: gobCL, serif\"><i><b>* Directora General de Sede Iquique de la UTA, Dra. Yasna Godoy Henr\u00edquez, felicit\u00f3 el gran aporte de esta iniciativa.<\/b><\/i><\/span><\/span><\/p>\n<p class=\"western\" align=\"justify\"><span style=\"color: #000000\"><span style=\"font-family: gobCL, serif\"> La Universidad de Tarapac\u00e1 Sede Iquique, a trav\u00e9s de su proyecto Explora Tarapac\u00e1 realiz\u00f3 la \u00faltima actividad de la iniciativa \u201cCiencia Abierta\u201d del a\u00f1o 2 de ejecuci\u00f3n, la cual se denomin\u00f3 \u201cEn la b\u00fasqueda por la vida m\u00e1s all\u00e1 de la tierra: \u00bfExploraci\u00f3n espacial o observaci\u00f3n de planetas extrasolares?\u201d y que cont\u00f3 con los especialistas Carlos Gonz\u00e1lez, experto en geo-microbiolog\u00eda del desierto de Atacama y Pablo Gonz\u00e1lez, Astrof\u00edsico experto en Cosmolog\u00eda, instancia que tambi\u00e9n cont\u00f3 con la presencia de la Directora General de Sede Iquique de la UTA, Doctora Yasna Godoy Henr\u00edquez y la Seremi de Ciencia de la Macrozona Norte, Daniela Barr\u00eda.<\/span><\/span><\/p>\n<p class=\"western\" align=\"justify\"><span style=\"color: #000000\"><span style=\"font-family: gobCL, serif\"> Durante el 2020 y los primeros meses del 2021, la iniciativa \u201cCiencia Abierta\u201d realiz\u00f3 20 charlas, que promovieron la socializaci\u00f3n del conocimiento como tambi\u00e9n el fortalecer los lazos de especialistas con la comunidad en diversas tem\u00e1ticas; las \u00e1reas m\u00e1s destacadas fueron: ciencias sociales, astronom\u00eda y biolog\u00eda. Tambi\u00e9n, un aspecto relevante en el marco de estas charlas de Explora \u2013 UTA es que se puso especial \u00e9nfasis en trabajar con el principio y enfoque de g\u00e9nero logrando una equidad con la participaci\u00f3n de 10 especialistas mujeres y 10 hombres, los cuales, en su mayor\u00eda cuentan con grado acad\u00e9mico de doctor o post doctorado y finalmente, el impacto de las charlas suma m\u00e1s de 20 mil visualizaciones asincr\u00f3nicas y 10 registros audiovisuales llamadas \u201cc\u00e1psulas cient\u00edficas\u201d formato virtual en donde los y las especialistas invitaban a la comunidad a las actividades generando contenido cient\u00edfico adicional.<\/span><\/span><\/p>\n<p class=\"western\" align=\"justify\"><span style=\"color: #000000\"><span style=\"font-family: gobCL, serif\"> La Directora General de Sede Iquique de la Universidad de Tarapac\u00e1, Dra. Yasna Godoy Henr\u00edquez, precis\u00f3 que: \u201cDesde nuestra casa de estudios nos interesa seguir promoviendo el v\u00ednculo de especialistas en diferentes tem\u00e1ticas con la comunidad a trav\u00e9s de estas instancias donde se comparten conocimientos en diversos temas de inter\u00e9s. As\u00ed como tambi\u00e9n reconocemos el v\u00ednculo e impacto de Explora Tarapac\u00e1 con las diversas comunidades educativas de la regi\u00f3n, con las cuales seguiremos trabajando durante este 2021\u201d.<\/span><\/span><\/p>\n<p class=\"western\" align=\"justify\"><span style=\"color: #000000\"><span style=\"font-family: gobCL, serif\"> Las charlas de \u201cCiencia Abierta\u201d, se realizaron, principalmente los d\u00edas mi\u00e9rcoles a las 17:00 horas con una duraci\u00f3n de 60 minutos, oportunidad en la que los especialistas desarrollaron una presentaci\u00f3n inicial y posteriormente respondieron las preguntas e inquietudes de los y las participantes por redes sociales.<\/span><\/span><\/p>\n<p class=\"western\" align=\"justify\"><span style=\"color: #000000\"><span style=\"font-family: gobCL, serif\"> Entre algunos de los especialistas se destacan: el Premio Nacional de Historia a\u00f1o 2014, Dr. Sergio Gonz\u00e1lez; la M\u00e1ster en Inteligencia Artificial Claudia Guerra; el Doctor en ciencias con menci\u00f3n Ecolog\u00eda y Biolog\u00eda, Andr\u00e9s Taucare; la Doctora en ciencias silvoagropecuarias y veterinarias, Ingrid Poblete; el Doctor en f\u00edsica te\u00f3rica, Pablo Gonz\u00e1lez; la Doctora en fluodin\u00e1mica y climatolog\u00eda, Priscila Nowajesji-Barra, entre otros especialistas.<\/span><\/span><\/p>\n<p class=\"western\" align=\"justify\"><a name=\"_GoBack\"><\/a> <span style=\"color: #000000\"><span style=\"font-family: gobCL, serif\"> La Directora de Explora Tarapac\u00e1, Valeska Zepeda, precis\u00f3: \u201cHoy queremos agradecer a cada especialista por el inter\u00e9s en compartir su conocimiento a trav\u00e9s de charlas virtuales interactivas. Para el Ministerio de ciencia, tecnolog\u00eda, conocimiento e innovaci\u00f3n y la Universidad de Tarapac\u00e1 es muy importante el trabajo colaborativo y que por sobre todo se valore la apropiaci\u00f3n social del conocimiento cient\u00edfico y tecnol\u00f3gico\u201d.<\/span><\/span><\/p>\n<p class=\"western\" align=\"justify\"><span style=\"color: #000000\"><span style=\"font-family: gobCL, serif\"> El formato de \u201cCiencia Abierta\u201d, abri\u00f3 la instancia para la participaci\u00f3n de especialistas de diversos lugares y otras actividades emergentes junto a otras instituciones, como: Seremi de Medio Ambiente Tarapac\u00e1, Corporaci\u00f3n Nacional Forestal y el Consulado General del Per\u00fa en Iquique. <\/span><\/span><\/p>\n<p class=\"western\" align=\"justify\"><span style=\"color: #000000\"><span style=\"font-family: gobCL, serif\"> El proyecto Explora Tarapac\u00e1 es financiado por el Ministerio de Ciencia, Tecnolog\u00eda, Conocimiento e Innovaci\u00f3n y es liderado por la Universidad de Tarapac\u00e1 Sede Iquique.<\/span><\/span><\/p>\n","protected":false},"excerpt":{"rendered":"<p>* Proyecto de la Universidad de Tarapac\u00e1 Sede Iquique realiz\u00f3 20 charlas con especialistas, en su mayor\u00eda con grado acad\u00e9mico de Doctor o Post Doctorado. * Directora General de Sede Iquique de la UTA, Dra. Yasna Godoy Henr\u00edquez, felicit\u00f3 el gran aporte de esta iniciativa. La Universidad de Tarapac\u00e1 Sede Iquique, a trav\u00e9s de su [&hellip;]<\/p>\n","protected":false},"author":18,"featured_media":39253,"comment_status":"open","ping_status":"open","sticky":false,"template":"","format":"standard","meta":{"_acf_changed":false,"_exactmetrics_skip_tracking":false,"_exactmetrics_sitenote_active":false,"_exactmetrics_sitenote_note":"","_exactmetrics_sitenote_category":0,"footnotes":"","_links_to":"","_links_to_target":""},"categories":[143,4],"tags":[188,240,107,241,155,181,157,183,215],"class_list":["post-39252","post","type-post","status-publish","format-standard","has-post-thumbnail","hentry","category-lugar-8","category-noticias","tag-abierta","tag-charlas","tag-ciencia","tag-especialistas","tag-iquique","tag-ministerio-de-ciencia","tag-tarapaca","tag-uta","tag-uta-iquique"],"acf":[],"yoast_head":"<!-- This site is optimized with the Yoast SEO plugin v26.7 - https:\/\/yoast.com\/wordpress\/plugins\/seo\/ -->\n<title>Explora Tarapac\u00e1 finaliza exitoso ciclo de charlas virtuales \u201cCiencia Abierta\u201d - Tarapaca<\/title>\n<meta name=\"robots\" content=\"index, follow, max-snippet:-1, max-image-preview:large, max-video-preview:-1\" \/>\n<link rel=\"canonical\" href=\"https:\/\/dev.explora.cl\/tarapaca\/explora-tarapaca-finaliza-exitoso-ciclo-de-charlas-virtuales-ciencia-abierta\/\" class=\"yoast-seo-meta-tag\" \/>\n<meta property=\"og:locale\" content=\"es_ES\" class=\"yoast-seo-meta-tag\" \/>\n<meta property=\"og:type\" content=\"article\" class=\"yoast-seo-meta-tag\" \/>\n<meta property=\"og:title\" content=\"Explora Tarapac\u00e1 finaliza exitoso ciclo de charlas virtuales \u201cCiencia Abierta\u201d - Tarapaca\" class=\"yoast-seo-meta-tag\" \/>\n<meta property=\"og:description\" content=\"* Proyecto de la Universidad de Tarapac\u00e1 Sede Iquique realiz\u00f3 20 charlas con especialistas, en su mayor\u00eda con grado acad\u00e9mico de Doctor o Post Doctorado. * Directora General de Sede Iquique de la UTA, Dra. Yasna Godoy Henr\u00edquez, felicit\u00f3 el gran aporte de esta iniciativa. La Universidad de Tarapac\u00e1 Sede Iquique, a trav\u00e9s de su [&hellip;]\" class=\"yoast-seo-meta-tag\" \/>\n<meta property=\"og:url\" content=\"https:\/\/dev.explora.cl\/tarapaca\/explora-tarapaca-finaliza-exitoso-ciclo-de-charlas-virtuales-ciencia-abierta\/\" class=\"yoast-seo-meta-tag\" \/>\n<meta property=\"og:site_name\" content=\"Tarapaca\" class=\"yoast-seo-meta-tag\" \/>\n<meta property=\"article:published_time\" content=\"2021-03-19T21:30:29+00:00\" class=\"yoast-seo-meta-tag\" \/>\n<meta property=\"article:modified_time\" content=\"2021-09-10T15:09:41+00:00\" class=\"yoast-seo-meta-tag\" \/>\n<meta property=\"og:image\" content=\"https:\/\/dev.explora.cl\/tarapaca\/wp-content\/uploads\/sites\/3\/2021\/03\/01.png\" class=\"yoast-seo-meta-tag\" \/>\n\t<meta property=\"og:image:width\" content=\"1123\" class=\"yoast-seo-meta-tag\" \/>\n\t<meta property=\"og:image:height\" content=\"644\" class=\"yoast-seo-meta-tag\" \/>\n\t<meta property=\"og:image:type\" content=\"image\/png\" class=\"yoast-seo-meta-tag\" \/>\n<meta name=\"author\" content=\"admintarapaca\" class=\"yoast-seo-meta-tag\" \/>\n<meta name=\"twitter:card\" content=\"summary_large_image\" class=\"yoast-seo-meta-tag\" \/>\n<meta name=\"twitter:label1\" content=\"Escrito por\" class=\"yoast-seo-meta-tag\" \/>\n\t<meta name=\"twitter:data1\" content=\"admintarapaca\" class=\"yoast-seo-meta-tag\" \/>\n\t<meta name=\"twitter:label2\" content=\"Tiempo estimado de lectura\" class=\"yoast-seo-meta-tag\" \/>\n\t<meta name=\"twitter:data2\" content=\"3 minutos\" class=\"yoast-seo-meta-tag\" \/>\n<script type=\"application\/ld+json\" class=\"yoast-schema-graph\">{\"@context\":\"https:\/\/schema.org\",\"@graph\":[{\"@type\":\"Article\",\"@id\":\"https:\/\/dev.explora.cl\/tarapaca\/explora-tarapaca-finaliza-exitoso-ciclo-de-charlas-virtuales-ciencia-abierta\/#article\",\"isPartOf\":{\"@id\":\"https:\/\/dev.explora.cl\/tarapaca\/explora-tarapaca-finaliza-exitoso-ciclo-de-charlas-virtuales-ciencia-abierta\/\"},\"author\":{\"name\":\"admintarapaca\",\"@id\":\"https:\/\/dev.explora.cl\/tarapaca\/#\/schema\/person\/ca04f8a8f8e25243bd462d34eb1ca505\"},\"headline\":\"Explora Tarapac\u00e1 finaliza exitoso ciclo de charlas virtuales \u201cCiencia Abierta\u201d\",\"datePublished\":\"2021-03-19T21:30:29+00:00\",\"dateModified\":\"2021-09-10T15:09:41+00:00\",\"mainEntityOfPage\":{\"@id\":\"https:\/\/dev.explora.cl\/tarapaca\/explora-tarapaca-finaliza-exitoso-ciclo-de-charlas-virtuales-ciencia-abierta\/\"},\"wordCount\":666,\"commentCount\":0,\"image\":{\"@id\":\"https:\/\/dev.explora.cl\/tarapaca\/explora-tarapaca-finaliza-exitoso-ciclo-de-charlas-virtuales-ciencia-abierta\/#primaryimage\"},\"thumbnailUrl\":\"https:\/\/dev.explora.cl\/tarapaca\/wp-content\/uploads\/sites\/3\/2021\/03\/01.png\",\"keywords\":[\"Abierta\",\"Charlas\",\"ciencia\",\"Especialistas\",\"iquique,\",\"Ministerio de Ciencia\",\"tarapac\u00e1,\",\"UTA\",\"UTA Iquique\"],\"articleSection\":[\"Lugar 8\",\"Noticias\"],\"inLanguage\":\"es-CL\",\"potentialAction\":[{\"@type\":\"CommentAction\",\"name\":\"Comment\",\"target\":[\"https:\/\/dev.explora.cl\/tarapaca\/explora-tarapaca-finaliza-exitoso-ciclo-de-charlas-virtuales-ciencia-abierta\/#respond\"]}]},{\"@type\":\"WebPage\",\"@id\":\"https:\/\/dev.explora.cl\/tarapaca\/explora-tarapaca-finaliza-exitoso-ciclo-de-charlas-virtuales-ciencia-abierta\/\",\"url\":\"https:\/\/dev.explora.cl\/tarapaca\/explora-tarapaca-finaliza-exitoso-ciclo-de-charlas-virtuales-ciencia-abierta\/\",\"name\":\"Explora Tarapac\u00e1 finaliza exitoso ciclo de charlas virtuales \u201cCiencia Abierta\u201d - Tarapaca\",\"isPartOf\":{\"@id\":\"https:\/\/dev.explora.cl\/tarapaca\/#website\"},\"primaryImageOfPage\":{\"@id\":\"https:\/\/dev.explora.cl\/tarapaca\/explora-tarapaca-finaliza-exitoso-ciclo-de-charlas-virtuales-ciencia-abierta\/#primaryimage\"},\"image\":{\"@id\":\"https:\/\/dev.explora.cl\/tarapaca\/explora-tarapaca-finaliza-exitoso-ciclo-de-charlas-virtuales-ciencia-abierta\/#primaryimage\"},\"thumbnailUrl\":\"https:\/\/dev.explora.cl\/tarapaca\/wp-content\/uploads\/sites\/3\/2021\/03\/01.png\",\"datePublished\":\"2021-03-19T21:30:29+00:00\",\"dateModified\":\"2021-09-10T15:09:41+00:00\",\"author\":{\"@id\":\"https:\/\/dev.explora.cl\/tarapaca\/#\/schema\/person\/ca04f8a8f8e25243bd462d34eb1ca505\"},\"breadcrumb\":{\"@id\":\"https:\/\/dev.explora.cl\/tarapaca\/explora-tarapaca-finaliza-exitoso-ciclo-de-charlas-virtuales-ciencia-abierta\/#breadcrumb\"},\"inLanguage\":\"es-CL\",\"potentialAction\":[{\"@type\":\"ReadAction\",\"target\":[\"https:\/\/dev.explora.cl\/tarapaca\/explora-tarapaca-finaliza-exitoso-ciclo-de-charlas-virtuales-ciencia-abierta\/\"]}]},{\"@type\":\"ImageObject\",\"inLanguage\":\"es-CL\",\"@id\":\"https:\/\/dev.explora.cl\/tarapaca\/explora-tarapaca-finaliza-exitoso-ciclo-de-charlas-virtuales-ciencia-abierta\/#primaryimage\",\"url\":\"https:\/\/dev.explora.cl\/tarapaca\/wp-content\/uploads\/sites\/3\/2021\/03\/01.png\",\"contentUrl\":\"https:\/\/dev.explora.cl\/tarapaca\/wp-content\/uploads\/sites\/3\/2021\/03\/01.png\",\"width\":1123,\"height\":644},{\"@type\":\"BreadcrumbList\",\"@id\":\"https:\/\/dev.explora.cl\/tarapaca\/explora-tarapaca-finaliza-exitoso-ciclo-de-charlas-virtuales-ciencia-abierta\/#breadcrumb\",\"itemListElement\":[{\"@type\":\"ListItem\",\"position\":1,\"name\":\"Portada\",\"item\":\"https:\/\/dev.explora.cl\/tarapaca\/\"},{\"@type\":\"ListItem\",\"position\":2,\"name\":\"Explora Tarapac\u00e1 finaliza exitoso ciclo de charlas virtuales \u201cCiencia Abierta\u201d\"}]},{\"@type\":\"WebSite\",\"@id\":\"https:\/\/dev.explora.cl\/tarapaca\/#website\",\"url\":\"https:\/\/dev.explora.cl\/tarapaca\/\",\"name\":\"Tarapaca\",\"description\":\"Otro sitio m\u00e1s de dev.explora.cl\",\"potentialAction\":[{\"@type\":\"SearchAction\",\"target\":{\"@type\":\"EntryPoint\",\"urlTemplate\":\"https:\/\/dev.explora.cl\/tarapaca\/?s={search_term_string}\"},\"query-input\":{\"@type\":\"PropertyValueSpecification\",\"valueRequired\":true,\"valueName\":\"search_term_string\"}}],\"inLanguage\":\"es-CL\"},{\"@type\":\"Person\",\"@id\":\"https:\/\/dev.explora.cl\/tarapaca\/#\/schema\/person\/ca04f8a8f8e25243bd462d34eb1ca505\",\"name\":\"admintarapaca\",\"image\":{\"@type\":\"ImageObject\",\"inLanguage\":\"es-CL\",\"@id\":\"https:\/\/dev.explora.cl\/tarapaca\/#\/schema\/person\/image\/\",\"url\":\"https:\/\/secure.gravatar.com\/avatar\/8ff4762fabbf7a1732a126425c82d628f08ba754529d77a55358cbb74e14343f?s=96&d=mm&r=g\",\"contentUrl\":\"https:\/\/secure.gravatar.com\/avatar\/8ff4762fabbf7a1732a126425c82d628f08ba754529d77a55358cbb74e14343f?s=96&d=mm&r=g\",\"caption\":\"admintarapaca\"},\"url\":\"https:\/\/dev.explora.cl\/tarapaca\/author\/dolivares\/\"}]}<\/script>\n<!-- \/ Yoast SEO plugin. -->","yoast_head_json":{"title":"Explora Tarapac\u00e1 finaliza exitoso ciclo de charlas virtuales \u201cCiencia Abierta\u201d - Tarapaca","robots":{"index":"index","follow":"follow","max-snippet":"max-snippet:-1","max-image-preview":"max-image-preview:large","max-video-preview":"max-video-preview:-1"},"canonical":"https:\/\/dev.explora.cl\/tarapaca\/explora-tarapaca-finaliza-exitoso-ciclo-de-charlas-virtuales-ciencia-abierta\/","og_locale":"es_ES","og_type":"article","og_title":"Explora Tarapac\u00e1 finaliza exitoso ciclo de charlas virtuales \u201cCiencia Abierta\u201d - Tarapaca","og_description":"* Proyecto de la Universidad de Tarapac\u00e1 Sede Iquique realiz\u00f3 20 charlas con especialistas, en su mayor\u00eda con grado acad\u00e9mico de Doctor o Post Doctorado. * Directora General de Sede Iquique de la UTA, Dra. Yasna Godoy Henr\u00edquez, felicit\u00f3 el gran aporte de esta iniciativa. La Universidad de Tarapac\u00e1 Sede Iquique, a trav\u00e9s de su [&hellip;]","og_url":"https:\/\/dev.explora.cl\/tarapaca\/explora-tarapaca-finaliza-exitoso-ciclo-de-charlas-virtuales-ciencia-abierta\/","og_site_name":"Tarapaca","article_published_time":"2021-03-19T21:30:29+00:00","article_modified_time":"2021-09-10T15:09:41+00:00","og_image":[{"width":1123,"height":644,"url":"https:\/\/dev.explora.cl\/tarapaca\/wp-content\/uploads\/sites\/3\/2021\/03\/01.png","type":"image\/png"}],"author":"admintarapaca","twitter_card":"summary_large_image","twitter_misc":{"Escrito por":"admintarapaca","Tiempo estimado de lectura":"3 minutos"},"schema":{"@context":"https:\/\/schema.org","@graph":[{"@type":"Article","@id":"https:\/\/dev.explora.cl\/tarapaca\/explora-tarapaca-finaliza-exitoso-ciclo-de-charlas-virtuales-ciencia-abierta\/#article","isPartOf":{"@id":"https:\/\/dev.explora.cl\/tarapaca\/explora-tarapaca-finaliza-exitoso-ciclo-de-charlas-virtuales-ciencia-abierta\/"},"author":{"name":"admintarapaca","@id":"https:\/\/dev.explora.cl\/tarapaca\/#\/schema\/person\/ca04f8a8f8e25243bd462d34eb1ca505"},"headline":"Explora Tarapac\u00e1 finaliza exitoso ciclo de charlas virtuales \u201cCiencia Abierta\u201d","datePublished":"2021-03-19T21:30:29+00:00","dateModified":"2021-09-10T15:09:41+00:00","mainEntityOfPage":{"@id":"https:\/\/dev.explora.cl\/tarapaca\/explora-tarapaca-finaliza-exitoso-ciclo-de-charlas-virtuales-ciencia-abierta\/"},"wordCount":666,"commentCount":0,"image":{"@id":"https:\/\/dev.explora.cl\/tarapaca\/explora-tarapaca-finaliza-exitoso-ciclo-de-charlas-virtuales-ciencia-abierta\/#primaryimage"},"thumbnailUrl":"https:\/\/dev.explora.cl\/tarapaca\/wp-content\/uploads\/sites\/3\/2021\/03\/01.png","keywords":["Abierta","Charlas","ciencia","Especialistas","iquique,","Ministerio de Ciencia","tarapac\u00e1,","UTA","UTA Iquique"],"articleSection":["Lugar 8","Noticias"],"inLanguage":"es-CL","potentialAction":[{"@type":"CommentAction","name":"Comment","target":["https:\/\/dev.explora.cl\/tarapaca\/explora-tarapaca-finaliza-exitoso-ciclo-de-charlas-virtuales-ciencia-abierta\/#respond"]}]},{"@type":"WebPage","@id":"https:\/\/dev.explora.cl\/tarapaca\/explora-tarapaca-finaliza-exitoso-ciclo-de-charlas-virtuales-ciencia-abierta\/","url":"https:\/\/dev.explora.cl\/tarapaca\/explora-tarapaca-finaliza-exitoso-ciclo-de-charlas-virtuales-ciencia-abierta\/","name":"Explora Tarapac\u00e1 finaliza exitoso ciclo de charlas virtuales \u201cCiencia Abierta\u201d - Tarapaca","isPartOf":{"@id":"https:\/\/dev.explora.cl\/tarapaca\/#website"},"primaryImageOfPage":{"@id":"https:\/\/dev.explora.cl\/tarapaca\/explora-tarapaca-finaliza-exitoso-ciclo-de-charlas-virtuales-ciencia-abierta\/#primaryimage"},"image":{"@id":"https:\/\/dev.explora.cl\/tarapaca\/explora-tarapaca-finaliza-exitoso-ciclo-de-charlas-virtuales-ciencia-abierta\/#primaryimage"},"thumbnailUrl":"https:\/\/dev.explora.cl\/tarapaca\/wp-content\/uploads\/sites\/3\/2021\/03\/01.png","datePublished":"2021-03-19T21:30:29+00:00","dateModified":"2021-09-10T15:09:41+00:00","author":{"@id":"https:\/\/dev.explora.cl\/tarapaca\/#\/schema\/person\/ca04f8a8f8e25243bd462d34eb1ca505"},"breadcrumb":{"@id":"https:\/\/dev.explora.cl\/tarapaca\/explora-tarapaca-finaliza-exitoso-ciclo-de-charlas-virtuales-ciencia-abierta\/#breadcrumb"},"inLanguage":"es-CL","potentialAction":[{"@type":"ReadAction","target":["https:\/\/dev.explora.cl\/tarapaca\/explora-tarapaca-finaliza-exitoso-ciclo-de-charlas-virtuales-ciencia-abierta\/"]}]},{"@type":"ImageObject","inLanguage":"es-CL","@id":"https:\/\/dev.explora.cl\/tarapaca\/explora-tarapaca-finaliza-exitoso-ciclo-de-charlas-virtuales-ciencia-abierta\/#primaryimage","url":"https:\/\/dev.explora.cl\/tarapaca\/wp-content\/uploads\/sites\/3\/2021\/03\/01.png","contentUrl":"https:\/\/dev.explora.cl\/tarapaca\/wp-content\/uploads\/sites\/3\/2021\/03\/01.png","width":1123,"height":644},{"@type":"BreadcrumbList","@id":"https:\/\/dev.explora.cl\/tarapaca\/explora-tarapaca-finaliza-exitoso-ciclo-de-charlas-virtuales-ciencia-abierta\/#breadcrumb","itemListElement":[{"@type":"ListItem","position":1,"name":"Portada","item":"https:\/\/dev.explora.cl\/tarapaca\/"},{"@type":"ListItem","position":2,"name":"Explora Tarapac\u00e1 finaliza exitoso ciclo de charlas virtuales \u201cCiencia Abierta\u201d"}]},{"@type":"WebSite","@id":"https:\/\/dev.explora.cl\/tarapaca\/#website","url":"https:\/\/dev.explora.cl\/tarapaca\/","name":"Tarapaca","description":"Otro sitio m\u00e1s de dev.explora.cl","potentialAction":[{"@type":"SearchAction","target":{"@type":"EntryPoint","urlTemplate":"https:\/\/dev.explora.cl\/tarapaca\/?s={search_term_string}"},"query-input":{"@type":"PropertyValueSpecification","valueRequired":true,"valueName":"search_term_string"}}],"inLanguage":"es-CL"},{"@type":"Person","@id":"https:\/\/dev.explora.cl\/tarapaca\/#\/schema\/person\/ca04f8a8f8e25243bd462d34eb1ca505","name":"admintarapaca","image":{"@type":"ImageObject","inLanguage":"es-CL","@id":"https:\/\/dev.explora.cl\/tarapaca\/#\/schema\/person\/image\/","url":"https:\/\/secure.gravatar.com\/avatar\/8ff4762fabbf7a1732a126425c82d628f08ba754529d77a55358cbb74e14343f?s=96&d=mm&r=g","contentUrl":"https:\/\/secure.gravatar.com\/avatar\/8ff4762fabbf7a1732a126425c82d628f08ba754529d77a55358cbb74e14343f?s=96&d=mm&r=g","caption":"admintarapaca"},"url":"https:\/\/dev.explora.cl\/tarapaca\/author\/dolivares\/"}]}},"_links":{"self":[{"href":"https:\/\/dev.explora.cl\/tarapaca\/wp-json\/wp\/v2\/posts\/39252","targetHints":{"allow":["GET"]}}],"collection":[{"href":"https:\/\/dev.explora.cl\/tarapaca\/wp-json\/wp\/v2\/posts"}],"about":[{"href":"https:\/\/dev.explora.cl\/tarapaca\/wp-json\/wp\/v2\/types\/post"}],"author":[{"embeddable":true,"href":"https:\/\/dev.explora.cl\/tarapaca\/wp-json\/wp\/v2\/users\/18"}],"replies":[{"embeddable":true,"href":"https:\/\/dev.explora.cl\/tarapaca\/wp-json\/wp\/v2\/comments?post=39252"}],"version-history":[{"count":1,"href":"https:\/\/dev.explora.cl\/tarapaca\/wp-json\/wp\/v2\/posts\/39252\/revisions"}],"predecessor-version":[{"id":39254,"href":"https:\/\/dev.explora.cl\/tarapaca\/wp-json\/wp\/v2\/posts\/39252\/revisions\/39254"}],"wp:featuredmedia":[{"embeddable":true,"href":"https:\/\/dev.explora.cl\/tarapaca\/wp-json\/wp\/v2\/media\/39253"}],"wp:attachment":[{"href":"https:\/\/dev.explora.cl\/tarapaca\/wp-json\/wp\/v2\/media?parent=39252"}],"wp:term":[{"taxonomy":"category","embeddable":true,"href":"https:\/\/dev.explora.cl\/tarapaca\/wp-json\/wp\/v2\/categories?post=39252"},{"taxonomy":"post_tag","embeddable":true,"href":"https:\/\/dev.explora.cl\/tarapaca\/wp-json\/wp\/v2\/tags?post=39252"}],"curies":[{"name":"wp","href":"https:\/\/api.w.org\/{rel}","templated":true}]}}