{"id":39209,"date":"2021-02-05T13:18:36","date_gmt":"2021-02-05T16:18:36","guid":{"rendered":"https:\/\/dev.explora.cl\/tarapaca\/?p=39209"},"modified":"2021-03-20T12:23:09","modified_gmt":"2021-03-20T15:23:09","slug":"explora-tarapaca-realizara-actividades-virtuales-para-motivar-a-ninos-y-ninas-en-verano","status":"publish","type":"post","link":"https:\/\/dev.explora.cl\/tarapaca\/explora-tarapaca-realizara-actividades-virtuales-para-motivar-a-ninos-y-ninas-en-verano\/","title":{"rendered":"Explora Tarapac\u00e1 realizar\u00e1 actividades virtuales para motivar a ni\u00f1os y ni\u00f1as en el Verano 2021"},"content":{"rendered":"<p class=\"western\" align=\"justify\"><i><b><span style=\"font-family: gobCL, serif\"><span style=\"font-size: medium\">* Proyecto de la Universidad de Tarapac\u00e1 Sede Iquique y del Ministerio de Ciencia, Tecnolog\u00eda, Conocimiento e Innovaci\u00f3n, tiene varias iniciativas que se desarrollar\u00e1n durante febrero del 2021.<\/span><\/span><\/b><\/i><\/p>\n<p class=\"western\" align=\"justify\"><u><span style=\"font-family: gobCL, serif\"><span style=\"font-size: medium\"><b>Concurso de dibujo y arte \u201cExplorando El Morro, mi patrimonio\u201d<\/b><\/span><\/span><\/u><\/p>\n<p class=\"western\" align=\"justify\"><span style=\"font-family: gobCL, serif\"><span style=\"font-size: medium\">En un trabajo conjunto con el Club social y deportivo \u201cUni\u00f3n Morro\u201d y en el marco del \u201cCarnaval Morrino Virtual 2021\u201d, Explora Tarapac\u00e1 realizar\u00e1 el concurso de dibujo y arte \u201cExplorando El Morro, mi patrimonio\u201d, el cual est\u00e1 orientado a ni\u00f1os y ni\u00f1as de entre 4 y 12 a\u00f1os, por rangos etarios que van de 4 a 6, de 7 a 9 y de 10 a 12.<\/span><\/span><\/p>\n<p class=\"western\" align=\"justify\"><span style=\"font-family: gobCL, serif\"><span style=\"font-size: medium\">Esta iniciativa tiene plazo de inscripci\u00f3n hasta el mi\u00e9rcoles 10 de febrero y el concepto a dibujar es <\/span><\/span><span style=\"font-family: gobCL, serif\"><span style=\"font-size: medium\"><i>\u201cEl carnaval en mi memoria\u201d<\/i><\/span><\/span><span style=\"font-family: gobCL, serif\"><span style=\"font-size: medium\">. La t\u00e9cnica de pintura <\/span><\/span><span style=\"font-family: gobCL, serif\"><span style=\"font-size: medium\">que pueden desarrollar <\/span><\/span><span style=\"font-family: gobCL, serif\"><span style=\"font-size: medium\">sus participantes es libre, lo que significa que pueden pintar con lo que estimen conveniente. Las inscripci\u00f3n se hace a trav\u00e9s de la web de dev.explora.cl\/tarapaca.<\/span><\/span><\/p>\n<p class=\"western\" align=\"justify\"><u>\u201c<span style=\"font-family: gobCL, serif\"><span style=\"font-size: medium\"><b>Congreso de paleontolog\u00eda para ni\u00f1os, ni\u00f1as y adolescentes\u201d<\/b><\/span><\/span><\/u><\/p>\n<p class=\"western\" align=\"justify\"><span style=\"font-family: gobCL, serif\"><span style=\"font-size: medium\">Esta instancia se realiza en <\/span><\/span><span style=\"font-family: gobCL, serif\"><span style=\"font-size: medium\">un trabajo conjunto <\/span><\/span><span style=\"font-family: gobCL, serif\"><span style=\"font-size: medium\">con el Museo Regional de Iquique y busca desarrollar el inter\u00e9s por la paleontolog\u00eda <\/span><\/span><span style=\"font-family: gobCL, serif\"><span style=\"font-size: medium\">y las ciencias<\/span><\/span><span style=\"font-family: gobCL, serif\"><span style=\"font-size: medium\"> en ni\u00f1os, ni\u00f1as y adolescentes <\/span><\/span><span style=\"font-family: gobCL, serif\"><span style=\"font-size: medium\">y <\/span><\/span><span style=\"font-family: gobCL, serif\"><span style=\"font-size: medium\">est\u00e1 orientada <\/span><\/span><span style=\"font-family: gobCL, serif\"><span style=\"font-size: medium\">un rango etario de <\/span><\/span><span style=\"font-family: gobCL, serif\"><span style=\"font-size: medium\">10 a 15 a\u00f1os, <\/span><\/span><span style=\"font-family: gobCL, serif\"><span style=\"font-size: medium\">quienes pueden <\/span><\/span><span style=\"font-family: gobCL, serif\"><span style=\"font-size: medium\">postular hasta el pr\u00f3ximo mi\u00e9rcoles 10 de febrero en explora.c<\/span><\/span><span style=\"font-family: gobCL, serif\"><span style=\"font-size: medium\">l<\/span><\/span><span style=\"font-family: gobCL, serif\"><span style=\"font-size: medium\">\/tarapaca. Sus sesiones virtual<\/span><\/span><span style=\"font-family: gobCL, serif\"><span style=\"font-size: medium\">es<\/span><\/span><span style=\"font-family: gobCL, serif\"><span style=\"font-size: medium\"> ser\u00e1n: el lunes 22, el mi\u00e9rcoles 24 y el viernes 26 de febrero, desde las 15 a las 17 horas. <\/span><\/span><span style=\"font-family: gobCL, serif\"><span style=\"font-size: medium\">El evento contar\u00e1 con <\/span><\/span><span style=\"font-family: gobCL, serif\"><span style=\"font-size: medium\">presentaciones y talleres de especialistas en paleontolog\u00eda a nivel nacional.<\/span><\/span><\/p>\n<p class=\"western\" align=\"justify\"><u><span style=\"font-family: gobCL, serif\"><span style=\"font-size: medium\"><b>Ciencia Abierta en Verano<\/b><\/span><\/span><\/u><\/p>\n<p class=\"western\" align=\"justify\"><span style=\"font-family: gobCL, serif\"><span style=\"font-size: medium\">Esta actividad es la continuaci\u00f3n de la iniciativa \u201cCiencia Abierta\u201d, <\/span><\/span><span style=\"font-family: gobCL, serif\"><span style=\"font-size: medium\">la cual<\/span><\/span><span style=\"font-family: gobCL, serif\"><span style=\"font-size: medium\"> busca f<\/span><\/span><span style=\"color: #000000\"><span style=\"font-family: gobCL, serif\"><span style=\"font-size: medium\">ortalecer el v\u00ednculo entre investigadores\/as, divulgadores\/as y la sociedad, a trav\u00e9s de encuentros en formatos l\u00fadicos y participativos. Ser\u00e1n <\/span><\/span><\/span><span style=\"color: #000000\"><span style=\"font-family: gobCL, serif\"><span style=\"font-size: medium\">dos encuentros,<\/span><\/span><\/span><span style=\"color: #000000\"><span style=\"font-family: gobCL, serif\"><span style=\"font-size: medium\"> la primera se realizar\u00e1 el mi\u00e9rcoles 10 de febrero, a las 17:00 horas, titulada <\/span><\/span><\/span><span style=\"color: #000000\"><span style=\"font-family: gobCL, serif\"><span style=\"font-size: medium\"><i>\u201cEl carnaval del barrio El Morro\u201d<\/i><\/span><\/span><\/span><span style=\"color: #000000\"><span style=\"font-family: gobCL, serif\"><span style=\"font-size: medium\">, <\/span><\/span><\/span><span style=\"color: #000000\"><span style=\"font-family: gobCL, serif\"><span style=\"font-size: medium\">que ser\u00e1 presentada por el <\/span><\/span><\/span><span style=\"color: #000000\"><span style=\"font-family: gobCL, serif\"><span style=\"font-size: medium\">Premio Nacional de Historia del 2014 y Profesor titular del Instituto de Alta Investigaci\u00f3n, Doctor Sergio Gonz\u00e1lez Miranda, charla que tambi\u00e9n aportar\u00e1 al desarrollo del \u201cCarnaval Morrino Virtual 2021\u201d; mientras que el jueves 11 de febrero, a las 17 horas, se presentar\u00e1 la charla <\/span><\/span><\/span><span style=\"color: #000000\"><span style=\"font-family: gobCL, serif\"><span style=\"font-size: medium\"><i>\u201cNacer ConCiencia\u201d<\/i><\/span><\/span><\/span><span style=\"color: #000000\"><span style=\"font-family: gobCL, serif\"><span style=\"font-size: medium\">, de la M\u00e1ster en Inteligencia Artificial, Claudia Guerra, <\/span><\/span><\/span><span style=\"color: #000000\"><span style=\"font-family: gobCL, serif\"><span style=\"font-size: medium\">ponencia que <\/span><\/span><\/span><span style=\"color: #000000\"><span style=\"font-family: gobCL, serif\"><span style=\"font-size: medium\">tambi\u00e9n se enmarca en la conmemoraci\u00f3n del \u201cD\u00eda de la mujer y la ni\u00f1a en ciencia\u201d.<\/span><\/span><\/span><\/p>\n<p class=\"western\" align=\"justify\"><u><span style=\"font-family: gobCL, serif\"><span style=\"font-size: medium\"><b>Ciclo Audiovisual \u201cMira y Explora en Casa\u201d<\/b><\/span><\/span><\/u><\/p>\n<p class=\"western\" align=\"justify\"><span style=\"font-family: gobCL, serif\"><span style=\"font-size: medium\">Con el objetivo de generar i<\/span><\/span><span style=\"color: #000000\"><span style=\"font-family: gobCL, serif\"><span style=\"font-size: medium\">nter\u00e9s en la comunidad en tem\u00e1ticas relacionadas con la ciencia, conocimiento, innovaci\u00f3n y tecnolog\u00eda y <\/span><\/span><\/span><span style=\"font-family: gobCL, serif\"><span style=\"font-size: medium\">aportar con material educativo, es que Explora Tarapac\u00e1, <\/span><\/span><span style=\"font-family: gobCL, serif\"><span style=\"font-size: medium\">tendr\u00e1 la exhibici\u00f3n de un audiovisual distinto todos los jueves del mes de febrero, a las 19:00 horas, a trav\u00e9s de facebook.com\/exploratarapaca.<\/span><\/span><\/p>\n<p class=\"western\" align=\"justify\"><span style=\"font-family: gobCL, serif\"><span style=\"font-size: medium\">Estas transmisiones ya partieron el jueves 4 de febrero con la obra de teatro \u201cUn lobo de coraz\u00f3n verde\u201d, y contin\u00faan de la siguiente forma: jueves 11 de febrero, a las 19 horas, documental <\/span><\/span><span style=\"font-family: gobCL, serif\"><span style=\"font-size: medium\"><i>\u201cAgua y arena, una traves\u00eda por el desierto de atacama\u201d<\/i><\/span><\/span><span style=\"font-family: gobCL, serif\"><span style=\"font-size: medium\">, trabajo audiovisual que narra la historia del agua en el \u00e1rido territorio de atacama; el jueves 18 de febrero, a las 19 horas, se exhibir\u00e1 la obra de teatro en sombras chinescas <\/span><\/span><span style=\"font-family: gobCL, serif\"><span style=\"font-size: medium\"><i>\u201cUn viaje por la pampa salitrera\u201d<\/i><\/span><\/span><span style=\"font-family: gobCL, serif\"><span style=\"font-size: medium\">, trabajo audiovisual de la compa\u00f1\u00eda Perro Andante que <\/span><\/span><span style=\"color: #000000\"><span style=\"font-family: gobCL, serif\"><span style=\"font-size: medium\">cuenta la historia de Olga, Rodo, Tina, El\u00edas, junto al simp\u00e1tico gato \u201cEclipse\u201d, quienes intentar\u00e1n detener a la personificaci\u00f3n de la \u201c<\/span><\/span><\/span><span style=\"color: #000000\"><span style=\"font-family: gobCL, serif\"><span style=\"font-size: medium\">o<\/span><\/span><\/span><span style=\"color: #000000\"><span style=\"font-family: gobCL, serif\"><span style=\"font-size: medium\">scuridad\u201d quien quiere quedarse con los fant\u00e1sticos poderes del astro rey; finalmente, el jueves 25 de febrero, a las 19 horas, se e<\/span><\/span><\/span><span style=\"color: #000000\"><span style=\"font-family: gobCL, serif\"><span style=\"font-size: medium\">x<\/span><\/span><\/span><span style=\"color: #000000\"><span style=\"font-family: gobCL, serif\"><span style=\"font-size: medium\">hibir\u00e1 el documenta<\/span><\/span><\/span><span style=\"color: #000000\"><span style=\"font-family: gobCL, serif\"><span style=\"font-size: medium\">l <\/span><\/span><\/span><span style=\"color: #000000\"><span style=\"font-family: gobCL, serif\"><span style=\"font-size: medium\"><i>\u201cExplorando Tarapac\u00e1, desde el puerto hasta la pampa\u201d<\/i><\/span><\/span><\/span><span style=\"color: #000000\"><span style=\"font-family: gobCL, serif\"><span style=\"font-size: medium\">, trabajo audiovisual de Explora Tarapac\u00e1 <\/span><\/span><\/span><span style=\"color: #000000\"><span style=\"font-family: gobCL, serif\"><span style=\"font-size: medium\">que consiste en un <\/span><\/span><\/span><span style=\"color: #000000\"><span style=\"font-family: gobCL, serif\"><span style=\"font-size: medium\">recorrido <\/span><\/span><\/span><span style=\"color: #000000\"><span style=\"font-family: gobCL, serif\"><span style=\"font-size: medium\">a\u00e9reo (con dron) por la <\/span><\/span><\/span><span style=\"color: #000000\"><span style=\"font-family: gobCL, serif\"><span style=\"font-size: medium\">historia y el patrimonio de la regi\u00f3n guiado y narrado por el Premio Nacional de Historia del 2014 <\/span><\/span><\/span><span style=\"color: #000000\"><span style=\"font-family: gobCL, serif\"><span style=\"font-size: medium\">y Profesor del Instituto de Alta Investigaci\u00f3n de la Universidad de Tarapac\u00e1<\/span><\/span><\/span><span style=\"color: #000000\"><span style=\"font-family: gobCL, serif\"><span style=\"font-size: medium\">, <\/span><\/span><\/span><span style=\"color: #000000\"><span style=\"font-family: gobCL, serif\"><span style=\"font-size: medium\">Doctor <\/span><\/span><\/span><span style=\"color: #000000\"><span style=\"font-family: gobCL, serif\"><span style=\"font-size: medium\">Sergio Gonz\u00e1lez Miranda.<\/span><\/span><\/span><\/p>\n","protected":false},"excerpt":{"rendered":"<p>* Proyecto de la Universidad de Tarapac\u00e1 Sede Iquique y del Ministerio de Ciencia, Tecnolog\u00eda, Conocimiento e Innovaci\u00f3n, tiene varias iniciativas que se desarrollar\u00e1n durante febrero del 2021. Concurso de dibujo y arte \u201cExplorando El Morro, mi patrimonio\u201d En un trabajo conjunto con el Club social y deportivo \u201cUni\u00f3n Morro\u201d y en el marco del [&hellip;]<\/p>\n","protected":false},"author":18,"featured_media":39173,"comment_status":"open","ping_status":"open","sticky":false,"template":"","format":"standard","meta":{"_acf_changed":false,"_exactmetrics_skip_tracking":false,"_exactmetrics_sitenote_active":false,"_exactmetrics_sitenote_note":"","_exactmetrics_sitenote_category":0,"footnotes":"","_links_to":"","_links_to_target":""},"categories":[151],"tags":[228,23,155,157,183,172,227],"class_list":["post-39209","post","type-post","status-publish","format-standard","has-post-thumbnail","hentry","category-banner","tag-228","tag-explora","tag-iquique","tag-tarapaca","tag-uta","tag-verano","tag-virtual"],"acf":[],"yoast_head":"<!-- This site is optimized with the Yoast SEO plugin v26.7 - https:\/\/yoast.com\/wordpress\/plugins\/seo\/ -->\n<title>Explora Tarapac\u00e1 realizar\u00e1 actividades virtuales para motivar a ni\u00f1os y ni\u00f1as en el Verano 2021 - Tarapaca<\/title>\n<meta name=\"robots\" content=\"index, follow, max-snippet:-1, max-image-preview:large, max-video-preview:-1\" \/>\n<link rel=\"canonical\" href=\"https:\/\/dev.explora.cl\/tarapaca\/explora-tarapaca-realizara-actividades-virtuales-para-motivar-a-ninos-y-ninas-en-verano\/\" class=\"yoast-seo-meta-tag\" \/>\n<meta property=\"og:locale\" content=\"es_ES\" class=\"yoast-seo-meta-tag\" \/>\n<meta property=\"og:type\" content=\"article\" class=\"yoast-seo-meta-tag\" \/>\n<meta property=\"og:title\" content=\"Explora Tarapac\u00e1 realizar\u00e1 actividades virtuales para motivar a ni\u00f1os y ni\u00f1as en el Verano 2021 - Tarapaca\" class=\"yoast-seo-meta-tag\" \/>\n<meta property=\"og:description\" content=\"* Proyecto de la Universidad de Tarapac\u00e1 Sede Iquique y del Ministerio de Ciencia, Tecnolog\u00eda, Conocimiento e Innovaci\u00f3n, tiene varias iniciativas que se desarrollar\u00e1n durante febrero del 2021. Concurso de dibujo y arte \u201cExplorando El Morro, mi patrimonio\u201d En un trabajo conjunto con el Club social y deportivo \u201cUni\u00f3n Morro\u201d y en el marco del [&hellip;]\" class=\"yoast-seo-meta-tag\" \/>\n<meta property=\"og:url\" content=\"https:\/\/dev.explora.cl\/tarapaca\/explora-tarapaca-realizara-actividades-virtuales-para-motivar-a-ninos-y-ninas-en-verano\/\" class=\"yoast-seo-meta-tag\" \/>\n<meta property=\"og:site_name\" content=\"Tarapaca\" class=\"yoast-seo-meta-tag\" \/>\n<meta property=\"article:published_time\" content=\"2021-02-05T16:18:36+00:00\" class=\"yoast-seo-meta-tag\" \/>\n<meta property=\"article:modified_time\" content=\"2021-03-20T15:23:09+00:00\" class=\"yoast-seo-meta-tag\" \/>\n<meta property=\"og:image\" content=\"https:\/\/dev.explora.cl\/tarapaca\/wp-content\/uploads\/sites\/3\/2021\/01\/veranovirtualexplora_baja-1024x390.jpg\" class=\"yoast-seo-meta-tag\" \/>\n\t<meta property=\"og:image:width\" content=\"1024\" class=\"yoast-seo-meta-tag\" \/>\n\t<meta property=\"og:image:height\" content=\"390\" class=\"yoast-seo-meta-tag\" \/>\n\t<meta property=\"og:image:type\" content=\"image\/jpeg\" class=\"yoast-seo-meta-tag\" \/>\n<meta name=\"author\" content=\"admintarapaca\" class=\"yoast-seo-meta-tag\" \/>\n<meta name=\"twitter:card\" content=\"summary_large_image\" class=\"yoast-seo-meta-tag\" \/>\n<meta name=\"twitter:label1\" content=\"Escrito por\" class=\"yoast-seo-meta-tag\" \/>\n\t<meta name=\"twitter:data1\" content=\"admintarapaca\" class=\"yoast-seo-meta-tag\" \/>\n\t<meta name=\"twitter:label2\" content=\"Tiempo estimado de lectura\" class=\"yoast-seo-meta-tag\" \/>\n\t<meta name=\"twitter:data2\" content=\"3 minutos\" class=\"yoast-seo-meta-tag\" \/>\n<script type=\"application\/ld+json\" class=\"yoast-schema-graph\">{\"@context\":\"https:\/\/schema.org\",\"@graph\":[{\"@type\":\"Article\",\"@id\":\"https:\/\/dev.explora.cl\/tarapaca\/explora-tarapaca-realizara-actividades-virtuales-para-motivar-a-ninos-y-ninas-en-verano\/#article\",\"isPartOf\":{\"@id\":\"https:\/\/dev.explora.cl\/tarapaca\/explora-tarapaca-realizara-actividades-virtuales-para-motivar-a-ninos-y-ninas-en-verano\/\"},\"author\":{\"name\":\"admintarapaca\",\"@id\":\"https:\/\/dev.explora.cl\/tarapaca\/#\/schema\/person\/ca04f8a8f8e25243bd462d34eb1ca505\"},\"headline\":\"Explora Tarapac\u00e1 realizar\u00e1 actividades virtuales para motivar a ni\u00f1os y ni\u00f1as en el Verano 2021\",\"datePublished\":\"2021-02-05T16:18:36+00:00\",\"dateModified\":\"2021-03-20T15:23:09+00:00\",\"mainEntityOfPage\":{\"@id\":\"https:\/\/dev.explora.cl\/tarapaca\/explora-tarapaca-realizara-actividades-virtuales-para-motivar-a-ninos-y-ninas-en-verano\/\"},\"wordCount\":700,\"commentCount\":0,\"image\":{\"@id\":\"https:\/\/dev.explora.cl\/tarapaca\/explora-tarapaca-realizara-actividades-virtuales-para-motivar-a-ninos-y-ninas-en-verano\/#primaryimage\"},\"thumbnailUrl\":\"https:\/\/dev.explora.cl\/tarapaca\/wp-content\/uploads\/sites\/3\/2021\/01\/veranovirtualexplora_baja.jpg\",\"keywords\":[\"2021\",\"EXPLORA\",\"iquique,\",\"tarapac\u00e1,\",\"UTA\",\"Verano\",\"Virtual\"],\"articleSection\":[\"Banner\"],\"inLanguage\":\"es-CL\",\"potentialAction\":[{\"@type\":\"CommentAction\",\"name\":\"Comment\",\"target\":[\"https:\/\/dev.explora.cl\/tarapaca\/explora-tarapaca-realizara-actividades-virtuales-para-motivar-a-ninos-y-ninas-en-verano\/#respond\"]}]},{\"@type\":\"WebPage\",\"@id\":\"https:\/\/dev.explora.cl\/tarapaca\/explora-tarapaca-realizara-actividades-virtuales-para-motivar-a-ninos-y-ninas-en-verano\/\",\"url\":\"https:\/\/dev.explora.cl\/tarapaca\/explora-tarapaca-realizara-actividades-virtuales-para-motivar-a-ninos-y-ninas-en-verano\/\",\"name\":\"Explora Tarapac\u00e1 realizar\u00e1 actividades virtuales para motivar a ni\u00f1os y ni\u00f1as en el Verano 2021 - Tarapaca\",\"isPartOf\":{\"@id\":\"https:\/\/dev.explora.cl\/tarapaca\/#website\"},\"primaryImageOfPage\":{\"@id\":\"https:\/\/dev.explora.cl\/tarapaca\/explora-tarapaca-realizara-actividades-virtuales-para-motivar-a-ninos-y-ninas-en-verano\/#primaryimage\"},\"image\":{\"@id\":\"https:\/\/dev.explora.cl\/tarapaca\/explora-tarapaca-realizara-actividades-virtuales-para-motivar-a-ninos-y-ninas-en-verano\/#primaryimage\"},\"thumbnailUrl\":\"https:\/\/dev.explora.cl\/tarapaca\/wp-content\/uploads\/sites\/3\/2021\/01\/veranovirtualexplora_baja.jpg\",\"datePublished\":\"2021-02-05T16:18:36+00:00\",\"dateModified\":\"2021-03-20T15:23:09+00:00\",\"author\":{\"@id\":\"https:\/\/dev.explora.cl\/tarapaca\/#\/schema\/person\/ca04f8a8f8e25243bd462d34eb1ca505\"},\"breadcrumb\":{\"@id\":\"https:\/\/dev.explora.cl\/tarapaca\/explora-tarapaca-realizara-actividades-virtuales-para-motivar-a-ninos-y-ninas-en-verano\/#breadcrumb\"},\"inLanguage\":\"es-CL\",\"potentialAction\":[{\"@type\":\"ReadAction\",\"target\":[\"https:\/\/dev.explora.cl\/tarapaca\/explora-tarapaca-realizara-actividades-virtuales-para-motivar-a-ninos-y-ninas-en-verano\/\"]}]},{\"@type\":\"ImageObject\",\"inLanguage\":\"es-CL\",\"@id\":\"https:\/\/dev.explora.cl\/tarapaca\/explora-tarapaca-realizara-actividades-virtuales-para-motivar-a-ninos-y-ninas-en-verano\/#primaryimage\",\"url\":\"https:\/\/dev.explora.cl\/tarapaca\/wp-content\/uploads\/sites\/3\/2021\/01\/veranovirtualexplora_baja.jpg\",\"contentUrl\":\"https:\/\/dev.explora.cl\/tarapaca\/wp-content\/uploads\/sites\/3\/2021\/01\/veranovirtualexplora_baja.jpg\",\"width\":3124,\"height\":1189},{\"@type\":\"BreadcrumbList\",\"@id\":\"https:\/\/dev.explora.cl\/tarapaca\/explora-tarapaca-realizara-actividades-virtuales-para-motivar-a-ninos-y-ninas-en-verano\/#breadcrumb\",\"itemListElement\":[{\"@type\":\"ListItem\",\"position\":1,\"name\":\"Portada\",\"item\":\"https:\/\/dev.explora.cl\/tarapaca\/\"},{\"@type\":\"ListItem\",\"position\":2,\"name\":\"Explora Tarapac\u00e1 realizar\u00e1 actividades virtuales para motivar a ni\u00f1os y ni\u00f1as en el Verano 2021\"}]},{\"@type\":\"WebSite\",\"@id\":\"https:\/\/dev.explora.cl\/tarapaca\/#website\",\"url\":\"https:\/\/dev.explora.cl\/tarapaca\/\",\"name\":\"Tarapaca\",\"description\":\"Otro sitio m\u00e1s de dev.explora.cl\",\"potentialAction\":[{\"@type\":\"SearchAction\",\"target\":{\"@type\":\"EntryPoint\",\"urlTemplate\":\"https:\/\/dev.explora.cl\/tarapaca\/?s={search_term_string}\"},\"query-input\":{\"@type\":\"PropertyValueSpecification\",\"valueRequired\":true,\"valueName\":\"search_term_string\"}}],\"inLanguage\":\"es-CL\"},{\"@type\":\"Person\",\"@id\":\"https:\/\/dev.explora.cl\/tarapaca\/#\/schema\/person\/ca04f8a8f8e25243bd462d34eb1ca505\",\"name\":\"admintarapaca\",\"image\":{\"@type\":\"ImageObject\",\"inLanguage\":\"es-CL\",\"@id\":\"https:\/\/dev.explora.cl\/tarapaca\/#\/schema\/person\/image\/\",\"url\":\"https:\/\/secure.gravatar.com\/avatar\/8ff4762fabbf7a1732a126425c82d628f08ba754529d77a55358cbb74e14343f?s=96&d=mm&r=g\",\"contentUrl\":\"https:\/\/secure.gravatar.com\/avatar\/8ff4762fabbf7a1732a126425c82d628f08ba754529d77a55358cbb74e14343f?s=96&d=mm&r=g\",\"caption\":\"admintarapaca\"},\"url\":\"https:\/\/dev.explora.cl\/tarapaca\/author\/dolivares\/\"}]}<\/script>\n<!-- \/ Yoast SEO plugin. -->","yoast_head_json":{"title":"Explora Tarapac\u00e1 realizar\u00e1 actividades virtuales para motivar a ni\u00f1os y ni\u00f1as en el Verano 2021 - Tarapaca","robots":{"index":"index","follow":"follow","max-snippet":"max-snippet:-1","max-image-preview":"max-image-preview:large","max-video-preview":"max-video-preview:-1"},"canonical":"https:\/\/dev.explora.cl\/tarapaca\/explora-tarapaca-realizara-actividades-virtuales-para-motivar-a-ninos-y-ninas-en-verano\/","og_locale":"es_ES","og_type":"article","og_title":"Explora Tarapac\u00e1 realizar\u00e1 actividades virtuales para motivar a ni\u00f1os y ni\u00f1as en el Verano 2021 - Tarapaca","og_description":"* Proyecto de la Universidad de Tarapac\u00e1 Sede Iquique y del Ministerio de Ciencia, Tecnolog\u00eda, Conocimiento e Innovaci\u00f3n, tiene varias iniciativas que se desarrollar\u00e1n durante febrero del 2021. Concurso de dibujo y arte \u201cExplorando El Morro, mi patrimonio\u201d En un trabajo conjunto con el Club social y deportivo \u201cUni\u00f3n Morro\u201d y en el marco del [&hellip;]","og_url":"https:\/\/dev.explora.cl\/tarapaca\/explora-tarapaca-realizara-actividades-virtuales-para-motivar-a-ninos-y-ninas-en-verano\/","og_site_name":"Tarapaca","article_published_time":"2021-02-05T16:18:36+00:00","article_modified_time":"2021-03-20T15:23:09+00:00","og_image":[{"width":1024,"height":390,"url":"https:\/\/dev.explora.cl\/tarapaca\/wp-content\/uploads\/sites\/3\/2021\/01\/veranovirtualexplora_baja-1024x390.jpg","type":"image\/jpeg"}],"author":"admintarapaca","twitter_card":"summary_large_image","twitter_misc":{"Escrito por":"admintarapaca","Tiempo estimado de lectura":"3 minutos"},"schema":{"@context":"https:\/\/schema.org","@graph":[{"@type":"Article","@id":"https:\/\/dev.explora.cl\/tarapaca\/explora-tarapaca-realizara-actividades-virtuales-para-motivar-a-ninos-y-ninas-en-verano\/#article","isPartOf":{"@id":"https:\/\/dev.explora.cl\/tarapaca\/explora-tarapaca-realizara-actividades-virtuales-para-motivar-a-ninos-y-ninas-en-verano\/"},"author":{"name":"admintarapaca","@id":"https:\/\/dev.explora.cl\/tarapaca\/#\/schema\/person\/ca04f8a8f8e25243bd462d34eb1ca505"},"headline":"Explora Tarapac\u00e1 realizar\u00e1 actividades virtuales para motivar a ni\u00f1os y ni\u00f1as en el Verano 2021","datePublished":"2021-02-05T16:18:36+00:00","dateModified":"2021-03-20T15:23:09+00:00","mainEntityOfPage":{"@id":"https:\/\/dev.explora.cl\/tarapaca\/explora-tarapaca-realizara-actividades-virtuales-para-motivar-a-ninos-y-ninas-en-verano\/"},"wordCount":700,"commentCount":0,"image":{"@id":"https:\/\/dev.explora.cl\/tarapaca\/explora-tarapaca-realizara-actividades-virtuales-para-motivar-a-ninos-y-ninas-en-verano\/#primaryimage"},"thumbnailUrl":"https:\/\/dev.explora.cl\/tarapaca\/wp-content\/uploads\/sites\/3\/2021\/01\/veranovirtualexplora_baja.jpg","keywords":["2021","EXPLORA","iquique,","tarapac\u00e1,","UTA","Verano","Virtual"],"articleSection":["Banner"],"inLanguage":"es-CL","potentialAction":[{"@type":"CommentAction","name":"Comment","target":["https:\/\/dev.explora.cl\/tarapaca\/explora-tarapaca-realizara-actividades-virtuales-para-motivar-a-ninos-y-ninas-en-verano\/#respond"]}]},{"@type":"WebPage","@id":"https:\/\/dev.explora.cl\/tarapaca\/explora-tarapaca-realizara-actividades-virtuales-para-motivar-a-ninos-y-ninas-en-verano\/","url":"https:\/\/dev.explora.cl\/tarapaca\/explora-tarapaca-realizara-actividades-virtuales-para-motivar-a-ninos-y-ninas-en-verano\/","name":"Explora Tarapac\u00e1 realizar\u00e1 actividades virtuales para motivar a ni\u00f1os y ni\u00f1as en el Verano 2021 - Tarapaca","isPartOf":{"@id":"https:\/\/dev.explora.cl\/tarapaca\/#website"},"primaryImageOfPage":{"@id":"https:\/\/dev.explora.cl\/tarapaca\/explora-tarapaca-realizara-actividades-virtuales-para-motivar-a-ninos-y-ninas-en-verano\/#primaryimage"},"image":{"@id":"https:\/\/dev.explora.cl\/tarapaca\/explora-tarapaca-realizara-actividades-virtuales-para-motivar-a-ninos-y-ninas-en-verano\/#primaryimage"},"thumbnailUrl":"https:\/\/dev.explora.cl\/tarapaca\/wp-content\/uploads\/sites\/3\/2021\/01\/veranovirtualexplora_baja.jpg","datePublished":"2021-02-05T16:18:36+00:00","dateModified":"2021-03-20T15:23:09+00:00","author":{"@id":"https:\/\/dev.explora.cl\/tarapaca\/#\/schema\/person\/ca04f8a8f8e25243bd462d34eb1ca505"},"breadcrumb":{"@id":"https:\/\/dev.explora.cl\/tarapaca\/explora-tarapaca-realizara-actividades-virtuales-para-motivar-a-ninos-y-ninas-en-verano\/#breadcrumb"},"inLanguage":"es-CL","potentialAction":[{"@type":"ReadAction","target":["https:\/\/dev.explora.cl\/tarapaca\/explora-tarapaca-realizara-actividades-virtuales-para-motivar-a-ninos-y-ninas-en-verano\/"]}]},{"@type":"ImageObject","inLanguage":"es-CL","@id":"https:\/\/dev.explora.cl\/tarapaca\/explora-tarapaca-realizara-actividades-virtuales-para-motivar-a-ninos-y-ninas-en-verano\/#primaryimage","url":"https:\/\/dev.explora.cl\/tarapaca\/wp-content\/uploads\/sites\/3\/2021\/01\/veranovirtualexplora_baja.jpg","contentUrl":"https:\/\/dev.explora.cl\/tarapaca\/wp-content\/uploads\/sites\/3\/2021\/01\/veranovirtualexplora_baja.jpg","width":3124,"height":1189},{"@type":"BreadcrumbList","@id":"https:\/\/dev.explora.cl\/tarapaca\/explora-tarapaca-realizara-actividades-virtuales-para-motivar-a-ninos-y-ninas-en-verano\/#breadcrumb","itemListElement":[{"@type":"ListItem","position":1,"name":"Portada","item":"https:\/\/dev.explora.cl\/tarapaca\/"},{"@type":"ListItem","position":2,"name":"Explora Tarapac\u00e1 realizar\u00e1 actividades virtuales para motivar a ni\u00f1os y ni\u00f1as en el Verano 2021"}]},{"@type":"WebSite","@id":"https:\/\/dev.explora.cl\/tarapaca\/#website","url":"https:\/\/dev.explora.cl\/tarapaca\/","name":"Tarapaca","description":"Otro sitio m\u00e1s de dev.explora.cl","potentialAction":[{"@type":"SearchAction","target":{"@type":"EntryPoint","urlTemplate":"https:\/\/dev.explora.cl\/tarapaca\/?s={search_term_string}"},"query-input":{"@type":"PropertyValueSpecification","valueRequired":true,"valueName":"search_term_string"}}],"inLanguage":"es-CL"},{"@type":"Person","@id":"https:\/\/dev.explora.cl\/tarapaca\/#\/schema\/person\/ca04f8a8f8e25243bd462d34eb1ca505","name":"admintarapaca","image":{"@type":"ImageObject","inLanguage":"es-CL","@id":"https:\/\/dev.explora.cl\/tarapaca\/#\/schema\/person\/image\/","url":"https:\/\/secure.gravatar.com\/avatar\/8ff4762fabbf7a1732a126425c82d628f08ba754529d77a55358cbb74e14343f?s=96&d=mm&r=g","contentUrl":"https:\/\/secure.gravatar.com\/avatar\/8ff4762fabbf7a1732a126425c82d628f08ba754529d77a55358cbb74e14343f?s=96&d=mm&r=g","caption":"admintarapaca"},"url":"https:\/\/dev.explora.cl\/tarapaca\/author\/dolivares\/"}]}},"_links":{"self":[{"href":"https:\/\/dev.explora.cl\/tarapaca\/wp-json\/wp\/v2\/posts\/39209","targetHints":{"allow":["GET"]}}],"collection":[{"href":"https:\/\/dev.explora.cl\/tarapaca\/wp-json\/wp\/v2\/posts"}],"about":[{"href":"https:\/\/dev.explora.cl\/tarapaca\/wp-json\/wp\/v2\/types\/post"}],"author":[{"embeddable":true,"href":"https:\/\/dev.explora.cl\/tarapaca\/wp-json\/wp\/v2\/users\/18"}],"replies":[{"embeddable":true,"href":"https:\/\/dev.explora.cl\/tarapaca\/wp-json\/wp\/v2\/comments?post=39209"}],"version-history":[{"count":5,"href":"https:\/\/dev.explora.cl\/tarapaca\/wp-json\/wp\/v2\/posts\/39209\/revisions"}],"predecessor-version":[{"id":39214,"href":"https:\/\/dev.explora.cl\/tarapaca\/wp-json\/wp\/v2\/posts\/39209\/revisions\/39214"}],"wp:featuredmedia":[{"embeddable":true,"href":"https:\/\/dev.explora.cl\/tarapaca\/wp-json\/wp\/v2\/media\/39173"}],"wp:attachment":[{"href":"https:\/\/dev.explora.cl\/tarapaca\/wp-json\/wp\/v2\/media?parent=39209"}],"wp:term":[{"taxonomy":"category","embeddable":true,"href":"https:\/\/dev.explora.cl\/tarapaca\/wp-json\/wp\/v2\/categories?post=39209"},{"taxonomy":"post_tag","embeddable":true,"href":"https:\/\/dev.explora.cl\/tarapaca\/wp-json\/wp\/v2\/tags?post=39209"}],"curies":[{"name":"wp","href":"https:\/\/api.w.org\/{rel}","templated":true}]}}