{"id":39201,"date":"2021-02-03T10:00:24","date_gmt":"2021-02-03T13:00:24","guid":{"rendered":"https:\/\/dev.explora.cl\/tarapaca\/?p=39201"},"modified":"2021-03-11T16:47:57","modified_gmt":"2021-03-11T19:47:57","slug":"explora-tarapaca-y-mri-invitan-a-congreso-de-paleontologia-para-ninos-ninas-y-adolescentes","status":"publish","type":"post","link":"https:\/\/dev.explora.cl\/tarapaca\/explora-tarapaca-y-mri-invitan-a-congreso-de-paleontologia-para-ninos-ninas-y-adolescentes\/","title":{"rendered":"Explora Tarapac\u00e1 invita a ciclo audiovisual los jueves de febrero 2021"},"content":{"rendered":"<p class=\"p1\"><span class=\"s1\">En el marco del \u201cVerano Virtual Explora 2021\u201d, la Universidad de Tarapac\u00e1 Sede Iquique, a trav\u00e9s de su proyecto Explora Tarapac\u00e1, invita a participar del Ciclo Audiovisual &#8220;Mira y Explora en Casa&#8221;. La iniciativa invita a ni\u00f1os, ni\u00f1as, adolescentes y familia en general a la exhibici\u00f3n de un documental o producci\u00f3n audiovisual, que se emitir\u00e1 los d\u00edas jueves del mes de febrero, a las 19:00 horas, por el Facebook de Explora Tarapac\u00e1.<\/span><\/p>\n<p class=\"p1\"><strong><span class=\"s1\">JUEVES 4 de febrero de 2021, a las 19 horas, v\u00eda Facebook de Explora Tarapac\u00e1, se presentar\u00e1 la obra de teatro infantil \u201cUn lobo de coraz\u00f3n verde\u201d.<\/span><\/strong><\/p>\n<p class=\"p1\"><strong><span class=\"s1\"><br \/>\nJUEVES 11 de febrero de 2021, a las 19 horas, v\u00eda Facebook de Explora Tarapac\u00e1, se presentar\u00e1 el documental \u201cAgua y Arena\u201d.<\/span><\/strong><\/p>\n<p class=\"p1\"><strong><span class=\"s1\"><br \/>\nJUEVES 18 de febrero de 2021,a las 19 horas, v\u00eda Facebook de Explora Tarapac\u00e1, se presentar\u00e1 la obra \u201cUn viaje por la pampa salitrera\u201d.<\/span><\/strong><\/p>\n<p class=\"p1\"><strong><span class=\"s1\"><br \/>\nJUEVES 25 de febrero de 2021, a las 19 horas, v\u00eda Facebook de Explora Tarapac\u00e1, se presentar\u00e1 el documental \u201cExplorando Tarapac\u00e1, desde el puerto hasta la pampa\u201d.<\/span><\/strong><\/p>\n<p class=\"p1\"><span class=\"s1\">\u00a1Participa junto a la UTA y Explora Tarapac\u00e1!<\/span><\/p>\n","protected":false},"excerpt":{"rendered":"<p>En el marco del \u201cVerano Virtual Explora 2021\u201d, la Universidad de Tarapac\u00e1 Sede Iquique, a trav\u00e9s de su proyecto Explora Tarapac\u00e1, invita a participar del Ciclo Audiovisual &#8220;Mira y Explora en Casa&#8221;.La iniciativa invita a ni\u00f1os, ni\u00f1as, adolescentes y familia en general a la exhibici\u00f3n de un documental o producci\u00f3n audiovisual, que se emitir\u00e1 los d\u00edas jueves del mes de febrero, a las 19:00 horas, por el Facebook de Explora Tarapac\u00e1.<\/p>\n","protected":false},"author":18,"featured_media":39202,"comment_status":"open","ping_status":"open","sticky":false,"template":"","format":"standard","meta":{"_acf_changed":false,"_exactmetrics_skip_tracking":false,"_exactmetrics_sitenote_active":false,"_exactmetrics_sitenote_note":"","_exactmetrics_sitenote_category":0,"footnotes":"","_links_to":"","_links_to_target":""},"categories":[151],"tags":[],"class_list":["post-39201","post","type-post","status-publish","format-standard","has-post-thumbnail","hentry","category-banner"],"acf":[],"yoast_head":"<!-- This site is optimized with the Yoast SEO plugin v26.7 - https:\/\/yoast.com\/wordpress\/plugins\/seo\/ -->\n<title>Explora Tarapac\u00e1 invita a ciclo audiovisual los jueves de febrero 2021 - Tarapaca<\/title>\n<meta name=\"robots\" content=\"index, follow, max-snippet:-1, max-image-preview:large, max-video-preview:-1\" \/>\n<link rel=\"canonical\" href=\"https:\/\/dev.explora.cl\/tarapaca\/explora-tarapaca-y-mri-invitan-a-congreso-de-paleontologia-para-ninos-ninas-y-adolescentes\/\" class=\"yoast-seo-meta-tag\" \/>\n<meta property=\"og:locale\" content=\"es_ES\" class=\"yoast-seo-meta-tag\" \/>\n<meta property=\"og:type\" content=\"article\" class=\"yoast-seo-meta-tag\" \/>\n<meta property=\"og:title\" content=\"Explora Tarapac\u00e1 invita a ciclo audiovisual los jueves de febrero 2021 - Tarapaca\" class=\"yoast-seo-meta-tag\" \/>\n<meta property=\"og:description\" content=\"En el marco del \u201cVerano Virtual Explora 2021\u201d, la Universidad de Tarapac\u00e1 Sede Iquique, a trav\u00e9s de su proyecto Explora Tarapac\u00e1, invita a participar del Ciclo Audiovisual &quot;Mira y Explora en Casa&quot;.La iniciativa invita a ni\u00f1os, ni\u00f1as, adolescentes y familia en general a la exhibici\u00f3n de un documental o producci\u00f3n audiovisual, que se emitir\u00e1 los d\u00edas jueves del mes de febrero, a las 19:00 horas, por el Facebook de Explora Tarapac\u00e1.\" class=\"yoast-seo-meta-tag\" \/>\n<meta property=\"og:url\" content=\"https:\/\/dev.explora.cl\/tarapaca\/explora-tarapaca-y-mri-invitan-a-congreso-de-paleontologia-para-ninos-ninas-y-adolescentes\/\" class=\"yoast-seo-meta-tag\" \/>\n<meta property=\"og:site_name\" content=\"Tarapaca\" class=\"yoast-seo-meta-tag\" \/>\n<meta property=\"article:published_time\" content=\"2021-02-03T13:00:24+00:00\" class=\"yoast-seo-meta-tag\" \/>\n<meta property=\"article:modified_time\" content=\"2021-03-11T19:47:57+00:00\" class=\"yoast-seo-meta-tag\" \/>\n<meta property=\"og:image\" content=\"https:\/\/dev.explora.cl\/tarapaca\/wp-content\/uploads\/sites\/3\/2021\/02\/CICLO-AUDIOVISUAL-04_baja.jpg\" class=\"yoast-seo-meta-tag\" \/>\n\t<meta property=\"og:image:width\" content=\"1875\" class=\"yoast-seo-meta-tag\" \/>\n\t<meta property=\"og:image:height\" content=\"714\" class=\"yoast-seo-meta-tag\" \/>\n\t<meta property=\"og:image:type\" content=\"image\/jpeg\" class=\"yoast-seo-meta-tag\" \/>\n<meta name=\"author\" content=\"admintarapaca\" class=\"yoast-seo-meta-tag\" \/>\n<meta name=\"twitter:card\" content=\"summary_large_image\" class=\"yoast-seo-meta-tag\" \/>\n<meta name=\"twitter:label1\" content=\"Escrito por\" class=\"yoast-seo-meta-tag\" \/>\n\t<meta name=\"twitter:data1\" content=\"admintarapaca\" class=\"yoast-seo-meta-tag\" \/>\n\t<meta name=\"twitter:label2\" content=\"Tiempo estimado de lectura\" class=\"yoast-seo-meta-tag\" \/>\n\t<meta name=\"twitter:data2\" content=\"1 minuto\" class=\"yoast-seo-meta-tag\" \/>\n<script type=\"application\/ld+json\" class=\"yoast-schema-graph\">{\"@context\":\"https:\/\/schema.org\",\"@graph\":[{\"@type\":\"Article\",\"@id\":\"https:\/\/dev.explora.cl\/tarapaca\/explora-tarapaca-y-mri-invitan-a-congreso-de-paleontologia-para-ninos-ninas-y-adolescentes\/#article\",\"isPartOf\":{\"@id\":\"https:\/\/dev.explora.cl\/tarapaca\/explora-tarapaca-y-mri-invitan-a-congreso-de-paleontologia-para-ninos-ninas-y-adolescentes\/\"},\"author\":{\"name\":\"admintarapaca\",\"@id\":\"https:\/\/dev.explora.cl\/tarapaca\/#\/schema\/person\/ca04f8a8f8e25243bd462d34eb1ca505\"},\"headline\":\"Explora Tarapac\u00e1 invita a ciclo audiovisual los jueves de febrero 2021\",\"datePublished\":\"2021-02-03T13:00:24+00:00\",\"dateModified\":\"2021-03-11T19:47:57+00:00\",\"mainEntityOfPage\":{\"@id\":\"https:\/\/dev.explora.cl\/tarapaca\/explora-tarapaca-y-mri-invitan-a-congreso-de-paleontologia-para-ninos-ninas-y-adolescentes\/\"},\"wordCount\":188,\"commentCount\":0,\"image\":{\"@id\":\"https:\/\/dev.explora.cl\/tarapaca\/explora-tarapaca-y-mri-invitan-a-congreso-de-paleontologia-para-ninos-ninas-y-adolescentes\/#primaryimage\"},\"thumbnailUrl\":\"https:\/\/dev.explora.cl\/tarapaca\/wp-content\/uploads\/sites\/3\/2021\/02\/CICLO-AUDIOVISUAL-04_baja.jpg\",\"articleSection\":[\"Banner\"],\"inLanguage\":\"es-CL\",\"potentialAction\":[{\"@type\":\"CommentAction\",\"name\":\"Comment\",\"target\":[\"https:\/\/dev.explora.cl\/tarapaca\/explora-tarapaca-y-mri-invitan-a-congreso-de-paleontologia-para-ninos-ninas-y-adolescentes\/#respond\"]}]},{\"@type\":\"WebPage\",\"@id\":\"https:\/\/dev.explora.cl\/tarapaca\/explora-tarapaca-y-mri-invitan-a-congreso-de-paleontologia-para-ninos-ninas-y-adolescentes\/\",\"url\":\"https:\/\/dev.explora.cl\/tarapaca\/explora-tarapaca-y-mri-invitan-a-congreso-de-paleontologia-para-ninos-ninas-y-adolescentes\/\",\"name\":\"Explora Tarapac\u00e1 invita a ciclo audiovisual los jueves de febrero 2021 - Tarapaca\",\"isPartOf\":{\"@id\":\"https:\/\/dev.explora.cl\/tarapaca\/#website\"},\"primaryImageOfPage\":{\"@id\":\"https:\/\/dev.explora.cl\/tarapaca\/explora-tarapaca-y-mri-invitan-a-congreso-de-paleontologia-para-ninos-ninas-y-adolescentes\/#primaryimage\"},\"image\":{\"@id\":\"https:\/\/dev.explora.cl\/tarapaca\/explora-tarapaca-y-mri-invitan-a-congreso-de-paleontologia-para-ninos-ninas-y-adolescentes\/#primaryimage\"},\"thumbnailUrl\":\"https:\/\/dev.explora.cl\/tarapaca\/wp-content\/uploads\/sites\/3\/2021\/02\/CICLO-AUDIOVISUAL-04_baja.jpg\",\"datePublished\":\"2021-02-03T13:00:24+00:00\",\"dateModified\":\"2021-03-11T19:47:57+00:00\",\"author\":{\"@id\":\"https:\/\/dev.explora.cl\/tarapaca\/#\/schema\/person\/ca04f8a8f8e25243bd462d34eb1ca505\"},\"breadcrumb\":{\"@id\":\"https:\/\/dev.explora.cl\/tarapaca\/explora-tarapaca-y-mri-invitan-a-congreso-de-paleontologia-para-ninos-ninas-y-adolescentes\/#breadcrumb\"},\"inLanguage\":\"es-CL\",\"potentialAction\":[{\"@type\":\"ReadAction\",\"target\":[\"https:\/\/dev.explora.cl\/tarapaca\/explora-tarapaca-y-mri-invitan-a-congreso-de-paleontologia-para-ninos-ninas-y-adolescentes\/\"]}]},{\"@type\":\"ImageObject\",\"inLanguage\":\"es-CL\",\"@id\":\"https:\/\/dev.explora.cl\/tarapaca\/explora-tarapaca-y-mri-invitan-a-congreso-de-paleontologia-para-ninos-ninas-y-adolescentes\/#primaryimage\",\"url\":\"https:\/\/dev.explora.cl\/tarapaca\/wp-content\/uploads\/sites\/3\/2021\/02\/CICLO-AUDIOVISUAL-04_baja.jpg\",\"contentUrl\":\"https:\/\/dev.explora.cl\/tarapaca\/wp-content\/uploads\/sites\/3\/2021\/02\/CICLO-AUDIOVISUAL-04_baja.jpg\",\"width\":1875,\"height\":714},{\"@type\":\"BreadcrumbList\",\"@id\":\"https:\/\/dev.explora.cl\/tarapaca\/explora-tarapaca-y-mri-invitan-a-congreso-de-paleontologia-para-ninos-ninas-y-adolescentes\/#breadcrumb\",\"itemListElement\":[{\"@type\":\"ListItem\",\"position\":1,\"name\":\"Portada\",\"item\":\"https:\/\/dev.explora.cl\/tarapaca\/\"},{\"@type\":\"ListItem\",\"position\":2,\"name\":\"Explora Tarapac\u00e1 invita a ciclo audiovisual los jueves de febrero 2021\"}]},{\"@type\":\"WebSite\",\"@id\":\"https:\/\/dev.explora.cl\/tarapaca\/#website\",\"url\":\"https:\/\/dev.explora.cl\/tarapaca\/\",\"name\":\"Tarapaca\",\"description\":\"Otro sitio m\u00e1s de dev.explora.cl\",\"potentialAction\":[{\"@type\":\"SearchAction\",\"target\":{\"@type\":\"EntryPoint\",\"urlTemplate\":\"https:\/\/dev.explora.cl\/tarapaca\/?s={search_term_string}\"},\"query-input\":{\"@type\":\"PropertyValueSpecification\",\"valueRequired\":true,\"valueName\":\"search_term_string\"}}],\"inLanguage\":\"es-CL\"},{\"@type\":\"Person\",\"@id\":\"https:\/\/dev.explora.cl\/tarapaca\/#\/schema\/person\/ca04f8a8f8e25243bd462d34eb1ca505\",\"name\":\"admintarapaca\",\"image\":{\"@type\":\"ImageObject\",\"inLanguage\":\"es-CL\",\"@id\":\"https:\/\/dev.explora.cl\/tarapaca\/#\/schema\/person\/image\/\",\"url\":\"https:\/\/secure.gravatar.com\/avatar\/8ff4762fabbf7a1732a126425c82d628f08ba754529d77a55358cbb74e14343f?s=96&d=mm&r=g\",\"contentUrl\":\"https:\/\/secure.gravatar.com\/avatar\/8ff4762fabbf7a1732a126425c82d628f08ba754529d77a55358cbb74e14343f?s=96&d=mm&r=g\",\"caption\":\"admintarapaca\"},\"url\":\"https:\/\/dev.explora.cl\/tarapaca\/author\/dolivares\/\"}]}<\/script>\n<!-- \/ Yoast SEO plugin. -->","yoast_head_json":{"title":"Explora Tarapac\u00e1 invita a ciclo audiovisual los jueves de febrero 2021 - Tarapaca","robots":{"index":"index","follow":"follow","max-snippet":"max-snippet:-1","max-image-preview":"max-image-preview:large","max-video-preview":"max-video-preview:-1"},"canonical":"https:\/\/dev.explora.cl\/tarapaca\/explora-tarapaca-y-mri-invitan-a-congreso-de-paleontologia-para-ninos-ninas-y-adolescentes\/","og_locale":"es_ES","og_type":"article","og_title":"Explora Tarapac\u00e1 invita a ciclo audiovisual los jueves de febrero 2021 - Tarapaca","og_description":"En el marco del \u201cVerano Virtual Explora 2021\u201d, la Universidad de Tarapac\u00e1 Sede Iquique, a trav\u00e9s de su proyecto Explora Tarapac\u00e1, invita a participar del Ciclo Audiovisual \"Mira y Explora en Casa\".La iniciativa invita a ni\u00f1os, ni\u00f1as, adolescentes y familia en general a la exhibici\u00f3n de un documental o producci\u00f3n audiovisual, que se emitir\u00e1 los d\u00edas jueves del mes de febrero, a las 19:00 horas, por el Facebook de Explora Tarapac\u00e1.","og_url":"https:\/\/dev.explora.cl\/tarapaca\/explora-tarapaca-y-mri-invitan-a-congreso-de-paleontologia-para-ninos-ninas-y-adolescentes\/","og_site_name":"Tarapaca","article_published_time":"2021-02-03T13:00:24+00:00","article_modified_time":"2021-03-11T19:47:57+00:00","og_image":[{"width":1875,"height":714,"url":"https:\/\/dev.explora.cl\/tarapaca\/wp-content\/uploads\/sites\/3\/2021\/02\/CICLO-AUDIOVISUAL-04_baja.jpg","type":"image\/jpeg"}],"author":"admintarapaca","twitter_card":"summary_large_image","twitter_misc":{"Escrito por":"admintarapaca","Tiempo estimado de lectura":"1 minuto"},"schema":{"@context":"https:\/\/schema.org","@graph":[{"@type":"Article","@id":"https:\/\/dev.explora.cl\/tarapaca\/explora-tarapaca-y-mri-invitan-a-congreso-de-paleontologia-para-ninos-ninas-y-adolescentes\/#article","isPartOf":{"@id":"https:\/\/dev.explora.cl\/tarapaca\/explora-tarapaca-y-mri-invitan-a-congreso-de-paleontologia-para-ninos-ninas-y-adolescentes\/"},"author":{"name":"admintarapaca","@id":"https:\/\/dev.explora.cl\/tarapaca\/#\/schema\/person\/ca04f8a8f8e25243bd462d34eb1ca505"},"headline":"Explora Tarapac\u00e1 invita a ciclo audiovisual los jueves de febrero 2021","datePublished":"2021-02-03T13:00:24+00:00","dateModified":"2021-03-11T19:47:57+00:00","mainEntityOfPage":{"@id":"https:\/\/dev.explora.cl\/tarapaca\/explora-tarapaca-y-mri-invitan-a-congreso-de-paleontologia-para-ninos-ninas-y-adolescentes\/"},"wordCount":188,"commentCount":0,"image":{"@id":"https:\/\/dev.explora.cl\/tarapaca\/explora-tarapaca-y-mri-invitan-a-congreso-de-paleontologia-para-ninos-ninas-y-adolescentes\/#primaryimage"},"thumbnailUrl":"https:\/\/dev.explora.cl\/tarapaca\/wp-content\/uploads\/sites\/3\/2021\/02\/CICLO-AUDIOVISUAL-04_baja.jpg","articleSection":["Banner"],"inLanguage":"es-CL","potentialAction":[{"@type":"CommentAction","name":"Comment","target":["https:\/\/dev.explora.cl\/tarapaca\/explora-tarapaca-y-mri-invitan-a-congreso-de-paleontologia-para-ninos-ninas-y-adolescentes\/#respond"]}]},{"@type":"WebPage","@id":"https:\/\/dev.explora.cl\/tarapaca\/explora-tarapaca-y-mri-invitan-a-congreso-de-paleontologia-para-ninos-ninas-y-adolescentes\/","url":"https:\/\/dev.explora.cl\/tarapaca\/explora-tarapaca-y-mri-invitan-a-congreso-de-paleontologia-para-ninos-ninas-y-adolescentes\/","name":"Explora Tarapac\u00e1 invita a ciclo audiovisual los jueves de febrero 2021 - Tarapaca","isPartOf":{"@id":"https:\/\/dev.explora.cl\/tarapaca\/#website"},"primaryImageOfPage":{"@id":"https:\/\/dev.explora.cl\/tarapaca\/explora-tarapaca-y-mri-invitan-a-congreso-de-paleontologia-para-ninos-ninas-y-adolescentes\/#primaryimage"},"image":{"@id":"https:\/\/dev.explora.cl\/tarapaca\/explora-tarapaca-y-mri-invitan-a-congreso-de-paleontologia-para-ninos-ninas-y-adolescentes\/#primaryimage"},"thumbnailUrl":"https:\/\/dev.explora.cl\/tarapaca\/wp-content\/uploads\/sites\/3\/2021\/02\/CICLO-AUDIOVISUAL-04_baja.jpg","datePublished":"2021-02-03T13:00:24+00:00","dateModified":"2021-03-11T19:47:57+00:00","author":{"@id":"https:\/\/dev.explora.cl\/tarapaca\/#\/schema\/person\/ca04f8a8f8e25243bd462d34eb1ca505"},"breadcrumb":{"@id":"https:\/\/dev.explora.cl\/tarapaca\/explora-tarapaca-y-mri-invitan-a-congreso-de-paleontologia-para-ninos-ninas-y-adolescentes\/#breadcrumb"},"inLanguage":"es-CL","potentialAction":[{"@type":"ReadAction","target":["https:\/\/dev.explora.cl\/tarapaca\/explora-tarapaca-y-mri-invitan-a-congreso-de-paleontologia-para-ninos-ninas-y-adolescentes\/"]}]},{"@type":"ImageObject","inLanguage":"es-CL","@id":"https:\/\/dev.explora.cl\/tarapaca\/explora-tarapaca-y-mri-invitan-a-congreso-de-paleontologia-para-ninos-ninas-y-adolescentes\/#primaryimage","url":"https:\/\/dev.explora.cl\/tarapaca\/wp-content\/uploads\/sites\/3\/2021\/02\/CICLO-AUDIOVISUAL-04_baja.jpg","contentUrl":"https:\/\/dev.explora.cl\/tarapaca\/wp-content\/uploads\/sites\/3\/2021\/02\/CICLO-AUDIOVISUAL-04_baja.jpg","width":1875,"height":714},{"@type":"BreadcrumbList","@id":"https:\/\/dev.explora.cl\/tarapaca\/explora-tarapaca-y-mri-invitan-a-congreso-de-paleontologia-para-ninos-ninas-y-adolescentes\/#breadcrumb","itemListElement":[{"@type":"ListItem","position":1,"name":"Portada","item":"https:\/\/dev.explora.cl\/tarapaca\/"},{"@type":"ListItem","position":2,"name":"Explora Tarapac\u00e1 invita a ciclo audiovisual los jueves de febrero 2021"}]},{"@type":"WebSite","@id":"https:\/\/dev.explora.cl\/tarapaca\/#website","url":"https:\/\/dev.explora.cl\/tarapaca\/","name":"Tarapaca","description":"Otro sitio m\u00e1s de dev.explora.cl","potentialAction":[{"@type":"SearchAction","target":{"@type":"EntryPoint","urlTemplate":"https:\/\/dev.explora.cl\/tarapaca\/?s={search_term_string}"},"query-input":{"@type":"PropertyValueSpecification","valueRequired":true,"valueName":"search_term_string"}}],"inLanguage":"es-CL"},{"@type":"Person","@id":"https:\/\/dev.explora.cl\/tarapaca\/#\/schema\/person\/ca04f8a8f8e25243bd462d34eb1ca505","name":"admintarapaca","image":{"@type":"ImageObject","inLanguage":"es-CL","@id":"https:\/\/dev.explora.cl\/tarapaca\/#\/schema\/person\/image\/","url":"https:\/\/secure.gravatar.com\/avatar\/8ff4762fabbf7a1732a126425c82d628f08ba754529d77a55358cbb74e14343f?s=96&d=mm&r=g","contentUrl":"https:\/\/secure.gravatar.com\/avatar\/8ff4762fabbf7a1732a126425c82d628f08ba754529d77a55358cbb74e14343f?s=96&d=mm&r=g","caption":"admintarapaca"},"url":"https:\/\/dev.explora.cl\/tarapaca\/author\/dolivares\/"}]}},"_links":{"self":[{"href":"https:\/\/dev.explora.cl\/tarapaca\/wp-json\/wp\/v2\/posts\/39201","targetHints":{"allow":["GET"]}}],"collection":[{"href":"https:\/\/dev.explora.cl\/tarapaca\/wp-json\/wp\/v2\/posts"}],"about":[{"href":"https:\/\/dev.explora.cl\/tarapaca\/wp-json\/wp\/v2\/types\/post"}],"author":[{"embeddable":true,"href":"https:\/\/dev.explora.cl\/tarapaca\/wp-json\/wp\/v2\/users\/18"}],"replies":[{"embeddable":true,"href":"https:\/\/dev.explora.cl\/tarapaca\/wp-json\/wp\/v2\/comments?post=39201"}],"version-history":[{"count":5,"href":"https:\/\/dev.explora.cl\/tarapaca\/wp-json\/wp\/v2\/posts\/39201\/revisions"}],"predecessor-version":[{"id":39205,"href":"https:\/\/dev.explora.cl\/tarapaca\/wp-json\/wp\/v2\/posts\/39201\/revisions\/39205"}],"wp:featuredmedia":[{"embeddable":true,"href":"https:\/\/dev.explora.cl\/tarapaca\/wp-json\/wp\/v2\/media\/39202"}],"wp:attachment":[{"href":"https:\/\/dev.explora.cl\/tarapaca\/wp-json\/wp\/v2\/media?parent=39201"}],"wp:term":[{"taxonomy":"category","embeddable":true,"href":"https:\/\/dev.explora.cl\/tarapaca\/wp-json\/wp\/v2\/categories?post=39201"},{"taxonomy":"post_tag","embeddable":true,"href":"https:\/\/dev.explora.cl\/tarapaca\/wp-json\/wp\/v2\/tags?post=39201"}],"curies":[{"name":"wp","href":"https:\/\/api.w.org\/{rel}","templated":true}]}}