{"id":39172,"date":"2021-01-27T09:30:15","date_gmt":"2021-01-27T12:30:15","guid":{"rendered":"https:\/\/dev.explora.cl\/tarapaca\/?p=39172"},"modified":"2021-02-03T19:23:50","modified_gmt":"2021-02-03T22:23:50","slug":"se-vienen-las-actividades-del-verano-virtual-explora-2021","status":"publish","type":"post","link":"https:\/\/dev.explora.cl\/tarapaca\/se-vienen-las-actividades-del-verano-virtual-explora-2021\/","title":{"rendered":"\u00a1Se vienen las actividades del Verano Virtual Explora 2021!"},"content":{"rendered":"<p>A partir del 1 de febrero, la Universidad de Tarapac\u00e1 Sede Iquique, a trav\u00e9s de tu proyecto Explora Tarapac\u00e1, invita a ni\u00f1os, ni\u00f1as, adolescentes, j\u00f3venes y adultos a participar de sus diversas actividades. Por la pandemia COVID-19 todas nuestras actividades ser\u00e1n virtuales, pero no por eso menos entretenidas. Pr\u00f3ximamente te explicaremos sobre la realizaci\u00f3n de todas nuestras actividades que buscan acercar la ciencia, la tecnolog\u00eda, el conocimiento y la innovaci\u00f3n a todos y todas.<\/p>\n<p><strong>Pronto&#8230;<\/strong><\/p>\n<p>&nbsp;<\/p>\n","protected":false},"excerpt":{"rendered":"<p>A partir del 1 de febrero, la Universidad de Tarapac\u00e1 Sede Iquique, a trav\u00e9s de tu proyecto Explora Tarapac\u00e1, invita a ni\u00f1os, ni\u00f1as, adolescentes, j\u00f3venes y adultos a participar de sus diversas actividades. Por la pandemia COVID-19 todas nuestras actividades ser\u00e1n virtuales, pero no por eso menos entretenidas. Pr\u00f3ximamente te explicaremos sobre la realizaci\u00f3n de [&hellip;]<\/p>\n","protected":false},"author":18,"featured_media":39173,"comment_status":"open","ping_status":"open","sticky":false,"template":"","format":"standard","meta":{"_acf_changed":false,"_exactmetrics_skip_tracking":false,"_exactmetrics_sitenote_active":false,"_exactmetrics_sitenote_note":"","_exactmetrics_sitenote_category":0,"footnotes":"","_links_to":"","_links_to_target":""},"categories":[151],"tags":[228,107,23,155,157,183,172,227],"class_list":["post-39172","post","type-post","status-publish","format-standard","has-post-thumbnail","hentry","category-banner","tag-228","tag-ciencia","tag-explora","tag-iquique","tag-tarapaca","tag-uta","tag-verano","tag-virtual"],"acf":[],"yoast_head":"<!-- This site is optimized with the Yoast SEO plugin v26.7 - https:\/\/yoast.com\/wordpress\/plugins\/seo\/ -->\n<title>\u00a1Se vienen las actividades del Verano Virtual Explora 2021! - Tarapaca<\/title>\n<meta name=\"robots\" content=\"index, follow, max-snippet:-1, max-image-preview:large, max-video-preview:-1\" \/>\n<link rel=\"canonical\" href=\"https:\/\/dev.explora.cl\/tarapaca\/se-vienen-las-actividades-del-verano-virtual-explora-2021\/\" class=\"yoast-seo-meta-tag\" \/>\n<meta property=\"og:locale\" content=\"es_ES\" class=\"yoast-seo-meta-tag\" \/>\n<meta property=\"og:type\" content=\"article\" class=\"yoast-seo-meta-tag\" \/>\n<meta property=\"og:title\" content=\"\u00a1Se vienen las actividades del Verano Virtual Explora 2021! - Tarapaca\" class=\"yoast-seo-meta-tag\" \/>\n<meta property=\"og:description\" content=\"A partir del 1 de febrero, la Universidad de Tarapac\u00e1 Sede Iquique, a trav\u00e9s de tu proyecto Explora Tarapac\u00e1, invita a ni\u00f1os, ni\u00f1as, adolescentes, j\u00f3venes y adultos a participar de sus diversas actividades. Por la pandemia COVID-19 todas nuestras actividades ser\u00e1n virtuales, pero no por eso menos entretenidas. Pr\u00f3ximamente te explicaremos sobre la realizaci\u00f3n de [&hellip;]\" class=\"yoast-seo-meta-tag\" \/>\n<meta property=\"og:url\" content=\"https:\/\/dev.explora.cl\/tarapaca\/se-vienen-las-actividades-del-verano-virtual-explora-2021\/\" class=\"yoast-seo-meta-tag\" \/>\n<meta property=\"og:site_name\" content=\"Tarapaca\" class=\"yoast-seo-meta-tag\" \/>\n<meta property=\"article:published_time\" content=\"2021-01-27T12:30:15+00:00\" class=\"yoast-seo-meta-tag\" \/>\n<meta property=\"article:modified_time\" content=\"2021-02-03T22:23:50+00:00\" class=\"yoast-seo-meta-tag\" \/>\n<meta property=\"og:image\" content=\"https:\/\/dev.explora.cl\/tarapaca\/wp-content\/uploads\/sites\/3\/2021\/01\/veranovirtualexplora_baja-1024x390.jpg\" class=\"yoast-seo-meta-tag\" \/>\n\t<meta property=\"og:image:width\" content=\"1024\" class=\"yoast-seo-meta-tag\" \/>\n\t<meta property=\"og:image:height\" content=\"390\" class=\"yoast-seo-meta-tag\" \/>\n\t<meta property=\"og:image:type\" content=\"image\/jpeg\" class=\"yoast-seo-meta-tag\" \/>\n<meta name=\"author\" content=\"admintarapaca\" class=\"yoast-seo-meta-tag\" \/>\n<meta name=\"twitter:card\" content=\"summary_large_image\" class=\"yoast-seo-meta-tag\" \/>\n<meta name=\"twitter:label1\" content=\"Escrito por\" class=\"yoast-seo-meta-tag\" \/>\n\t<meta name=\"twitter:data1\" content=\"admintarapaca\" class=\"yoast-seo-meta-tag\" \/>\n<script type=\"application\/ld+json\" class=\"yoast-schema-graph\">{\"@context\":\"https:\/\/schema.org\",\"@graph\":[{\"@type\":\"Article\",\"@id\":\"https:\/\/dev.explora.cl\/tarapaca\/se-vienen-las-actividades-del-verano-virtual-explora-2021\/#article\",\"isPartOf\":{\"@id\":\"https:\/\/dev.explora.cl\/tarapaca\/se-vienen-las-actividades-del-verano-virtual-explora-2021\/\"},\"author\":{\"name\":\"admintarapaca\",\"@id\":\"https:\/\/dev.explora.cl\/tarapaca\/#\/schema\/person\/ca04f8a8f8e25243bd462d34eb1ca505\"},\"headline\":\"\u00a1Se vienen las actividades del Verano Virtual Explora 2021!\",\"datePublished\":\"2021-01-27T12:30:15+00:00\",\"dateModified\":\"2021-02-03T22:23:50+00:00\",\"mainEntityOfPage\":{\"@id\":\"https:\/\/dev.explora.cl\/tarapaca\/se-vienen-las-actividades-del-verano-virtual-explora-2021\/\"},\"wordCount\":92,\"commentCount\":0,\"image\":{\"@id\":\"https:\/\/dev.explora.cl\/tarapaca\/se-vienen-las-actividades-del-verano-virtual-explora-2021\/#primaryimage\"},\"thumbnailUrl\":\"https:\/\/dev.explora.cl\/tarapaca\/wp-content\/uploads\/sites\/3\/2021\/01\/veranovirtualexplora_baja.jpg\",\"keywords\":[\"2021\",\"ciencia\",\"EXPLORA\",\"iquique,\",\"tarapac\u00e1,\",\"UTA\",\"Verano\",\"Virtual\"],\"articleSection\":[\"Banner\"],\"inLanguage\":\"es-CL\",\"potentialAction\":[{\"@type\":\"CommentAction\",\"name\":\"Comment\",\"target\":[\"https:\/\/dev.explora.cl\/tarapaca\/se-vienen-las-actividades-del-verano-virtual-explora-2021\/#respond\"]}]},{\"@type\":\"WebPage\",\"@id\":\"https:\/\/dev.explora.cl\/tarapaca\/se-vienen-las-actividades-del-verano-virtual-explora-2021\/\",\"url\":\"https:\/\/dev.explora.cl\/tarapaca\/se-vienen-las-actividades-del-verano-virtual-explora-2021\/\",\"name\":\"\u00a1Se vienen las actividades del Verano Virtual Explora 2021! - Tarapaca\",\"isPartOf\":{\"@id\":\"https:\/\/dev.explora.cl\/tarapaca\/#website\"},\"primaryImageOfPage\":{\"@id\":\"https:\/\/dev.explora.cl\/tarapaca\/se-vienen-las-actividades-del-verano-virtual-explora-2021\/#primaryimage\"},\"image\":{\"@id\":\"https:\/\/dev.explora.cl\/tarapaca\/se-vienen-las-actividades-del-verano-virtual-explora-2021\/#primaryimage\"},\"thumbnailUrl\":\"https:\/\/dev.explora.cl\/tarapaca\/wp-content\/uploads\/sites\/3\/2021\/01\/veranovirtualexplora_baja.jpg\",\"datePublished\":\"2021-01-27T12:30:15+00:00\",\"dateModified\":\"2021-02-03T22:23:50+00:00\",\"author\":{\"@id\":\"https:\/\/dev.explora.cl\/tarapaca\/#\/schema\/person\/ca04f8a8f8e25243bd462d34eb1ca505\"},\"breadcrumb\":{\"@id\":\"https:\/\/dev.explora.cl\/tarapaca\/se-vienen-las-actividades-del-verano-virtual-explora-2021\/#breadcrumb\"},\"inLanguage\":\"es-CL\",\"potentialAction\":[{\"@type\":\"ReadAction\",\"target\":[\"https:\/\/dev.explora.cl\/tarapaca\/se-vienen-las-actividades-del-verano-virtual-explora-2021\/\"]}]},{\"@type\":\"ImageObject\",\"inLanguage\":\"es-CL\",\"@id\":\"https:\/\/dev.explora.cl\/tarapaca\/se-vienen-las-actividades-del-verano-virtual-explora-2021\/#primaryimage\",\"url\":\"https:\/\/dev.explora.cl\/tarapaca\/wp-content\/uploads\/sites\/3\/2021\/01\/veranovirtualexplora_baja.jpg\",\"contentUrl\":\"https:\/\/dev.explora.cl\/tarapaca\/wp-content\/uploads\/sites\/3\/2021\/01\/veranovirtualexplora_baja.jpg\",\"width\":3124,\"height\":1189},{\"@type\":\"BreadcrumbList\",\"@id\":\"https:\/\/dev.explora.cl\/tarapaca\/se-vienen-las-actividades-del-verano-virtual-explora-2021\/#breadcrumb\",\"itemListElement\":[{\"@type\":\"ListItem\",\"position\":1,\"name\":\"Portada\",\"item\":\"https:\/\/dev.explora.cl\/tarapaca\/\"},{\"@type\":\"ListItem\",\"position\":2,\"name\":\"\u00a1Se vienen las actividades del Verano Virtual Explora 2021!\"}]},{\"@type\":\"WebSite\",\"@id\":\"https:\/\/dev.explora.cl\/tarapaca\/#website\",\"url\":\"https:\/\/dev.explora.cl\/tarapaca\/\",\"name\":\"Tarapaca\",\"description\":\"Otro sitio m\u00e1s de dev.explora.cl\",\"potentialAction\":[{\"@type\":\"SearchAction\",\"target\":{\"@type\":\"EntryPoint\",\"urlTemplate\":\"https:\/\/dev.explora.cl\/tarapaca\/?s={search_term_string}\"},\"query-input\":{\"@type\":\"PropertyValueSpecification\",\"valueRequired\":true,\"valueName\":\"search_term_string\"}}],\"inLanguage\":\"es-CL\"},{\"@type\":\"Person\",\"@id\":\"https:\/\/dev.explora.cl\/tarapaca\/#\/schema\/person\/ca04f8a8f8e25243bd462d34eb1ca505\",\"name\":\"admintarapaca\",\"image\":{\"@type\":\"ImageObject\",\"inLanguage\":\"es-CL\",\"@id\":\"https:\/\/dev.explora.cl\/tarapaca\/#\/schema\/person\/image\/\",\"url\":\"https:\/\/secure.gravatar.com\/avatar\/8ff4762fabbf7a1732a126425c82d628f08ba754529d77a55358cbb74e14343f?s=96&d=mm&r=g\",\"contentUrl\":\"https:\/\/secure.gravatar.com\/avatar\/8ff4762fabbf7a1732a126425c82d628f08ba754529d77a55358cbb74e14343f?s=96&d=mm&r=g\",\"caption\":\"admintarapaca\"},\"url\":\"https:\/\/dev.explora.cl\/tarapaca\/author\/dolivares\/\"}]}<\/script>\n<!-- \/ Yoast SEO plugin. -->","yoast_head_json":{"title":"\u00a1Se vienen las actividades del Verano Virtual Explora 2021! - Tarapaca","robots":{"index":"index","follow":"follow","max-snippet":"max-snippet:-1","max-image-preview":"max-image-preview:large","max-video-preview":"max-video-preview:-1"},"canonical":"https:\/\/dev.explora.cl\/tarapaca\/se-vienen-las-actividades-del-verano-virtual-explora-2021\/","og_locale":"es_ES","og_type":"article","og_title":"\u00a1Se vienen las actividades del Verano Virtual Explora 2021! - Tarapaca","og_description":"A partir del 1 de febrero, la Universidad de Tarapac\u00e1 Sede Iquique, a trav\u00e9s de tu proyecto Explora Tarapac\u00e1, invita a ni\u00f1os, ni\u00f1as, adolescentes, j\u00f3venes y adultos a participar de sus diversas actividades. Por la pandemia COVID-19 todas nuestras actividades ser\u00e1n virtuales, pero no por eso menos entretenidas. Pr\u00f3ximamente te explicaremos sobre la realizaci\u00f3n de [&hellip;]","og_url":"https:\/\/dev.explora.cl\/tarapaca\/se-vienen-las-actividades-del-verano-virtual-explora-2021\/","og_site_name":"Tarapaca","article_published_time":"2021-01-27T12:30:15+00:00","article_modified_time":"2021-02-03T22:23:50+00:00","og_image":[{"width":1024,"height":390,"url":"https:\/\/dev.explora.cl\/tarapaca\/wp-content\/uploads\/sites\/3\/2021\/01\/veranovirtualexplora_baja-1024x390.jpg","type":"image\/jpeg"}],"author":"admintarapaca","twitter_card":"summary_large_image","twitter_misc":{"Escrito por":"admintarapaca"},"schema":{"@context":"https:\/\/schema.org","@graph":[{"@type":"Article","@id":"https:\/\/dev.explora.cl\/tarapaca\/se-vienen-las-actividades-del-verano-virtual-explora-2021\/#article","isPartOf":{"@id":"https:\/\/dev.explora.cl\/tarapaca\/se-vienen-las-actividades-del-verano-virtual-explora-2021\/"},"author":{"name":"admintarapaca","@id":"https:\/\/dev.explora.cl\/tarapaca\/#\/schema\/person\/ca04f8a8f8e25243bd462d34eb1ca505"},"headline":"\u00a1Se vienen las actividades del Verano Virtual Explora 2021!","datePublished":"2021-01-27T12:30:15+00:00","dateModified":"2021-02-03T22:23:50+00:00","mainEntityOfPage":{"@id":"https:\/\/dev.explora.cl\/tarapaca\/se-vienen-las-actividades-del-verano-virtual-explora-2021\/"},"wordCount":92,"commentCount":0,"image":{"@id":"https:\/\/dev.explora.cl\/tarapaca\/se-vienen-las-actividades-del-verano-virtual-explora-2021\/#primaryimage"},"thumbnailUrl":"https:\/\/dev.explora.cl\/tarapaca\/wp-content\/uploads\/sites\/3\/2021\/01\/veranovirtualexplora_baja.jpg","keywords":["2021","ciencia","EXPLORA","iquique,","tarapac\u00e1,","UTA","Verano","Virtual"],"articleSection":["Banner"],"inLanguage":"es-CL","potentialAction":[{"@type":"CommentAction","name":"Comment","target":["https:\/\/dev.explora.cl\/tarapaca\/se-vienen-las-actividades-del-verano-virtual-explora-2021\/#respond"]}]},{"@type":"WebPage","@id":"https:\/\/dev.explora.cl\/tarapaca\/se-vienen-las-actividades-del-verano-virtual-explora-2021\/","url":"https:\/\/dev.explora.cl\/tarapaca\/se-vienen-las-actividades-del-verano-virtual-explora-2021\/","name":"\u00a1Se vienen las actividades del Verano Virtual Explora 2021! - Tarapaca","isPartOf":{"@id":"https:\/\/dev.explora.cl\/tarapaca\/#website"},"primaryImageOfPage":{"@id":"https:\/\/dev.explora.cl\/tarapaca\/se-vienen-las-actividades-del-verano-virtual-explora-2021\/#primaryimage"},"image":{"@id":"https:\/\/dev.explora.cl\/tarapaca\/se-vienen-las-actividades-del-verano-virtual-explora-2021\/#primaryimage"},"thumbnailUrl":"https:\/\/dev.explora.cl\/tarapaca\/wp-content\/uploads\/sites\/3\/2021\/01\/veranovirtualexplora_baja.jpg","datePublished":"2021-01-27T12:30:15+00:00","dateModified":"2021-02-03T22:23:50+00:00","author":{"@id":"https:\/\/dev.explora.cl\/tarapaca\/#\/schema\/person\/ca04f8a8f8e25243bd462d34eb1ca505"},"breadcrumb":{"@id":"https:\/\/dev.explora.cl\/tarapaca\/se-vienen-las-actividades-del-verano-virtual-explora-2021\/#breadcrumb"},"inLanguage":"es-CL","potentialAction":[{"@type":"ReadAction","target":["https:\/\/dev.explora.cl\/tarapaca\/se-vienen-las-actividades-del-verano-virtual-explora-2021\/"]}]},{"@type":"ImageObject","inLanguage":"es-CL","@id":"https:\/\/dev.explora.cl\/tarapaca\/se-vienen-las-actividades-del-verano-virtual-explora-2021\/#primaryimage","url":"https:\/\/dev.explora.cl\/tarapaca\/wp-content\/uploads\/sites\/3\/2021\/01\/veranovirtualexplora_baja.jpg","contentUrl":"https:\/\/dev.explora.cl\/tarapaca\/wp-content\/uploads\/sites\/3\/2021\/01\/veranovirtualexplora_baja.jpg","width":3124,"height":1189},{"@type":"BreadcrumbList","@id":"https:\/\/dev.explora.cl\/tarapaca\/se-vienen-las-actividades-del-verano-virtual-explora-2021\/#breadcrumb","itemListElement":[{"@type":"ListItem","position":1,"name":"Portada","item":"https:\/\/dev.explora.cl\/tarapaca\/"},{"@type":"ListItem","position":2,"name":"\u00a1Se vienen las actividades del Verano Virtual Explora 2021!"}]},{"@type":"WebSite","@id":"https:\/\/dev.explora.cl\/tarapaca\/#website","url":"https:\/\/dev.explora.cl\/tarapaca\/","name":"Tarapaca","description":"Otro sitio m\u00e1s de dev.explora.cl","potentialAction":[{"@type":"SearchAction","target":{"@type":"EntryPoint","urlTemplate":"https:\/\/dev.explora.cl\/tarapaca\/?s={search_term_string}"},"query-input":{"@type":"PropertyValueSpecification","valueRequired":true,"valueName":"search_term_string"}}],"inLanguage":"es-CL"},{"@type":"Person","@id":"https:\/\/dev.explora.cl\/tarapaca\/#\/schema\/person\/ca04f8a8f8e25243bd462d34eb1ca505","name":"admintarapaca","image":{"@type":"ImageObject","inLanguage":"es-CL","@id":"https:\/\/dev.explora.cl\/tarapaca\/#\/schema\/person\/image\/","url":"https:\/\/secure.gravatar.com\/avatar\/8ff4762fabbf7a1732a126425c82d628f08ba754529d77a55358cbb74e14343f?s=96&d=mm&r=g","contentUrl":"https:\/\/secure.gravatar.com\/avatar\/8ff4762fabbf7a1732a126425c82d628f08ba754529d77a55358cbb74e14343f?s=96&d=mm&r=g","caption":"admintarapaca"},"url":"https:\/\/dev.explora.cl\/tarapaca\/author\/dolivares\/"}]}},"_links":{"self":[{"href":"https:\/\/dev.explora.cl\/tarapaca\/wp-json\/wp\/v2\/posts\/39172","targetHints":{"allow":["GET"]}}],"collection":[{"href":"https:\/\/dev.explora.cl\/tarapaca\/wp-json\/wp\/v2\/posts"}],"about":[{"href":"https:\/\/dev.explora.cl\/tarapaca\/wp-json\/wp\/v2\/types\/post"}],"author":[{"embeddable":true,"href":"https:\/\/dev.explora.cl\/tarapaca\/wp-json\/wp\/v2\/users\/18"}],"replies":[{"embeddable":true,"href":"https:\/\/dev.explora.cl\/tarapaca\/wp-json\/wp\/v2\/comments?post=39172"}],"version-history":[{"count":3,"href":"https:\/\/dev.explora.cl\/tarapaca\/wp-json\/wp\/v2\/posts\/39172\/revisions"}],"predecessor-version":[{"id":39181,"href":"https:\/\/dev.explora.cl\/tarapaca\/wp-json\/wp\/v2\/posts\/39172\/revisions\/39181"}],"wp:featuredmedia":[{"embeddable":true,"href":"https:\/\/dev.explora.cl\/tarapaca\/wp-json\/wp\/v2\/media\/39173"}],"wp:attachment":[{"href":"https:\/\/dev.explora.cl\/tarapaca\/wp-json\/wp\/v2\/media?parent=39172"}],"wp:term":[{"taxonomy":"category","embeddable":true,"href":"https:\/\/dev.explora.cl\/tarapaca\/wp-json\/wp\/v2\/categories?post=39172"},{"taxonomy":"post_tag","embeddable":true,"href":"https:\/\/dev.explora.cl\/tarapaca\/wp-json\/wp\/v2\/tags?post=39172"}],"curies":[{"name":"wp","href":"https:\/\/api.w.org\/{rel}","templated":true}]}}