{"id":39152,"date":"2020-12-21T16:12:17","date_gmt":"2020-12-21T19:12:17","guid":{"rendered":"https:\/\/dev.explora.cl\/tarapaca\/?p=39152"},"modified":"2021-06-12T11:11:32","modified_gmt":"2021-06-12T15:11:32","slug":"profesionales-de-educacion-parvularia-de-tarapaca-finalizan-programa-para-desarrollar-ciencias-con-ninos-y-ninas","status":"publish","type":"post","link":"https:\/\/dev.explora.cl\/tarapaca\/profesionales-de-educacion-parvularia-de-tarapaca-finalizan-programa-para-desarrollar-ciencias-con-ninos-y-ninas\/","title":{"rendered":"Profesionales de educaci\u00f3n parvularia de Tarapac\u00e1 finalizan programa para desarrollar ciencias con ni\u00f1os y ni\u00f1as"},"content":{"rendered":"<p><strong><em>* Por cuatro meses aprendieron y desarrollaron herramientas del Programa de Indagaci\u00f3n para Primeras Edades (PIPE).<\/em><\/strong><\/p>\n<p>Durante la pandemia muchas personas tuvieron que transformar sus cl\u00e1sicas formas de ense\u00f1ar y aprender. Pasamos de lo presencial a lo virtual en un abrir y cerrar de ojos y ahora en diciembre terminaron procesos que han sido totalmente virtuales.<\/p>\n<p>Desde el mes de agosto, la Universidad de Tarapac\u00e1 Sede Iquique, a trav\u00e9s de su proyecto Explora Tarapac\u00e1, fue desarrollando encuentros virtuales con 30 profesionales de educaci\u00f3n parvularia de la regi\u00f3n para acercar la metodolog\u00eda indagatoria que culminaron el pasado 17 de diciembre.<\/p>\n<p>Con la presencia de Edith Abarz\u00faa, del Programa Explora, de la Divisi\u00f3n de Ciencia y Sociedad, del Ministerio de Ciencia, Tecnolog\u00eda, Conocimiento e Innovaci\u00f3n; de Yasna Godoy, Directora General de Sede Iquique de la Universidad de Tarapac\u00e1, de Sergio Gonz\u00e1lez, Profesor titular del Instituto de Alta Investigaci\u00f3n de la Universidad de Tarapac\u00e1 y Premio Nacional de Historia del 2014, de Mauricio Prieto, Director de Junji, y Yocelin Sanhueza, Directora de Integra, se cerr\u00f3 todo un proceso remoto.<\/p>\n<p>La iniciativa con la que desarrollaron sus conocimientos fue el \u201cPrograma de Indagaci\u00f3n para Primeras Edades&#8221;, PIPE, que busc\u00f3 fortalecer las competencias cient\u00edficas de los equipos pedag\u00f3gicos de educaci\u00f3n parvularia y desarrollar en ni\u00f1os y ni\u00f1as las competencias necesarias para que conozcan y comprendan el mundo que los rodea.<\/p>\n<p>Javiera Olave, Educadora de la Escuela Estrella del Sur de Pozo Almonte, precis\u00f3 que \u201ctodas las experiencias que realizamos fueron muy lindas y es un dolor no poder llegar a todos los ni\u00f1os y ni\u00f1as, porque coincidimos en que todos necesitan una educaci\u00f3n de calidad, en este caso en ciencias\u201d. Mientras que Cynthia Casanova, Educadora del Jard\u00edn Infantil Estrellita del Desierto de Huara, precis\u00f3: \u201cEl trabajo estaba adecuado a las bases curriculares y tuvimos muchas herramientas para el desarrollo del pensamiento cient\u00edfico de los ni\u00f1os y ni\u00f1as\u201d.<\/p>\n<p>Durante la instancia de cierre las profesionales participantes reconocieron la importancia del trabajo como un aspecto importante dentro del aprendizaje desarrollado, as\u00ed como tambi\u00e9n agradecieron el apoyo de Explora Tarapac\u00e1 en acercar las ciencias a la comunidad escolar.<\/p>\n<p>Iris Scopinich, Encargada de PIPE de Explora Tarapac\u00e1, expres\u00f3 su alegr\u00eda en la participaci\u00f3n activa de las profesionales: \u201cEstamos felices del trabajo desarrollado y es gratificante saber que nuestras participantes hayan recocido la importancia del trabajo en equipo\u201d<\/p>\n<p>Por su parte, la Directora del PAR Explora Tarapac\u00e1, Valeska Zepeda, coment\u00f3: \u201cDesde Explora reconocemos el inter\u00e9s y la motivaci\u00f3n de los y las profesionales de la educaci\u00f3n, ya que queremos aportar y con ellos y ellas promover la cultura cient\u00edfica y tecnol\u00f3gica. Desde la Universidad de Tarapac\u00e1, a trav\u00e9s del Proyecto Explora, seguiremos acompa\u00f1\u00e1ndolas\u201d.<\/p>\n<p><img loading=\"lazy\" decoding=\"async\" class=\"aligncenter wp-image-39153 size-large\" src=\"https:\/\/dev.explora.cl\/tarapaca\/wp-content\/uploads\/sites\/3\/2020\/12\/03_cierrepipe-1024x554.png\" alt=\"\" width=\"1024\" height=\"554\" \/><\/p>\n","protected":false},"excerpt":{"rendered":"<p>* Por cuatro meses aprendieron y desarrollaron herramientas del Programa de Indagaci\u00f3n para Primeras Edades (PIPE). Durante la pandemia muchas personas tuvieron que transformar sus cl\u00e1sicas formas de ense\u00f1ar y aprender. Pasamos de lo presencial a lo virtual en un abrir y cerrar de ojos y ahora en diciembre terminaron procesos que han sido totalmente [&hellip;]<\/p>\n","protected":false},"author":18,"featured_media":39155,"comment_status":"open","ping_status":"open","sticky":false,"template":"","format":"standard","meta":{"_acf_changed":false,"_exactmetrics_skip_tracking":false,"_exactmetrics_sitenote_active":false,"_exactmetrics_sitenote_note":"","_exactmetrics_sitenote_category":0,"footnotes":"","_links_to":"","_links_to_target":""},"categories":[4],"tags":[224,23,155,182,157,225,183],"class_list":["post-39152","post","type-post","status-publish","format-standard","has-post-thumbnail","hentry","category-noticias","tag-educadoras","tag-explora","tag-iquique","tag-pipe","tag-tarapaca","tag-tecnicos-en-educacion-parvularia","tag-uta"],"acf":[],"yoast_head":"<!-- This site is optimized with the Yoast SEO plugin v26.7 - https:\/\/yoast.com\/wordpress\/plugins\/seo\/ -->\n<title>Profesionales de educaci\u00f3n parvularia de Tarapac\u00e1 finalizan programa para desarrollar ciencias con ni\u00f1os y ni\u00f1as - Tarapaca<\/title>\n<meta name=\"robots\" content=\"index, follow, max-snippet:-1, max-image-preview:large, max-video-preview:-1\" \/>\n<link rel=\"canonical\" href=\"https:\/\/dev.explora.cl\/tarapaca\/profesionales-de-educacion-parvularia-de-tarapaca-finalizan-programa-para-desarrollar-ciencias-con-ninos-y-ninas\/\" class=\"yoast-seo-meta-tag\" \/>\n<meta property=\"og:locale\" content=\"es_ES\" class=\"yoast-seo-meta-tag\" \/>\n<meta property=\"og:type\" content=\"article\" class=\"yoast-seo-meta-tag\" \/>\n<meta property=\"og:title\" content=\"Profesionales de educaci\u00f3n parvularia de Tarapac\u00e1 finalizan programa para desarrollar ciencias con ni\u00f1os y ni\u00f1as - Tarapaca\" class=\"yoast-seo-meta-tag\" \/>\n<meta property=\"og:description\" content=\"* Por cuatro meses aprendieron y desarrollaron herramientas del Programa de Indagaci\u00f3n para Primeras Edades (PIPE). Durante la pandemia muchas personas tuvieron que transformar sus cl\u00e1sicas formas de ense\u00f1ar y aprender. Pasamos de lo presencial a lo virtual en un abrir y cerrar de ojos y ahora en diciembre terminaron procesos que han sido totalmente [&hellip;]\" class=\"yoast-seo-meta-tag\" \/>\n<meta property=\"og:url\" content=\"https:\/\/dev.explora.cl\/tarapaca\/profesionales-de-educacion-parvularia-de-tarapaca-finalizan-programa-para-desarrollar-ciencias-con-ninos-y-ninas\/\" class=\"yoast-seo-meta-tag\" \/>\n<meta property=\"og:site_name\" content=\"Tarapaca\" class=\"yoast-seo-meta-tag\" \/>\n<meta property=\"article:published_time\" content=\"2020-12-21T19:12:17+00:00\" class=\"yoast-seo-meta-tag\" \/>\n<meta property=\"article:modified_time\" content=\"2021-06-12T15:11:32+00:00\" class=\"yoast-seo-meta-tag\" \/>\n<meta property=\"og:image\" content=\"https:\/\/dev.explora.cl\/tarapaca\/wp-content\/uploads\/sites\/3\/2020\/12\/01_cierrepipe.png\" class=\"yoast-seo-meta-tag\" \/>\n\t<meta property=\"og:image:width\" content=\"1409\" class=\"yoast-seo-meta-tag\" \/>\n\t<meta property=\"og:image:height\" content=\"844\" class=\"yoast-seo-meta-tag\" \/>\n\t<meta property=\"og:image:type\" content=\"image\/png\" class=\"yoast-seo-meta-tag\" \/>\n<meta name=\"author\" content=\"admintarapaca\" class=\"yoast-seo-meta-tag\" \/>\n<meta name=\"twitter:card\" content=\"summary_large_image\" class=\"yoast-seo-meta-tag\" \/>\n<meta name=\"twitter:label1\" content=\"Escrito por\" class=\"yoast-seo-meta-tag\" \/>\n\t<meta name=\"twitter:data1\" content=\"admintarapaca\" class=\"yoast-seo-meta-tag\" \/>\n\t<meta name=\"twitter:label2\" content=\"Tiempo estimado de lectura\" class=\"yoast-seo-meta-tag\" \/>\n\t<meta name=\"twitter:data2\" content=\"2 minutos\" class=\"yoast-seo-meta-tag\" \/>\n<script type=\"application\/ld+json\" class=\"yoast-schema-graph\">{\"@context\":\"https:\/\/schema.org\",\"@graph\":[{\"@type\":\"Article\",\"@id\":\"https:\/\/dev.explora.cl\/tarapaca\/profesionales-de-educacion-parvularia-de-tarapaca-finalizan-programa-para-desarrollar-ciencias-con-ninos-y-ninas\/#article\",\"isPartOf\":{\"@id\":\"https:\/\/dev.explora.cl\/tarapaca\/profesionales-de-educacion-parvularia-de-tarapaca-finalizan-programa-para-desarrollar-ciencias-con-ninos-y-ninas\/\"},\"author\":{\"name\":\"admintarapaca\",\"@id\":\"https:\/\/dev.explora.cl\/tarapaca\/#\/schema\/person\/ca04f8a8f8e25243bd462d34eb1ca505\"},\"headline\":\"Profesionales de educaci\u00f3n parvularia de Tarapac\u00e1 finalizan programa para desarrollar ciencias con ni\u00f1os y ni\u00f1as\",\"datePublished\":\"2020-12-21T19:12:17+00:00\",\"dateModified\":\"2021-06-12T15:11:32+00:00\",\"mainEntityOfPage\":{\"@id\":\"https:\/\/dev.explora.cl\/tarapaca\/profesionales-de-educacion-parvularia-de-tarapaca-finalizan-programa-para-desarrollar-ciencias-con-ninos-y-ninas\/\"},\"wordCount\":493,\"commentCount\":0,\"image\":{\"@id\":\"https:\/\/dev.explora.cl\/tarapaca\/profesionales-de-educacion-parvularia-de-tarapaca-finalizan-programa-para-desarrollar-ciencias-con-ninos-y-ninas\/#primaryimage\"},\"thumbnailUrl\":\"https:\/\/dev.explora.cl\/tarapaca\/wp-content\/uploads\/sites\/3\/2020\/12\/01_cierrepipe.png\",\"keywords\":[\"Educadoras\",\"EXPLORA\",\"iquique,\",\"PIPE\",\"tarapac\u00e1,\",\"Tecnicos en Educaci\u00f3n Parvularia\",\"UTA\"],\"articleSection\":[\"Noticias\"],\"inLanguage\":\"es-CL\",\"potentialAction\":[{\"@type\":\"CommentAction\",\"name\":\"Comment\",\"target\":[\"https:\/\/dev.explora.cl\/tarapaca\/profesionales-de-educacion-parvularia-de-tarapaca-finalizan-programa-para-desarrollar-ciencias-con-ninos-y-ninas\/#respond\"]}]},{\"@type\":\"WebPage\",\"@id\":\"https:\/\/dev.explora.cl\/tarapaca\/profesionales-de-educacion-parvularia-de-tarapaca-finalizan-programa-para-desarrollar-ciencias-con-ninos-y-ninas\/\",\"url\":\"https:\/\/dev.explora.cl\/tarapaca\/profesionales-de-educacion-parvularia-de-tarapaca-finalizan-programa-para-desarrollar-ciencias-con-ninos-y-ninas\/\",\"name\":\"Profesionales de educaci\u00f3n parvularia de Tarapac\u00e1 finalizan programa para desarrollar ciencias con ni\u00f1os y ni\u00f1as - Tarapaca\",\"isPartOf\":{\"@id\":\"https:\/\/dev.explora.cl\/tarapaca\/#website\"},\"primaryImageOfPage\":{\"@id\":\"https:\/\/dev.explora.cl\/tarapaca\/profesionales-de-educacion-parvularia-de-tarapaca-finalizan-programa-para-desarrollar-ciencias-con-ninos-y-ninas\/#primaryimage\"},\"image\":{\"@id\":\"https:\/\/dev.explora.cl\/tarapaca\/profesionales-de-educacion-parvularia-de-tarapaca-finalizan-programa-para-desarrollar-ciencias-con-ninos-y-ninas\/#primaryimage\"},\"thumbnailUrl\":\"https:\/\/dev.explora.cl\/tarapaca\/wp-content\/uploads\/sites\/3\/2020\/12\/01_cierrepipe.png\",\"datePublished\":\"2020-12-21T19:12:17+00:00\",\"dateModified\":\"2021-06-12T15:11:32+00:00\",\"author\":{\"@id\":\"https:\/\/dev.explora.cl\/tarapaca\/#\/schema\/person\/ca04f8a8f8e25243bd462d34eb1ca505\"},\"breadcrumb\":{\"@id\":\"https:\/\/dev.explora.cl\/tarapaca\/profesionales-de-educacion-parvularia-de-tarapaca-finalizan-programa-para-desarrollar-ciencias-con-ninos-y-ninas\/#breadcrumb\"},\"inLanguage\":\"es-CL\",\"potentialAction\":[{\"@type\":\"ReadAction\",\"target\":[\"https:\/\/dev.explora.cl\/tarapaca\/profesionales-de-educacion-parvularia-de-tarapaca-finalizan-programa-para-desarrollar-ciencias-con-ninos-y-ninas\/\"]}]},{\"@type\":\"ImageObject\",\"inLanguage\":\"es-CL\",\"@id\":\"https:\/\/dev.explora.cl\/tarapaca\/profesionales-de-educacion-parvularia-de-tarapaca-finalizan-programa-para-desarrollar-ciencias-con-ninos-y-ninas\/#primaryimage\",\"url\":\"https:\/\/dev.explora.cl\/tarapaca\/wp-content\/uploads\/sites\/3\/2020\/12\/01_cierrepipe.png\",\"contentUrl\":\"https:\/\/dev.explora.cl\/tarapaca\/wp-content\/uploads\/sites\/3\/2020\/12\/01_cierrepipe.png\",\"width\":1409,\"height\":844},{\"@type\":\"BreadcrumbList\",\"@id\":\"https:\/\/dev.explora.cl\/tarapaca\/profesionales-de-educacion-parvularia-de-tarapaca-finalizan-programa-para-desarrollar-ciencias-con-ninos-y-ninas\/#breadcrumb\",\"itemListElement\":[{\"@type\":\"ListItem\",\"position\":1,\"name\":\"Portada\",\"item\":\"https:\/\/dev.explora.cl\/tarapaca\/\"},{\"@type\":\"ListItem\",\"position\":2,\"name\":\"Profesionales de educaci\u00f3n parvularia de Tarapac\u00e1 finalizan programa para desarrollar ciencias con ni\u00f1os y ni\u00f1as\"}]},{\"@type\":\"WebSite\",\"@id\":\"https:\/\/dev.explora.cl\/tarapaca\/#website\",\"url\":\"https:\/\/dev.explora.cl\/tarapaca\/\",\"name\":\"Tarapaca\",\"description\":\"Otro sitio m\u00e1s de dev.explora.cl\",\"potentialAction\":[{\"@type\":\"SearchAction\",\"target\":{\"@type\":\"EntryPoint\",\"urlTemplate\":\"https:\/\/dev.explora.cl\/tarapaca\/?s={search_term_string}\"},\"query-input\":{\"@type\":\"PropertyValueSpecification\",\"valueRequired\":true,\"valueName\":\"search_term_string\"}}],\"inLanguage\":\"es-CL\"},{\"@type\":\"Person\",\"@id\":\"https:\/\/dev.explora.cl\/tarapaca\/#\/schema\/person\/ca04f8a8f8e25243bd462d34eb1ca505\",\"name\":\"admintarapaca\",\"image\":{\"@type\":\"ImageObject\",\"inLanguage\":\"es-CL\",\"@id\":\"https:\/\/dev.explora.cl\/tarapaca\/#\/schema\/person\/image\/\",\"url\":\"https:\/\/secure.gravatar.com\/avatar\/8ff4762fabbf7a1732a126425c82d628f08ba754529d77a55358cbb74e14343f?s=96&d=mm&r=g\",\"contentUrl\":\"https:\/\/secure.gravatar.com\/avatar\/8ff4762fabbf7a1732a126425c82d628f08ba754529d77a55358cbb74e14343f?s=96&d=mm&r=g\",\"caption\":\"admintarapaca\"},\"url\":\"https:\/\/dev.explora.cl\/tarapaca\/author\/dolivares\/\"}]}<\/script>\n<!-- \/ Yoast SEO plugin. -->","yoast_head_json":{"title":"Profesionales de educaci\u00f3n parvularia de Tarapac\u00e1 finalizan programa para desarrollar ciencias con ni\u00f1os y ni\u00f1as - Tarapaca","robots":{"index":"index","follow":"follow","max-snippet":"max-snippet:-1","max-image-preview":"max-image-preview:large","max-video-preview":"max-video-preview:-1"},"canonical":"https:\/\/dev.explora.cl\/tarapaca\/profesionales-de-educacion-parvularia-de-tarapaca-finalizan-programa-para-desarrollar-ciencias-con-ninos-y-ninas\/","og_locale":"es_ES","og_type":"article","og_title":"Profesionales de educaci\u00f3n parvularia de Tarapac\u00e1 finalizan programa para desarrollar ciencias con ni\u00f1os y ni\u00f1as - Tarapaca","og_description":"* Por cuatro meses aprendieron y desarrollaron herramientas del Programa de Indagaci\u00f3n para Primeras Edades (PIPE). Durante la pandemia muchas personas tuvieron que transformar sus cl\u00e1sicas formas de ense\u00f1ar y aprender. Pasamos de lo presencial a lo virtual en un abrir y cerrar de ojos y ahora en diciembre terminaron procesos que han sido totalmente [&hellip;]","og_url":"https:\/\/dev.explora.cl\/tarapaca\/profesionales-de-educacion-parvularia-de-tarapaca-finalizan-programa-para-desarrollar-ciencias-con-ninos-y-ninas\/","og_site_name":"Tarapaca","article_published_time":"2020-12-21T19:12:17+00:00","article_modified_time":"2021-06-12T15:11:32+00:00","og_image":[{"width":1409,"height":844,"url":"https:\/\/dev.explora.cl\/tarapaca\/wp-content\/uploads\/sites\/3\/2020\/12\/01_cierrepipe.png","type":"image\/png"}],"author":"admintarapaca","twitter_card":"summary_large_image","twitter_misc":{"Escrito por":"admintarapaca","Tiempo estimado de lectura":"2 minutos"},"schema":{"@context":"https:\/\/schema.org","@graph":[{"@type":"Article","@id":"https:\/\/dev.explora.cl\/tarapaca\/profesionales-de-educacion-parvularia-de-tarapaca-finalizan-programa-para-desarrollar-ciencias-con-ninos-y-ninas\/#article","isPartOf":{"@id":"https:\/\/dev.explora.cl\/tarapaca\/profesionales-de-educacion-parvularia-de-tarapaca-finalizan-programa-para-desarrollar-ciencias-con-ninos-y-ninas\/"},"author":{"name":"admintarapaca","@id":"https:\/\/dev.explora.cl\/tarapaca\/#\/schema\/person\/ca04f8a8f8e25243bd462d34eb1ca505"},"headline":"Profesionales de educaci\u00f3n parvularia de Tarapac\u00e1 finalizan programa para desarrollar ciencias con ni\u00f1os y ni\u00f1as","datePublished":"2020-12-21T19:12:17+00:00","dateModified":"2021-06-12T15:11:32+00:00","mainEntityOfPage":{"@id":"https:\/\/dev.explora.cl\/tarapaca\/profesionales-de-educacion-parvularia-de-tarapaca-finalizan-programa-para-desarrollar-ciencias-con-ninos-y-ninas\/"},"wordCount":493,"commentCount":0,"image":{"@id":"https:\/\/dev.explora.cl\/tarapaca\/profesionales-de-educacion-parvularia-de-tarapaca-finalizan-programa-para-desarrollar-ciencias-con-ninos-y-ninas\/#primaryimage"},"thumbnailUrl":"https:\/\/dev.explora.cl\/tarapaca\/wp-content\/uploads\/sites\/3\/2020\/12\/01_cierrepipe.png","keywords":["Educadoras","EXPLORA","iquique,","PIPE","tarapac\u00e1,","Tecnicos en Educaci\u00f3n Parvularia","UTA"],"articleSection":["Noticias"],"inLanguage":"es-CL","potentialAction":[{"@type":"CommentAction","name":"Comment","target":["https:\/\/dev.explora.cl\/tarapaca\/profesionales-de-educacion-parvularia-de-tarapaca-finalizan-programa-para-desarrollar-ciencias-con-ninos-y-ninas\/#respond"]}]},{"@type":"WebPage","@id":"https:\/\/dev.explora.cl\/tarapaca\/profesionales-de-educacion-parvularia-de-tarapaca-finalizan-programa-para-desarrollar-ciencias-con-ninos-y-ninas\/","url":"https:\/\/dev.explora.cl\/tarapaca\/profesionales-de-educacion-parvularia-de-tarapaca-finalizan-programa-para-desarrollar-ciencias-con-ninos-y-ninas\/","name":"Profesionales de educaci\u00f3n parvularia de Tarapac\u00e1 finalizan programa para desarrollar ciencias con ni\u00f1os y ni\u00f1as - Tarapaca","isPartOf":{"@id":"https:\/\/dev.explora.cl\/tarapaca\/#website"},"primaryImageOfPage":{"@id":"https:\/\/dev.explora.cl\/tarapaca\/profesionales-de-educacion-parvularia-de-tarapaca-finalizan-programa-para-desarrollar-ciencias-con-ninos-y-ninas\/#primaryimage"},"image":{"@id":"https:\/\/dev.explora.cl\/tarapaca\/profesionales-de-educacion-parvularia-de-tarapaca-finalizan-programa-para-desarrollar-ciencias-con-ninos-y-ninas\/#primaryimage"},"thumbnailUrl":"https:\/\/dev.explora.cl\/tarapaca\/wp-content\/uploads\/sites\/3\/2020\/12\/01_cierrepipe.png","datePublished":"2020-12-21T19:12:17+00:00","dateModified":"2021-06-12T15:11:32+00:00","author":{"@id":"https:\/\/dev.explora.cl\/tarapaca\/#\/schema\/person\/ca04f8a8f8e25243bd462d34eb1ca505"},"breadcrumb":{"@id":"https:\/\/dev.explora.cl\/tarapaca\/profesionales-de-educacion-parvularia-de-tarapaca-finalizan-programa-para-desarrollar-ciencias-con-ninos-y-ninas\/#breadcrumb"},"inLanguage":"es-CL","potentialAction":[{"@type":"ReadAction","target":["https:\/\/dev.explora.cl\/tarapaca\/profesionales-de-educacion-parvularia-de-tarapaca-finalizan-programa-para-desarrollar-ciencias-con-ninos-y-ninas\/"]}]},{"@type":"ImageObject","inLanguage":"es-CL","@id":"https:\/\/dev.explora.cl\/tarapaca\/profesionales-de-educacion-parvularia-de-tarapaca-finalizan-programa-para-desarrollar-ciencias-con-ninos-y-ninas\/#primaryimage","url":"https:\/\/dev.explora.cl\/tarapaca\/wp-content\/uploads\/sites\/3\/2020\/12\/01_cierrepipe.png","contentUrl":"https:\/\/dev.explora.cl\/tarapaca\/wp-content\/uploads\/sites\/3\/2020\/12\/01_cierrepipe.png","width":1409,"height":844},{"@type":"BreadcrumbList","@id":"https:\/\/dev.explora.cl\/tarapaca\/profesionales-de-educacion-parvularia-de-tarapaca-finalizan-programa-para-desarrollar-ciencias-con-ninos-y-ninas\/#breadcrumb","itemListElement":[{"@type":"ListItem","position":1,"name":"Portada","item":"https:\/\/dev.explora.cl\/tarapaca\/"},{"@type":"ListItem","position":2,"name":"Profesionales de educaci\u00f3n parvularia de Tarapac\u00e1 finalizan programa para desarrollar ciencias con ni\u00f1os y ni\u00f1as"}]},{"@type":"WebSite","@id":"https:\/\/dev.explora.cl\/tarapaca\/#website","url":"https:\/\/dev.explora.cl\/tarapaca\/","name":"Tarapaca","description":"Otro sitio m\u00e1s de dev.explora.cl","potentialAction":[{"@type":"SearchAction","target":{"@type":"EntryPoint","urlTemplate":"https:\/\/dev.explora.cl\/tarapaca\/?s={search_term_string}"},"query-input":{"@type":"PropertyValueSpecification","valueRequired":true,"valueName":"search_term_string"}}],"inLanguage":"es-CL"},{"@type":"Person","@id":"https:\/\/dev.explora.cl\/tarapaca\/#\/schema\/person\/ca04f8a8f8e25243bd462d34eb1ca505","name":"admintarapaca","image":{"@type":"ImageObject","inLanguage":"es-CL","@id":"https:\/\/dev.explora.cl\/tarapaca\/#\/schema\/person\/image\/","url":"https:\/\/secure.gravatar.com\/avatar\/8ff4762fabbf7a1732a126425c82d628f08ba754529d77a55358cbb74e14343f?s=96&d=mm&r=g","contentUrl":"https:\/\/secure.gravatar.com\/avatar\/8ff4762fabbf7a1732a126425c82d628f08ba754529d77a55358cbb74e14343f?s=96&d=mm&r=g","caption":"admintarapaca"},"url":"https:\/\/dev.explora.cl\/tarapaca\/author\/dolivares\/"}]}},"_links":{"self":[{"href":"https:\/\/dev.explora.cl\/tarapaca\/wp-json\/wp\/v2\/posts\/39152","targetHints":{"allow":["GET"]}}],"collection":[{"href":"https:\/\/dev.explora.cl\/tarapaca\/wp-json\/wp\/v2\/posts"}],"about":[{"href":"https:\/\/dev.explora.cl\/tarapaca\/wp-json\/wp\/v2\/types\/post"}],"author":[{"embeddable":true,"href":"https:\/\/dev.explora.cl\/tarapaca\/wp-json\/wp\/v2\/users\/18"}],"replies":[{"embeddable":true,"href":"https:\/\/dev.explora.cl\/tarapaca\/wp-json\/wp\/v2\/comments?post=39152"}],"version-history":[{"count":3,"href":"https:\/\/dev.explora.cl\/tarapaca\/wp-json\/wp\/v2\/posts\/39152\/revisions"}],"predecessor-version":[{"id":39156,"href":"https:\/\/dev.explora.cl\/tarapaca\/wp-json\/wp\/v2\/posts\/39152\/revisions\/39156"}],"wp:featuredmedia":[{"embeddable":true,"href":"https:\/\/dev.explora.cl\/tarapaca\/wp-json\/wp\/v2\/media\/39155"}],"wp:attachment":[{"href":"https:\/\/dev.explora.cl\/tarapaca\/wp-json\/wp\/v2\/media?parent=39152"}],"wp:term":[{"taxonomy":"category","embeddable":true,"href":"https:\/\/dev.explora.cl\/tarapaca\/wp-json\/wp\/v2\/categories?post=39152"},{"taxonomy":"post_tag","embeddable":true,"href":"https:\/\/dev.explora.cl\/tarapaca\/wp-json\/wp\/v2\/tags?post=39152"}],"curies":[{"name":"wp","href":"https:\/\/api.w.org\/{rel}","templated":true}]}}