{"id":39099,"date":"2020-11-20T17:00:21","date_gmt":"2020-11-20T20:00:21","guid":{"rendered":"https:\/\/dev.explora.cl\/tarapaca\/?p=39099"},"modified":"2021-03-20T12:25:31","modified_gmt":"2021-03-20T15:25:31","slug":"festival-de-la-ciencia-celebro-la-curiosidad-con-25-actividades-en-tarapaca","status":"publish","type":"post","link":"https:\/\/dev.explora.cl\/tarapaca\/festival-de-la-ciencia-celebro-la-curiosidad-con-25-actividades-en-tarapaca\/","title":{"rendered":"Festival de la Ciencia \u201ccelebr\u00f3 la curiosidad\u201d con 25 actividades en Tarapac\u00e1"},"content":{"rendered":"<p align=\"justify\"><span style=\"color: #000000\"><span style=\"font-family: gobCL, serif\"><i><b>* Visitas guiadas, charlas, obras de teatro, entre otras actividades, ya est\u00e1n disponibles en el youtube de Explora Tarapac\u00e1 y pueden ser vistas libremente.<\/b><\/i><\/span><\/span><\/p>\n<figure id=\"attachment_39104\" aria-describedby=\"caption-attachment-39104\" style=\"width: 300px\" class=\"wp-caption alignleft\"><img loading=\"lazy\" decoding=\"async\" class=\"wp-image-39104 size-medium\" src=\"https:\/\/dev.explora.cl\/tarapaca\/wp-content\/uploads\/sites\/3\/2020\/11\/02_FECI_sistdemomificacionMRI-300x169.png\" alt=\"\" width=\"300\" height=\"169\" srcset=\"https:\/\/dev.explora.cl\/tarapaca\/wp-content\/uploads\/sites\/3\/2020\/11\/02_FECI_sistdemomificacionMRI-300x169.png 300w, https:\/\/dev.explora.cl\/tarapaca\/wp-content\/uploads\/sites\/3\/2020\/11\/02_FECI_sistdemomificacionMRI-768x433.png 768w, https:\/\/dev.explora.cl\/tarapaca\/wp-content\/uploads\/sites\/3\/2020\/11\/02_FECI_sistdemomificacionMRI-1024x578.png 1024w, https:\/\/dev.explora.cl\/tarapaca\/wp-content\/uploads\/sites\/3\/2020\/11\/02_FECI_sistdemomificacionMRI.png 1274w\" sizes=\"auto, (max-width: 300px) 100vw, 300px\" \/><figcaption id=\"caption-attachment-39104\" class=\"wp-caption-text\">El Museo Regional de Iquique realiz\u00f3 tres visitas guiadas virtuales.<\/figcaption><\/figure>\n<p align=\"justify\"><a name=\"_gjdgxs\"><\/a> <span style=\"color: #000000\"><span style=\"font-family: gobCL, serif\"> Entre el 11 y el 15 de noviembre, la regi\u00f3n cont\u00f3 con el \u201cFestival de la Ciencia Tarapac\u00e1 2020\u201d, el cual llev\u00f3 como mensaje \u201cCelebremos la curiosidad\u201d, iniciativa desarrollada por la Universidad de Tarapac\u00e1 Sede Iquique a trav\u00e9s de su proyecto Explora Tarapac\u00e1.<\/span><\/span><\/p>\n<p align=\"justify\"><span style=\"color: #000000\"><span style=\"font-family: gobCL, serif\"> La instancia cont\u00f3 con: visitas guiadas virtuales, charlas, obras de teatro, conversatorios y talleres, actividades que fueron desarrollados a trav\u00e9s de streaming.<\/span><\/span><\/p>\n<p align=\"justify\"><span style=\"color: #000000\"><span style=\"font-family: gobCL, serif\"> Durante los cinco d\u00edas del evento, ni\u00f1os, ni\u00f1as, j\u00f3venes y familias motivadas pudieron ser parte de distintas actividades desarrolladas por las distintas organizaciones participantes, en \u00e1reas tem\u00e1ticas como: los astros, el sol, la paleontolog\u00eda, la historia de la regi\u00f3n, el cuidado del medio ambiente y el uso de la tecnolog\u00eda para aprendizaje. Adem\u00e1s, entre las jornadas realizadas, el Festival cont\u00f3 con obras de teatro virtuales que promovieron la inclusi\u00f3n y el cuidado por el medio ambiente.<\/span><\/span><\/p>\n<figure id=\"attachment_39105\" aria-describedby=\"caption-attachment-39105\" style=\"width: 300px\" class=\"wp-caption alignright\"><img loading=\"lazy\" decoding=\"async\" class=\"wp-image-39105 size-medium\" src=\"https:\/\/dev.explora.cl\/tarapaca\/wp-content\/uploads\/sites\/3\/2020\/11\/04_FECI_unlobodecorazonverde-300x172.png\" alt=\"\" width=\"300\" height=\"172\" srcset=\"https:\/\/dev.explora.cl\/tarapaca\/wp-content\/uploads\/sites\/3\/2020\/11\/04_FECI_unlobodecorazonverde-300x172.png 300w, https:\/\/dev.explora.cl\/tarapaca\/wp-content\/uploads\/sites\/3\/2020\/11\/04_FECI_unlobodecorazonverde-768x439.png 768w, https:\/\/dev.explora.cl\/tarapaca\/wp-content\/uploads\/sites\/3\/2020\/11\/04_FECI_unlobodecorazonverde-1024x586.png 1024w, https:\/\/dev.explora.cl\/tarapaca\/wp-content\/uploads\/sites\/3\/2020\/11\/04_FECI_unlobodecorazonverde.png 1253w\" sizes=\"auto, (max-width: 300px) 100vw, 300px\" \/><figcaption id=\"caption-attachment-39105\" class=\"wp-caption-text\">Obra de teatro virtual &#8220;Un lobo de coraz\u00f3n verde&#8221;<\/figcaption><\/figure>\n<p align=\"justify\"><a name=\"_GoBack\"><\/a> <span style=\"color: #000000\"><span style=\"font-family: gobCL, serif\"> La Directora General de Sede Iquique de la Universidad de Tarapac\u00e1, Doctora Yasna Godoy Henr\u00edquez, precis\u00f3: \u201cquiero agradecer a las instituciones colaboradoras por su compromiso en la realizaci\u00f3n de todas estas actividades y desde la Universidad de Tarapac\u00e1 Sede Iquique vamos a seguir promoviendo espacios de divulgaci\u00f3n cient\u00edfica para la regi\u00f3n\u201d.<\/span><\/span><\/p>\n<p class=\"western\" align=\"justify\"><span style=\"color: #000000\"><span style=\"font-family: gobCL, serif\">Por su parte, la Directora de Explora Tarapac\u00e1, precis\u00f3: \u201c<\/span><\/span><span style=\"color: #222222\"><span style=\"font-family: gobCL, serif\"><span lang=\"es-CL\">estamos felices con la realizaci\u00f3n de este evento que busca \u2018celebrar la curiosidad\u2019. Con este evento hemos posicionado la ciencia, la tecnolog\u00eda, el conocimiento y la innovaci\u00f3n en el imaginario colectivo, como parte de la cultura. Esta actividad busc\u00f3 la apropiaci\u00f3n social de las ciencias con un sello regional, lo que nos enorgullece<\/span><\/span><\/span><span style=\"color: #000000\"><span style=\"font-family: gobCL, serif\">\u201d.<\/span><\/span><\/p>\n<figure id=\"attachment_39107\" aria-describedby=\"caption-attachment-39107\" style=\"width: 300px\" class=\"wp-caption alignleft\"><img loading=\"lazy\" decoding=\"async\" class=\"wp-image-39107 size-medium\" src=\"https:\/\/dev.explora.cl\/tarapaca\/wp-content\/uploads\/sites\/3\/2020\/11\/06_FECI_explorandotarapaca-300x169.png\" alt=\"\" width=\"300\" height=\"169\" srcset=\"https:\/\/dev.explora.cl\/tarapaca\/wp-content\/uploads\/sites\/3\/2020\/11\/06_FECI_explorandotarapaca-300x169.png 300w, https:\/\/dev.explora.cl\/tarapaca\/wp-content\/uploads\/sites\/3\/2020\/11\/06_FECI_explorandotarapaca-768x434.png 768w, https:\/\/dev.explora.cl\/tarapaca\/wp-content\/uploads\/sites\/3\/2020\/11\/06_FECI_explorandotarapaca-1024x578.png 1024w, https:\/\/dev.explora.cl\/tarapaca\/wp-content\/uploads\/sites\/3\/2020\/11\/06_FECI_explorandotarapaca.png 1268w\" sizes=\"auto, (max-width: 300px) 100vw, 300px\" \/><figcaption id=\"caption-attachment-39107\" class=\"wp-caption-text\">Imagen de la visita guiada virtual &#8220;Explorando Tarapac\u00e1 desde el puerto hasta la pampa&#8221;, que fue narrada por el Premio Nacional de Historia del 2014, Sergio Gonz\u00e1lez.<\/figcaption><\/figure>\n<p align=\"justify\"><b> <\/b><span style=\"font-family: gobCL, serif\">Todas las actividades individuales del Festival, que tambi\u00e9n fueron emitidas en vivo por RTC Televisi\u00f3n durante el bloque de ma\u00f1ana, se encuentran disponibles a trav\u00e9s de la cuenta Youtube de Explora Tarapac\u00e1 y puedan ser vistas por toda la comunidad.<\/span><\/p>\n<p align=\"justify\"><span style=\"font-family: gobCL, serif\"><b> \u201cPremiando la curiosidad en FECI\u201d<\/b><\/span><\/p>\n<p align=\"justify\"><span style=\"font-family: gobCL, serif\"> El evento cont\u00f3 con un concurso para establecimientos educacionales y otro abierto a la comunidad en general. En ambos los premios eran: telescopios para principiantes, astrobox con experimentos sobre el sol y lentes para eclipse solar. En el concurso para establecimientos educacionales los ganadores fueron: primer lugar para el primero medio \u201cA\u201d de la Escuela Manuel Castro Ramos de Iquique; el segundo fue para el nivel educaci\u00f3n especial del Colegio Sim\u00f3n Bolivar de Alto Hospicio y el tercer lo obtuvo el taller de ciencias del Colegio Bajo Molle de Iquique. <\/span><\/p>\n<p align=\"justify\"><span style=\"font-family: gobCL, serif\"> Mientras que el concurso abierto a la comunidad buscaba reconocer un hecho cient\u00edfico-hist\u00f3rico importante, quedando el primer lugar para Mateo Guerrero, con el video \u201cEl primer viaje a la luna\u201d; el segundo lugar para Camila Flores con el video \u201cNicol\u00e1s Cop\u00e9rnico\u201d y tercer lugar para Diego Valencia, con el video \u201cEl transistor\u201d. <\/span><\/p>\n<p align=\"justify\"><b> <\/b><span style=\"color: #000000\"><span style=\"font-family: gobCL, serif\"><span style=\"font-size: medium\">El proyecto Explora Tarapac\u00e1 es financiado por el Ministerio de Ciencia, Tecnolog\u00eda, Conocimiento e Innovaci\u00f3n.<\/span><\/span><\/span><\/p>\n<p align=\"justify\"><strong>Puedes ver o revivir todas las presentaciones del Festival de la Ciencia Tarapac\u00e1 2020 a trav\u00e9s de su lista de reproducci\u00f3n de Youtube: <a href=\"https:\/\/bit.ly\/fecitarapacavideos\">https:\/\/bit.ly\/fecitarapacavideos<\/a><\/strong><\/p>\n","protected":false},"excerpt":{"rendered":"<p>* Visitas guiadas, charlas, obras de teatro, entre otras actividades, ya est\u00e1n disponibles en el youtube de Explora Tarapac\u00e1 y pueden ser vistas libremente.<\/p>\n","protected":false},"author":18,"featured_media":39100,"comment_status":"open","ping_status":"open","sticky":false,"template":"","format":"standard","meta":{"_acf_changed":false,"_exactmetrics_skip_tracking":false,"_exactmetrics_sitenote_active":false,"_exactmetrics_sitenote_note":"","_exactmetrics_sitenote_category":0,"footnotes":"","_links_to":"","_links_to_target":""},"categories":[143,4],"tags":[171,218,223,107,222,213,23,217,216,221,155,220,219,157,76,183,215],"class_list":["post-39099","post","type-post","status-publish","format-standard","has-post-thumbnail","hentry","category-lugar-8","category-noticias","tag-171","tag-alto-hospicio","tag-camina","tag-ciencia","tag-colchane","tag-conocimiento","tag-explora","tag-feci","tag-festival","tag-huara","tag-iquique","tag-pica","tag-pozo-almonte","tag-tarapaca","tag-tecnologia","tag-uta","tag-uta-iquique"],"acf":[],"yoast_head":"<!-- This site is optimized with the Yoast SEO plugin v26.7 - https:\/\/yoast.com\/wordpress\/plugins\/seo\/ -->\n<title>Festival de la Ciencia \u201ccelebr\u00f3 la curiosidad\u201d con 25 actividades en Tarapac\u00e1 - Tarapaca<\/title>\n<meta name=\"robots\" content=\"index, follow, max-snippet:-1, max-image-preview:large, max-video-preview:-1\" \/>\n<link rel=\"canonical\" href=\"https:\/\/dev.explora.cl\/tarapaca\/festival-de-la-ciencia-celebro-la-curiosidad-con-25-actividades-en-tarapaca\/\" class=\"yoast-seo-meta-tag\" \/>\n<meta property=\"og:locale\" content=\"es_ES\" class=\"yoast-seo-meta-tag\" \/>\n<meta property=\"og:type\" content=\"article\" class=\"yoast-seo-meta-tag\" \/>\n<meta property=\"og:title\" content=\"Festival de la Ciencia \u201ccelebr\u00f3 la curiosidad\u201d con 25 actividades en Tarapac\u00e1 - Tarapaca\" class=\"yoast-seo-meta-tag\" \/>\n<meta property=\"og:description\" content=\"* Visitas guiadas, charlas, obras de teatro, entre otras actividades, ya est\u00e1n disponibles en el youtube de Explora Tarapac\u00e1 y pueden ser vistas libremente.\" class=\"yoast-seo-meta-tag\" \/>\n<meta property=\"og:url\" content=\"https:\/\/dev.explora.cl\/tarapaca\/festival-de-la-ciencia-celebro-la-curiosidad-con-25-actividades-en-tarapaca\/\" class=\"yoast-seo-meta-tag\" \/>\n<meta property=\"og:site_name\" content=\"Tarapaca\" class=\"yoast-seo-meta-tag\" \/>\n<meta property=\"article:published_time\" content=\"2020-11-20T20:00:21+00:00\" class=\"yoast-seo-meta-tag\" \/>\n<meta property=\"article:modified_time\" content=\"2021-03-20T15:25:31+00:00\" class=\"yoast-seo-meta-tag\" \/>\n<meta property=\"og:image\" content=\"https:\/\/dev.explora.cl\/tarapaca\/wp-content\/uploads\/sites\/3\/2020\/11\/05_FECI_unpaseoporlahistoriadehuantajaya.png\" class=\"yoast-seo-meta-tag\" \/>\n\t<meta property=\"og:image:width\" content=\"1269\" class=\"yoast-seo-meta-tag\" \/>\n\t<meta property=\"og:image:height\" content=\"718\" class=\"yoast-seo-meta-tag\" \/>\n\t<meta property=\"og:image:type\" content=\"image\/png\" class=\"yoast-seo-meta-tag\" \/>\n<meta name=\"author\" content=\"admintarapaca\" class=\"yoast-seo-meta-tag\" \/>\n<meta name=\"twitter:card\" content=\"summary_large_image\" class=\"yoast-seo-meta-tag\" \/>\n<meta name=\"twitter:label1\" content=\"Escrito por\" class=\"yoast-seo-meta-tag\" \/>\n\t<meta name=\"twitter:data1\" content=\"admintarapaca\" class=\"yoast-seo-meta-tag\" \/>\n\t<meta name=\"twitter:label2\" content=\"Tiempo estimado de lectura\" class=\"yoast-seo-meta-tag\" \/>\n\t<meta name=\"twitter:data2\" content=\"3 minutos\" class=\"yoast-seo-meta-tag\" \/>\n<script type=\"application\/ld+json\" class=\"yoast-schema-graph\">{\"@context\":\"https:\/\/schema.org\",\"@graph\":[{\"@type\":\"Article\",\"@id\":\"https:\/\/dev.explora.cl\/tarapaca\/festival-de-la-ciencia-celebro-la-curiosidad-con-25-actividades-en-tarapaca\/#article\",\"isPartOf\":{\"@id\":\"https:\/\/dev.explora.cl\/tarapaca\/festival-de-la-ciencia-celebro-la-curiosidad-con-25-actividades-en-tarapaca\/\"},\"author\":{\"name\":\"admintarapaca\",\"@id\":\"https:\/\/dev.explora.cl\/tarapaca\/#\/schema\/person\/ca04f8a8f8e25243bd462d34eb1ca505\"},\"headline\":\"Festival de la Ciencia \u201ccelebr\u00f3 la curiosidad\u201d con 25 actividades en Tarapac\u00e1\",\"datePublished\":\"2020-11-20T20:00:21+00:00\",\"dateModified\":\"2021-03-20T15:25:31+00:00\",\"mainEntityOfPage\":{\"@id\":\"https:\/\/dev.explora.cl\/tarapaca\/festival-de-la-ciencia-celebro-la-curiosidad-con-25-actividades-en-tarapaca\/\"},\"wordCount\":618,\"commentCount\":0,\"image\":{\"@id\":\"https:\/\/dev.explora.cl\/tarapaca\/festival-de-la-ciencia-celebro-la-curiosidad-con-25-actividades-en-tarapaca\/#primaryimage\"},\"thumbnailUrl\":\"https:\/\/dev.explora.cl\/tarapaca\/wp-content\/uploads\/sites\/3\/2020\/11\/05_FECI_unpaseoporlahistoriadehuantajaya.png\",\"keywords\":[\"2020\",\"Alto Hospicio\",\"Cami\u00f1a\",\"ciencia\",\"Colchane\",\"Conocimiento\",\"EXPLORA\",\"FECI\",\"Festival\",\"Huara\",\"iquique,\",\"Pica\",\"Pozo Almonte\",\"tarapac\u00e1,\",\"tecnolog\u00eda\",\"UTA\",\"UTA Iquique\"],\"articleSection\":[\"Lugar 8\",\"Noticias\"],\"inLanguage\":\"es-CL\",\"potentialAction\":[{\"@type\":\"CommentAction\",\"name\":\"Comment\",\"target\":[\"https:\/\/dev.explora.cl\/tarapaca\/festival-de-la-ciencia-celebro-la-curiosidad-con-25-actividades-en-tarapaca\/#respond\"]}]},{\"@type\":\"WebPage\",\"@id\":\"https:\/\/dev.explora.cl\/tarapaca\/festival-de-la-ciencia-celebro-la-curiosidad-con-25-actividades-en-tarapaca\/\",\"url\":\"https:\/\/dev.explora.cl\/tarapaca\/festival-de-la-ciencia-celebro-la-curiosidad-con-25-actividades-en-tarapaca\/\",\"name\":\"Festival de la Ciencia \u201ccelebr\u00f3 la curiosidad\u201d con 25 actividades en Tarapac\u00e1 - Tarapaca\",\"isPartOf\":{\"@id\":\"https:\/\/dev.explora.cl\/tarapaca\/#website\"},\"primaryImageOfPage\":{\"@id\":\"https:\/\/dev.explora.cl\/tarapaca\/festival-de-la-ciencia-celebro-la-curiosidad-con-25-actividades-en-tarapaca\/#primaryimage\"},\"image\":{\"@id\":\"https:\/\/dev.explora.cl\/tarapaca\/festival-de-la-ciencia-celebro-la-curiosidad-con-25-actividades-en-tarapaca\/#primaryimage\"},\"thumbnailUrl\":\"https:\/\/dev.explora.cl\/tarapaca\/wp-content\/uploads\/sites\/3\/2020\/11\/05_FECI_unpaseoporlahistoriadehuantajaya.png\",\"datePublished\":\"2020-11-20T20:00:21+00:00\",\"dateModified\":\"2021-03-20T15:25:31+00:00\",\"author\":{\"@id\":\"https:\/\/dev.explora.cl\/tarapaca\/#\/schema\/person\/ca04f8a8f8e25243bd462d34eb1ca505\"},\"breadcrumb\":{\"@id\":\"https:\/\/dev.explora.cl\/tarapaca\/festival-de-la-ciencia-celebro-la-curiosidad-con-25-actividades-en-tarapaca\/#breadcrumb\"},\"inLanguage\":\"es-CL\",\"potentialAction\":[{\"@type\":\"ReadAction\",\"target\":[\"https:\/\/dev.explora.cl\/tarapaca\/festival-de-la-ciencia-celebro-la-curiosidad-con-25-actividades-en-tarapaca\/\"]}]},{\"@type\":\"ImageObject\",\"inLanguage\":\"es-CL\",\"@id\":\"https:\/\/dev.explora.cl\/tarapaca\/festival-de-la-ciencia-celebro-la-curiosidad-con-25-actividades-en-tarapaca\/#primaryimage\",\"url\":\"https:\/\/dev.explora.cl\/tarapaca\/wp-content\/uploads\/sites\/3\/2020\/11\/05_FECI_unpaseoporlahistoriadehuantajaya.png\",\"contentUrl\":\"https:\/\/dev.explora.cl\/tarapaca\/wp-content\/uploads\/sites\/3\/2020\/11\/05_FECI_unpaseoporlahistoriadehuantajaya.png\",\"width\":1269,\"height\":718},{\"@type\":\"BreadcrumbList\",\"@id\":\"https:\/\/dev.explora.cl\/tarapaca\/festival-de-la-ciencia-celebro-la-curiosidad-con-25-actividades-en-tarapaca\/#breadcrumb\",\"itemListElement\":[{\"@type\":\"ListItem\",\"position\":1,\"name\":\"Portada\",\"item\":\"https:\/\/dev.explora.cl\/tarapaca\/\"},{\"@type\":\"ListItem\",\"position\":2,\"name\":\"Festival de la Ciencia \u201ccelebr\u00f3 la curiosidad\u201d con 25 actividades en Tarapac\u00e1\"}]},{\"@type\":\"WebSite\",\"@id\":\"https:\/\/dev.explora.cl\/tarapaca\/#website\",\"url\":\"https:\/\/dev.explora.cl\/tarapaca\/\",\"name\":\"Tarapaca\",\"description\":\"Otro sitio m\u00e1s de dev.explora.cl\",\"potentialAction\":[{\"@type\":\"SearchAction\",\"target\":{\"@type\":\"EntryPoint\",\"urlTemplate\":\"https:\/\/dev.explora.cl\/tarapaca\/?s={search_term_string}\"},\"query-input\":{\"@type\":\"PropertyValueSpecification\",\"valueRequired\":true,\"valueName\":\"search_term_string\"}}],\"inLanguage\":\"es-CL\"},{\"@type\":\"Person\",\"@id\":\"https:\/\/dev.explora.cl\/tarapaca\/#\/schema\/person\/ca04f8a8f8e25243bd462d34eb1ca505\",\"name\":\"admintarapaca\",\"image\":{\"@type\":\"ImageObject\",\"inLanguage\":\"es-CL\",\"@id\":\"https:\/\/dev.explora.cl\/tarapaca\/#\/schema\/person\/image\/\",\"url\":\"https:\/\/secure.gravatar.com\/avatar\/8ff4762fabbf7a1732a126425c82d628f08ba754529d77a55358cbb74e14343f?s=96&d=mm&r=g\",\"contentUrl\":\"https:\/\/secure.gravatar.com\/avatar\/8ff4762fabbf7a1732a126425c82d628f08ba754529d77a55358cbb74e14343f?s=96&d=mm&r=g\",\"caption\":\"admintarapaca\"},\"url\":\"https:\/\/dev.explora.cl\/tarapaca\/author\/dolivares\/\"}]}<\/script>\n<!-- \/ Yoast SEO plugin. -->","yoast_head_json":{"title":"Festival de la Ciencia \u201ccelebr\u00f3 la curiosidad\u201d con 25 actividades en Tarapac\u00e1 - Tarapaca","robots":{"index":"index","follow":"follow","max-snippet":"max-snippet:-1","max-image-preview":"max-image-preview:large","max-video-preview":"max-video-preview:-1"},"canonical":"https:\/\/dev.explora.cl\/tarapaca\/festival-de-la-ciencia-celebro-la-curiosidad-con-25-actividades-en-tarapaca\/","og_locale":"es_ES","og_type":"article","og_title":"Festival de la Ciencia \u201ccelebr\u00f3 la curiosidad\u201d con 25 actividades en Tarapac\u00e1 - Tarapaca","og_description":"* Visitas guiadas, charlas, obras de teatro, entre otras actividades, ya est\u00e1n disponibles en el youtube de Explora Tarapac\u00e1 y pueden ser vistas libremente.","og_url":"https:\/\/dev.explora.cl\/tarapaca\/festival-de-la-ciencia-celebro-la-curiosidad-con-25-actividades-en-tarapaca\/","og_site_name":"Tarapaca","article_published_time":"2020-11-20T20:00:21+00:00","article_modified_time":"2021-03-20T15:25:31+00:00","og_image":[{"width":1269,"height":718,"url":"https:\/\/dev.explora.cl\/tarapaca\/wp-content\/uploads\/sites\/3\/2020\/11\/05_FECI_unpaseoporlahistoriadehuantajaya.png","type":"image\/png"}],"author":"admintarapaca","twitter_card":"summary_large_image","twitter_misc":{"Escrito por":"admintarapaca","Tiempo estimado de lectura":"3 minutos"},"schema":{"@context":"https:\/\/schema.org","@graph":[{"@type":"Article","@id":"https:\/\/dev.explora.cl\/tarapaca\/festival-de-la-ciencia-celebro-la-curiosidad-con-25-actividades-en-tarapaca\/#article","isPartOf":{"@id":"https:\/\/dev.explora.cl\/tarapaca\/festival-de-la-ciencia-celebro-la-curiosidad-con-25-actividades-en-tarapaca\/"},"author":{"name":"admintarapaca","@id":"https:\/\/dev.explora.cl\/tarapaca\/#\/schema\/person\/ca04f8a8f8e25243bd462d34eb1ca505"},"headline":"Festival de la Ciencia \u201ccelebr\u00f3 la curiosidad\u201d con 25 actividades en Tarapac\u00e1","datePublished":"2020-11-20T20:00:21+00:00","dateModified":"2021-03-20T15:25:31+00:00","mainEntityOfPage":{"@id":"https:\/\/dev.explora.cl\/tarapaca\/festival-de-la-ciencia-celebro-la-curiosidad-con-25-actividades-en-tarapaca\/"},"wordCount":618,"commentCount":0,"image":{"@id":"https:\/\/dev.explora.cl\/tarapaca\/festival-de-la-ciencia-celebro-la-curiosidad-con-25-actividades-en-tarapaca\/#primaryimage"},"thumbnailUrl":"https:\/\/dev.explora.cl\/tarapaca\/wp-content\/uploads\/sites\/3\/2020\/11\/05_FECI_unpaseoporlahistoriadehuantajaya.png","keywords":["2020","Alto Hospicio","Cami\u00f1a","ciencia","Colchane","Conocimiento","EXPLORA","FECI","Festival","Huara","iquique,","Pica","Pozo Almonte","tarapac\u00e1,","tecnolog\u00eda","UTA","UTA Iquique"],"articleSection":["Lugar 8","Noticias"],"inLanguage":"es-CL","potentialAction":[{"@type":"CommentAction","name":"Comment","target":["https:\/\/dev.explora.cl\/tarapaca\/festival-de-la-ciencia-celebro-la-curiosidad-con-25-actividades-en-tarapaca\/#respond"]}]},{"@type":"WebPage","@id":"https:\/\/dev.explora.cl\/tarapaca\/festival-de-la-ciencia-celebro-la-curiosidad-con-25-actividades-en-tarapaca\/","url":"https:\/\/dev.explora.cl\/tarapaca\/festival-de-la-ciencia-celebro-la-curiosidad-con-25-actividades-en-tarapaca\/","name":"Festival de la Ciencia \u201ccelebr\u00f3 la curiosidad\u201d con 25 actividades en Tarapac\u00e1 - Tarapaca","isPartOf":{"@id":"https:\/\/dev.explora.cl\/tarapaca\/#website"},"primaryImageOfPage":{"@id":"https:\/\/dev.explora.cl\/tarapaca\/festival-de-la-ciencia-celebro-la-curiosidad-con-25-actividades-en-tarapaca\/#primaryimage"},"image":{"@id":"https:\/\/dev.explora.cl\/tarapaca\/festival-de-la-ciencia-celebro-la-curiosidad-con-25-actividades-en-tarapaca\/#primaryimage"},"thumbnailUrl":"https:\/\/dev.explora.cl\/tarapaca\/wp-content\/uploads\/sites\/3\/2020\/11\/05_FECI_unpaseoporlahistoriadehuantajaya.png","datePublished":"2020-11-20T20:00:21+00:00","dateModified":"2021-03-20T15:25:31+00:00","author":{"@id":"https:\/\/dev.explora.cl\/tarapaca\/#\/schema\/person\/ca04f8a8f8e25243bd462d34eb1ca505"},"breadcrumb":{"@id":"https:\/\/dev.explora.cl\/tarapaca\/festival-de-la-ciencia-celebro-la-curiosidad-con-25-actividades-en-tarapaca\/#breadcrumb"},"inLanguage":"es-CL","potentialAction":[{"@type":"ReadAction","target":["https:\/\/dev.explora.cl\/tarapaca\/festival-de-la-ciencia-celebro-la-curiosidad-con-25-actividades-en-tarapaca\/"]}]},{"@type":"ImageObject","inLanguage":"es-CL","@id":"https:\/\/dev.explora.cl\/tarapaca\/festival-de-la-ciencia-celebro-la-curiosidad-con-25-actividades-en-tarapaca\/#primaryimage","url":"https:\/\/dev.explora.cl\/tarapaca\/wp-content\/uploads\/sites\/3\/2020\/11\/05_FECI_unpaseoporlahistoriadehuantajaya.png","contentUrl":"https:\/\/dev.explora.cl\/tarapaca\/wp-content\/uploads\/sites\/3\/2020\/11\/05_FECI_unpaseoporlahistoriadehuantajaya.png","width":1269,"height":718},{"@type":"BreadcrumbList","@id":"https:\/\/dev.explora.cl\/tarapaca\/festival-de-la-ciencia-celebro-la-curiosidad-con-25-actividades-en-tarapaca\/#breadcrumb","itemListElement":[{"@type":"ListItem","position":1,"name":"Portada","item":"https:\/\/dev.explora.cl\/tarapaca\/"},{"@type":"ListItem","position":2,"name":"Festival de la Ciencia \u201ccelebr\u00f3 la curiosidad\u201d con 25 actividades en Tarapac\u00e1"}]},{"@type":"WebSite","@id":"https:\/\/dev.explora.cl\/tarapaca\/#website","url":"https:\/\/dev.explora.cl\/tarapaca\/","name":"Tarapaca","description":"Otro sitio m\u00e1s de dev.explora.cl","potentialAction":[{"@type":"SearchAction","target":{"@type":"EntryPoint","urlTemplate":"https:\/\/dev.explora.cl\/tarapaca\/?s={search_term_string}"},"query-input":{"@type":"PropertyValueSpecification","valueRequired":true,"valueName":"search_term_string"}}],"inLanguage":"es-CL"},{"@type":"Person","@id":"https:\/\/dev.explora.cl\/tarapaca\/#\/schema\/person\/ca04f8a8f8e25243bd462d34eb1ca505","name":"admintarapaca","image":{"@type":"ImageObject","inLanguage":"es-CL","@id":"https:\/\/dev.explora.cl\/tarapaca\/#\/schema\/person\/image\/","url":"https:\/\/secure.gravatar.com\/avatar\/8ff4762fabbf7a1732a126425c82d628f08ba754529d77a55358cbb74e14343f?s=96&d=mm&r=g","contentUrl":"https:\/\/secure.gravatar.com\/avatar\/8ff4762fabbf7a1732a126425c82d628f08ba754529d77a55358cbb74e14343f?s=96&d=mm&r=g","caption":"admintarapaca"},"url":"https:\/\/dev.explora.cl\/tarapaca\/author\/dolivares\/"}]}},"_links":{"self":[{"href":"https:\/\/dev.explora.cl\/tarapaca\/wp-json\/wp\/v2\/posts\/39099","targetHints":{"allow":["GET"]}}],"collection":[{"href":"https:\/\/dev.explora.cl\/tarapaca\/wp-json\/wp\/v2\/posts"}],"about":[{"href":"https:\/\/dev.explora.cl\/tarapaca\/wp-json\/wp\/v2\/types\/post"}],"author":[{"embeddable":true,"href":"https:\/\/dev.explora.cl\/tarapaca\/wp-json\/wp\/v2\/users\/18"}],"replies":[{"embeddable":true,"href":"https:\/\/dev.explora.cl\/tarapaca\/wp-json\/wp\/v2\/comments?post=39099"}],"version-history":[{"count":6,"href":"https:\/\/dev.explora.cl\/tarapaca\/wp-json\/wp\/v2\/posts\/39099\/revisions"}],"predecessor-version":[{"id":39109,"href":"https:\/\/dev.explora.cl\/tarapaca\/wp-json\/wp\/v2\/posts\/39099\/revisions\/39109"}],"wp:featuredmedia":[{"embeddable":true,"href":"https:\/\/dev.explora.cl\/tarapaca\/wp-json\/wp\/v2\/media\/39100"}],"wp:attachment":[{"href":"https:\/\/dev.explora.cl\/tarapaca\/wp-json\/wp\/v2\/media?parent=39099"}],"wp:term":[{"taxonomy":"category","embeddable":true,"href":"https:\/\/dev.explora.cl\/tarapaca\/wp-json\/wp\/v2\/categories?post=39099"},{"taxonomy":"post_tag","embeddable":true,"href":"https:\/\/dev.explora.cl\/tarapaca\/wp-json\/wp\/v2\/tags?post=39099"}],"curies":[{"name":"wp","href":"https:\/\/api.w.org\/{rel}","templated":true}]}}