{"id":39083,"date":"2020-11-06T17:35:13","date_gmt":"2020-11-06T20:35:13","guid":{"rendered":"https:\/\/dev.explora.cl\/tarapaca\/?p=39083"},"modified":"2021-03-20T12:26:27","modified_gmt":"2021-03-20T15:26:27","slug":"tarapaca-tendra-version-virtual-del-festival-de-la-ciencia","status":"publish","type":"post","link":"https:\/\/dev.explora.cl\/tarapaca\/tarapaca-tendra-version-virtual-del-festival-de-la-ciencia\/","title":{"rendered":"Tarapac\u00e1 tendr\u00e1 versi\u00f3n virtual del Festival de la Ciencia"},"content":{"rendered":"<p><strong><em>* Evento que se realizar\u00e1 por 5 d\u00edas, desde el 11 al 15 de noviembre, reunir\u00e1 una serie de actividades remotas en jornadas de ma\u00f1ana y tarde.<\/em><\/strong><\/p>\n<p>Un gran evento de divulgaci\u00f3n cient\u00edfica que contar\u00e1 con visitas guiadas virtuales, talleres online, charlas, conversatorios, teatro y minidocumentales es el que ofrecer\u00e1 la Universidad de Tarapac\u00e1 Sede Iquique a trav\u00e9s de su proyecto Explora Tarapac\u00e1.<\/p>\n<p>El Festival de la Ciencia (FECI) Tarapac\u00e1 2020 reunir\u00e1 a una serie de instituciones, servicios y organizaciones motivadas por transferir sus conocimientos cient\u00edficos y presentar sus investigaciones, pero ahora de forma completamente remota.<\/p>\n<p>Desde el mi\u00e9rcoles 11 al domingo 15 de noviembre, toda la comunidad podr\u00e1 participar de una nutrida agenda virtual publicada en dev.explora.cl\/tarapaca, que se dividir\u00e1 en bloques de ma\u00f1ana, de 10:00 a 13:00 horas, y tarde, de 17:30 a 20:30 horas, que adem\u00e1s contar\u00e1 con servicio de interpretaci\u00f3n en lengua de se\u00f1as chilena.<\/p>\n<p>El puntapi\u00e9 inicial se realizar\u00e1 el mi\u00e9rcoles 11 de noviembre, a las 10 de la ma\u00f1ana, en donde la Seremi de Ciencia de la Macrozona Norte, Margarita Lay, dar\u00e1 la apertura a cinco d\u00edas de actividades.<\/p>\n<p>Para la Directora General de Sede Iquique de la Universidad de Tarapac\u00e1, Doctora Yasna Godoy, \u201ceste ser\u00e1 un evento \u00fanico que tenemos preparado desde la Universidad de Tarapac\u00e1 Sede Iquique, a trav\u00e9s de nuestro proyecto Explora, ya que buscamos transferir conocimiento no s\u00f3lo a la comunidad universitaria, sino que a p\u00fablico general de nuestra regi\u00f3n\u201d.<\/p>\n<p>Por su parte, la Directora de Explora Tarapac\u00e1, precis\u00f3: \u201cesperamos que la comunidad pueda participar activamente, ya que este es\u00a0un evento\u00a0que hacemos con mucha convicci\u00f3n respecto a que la valoraci\u00f3n y apropiaci\u00f3n de los beneficios de la ciencia, la tecnolog\u00eda, conocimiento e innovaci\u00f3n se deben transferir de manera entretenida, l\u00fadica e interactiva para que logre motivar a la comunidad\u00a0desde los m\u00e1s peque\u00f1os hasta los m\u00e1s grandes\u201d.<\/p>\n<p><strong>Concursos <\/strong><\/p>\n<p>Adem\u00e1s de la programaci\u00f3n diaria, FECI contar\u00e1 con tres concursos. Un primer concurso que est\u00e1 dirigido a diferentes niveles o grupos de los establecimientos educacionales a realizar un video de 2 a 4 minutos que invite a participar del Festival de la Ciencia. Un segundo concurso que est\u00e1 orientado al p\u00fablico general de la regi\u00f3n, sin distinci\u00f3n de edad, con enfoque familiar, que consistir\u00e1 en un video de 1 a 3 minutos, donde los participantes presentan y justifican su \u201ctema cient\u00edfico favorito\u201d en la historia de la humanidad. Los dos primeros concursos tienen plazo hasta el 10 de noviembre. Y finalmente un concurso dirigido a diferentes agrupaciones interesadas en participar, que consistir\u00e1 en \u201ccomentarios participativos\u201d en las diferentes transmisiones del Festival y aquella que tengan m\u00e1s participaci\u00f3n ser\u00e1 la ganadora. Los concursos contar\u00e1n con espectaculares premios y sorpresas, que puedes conocer en la web dev.explora.cl\/tarapaca.<\/p>\n<p>El evento es posible gracias a la participaci\u00f3n activa de una serie de instituciones, muy comprometidas con el desarrollo de la actividad, que son: la Pontificia Universidad Cat\u00f3lica de Chile, Centro UC Desierto de Atacama, Universidad Arturo Prat, Universidad Santo Tom\u00e1s Iquique, INACAP Iquique, Municipalidad de Iquique, Aguas del Altiplano, Manito Verde, Fundaci\u00f3n Kodea, Fundaci\u00f3n Integra Tarapac\u00e1, Escuelas libres de investigaci\u00f3n cient\u00edfica para ni\u00f1os, SENADIS Tarapac\u00e1, Triciclos, CORMUDESI, Museo Regional de Iquique, Corporaci\u00f3n Norte Grande, Spirulina Mater, Corona Borealis, Colegio North College, Los Creadores, Proyecto FIC-R Huantajaya de la Universidad de Tarapac\u00e1, Colecci\u00f3n de Paleontolog\u00eda MRI, Gobierno Regional de Tarapac\u00e1, Consejo Regional de Tarapac\u00e1.<\/p>\n","protected":false},"excerpt":{"rendered":"<p>* Evento que se realizar\u00e1 por 5 d\u00edas, desde el 11 al 15 de noviembre, reunir\u00e1 una serie de actividades remotas en jornadas de ma\u00f1ana y tarde.<\/p>\n","protected":false},"author":18,"featured_media":39084,"comment_status":"open","ping_status":"open","sticky":false,"template":"","format":"standard","meta":{"_acf_changed":false,"_exactmetrics_skip_tracking":false,"_exactmetrics_sitenote_active":false,"_exactmetrics_sitenote_note":"","_exactmetrics_sitenote_category":0,"footnotes":"","_links_to":"","_links_to_target":""},"categories":[4],"tags":[107,213,217,216,186,155,202,157,76],"class_list":["post-39083","post","type-post","status-publish","format-standard","has-post-thumbnail","hentry","category-noticias","tag-ciencia","tag-conocimiento","tag-feci","tag-festival","tag-innovacion","tag-iquique","tag-norte-grande","tag-tarapaca","tag-tecnologia"],"acf":[],"yoast_head":"<!-- This site is optimized with the Yoast SEO plugin v26.7 - https:\/\/yoast.com\/wordpress\/plugins\/seo\/ -->\n<title>Tarapac\u00e1 tendr\u00e1 versi\u00f3n virtual del Festival de la Ciencia - Tarapaca<\/title>\n<meta name=\"robots\" content=\"index, follow, max-snippet:-1, max-image-preview:large, max-video-preview:-1\" \/>\n<link rel=\"canonical\" href=\"https:\/\/dev.explora.cl\/tarapaca\/tarapaca-tendra-version-virtual-del-festival-de-la-ciencia\/\" class=\"yoast-seo-meta-tag\" \/>\n<meta property=\"og:locale\" content=\"es_ES\" class=\"yoast-seo-meta-tag\" \/>\n<meta property=\"og:type\" content=\"article\" class=\"yoast-seo-meta-tag\" \/>\n<meta property=\"og:title\" content=\"Tarapac\u00e1 tendr\u00e1 versi\u00f3n virtual del Festival de la Ciencia - Tarapaca\" class=\"yoast-seo-meta-tag\" \/>\n<meta property=\"og:description\" content=\"* Evento que se realizar\u00e1 por 5 d\u00edas, desde el 11 al 15 de noviembre, reunir\u00e1 una serie de actividades remotas en jornadas de ma\u00f1ana y tarde.\" class=\"yoast-seo-meta-tag\" \/>\n<meta property=\"og:url\" content=\"https:\/\/dev.explora.cl\/tarapaca\/tarapaca-tendra-version-virtual-del-festival-de-la-ciencia\/\" class=\"yoast-seo-meta-tag\" \/>\n<meta property=\"og:site_name\" content=\"Tarapaca\" class=\"yoast-seo-meta-tag\" \/>\n<meta property=\"article:published_time\" content=\"2020-11-06T20:35:13+00:00\" class=\"yoast-seo-meta-tag\" \/>\n<meta property=\"article:modified_time\" content=\"2021-03-20T15:26:27+00:00\" class=\"yoast-seo-meta-tag\" \/>\n<meta property=\"og:image\" content=\"https:\/\/dev.explora.cl\/tarapaca\/wp-content\/uploads\/sites\/3\/2020\/11\/feci2.png\" class=\"yoast-seo-meta-tag\" \/>\n\t<meta property=\"og:image:width\" content=\"836\" class=\"yoast-seo-meta-tag\" \/>\n\t<meta property=\"og:image:height\" content=\"433\" class=\"yoast-seo-meta-tag\" \/>\n\t<meta property=\"og:image:type\" content=\"image\/png\" class=\"yoast-seo-meta-tag\" \/>\n<meta name=\"author\" content=\"admintarapaca\" class=\"yoast-seo-meta-tag\" \/>\n<meta name=\"twitter:card\" content=\"summary_large_image\" class=\"yoast-seo-meta-tag\" \/>\n<meta name=\"twitter:label1\" content=\"Escrito por\" class=\"yoast-seo-meta-tag\" \/>\n\t<meta name=\"twitter:data1\" content=\"admintarapaca\" class=\"yoast-seo-meta-tag\" \/>\n\t<meta name=\"twitter:label2\" content=\"Tiempo estimado de lectura\" class=\"yoast-seo-meta-tag\" \/>\n\t<meta name=\"twitter:data2\" content=\"3 minutos\" class=\"yoast-seo-meta-tag\" \/>\n<script type=\"application\/ld+json\" class=\"yoast-schema-graph\">{\"@context\":\"https:\/\/schema.org\",\"@graph\":[{\"@type\":\"Article\",\"@id\":\"https:\/\/dev.explora.cl\/tarapaca\/tarapaca-tendra-version-virtual-del-festival-de-la-ciencia\/#article\",\"isPartOf\":{\"@id\":\"https:\/\/dev.explora.cl\/tarapaca\/tarapaca-tendra-version-virtual-del-festival-de-la-ciencia\/\"},\"author\":{\"name\":\"admintarapaca\",\"@id\":\"https:\/\/dev.explora.cl\/tarapaca\/#\/schema\/person\/ca04f8a8f8e25243bd462d34eb1ca505\"},\"headline\":\"Tarapac\u00e1 tendr\u00e1 versi\u00f3n virtual del Festival de la Ciencia\",\"datePublished\":\"2020-11-06T20:35:13+00:00\",\"dateModified\":\"2021-03-20T15:26:27+00:00\",\"mainEntityOfPage\":{\"@id\":\"https:\/\/dev.explora.cl\/tarapaca\/tarapaca-tendra-version-virtual-del-festival-de-la-ciencia\/\"},\"wordCount\":604,\"commentCount\":0,\"image\":{\"@id\":\"https:\/\/dev.explora.cl\/tarapaca\/tarapaca-tendra-version-virtual-del-festival-de-la-ciencia\/#primaryimage\"},\"thumbnailUrl\":\"https:\/\/dev.explora.cl\/tarapaca\/wp-content\/uploads\/sites\/3\/2020\/11\/feci2.png\",\"keywords\":[\"ciencia\",\"Conocimiento\",\"FECI\",\"Festival\",\"Innovacion\",\"iquique,\",\"Norte Grande\",\"tarapac\u00e1,\",\"tecnolog\u00eda\"],\"articleSection\":[\"Noticias\"],\"inLanguage\":\"es-CL\",\"potentialAction\":[{\"@type\":\"CommentAction\",\"name\":\"Comment\",\"target\":[\"https:\/\/dev.explora.cl\/tarapaca\/tarapaca-tendra-version-virtual-del-festival-de-la-ciencia\/#respond\"]}]},{\"@type\":\"WebPage\",\"@id\":\"https:\/\/dev.explora.cl\/tarapaca\/tarapaca-tendra-version-virtual-del-festival-de-la-ciencia\/\",\"url\":\"https:\/\/dev.explora.cl\/tarapaca\/tarapaca-tendra-version-virtual-del-festival-de-la-ciencia\/\",\"name\":\"Tarapac\u00e1 tendr\u00e1 versi\u00f3n virtual del Festival de la Ciencia - Tarapaca\",\"isPartOf\":{\"@id\":\"https:\/\/dev.explora.cl\/tarapaca\/#website\"},\"primaryImageOfPage\":{\"@id\":\"https:\/\/dev.explora.cl\/tarapaca\/tarapaca-tendra-version-virtual-del-festival-de-la-ciencia\/#primaryimage\"},\"image\":{\"@id\":\"https:\/\/dev.explora.cl\/tarapaca\/tarapaca-tendra-version-virtual-del-festival-de-la-ciencia\/#primaryimage\"},\"thumbnailUrl\":\"https:\/\/dev.explora.cl\/tarapaca\/wp-content\/uploads\/sites\/3\/2020\/11\/feci2.png\",\"datePublished\":\"2020-11-06T20:35:13+00:00\",\"dateModified\":\"2021-03-20T15:26:27+00:00\",\"author\":{\"@id\":\"https:\/\/dev.explora.cl\/tarapaca\/#\/schema\/person\/ca04f8a8f8e25243bd462d34eb1ca505\"},\"breadcrumb\":{\"@id\":\"https:\/\/dev.explora.cl\/tarapaca\/tarapaca-tendra-version-virtual-del-festival-de-la-ciencia\/#breadcrumb\"},\"inLanguage\":\"es-CL\",\"potentialAction\":[{\"@type\":\"ReadAction\",\"target\":[\"https:\/\/dev.explora.cl\/tarapaca\/tarapaca-tendra-version-virtual-del-festival-de-la-ciencia\/\"]}]},{\"@type\":\"ImageObject\",\"inLanguage\":\"es-CL\",\"@id\":\"https:\/\/dev.explora.cl\/tarapaca\/tarapaca-tendra-version-virtual-del-festival-de-la-ciencia\/#primaryimage\",\"url\":\"https:\/\/dev.explora.cl\/tarapaca\/wp-content\/uploads\/sites\/3\/2020\/11\/feci2.png\",\"contentUrl\":\"https:\/\/dev.explora.cl\/tarapaca\/wp-content\/uploads\/sites\/3\/2020\/11\/feci2.png\",\"width\":836,\"height\":433},{\"@type\":\"BreadcrumbList\",\"@id\":\"https:\/\/dev.explora.cl\/tarapaca\/tarapaca-tendra-version-virtual-del-festival-de-la-ciencia\/#breadcrumb\",\"itemListElement\":[{\"@type\":\"ListItem\",\"position\":1,\"name\":\"Portada\",\"item\":\"https:\/\/dev.explora.cl\/tarapaca\/\"},{\"@type\":\"ListItem\",\"position\":2,\"name\":\"Tarapac\u00e1 tendr\u00e1 versi\u00f3n virtual del Festival de la Ciencia\"}]},{\"@type\":\"WebSite\",\"@id\":\"https:\/\/dev.explora.cl\/tarapaca\/#website\",\"url\":\"https:\/\/dev.explora.cl\/tarapaca\/\",\"name\":\"Tarapaca\",\"description\":\"Otro sitio m\u00e1s de dev.explora.cl\",\"potentialAction\":[{\"@type\":\"SearchAction\",\"target\":{\"@type\":\"EntryPoint\",\"urlTemplate\":\"https:\/\/dev.explora.cl\/tarapaca\/?s={search_term_string}\"},\"query-input\":{\"@type\":\"PropertyValueSpecification\",\"valueRequired\":true,\"valueName\":\"search_term_string\"}}],\"inLanguage\":\"es-CL\"},{\"@type\":\"Person\",\"@id\":\"https:\/\/dev.explora.cl\/tarapaca\/#\/schema\/person\/ca04f8a8f8e25243bd462d34eb1ca505\",\"name\":\"admintarapaca\",\"image\":{\"@type\":\"ImageObject\",\"inLanguage\":\"es-CL\",\"@id\":\"https:\/\/dev.explora.cl\/tarapaca\/#\/schema\/person\/image\/\",\"url\":\"https:\/\/secure.gravatar.com\/avatar\/8ff4762fabbf7a1732a126425c82d628f08ba754529d77a55358cbb74e14343f?s=96&d=mm&r=g\",\"contentUrl\":\"https:\/\/secure.gravatar.com\/avatar\/8ff4762fabbf7a1732a126425c82d628f08ba754529d77a55358cbb74e14343f?s=96&d=mm&r=g\",\"caption\":\"admintarapaca\"},\"url\":\"https:\/\/dev.explora.cl\/tarapaca\/author\/dolivares\/\"}]}<\/script>\n<!-- \/ Yoast SEO plugin. -->","yoast_head_json":{"title":"Tarapac\u00e1 tendr\u00e1 versi\u00f3n virtual del Festival de la Ciencia - Tarapaca","robots":{"index":"index","follow":"follow","max-snippet":"max-snippet:-1","max-image-preview":"max-image-preview:large","max-video-preview":"max-video-preview:-1"},"canonical":"https:\/\/dev.explora.cl\/tarapaca\/tarapaca-tendra-version-virtual-del-festival-de-la-ciencia\/","og_locale":"es_ES","og_type":"article","og_title":"Tarapac\u00e1 tendr\u00e1 versi\u00f3n virtual del Festival de la Ciencia - Tarapaca","og_description":"* Evento que se realizar\u00e1 por 5 d\u00edas, desde el 11 al 15 de noviembre, reunir\u00e1 una serie de actividades remotas en jornadas de ma\u00f1ana y tarde.","og_url":"https:\/\/dev.explora.cl\/tarapaca\/tarapaca-tendra-version-virtual-del-festival-de-la-ciencia\/","og_site_name":"Tarapaca","article_published_time":"2020-11-06T20:35:13+00:00","article_modified_time":"2021-03-20T15:26:27+00:00","og_image":[{"width":836,"height":433,"url":"https:\/\/dev.explora.cl\/tarapaca\/wp-content\/uploads\/sites\/3\/2020\/11\/feci2.png","type":"image\/png"}],"author":"admintarapaca","twitter_card":"summary_large_image","twitter_misc":{"Escrito por":"admintarapaca","Tiempo estimado de lectura":"3 minutos"},"schema":{"@context":"https:\/\/schema.org","@graph":[{"@type":"Article","@id":"https:\/\/dev.explora.cl\/tarapaca\/tarapaca-tendra-version-virtual-del-festival-de-la-ciencia\/#article","isPartOf":{"@id":"https:\/\/dev.explora.cl\/tarapaca\/tarapaca-tendra-version-virtual-del-festival-de-la-ciencia\/"},"author":{"name":"admintarapaca","@id":"https:\/\/dev.explora.cl\/tarapaca\/#\/schema\/person\/ca04f8a8f8e25243bd462d34eb1ca505"},"headline":"Tarapac\u00e1 tendr\u00e1 versi\u00f3n virtual del Festival de la Ciencia","datePublished":"2020-11-06T20:35:13+00:00","dateModified":"2021-03-20T15:26:27+00:00","mainEntityOfPage":{"@id":"https:\/\/dev.explora.cl\/tarapaca\/tarapaca-tendra-version-virtual-del-festival-de-la-ciencia\/"},"wordCount":604,"commentCount":0,"image":{"@id":"https:\/\/dev.explora.cl\/tarapaca\/tarapaca-tendra-version-virtual-del-festival-de-la-ciencia\/#primaryimage"},"thumbnailUrl":"https:\/\/dev.explora.cl\/tarapaca\/wp-content\/uploads\/sites\/3\/2020\/11\/feci2.png","keywords":["ciencia","Conocimiento","FECI","Festival","Innovacion","iquique,","Norte Grande","tarapac\u00e1,","tecnolog\u00eda"],"articleSection":["Noticias"],"inLanguage":"es-CL","potentialAction":[{"@type":"CommentAction","name":"Comment","target":["https:\/\/dev.explora.cl\/tarapaca\/tarapaca-tendra-version-virtual-del-festival-de-la-ciencia\/#respond"]}]},{"@type":"WebPage","@id":"https:\/\/dev.explora.cl\/tarapaca\/tarapaca-tendra-version-virtual-del-festival-de-la-ciencia\/","url":"https:\/\/dev.explora.cl\/tarapaca\/tarapaca-tendra-version-virtual-del-festival-de-la-ciencia\/","name":"Tarapac\u00e1 tendr\u00e1 versi\u00f3n virtual del Festival de la Ciencia - Tarapaca","isPartOf":{"@id":"https:\/\/dev.explora.cl\/tarapaca\/#website"},"primaryImageOfPage":{"@id":"https:\/\/dev.explora.cl\/tarapaca\/tarapaca-tendra-version-virtual-del-festival-de-la-ciencia\/#primaryimage"},"image":{"@id":"https:\/\/dev.explora.cl\/tarapaca\/tarapaca-tendra-version-virtual-del-festival-de-la-ciencia\/#primaryimage"},"thumbnailUrl":"https:\/\/dev.explora.cl\/tarapaca\/wp-content\/uploads\/sites\/3\/2020\/11\/feci2.png","datePublished":"2020-11-06T20:35:13+00:00","dateModified":"2021-03-20T15:26:27+00:00","author":{"@id":"https:\/\/dev.explora.cl\/tarapaca\/#\/schema\/person\/ca04f8a8f8e25243bd462d34eb1ca505"},"breadcrumb":{"@id":"https:\/\/dev.explora.cl\/tarapaca\/tarapaca-tendra-version-virtual-del-festival-de-la-ciencia\/#breadcrumb"},"inLanguage":"es-CL","potentialAction":[{"@type":"ReadAction","target":["https:\/\/dev.explora.cl\/tarapaca\/tarapaca-tendra-version-virtual-del-festival-de-la-ciencia\/"]}]},{"@type":"ImageObject","inLanguage":"es-CL","@id":"https:\/\/dev.explora.cl\/tarapaca\/tarapaca-tendra-version-virtual-del-festival-de-la-ciencia\/#primaryimage","url":"https:\/\/dev.explora.cl\/tarapaca\/wp-content\/uploads\/sites\/3\/2020\/11\/feci2.png","contentUrl":"https:\/\/dev.explora.cl\/tarapaca\/wp-content\/uploads\/sites\/3\/2020\/11\/feci2.png","width":836,"height":433},{"@type":"BreadcrumbList","@id":"https:\/\/dev.explora.cl\/tarapaca\/tarapaca-tendra-version-virtual-del-festival-de-la-ciencia\/#breadcrumb","itemListElement":[{"@type":"ListItem","position":1,"name":"Portada","item":"https:\/\/dev.explora.cl\/tarapaca\/"},{"@type":"ListItem","position":2,"name":"Tarapac\u00e1 tendr\u00e1 versi\u00f3n virtual del Festival de la Ciencia"}]},{"@type":"WebSite","@id":"https:\/\/dev.explora.cl\/tarapaca\/#website","url":"https:\/\/dev.explora.cl\/tarapaca\/","name":"Tarapaca","description":"Otro sitio m\u00e1s de dev.explora.cl","potentialAction":[{"@type":"SearchAction","target":{"@type":"EntryPoint","urlTemplate":"https:\/\/dev.explora.cl\/tarapaca\/?s={search_term_string}"},"query-input":{"@type":"PropertyValueSpecification","valueRequired":true,"valueName":"search_term_string"}}],"inLanguage":"es-CL"},{"@type":"Person","@id":"https:\/\/dev.explora.cl\/tarapaca\/#\/schema\/person\/ca04f8a8f8e25243bd462d34eb1ca505","name":"admintarapaca","image":{"@type":"ImageObject","inLanguage":"es-CL","@id":"https:\/\/dev.explora.cl\/tarapaca\/#\/schema\/person\/image\/","url":"https:\/\/secure.gravatar.com\/avatar\/8ff4762fabbf7a1732a126425c82d628f08ba754529d77a55358cbb74e14343f?s=96&d=mm&r=g","contentUrl":"https:\/\/secure.gravatar.com\/avatar\/8ff4762fabbf7a1732a126425c82d628f08ba754529d77a55358cbb74e14343f?s=96&d=mm&r=g","caption":"admintarapaca"},"url":"https:\/\/dev.explora.cl\/tarapaca\/author\/dolivares\/"}]}},"_links":{"self":[{"href":"https:\/\/dev.explora.cl\/tarapaca\/wp-json\/wp\/v2\/posts\/39083","targetHints":{"allow":["GET"]}}],"collection":[{"href":"https:\/\/dev.explora.cl\/tarapaca\/wp-json\/wp\/v2\/posts"}],"about":[{"href":"https:\/\/dev.explora.cl\/tarapaca\/wp-json\/wp\/v2\/types\/post"}],"author":[{"embeddable":true,"href":"https:\/\/dev.explora.cl\/tarapaca\/wp-json\/wp\/v2\/users\/18"}],"replies":[{"embeddable":true,"href":"https:\/\/dev.explora.cl\/tarapaca\/wp-json\/wp\/v2\/comments?post=39083"}],"version-history":[{"count":3,"href":"https:\/\/dev.explora.cl\/tarapaca\/wp-json\/wp\/v2\/posts\/39083\/revisions"}],"predecessor-version":[{"id":39087,"href":"https:\/\/dev.explora.cl\/tarapaca\/wp-json\/wp\/v2\/posts\/39083\/revisions\/39087"}],"wp:featuredmedia":[{"embeddable":true,"href":"https:\/\/dev.explora.cl\/tarapaca\/wp-json\/wp\/v2\/media\/39084"}],"wp:attachment":[{"href":"https:\/\/dev.explora.cl\/tarapaca\/wp-json\/wp\/v2\/media?parent=39083"}],"wp:term":[{"taxonomy":"category","embeddable":true,"href":"https:\/\/dev.explora.cl\/tarapaca\/wp-json\/wp\/v2\/categories?post=39083"},{"taxonomy":"post_tag","embeddable":true,"href":"https:\/\/dev.explora.cl\/tarapaca\/wp-json\/wp\/v2\/tags?post=39083"}],"curies":[{"name":"wp","href":"https:\/\/api.w.org\/{rel}","templated":true}]}}