{"id":38974,"date":"2020-09-10T12:48:15","date_gmt":"2020-09-10T15:48:15","guid":{"rendered":"https:\/\/dev.explora.cl\/tarapaca\/?p=38974"},"modified":"2020-11-07T17:46:04","modified_gmt":"2020-11-07T20:46:04","slug":"profes-motivados-siguen-desarrollando-aprendizajes-junto-al-apoyo-de-explora","status":"publish","type":"post","link":"https:\/\/dev.explora.cl\/tarapaca\/profes-motivados-siguen-desarrollando-aprendizajes-junto-al-apoyo-de-explora\/","title":{"rendered":"Profes motivados siguen desarrollando aprendizajes junto al apoyo de Explora"},"content":{"rendered":"<p class=\"western\" align=\"justify\"><span style=\"color: #000000\"><span style=\"font-family: gobCL, serif\"><span style=\"font-size: medium\"><span lang=\"es-ES\"><i><b>* Profes de la regi\u00f3n y el pa\u00eds terminaron 8 sesiones de talleres sobre Aprendizaje Basado en Proyectos (ABP) y continuar\u00e1n con el desarrollo de sus proyectos durante el a\u00f1o.<\/b><\/i><\/span><\/span><\/span><\/span><\/p>\n<p class=\"western\" align=\"justify\"><span style=\"color: #000000\"><span style=\"font-family: gobCL, serif\"><span style=\"font-size: medium\"><span lang=\"es-ES\"><i><b>* Iniciativa es parte del seguimiento del Campamento de Ciencias para Profes \u00a1Explora VA! 2020, que se realiz\u00f3 en Enero en Tarapac\u00e1.<\/b><\/i><\/span><\/span><\/span><\/span><\/p>\n<p class=\"western\" align=\"justify\"><span style=\"color: #000000\"><span style=\"font-family: gobCL, serif\"><span lang=\"es-ES\"> Sin duda a las y los profesoras y profesores les ha tocado pesado tras la pandemia, sin embargo y a pesar de la sobrecarga, hay quienes siguen motivados por seguir desarrollando sus conocimientos.<\/span><\/span><\/span><\/p>\n<p class=\"western\" align=\"justify\"><span style=\"color: #000000\"><span style=\"font-family: gobCL, serif\"><span lang=\"es-ES\"> El pasado viernes 4 de septiembre y tras dos meses de capacitaci\u00f3n, la Universidad de Tarapac\u00e1 Sede Iquique, a trav\u00e9s de su proyecto Explora Tarapac\u00e1, termin\u00f3 un taller de 8 sesiones sobre Aprendizaje Basado en Proyectos (ABP).<\/span><\/span><\/span><\/p>\n<figure id=\"attachment_38977\" aria-describedby=\"caption-attachment-38977\" style=\"width: 300px\" class=\"wp-caption alignright\"><a href=\"https:\/\/dev.explora.cl\/tarapaca\/wp-content\/uploads\/sites\/3\/2020\/09\/Clase-1b.png\"><img loading=\"lazy\" decoding=\"async\" class=\"wp-image-38977 size-medium\" src=\"https:\/\/dev.explora.cl\/tarapaca\/wp-content\/uploads\/sites\/3\/2020\/09\/Clase-1b-300x174.png\" alt=\"\" width=\"300\" height=\"174\" srcset=\"https:\/\/dev.explora.cl\/tarapaca\/wp-content\/uploads\/sites\/3\/2020\/09\/Clase-1b-300x174.png 300w, https:\/\/dev.explora.cl\/tarapaca\/wp-content\/uploads\/sites\/3\/2020\/09\/Clase-1b-768x446.png 768w, https:\/\/dev.explora.cl\/tarapaca\/wp-content\/uploads\/sites\/3\/2020\/09\/Clase-1b.png 997w\" sizes=\"auto, (max-width: 300px) 100vw, 300px\" \/><\/a><figcaption id=\"caption-attachment-38977\" class=\"wp-caption-text\">Taller parti\u00f3 17 de Julio y desarroll\u00f3 8 talleres sobre ABP<\/figcaption><\/figure>\n<p class=\"western\" align=\"justify\"><span style=\"color: #000000\"><span style=\"font-family: gobCL, serif\"><span lang=\"es-ES\"> La iniciativa, que parti\u00f3 en julio y reun\u00eda semanalmente a profesionales de la educaci\u00f3n de la regi\u00f3n y el pa\u00eds los viernes de cada semana, busc\u00f3 introducir y capacitarlos para desarrollar sus conocimientos en proyectos educativos dentro de sus establecimientos educacionales. La instancia era acompa\u00f1ada por Eduardo Villagr\u00e1n, especialista en el desarrollo de proyectos, neuroeducaci\u00f3n y neurodesarrollo, quien impart\u00eda los talleres, y Pablo Gonz\u00e1lez, como encargado de la actividad desde Explora Tarapac\u00e1.<\/span><\/span><\/span><\/p>\n<p class=\"western\" align=\"justify\"><span style=\"color: #000000\"><span style=\"font-family: gobCL, serif\"><span lang=\"es-ES\"> \u201cEste taller que terminaron los y las profes es una continuidad del realizado en enero por el Prof. Eduardo Villagr\u00e1n, en el Campamento de Ciencias para Profes \u00a1Explora VA! 2020, donde se aplican los conceptos de Aprendizaje Basado en Proyectos para la ejecuci\u00f3n de actividades, procesos de ense\u00f1anza y evaluaci\u00f3n de los estudiantes, que con la contingencia actual son cada vez m\u00e1s relevantes. Ya finalizado este taller vendr\u00e1 un proceso de apoyo en el dise\u00f1o de sus propuestas y ejecuci\u00f3n de sus proyectos\u201d, precis\u00f3 el Encargado del Campamento de Ciencias para Profesores de Explora Tarapac\u00e1, Pablo Gonzalez.<\/span><\/span><\/span><\/p>\n<figure id=\"attachment_38746\" aria-describedby=\"caption-attachment-38746\" style=\"width: 300px\" class=\"wp-caption alignleft\"><a href=\"https:\/\/dev.explora.cl\/tarapaca\/wp-content\/uploads\/sites\/3\/2020\/01\/campamentofinal.png\"><img loading=\"lazy\" decoding=\"async\" class=\"wp-image-38746 size-medium\" src=\"https:\/\/dev.explora.cl\/tarapaca\/wp-content\/uploads\/sites\/3\/2020\/01\/campamentofinal-300x187.png\" alt=\"\" width=\"300\" height=\"187\" srcset=\"https:\/\/dev.explora.cl\/tarapaca\/wp-content\/uploads\/sites\/3\/2020\/01\/campamentofinal-300x187.png 300w, https:\/\/dev.explora.cl\/tarapaca\/wp-content\/uploads\/sites\/3\/2020\/01\/campamentofinal-768x478.png 768w, https:\/\/dev.explora.cl\/tarapaca\/wp-content\/uploads\/sites\/3\/2020\/01\/campamentofinal.png 983w\" sizes=\"auto, (max-width: 300px) 100vw, 300px\" \/><\/a><figcaption id=\"caption-attachment-38746\" class=\"wp-caption-text\">Participantes del Campamento de Ciencias para Profes Explora VA! 2020, realizado desde el 6 al 10 de enero en Iquique.<\/figcaption><\/figure>\n<p class=\"western\" align=\"justify\"><span style=\"color: #000000\"><span style=\"font-family: gobCL, serif\"><span lang=\"es-ES\"> Cabe recordar que el \u201cCampamento de Ciencias para Profes \u00a1Explora VA! 2020\u201d fue una convocatoria abierta que finalmente reuni\u00f3 a 49 profesionales de la educaci\u00f3n de la regi\u00f3n y el pa\u00eds durante toda una semana en Iquique, en modalidad de internado, y sus participantes pudieron desarrollar conocimientos y experiencias en torno a educaci\u00f3n y ciencias. Hoy, a trav\u00e9s de estas instancias se busca proyectar el trabajo con aquellos participantes.<\/span><\/span><\/span><\/p>\n<p class=\"western\" align=\"justify\"><a name=\"_GoBack\"><\/a> <span style=\"color: #000000\"><span style=\"font-family: gobCL, serif\"><span lang=\"es-ES\"> La Directora de Explora Tarapac\u00e1, Valeska Zepeda, precis\u00f3: \u201cSiempre estamos pensando en c\u00f3mo la educaci\u00f3n en nuestra regi\u00f3n y el pa\u00eds puede mejorar, por lo cual nos parec\u00eda s\u00faper relevante seguir entregando herramientas educativas en el actual contexto en el que nos encontramos hoy, acompa\u00f1ando a quienes estuvieron con nosotros en enero en el campamento para profes realizado en Iquique. Para el Ministerio de ciencia, tecnolog\u00eda, conocimiento e innovaci\u00f3n y la Universidad de Tarapac\u00e1 es muy importante la capacitaci\u00f3n contante de nuestros profesionales de la educaci\u00f3n en temas que sean un aporte para sus pr\u00e1cticas educativas\u201d.<\/span><\/span><\/span><\/p>\n<p class=\"western\" align=\"justify\"><span style=\"color: #000000\"><span style=\"font-family: gobCL, serif\"><span lang=\"es-ES\"> El proyecto Explora Tarapac\u00e1 es financiado por el Ministerio de Ciencia, Tecnolog\u00eda, Conocimiento e Innovaci\u00f3n y es liderado por la Universidad de Tarapac\u00e1 Sede Iquique.<\/span><\/span><\/span><\/p>\n<p align=\"justify\"><a href=\"https:\/\/dev.explora.cl\/tarapaca\/wp-content\/uploads\/sites\/3\/2020\/09\/Clase-8a.png\"><img loading=\"lazy\" decoding=\"async\" class=\"aligncenter wp-image-38980 size-large\" src=\"https:\/\/dev.explora.cl\/tarapaca\/wp-content\/uploads\/sites\/3\/2020\/09\/Clase-8a-1024x591.png\" alt=\"\" width=\"1024\" height=\"591\" srcset=\"https:\/\/dev.explora.cl\/tarapaca\/wp-content\/uploads\/sites\/3\/2020\/09\/Clase-8a-1024x591.png 1024w, https:\/\/dev.explora.cl\/tarapaca\/wp-content\/uploads\/sites\/3\/2020\/09\/Clase-8a-300x173.png 300w, https:\/\/dev.explora.cl\/tarapaca\/wp-content\/uploads\/sites\/3\/2020\/09\/Clase-8a-768x443.png 768w, https:\/\/dev.explora.cl\/tarapaca\/wp-content\/uploads\/sites\/3\/2020\/09\/Clase-8a.png 1656w\" sizes=\"auto, (max-width: 1024px) 100vw, 1024px\" \/><\/a><\/p>\n","protected":false},"excerpt":{"rendered":"<p>* Profes de la regi\u00f3n y el pa\u00eds terminaron 8 sesiones de talleres sobre Aprendizaje Basado en Proyectos (ABP) y continuar\u00e1n con el desarrollo de sus proyectos durante el a\u00f1o. * Iniciativa es parte del seguimiento del Campamento de Ciencias para Profes \u00a1Explora VA! 2020, que se realiz\u00f3 en Enero en Tarapac\u00e1. Sin duda a [&hellip;]<\/p>\n","protected":false},"author":18,"featured_media":38975,"comment_status":"open","ping_status":"open","sticky":false,"template":"","format":"standard","meta":{"_acf_changed":false,"_exactmetrics_skip_tracking":false,"_exactmetrics_sitenote_active":false,"_exactmetrics_sitenote_note":"","_exactmetrics_sitenote_category":0,"footnotes":"","_links_to":"","_links_to_target":""},"categories":[143,4],"tags":[206,203,204,155,181,169,205,157,183],"class_list":["post-38974","post","type-post","status-publish","format-standard","has-post-thumbnail","hentry","category-lugar-8","category-noticias","tag-abp","tag-campamento-ciencias","tag-explora-va","tag-iquique","tag-ministerio-de-ciencia","tag-profes","tag-seguimiento","tag-tarapaca","tag-uta"],"acf":[],"yoast_head":"<!-- This site is optimized with the Yoast SEO plugin v26.7 - https:\/\/yoast.com\/wordpress\/plugins\/seo\/ -->\n<title>Profes motivados siguen desarrollando aprendizajes junto al apoyo de Explora - Tarapaca<\/title>\n<meta name=\"robots\" content=\"index, follow, max-snippet:-1, max-image-preview:large, max-video-preview:-1\" \/>\n<link rel=\"canonical\" href=\"https:\/\/dev.explora.cl\/tarapaca\/profes-motivados-siguen-desarrollando-aprendizajes-junto-al-apoyo-de-explora\/\" class=\"yoast-seo-meta-tag\" \/>\n<meta property=\"og:locale\" content=\"es_ES\" class=\"yoast-seo-meta-tag\" \/>\n<meta property=\"og:type\" content=\"article\" class=\"yoast-seo-meta-tag\" \/>\n<meta property=\"og:title\" content=\"Profes motivados siguen desarrollando aprendizajes junto al apoyo de Explora - Tarapaca\" class=\"yoast-seo-meta-tag\" \/>\n<meta property=\"og:description\" content=\"* Profes de la regi\u00f3n y el pa\u00eds terminaron 8 sesiones de talleres sobre Aprendizaje Basado en Proyectos (ABP) y continuar\u00e1n con el desarrollo de sus proyectos durante el a\u00f1o. * Iniciativa es parte del seguimiento del Campamento de Ciencias para Profes \u00a1Explora VA! 2020, que se realiz\u00f3 en Enero en Tarapac\u00e1. Sin duda a [&hellip;]\" class=\"yoast-seo-meta-tag\" \/>\n<meta property=\"og:url\" content=\"https:\/\/dev.explora.cl\/tarapaca\/profes-motivados-siguen-desarrollando-aprendizajes-junto-al-apoyo-de-explora\/\" class=\"yoast-seo-meta-tag\" \/>\n<meta property=\"og:site_name\" content=\"Tarapaca\" class=\"yoast-seo-meta-tag\" \/>\n<meta property=\"article:published_time\" content=\"2020-09-10T15:48:15+00:00\" class=\"yoast-seo-meta-tag\" \/>\n<meta property=\"article:modified_time\" content=\"2020-11-07T20:46:04+00:00\" class=\"yoast-seo-meta-tag\" \/>\n<meta property=\"og:image\" content=\"https:\/\/dev.explora.cl\/tarapaca\/wp-content\/uploads\/sites\/3\/2020\/09\/Clase-8b.png\" class=\"yoast-seo-meta-tag\" \/>\n\t<meta property=\"og:image:width\" content=\"1651\" class=\"yoast-seo-meta-tag\" \/>\n\t<meta property=\"og:image:height\" content=\"951\" class=\"yoast-seo-meta-tag\" \/>\n\t<meta property=\"og:image:type\" content=\"image\/png\" class=\"yoast-seo-meta-tag\" \/>\n<meta name=\"author\" content=\"admintarapaca\" class=\"yoast-seo-meta-tag\" \/>\n<meta name=\"twitter:card\" content=\"summary_large_image\" class=\"yoast-seo-meta-tag\" \/>\n<meta name=\"twitter:label1\" content=\"Escrito por\" class=\"yoast-seo-meta-tag\" \/>\n\t<meta name=\"twitter:data1\" content=\"admintarapaca\" class=\"yoast-seo-meta-tag\" \/>\n\t<meta name=\"twitter:label2\" content=\"Tiempo estimado de lectura\" class=\"yoast-seo-meta-tag\" \/>\n\t<meta name=\"twitter:data2\" content=\"3 minutos\" class=\"yoast-seo-meta-tag\" \/>\n<script type=\"application\/ld+json\" class=\"yoast-schema-graph\">{\"@context\":\"https:\/\/schema.org\",\"@graph\":[{\"@type\":\"Article\",\"@id\":\"https:\/\/dev.explora.cl\/tarapaca\/profes-motivados-siguen-desarrollando-aprendizajes-junto-al-apoyo-de-explora\/#article\",\"isPartOf\":{\"@id\":\"https:\/\/dev.explora.cl\/tarapaca\/profes-motivados-siguen-desarrollando-aprendizajes-junto-al-apoyo-de-explora\/\"},\"author\":{\"name\":\"admintarapaca\",\"@id\":\"https:\/\/dev.explora.cl\/tarapaca\/#\/schema\/person\/ca04f8a8f8e25243bd462d34eb1ca505\"},\"headline\":\"Profes motivados siguen desarrollando aprendizajes junto al apoyo de Explora\",\"datePublished\":\"2020-09-10T15:48:15+00:00\",\"dateModified\":\"2020-11-07T20:46:04+00:00\",\"mainEntityOfPage\":{\"@id\":\"https:\/\/dev.explora.cl\/tarapaca\/profes-motivados-siguen-desarrollando-aprendizajes-junto-al-apoyo-de-explora\/\"},\"wordCount\":563,\"commentCount\":0,\"image\":{\"@id\":\"https:\/\/dev.explora.cl\/tarapaca\/profes-motivados-siguen-desarrollando-aprendizajes-junto-al-apoyo-de-explora\/#primaryimage\"},\"thumbnailUrl\":\"https:\/\/dev.explora.cl\/tarapaca\/wp-content\/uploads\/sites\/3\/2020\/09\/Clase-8b.png\",\"keywords\":[\"ABP\",\"Campamento Ciencias\",\"Explora Va!\",\"iquique,\",\"Ministerio de Ciencia\",\"profes\",\"Seguimiento\",\"tarapac\u00e1,\",\"UTA\"],\"articleSection\":[\"Lugar 8\",\"Noticias\"],\"inLanguage\":\"es-CL\",\"potentialAction\":[{\"@type\":\"CommentAction\",\"name\":\"Comment\",\"target\":[\"https:\/\/dev.explora.cl\/tarapaca\/profes-motivados-siguen-desarrollando-aprendizajes-junto-al-apoyo-de-explora\/#respond\"]}]},{\"@type\":\"WebPage\",\"@id\":\"https:\/\/dev.explora.cl\/tarapaca\/profes-motivados-siguen-desarrollando-aprendizajes-junto-al-apoyo-de-explora\/\",\"url\":\"https:\/\/dev.explora.cl\/tarapaca\/profes-motivados-siguen-desarrollando-aprendizajes-junto-al-apoyo-de-explora\/\",\"name\":\"Profes motivados siguen desarrollando aprendizajes junto al apoyo de Explora - Tarapaca\",\"isPartOf\":{\"@id\":\"https:\/\/dev.explora.cl\/tarapaca\/#website\"},\"primaryImageOfPage\":{\"@id\":\"https:\/\/dev.explora.cl\/tarapaca\/profes-motivados-siguen-desarrollando-aprendizajes-junto-al-apoyo-de-explora\/#primaryimage\"},\"image\":{\"@id\":\"https:\/\/dev.explora.cl\/tarapaca\/profes-motivados-siguen-desarrollando-aprendizajes-junto-al-apoyo-de-explora\/#primaryimage\"},\"thumbnailUrl\":\"https:\/\/dev.explora.cl\/tarapaca\/wp-content\/uploads\/sites\/3\/2020\/09\/Clase-8b.png\",\"datePublished\":\"2020-09-10T15:48:15+00:00\",\"dateModified\":\"2020-11-07T20:46:04+00:00\",\"author\":{\"@id\":\"https:\/\/dev.explora.cl\/tarapaca\/#\/schema\/person\/ca04f8a8f8e25243bd462d34eb1ca505\"},\"breadcrumb\":{\"@id\":\"https:\/\/dev.explora.cl\/tarapaca\/profes-motivados-siguen-desarrollando-aprendizajes-junto-al-apoyo-de-explora\/#breadcrumb\"},\"inLanguage\":\"es-CL\",\"potentialAction\":[{\"@type\":\"ReadAction\",\"target\":[\"https:\/\/dev.explora.cl\/tarapaca\/profes-motivados-siguen-desarrollando-aprendizajes-junto-al-apoyo-de-explora\/\"]}]},{\"@type\":\"ImageObject\",\"inLanguage\":\"es-CL\",\"@id\":\"https:\/\/dev.explora.cl\/tarapaca\/profes-motivados-siguen-desarrollando-aprendizajes-junto-al-apoyo-de-explora\/#primaryimage\",\"url\":\"https:\/\/dev.explora.cl\/tarapaca\/wp-content\/uploads\/sites\/3\/2020\/09\/Clase-8b.png\",\"contentUrl\":\"https:\/\/dev.explora.cl\/tarapaca\/wp-content\/uploads\/sites\/3\/2020\/09\/Clase-8b.png\",\"width\":1651,\"height\":951},{\"@type\":\"BreadcrumbList\",\"@id\":\"https:\/\/dev.explora.cl\/tarapaca\/profes-motivados-siguen-desarrollando-aprendizajes-junto-al-apoyo-de-explora\/#breadcrumb\",\"itemListElement\":[{\"@type\":\"ListItem\",\"position\":1,\"name\":\"Portada\",\"item\":\"https:\/\/dev.explora.cl\/tarapaca\/\"},{\"@type\":\"ListItem\",\"position\":2,\"name\":\"Profes motivados siguen desarrollando aprendizajes junto al apoyo de Explora\"}]},{\"@type\":\"WebSite\",\"@id\":\"https:\/\/dev.explora.cl\/tarapaca\/#website\",\"url\":\"https:\/\/dev.explora.cl\/tarapaca\/\",\"name\":\"Tarapaca\",\"description\":\"Otro sitio m\u00e1s de dev.explora.cl\",\"potentialAction\":[{\"@type\":\"SearchAction\",\"target\":{\"@type\":\"EntryPoint\",\"urlTemplate\":\"https:\/\/dev.explora.cl\/tarapaca\/?s={search_term_string}\"},\"query-input\":{\"@type\":\"PropertyValueSpecification\",\"valueRequired\":true,\"valueName\":\"search_term_string\"}}],\"inLanguage\":\"es-CL\"},{\"@type\":\"Person\",\"@id\":\"https:\/\/dev.explora.cl\/tarapaca\/#\/schema\/person\/ca04f8a8f8e25243bd462d34eb1ca505\",\"name\":\"admintarapaca\",\"image\":{\"@type\":\"ImageObject\",\"inLanguage\":\"es-CL\",\"@id\":\"https:\/\/dev.explora.cl\/tarapaca\/#\/schema\/person\/image\/\",\"url\":\"https:\/\/secure.gravatar.com\/avatar\/8ff4762fabbf7a1732a126425c82d628f08ba754529d77a55358cbb74e14343f?s=96&d=mm&r=g\",\"contentUrl\":\"https:\/\/secure.gravatar.com\/avatar\/8ff4762fabbf7a1732a126425c82d628f08ba754529d77a55358cbb74e14343f?s=96&d=mm&r=g\",\"caption\":\"admintarapaca\"},\"url\":\"https:\/\/dev.explora.cl\/tarapaca\/author\/dolivares\/\"}]}<\/script>\n<!-- \/ Yoast SEO plugin. -->","yoast_head_json":{"title":"Profes motivados siguen desarrollando aprendizajes junto al apoyo de Explora - Tarapaca","robots":{"index":"index","follow":"follow","max-snippet":"max-snippet:-1","max-image-preview":"max-image-preview:large","max-video-preview":"max-video-preview:-1"},"canonical":"https:\/\/dev.explora.cl\/tarapaca\/profes-motivados-siguen-desarrollando-aprendizajes-junto-al-apoyo-de-explora\/","og_locale":"es_ES","og_type":"article","og_title":"Profes motivados siguen desarrollando aprendizajes junto al apoyo de Explora - Tarapaca","og_description":"* Profes de la regi\u00f3n y el pa\u00eds terminaron 8 sesiones de talleres sobre Aprendizaje Basado en Proyectos (ABP) y continuar\u00e1n con el desarrollo de sus proyectos durante el a\u00f1o. * Iniciativa es parte del seguimiento del Campamento de Ciencias para Profes \u00a1Explora VA! 2020, que se realiz\u00f3 en Enero en Tarapac\u00e1. Sin duda a [&hellip;]","og_url":"https:\/\/dev.explora.cl\/tarapaca\/profes-motivados-siguen-desarrollando-aprendizajes-junto-al-apoyo-de-explora\/","og_site_name":"Tarapaca","article_published_time":"2020-09-10T15:48:15+00:00","article_modified_time":"2020-11-07T20:46:04+00:00","og_image":[{"width":1651,"height":951,"url":"https:\/\/dev.explora.cl\/tarapaca\/wp-content\/uploads\/sites\/3\/2020\/09\/Clase-8b.png","type":"image\/png"}],"author":"admintarapaca","twitter_card":"summary_large_image","twitter_misc":{"Escrito por":"admintarapaca","Tiempo estimado de lectura":"3 minutos"},"schema":{"@context":"https:\/\/schema.org","@graph":[{"@type":"Article","@id":"https:\/\/dev.explora.cl\/tarapaca\/profes-motivados-siguen-desarrollando-aprendizajes-junto-al-apoyo-de-explora\/#article","isPartOf":{"@id":"https:\/\/dev.explora.cl\/tarapaca\/profes-motivados-siguen-desarrollando-aprendizajes-junto-al-apoyo-de-explora\/"},"author":{"name":"admintarapaca","@id":"https:\/\/dev.explora.cl\/tarapaca\/#\/schema\/person\/ca04f8a8f8e25243bd462d34eb1ca505"},"headline":"Profes motivados siguen desarrollando aprendizajes junto al apoyo de Explora","datePublished":"2020-09-10T15:48:15+00:00","dateModified":"2020-11-07T20:46:04+00:00","mainEntityOfPage":{"@id":"https:\/\/dev.explora.cl\/tarapaca\/profes-motivados-siguen-desarrollando-aprendizajes-junto-al-apoyo-de-explora\/"},"wordCount":563,"commentCount":0,"image":{"@id":"https:\/\/dev.explora.cl\/tarapaca\/profes-motivados-siguen-desarrollando-aprendizajes-junto-al-apoyo-de-explora\/#primaryimage"},"thumbnailUrl":"https:\/\/dev.explora.cl\/tarapaca\/wp-content\/uploads\/sites\/3\/2020\/09\/Clase-8b.png","keywords":["ABP","Campamento Ciencias","Explora Va!","iquique,","Ministerio de Ciencia","profes","Seguimiento","tarapac\u00e1,","UTA"],"articleSection":["Lugar 8","Noticias"],"inLanguage":"es-CL","potentialAction":[{"@type":"CommentAction","name":"Comment","target":["https:\/\/dev.explora.cl\/tarapaca\/profes-motivados-siguen-desarrollando-aprendizajes-junto-al-apoyo-de-explora\/#respond"]}]},{"@type":"WebPage","@id":"https:\/\/dev.explora.cl\/tarapaca\/profes-motivados-siguen-desarrollando-aprendizajes-junto-al-apoyo-de-explora\/","url":"https:\/\/dev.explora.cl\/tarapaca\/profes-motivados-siguen-desarrollando-aprendizajes-junto-al-apoyo-de-explora\/","name":"Profes motivados siguen desarrollando aprendizajes junto al apoyo de Explora - Tarapaca","isPartOf":{"@id":"https:\/\/dev.explora.cl\/tarapaca\/#website"},"primaryImageOfPage":{"@id":"https:\/\/dev.explora.cl\/tarapaca\/profes-motivados-siguen-desarrollando-aprendizajes-junto-al-apoyo-de-explora\/#primaryimage"},"image":{"@id":"https:\/\/dev.explora.cl\/tarapaca\/profes-motivados-siguen-desarrollando-aprendizajes-junto-al-apoyo-de-explora\/#primaryimage"},"thumbnailUrl":"https:\/\/dev.explora.cl\/tarapaca\/wp-content\/uploads\/sites\/3\/2020\/09\/Clase-8b.png","datePublished":"2020-09-10T15:48:15+00:00","dateModified":"2020-11-07T20:46:04+00:00","author":{"@id":"https:\/\/dev.explora.cl\/tarapaca\/#\/schema\/person\/ca04f8a8f8e25243bd462d34eb1ca505"},"breadcrumb":{"@id":"https:\/\/dev.explora.cl\/tarapaca\/profes-motivados-siguen-desarrollando-aprendizajes-junto-al-apoyo-de-explora\/#breadcrumb"},"inLanguage":"es-CL","potentialAction":[{"@type":"ReadAction","target":["https:\/\/dev.explora.cl\/tarapaca\/profes-motivados-siguen-desarrollando-aprendizajes-junto-al-apoyo-de-explora\/"]}]},{"@type":"ImageObject","inLanguage":"es-CL","@id":"https:\/\/dev.explora.cl\/tarapaca\/profes-motivados-siguen-desarrollando-aprendizajes-junto-al-apoyo-de-explora\/#primaryimage","url":"https:\/\/dev.explora.cl\/tarapaca\/wp-content\/uploads\/sites\/3\/2020\/09\/Clase-8b.png","contentUrl":"https:\/\/dev.explora.cl\/tarapaca\/wp-content\/uploads\/sites\/3\/2020\/09\/Clase-8b.png","width":1651,"height":951},{"@type":"BreadcrumbList","@id":"https:\/\/dev.explora.cl\/tarapaca\/profes-motivados-siguen-desarrollando-aprendizajes-junto-al-apoyo-de-explora\/#breadcrumb","itemListElement":[{"@type":"ListItem","position":1,"name":"Portada","item":"https:\/\/dev.explora.cl\/tarapaca\/"},{"@type":"ListItem","position":2,"name":"Profes motivados siguen desarrollando aprendizajes junto al apoyo de Explora"}]},{"@type":"WebSite","@id":"https:\/\/dev.explora.cl\/tarapaca\/#website","url":"https:\/\/dev.explora.cl\/tarapaca\/","name":"Tarapaca","description":"Otro sitio m\u00e1s de dev.explora.cl","potentialAction":[{"@type":"SearchAction","target":{"@type":"EntryPoint","urlTemplate":"https:\/\/dev.explora.cl\/tarapaca\/?s={search_term_string}"},"query-input":{"@type":"PropertyValueSpecification","valueRequired":true,"valueName":"search_term_string"}}],"inLanguage":"es-CL"},{"@type":"Person","@id":"https:\/\/dev.explora.cl\/tarapaca\/#\/schema\/person\/ca04f8a8f8e25243bd462d34eb1ca505","name":"admintarapaca","image":{"@type":"ImageObject","inLanguage":"es-CL","@id":"https:\/\/dev.explora.cl\/tarapaca\/#\/schema\/person\/image\/","url":"https:\/\/secure.gravatar.com\/avatar\/8ff4762fabbf7a1732a126425c82d628f08ba754529d77a55358cbb74e14343f?s=96&d=mm&r=g","contentUrl":"https:\/\/secure.gravatar.com\/avatar\/8ff4762fabbf7a1732a126425c82d628f08ba754529d77a55358cbb74e14343f?s=96&d=mm&r=g","caption":"admintarapaca"},"url":"https:\/\/dev.explora.cl\/tarapaca\/author\/dolivares\/"}]}},"_links":{"self":[{"href":"https:\/\/dev.explora.cl\/tarapaca\/wp-json\/wp\/v2\/posts\/38974","targetHints":{"allow":["GET"]}}],"collection":[{"href":"https:\/\/dev.explora.cl\/tarapaca\/wp-json\/wp\/v2\/posts"}],"about":[{"href":"https:\/\/dev.explora.cl\/tarapaca\/wp-json\/wp\/v2\/types\/post"}],"author":[{"embeddable":true,"href":"https:\/\/dev.explora.cl\/tarapaca\/wp-json\/wp\/v2\/users\/18"}],"replies":[{"embeddable":true,"href":"https:\/\/dev.explora.cl\/tarapaca\/wp-json\/wp\/v2\/comments?post=38974"}],"version-history":[{"count":5,"href":"https:\/\/dev.explora.cl\/tarapaca\/wp-json\/wp\/v2\/posts\/38974\/revisions"}],"predecessor-version":[{"id":38982,"href":"https:\/\/dev.explora.cl\/tarapaca\/wp-json\/wp\/v2\/posts\/38974\/revisions\/38982"}],"wp:featuredmedia":[{"embeddable":true,"href":"https:\/\/dev.explora.cl\/tarapaca\/wp-json\/wp\/v2\/media\/38975"}],"wp:attachment":[{"href":"https:\/\/dev.explora.cl\/tarapaca\/wp-json\/wp\/v2\/media?parent=38974"}],"wp:term":[{"taxonomy":"category","embeddable":true,"href":"https:\/\/dev.explora.cl\/tarapaca\/wp-json\/wp\/v2\/categories?post=38974"},{"taxonomy":"post_tag","embeddable":true,"href":"https:\/\/dev.explora.cl\/tarapaca\/wp-json\/wp\/v2\/tags?post=38974"}],"curies":[{"name":"wp","href":"https:\/\/api.w.org\/{rel}","templated":true}]}}