{"id":38959,"date":"2020-09-08T19:22:12","date_gmt":"2020-09-08T22:22:12","guid":{"rendered":"https:\/\/dev.explora.cl\/tarapaca\/?p=38959"},"modified":"2020-11-07T17:46:54","modified_gmt":"2020-11-07T20:46:54","slug":"explora-promueve-la-interculturalidad-a-traves-de-dialogos-con-especialistas","status":"publish","type":"post","link":"https:\/\/dev.explora.cl\/tarapaca\/explora-promueve-la-interculturalidad-a-traves-de-dialogos-con-especialistas\/","title":{"rendered":"Explora promueve la interculturalidad a trav\u00e9s de di\u00e1logos con especialistas"},"content":{"rendered":"<p class=\"western\" align=\"justify\"><span style=\"color: #000000\"><span style=\"font-family: gobCL, serif\"><span lang=\"es-ES\"><i><b>* Destacados especialistas participaron de la primera instancia de los \u201cDi\u00e1logos Interculturales\u201d, iniciativa de Explora Tarapac\u00e1 que busca reconocer la interculturalidad.<\/b><\/i><\/span><\/span><\/span><\/p>\n<p class=\"western\" align=\"justify\"><span style=\"color: #000000\"><span style=\"font-family: gobCL, serif\"><span lang=\"es-ES\"> Un espacio de conversaci\u00f3n, an\u00e1lisis y debate con especialistas sobre interculturalidad es otra de las iniciativas que promueve la Universidad de Tarapac\u00e1 Sede Iquique, a trav\u00e9s de su proyecto Explora Tarapac\u00e1.<\/span><\/span><\/span><\/p>\n<p class=\"western\" align=\"justify\"><span style=\"color: #000000\"><span style=\"font-family: gobCL, serif\"><span lang=\"es-ES\"> Este proyecto del Ministerio de Ciencia, Tecnolog\u00eda, Conocimiento e Innovaci\u00f3n desarrolla esta actividad regional que busca generar un puente entre la ciencia y la interculturalidad a trav\u00e9s de dos encuentros, de los cuales ya se realiz\u00f3 uno.<\/span><\/span><\/span><\/p>\n<p class=\"western\" align=\"justify\"><span style=\"color: #000000\"><span style=\"font-family: gobCL, serif\"><span lang=\"es-ES\"> <img loading=\"lazy\" decoding=\"async\" class=\"size-medium wp-image-38969 alignright\" src=\"https:\/\/dev.explora.cl\/tarapaca\/wp-content\/uploads\/sites\/3\/2020\/09\/06_dialogointercultural-300x165.png\" alt=\"\" width=\"300\" height=\"165\" srcset=\"https:\/\/dev.explora.cl\/tarapaca\/wp-content\/uploads\/sites\/3\/2020\/09\/06_dialogointercultural-300x165.png 300w, https:\/\/dev.explora.cl\/tarapaca\/wp-content\/uploads\/sites\/3\/2020\/09\/06_dialogointercultural-768x423.png 768w, https:\/\/dev.explora.cl\/tarapaca\/wp-content\/uploads\/sites\/3\/2020\/09\/06_dialogointercultural-1024x564.png 1024w, https:\/\/dev.explora.cl\/tarapaca\/wp-content\/uploads\/sites\/3\/2020\/09\/06_dialogointercultural.png 1422w\" sizes=\"auto, (max-width: 300px) 100vw, 300px\" \/>El primer di\u00e1logo realizado se llev\u00f3 a cabo el 31 de agosto y est\u00e1 disponible en las plataformas Facebook y Youtube de Explora Tarapac\u00e1. La instancia recogi\u00f3 las visiones de Luis Castro, Doctor en Historia y profesor de historia y geograf\u00eda; M\u00e1ximo Quitral, Doctor en ciencia pol\u00edtica, cientista pol\u00edtico e historiador; Carolina Figueroa, mag\u00edster en historia, licenciada en Historia y Educaci\u00f3n y profesora en Historia y Sergio Gonz\u00e1lez, Premio Nacional de Historia del 2014, Doctor en Educaci\u00f3n y Estudios americanos, Soci\u00f3logo, Profesor del Instituto de Alta Investigaci\u00f3n de la Universidad de Tarapac\u00e1. Estas cuatro personalidades compartieron su visi\u00f3n por una hora en torno a educaci\u00f3n, interculturalidad y mundo andino &#8211;<\/span><\/span><\/span><span style=\"color: #000000\"><span style=\"font-family: gobCL, serif\"><span lang=\"es-ES\">que tambi\u00e9n <\/span><\/span><\/span><span style=\"color: #000000\"><span style=\"font-family: gobCL, serif\"><span lang=\"es-ES\">cont\u00f3 <\/span><\/span><\/span><span style=\"color: #000000\"><span style=\"font-family: gobCL, serif\"><span lang=\"es-ES\">con<\/span><\/span><\/span><span style=\"color: #000000\"><span style=\"font-family: gobCL, serif\"><span lang=\"es-ES\"> interpretaci\u00f3n en lengua de se\u00f1as-, y finalizaron respondiendo a inquietudes de quienes siguieron la transmisi\u00f3n por streaming.<\/span><\/span><\/span><\/p>\n<p class=\"western\" align=\"justify\"><span style=\"color: #000000\"><span style=\"font-family: gobCL, serif\"><span lang=\"es-ES\"> \u201cA trav\u00e9s de las reflexiones de los especialistas buscamos aportar en entender qu\u00e9 es la interculturalidad. Nos interesa que los estudiantes y la comunidad en general puedan reflexionar en torno a las visiones de cada uno de los especialistas y formarse una visi\u00f3n propia de qu\u00e9 es y cu\u00e1les son sus componentes\u201d, precis\u00f3 el Encargado de los Di\u00e1logos Interculturales de Explora Tarapac\u00e1, Waldo Palacio. <\/span><\/span><\/span><\/p>\n<p class=\"western\" align=\"justify\"><span style=\"color: #000000\"><span style=\"font-family: gobCL, serif\"><span lang=\"es-ES\"> <img loading=\"lazy\" decoding=\"async\" class=\"size-medium wp-image-38970 alignleft\" src=\"https:\/\/dev.explora.cl\/tarapaca\/wp-content\/uploads\/sites\/3\/2020\/09\/04_dialogointercultural-300x164.png\" alt=\"\" width=\"300\" height=\"164\" srcset=\"https:\/\/dev.explora.cl\/tarapaca\/wp-content\/uploads\/sites\/3\/2020\/09\/04_dialogointercultural-300x164.png 300w, https:\/\/dev.explora.cl\/tarapaca\/wp-content\/uploads\/sites\/3\/2020\/09\/04_dialogointercultural-768x419.png 768w, https:\/\/dev.explora.cl\/tarapaca\/wp-content\/uploads\/sites\/3\/2020\/09\/04_dialogointercultural-1024x558.png 1024w, https:\/\/dev.explora.cl\/tarapaca\/wp-content\/uploads\/sites\/3\/2020\/09\/04_dialogointercultural.png 1436w\" sizes=\"auto, (max-width: 300px) 100vw, 300px\" \/>Estos \u201cDi\u00e1logos Interculturales\u201d ser\u00e1n dos en total y representan la transformaci\u00f3n del \u201cEncuentro Intercultural de Ciencia y Tecnolog\u00eda\u201d, instancia que durante el 2017 y 2018 se realiz\u00f3 en la comuna de Colchane y que reuni\u00f3 a estudiantes de Per\u00fa, Bolivia y Chile para compartir y desarrollar ciencia y tecnolog\u00eda. <\/span><\/span><\/span><\/p>\n<p class=\"western\" align=\"justify\"><a name=\"_GoBack\"><\/a> <span style=\"color: #000000\"><span style=\"font-family: gobCL, serif\"><span lang=\"es-ES\"> Por su parte, la Directora de Explora Tarapac\u00e1, Valeska Zepeda, precis\u00f3: \u201cQueremos que nuestros estudiantes y la comunidad en general se formen su propia opini\u00f3n sobre la interculturalidad a partir del di\u00e1logo y miradas de especialistas. Desde la Universidad de Tarapac\u00e1 y el Ministerio de ciencia, tecnolog\u00eda, conocimiento e innovaci\u00f3n, buscamos contribuir al desarrollo de un pensamiento cr\u00edtico, m\u00e1s a\u00fan reflexionando y poniendo en valor un tema tan importante para nuestra regi\u00f3n como lo es la diversidad y la interculturalidad\u201d.<\/span><\/span><\/span><\/p>\n<p class=\"western\" align=\"justify\"><a name=\"__DdeLink__456_2692397473\"><\/a> <span style=\"color: #000000\"><span style=\"font-family: gobCL, serif\"><span lang=\"es-ES\"> Explora Tarapac\u00e1 se encuentra en gestiones con diversos medios de comunicaci\u00f3n para retransmitir di\u00e1logo realizado, as\u00ed como tambi\u00e9n informa que el pr\u00f3ximo se llevar\u00e1 a cabo el <\/span><\/span><\/span><span style=\"color: #000000\"><span style=\"font-family: gobCL, serif\">30 de octubre, a las 17:00 horas, a trav\u00e9s de las redes sociales de Explora Tarapac\u00e1.<\/span><\/span><\/p>\n<p align=\"justify\"><strong>DEJAMOS EL VIDEO DEL &#8220;DI\u00c1LOGO INTERCULTURAL 1&#8221;, REALIZADO EL 31 DE AGOSTO.<\/strong><\/p>\n<p><iframe loading=\"lazy\" title=\"Primer &quot;Di\u00e1logo Intercultural&quot;, 31 de Agosto de 2020 | Emitido EN VIVO\" width=\"1180\" height=\"664\" src=\"https:\/\/www.youtube.com\/embed\/pLIzlVlRGtg?start=115&#038;feature=oembed\" frameborder=\"0\" allow=\"accelerometer; autoplay; clipboard-write; encrypted-media; gyroscope; picture-in-picture\" allowfullscreen><\/iframe><\/p>\n","protected":false},"excerpt":{"rendered":"<p>* Destacados especialistas participaron de la primera instancia de los \u201cDi\u00e1logos Interculturales\u201d, iniciativa de Explora Tarapac\u00e1 que busca reconocer la interculturalidad.<\/p>\n","protected":false},"author":18,"featured_media":38968,"comment_status":"open","ping_status":"open","sticky":false,"template":"","format":"standard","meta":{"_acf_changed":false,"_exactmetrics_skip_tracking":false,"_exactmetrics_sitenote_active":false,"_exactmetrics_sitenote_note":"","_exactmetrics_sitenote_category":0,"footnotes":"","_links_to":"","_links_to_target":""},"categories":[4],"tags":[107,105,23,199,200,202,157,201],"class_list":["post-38959","post","type-post","status-publish","format-standard","has-post-thumbnail","hentry","category-noticias","tag-ciencia","tag-educacion","tag-explora","tag-interculturalidad","tag-mundo-andino","tag-norte-grande","tag-tarapaca","tag-universidad-de-tarapaca"],"acf":[],"yoast_head":"<!-- This site is optimized with the Yoast SEO plugin v26.7 - https:\/\/yoast.com\/wordpress\/plugins\/seo\/ -->\n<title>Explora promueve la interculturalidad a trav\u00e9s de di\u00e1logos con especialistas - Tarapaca<\/title>\n<meta name=\"robots\" content=\"index, follow, max-snippet:-1, max-image-preview:large, max-video-preview:-1\" \/>\n<link rel=\"canonical\" href=\"https:\/\/dev.explora.cl\/tarapaca\/explora-promueve-la-interculturalidad-a-traves-de-dialogos-con-especialistas\/\" class=\"yoast-seo-meta-tag\" \/>\n<meta property=\"og:locale\" content=\"es_ES\" class=\"yoast-seo-meta-tag\" \/>\n<meta property=\"og:type\" content=\"article\" class=\"yoast-seo-meta-tag\" \/>\n<meta property=\"og:title\" content=\"Explora promueve la interculturalidad a trav\u00e9s de di\u00e1logos con especialistas - Tarapaca\" class=\"yoast-seo-meta-tag\" \/>\n<meta property=\"og:description\" content=\"* Destacados especialistas participaron de la primera instancia de los \u201cDi\u00e1logos Interculturales\u201d, iniciativa de Explora Tarapac\u00e1 que busca reconocer la interculturalidad.\" class=\"yoast-seo-meta-tag\" \/>\n<meta property=\"og:url\" content=\"https:\/\/dev.explora.cl\/tarapaca\/explora-promueve-la-interculturalidad-a-traves-de-dialogos-con-especialistas\/\" class=\"yoast-seo-meta-tag\" \/>\n<meta property=\"og:site_name\" content=\"Tarapaca\" class=\"yoast-seo-meta-tag\" \/>\n<meta property=\"article:published_time\" content=\"2020-09-08T22:22:12+00:00\" class=\"yoast-seo-meta-tag\" \/>\n<meta property=\"article:modified_time\" content=\"2020-11-07T20:46:54+00:00\" class=\"yoast-seo-meta-tag\" \/>\n<meta property=\"og:image\" content=\"https:\/\/dev.explora.cl\/tarapaca\/wp-content\/uploads\/sites\/3\/2020\/09\/01_dialogointercultural.png\" class=\"yoast-seo-meta-tag\" \/>\n\t<meta property=\"og:image:width\" content=\"1425\" class=\"yoast-seo-meta-tag\" \/>\n\t<meta property=\"og:image:height\" content=\"779\" class=\"yoast-seo-meta-tag\" \/>\n\t<meta property=\"og:image:type\" content=\"image\/png\" class=\"yoast-seo-meta-tag\" \/>\n<meta name=\"author\" content=\"admintarapaca\" class=\"yoast-seo-meta-tag\" \/>\n<meta name=\"twitter:card\" content=\"summary_large_image\" class=\"yoast-seo-meta-tag\" \/>\n<meta name=\"twitter:label1\" content=\"Escrito por\" class=\"yoast-seo-meta-tag\" \/>\n\t<meta name=\"twitter:data1\" content=\"admintarapaca\" class=\"yoast-seo-meta-tag\" \/>\n\t<meta name=\"twitter:label2\" content=\"Tiempo estimado de lectura\" class=\"yoast-seo-meta-tag\" \/>\n\t<meta name=\"twitter:data2\" content=\"3 minutos\" class=\"yoast-seo-meta-tag\" \/>\n<script type=\"application\/ld+json\" class=\"yoast-schema-graph\">{\"@context\":\"https:\/\/schema.org\",\"@graph\":[{\"@type\":\"Article\",\"@id\":\"https:\/\/dev.explora.cl\/tarapaca\/explora-promueve-la-interculturalidad-a-traves-de-dialogos-con-especialistas\/#article\",\"isPartOf\":{\"@id\":\"https:\/\/dev.explora.cl\/tarapaca\/explora-promueve-la-interculturalidad-a-traves-de-dialogos-con-especialistas\/\"},\"author\":{\"name\":\"admintarapaca\",\"@id\":\"https:\/\/dev.explora.cl\/tarapaca\/#\/schema\/person\/ca04f8a8f8e25243bd462d34eb1ca505\"},\"headline\":\"Explora promueve la interculturalidad a trav\u00e9s de di\u00e1logos con especialistas\",\"datePublished\":\"2020-09-08T22:22:12+00:00\",\"dateModified\":\"2020-11-07T20:46:54+00:00\",\"mainEntityOfPage\":{\"@id\":\"https:\/\/dev.explora.cl\/tarapaca\/explora-promueve-la-interculturalidad-a-traves-de-dialogos-con-especialistas\/\"},\"wordCount\":536,\"commentCount\":0,\"image\":{\"@id\":\"https:\/\/dev.explora.cl\/tarapaca\/explora-promueve-la-interculturalidad-a-traves-de-dialogos-con-especialistas\/#primaryimage\"},\"thumbnailUrl\":\"https:\/\/dev.explora.cl\/tarapaca\/wp-content\/uploads\/sites\/3\/2020\/09\/01_dialogointercultural.png\",\"keywords\":[\"ciencia\",\"educaci\u00f3n\",\"EXPLORA\",\"Interculturalidad\",\"Mundo Andino\",\"Norte Grande\",\"tarapac\u00e1,\",\"Universidad de Tarapac\u00e1\"],\"articleSection\":[\"Noticias\"],\"inLanguage\":\"es-CL\",\"potentialAction\":[{\"@type\":\"CommentAction\",\"name\":\"Comment\",\"target\":[\"https:\/\/dev.explora.cl\/tarapaca\/explora-promueve-la-interculturalidad-a-traves-de-dialogos-con-especialistas\/#respond\"]}]},{\"@type\":\"WebPage\",\"@id\":\"https:\/\/dev.explora.cl\/tarapaca\/explora-promueve-la-interculturalidad-a-traves-de-dialogos-con-especialistas\/\",\"url\":\"https:\/\/dev.explora.cl\/tarapaca\/explora-promueve-la-interculturalidad-a-traves-de-dialogos-con-especialistas\/\",\"name\":\"Explora promueve la interculturalidad a trav\u00e9s de di\u00e1logos con especialistas - Tarapaca\",\"isPartOf\":{\"@id\":\"https:\/\/dev.explora.cl\/tarapaca\/#website\"},\"primaryImageOfPage\":{\"@id\":\"https:\/\/dev.explora.cl\/tarapaca\/explora-promueve-la-interculturalidad-a-traves-de-dialogos-con-especialistas\/#primaryimage\"},\"image\":{\"@id\":\"https:\/\/dev.explora.cl\/tarapaca\/explora-promueve-la-interculturalidad-a-traves-de-dialogos-con-especialistas\/#primaryimage\"},\"thumbnailUrl\":\"https:\/\/dev.explora.cl\/tarapaca\/wp-content\/uploads\/sites\/3\/2020\/09\/01_dialogointercultural.png\",\"datePublished\":\"2020-09-08T22:22:12+00:00\",\"dateModified\":\"2020-11-07T20:46:54+00:00\",\"author\":{\"@id\":\"https:\/\/dev.explora.cl\/tarapaca\/#\/schema\/person\/ca04f8a8f8e25243bd462d34eb1ca505\"},\"breadcrumb\":{\"@id\":\"https:\/\/dev.explora.cl\/tarapaca\/explora-promueve-la-interculturalidad-a-traves-de-dialogos-con-especialistas\/#breadcrumb\"},\"inLanguage\":\"es-CL\",\"potentialAction\":[{\"@type\":\"ReadAction\",\"target\":[\"https:\/\/dev.explora.cl\/tarapaca\/explora-promueve-la-interculturalidad-a-traves-de-dialogos-con-especialistas\/\"]}]},{\"@type\":\"ImageObject\",\"inLanguage\":\"es-CL\",\"@id\":\"https:\/\/dev.explora.cl\/tarapaca\/explora-promueve-la-interculturalidad-a-traves-de-dialogos-con-especialistas\/#primaryimage\",\"url\":\"https:\/\/dev.explora.cl\/tarapaca\/wp-content\/uploads\/sites\/3\/2020\/09\/01_dialogointercultural.png\",\"contentUrl\":\"https:\/\/dev.explora.cl\/tarapaca\/wp-content\/uploads\/sites\/3\/2020\/09\/01_dialogointercultural.png\",\"width\":1425,\"height\":779},{\"@type\":\"BreadcrumbList\",\"@id\":\"https:\/\/dev.explora.cl\/tarapaca\/explora-promueve-la-interculturalidad-a-traves-de-dialogos-con-especialistas\/#breadcrumb\",\"itemListElement\":[{\"@type\":\"ListItem\",\"position\":1,\"name\":\"Portada\",\"item\":\"https:\/\/dev.explora.cl\/tarapaca\/\"},{\"@type\":\"ListItem\",\"position\":2,\"name\":\"Explora promueve la interculturalidad a trav\u00e9s de di\u00e1logos con especialistas\"}]},{\"@type\":\"WebSite\",\"@id\":\"https:\/\/dev.explora.cl\/tarapaca\/#website\",\"url\":\"https:\/\/dev.explora.cl\/tarapaca\/\",\"name\":\"Tarapaca\",\"description\":\"Otro sitio m\u00e1s de dev.explora.cl\",\"potentialAction\":[{\"@type\":\"SearchAction\",\"target\":{\"@type\":\"EntryPoint\",\"urlTemplate\":\"https:\/\/dev.explora.cl\/tarapaca\/?s={search_term_string}\"},\"query-input\":{\"@type\":\"PropertyValueSpecification\",\"valueRequired\":true,\"valueName\":\"search_term_string\"}}],\"inLanguage\":\"es-CL\"},{\"@type\":\"Person\",\"@id\":\"https:\/\/dev.explora.cl\/tarapaca\/#\/schema\/person\/ca04f8a8f8e25243bd462d34eb1ca505\",\"name\":\"admintarapaca\",\"image\":{\"@type\":\"ImageObject\",\"inLanguage\":\"es-CL\",\"@id\":\"https:\/\/dev.explora.cl\/tarapaca\/#\/schema\/person\/image\/\",\"url\":\"https:\/\/secure.gravatar.com\/avatar\/8ff4762fabbf7a1732a126425c82d628f08ba754529d77a55358cbb74e14343f?s=96&d=mm&r=g\",\"contentUrl\":\"https:\/\/secure.gravatar.com\/avatar\/8ff4762fabbf7a1732a126425c82d628f08ba754529d77a55358cbb74e14343f?s=96&d=mm&r=g\",\"caption\":\"admintarapaca\"},\"url\":\"https:\/\/dev.explora.cl\/tarapaca\/author\/dolivares\/\"}]}<\/script>\n<!-- \/ Yoast SEO plugin. -->","yoast_head_json":{"title":"Explora promueve la interculturalidad a trav\u00e9s de di\u00e1logos con especialistas - Tarapaca","robots":{"index":"index","follow":"follow","max-snippet":"max-snippet:-1","max-image-preview":"max-image-preview:large","max-video-preview":"max-video-preview:-1"},"canonical":"https:\/\/dev.explora.cl\/tarapaca\/explora-promueve-la-interculturalidad-a-traves-de-dialogos-con-especialistas\/","og_locale":"es_ES","og_type":"article","og_title":"Explora promueve la interculturalidad a trav\u00e9s de di\u00e1logos con especialistas - Tarapaca","og_description":"* Destacados especialistas participaron de la primera instancia de los \u201cDi\u00e1logos Interculturales\u201d, iniciativa de Explora Tarapac\u00e1 que busca reconocer la interculturalidad.","og_url":"https:\/\/dev.explora.cl\/tarapaca\/explora-promueve-la-interculturalidad-a-traves-de-dialogos-con-especialistas\/","og_site_name":"Tarapaca","article_published_time":"2020-09-08T22:22:12+00:00","article_modified_time":"2020-11-07T20:46:54+00:00","og_image":[{"width":1425,"height":779,"url":"https:\/\/dev.explora.cl\/tarapaca\/wp-content\/uploads\/sites\/3\/2020\/09\/01_dialogointercultural.png","type":"image\/png"}],"author":"admintarapaca","twitter_card":"summary_large_image","twitter_misc":{"Escrito por":"admintarapaca","Tiempo estimado de lectura":"3 minutos"},"schema":{"@context":"https:\/\/schema.org","@graph":[{"@type":"Article","@id":"https:\/\/dev.explora.cl\/tarapaca\/explora-promueve-la-interculturalidad-a-traves-de-dialogos-con-especialistas\/#article","isPartOf":{"@id":"https:\/\/dev.explora.cl\/tarapaca\/explora-promueve-la-interculturalidad-a-traves-de-dialogos-con-especialistas\/"},"author":{"name":"admintarapaca","@id":"https:\/\/dev.explora.cl\/tarapaca\/#\/schema\/person\/ca04f8a8f8e25243bd462d34eb1ca505"},"headline":"Explora promueve la interculturalidad a trav\u00e9s de di\u00e1logos con especialistas","datePublished":"2020-09-08T22:22:12+00:00","dateModified":"2020-11-07T20:46:54+00:00","mainEntityOfPage":{"@id":"https:\/\/dev.explora.cl\/tarapaca\/explora-promueve-la-interculturalidad-a-traves-de-dialogos-con-especialistas\/"},"wordCount":536,"commentCount":0,"image":{"@id":"https:\/\/dev.explora.cl\/tarapaca\/explora-promueve-la-interculturalidad-a-traves-de-dialogos-con-especialistas\/#primaryimage"},"thumbnailUrl":"https:\/\/dev.explora.cl\/tarapaca\/wp-content\/uploads\/sites\/3\/2020\/09\/01_dialogointercultural.png","keywords":["ciencia","educaci\u00f3n","EXPLORA","Interculturalidad","Mundo Andino","Norte Grande","tarapac\u00e1,","Universidad de Tarapac\u00e1"],"articleSection":["Noticias"],"inLanguage":"es-CL","potentialAction":[{"@type":"CommentAction","name":"Comment","target":["https:\/\/dev.explora.cl\/tarapaca\/explora-promueve-la-interculturalidad-a-traves-de-dialogos-con-especialistas\/#respond"]}]},{"@type":"WebPage","@id":"https:\/\/dev.explora.cl\/tarapaca\/explora-promueve-la-interculturalidad-a-traves-de-dialogos-con-especialistas\/","url":"https:\/\/dev.explora.cl\/tarapaca\/explora-promueve-la-interculturalidad-a-traves-de-dialogos-con-especialistas\/","name":"Explora promueve la interculturalidad a trav\u00e9s de di\u00e1logos con especialistas - Tarapaca","isPartOf":{"@id":"https:\/\/dev.explora.cl\/tarapaca\/#website"},"primaryImageOfPage":{"@id":"https:\/\/dev.explora.cl\/tarapaca\/explora-promueve-la-interculturalidad-a-traves-de-dialogos-con-especialistas\/#primaryimage"},"image":{"@id":"https:\/\/dev.explora.cl\/tarapaca\/explora-promueve-la-interculturalidad-a-traves-de-dialogos-con-especialistas\/#primaryimage"},"thumbnailUrl":"https:\/\/dev.explora.cl\/tarapaca\/wp-content\/uploads\/sites\/3\/2020\/09\/01_dialogointercultural.png","datePublished":"2020-09-08T22:22:12+00:00","dateModified":"2020-11-07T20:46:54+00:00","author":{"@id":"https:\/\/dev.explora.cl\/tarapaca\/#\/schema\/person\/ca04f8a8f8e25243bd462d34eb1ca505"},"breadcrumb":{"@id":"https:\/\/dev.explora.cl\/tarapaca\/explora-promueve-la-interculturalidad-a-traves-de-dialogos-con-especialistas\/#breadcrumb"},"inLanguage":"es-CL","potentialAction":[{"@type":"ReadAction","target":["https:\/\/dev.explora.cl\/tarapaca\/explora-promueve-la-interculturalidad-a-traves-de-dialogos-con-especialistas\/"]}]},{"@type":"ImageObject","inLanguage":"es-CL","@id":"https:\/\/dev.explora.cl\/tarapaca\/explora-promueve-la-interculturalidad-a-traves-de-dialogos-con-especialistas\/#primaryimage","url":"https:\/\/dev.explora.cl\/tarapaca\/wp-content\/uploads\/sites\/3\/2020\/09\/01_dialogointercultural.png","contentUrl":"https:\/\/dev.explora.cl\/tarapaca\/wp-content\/uploads\/sites\/3\/2020\/09\/01_dialogointercultural.png","width":1425,"height":779},{"@type":"BreadcrumbList","@id":"https:\/\/dev.explora.cl\/tarapaca\/explora-promueve-la-interculturalidad-a-traves-de-dialogos-con-especialistas\/#breadcrumb","itemListElement":[{"@type":"ListItem","position":1,"name":"Portada","item":"https:\/\/dev.explora.cl\/tarapaca\/"},{"@type":"ListItem","position":2,"name":"Explora promueve la interculturalidad a trav\u00e9s de di\u00e1logos con especialistas"}]},{"@type":"WebSite","@id":"https:\/\/dev.explora.cl\/tarapaca\/#website","url":"https:\/\/dev.explora.cl\/tarapaca\/","name":"Tarapaca","description":"Otro sitio m\u00e1s de dev.explora.cl","potentialAction":[{"@type":"SearchAction","target":{"@type":"EntryPoint","urlTemplate":"https:\/\/dev.explora.cl\/tarapaca\/?s={search_term_string}"},"query-input":{"@type":"PropertyValueSpecification","valueRequired":true,"valueName":"search_term_string"}}],"inLanguage":"es-CL"},{"@type":"Person","@id":"https:\/\/dev.explora.cl\/tarapaca\/#\/schema\/person\/ca04f8a8f8e25243bd462d34eb1ca505","name":"admintarapaca","image":{"@type":"ImageObject","inLanguage":"es-CL","@id":"https:\/\/dev.explora.cl\/tarapaca\/#\/schema\/person\/image\/","url":"https:\/\/secure.gravatar.com\/avatar\/8ff4762fabbf7a1732a126425c82d628f08ba754529d77a55358cbb74e14343f?s=96&d=mm&r=g","contentUrl":"https:\/\/secure.gravatar.com\/avatar\/8ff4762fabbf7a1732a126425c82d628f08ba754529d77a55358cbb74e14343f?s=96&d=mm&r=g","caption":"admintarapaca"},"url":"https:\/\/dev.explora.cl\/tarapaca\/author\/dolivares\/"}]}},"_links":{"self":[{"href":"https:\/\/dev.explora.cl\/tarapaca\/wp-json\/wp\/v2\/posts\/38959","targetHints":{"allow":["GET"]}}],"collection":[{"href":"https:\/\/dev.explora.cl\/tarapaca\/wp-json\/wp\/v2\/posts"}],"about":[{"href":"https:\/\/dev.explora.cl\/tarapaca\/wp-json\/wp\/v2\/types\/post"}],"author":[{"embeddable":true,"href":"https:\/\/dev.explora.cl\/tarapaca\/wp-json\/wp\/v2\/users\/18"}],"replies":[{"embeddable":true,"href":"https:\/\/dev.explora.cl\/tarapaca\/wp-json\/wp\/v2\/comments?post=38959"}],"version-history":[{"count":9,"href":"https:\/\/dev.explora.cl\/tarapaca\/wp-json\/wp\/v2\/posts\/38959\/revisions"}],"predecessor-version":[{"id":38972,"href":"https:\/\/dev.explora.cl\/tarapaca\/wp-json\/wp\/v2\/posts\/38959\/revisions\/38972"}],"wp:featuredmedia":[{"embeddable":true,"href":"https:\/\/dev.explora.cl\/tarapaca\/wp-json\/wp\/v2\/media\/38968"}],"wp:attachment":[{"href":"https:\/\/dev.explora.cl\/tarapaca\/wp-json\/wp\/v2\/media?parent=38959"}],"wp:term":[{"taxonomy":"category","embeddable":true,"href":"https:\/\/dev.explora.cl\/tarapaca\/wp-json\/wp\/v2\/categories?post=38959"},{"taxonomy":"post_tag","embeddable":true,"href":"https:\/\/dev.explora.cl\/tarapaca\/wp-json\/wp\/v2\/tags?post=38959"}],"curies":[{"name":"wp","href":"https:\/\/api.w.org\/{rel}","templated":true}]}}