{"id":38843,"date":"2020-07-09T18:18:05","date_gmt":"2020-07-09T22:18:05","guid":{"rendered":"https:\/\/dev.explora.cl\/tarapaca\/?p=38843"},"modified":"2020-09-10T12:52:19","modified_gmt":"2020-09-10T15:52:19","slug":"estudiantes-participaran-del-primer-congreso-virtual-de-ciencias-escolares-de-tarapaca","status":"publish","type":"post","link":"https:\/\/dev.explora.cl\/tarapaca\/estudiantes-participaran-del-primer-congreso-virtual-de-ciencias-escolares-de-tarapaca\/","title":{"rendered":"Estudiantes participar\u00e1n del primer congreso virtual de ciencias escolares de Tarapac\u00e1"},"content":{"rendered":"<p class=\"western\" align=\"justify\"><span style=\"color: #000000\"><span style=\"font-family: gobcl, serif\"><span lang=\"es-ES\"><i><b>* El pr\u00f3ximo mi\u00e9rcoles 15 de julio, de 9 a 16 horas, la comunidad general podr\u00e1 verlo en vivo por internet. <\/b><\/i><\/span><\/span><\/span><\/p>\n<p class=\"western\" align=\"justify\"><span style=\"color: #000000\"><span style=\"font-family: gobcl, serif\"><span lang=\"es-ES\"> La Universidad de Tarapac\u00e1 Sede Iquique, a trav\u00e9s de su proyecto Explora Tarapac\u00e1, del Ministerio de Ciencia, Tecnolog\u00eda, Conocimiento e Innovaci\u00f3n, realizar\u00e1 el \u201cXVI Congreso Regional Escolar de las Ciencias y la Tecnolog\u00eda\u201d, el cual en esta oportunidad se realizar\u00e1 de manera virtual y considera a once proyectos de investigaci\u00f3n cient\u00edfica escolar de varios establecimientos educacionales de la regi\u00f3n.<\/span><\/span><\/span><\/p>\n<p class=\"western\" align=\"justify\"><span style=\"color: #000000\"><span style=\"font-family: gobcl, serif\"><span lang=\"es-ES\"> La iniciativa, que busca el desarrollo del conocimiento cient\u00edfico en estudiantes de quinto b\u00e1sico a cuarto medio, ser\u00e1 un espacio de encuentro virtual de una jornada, que va de 09:00 a 16:00 horas, del mi\u00e9rcoles 15 de julio.<\/span><\/span><\/span><\/p>\n<p class=\"western\" align=\"justify\"><span style=\"color: #000000\"><span style=\"font-family: gobcl, serif\"><span lang=\"es-ES\"> Este evento, que anteriormente se iba a desarrollar con actividades presenciales, ahora se desarrollar\u00e1 de forma virtual. En la actividad participar\u00e1n directamente m\u00e1s de 60 personas, entre estudiantes, profesores y evaluadores, mientras que quienes deseen ver la transmisi\u00f3n en vivo podr\u00e1n hacerlo a trav\u00e9s de streaming por el Facebook de Explora Tarapac\u00e1. <\/span><\/span><\/span><\/p>\n<p class=\"western\" align=\"justify\"><span style=\"color: #000000\"><span style=\"font-family: gobcl, serif\"><span lang=\"es-ES\">Mildren Araya, Encargada del Congreso, coment\u00f3 que: \u201cestamos muy contentos con los grupos de investigaci\u00f3n de los distintos establecimientos educacionales, ya que a pesar de replantear el desarrollo de la actividad a un formato virtual no han perdido la motivaci\u00f3n por el desarrollo de la ciencia\u201d.<\/span><\/span><\/span><\/p>\n<p class=\"western\" align=\"justify\"><span style=\"color: #000000\"><span style=\"font-family: gobcl, serif\"><span lang=\"es-ES\"> De cuarenta proyectos se seleccionaron once propuestas que expresan la variedad de trabajos realizados por los estudiantes. Las investigaciones fueron las siguientes: de La Tirana est\u00e1 el \u201cEstudio de los elementos del espacio y experiencia astron\u00e1utica con simulaci\u00f3n en Marte\u201d, de la Escuela B\u00e1sica del poblado. Mientras que Alto Hospicio tendr\u00e1 sus representantes con proyectos como: \u201cHeterosexismo y homofobia, una problem\u00e1tica escolar. El caso del Liceo Bicentenario Minero. SS. Juan Pablo II\u201d, del Liceo S.S. Juan Pablo Segundo y \u201cCultivo de lenteja de agua para biorremediar el agua potable de Alto Hospicio\u201d, del Colegio Metodista Robert Jhonson. Finalmente, Iquique tambi\u00e9n tendr\u00e1 estudios como: \u201cMicroalgas en tu piel\u201d, del Colegio Costa College; \u201cLey APIVIM\u201d, del Colegio Academia Tarapac\u00e1; \u201c\u00bfQu\u00e9 dicen nuestras manos\u201d, del Instituto del Mar Almirante Carlos Condell; \u201cLey de sello verde\u201d, del Colegio Academia Tarapac\u00e1; \u201cBee ecofilm\u201d, del Colegio Lirima; \u201cPatrulla ecol\u00f3gica\u201d, de la Escuela B\u00e1sica Gabriela Mistral; \u201cEl mar protege al mar de los micropl\u00e1sticos\u201d, del Colegio Diocesano Obispo Labb\u00e9 y \u201cL\u00e1grima de llareta: una soluci\u00f3n antibi\u00f3tica\u201d, del Colegio Humberstone.<\/span><\/span><\/span><\/p>\n<p class=\"western\" align=\"justify\"><span style=\"color: #000000\"><span style=\"font-family: gobcl, serif\"><span lang=\"es-ES\"> La Directora del PAR Explora Tarapac\u00e1, Valeska Zepeda, precis\u00f3: \u201cPara la Universidad de Tarapac\u00e1 y el Ministerio de Ciencia es importante el desarrollo cient\u00edfico de los y las estudiantes de la regi\u00f3n y esperamos que cada grupo de estudiantes entregue lo mejor en sus presentaciones, para dar cuenta que en la regi\u00f3n hay talento cient\u00edfico\u201d.<\/span><\/span><\/span><\/p>\n","protected":false},"excerpt":{"rendered":"<p>* El pr\u00f3ximo mi\u00e9rcoles 15 de julio, de 9 a 16 horas, la comunidad general podr\u00e1 verlo en vivo por internet. La Universidad de Tarapac\u00e1 Sede Iquique, a trav\u00e9s de su proyecto Explora Tarapac\u00e1, del Ministerio de Ciencia, Tecnolog\u00eda, Conocimiento e Innovaci\u00f3n, realizar\u00e1 el \u201cXVI Congreso Regional Escolar de las Ciencias y la Tecnolog\u00eda\u201d, el [&hellip;]<\/p>\n","protected":false},"author":18,"featured_media":38844,"comment_status":"open","ping_status":"open","sticky":false,"template":"","format":"standard","meta":{"_acf_changed":false,"_exactmetrics_skip_tracking":false,"_exactmetrics_sitenote_active":false,"_exactmetrics_sitenote_note":"","_exactmetrics_sitenote_category":0,"footnotes":"","_links_to":"","_links_to_target":""},"categories":[4],"tags":[],"class_list":["post-38843","post","type-post","status-publish","format-standard","has-post-thumbnail","hentry","category-noticias"],"acf":[],"yoast_head":"<!-- This site is optimized with the Yoast SEO plugin v26.7 - https:\/\/yoast.com\/wordpress\/plugins\/seo\/ -->\n<title>Estudiantes participar\u00e1n del primer congreso virtual de ciencias escolares de Tarapac\u00e1 - Tarapaca<\/title>\n<meta name=\"robots\" content=\"index, follow, max-snippet:-1, max-image-preview:large, max-video-preview:-1\" \/>\n<link rel=\"canonical\" href=\"https:\/\/dev.explora.cl\/tarapaca\/estudiantes-participaran-del-primer-congreso-virtual-de-ciencias-escolares-de-tarapaca\/\" class=\"yoast-seo-meta-tag\" \/>\n<meta property=\"og:locale\" content=\"es_ES\" class=\"yoast-seo-meta-tag\" \/>\n<meta property=\"og:type\" content=\"article\" class=\"yoast-seo-meta-tag\" \/>\n<meta property=\"og:title\" content=\"Estudiantes participar\u00e1n del primer congreso virtual de ciencias escolares de Tarapac\u00e1 - Tarapaca\" class=\"yoast-seo-meta-tag\" \/>\n<meta property=\"og:description\" content=\"* El pr\u00f3ximo mi\u00e9rcoles 15 de julio, de 9 a 16 horas, la comunidad general podr\u00e1 verlo en vivo por internet. La Universidad de Tarapac\u00e1 Sede Iquique, a trav\u00e9s de su proyecto Explora Tarapac\u00e1, del Ministerio de Ciencia, Tecnolog\u00eda, Conocimiento e Innovaci\u00f3n, realizar\u00e1 el \u201cXVI Congreso Regional Escolar de las Ciencias y la Tecnolog\u00eda\u201d, el [&hellip;]\" class=\"yoast-seo-meta-tag\" \/>\n<meta property=\"og:url\" content=\"https:\/\/dev.explora.cl\/tarapaca\/estudiantes-participaran-del-primer-congreso-virtual-de-ciencias-escolares-de-tarapaca\/\" class=\"yoast-seo-meta-tag\" \/>\n<meta property=\"og:site_name\" content=\"Tarapaca\" class=\"yoast-seo-meta-tag\" \/>\n<meta property=\"article:published_time\" content=\"2020-07-09T22:18:05+00:00\" class=\"yoast-seo-meta-tag\" \/>\n<meta property=\"article:modified_time\" content=\"2020-09-10T15:52:19+00:00\" class=\"yoast-seo-meta-tag\" \/>\n<meta property=\"og:image\" content=\"https:\/\/dev.explora.cl\/tarapaca\/wp-content\/uploads\/sites\/3\/2020\/07\/Crecyt2018_chica.jpg\" class=\"yoast-seo-meta-tag\" \/>\n\t<meta property=\"og:image:width\" content=\"1500\" class=\"yoast-seo-meta-tag\" \/>\n\t<meta property=\"og:image:height\" content=\"1000\" class=\"yoast-seo-meta-tag\" \/>\n\t<meta property=\"og:image:type\" content=\"image\/jpeg\" class=\"yoast-seo-meta-tag\" \/>\n<meta name=\"author\" content=\"admintarapaca\" class=\"yoast-seo-meta-tag\" \/>\n<meta name=\"twitter:card\" content=\"summary_large_image\" class=\"yoast-seo-meta-tag\" \/>\n<meta name=\"twitter:label1\" content=\"Escrito por\" class=\"yoast-seo-meta-tag\" \/>\n\t<meta name=\"twitter:data1\" content=\"admintarapaca\" class=\"yoast-seo-meta-tag\" \/>\n\t<meta name=\"twitter:label2\" content=\"Tiempo estimado de lectura\" class=\"yoast-seo-meta-tag\" \/>\n\t<meta name=\"twitter:data2\" content=\"2 minutos\" class=\"yoast-seo-meta-tag\" \/>\n<script type=\"application\/ld+json\" class=\"yoast-schema-graph\">{\"@context\":\"https:\/\/schema.org\",\"@graph\":[{\"@type\":\"Article\",\"@id\":\"https:\/\/dev.explora.cl\/tarapaca\/estudiantes-participaran-del-primer-congreso-virtual-de-ciencias-escolares-de-tarapaca\/#article\",\"isPartOf\":{\"@id\":\"https:\/\/dev.explora.cl\/tarapaca\/estudiantes-participaran-del-primer-congreso-virtual-de-ciencias-escolares-de-tarapaca\/\"},\"author\":{\"name\":\"admintarapaca\",\"@id\":\"https:\/\/dev.explora.cl\/tarapaca\/#\/schema\/person\/ca04f8a8f8e25243bd462d34eb1ca505\"},\"headline\":\"Estudiantes participar\u00e1n del primer congreso virtual de ciencias escolares de Tarapac\u00e1\",\"datePublished\":\"2020-07-09T22:18:05+00:00\",\"dateModified\":\"2020-09-10T15:52:19+00:00\",\"mainEntityOfPage\":{\"@id\":\"https:\/\/dev.explora.cl\/tarapaca\/estudiantes-participaran-del-primer-congreso-virtual-de-ciencias-escolares-de-tarapaca\/\"},\"wordCount\":482,\"commentCount\":0,\"image\":{\"@id\":\"https:\/\/dev.explora.cl\/tarapaca\/estudiantes-participaran-del-primer-congreso-virtual-de-ciencias-escolares-de-tarapaca\/#primaryimage\"},\"thumbnailUrl\":\"https:\/\/dev.explora.cl\/tarapaca\/wp-content\/uploads\/sites\/3\/2020\/07\/Crecyt2018_chica.jpg\",\"articleSection\":[\"Noticias\"],\"inLanguage\":\"es-CL\",\"potentialAction\":[{\"@type\":\"CommentAction\",\"name\":\"Comment\",\"target\":[\"https:\/\/dev.explora.cl\/tarapaca\/estudiantes-participaran-del-primer-congreso-virtual-de-ciencias-escolares-de-tarapaca\/#respond\"]}]},{\"@type\":\"WebPage\",\"@id\":\"https:\/\/dev.explora.cl\/tarapaca\/estudiantes-participaran-del-primer-congreso-virtual-de-ciencias-escolares-de-tarapaca\/\",\"url\":\"https:\/\/dev.explora.cl\/tarapaca\/estudiantes-participaran-del-primer-congreso-virtual-de-ciencias-escolares-de-tarapaca\/\",\"name\":\"Estudiantes participar\u00e1n del primer congreso virtual de ciencias escolares de Tarapac\u00e1 - Tarapaca\",\"isPartOf\":{\"@id\":\"https:\/\/dev.explora.cl\/tarapaca\/#website\"},\"primaryImageOfPage\":{\"@id\":\"https:\/\/dev.explora.cl\/tarapaca\/estudiantes-participaran-del-primer-congreso-virtual-de-ciencias-escolares-de-tarapaca\/#primaryimage\"},\"image\":{\"@id\":\"https:\/\/dev.explora.cl\/tarapaca\/estudiantes-participaran-del-primer-congreso-virtual-de-ciencias-escolares-de-tarapaca\/#primaryimage\"},\"thumbnailUrl\":\"https:\/\/dev.explora.cl\/tarapaca\/wp-content\/uploads\/sites\/3\/2020\/07\/Crecyt2018_chica.jpg\",\"datePublished\":\"2020-07-09T22:18:05+00:00\",\"dateModified\":\"2020-09-10T15:52:19+00:00\",\"author\":{\"@id\":\"https:\/\/dev.explora.cl\/tarapaca\/#\/schema\/person\/ca04f8a8f8e25243bd462d34eb1ca505\"},\"breadcrumb\":{\"@id\":\"https:\/\/dev.explora.cl\/tarapaca\/estudiantes-participaran-del-primer-congreso-virtual-de-ciencias-escolares-de-tarapaca\/#breadcrumb\"},\"inLanguage\":\"es-CL\",\"potentialAction\":[{\"@type\":\"ReadAction\",\"target\":[\"https:\/\/dev.explora.cl\/tarapaca\/estudiantes-participaran-del-primer-congreso-virtual-de-ciencias-escolares-de-tarapaca\/\"]}]},{\"@type\":\"ImageObject\",\"inLanguage\":\"es-CL\",\"@id\":\"https:\/\/dev.explora.cl\/tarapaca\/estudiantes-participaran-del-primer-congreso-virtual-de-ciencias-escolares-de-tarapaca\/#primaryimage\",\"url\":\"https:\/\/dev.explora.cl\/tarapaca\/wp-content\/uploads\/sites\/3\/2020\/07\/Crecyt2018_chica.jpg\",\"contentUrl\":\"https:\/\/dev.explora.cl\/tarapaca\/wp-content\/uploads\/sites\/3\/2020\/07\/Crecyt2018_chica.jpg\",\"width\":1500,\"height\":1000},{\"@type\":\"BreadcrumbList\",\"@id\":\"https:\/\/dev.explora.cl\/tarapaca\/estudiantes-participaran-del-primer-congreso-virtual-de-ciencias-escolares-de-tarapaca\/#breadcrumb\",\"itemListElement\":[{\"@type\":\"ListItem\",\"position\":1,\"name\":\"Portada\",\"item\":\"https:\/\/dev.explora.cl\/tarapaca\/\"},{\"@type\":\"ListItem\",\"position\":2,\"name\":\"Estudiantes participar\u00e1n del primer congreso virtual de ciencias escolares de Tarapac\u00e1\"}]},{\"@type\":\"WebSite\",\"@id\":\"https:\/\/dev.explora.cl\/tarapaca\/#website\",\"url\":\"https:\/\/dev.explora.cl\/tarapaca\/\",\"name\":\"Tarapaca\",\"description\":\"Otro sitio m\u00e1s de dev.explora.cl\",\"potentialAction\":[{\"@type\":\"SearchAction\",\"target\":{\"@type\":\"EntryPoint\",\"urlTemplate\":\"https:\/\/dev.explora.cl\/tarapaca\/?s={search_term_string}\"},\"query-input\":{\"@type\":\"PropertyValueSpecification\",\"valueRequired\":true,\"valueName\":\"search_term_string\"}}],\"inLanguage\":\"es-CL\"},{\"@type\":\"Person\",\"@id\":\"https:\/\/dev.explora.cl\/tarapaca\/#\/schema\/person\/ca04f8a8f8e25243bd462d34eb1ca505\",\"name\":\"admintarapaca\",\"image\":{\"@type\":\"ImageObject\",\"inLanguage\":\"es-CL\",\"@id\":\"https:\/\/dev.explora.cl\/tarapaca\/#\/schema\/person\/image\/\",\"url\":\"https:\/\/secure.gravatar.com\/avatar\/8ff4762fabbf7a1732a126425c82d628f08ba754529d77a55358cbb74e14343f?s=96&d=mm&r=g\",\"contentUrl\":\"https:\/\/secure.gravatar.com\/avatar\/8ff4762fabbf7a1732a126425c82d628f08ba754529d77a55358cbb74e14343f?s=96&d=mm&r=g\",\"caption\":\"admintarapaca\"},\"url\":\"https:\/\/dev.explora.cl\/tarapaca\/author\/dolivares\/\"}]}<\/script>\n<!-- \/ Yoast SEO plugin. -->","yoast_head_json":{"title":"Estudiantes participar\u00e1n del primer congreso virtual de ciencias escolares de Tarapac\u00e1 - Tarapaca","robots":{"index":"index","follow":"follow","max-snippet":"max-snippet:-1","max-image-preview":"max-image-preview:large","max-video-preview":"max-video-preview:-1"},"canonical":"https:\/\/dev.explora.cl\/tarapaca\/estudiantes-participaran-del-primer-congreso-virtual-de-ciencias-escolares-de-tarapaca\/","og_locale":"es_ES","og_type":"article","og_title":"Estudiantes participar\u00e1n del primer congreso virtual de ciencias escolares de Tarapac\u00e1 - Tarapaca","og_description":"* El pr\u00f3ximo mi\u00e9rcoles 15 de julio, de 9 a 16 horas, la comunidad general podr\u00e1 verlo en vivo por internet. La Universidad de Tarapac\u00e1 Sede Iquique, a trav\u00e9s de su proyecto Explora Tarapac\u00e1, del Ministerio de Ciencia, Tecnolog\u00eda, Conocimiento e Innovaci\u00f3n, realizar\u00e1 el \u201cXVI Congreso Regional Escolar de las Ciencias y la Tecnolog\u00eda\u201d, el [&hellip;]","og_url":"https:\/\/dev.explora.cl\/tarapaca\/estudiantes-participaran-del-primer-congreso-virtual-de-ciencias-escolares-de-tarapaca\/","og_site_name":"Tarapaca","article_published_time":"2020-07-09T22:18:05+00:00","article_modified_time":"2020-09-10T15:52:19+00:00","og_image":[{"width":1500,"height":1000,"url":"https:\/\/dev.explora.cl\/tarapaca\/wp-content\/uploads\/sites\/3\/2020\/07\/Crecyt2018_chica.jpg","type":"image\/jpeg"}],"author":"admintarapaca","twitter_card":"summary_large_image","twitter_misc":{"Escrito por":"admintarapaca","Tiempo estimado de lectura":"2 minutos"},"schema":{"@context":"https:\/\/schema.org","@graph":[{"@type":"Article","@id":"https:\/\/dev.explora.cl\/tarapaca\/estudiantes-participaran-del-primer-congreso-virtual-de-ciencias-escolares-de-tarapaca\/#article","isPartOf":{"@id":"https:\/\/dev.explora.cl\/tarapaca\/estudiantes-participaran-del-primer-congreso-virtual-de-ciencias-escolares-de-tarapaca\/"},"author":{"name":"admintarapaca","@id":"https:\/\/dev.explora.cl\/tarapaca\/#\/schema\/person\/ca04f8a8f8e25243bd462d34eb1ca505"},"headline":"Estudiantes participar\u00e1n del primer congreso virtual de ciencias escolares de Tarapac\u00e1","datePublished":"2020-07-09T22:18:05+00:00","dateModified":"2020-09-10T15:52:19+00:00","mainEntityOfPage":{"@id":"https:\/\/dev.explora.cl\/tarapaca\/estudiantes-participaran-del-primer-congreso-virtual-de-ciencias-escolares-de-tarapaca\/"},"wordCount":482,"commentCount":0,"image":{"@id":"https:\/\/dev.explora.cl\/tarapaca\/estudiantes-participaran-del-primer-congreso-virtual-de-ciencias-escolares-de-tarapaca\/#primaryimage"},"thumbnailUrl":"https:\/\/dev.explora.cl\/tarapaca\/wp-content\/uploads\/sites\/3\/2020\/07\/Crecyt2018_chica.jpg","articleSection":["Noticias"],"inLanguage":"es-CL","potentialAction":[{"@type":"CommentAction","name":"Comment","target":["https:\/\/dev.explora.cl\/tarapaca\/estudiantes-participaran-del-primer-congreso-virtual-de-ciencias-escolares-de-tarapaca\/#respond"]}]},{"@type":"WebPage","@id":"https:\/\/dev.explora.cl\/tarapaca\/estudiantes-participaran-del-primer-congreso-virtual-de-ciencias-escolares-de-tarapaca\/","url":"https:\/\/dev.explora.cl\/tarapaca\/estudiantes-participaran-del-primer-congreso-virtual-de-ciencias-escolares-de-tarapaca\/","name":"Estudiantes participar\u00e1n del primer congreso virtual de ciencias escolares de Tarapac\u00e1 - Tarapaca","isPartOf":{"@id":"https:\/\/dev.explora.cl\/tarapaca\/#website"},"primaryImageOfPage":{"@id":"https:\/\/dev.explora.cl\/tarapaca\/estudiantes-participaran-del-primer-congreso-virtual-de-ciencias-escolares-de-tarapaca\/#primaryimage"},"image":{"@id":"https:\/\/dev.explora.cl\/tarapaca\/estudiantes-participaran-del-primer-congreso-virtual-de-ciencias-escolares-de-tarapaca\/#primaryimage"},"thumbnailUrl":"https:\/\/dev.explora.cl\/tarapaca\/wp-content\/uploads\/sites\/3\/2020\/07\/Crecyt2018_chica.jpg","datePublished":"2020-07-09T22:18:05+00:00","dateModified":"2020-09-10T15:52:19+00:00","author":{"@id":"https:\/\/dev.explora.cl\/tarapaca\/#\/schema\/person\/ca04f8a8f8e25243bd462d34eb1ca505"},"breadcrumb":{"@id":"https:\/\/dev.explora.cl\/tarapaca\/estudiantes-participaran-del-primer-congreso-virtual-de-ciencias-escolares-de-tarapaca\/#breadcrumb"},"inLanguage":"es-CL","potentialAction":[{"@type":"ReadAction","target":["https:\/\/dev.explora.cl\/tarapaca\/estudiantes-participaran-del-primer-congreso-virtual-de-ciencias-escolares-de-tarapaca\/"]}]},{"@type":"ImageObject","inLanguage":"es-CL","@id":"https:\/\/dev.explora.cl\/tarapaca\/estudiantes-participaran-del-primer-congreso-virtual-de-ciencias-escolares-de-tarapaca\/#primaryimage","url":"https:\/\/dev.explora.cl\/tarapaca\/wp-content\/uploads\/sites\/3\/2020\/07\/Crecyt2018_chica.jpg","contentUrl":"https:\/\/dev.explora.cl\/tarapaca\/wp-content\/uploads\/sites\/3\/2020\/07\/Crecyt2018_chica.jpg","width":1500,"height":1000},{"@type":"BreadcrumbList","@id":"https:\/\/dev.explora.cl\/tarapaca\/estudiantes-participaran-del-primer-congreso-virtual-de-ciencias-escolares-de-tarapaca\/#breadcrumb","itemListElement":[{"@type":"ListItem","position":1,"name":"Portada","item":"https:\/\/dev.explora.cl\/tarapaca\/"},{"@type":"ListItem","position":2,"name":"Estudiantes participar\u00e1n del primer congreso virtual de ciencias escolares de Tarapac\u00e1"}]},{"@type":"WebSite","@id":"https:\/\/dev.explora.cl\/tarapaca\/#website","url":"https:\/\/dev.explora.cl\/tarapaca\/","name":"Tarapaca","description":"Otro sitio m\u00e1s de dev.explora.cl","potentialAction":[{"@type":"SearchAction","target":{"@type":"EntryPoint","urlTemplate":"https:\/\/dev.explora.cl\/tarapaca\/?s={search_term_string}"},"query-input":{"@type":"PropertyValueSpecification","valueRequired":true,"valueName":"search_term_string"}}],"inLanguage":"es-CL"},{"@type":"Person","@id":"https:\/\/dev.explora.cl\/tarapaca\/#\/schema\/person\/ca04f8a8f8e25243bd462d34eb1ca505","name":"admintarapaca","image":{"@type":"ImageObject","inLanguage":"es-CL","@id":"https:\/\/dev.explora.cl\/tarapaca\/#\/schema\/person\/image\/","url":"https:\/\/secure.gravatar.com\/avatar\/8ff4762fabbf7a1732a126425c82d628f08ba754529d77a55358cbb74e14343f?s=96&d=mm&r=g","contentUrl":"https:\/\/secure.gravatar.com\/avatar\/8ff4762fabbf7a1732a126425c82d628f08ba754529d77a55358cbb74e14343f?s=96&d=mm&r=g","caption":"admintarapaca"},"url":"https:\/\/dev.explora.cl\/tarapaca\/author\/dolivares\/"}]}},"_links":{"self":[{"href":"https:\/\/dev.explora.cl\/tarapaca\/wp-json\/wp\/v2\/posts\/38843","targetHints":{"allow":["GET"]}}],"collection":[{"href":"https:\/\/dev.explora.cl\/tarapaca\/wp-json\/wp\/v2\/posts"}],"about":[{"href":"https:\/\/dev.explora.cl\/tarapaca\/wp-json\/wp\/v2\/types\/post"}],"author":[{"embeddable":true,"href":"https:\/\/dev.explora.cl\/tarapaca\/wp-json\/wp\/v2\/users\/18"}],"replies":[{"embeddable":true,"href":"https:\/\/dev.explora.cl\/tarapaca\/wp-json\/wp\/v2\/comments?post=38843"}],"version-history":[{"count":1,"href":"https:\/\/dev.explora.cl\/tarapaca\/wp-json\/wp\/v2\/posts\/38843\/revisions"}],"predecessor-version":[{"id":38845,"href":"https:\/\/dev.explora.cl\/tarapaca\/wp-json\/wp\/v2\/posts\/38843\/revisions\/38845"}],"wp:featuredmedia":[{"embeddable":true,"href":"https:\/\/dev.explora.cl\/tarapaca\/wp-json\/wp\/v2\/media\/38844"}],"wp:attachment":[{"href":"https:\/\/dev.explora.cl\/tarapaca\/wp-json\/wp\/v2\/media?parent=38843"}],"wp:term":[{"taxonomy":"category","embeddable":true,"href":"https:\/\/dev.explora.cl\/tarapaca\/wp-json\/wp\/v2\/categories?post=38843"},{"taxonomy":"post_tag","embeddable":true,"href":"https:\/\/dev.explora.cl\/tarapaca\/wp-json\/wp\/v2\/tags?post=38843"}],"curies":[{"name":"wp","href":"https:\/\/api.w.org\/{rel}","templated":true}]}}