{"id":38833,"date":"2020-06-26T17:13:00","date_gmt":"2020-06-26T21:13:00","guid":{"rendered":"https:\/\/dev.explora.cl\/tarapaca\/?p=38833"},"modified":"2020-09-09T12:05:17","modified_gmt":"2020-09-09T15:05:17","slug":"educadoras-se-capacitan-para-desarrollar-ciencias-de-forma-virtual-con-ninos-y-ninas-en-tiempos-de-pandemia","status":"publish","type":"post","link":"https:\/\/dev.explora.cl\/tarapaca\/educadoras-se-capacitan-para-desarrollar-ciencias-de-forma-virtual-con-ninos-y-ninas-en-tiempos-de-pandemia\/","title":{"rendered":"Educadoras se capacitan para desarrollar ciencias de manera virtual con ni\u00f1os y ni\u00f1as en tiempos de pandemia"},"content":{"rendered":"<p class=\"western\" align=\"justify\"><span style=\"color: #000000\"><span style=\"font-family: gobcl, serif\"><span lang=\"es-ES\"><i><b>* PAR Explora Tarapac\u00e1 reuni\u00f3 de forma virtual a 30 educadoras de 5 comunas de la regi\u00f3n para iniciar proceso de acompa\u00f1amiento en ciencias con ni\u00f1os y ni\u00f1as de distintos establecimientos educacionales. <\/b><\/i><\/span><\/span><\/span><\/p>\n<p class=\"western\" align=\"justify\"><a name=\"_GoBack\"><\/a><span style=\"color: #000000\"><span style=\"font-family: gobcl, serif\"><span lang=\"es-ES\">La tarde de este jueves 25 de junio el PAR Explora Tarapac\u00e1, del reciente Ministerio de Ciencia, Tecnolog\u00eda, Conocimiento e Innovaci\u00f3n y ejecutado por la Universidad de Tarapac\u00e1 Sede Iquique, realiz\u00f3 un importante encuentro con 30 educadoras de la Regi\u00f3n de Tarapac\u00e1 para capacitarlas en ciencias para desarrollar con educaci\u00f3n inicial. <\/span><\/span><\/span><\/p>\n<p class=\"western\" align=\"justify\"><span style=\"color: #000000\"><span style=\"font-family: gobcl, serif\"><span lang=\"es-ES\"> Esta primera capacitaci\u00f3n del Programa de Indagaci\u00f3n para Primeras Edades, PIPE, fue realizada a trav\u00e9s del programa de videollamadas ZOOM y cont\u00f3 con la participaron de educadoras de Pica, Pozo Almonte, Huara, Alto Hospicio e Iquique, adem\u00e1s de las caletas \u201cChanavayita\u201d y \u201cSan Marcos\u201d, gracias a un trabajo conjunto con JUNJI, Fundaci\u00f3n Integra, Cormudesi, jardines particulares y escuelas de lenguaje. Este encuentro realizado permite proyectar el trabajo anual a trav\u00e9s de la comunicaci\u00f3n telem\u00e1tica y tiene como objetivo principal para Explora \u201cfortalecer las competencias cient\u00edficas de los equipos pedag\u00f3gicos de educaci\u00f3n parvularia\u201d. La Encargada PIPE de Explora Tarapac\u00e1, Iris Scopinich precis\u00f3 que \u201cnos alegra conocer del inter\u00e9s permanente que han tenido las profesionales de educaci\u00f3n inicial, a pesar de la pandemia, y las ganas de seguir aprendiendo para obtener nuevas herramientas para el trabajo con ni\u00f1os y ni\u00f1as\u201d. Durante el desarrollo de este primer encuentro se realizaron tres exposiciones: \u201c\u00bfQu\u00e9 es ciencia?\u201d, \u201cMetodolog\u00eda indagatoria\u201d y \u201cExperimentar para responder preguntas\u201d, contenidos sobre los cuales seguir\u00e1n profundizando en nuevos talleres.<\/span><\/span><\/span><\/p>\n<p class=\"western\" align=\"justify\"><span style=\"color: #000000\"><span style=\"font-family: gobcl, serif\"><span lang=\"es-ES\"> El encuentro cont\u00f3 con la participaci\u00f3n virtual de la Seremi de Ciencia de la Macrozona Norte, Margarita Lay; con el saludo de la directora nacional del Programa Explora, Marcela Colombres y el mensaje de la directora acad\u00e9mica Sede Iquique de la Universidad de Tarapac\u00e1, Ang\u00e9lica Cazenave, quienes motivaron a las participantes. <\/span><\/span><\/span><\/p>\n<p class=\"western\" align=\"justify\"><span style=\"color: #000000\"><span style=\"font-family: gobcl, serif\"><span lang=\"es-ES\"> Por su parte, la Directora del PAR Explora Tarapac\u00e1, Valeska Zepeda, coment\u00f3: \u201cesta actividad deja en evidencia el inter\u00e9s y la motivaci\u00f3n de las educadoras, pero adem\u00e1s deja constancia que desde el Ministerio de Ciencia y la Universidad de Tarapac\u00e1 Sede Iquique conf\u00edan en el trabajo que estamos desarrollando, lo que implica llevar a cabo acciones que hemos tenido que reformular seg\u00fan contexto actual para seguir fortaleciendo el desarrollo de la cultura cient\u00edfica y tecnol\u00f3gica en nuestra regi\u00f3n especialmente hacia la comunidad educativa\u201d.<\/span><\/span><\/span><\/p>\n<p class=\"western\" align=\"justify\"><span style=\"color: #000000\"><span style=\"font-family: gobcl, serif\"><span lang=\"es-ES\"> Desde marzo en adelante el PAR Explora Tarapac\u00e1 ha venido desarrollando una serie de actividades virtuales abiertas para la comunidad y otras que est\u00e1n orientadas a p\u00fablicos espec\u00edficos.<\/span><\/span><\/span><\/p>\n<p align=\"justify\"><img loading=\"lazy\" decoding=\"async\" class=\"aligncenter wp-image-38834 size-full\" src=\"https:\/\/dev.explora.cl\/tarapaca\/wp-content\/uploads\/sites\/3\/2020\/06\/ForoPipe_fotogrupal.png\" alt=\"Participantes del Foro Virtual PIPE\" width=\"1006\" height=\"922\" srcset=\"https:\/\/dev.explora.cl\/tarapaca\/wp-content\/uploads\/sites\/3\/2020\/06\/ForoPipe_fotogrupal.png 1006w, https:\/\/dev.explora.cl\/tarapaca\/wp-content\/uploads\/sites\/3\/2020\/06\/ForoPipe_fotogrupal-300x275.png 300w, https:\/\/dev.explora.cl\/tarapaca\/wp-content\/uploads\/sites\/3\/2020\/06\/ForoPipe_fotogrupal-768x704.png 768w\" sizes=\"auto, (max-width: 1006px) 100vw, 1006px\" \/><\/p>\n","protected":false},"excerpt":{"rendered":"<p>* PAR Explora Tarapac\u00e1 reuni\u00f3 de forma virtual a 30 educadoras de 5 comunas de la regi\u00f3n para iniciar proceso de acompa\u00f1amiento en ciencias con ni\u00f1os y ni\u00f1as de distintos establecimientos educacionales. La tarde de este jueves 25 de junio el PAR Explora Tarapac\u00e1, del reciente Ministerio de Ciencia, Tecnolog\u00eda, Conocimiento e Innovaci\u00f3n y ejecutado [&hellip;]<\/p>\n","protected":false},"author":18,"featured_media":38834,"comment_status":"open","ping_status":"open","sticky":false,"template":"","format":"standard","meta":{"_acf_changed":false,"_exactmetrics_skip_tracking":false,"_exactmetrics_sitenote_active":false,"_exactmetrics_sitenote_note":"","_exactmetrics_sitenote_category":0,"footnotes":"","_links_to":"","_links_to_target":""},"categories":[4],"tags":[23,155,181,182,157,183],"class_list":["post-38833","post","type-post","status-publish","format-standard","has-post-thumbnail","hentry","category-noticias","tag-explora","tag-iquique","tag-ministerio-de-ciencia","tag-pipe","tag-tarapaca","tag-uta"],"acf":[],"yoast_head":"<!-- This site is optimized with the Yoast SEO plugin v26.7 - https:\/\/yoast.com\/wordpress\/plugins\/seo\/ -->\n<title>Educadoras se capacitan para desarrollar ciencias de manera virtual con ni\u00f1os y ni\u00f1as en tiempos de pandemia - Tarapaca<\/title>\n<meta name=\"robots\" content=\"index, follow, max-snippet:-1, max-image-preview:large, max-video-preview:-1\" \/>\n<link rel=\"canonical\" href=\"https:\/\/dev.explora.cl\/tarapaca\/educadoras-se-capacitan-para-desarrollar-ciencias-de-forma-virtual-con-ninos-y-ninas-en-tiempos-de-pandemia\/\" class=\"yoast-seo-meta-tag\" \/>\n<meta property=\"og:locale\" content=\"es_ES\" class=\"yoast-seo-meta-tag\" \/>\n<meta property=\"og:type\" content=\"article\" class=\"yoast-seo-meta-tag\" \/>\n<meta property=\"og:title\" content=\"Educadoras se capacitan para desarrollar ciencias de manera virtual con ni\u00f1os y ni\u00f1as en tiempos de pandemia - Tarapaca\" class=\"yoast-seo-meta-tag\" \/>\n<meta property=\"og:description\" content=\"* PAR Explora Tarapac\u00e1 reuni\u00f3 de forma virtual a 30 educadoras de 5 comunas de la regi\u00f3n para iniciar proceso de acompa\u00f1amiento en ciencias con ni\u00f1os y ni\u00f1as de distintos establecimientos educacionales. La tarde de este jueves 25 de junio el PAR Explora Tarapac\u00e1, del reciente Ministerio de Ciencia, Tecnolog\u00eda, Conocimiento e Innovaci\u00f3n y ejecutado [&hellip;]\" class=\"yoast-seo-meta-tag\" \/>\n<meta property=\"og:url\" content=\"https:\/\/dev.explora.cl\/tarapaca\/educadoras-se-capacitan-para-desarrollar-ciencias-de-forma-virtual-con-ninos-y-ninas-en-tiempos-de-pandemia\/\" class=\"yoast-seo-meta-tag\" \/>\n<meta property=\"og:site_name\" content=\"Tarapaca\" class=\"yoast-seo-meta-tag\" \/>\n<meta property=\"article:published_time\" content=\"2020-06-26T21:13:00+00:00\" class=\"yoast-seo-meta-tag\" \/>\n<meta property=\"article:modified_time\" content=\"2020-09-09T15:05:17+00:00\" class=\"yoast-seo-meta-tag\" \/>\n<meta property=\"og:image\" content=\"https:\/\/dev.explora.cl\/tarapaca\/wp-content\/uploads\/sites\/3\/2020\/06\/ForoPipe_fotogrupal.png\" class=\"yoast-seo-meta-tag\" \/>\n\t<meta property=\"og:image:width\" content=\"1006\" class=\"yoast-seo-meta-tag\" \/>\n\t<meta property=\"og:image:height\" content=\"922\" class=\"yoast-seo-meta-tag\" \/>\n\t<meta property=\"og:image:type\" content=\"image\/png\" class=\"yoast-seo-meta-tag\" \/>\n<meta name=\"author\" content=\"admintarapaca\" class=\"yoast-seo-meta-tag\" \/>\n<meta name=\"twitter:card\" content=\"summary_large_image\" class=\"yoast-seo-meta-tag\" \/>\n<meta name=\"twitter:label1\" content=\"Escrito por\" class=\"yoast-seo-meta-tag\" \/>\n\t<meta name=\"twitter:data1\" content=\"admintarapaca\" class=\"yoast-seo-meta-tag\" \/>\n\t<meta name=\"twitter:label2\" content=\"Tiempo estimado de lectura\" class=\"yoast-seo-meta-tag\" \/>\n\t<meta name=\"twitter:data2\" content=\"2 minutos\" class=\"yoast-seo-meta-tag\" \/>\n<script type=\"application\/ld+json\" class=\"yoast-schema-graph\">{\"@context\":\"https:\/\/schema.org\",\"@graph\":[{\"@type\":\"Article\",\"@id\":\"https:\/\/dev.explora.cl\/tarapaca\/educadoras-se-capacitan-para-desarrollar-ciencias-de-forma-virtual-con-ninos-y-ninas-en-tiempos-de-pandemia\/#article\",\"isPartOf\":{\"@id\":\"https:\/\/dev.explora.cl\/tarapaca\/educadoras-se-capacitan-para-desarrollar-ciencias-de-forma-virtual-con-ninos-y-ninas-en-tiempos-de-pandemia\/\"},\"author\":{\"name\":\"admintarapaca\",\"@id\":\"https:\/\/dev.explora.cl\/tarapaca\/#\/schema\/person\/ca04f8a8f8e25243bd462d34eb1ca505\"},\"headline\":\"Educadoras se capacitan para desarrollar ciencias de manera virtual con ni\u00f1os y ni\u00f1as en tiempos de pandemia\",\"datePublished\":\"2020-06-26T21:13:00+00:00\",\"dateModified\":\"2020-09-09T15:05:17+00:00\",\"mainEntityOfPage\":{\"@id\":\"https:\/\/dev.explora.cl\/tarapaca\/educadoras-se-capacitan-para-desarrollar-ciencias-de-forma-virtual-con-ninos-y-ninas-en-tiempos-de-pandemia\/\"},\"wordCount\":466,\"commentCount\":0,\"image\":{\"@id\":\"https:\/\/dev.explora.cl\/tarapaca\/educadoras-se-capacitan-para-desarrollar-ciencias-de-forma-virtual-con-ninos-y-ninas-en-tiempos-de-pandemia\/#primaryimage\"},\"thumbnailUrl\":\"https:\/\/dev.explora.cl\/tarapaca\/wp-content\/uploads\/sites\/3\/2020\/06\/ForoPipe_fotogrupal.png\",\"keywords\":[\"EXPLORA\",\"iquique,\",\"Ministerio de Ciencia\",\"PIPE\",\"tarapac\u00e1,\",\"UTA\"],\"articleSection\":[\"Noticias\"],\"inLanguage\":\"es-CL\",\"potentialAction\":[{\"@type\":\"CommentAction\",\"name\":\"Comment\",\"target\":[\"https:\/\/dev.explora.cl\/tarapaca\/educadoras-se-capacitan-para-desarrollar-ciencias-de-forma-virtual-con-ninos-y-ninas-en-tiempos-de-pandemia\/#respond\"]}]},{\"@type\":\"WebPage\",\"@id\":\"https:\/\/dev.explora.cl\/tarapaca\/educadoras-se-capacitan-para-desarrollar-ciencias-de-forma-virtual-con-ninos-y-ninas-en-tiempos-de-pandemia\/\",\"url\":\"https:\/\/dev.explora.cl\/tarapaca\/educadoras-se-capacitan-para-desarrollar-ciencias-de-forma-virtual-con-ninos-y-ninas-en-tiempos-de-pandemia\/\",\"name\":\"Educadoras se capacitan para desarrollar ciencias de manera virtual con ni\u00f1os y ni\u00f1as en tiempos de pandemia - Tarapaca\",\"isPartOf\":{\"@id\":\"https:\/\/dev.explora.cl\/tarapaca\/#website\"},\"primaryImageOfPage\":{\"@id\":\"https:\/\/dev.explora.cl\/tarapaca\/educadoras-se-capacitan-para-desarrollar-ciencias-de-forma-virtual-con-ninos-y-ninas-en-tiempos-de-pandemia\/#primaryimage\"},\"image\":{\"@id\":\"https:\/\/dev.explora.cl\/tarapaca\/educadoras-se-capacitan-para-desarrollar-ciencias-de-forma-virtual-con-ninos-y-ninas-en-tiempos-de-pandemia\/#primaryimage\"},\"thumbnailUrl\":\"https:\/\/dev.explora.cl\/tarapaca\/wp-content\/uploads\/sites\/3\/2020\/06\/ForoPipe_fotogrupal.png\",\"datePublished\":\"2020-06-26T21:13:00+00:00\",\"dateModified\":\"2020-09-09T15:05:17+00:00\",\"author\":{\"@id\":\"https:\/\/dev.explora.cl\/tarapaca\/#\/schema\/person\/ca04f8a8f8e25243bd462d34eb1ca505\"},\"breadcrumb\":{\"@id\":\"https:\/\/dev.explora.cl\/tarapaca\/educadoras-se-capacitan-para-desarrollar-ciencias-de-forma-virtual-con-ninos-y-ninas-en-tiempos-de-pandemia\/#breadcrumb\"},\"inLanguage\":\"es-CL\",\"potentialAction\":[{\"@type\":\"ReadAction\",\"target\":[\"https:\/\/dev.explora.cl\/tarapaca\/educadoras-se-capacitan-para-desarrollar-ciencias-de-forma-virtual-con-ninos-y-ninas-en-tiempos-de-pandemia\/\"]}]},{\"@type\":\"ImageObject\",\"inLanguage\":\"es-CL\",\"@id\":\"https:\/\/dev.explora.cl\/tarapaca\/educadoras-se-capacitan-para-desarrollar-ciencias-de-forma-virtual-con-ninos-y-ninas-en-tiempos-de-pandemia\/#primaryimage\",\"url\":\"https:\/\/dev.explora.cl\/tarapaca\/wp-content\/uploads\/sites\/3\/2020\/06\/ForoPipe_fotogrupal.png\",\"contentUrl\":\"https:\/\/dev.explora.cl\/tarapaca\/wp-content\/uploads\/sites\/3\/2020\/06\/ForoPipe_fotogrupal.png\",\"width\":1006,\"height\":922},{\"@type\":\"BreadcrumbList\",\"@id\":\"https:\/\/dev.explora.cl\/tarapaca\/educadoras-se-capacitan-para-desarrollar-ciencias-de-forma-virtual-con-ninos-y-ninas-en-tiempos-de-pandemia\/#breadcrumb\",\"itemListElement\":[{\"@type\":\"ListItem\",\"position\":1,\"name\":\"Portada\",\"item\":\"https:\/\/dev.explora.cl\/tarapaca\/\"},{\"@type\":\"ListItem\",\"position\":2,\"name\":\"Educadoras se capacitan para desarrollar ciencias de manera virtual con ni\u00f1os y ni\u00f1as en tiempos de pandemia\"}]},{\"@type\":\"WebSite\",\"@id\":\"https:\/\/dev.explora.cl\/tarapaca\/#website\",\"url\":\"https:\/\/dev.explora.cl\/tarapaca\/\",\"name\":\"Tarapaca\",\"description\":\"Otro sitio m\u00e1s de dev.explora.cl\",\"potentialAction\":[{\"@type\":\"SearchAction\",\"target\":{\"@type\":\"EntryPoint\",\"urlTemplate\":\"https:\/\/dev.explora.cl\/tarapaca\/?s={search_term_string}\"},\"query-input\":{\"@type\":\"PropertyValueSpecification\",\"valueRequired\":true,\"valueName\":\"search_term_string\"}}],\"inLanguage\":\"es-CL\"},{\"@type\":\"Person\",\"@id\":\"https:\/\/dev.explora.cl\/tarapaca\/#\/schema\/person\/ca04f8a8f8e25243bd462d34eb1ca505\",\"name\":\"admintarapaca\",\"image\":{\"@type\":\"ImageObject\",\"inLanguage\":\"es-CL\",\"@id\":\"https:\/\/dev.explora.cl\/tarapaca\/#\/schema\/person\/image\/\",\"url\":\"https:\/\/secure.gravatar.com\/avatar\/8ff4762fabbf7a1732a126425c82d628f08ba754529d77a55358cbb74e14343f?s=96&d=mm&r=g\",\"contentUrl\":\"https:\/\/secure.gravatar.com\/avatar\/8ff4762fabbf7a1732a126425c82d628f08ba754529d77a55358cbb74e14343f?s=96&d=mm&r=g\",\"caption\":\"admintarapaca\"},\"url\":\"https:\/\/dev.explora.cl\/tarapaca\/author\/dolivares\/\"}]}<\/script>\n<!-- \/ Yoast SEO plugin. -->","yoast_head_json":{"title":"Educadoras se capacitan para desarrollar ciencias de manera virtual con ni\u00f1os y ni\u00f1as en tiempos de pandemia - Tarapaca","robots":{"index":"index","follow":"follow","max-snippet":"max-snippet:-1","max-image-preview":"max-image-preview:large","max-video-preview":"max-video-preview:-1"},"canonical":"https:\/\/dev.explora.cl\/tarapaca\/educadoras-se-capacitan-para-desarrollar-ciencias-de-forma-virtual-con-ninos-y-ninas-en-tiempos-de-pandemia\/","og_locale":"es_ES","og_type":"article","og_title":"Educadoras se capacitan para desarrollar ciencias de manera virtual con ni\u00f1os y ni\u00f1as en tiempos de pandemia - Tarapaca","og_description":"* PAR Explora Tarapac\u00e1 reuni\u00f3 de forma virtual a 30 educadoras de 5 comunas de la regi\u00f3n para iniciar proceso de acompa\u00f1amiento en ciencias con ni\u00f1os y ni\u00f1as de distintos establecimientos educacionales. La tarde de este jueves 25 de junio el PAR Explora Tarapac\u00e1, del reciente Ministerio de Ciencia, Tecnolog\u00eda, Conocimiento e Innovaci\u00f3n y ejecutado [&hellip;]","og_url":"https:\/\/dev.explora.cl\/tarapaca\/educadoras-se-capacitan-para-desarrollar-ciencias-de-forma-virtual-con-ninos-y-ninas-en-tiempos-de-pandemia\/","og_site_name":"Tarapaca","article_published_time":"2020-06-26T21:13:00+00:00","article_modified_time":"2020-09-09T15:05:17+00:00","og_image":[{"width":1006,"height":922,"url":"https:\/\/dev.explora.cl\/tarapaca\/wp-content\/uploads\/sites\/3\/2020\/06\/ForoPipe_fotogrupal.png","type":"image\/png"}],"author":"admintarapaca","twitter_card":"summary_large_image","twitter_misc":{"Escrito por":"admintarapaca","Tiempo estimado de lectura":"2 minutos"},"schema":{"@context":"https:\/\/schema.org","@graph":[{"@type":"Article","@id":"https:\/\/dev.explora.cl\/tarapaca\/educadoras-se-capacitan-para-desarrollar-ciencias-de-forma-virtual-con-ninos-y-ninas-en-tiempos-de-pandemia\/#article","isPartOf":{"@id":"https:\/\/dev.explora.cl\/tarapaca\/educadoras-se-capacitan-para-desarrollar-ciencias-de-forma-virtual-con-ninos-y-ninas-en-tiempos-de-pandemia\/"},"author":{"name":"admintarapaca","@id":"https:\/\/dev.explora.cl\/tarapaca\/#\/schema\/person\/ca04f8a8f8e25243bd462d34eb1ca505"},"headline":"Educadoras se capacitan para desarrollar ciencias de manera virtual con ni\u00f1os y ni\u00f1as en tiempos de pandemia","datePublished":"2020-06-26T21:13:00+00:00","dateModified":"2020-09-09T15:05:17+00:00","mainEntityOfPage":{"@id":"https:\/\/dev.explora.cl\/tarapaca\/educadoras-se-capacitan-para-desarrollar-ciencias-de-forma-virtual-con-ninos-y-ninas-en-tiempos-de-pandemia\/"},"wordCount":466,"commentCount":0,"image":{"@id":"https:\/\/dev.explora.cl\/tarapaca\/educadoras-se-capacitan-para-desarrollar-ciencias-de-forma-virtual-con-ninos-y-ninas-en-tiempos-de-pandemia\/#primaryimage"},"thumbnailUrl":"https:\/\/dev.explora.cl\/tarapaca\/wp-content\/uploads\/sites\/3\/2020\/06\/ForoPipe_fotogrupal.png","keywords":["EXPLORA","iquique,","Ministerio de Ciencia","PIPE","tarapac\u00e1,","UTA"],"articleSection":["Noticias"],"inLanguage":"es-CL","potentialAction":[{"@type":"CommentAction","name":"Comment","target":["https:\/\/dev.explora.cl\/tarapaca\/educadoras-se-capacitan-para-desarrollar-ciencias-de-forma-virtual-con-ninos-y-ninas-en-tiempos-de-pandemia\/#respond"]}]},{"@type":"WebPage","@id":"https:\/\/dev.explora.cl\/tarapaca\/educadoras-se-capacitan-para-desarrollar-ciencias-de-forma-virtual-con-ninos-y-ninas-en-tiempos-de-pandemia\/","url":"https:\/\/dev.explora.cl\/tarapaca\/educadoras-se-capacitan-para-desarrollar-ciencias-de-forma-virtual-con-ninos-y-ninas-en-tiempos-de-pandemia\/","name":"Educadoras se capacitan para desarrollar ciencias de manera virtual con ni\u00f1os y ni\u00f1as en tiempos de pandemia - Tarapaca","isPartOf":{"@id":"https:\/\/dev.explora.cl\/tarapaca\/#website"},"primaryImageOfPage":{"@id":"https:\/\/dev.explora.cl\/tarapaca\/educadoras-se-capacitan-para-desarrollar-ciencias-de-forma-virtual-con-ninos-y-ninas-en-tiempos-de-pandemia\/#primaryimage"},"image":{"@id":"https:\/\/dev.explora.cl\/tarapaca\/educadoras-se-capacitan-para-desarrollar-ciencias-de-forma-virtual-con-ninos-y-ninas-en-tiempos-de-pandemia\/#primaryimage"},"thumbnailUrl":"https:\/\/dev.explora.cl\/tarapaca\/wp-content\/uploads\/sites\/3\/2020\/06\/ForoPipe_fotogrupal.png","datePublished":"2020-06-26T21:13:00+00:00","dateModified":"2020-09-09T15:05:17+00:00","author":{"@id":"https:\/\/dev.explora.cl\/tarapaca\/#\/schema\/person\/ca04f8a8f8e25243bd462d34eb1ca505"},"breadcrumb":{"@id":"https:\/\/dev.explora.cl\/tarapaca\/educadoras-se-capacitan-para-desarrollar-ciencias-de-forma-virtual-con-ninos-y-ninas-en-tiempos-de-pandemia\/#breadcrumb"},"inLanguage":"es-CL","potentialAction":[{"@type":"ReadAction","target":["https:\/\/dev.explora.cl\/tarapaca\/educadoras-se-capacitan-para-desarrollar-ciencias-de-forma-virtual-con-ninos-y-ninas-en-tiempos-de-pandemia\/"]}]},{"@type":"ImageObject","inLanguage":"es-CL","@id":"https:\/\/dev.explora.cl\/tarapaca\/educadoras-se-capacitan-para-desarrollar-ciencias-de-forma-virtual-con-ninos-y-ninas-en-tiempos-de-pandemia\/#primaryimage","url":"https:\/\/dev.explora.cl\/tarapaca\/wp-content\/uploads\/sites\/3\/2020\/06\/ForoPipe_fotogrupal.png","contentUrl":"https:\/\/dev.explora.cl\/tarapaca\/wp-content\/uploads\/sites\/3\/2020\/06\/ForoPipe_fotogrupal.png","width":1006,"height":922},{"@type":"BreadcrumbList","@id":"https:\/\/dev.explora.cl\/tarapaca\/educadoras-se-capacitan-para-desarrollar-ciencias-de-forma-virtual-con-ninos-y-ninas-en-tiempos-de-pandemia\/#breadcrumb","itemListElement":[{"@type":"ListItem","position":1,"name":"Portada","item":"https:\/\/dev.explora.cl\/tarapaca\/"},{"@type":"ListItem","position":2,"name":"Educadoras se capacitan para desarrollar ciencias de manera virtual con ni\u00f1os y ni\u00f1as en tiempos de pandemia"}]},{"@type":"WebSite","@id":"https:\/\/dev.explora.cl\/tarapaca\/#website","url":"https:\/\/dev.explora.cl\/tarapaca\/","name":"Tarapaca","description":"Otro sitio m\u00e1s de dev.explora.cl","potentialAction":[{"@type":"SearchAction","target":{"@type":"EntryPoint","urlTemplate":"https:\/\/dev.explora.cl\/tarapaca\/?s={search_term_string}"},"query-input":{"@type":"PropertyValueSpecification","valueRequired":true,"valueName":"search_term_string"}}],"inLanguage":"es-CL"},{"@type":"Person","@id":"https:\/\/dev.explora.cl\/tarapaca\/#\/schema\/person\/ca04f8a8f8e25243bd462d34eb1ca505","name":"admintarapaca","image":{"@type":"ImageObject","inLanguage":"es-CL","@id":"https:\/\/dev.explora.cl\/tarapaca\/#\/schema\/person\/image\/","url":"https:\/\/secure.gravatar.com\/avatar\/8ff4762fabbf7a1732a126425c82d628f08ba754529d77a55358cbb74e14343f?s=96&d=mm&r=g","contentUrl":"https:\/\/secure.gravatar.com\/avatar\/8ff4762fabbf7a1732a126425c82d628f08ba754529d77a55358cbb74e14343f?s=96&d=mm&r=g","caption":"admintarapaca"},"url":"https:\/\/dev.explora.cl\/tarapaca\/author\/dolivares\/"}]}},"_links":{"self":[{"href":"https:\/\/dev.explora.cl\/tarapaca\/wp-json\/wp\/v2\/posts\/38833","targetHints":{"allow":["GET"]}}],"collection":[{"href":"https:\/\/dev.explora.cl\/tarapaca\/wp-json\/wp\/v2\/posts"}],"about":[{"href":"https:\/\/dev.explora.cl\/tarapaca\/wp-json\/wp\/v2\/types\/post"}],"author":[{"embeddable":true,"href":"https:\/\/dev.explora.cl\/tarapaca\/wp-json\/wp\/v2\/users\/18"}],"replies":[{"embeddable":true,"href":"https:\/\/dev.explora.cl\/tarapaca\/wp-json\/wp\/v2\/comments?post=38833"}],"version-history":[{"count":6,"href":"https:\/\/dev.explora.cl\/tarapaca\/wp-json\/wp\/v2\/posts\/38833\/revisions"}],"predecessor-version":[{"id":38840,"href":"https:\/\/dev.explora.cl\/tarapaca\/wp-json\/wp\/v2\/posts\/38833\/revisions\/38840"}],"wp:featuredmedia":[{"embeddable":true,"href":"https:\/\/dev.explora.cl\/tarapaca\/wp-json\/wp\/v2\/media\/38834"}],"wp:attachment":[{"href":"https:\/\/dev.explora.cl\/tarapaca\/wp-json\/wp\/v2\/media?parent=38833"}],"wp:term":[{"taxonomy":"category","embeddable":true,"href":"https:\/\/dev.explora.cl\/tarapaca\/wp-json\/wp\/v2\/categories?post=38833"},{"taxonomy":"post_tag","embeddable":true,"href":"https:\/\/dev.explora.cl\/tarapaca\/wp-json\/wp\/v2\/tags?post=38833"}],"curies":[{"name":"wp","href":"https:\/\/api.w.org\/{rel}","templated":true}]}}