{"id":38828,"date":"2020-05-11T16:33:10","date_gmt":"2020-05-11T20:33:10","guid":{"rendered":"https:\/\/dev.explora.cl\/tarapaca\/?p=38828"},"modified":"2020-09-03T19:20:33","modified_gmt":"2020-09-03T23:20:33","slug":"seremi-de-ciencia-de-la-macrozona-norte-invita-a-participar-de-los-webinars-para-avanzar-en-la-politica-de-inteligencia-artificial","status":"publish","type":"post","link":"https:\/\/dev.explora.cl\/tarapaca\/seremi-de-ciencia-de-la-macrozona-norte-invita-a-participar-de-los-webinars-para-avanzar-en-la-politica-de-inteligencia-artificial\/","title":{"rendered":"Seremi de Ciencia de la Macrozona Norte invita a participar de los webinars para avanzar en la Pol\u00edtica de Inteligencia Artificial"},"content":{"rendered":"<p align=\"justify\"><span style=\"font-family: Arial, serif\"><span style=\"font-size: medium\"><b>El uso de nuevas tecnolog\u00edas en salud, c\u00f3mo impacta la inteligencia artificial en los m\u00e9todos de aprendizaje o en el emprendimiento, son algunos de los temas que abordar\u00e1n los especialistas en los encuentros remotos que inician el 12 de mayo.<\/b><\/span><\/span><\/p>\n<p align=\"justify\"><span style=\"font-family: Arial, serif\">A ra\u00edz de la emergencia sanitaria en el pa\u00eds por el Covid-19, el Ministerio de Ciencia, Tecnolog\u00eda, Conocimiento e Innovaci\u00f3n, ampli\u00f3 el proceso de Participaci\u00f3n Ciudadana de la Pol\u00edtica de Inteligencia Artificial para seguir recogiendo las percepciones, puntos de vista y opiniones de la ciudadan\u00eda en este nuevo contexto.<\/span><\/p>\n<p align=\"justify\"><span style=\"font-family: Arial, serif\">Con el objetivo de acercar los usos y alcances de la inteligencia artificial a las personas, <b>desde este martes 12 de mayo el Ministerio de Ciencia impulsar\u00e1 junto a ANID un ciclo de reuniones tem\u00e1ticas virtuales y webinars para discutir temas relacionados a esta tecnolog\u00eda <\/b>que tienen incidencia en la pol\u00edtica p\u00fablica y en la vida de las personas, como la salud, educaci\u00f3n, privacidad, emprendimiento, cultura, entre otros. <\/span><\/p>\n<p align=\"justify\"><span style=\"font-family: Arial, serif\">Las reuniones ser\u00e1n lideradas por el Equipo Futuro del Ministerio de Ciencia junto a un experto o experta invitado que ahondar\u00e1 en cada tema, y contar\u00e1n con un espacio de preguntas y comentarios de los asistentes con el fin de recabar opiniones y aportes que enriquezcan la pol\u00edtica. Estas se realizar\u00e1n una vez por semana por la plataforma Zoom a trav\u00e9s de un link que ser\u00e1 difundido previamente en las redes sociales del Ministerio, indic\u00f3, la Seremi de Ciencia Macrozona norte, <b>Dra. Margarita Lay<\/b>. <\/span><\/p>\n<p align=\"justify\"><span style=\"font-family: Arial, serif\">Si bien las instancias presenciales de este proceso -como mesas de trabajo auto-convocadas y seminarios en distintas regiones del pa\u00eds- no podr\u00e1n realizarse mientras dure la emergencia sanitaria, el <b>Ministerio de Ciencia facilitar\u00e1 la entrega de material, metodolog\u00eda y lineamientos para que personas y organizaciones puedan convocar di\u00e1logos participativos virtuales en torno a la Pol\u00edtica de IA.<\/b> Adem\u00e1s, se mantendr\u00e1 abierta la recepci\u00f3n de documentos de trabajo a trav\u00e9s de <span style=\"color: #1155cc\"><u><a href=\"http:\/\/www.minciencia.cl\/politicaIA\">www.minciencia.cl\/politicaIA<\/a><\/u><\/span> hasta el 30 de agosto.<\/span><\/p>\n<p align=\"justify\"><span style=\"font-family: Arial, serif\">Cabe destacar tambi\u00e9n, que el trabajo para la redacci\u00f3n de la Pol\u00edtica de Inteligencia Artificial, contin\u00faa desarroll\u00e1ndose de manera no presencial tambi\u00e9n en las otras instancias de discusi\u00f3n, como son el comit\u00e9 de expertos y el comit\u00e9 interministerial, que se re\u00fanen peri\u00f3dicamente de manera remota. La calendarizaci\u00f3n de este proceso se eval\u00faa constantemente dependiendo de la evoluci\u00f3n de la emergencia sanitaria en el pa\u00eds. <\/span><\/p>\n<p><span style=\"font-family: Arial, serif\"><u><b>Participa en los webinar de discusi\u00f3n sobre la Pol\u00edtica de IA<\/b><\/u><\/span><\/p>\n<ul>\n<li><span style=\"font-family: Arial, serif\"><b>Webinar: &#8220;Innovando y emprendiendo con Inteligencia Artificial. El caso de Eniax: IA al servicio de los pacientes&#8221;, <\/b>Martes 12 de mayo 18:00 horas.<\/span><\/li>\n<\/ul>\n<p><span style=\"font-family: Arial, serif\">Invitado: Milan Djidara, Ingeniero de Software y Gerente general de Eniax.<\/span><\/p>\n<ul>\n<li><span style=\"font-family: Arial, serif\"><b>Webinar: \u201cFormas de escritura e imaginaci\u00f3n en tiempos digitales. C\u00f3mo la literatura abre preguntas sobre nuestra relaci\u00f3n con la IA\u201d<\/b>, Martes 19 de Mayo, 18:00 horas.<\/span><\/li>\n<\/ul>\n<p><span style=\"font-family: Arial, serif\">Invitada: Carolina Gainza, Profesora Asociada Escuela de Literatura Creativa de la Universidad Diego Portales y directora del Laboratorio de investigaci\u00f3n en cultura digital UDP.<\/span><\/p>\n<ul>\n<li><span style=\"font-family: Arial, serif\"><b>Webinar: \u201cUtilizando la inteligencia artificial al servicio de los cuidados de la salud\u201d, <\/b>Martes 26 de mayo, 18:00 horas<\/span><\/li>\n<\/ul>\n<p><span style=\"font-family: Arial, serif\">Invitado: Dr. Juan D. Vel\u00e1squez, Departamento de Ingenier\u00eda Industrial, U de Chile e Investigador del Instituto Sistemas Complejos de Ingenier\u00eda.<\/span><\/p>\n","protected":false},"excerpt":{"rendered":"<p>El uso de nuevas tecnolog\u00edas en salud, c\u00f3mo impacta la inteligencia artificial en los m\u00e9todos de aprendizaje o en el emprendimiento, son algunos de los temas que abordar\u00e1n los especialistas en los encuentros remotos que inician el 12 de mayo. A ra\u00edz de la emergencia sanitaria en el pa\u00eds por el Covid-19, el Ministerio de [&hellip;]<\/p>\n","protected":false},"author":18,"featured_media":38830,"comment_status":"open","ping_status":"open","sticky":false,"template":"","format":"standard","meta":{"_acf_changed":false,"_exactmetrics_skip_tracking":false,"_exactmetrics_sitenote_active":false,"_exactmetrics_sitenote_note":"","_exactmetrics_sitenote_category":0,"footnotes":"","_links_to":"","_links_to_target":""},"categories":[4],"tags":[179,180,181],"class_list":["post-38828","post","type-post","status-publish","format-standard","has-post-thumbnail","hentry","category-noticias","tag-inteligencia-artificial","tag-macrozona-norte","tag-ministerio-de-ciencia"],"acf":[],"yoast_head":"<!-- This site is optimized with the Yoast SEO plugin v26.7 - https:\/\/yoast.com\/wordpress\/plugins\/seo\/ -->\n<title>Seremi de Ciencia de la Macrozona Norte invita a participar de los webinars para avanzar en la Pol\u00edtica de Inteligencia Artificial - Tarapaca<\/title>\n<meta name=\"robots\" content=\"index, follow, max-snippet:-1, max-image-preview:large, max-video-preview:-1\" \/>\n<link rel=\"canonical\" href=\"https:\/\/dev.explora.cl\/tarapaca\/seremi-de-ciencia-de-la-macrozona-norte-invita-a-participar-de-los-webinars-para-avanzar-en-la-politica-de-inteligencia-artificial\/\" class=\"yoast-seo-meta-tag\" \/>\n<meta property=\"og:locale\" content=\"es_ES\" class=\"yoast-seo-meta-tag\" \/>\n<meta property=\"og:type\" content=\"article\" class=\"yoast-seo-meta-tag\" \/>\n<meta property=\"og:title\" content=\"Seremi de Ciencia de la Macrozona Norte invita a participar de los webinars para avanzar en la Pol\u00edtica de Inteligencia Artificial - Tarapaca\" class=\"yoast-seo-meta-tag\" \/>\n<meta property=\"og:description\" content=\"El uso de nuevas tecnolog\u00edas en salud, c\u00f3mo impacta la inteligencia artificial en los m\u00e9todos de aprendizaje o en el emprendimiento, son algunos de los temas que abordar\u00e1n los especialistas en los encuentros remotos que inician el 12 de mayo. A ra\u00edz de la emergencia sanitaria en el pa\u00eds por el Covid-19, el Ministerio de [&hellip;]\" class=\"yoast-seo-meta-tag\" \/>\n<meta property=\"og:url\" content=\"https:\/\/dev.explora.cl\/tarapaca\/seremi-de-ciencia-de-la-macrozona-norte-invita-a-participar-de-los-webinars-para-avanzar-en-la-politica-de-inteligencia-artificial\/\" class=\"yoast-seo-meta-tag\" \/>\n<meta property=\"og:site_name\" content=\"Tarapaca\" class=\"yoast-seo-meta-tag\" \/>\n<meta property=\"article:published_time\" content=\"2020-05-11T20:33:10+00:00\" class=\"yoast-seo-meta-tag\" \/>\n<meta property=\"article:modified_time\" content=\"2020-09-03T23:20:33+00:00\" class=\"yoast-seo-meta-tag\" \/>\n<meta property=\"og:image\" content=\"https:\/\/dev.explora.cl\/tarapaca\/wp-content\/uploads\/sites\/3\/2020\/05\/inteligencia_artificial.jpg\" class=\"yoast-seo-meta-tag\" \/>\n\t<meta property=\"og:image:width\" content=\"1278\" class=\"yoast-seo-meta-tag\" \/>\n\t<meta property=\"og:image:height\" content=\"720\" class=\"yoast-seo-meta-tag\" \/>\n\t<meta property=\"og:image:type\" content=\"image\/jpeg\" class=\"yoast-seo-meta-tag\" \/>\n<meta name=\"author\" content=\"admintarapaca\" class=\"yoast-seo-meta-tag\" \/>\n<meta name=\"twitter:card\" content=\"summary_large_image\" class=\"yoast-seo-meta-tag\" \/>\n<meta name=\"twitter:label1\" content=\"Escrito por\" class=\"yoast-seo-meta-tag\" \/>\n\t<meta name=\"twitter:data1\" content=\"admintarapaca\" class=\"yoast-seo-meta-tag\" \/>\n\t<meta name=\"twitter:label2\" content=\"Tiempo estimado de lectura\" class=\"yoast-seo-meta-tag\" \/>\n\t<meta name=\"twitter:data2\" content=\"3 minutos\" class=\"yoast-seo-meta-tag\" \/>\n<script type=\"application\/ld+json\" class=\"yoast-schema-graph\">{\"@context\":\"https:\/\/schema.org\",\"@graph\":[{\"@type\":\"Article\",\"@id\":\"https:\/\/dev.explora.cl\/tarapaca\/seremi-de-ciencia-de-la-macrozona-norte-invita-a-participar-de-los-webinars-para-avanzar-en-la-politica-de-inteligencia-artificial\/#article\",\"isPartOf\":{\"@id\":\"https:\/\/dev.explora.cl\/tarapaca\/seremi-de-ciencia-de-la-macrozona-norte-invita-a-participar-de-los-webinars-para-avanzar-en-la-politica-de-inteligencia-artificial\/\"},\"author\":{\"name\":\"admintarapaca\",\"@id\":\"https:\/\/dev.explora.cl\/tarapaca\/#\/schema\/person\/ca04f8a8f8e25243bd462d34eb1ca505\"},\"headline\":\"Seremi de Ciencia de la Macrozona Norte invita a participar de los webinars para avanzar en la Pol\u00edtica de Inteligencia Artificial\",\"datePublished\":\"2020-05-11T20:33:10+00:00\",\"dateModified\":\"2020-09-03T23:20:33+00:00\",\"mainEntityOfPage\":{\"@id\":\"https:\/\/dev.explora.cl\/tarapaca\/seremi-de-ciencia-de-la-macrozona-norte-invita-a-participar-de-los-webinars-para-avanzar-en-la-politica-de-inteligencia-artificial\/\"},\"wordCount\":582,\"commentCount\":0,\"image\":{\"@id\":\"https:\/\/dev.explora.cl\/tarapaca\/seremi-de-ciencia-de-la-macrozona-norte-invita-a-participar-de-los-webinars-para-avanzar-en-la-politica-de-inteligencia-artificial\/#primaryimage\"},\"thumbnailUrl\":\"https:\/\/dev.explora.cl\/tarapaca\/wp-content\/uploads\/sites\/3\/2020\/05\/inteligencia_artificial.jpg\",\"keywords\":[\"Inteligencia Artificial\",\"Macrozona Norte\",\"Ministerio de Ciencia\"],\"articleSection\":[\"Noticias\"],\"inLanguage\":\"es-CL\",\"potentialAction\":[{\"@type\":\"CommentAction\",\"name\":\"Comment\",\"target\":[\"https:\/\/dev.explora.cl\/tarapaca\/seremi-de-ciencia-de-la-macrozona-norte-invita-a-participar-de-los-webinars-para-avanzar-en-la-politica-de-inteligencia-artificial\/#respond\"]}]},{\"@type\":\"WebPage\",\"@id\":\"https:\/\/dev.explora.cl\/tarapaca\/seremi-de-ciencia-de-la-macrozona-norte-invita-a-participar-de-los-webinars-para-avanzar-en-la-politica-de-inteligencia-artificial\/\",\"url\":\"https:\/\/dev.explora.cl\/tarapaca\/seremi-de-ciencia-de-la-macrozona-norte-invita-a-participar-de-los-webinars-para-avanzar-en-la-politica-de-inteligencia-artificial\/\",\"name\":\"Seremi de Ciencia de la Macrozona Norte invita a participar de los webinars para avanzar en la Pol\u00edtica de Inteligencia Artificial - Tarapaca\",\"isPartOf\":{\"@id\":\"https:\/\/dev.explora.cl\/tarapaca\/#website\"},\"primaryImageOfPage\":{\"@id\":\"https:\/\/dev.explora.cl\/tarapaca\/seremi-de-ciencia-de-la-macrozona-norte-invita-a-participar-de-los-webinars-para-avanzar-en-la-politica-de-inteligencia-artificial\/#primaryimage\"},\"image\":{\"@id\":\"https:\/\/dev.explora.cl\/tarapaca\/seremi-de-ciencia-de-la-macrozona-norte-invita-a-participar-de-los-webinars-para-avanzar-en-la-politica-de-inteligencia-artificial\/#primaryimage\"},\"thumbnailUrl\":\"https:\/\/dev.explora.cl\/tarapaca\/wp-content\/uploads\/sites\/3\/2020\/05\/inteligencia_artificial.jpg\",\"datePublished\":\"2020-05-11T20:33:10+00:00\",\"dateModified\":\"2020-09-03T23:20:33+00:00\",\"author\":{\"@id\":\"https:\/\/dev.explora.cl\/tarapaca\/#\/schema\/person\/ca04f8a8f8e25243bd462d34eb1ca505\"},\"breadcrumb\":{\"@id\":\"https:\/\/dev.explora.cl\/tarapaca\/seremi-de-ciencia-de-la-macrozona-norte-invita-a-participar-de-los-webinars-para-avanzar-en-la-politica-de-inteligencia-artificial\/#breadcrumb\"},\"inLanguage\":\"es-CL\",\"potentialAction\":[{\"@type\":\"ReadAction\",\"target\":[\"https:\/\/dev.explora.cl\/tarapaca\/seremi-de-ciencia-de-la-macrozona-norte-invita-a-participar-de-los-webinars-para-avanzar-en-la-politica-de-inteligencia-artificial\/\"]}]},{\"@type\":\"ImageObject\",\"inLanguage\":\"es-CL\",\"@id\":\"https:\/\/dev.explora.cl\/tarapaca\/seremi-de-ciencia-de-la-macrozona-norte-invita-a-participar-de-los-webinars-para-avanzar-en-la-politica-de-inteligencia-artificial\/#primaryimage\",\"url\":\"https:\/\/dev.explora.cl\/tarapaca\/wp-content\/uploads\/sites\/3\/2020\/05\/inteligencia_artificial.jpg\",\"contentUrl\":\"https:\/\/dev.explora.cl\/tarapaca\/wp-content\/uploads\/sites\/3\/2020\/05\/inteligencia_artificial.jpg\",\"width\":1278,\"height\":720},{\"@type\":\"BreadcrumbList\",\"@id\":\"https:\/\/dev.explora.cl\/tarapaca\/seremi-de-ciencia-de-la-macrozona-norte-invita-a-participar-de-los-webinars-para-avanzar-en-la-politica-de-inteligencia-artificial\/#breadcrumb\",\"itemListElement\":[{\"@type\":\"ListItem\",\"position\":1,\"name\":\"Portada\",\"item\":\"https:\/\/dev.explora.cl\/tarapaca\/\"},{\"@type\":\"ListItem\",\"position\":2,\"name\":\"Seremi de Ciencia de la Macrozona Norte invita a participar de los webinars para avanzar en la Pol\u00edtica de Inteligencia Artificial\"}]},{\"@type\":\"WebSite\",\"@id\":\"https:\/\/dev.explora.cl\/tarapaca\/#website\",\"url\":\"https:\/\/dev.explora.cl\/tarapaca\/\",\"name\":\"Tarapaca\",\"description\":\"Otro sitio m\u00e1s de dev.explora.cl\",\"potentialAction\":[{\"@type\":\"SearchAction\",\"target\":{\"@type\":\"EntryPoint\",\"urlTemplate\":\"https:\/\/dev.explora.cl\/tarapaca\/?s={search_term_string}\"},\"query-input\":{\"@type\":\"PropertyValueSpecification\",\"valueRequired\":true,\"valueName\":\"search_term_string\"}}],\"inLanguage\":\"es-CL\"},{\"@type\":\"Person\",\"@id\":\"https:\/\/dev.explora.cl\/tarapaca\/#\/schema\/person\/ca04f8a8f8e25243bd462d34eb1ca505\",\"name\":\"admintarapaca\",\"image\":{\"@type\":\"ImageObject\",\"inLanguage\":\"es-CL\",\"@id\":\"https:\/\/dev.explora.cl\/tarapaca\/#\/schema\/person\/image\/\",\"url\":\"https:\/\/secure.gravatar.com\/avatar\/8ff4762fabbf7a1732a126425c82d628f08ba754529d77a55358cbb74e14343f?s=96&d=mm&r=g\",\"contentUrl\":\"https:\/\/secure.gravatar.com\/avatar\/8ff4762fabbf7a1732a126425c82d628f08ba754529d77a55358cbb74e14343f?s=96&d=mm&r=g\",\"caption\":\"admintarapaca\"},\"url\":\"https:\/\/dev.explora.cl\/tarapaca\/author\/dolivares\/\"}]}<\/script>\n<!-- \/ Yoast SEO plugin. -->","yoast_head_json":{"title":"Seremi de Ciencia de la Macrozona Norte invita a participar de los webinars para avanzar en la Pol\u00edtica de Inteligencia Artificial - Tarapaca","robots":{"index":"index","follow":"follow","max-snippet":"max-snippet:-1","max-image-preview":"max-image-preview:large","max-video-preview":"max-video-preview:-1"},"canonical":"https:\/\/dev.explora.cl\/tarapaca\/seremi-de-ciencia-de-la-macrozona-norte-invita-a-participar-de-los-webinars-para-avanzar-en-la-politica-de-inteligencia-artificial\/","og_locale":"es_ES","og_type":"article","og_title":"Seremi de Ciencia de la Macrozona Norte invita a participar de los webinars para avanzar en la Pol\u00edtica de Inteligencia Artificial - Tarapaca","og_description":"El uso de nuevas tecnolog\u00edas en salud, c\u00f3mo impacta la inteligencia artificial en los m\u00e9todos de aprendizaje o en el emprendimiento, son algunos de los temas que abordar\u00e1n los especialistas en los encuentros remotos que inician el 12 de mayo. A ra\u00edz de la emergencia sanitaria en el pa\u00eds por el Covid-19, el Ministerio de [&hellip;]","og_url":"https:\/\/dev.explora.cl\/tarapaca\/seremi-de-ciencia-de-la-macrozona-norte-invita-a-participar-de-los-webinars-para-avanzar-en-la-politica-de-inteligencia-artificial\/","og_site_name":"Tarapaca","article_published_time":"2020-05-11T20:33:10+00:00","article_modified_time":"2020-09-03T23:20:33+00:00","og_image":[{"width":1278,"height":720,"url":"https:\/\/dev.explora.cl\/tarapaca\/wp-content\/uploads\/sites\/3\/2020\/05\/inteligencia_artificial.jpg","type":"image\/jpeg"}],"author":"admintarapaca","twitter_card":"summary_large_image","twitter_misc":{"Escrito por":"admintarapaca","Tiempo estimado de lectura":"3 minutos"},"schema":{"@context":"https:\/\/schema.org","@graph":[{"@type":"Article","@id":"https:\/\/dev.explora.cl\/tarapaca\/seremi-de-ciencia-de-la-macrozona-norte-invita-a-participar-de-los-webinars-para-avanzar-en-la-politica-de-inteligencia-artificial\/#article","isPartOf":{"@id":"https:\/\/dev.explora.cl\/tarapaca\/seremi-de-ciencia-de-la-macrozona-norte-invita-a-participar-de-los-webinars-para-avanzar-en-la-politica-de-inteligencia-artificial\/"},"author":{"name":"admintarapaca","@id":"https:\/\/dev.explora.cl\/tarapaca\/#\/schema\/person\/ca04f8a8f8e25243bd462d34eb1ca505"},"headline":"Seremi de Ciencia de la Macrozona Norte invita a participar de los webinars para avanzar en la Pol\u00edtica de Inteligencia Artificial","datePublished":"2020-05-11T20:33:10+00:00","dateModified":"2020-09-03T23:20:33+00:00","mainEntityOfPage":{"@id":"https:\/\/dev.explora.cl\/tarapaca\/seremi-de-ciencia-de-la-macrozona-norte-invita-a-participar-de-los-webinars-para-avanzar-en-la-politica-de-inteligencia-artificial\/"},"wordCount":582,"commentCount":0,"image":{"@id":"https:\/\/dev.explora.cl\/tarapaca\/seremi-de-ciencia-de-la-macrozona-norte-invita-a-participar-de-los-webinars-para-avanzar-en-la-politica-de-inteligencia-artificial\/#primaryimage"},"thumbnailUrl":"https:\/\/dev.explora.cl\/tarapaca\/wp-content\/uploads\/sites\/3\/2020\/05\/inteligencia_artificial.jpg","keywords":["Inteligencia Artificial","Macrozona Norte","Ministerio de Ciencia"],"articleSection":["Noticias"],"inLanguage":"es-CL","potentialAction":[{"@type":"CommentAction","name":"Comment","target":["https:\/\/dev.explora.cl\/tarapaca\/seremi-de-ciencia-de-la-macrozona-norte-invita-a-participar-de-los-webinars-para-avanzar-en-la-politica-de-inteligencia-artificial\/#respond"]}]},{"@type":"WebPage","@id":"https:\/\/dev.explora.cl\/tarapaca\/seremi-de-ciencia-de-la-macrozona-norte-invita-a-participar-de-los-webinars-para-avanzar-en-la-politica-de-inteligencia-artificial\/","url":"https:\/\/dev.explora.cl\/tarapaca\/seremi-de-ciencia-de-la-macrozona-norte-invita-a-participar-de-los-webinars-para-avanzar-en-la-politica-de-inteligencia-artificial\/","name":"Seremi de Ciencia de la Macrozona Norte invita a participar de los webinars para avanzar en la Pol\u00edtica de Inteligencia Artificial - Tarapaca","isPartOf":{"@id":"https:\/\/dev.explora.cl\/tarapaca\/#website"},"primaryImageOfPage":{"@id":"https:\/\/dev.explora.cl\/tarapaca\/seremi-de-ciencia-de-la-macrozona-norte-invita-a-participar-de-los-webinars-para-avanzar-en-la-politica-de-inteligencia-artificial\/#primaryimage"},"image":{"@id":"https:\/\/dev.explora.cl\/tarapaca\/seremi-de-ciencia-de-la-macrozona-norte-invita-a-participar-de-los-webinars-para-avanzar-en-la-politica-de-inteligencia-artificial\/#primaryimage"},"thumbnailUrl":"https:\/\/dev.explora.cl\/tarapaca\/wp-content\/uploads\/sites\/3\/2020\/05\/inteligencia_artificial.jpg","datePublished":"2020-05-11T20:33:10+00:00","dateModified":"2020-09-03T23:20:33+00:00","author":{"@id":"https:\/\/dev.explora.cl\/tarapaca\/#\/schema\/person\/ca04f8a8f8e25243bd462d34eb1ca505"},"breadcrumb":{"@id":"https:\/\/dev.explora.cl\/tarapaca\/seremi-de-ciencia-de-la-macrozona-norte-invita-a-participar-de-los-webinars-para-avanzar-en-la-politica-de-inteligencia-artificial\/#breadcrumb"},"inLanguage":"es-CL","potentialAction":[{"@type":"ReadAction","target":["https:\/\/dev.explora.cl\/tarapaca\/seremi-de-ciencia-de-la-macrozona-norte-invita-a-participar-de-los-webinars-para-avanzar-en-la-politica-de-inteligencia-artificial\/"]}]},{"@type":"ImageObject","inLanguage":"es-CL","@id":"https:\/\/dev.explora.cl\/tarapaca\/seremi-de-ciencia-de-la-macrozona-norte-invita-a-participar-de-los-webinars-para-avanzar-en-la-politica-de-inteligencia-artificial\/#primaryimage","url":"https:\/\/dev.explora.cl\/tarapaca\/wp-content\/uploads\/sites\/3\/2020\/05\/inteligencia_artificial.jpg","contentUrl":"https:\/\/dev.explora.cl\/tarapaca\/wp-content\/uploads\/sites\/3\/2020\/05\/inteligencia_artificial.jpg","width":1278,"height":720},{"@type":"BreadcrumbList","@id":"https:\/\/dev.explora.cl\/tarapaca\/seremi-de-ciencia-de-la-macrozona-norte-invita-a-participar-de-los-webinars-para-avanzar-en-la-politica-de-inteligencia-artificial\/#breadcrumb","itemListElement":[{"@type":"ListItem","position":1,"name":"Portada","item":"https:\/\/dev.explora.cl\/tarapaca\/"},{"@type":"ListItem","position":2,"name":"Seremi de Ciencia de la Macrozona Norte invita a participar de los webinars para avanzar en la Pol\u00edtica de Inteligencia Artificial"}]},{"@type":"WebSite","@id":"https:\/\/dev.explora.cl\/tarapaca\/#website","url":"https:\/\/dev.explora.cl\/tarapaca\/","name":"Tarapaca","description":"Otro sitio m\u00e1s de dev.explora.cl","potentialAction":[{"@type":"SearchAction","target":{"@type":"EntryPoint","urlTemplate":"https:\/\/dev.explora.cl\/tarapaca\/?s={search_term_string}"},"query-input":{"@type":"PropertyValueSpecification","valueRequired":true,"valueName":"search_term_string"}}],"inLanguage":"es-CL"},{"@type":"Person","@id":"https:\/\/dev.explora.cl\/tarapaca\/#\/schema\/person\/ca04f8a8f8e25243bd462d34eb1ca505","name":"admintarapaca","image":{"@type":"ImageObject","inLanguage":"es-CL","@id":"https:\/\/dev.explora.cl\/tarapaca\/#\/schema\/person\/image\/","url":"https:\/\/secure.gravatar.com\/avatar\/8ff4762fabbf7a1732a126425c82d628f08ba754529d77a55358cbb74e14343f?s=96&d=mm&r=g","contentUrl":"https:\/\/secure.gravatar.com\/avatar\/8ff4762fabbf7a1732a126425c82d628f08ba754529d77a55358cbb74e14343f?s=96&d=mm&r=g","caption":"admintarapaca"},"url":"https:\/\/dev.explora.cl\/tarapaca\/author\/dolivares\/"}]}},"_links":{"self":[{"href":"https:\/\/dev.explora.cl\/tarapaca\/wp-json\/wp\/v2\/posts\/38828","targetHints":{"allow":["GET"]}}],"collection":[{"href":"https:\/\/dev.explora.cl\/tarapaca\/wp-json\/wp\/v2\/posts"}],"about":[{"href":"https:\/\/dev.explora.cl\/tarapaca\/wp-json\/wp\/v2\/types\/post"}],"author":[{"embeddable":true,"href":"https:\/\/dev.explora.cl\/tarapaca\/wp-json\/wp\/v2\/users\/18"}],"replies":[{"embeddable":true,"href":"https:\/\/dev.explora.cl\/tarapaca\/wp-json\/wp\/v2\/comments?post=38828"}],"version-history":[{"count":1,"href":"https:\/\/dev.explora.cl\/tarapaca\/wp-json\/wp\/v2\/posts\/38828\/revisions"}],"predecessor-version":[{"id":38829,"href":"https:\/\/dev.explora.cl\/tarapaca\/wp-json\/wp\/v2\/posts\/38828\/revisions\/38829"}],"wp:featuredmedia":[{"embeddable":true,"href":"https:\/\/dev.explora.cl\/tarapaca\/wp-json\/wp\/v2\/media\/38830"}],"wp:attachment":[{"href":"https:\/\/dev.explora.cl\/tarapaca\/wp-json\/wp\/v2\/media?parent=38828"}],"wp:term":[{"taxonomy":"category","embeddable":true,"href":"https:\/\/dev.explora.cl\/tarapaca\/wp-json\/wp\/v2\/categories?post=38828"},{"taxonomy":"post_tag","embeddable":true,"href":"https:\/\/dev.explora.cl\/tarapaca\/wp-json\/wp\/v2\/tags?post=38828"}],"curies":[{"name":"wp","href":"https:\/\/api.w.org\/{rel}","templated":true}]}}