{"id":38768,"date":"2020-01-30T10:08:05","date_gmt":"2020-01-30T13:08:05","guid":{"rendered":"https:\/\/dev.explora.cl\/tarapaca\/?p=38768"},"modified":"2020-08-20T12:46:46","modified_gmt":"2020-08-20T16:46:46","slug":"verano-explora-2020","status":"publish","type":"post","link":"https:\/\/dev.explora.cl\/tarapaca\/verano-explora-2020\/","title":{"rendered":"Verano Explora Tarapac\u00e1 2020"},"content":{"rendered":"<p>Este verano la Universidad de Tarapac\u00e1 Sede Iquique, a trav\u00e9s de su Proyecto Asociativo Regional (PAR) Explora Tarapac\u00e1 y \u00a0el Ministerio de Ciencia, Tecnolog\u00eda, Conocimiento e Innovaci\u00f3n, tienen una serie de actividades preparadas para ni\u00f1os, ni\u00f1as, j\u00f3venes y p\u00fablico general. \u00a1Te invitamos a conocerlas a continuaci\u00f3n!<\/p>\n<p><strong>M\u00c1S CIENCIA M\u00c1S DIVERSI\u00d3N | Febrero 2020<\/strong><\/p>\n<p>Actividad l\u00fadico recreativa de acercamiento de la ciencia a ni\u00f1os y ni\u00f1as de jardines infantiles de la <strong>Fundaci\u00f3n Integra<\/strong> que implementan el programa \u201cVacaciones en mi jard\u00edn\u201d en la regi\u00f3n de Tarapac\u00e1. Desde el PAR Explora estaremos realizando actividades desde el lunes 3 al jueves 20 de febrero en jardines de Iquique y Alto Hospicio.<\/p>\n<p><strong>LIMPIEZA DE PLAYA | Febrero 2020<\/strong><\/p>\n<p>Evento social y comunitario de consciencia ecol\u00f3gica donde participaremos junto a la Seremi del Medioambiente y una serie de instituciones. En el mes de febrero se realizar\u00e1n tres limpiezas de playa, partiendo el s\u00e1bado 1 de febrero en el sector de \u201cPunta Uno\u201d de Cavancha; adem\u00e1s se realizar\u00e1 otra el viernes 14 de febrero en el sector de \u201cPlaya Brava\u201d y finaliza con una tercera actividad el d\u00eda viernes 21 de febrero en el sector de \u201cPlaya Blanca\u201d.<\/p>\n<p><strong>CURSO DE PALEONTOLOG\u00cdA | Febrero 2020<\/strong><\/p>\n<p>Junto al Museo Regional de Iquique estaremos desarrollando el \u201cCurso de Paleontolog\u00eda para ni\u00f1os, ni\u00f1as y j\u00f3venes\u201d, el cual est\u00e1 orientado participantes de entre 8 y 15 a\u00f1os. Los interesados pod\u00edan postular hasta este el mi\u00e9rcoles 29 de enero a las 14:00 horas y posteriormente pasaban a un proceso de selecci\u00f3n. El curso se realizar\u00e1 entre el 17 y el 28 de febrero.<\/p>\n<p><strong>EXPLORANDO EL MORRO, MI PATRIMONIO | Febrero 2020<\/strong><\/p>\n<p>Entendiendo la necesidad de territorializar actividades, el PAR Explora Tarapac\u00e1 participar\u00e1 apoyando a una actividad del \u201cCarnaval Morrino 2020\u201d. En la oportunidad, se realizar\u00e1 un concurso de dibujo que busca reconocer la identidad y el patrimonio, como factores importantes de las ciencias sociales. Esta actividad est\u00e1 orientada a ni\u00f1os, ni\u00f1as y j\u00f3venes del sector El Morro de la comuna de Iquique, pero a su ves apoyar a las organizaciones comunitarias en sus actividades comunitarias.<\/p>\n","protected":false},"excerpt":{"rendered":"<p>El PAR Explora Tarapac\u00e1, la Universidad de Tarapac\u00e1 Sede Iquique y el Ministerio de la Ciencia, Tecnolog\u00eda, Conocimiento e Innovaci\u00f3n traen diversas actividades para febrero.<\/p>\n","protected":false},"author":18,"featured_media":38773,"comment_status":"open","ping_status":"open","sticky":false,"template":"","format":"standard","meta":{"_acf_changed":false,"_exactmetrics_skip_tracking":false,"_exactmetrics_sitenote_active":false,"_exactmetrics_sitenote_note":"","_exactmetrics_sitenote_category":0,"footnotes":"","_links_to":"","_links_to_target":""},"categories":[4],"tags":[107,155,149,157,172],"class_list":["post-38768","post","type-post","status-publish","format-standard","has-post-thumbnail","hentry","category-noticias","tag-ciencia","tag-iquique","tag-talleres-de-verano","tag-tarapaca","tag-verano"],"acf":[],"yoast_head":"<!-- This site is optimized with the Yoast SEO plugin v26.7 - https:\/\/yoast.com\/wordpress\/plugins\/seo\/ -->\n<title>Verano Explora Tarapac\u00e1 2020 - Tarapaca<\/title>\n<meta name=\"robots\" content=\"index, follow, max-snippet:-1, max-image-preview:large, max-video-preview:-1\" \/>\n<link rel=\"canonical\" href=\"https:\/\/dev.explora.cl\/tarapaca\/verano-explora-2020\/\" class=\"yoast-seo-meta-tag\" \/>\n<meta property=\"og:locale\" content=\"es_ES\" class=\"yoast-seo-meta-tag\" \/>\n<meta property=\"og:type\" content=\"article\" class=\"yoast-seo-meta-tag\" \/>\n<meta property=\"og:title\" content=\"Verano Explora Tarapac\u00e1 2020 - Tarapaca\" class=\"yoast-seo-meta-tag\" \/>\n<meta property=\"og:description\" content=\"El PAR Explora Tarapac\u00e1, la Universidad de Tarapac\u00e1 Sede Iquique y el Ministerio de la Ciencia, Tecnolog\u00eda, Conocimiento e Innovaci\u00f3n traen diversas actividades para febrero.\" class=\"yoast-seo-meta-tag\" \/>\n<meta property=\"og:url\" content=\"https:\/\/dev.explora.cl\/tarapaca\/verano-explora-2020\/\" class=\"yoast-seo-meta-tag\" \/>\n<meta property=\"og:site_name\" content=\"Tarapaca\" class=\"yoast-seo-meta-tag\" \/>\n<meta property=\"article:published_time\" content=\"2020-01-30T13:08:05+00:00\" class=\"yoast-seo-meta-tag\" \/>\n<meta property=\"article:modified_time\" content=\"2020-08-20T16:46:46+00:00\" class=\"yoast-seo-meta-tag\" \/>\n<meta property=\"og:image\" content=\"https:\/\/dev.explora.cl\/tarapaca\/wp-content\/uploads\/sites\/3\/2020\/01\/veranoexplora2020.jpg\" class=\"yoast-seo-meta-tag\" \/>\n\t<meta property=\"og:image:width\" content=\"3067\" class=\"yoast-seo-meta-tag\" \/>\n\t<meta property=\"og:image:height\" content=\"1750\" class=\"yoast-seo-meta-tag\" \/>\n\t<meta property=\"og:image:type\" content=\"image\/jpeg\" class=\"yoast-seo-meta-tag\" \/>\n<meta name=\"author\" content=\"admintarapaca\" class=\"yoast-seo-meta-tag\" \/>\n<meta name=\"twitter:card\" content=\"summary_large_image\" class=\"yoast-seo-meta-tag\" \/>\n<meta name=\"twitter:label1\" content=\"Escrito por\" class=\"yoast-seo-meta-tag\" \/>\n\t<meta name=\"twitter:data1\" content=\"admintarapaca\" class=\"yoast-seo-meta-tag\" \/>\n\t<meta name=\"twitter:label2\" content=\"Tiempo estimado de lectura\" class=\"yoast-seo-meta-tag\" \/>\n\t<meta name=\"twitter:data2\" content=\"2 minutos\" class=\"yoast-seo-meta-tag\" \/>\n<script type=\"application\/ld+json\" class=\"yoast-schema-graph\">{\"@context\":\"https:\/\/schema.org\",\"@graph\":[{\"@type\":\"Article\",\"@id\":\"https:\/\/dev.explora.cl\/tarapaca\/verano-explora-2020\/#article\",\"isPartOf\":{\"@id\":\"https:\/\/dev.explora.cl\/tarapaca\/verano-explora-2020\/\"},\"author\":{\"name\":\"admintarapaca\",\"@id\":\"https:\/\/dev.explora.cl\/tarapaca\/#\/schema\/person\/ca04f8a8f8e25243bd462d34eb1ca505\"},\"headline\":\"Verano Explora Tarapac\u00e1 2020\",\"datePublished\":\"2020-01-30T13:08:05+00:00\",\"dateModified\":\"2020-08-20T16:46:46+00:00\",\"mainEntityOfPage\":{\"@id\":\"https:\/\/dev.explora.cl\/tarapaca\/verano-explora-2020\/\"},\"wordCount\":360,\"commentCount\":0,\"image\":{\"@id\":\"https:\/\/dev.explora.cl\/tarapaca\/verano-explora-2020\/#primaryimage\"},\"thumbnailUrl\":\"https:\/\/dev.explora.cl\/tarapaca\/wp-content\/uploads\/sites\/3\/2020\/01\/veranoexplora2020.jpg\",\"keywords\":[\"ciencia\",\"iquique,\",\"talleres de verano\",\"tarapac\u00e1,\",\"Verano\"],\"articleSection\":[\"Noticias\"],\"inLanguage\":\"es-CL\",\"potentialAction\":[{\"@type\":\"CommentAction\",\"name\":\"Comment\",\"target\":[\"https:\/\/dev.explora.cl\/tarapaca\/verano-explora-2020\/#respond\"]}]},{\"@type\":\"WebPage\",\"@id\":\"https:\/\/dev.explora.cl\/tarapaca\/verano-explora-2020\/\",\"url\":\"https:\/\/dev.explora.cl\/tarapaca\/verano-explora-2020\/\",\"name\":\"Verano Explora Tarapac\u00e1 2020 - Tarapaca\",\"isPartOf\":{\"@id\":\"https:\/\/dev.explora.cl\/tarapaca\/#website\"},\"primaryImageOfPage\":{\"@id\":\"https:\/\/dev.explora.cl\/tarapaca\/verano-explora-2020\/#primaryimage\"},\"image\":{\"@id\":\"https:\/\/dev.explora.cl\/tarapaca\/verano-explora-2020\/#primaryimage\"},\"thumbnailUrl\":\"https:\/\/dev.explora.cl\/tarapaca\/wp-content\/uploads\/sites\/3\/2020\/01\/veranoexplora2020.jpg\",\"datePublished\":\"2020-01-30T13:08:05+00:00\",\"dateModified\":\"2020-08-20T16:46:46+00:00\",\"author\":{\"@id\":\"https:\/\/dev.explora.cl\/tarapaca\/#\/schema\/person\/ca04f8a8f8e25243bd462d34eb1ca505\"},\"breadcrumb\":{\"@id\":\"https:\/\/dev.explora.cl\/tarapaca\/verano-explora-2020\/#breadcrumb\"},\"inLanguage\":\"es-CL\",\"potentialAction\":[{\"@type\":\"ReadAction\",\"target\":[\"https:\/\/dev.explora.cl\/tarapaca\/verano-explora-2020\/\"]}]},{\"@type\":\"ImageObject\",\"inLanguage\":\"es-CL\",\"@id\":\"https:\/\/dev.explora.cl\/tarapaca\/verano-explora-2020\/#primaryimage\",\"url\":\"https:\/\/dev.explora.cl\/tarapaca\/wp-content\/uploads\/sites\/3\/2020\/01\/veranoexplora2020.jpg\",\"contentUrl\":\"https:\/\/dev.explora.cl\/tarapaca\/wp-content\/uploads\/sites\/3\/2020\/01\/veranoexplora2020.jpg\",\"width\":3067,\"height\":1750},{\"@type\":\"BreadcrumbList\",\"@id\":\"https:\/\/dev.explora.cl\/tarapaca\/verano-explora-2020\/#breadcrumb\",\"itemListElement\":[{\"@type\":\"ListItem\",\"position\":1,\"name\":\"Portada\",\"item\":\"https:\/\/dev.explora.cl\/tarapaca\/\"},{\"@type\":\"ListItem\",\"position\":2,\"name\":\"Verano Explora Tarapac\u00e1 2020\"}]},{\"@type\":\"WebSite\",\"@id\":\"https:\/\/dev.explora.cl\/tarapaca\/#website\",\"url\":\"https:\/\/dev.explora.cl\/tarapaca\/\",\"name\":\"Tarapaca\",\"description\":\"Otro sitio m\u00e1s de dev.explora.cl\",\"potentialAction\":[{\"@type\":\"SearchAction\",\"target\":{\"@type\":\"EntryPoint\",\"urlTemplate\":\"https:\/\/dev.explora.cl\/tarapaca\/?s={search_term_string}\"},\"query-input\":{\"@type\":\"PropertyValueSpecification\",\"valueRequired\":true,\"valueName\":\"search_term_string\"}}],\"inLanguage\":\"es-CL\"},{\"@type\":\"Person\",\"@id\":\"https:\/\/dev.explora.cl\/tarapaca\/#\/schema\/person\/ca04f8a8f8e25243bd462d34eb1ca505\",\"name\":\"admintarapaca\",\"image\":{\"@type\":\"ImageObject\",\"inLanguage\":\"es-CL\",\"@id\":\"https:\/\/dev.explora.cl\/tarapaca\/#\/schema\/person\/image\/\",\"url\":\"https:\/\/secure.gravatar.com\/avatar\/8ff4762fabbf7a1732a126425c82d628f08ba754529d77a55358cbb74e14343f?s=96&d=mm&r=g\",\"contentUrl\":\"https:\/\/secure.gravatar.com\/avatar\/8ff4762fabbf7a1732a126425c82d628f08ba754529d77a55358cbb74e14343f?s=96&d=mm&r=g\",\"caption\":\"admintarapaca\"},\"url\":\"https:\/\/dev.explora.cl\/tarapaca\/author\/dolivares\/\"}]}<\/script>\n<!-- \/ Yoast SEO plugin. -->","yoast_head_json":{"title":"Verano Explora Tarapac\u00e1 2020 - Tarapaca","robots":{"index":"index","follow":"follow","max-snippet":"max-snippet:-1","max-image-preview":"max-image-preview:large","max-video-preview":"max-video-preview:-1"},"canonical":"https:\/\/dev.explora.cl\/tarapaca\/verano-explora-2020\/","og_locale":"es_ES","og_type":"article","og_title":"Verano Explora Tarapac\u00e1 2020 - Tarapaca","og_description":"El PAR Explora Tarapac\u00e1, la Universidad de Tarapac\u00e1 Sede Iquique y el Ministerio de la Ciencia, Tecnolog\u00eda, Conocimiento e Innovaci\u00f3n traen diversas actividades para febrero.","og_url":"https:\/\/dev.explora.cl\/tarapaca\/verano-explora-2020\/","og_site_name":"Tarapaca","article_published_time":"2020-01-30T13:08:05+00:00","article_modified_time":"2020-08-20T16:46:46+00:00","og_image":[{"width":3067,"height":1750,"url":"https:\/\/dev.explora.cl\/tarapaca\/wp-content\/uploads\/sites\/3\/2020\/01\/veranoexplora2020.jpg","type":"image\/jpeg"}],"author":"admintarapaca","twitter_card":"summary_large_image","twitter_misc":{"Escrito por":"admintarapaca","Tiempo estimado de lectura":"2 minutos"},"schema":{"@context":"https:\/\/schema.org","@graph":[{"@type":"Article","@id":"https:\/\/dev.explora.cl\/tarapaca\/verano-explora-2020\/#article","isPartOf":{"@id":"https:\/\/dev.explora.cl\/tarapaca\/verano-explora-2020\/"},"author":{"name":"admintarapaca","@id":"https:\/\/dev.explora.cl\/tarapaca\/#\/schema\/person\/ca04f8a8f8e25243bd462d34eb1ca505"},"headline":"Verano Explora Tarapac\u00e1 2020","datePublished":"2020-01-30T13:08:05+00:00","dateModified":"2020-08-20T16:46:46+00:00","mainEntityOfPage":{"@id":"https:\/\/dev.explora.cl\/tarapaca\/verano-explora-2020\/"},"wordCount":360,"commentCount":0,"image":{"@id":"https:\/\/dev.explora.cl\/tarapaca\/verano-explora-2020\/#primaryimage"},"thumbnailUrl":"https:\/\/dev.explora.cl\/tarapaca\/wp-content\/uploads\/sites\/3\/2020\/01\/veranoexplora2020.jpg","keywords":["ciencia","iquique,","talleres de verano","tarapac\u00e1,","Verano"],"articleSection":["Noticias"],"inLanguage":"es-CL","potentialAction":[{"@type":"CommentAction","name":"Comment","target":["https:\/\/dev.explora.cl\/tarapaca\/verano-explora-2020\/#respond"]}]},{"@type":"WebPage","@id":"https:\/\/dev.explora.cl\/tarapaca\/verano-explora-2020\/","url":"https:\/\/dev.explora.cl\/tarapaca\/verano-explora-2020\/","name":"Verano Explora Tarapac\u00e1 2020 - Tarapaca","isPartOf":{"@id":"https:\/\/dev.explora.cl\/tarapaca\/#website"},"primaryImageOfPage":{"@id":"https:\/\/dev.explora.cl\/tarapaca\/verano-explora-2020\/#primaryimage"},"image":{"@id":"https:\/\/dev.explora.cl\/tarapaca\/verano-explora-2020\/#primaryimage"},"thumbnailUrl":"https:\/\/dev.explora.cl\/tarapaca\/wp-content\/uploads\/sites\/3\/2020\/01\/veranoexplora2020.jpg","datePublished":"2020-01-30T13:08:05+00:00","dateModified":"2020-08-20T16:46:46+00:00","author":{"@id":"https:\/\/dev.explora.cl\/tarapaca\/#\/schema\/person\/ca04f8a8f8e25243bd462d34eb1ca505"},"breadcrumb":{"@id":"https:\/\/dev.explora.cl\/tarapaca\/verano-explora-2020\/#breadcrumb"},"inLanguage":"es-CL","potentialAction":[{"@type":"ReadAction","target":["https:\/\/dev.explora.cl\/tarapaca\/verano-explora-2020\/"]}]},{"@type":"ImageObject","inLanguage":"es-CL","@id":"https:\/\/dev.explora.cl\/tarapaca\/verano-explora-2020\/#primaryimage","url":"https:\/\/dev.explora.cl\/tarapaca\/wp-content\/uploads\/sites\/3\/2020\/01\/veranoexplora2020.jpg","contentUrl":"https:\/\/dev.explora.cl\/tarapaca\/wp-content\/uploads\/sites\/3\/2020\/01\/veranoexplora2020.jpg","width":3067,"height":1750},{"@type":"BreadcrumbList","@id":"https:\/\/dev.explora.cl\/tarapaca\/verano-explora-2020\/#breadcrumb","itemListElement":[{"@type":"ListItem","position":1,"name":"Portada","item":"https:\/\/dev.explora.cl\/tarapaca\/"},{"@type":"ListItem","position":2,"name":"Verano Explora Tarapac\u00e1 2020"}]},{"@type":"WebSite","@id":"https:\/\/dev.explora.cl\/tarapaca\/#website","url":"https:\/\/dev.explora.cl\/tarapaca\/","name":"Tarapaca","description":"Otro sitio m\u00e1s de dev.explora.cl","potentialAction":[{"@type":"SearchAction","target":{"@type":"EntryPoint","urlTemplate":"https:\/\/dev.explora.cl\/tarapaca\/?s={search_term_string}"},"query-input":{"@type":"PropertyValueSpecification","valueRequired":true,"valueName":"search_term_string"}}],"inLanguage":"es-CL"},{"@type":"Person","@id":"https:\/\/dev.explora.cl\/tarapaca\/#\/schema\/person\/ca04f8a8f8e25243bd462d34eb1ca505","name":"admintarapaca","image":{"@type":"ImageObject","inLanguage":"es-CL","@id":"https:\/\/dev.explora.cl\/tarapaca\/#\/schema\/person\/image\/","url":"https:\/\/secure.gravatar.com\/avatar\/8ff4762fabbf7a1732a126425c82d628f08ba754529d77a55358cbb74e14343f?s=96&d=mm&r=g","contentUrl":"https:\/\/secure.gravatar.com\/avatar\/8ff4762fabbf7a1732a126425c82d628f08ba754529d77a55358cbb74e14343f?s=96&d=mm&r=g","caption":"admintarapaca"},"url":"https:\/\/dev.explora.cl\/tarapaca\/author\/dolivares\/"}]}},"_links":{"self":[{"href":"https:\/\/dev.explora.cl\/tarapaca\/wp-json\/wp\/v2\/posts\/38768","targetHints":{"allow":["GET"]}}],"collection":[{"href":"https:\/\/dev.explora.cl\/tarapaca\/wp-json\/wp\/v2\/posts"}],"about":[{"href":"https:\/\/dev.explora.cl\/tarapaca\/wp-json\/wp\/v2\/types\/post"}],"author":[{"embeddable":true,"href":"https:\/\/dev.explora.cl\/tarapaca\/wp-json\/wp\/v2\/users\/18"}],"replies":[{"embeddable":true,"href":"https:\/\/dev.explora.cl\/tarapaca\/wp-json\/wp\/v2\/comments?post=38768"}],"version-history":[{"count":6,"href":"https:\/\/dev.explora.cl\/tarapaca\/wp-json\/wp\/v2\/posts\/38768\/revisions"}],"predecessor-version":[{"id":38776,"href":"https:\/\/dev.explora.cl\/tarapaca\/wp-json\/wp\/v2\/posts\/38768\/revisions\/38776"}],"wp:featuredmedia":[{"embeddable":true,"href":"https:\/\/dev.explora.cl\/tarapaca\/wp-json\/wp\/v2\/media\/38773"}],"wp:attachment":[{"href":"https:\/\/dev.explora.cl\/tarapaca\/wp-json\/wp\/v2\/media?parent=38768"}],"wp:term":[{"taxonomy":"category","embeddable":true,"href":"https:\/\/dev.explora.cl\/tarapaca\/wp-json\/wp\/v2\/categories?post=38768"},{"taxonomy":"post_tag","embeddable":true,"href":"https:\/\/dev.explora.cl\/tarapaca\/wp-json\/wp\/v2\/tags?post=38768"}],"curies":[{"name":"wp","href":"https:\/\/api.w.org\/{rel}","templated":true}]}}