{"id":38745,"date":"2020-01-21T16:39:14","date_gmt":"2020-01-21T19:39:14","guid":{"rendered":"https:\/\/dev.explora.cl\/tarapaca\/?p=38745"},"modified":"2020-07-21T18:53:00","modified_gmt":"2020-07-21T22:53:00","slug":"educadores-como-agentes-de-cambio","status":"publish","type":"post","link":"https:\/\/dev.explora.cl\/tarapaca\/educadores-como-agentes-de-cambio\/","title":{"rendered":"Educadores como agentes de cambio"},"content":{"rendered":"<ul>\n<li><strong><em>Tarapac\u00e1 reuni\u00f3 a profes y profesionales de la educaci\u00f3n para desarrollar el Campamento de Ciencias para Profes Explora Va! 2020.<\/em><\/strong><\/li>\n<\/ul>\n<p>Aquellos que trabajan en el sistema educativo son de esos pilares fundamentales de la sociedad que transforman la realidad. La sociedad, desde el punto de vista del aprendizaje, cambia porque un profesor, una profesora o alguien que trabaja en el sistema educativo cambi\u00f3 o crey\u00f3 en las capacidades de sus estudiantes para apoyarlo e instarlo a seguir adelante. Sin embargo, las extensas jornadas y la monoton\u00eda, a veces, desmotivan a quienes se esfuerzan diariamente por transferir sus conocimientos, pero la esperanza existe.<\/p>\n<p><img loading=\"lazy\" decoding=\"async\" class=\"size-medium wp-image-38752 alignright\" src=\"https:\/\/dev.explora.cl\/tarapaca\/wp-content\/uploads\/sites\/3\/2020\/01\/01_campamento-300x200.jpg\" alt=\"\" width=\"300\" height=\"200\" srcset=\"https:\/\/dev.explora.cl\/tarapaca\/wp-content\/uploads\/sites\/3\/2020\/01\/01_campamento-300x200.jpg 300w, https:\/\/dev.explora.cl\/tarapaca\/wp-content\/uploads\/sites\/3\/2020\/01\/01_campamento-768x512.jpg 768w, https:\/\/dev.explora.cl\/tarapaca\/wp-content\/uploads\/sites\/3\/2020\/01\/01_campamento-1024x683.jpg 1024w, https:\/\/dev.explora.cl\/tarapaca\/wp-content\/uploads\/sites\/3\/2020\/01\/01_campamento.jpg 1500w\" sizes=\"auto, (max-width: 300px) 100vw, 300px\" \/>Por toda una semana, desde el 6 al 10 de enero, distintos profesionales vinculados a la educaci\u00f3n se reunieron en Iquique, por su propia voluntad, para participar de un nuevo Campamento de Ciencias para Profes Explora Va! 2020, organizado por la Universidad de Tarapac\u00e1 Sede Iquique, a trav\u00e9s del PAR Explora Tarapac\u00e1, proyecto asociativo que desde enero en adelante forma parte del Ministerio de la Ciencia, Tecnolog\u00eda, Conocimiento e Innovaci\u00f3n.<\/p>\n<p>Desde Temuco, Concepci\u00f3n, Coquimbo, Antofagasta llegaron los motivados profes que se complementaron con los interesados y motivados profes de la regi\u00f3n de Tarapac\u00e1, para aprender en plenas vacaciones de verano.<\/p>\n<p>Virginia Campos es una motivada educadora de p\u00e1rvulos de la comuna de San Bernardo, de la Regi\u00f3n Metropolitana, que lleg\u00f3 a Iquique para participar y su reflexi\u00f3n al finalizar la semana es concreta pero muy emocionante: \u201cesta experiencia, m\u00e1s que aprendizaje formal, es una experiencia de vida\u201d.<\/p>\n<p><img loading=\"lazy\" decoding=\"async\" class=\"size-medium wp-image-38754 alignleft\" src=\"https:\/\/dev.explora.cl\/tarapaca\/wp-content\/uploads\/sites\/3\/2020\/01\/03_campamento-300x200.jpg\" alt=\"\" width=\"300\" height=\"200\" srcset=\"https:\/\/dev.explora.cl\/tarapaca\/wp-content\/uploads\/sites\/3\/2020\/01\/03_campamento-300x200.jpg 300w, https:\/\/dev.explora.cl\/tarapaca\/wp-content\/uploads\/sites\/3\/2020\/01\/03_campamento-768x512.jpg 768w, https:\/\/dev.explora.cl\/tarapaca\/wp-content\/uploads\/sites\/3\/2020\/01\/03_campamento-1024x683.jpg 1024w, https:\/\/dev.explora.cl\/tarapaca\/wp-content\/uploads\/sites\/3\/2020\/01\/03_campamento.jpg 1500w\" sizes=\"auto, (max-width: 300px) 100vw, 300px\" \/>Diez profesionales de distintas \u00e1reas, con amplia experiencia en educaci\u00f3n y otras \u00e1reas de las ciencias sociales, fueron los encargados de desarrollar distintos talleres para beneficiar el intelecto y la pr\u00e1ctica pedag\u00f3gica. Por su parte, el acad\u00e9mico de la Universidad Arturo Prat e historiador iquique\u00f1o, Patricio Rivera, precis\u00f3 que: \u201cMi idea fue reflexionar en torno al curriculum educativo y situarlo en cada comunidad educativa, con el objetivo de detectar problemas y elaborar pol\u00edticas de mejora que puedan ser profundizadas por cada docente\u201d.<\/p>\n<p>Las y los profes desarrollaron \u201ccomunidades\u201d, las cuales les permitieron vincularse, conocerse y apoyarse durante toda la semana, sin embargo, a juicio del jefe del Campamento y Doctor en F\u00edsica Te\u00f3rica, Pablo Gonz\u00e1lez: \u201cLo m\u00e1s importante de los profes fue la conexi\u00f3n que alcanzaron en torno a las tem\u00e1ticas planteadas, ya que se dieron cuenta de las similitudes en el desarrollo de su trabajo en el aula y se generan redes de apoyo que van m\u00e1s all\u00e1 de las propias comunidades\u201d.<\/p>\n<p>A pesar de las extensas jornadas que no pudieron cansar a estos motivados profes, se realiz\u00f3 una salida a terreno por la Provincia del Tamarugal encabezada por el Premio Nacional de Historia del 2014 e Investigador del Instituto de Alta Investigaci\u00f3n de la Universidad de Tarapac\u00e1, Doctor Sergio Gonz\u00e1lez Miranda, con quien recorrieron Zapiga y la Oficina Salitrera Humberstone. \u201cAqu\u00ed los participantes del Campamento pudieron reconocer la historia y la importancia de las oficinas salitreras para el desarrollo de nuestro norte y nuestro pa\u00eds\u201d.<\/p>\n<p><img loading=\"lazy\" decoding=\"async\" class=\"size-medium wp-image-38753 alignright\" src=\"https:\/\/dev.explora.cl\/tarapaca\/wp-content\/uploads\/sites\/3\/2020\/01\/02_campamento-300x207.jpg\" alt=\"\" width=\"300\" height=\"207\" srcset=\"https:\/\/dev.explora.cl\/tarapaca\/wp-content\/uploads\/sites\/3\/2020\/01\/02_campamento-300x207.jpg 300w, https:\/\/dev.explora.cl\/tarapaca\/wp-content\/uploads\/sites\/3\/2020\/01\/02_campamento-768x529.jpg 768w, https:\/\/dev.explora.cl\/tarapaca\/wp-content\/uploads\/sites\/3\/2020\/01\/02_campamento-1024x705.jpg 1024w\" sizes=\"auto, (max-width: 300px) 100vw, 300px\" \/>Al concluir, la Directora del PAR Explora Tarapac\u00e1, que desde el 1 de enero se integra al Ministerio de Ciencia, Tecnolog\u00eda, Conocimiento e Innovaci\u00f3n, precisa que: \u201cCon este Campamento esperamos haber contribuido con m\u00e1s herramientas para fomentar en nuestros estudiantes un aprendizaje significativo, como\u00a0 tambi\u00e9n esperamos haber conectado a nuestros profesores y profesoras con las reales motivaciones que tienen para seguir adelante en su trabajo por la educaci\u00f3n y seguir fortaleci\u00e9ndose como agentes de cambio\u201d.<\/p>\n<p>Para la Universidad de Tarapac\u00e1 Sede Iquique esta instancia generada por un proyecto de su casa de estudios es un aporte para potenciar los conocimientos de profesionales de la educaci\u00f3n y fortalecer el v\u00ednculo con la comunidad.<\/p>\n","protected":false},"excerpt":{"rendered":"<p>Tarapac\u00e1 reuni\u00f3 a profes y profesionales de la educaci\u00f3n para desarrollar el Campamento de Ciencias para Profes Explora Va! 2020.<\/p>\n","protected":false},"author":18,"featured_media":38746,"comment_status":"open","ping_status":"open","sticky":false,"template":"","format":"standard","meta":{"_acf_changed":false,"_exactmetrics_skip_tracking":false,"_exactmetrics_sitenote_active":false,"_exactmetrics_sitenote_note":"","_exactmetrics_sitenote_category":0,"footnotes":"","_links_to":"","_links_to_target":""},"categories":[4],"tags":[171,167,168,23,155,157,172],"class_list":["post-38745","post","type-post","status-publish","format-standard","has-post-thumbnail","hentry","category-noticias","tag-171","tag-campamento","tag-ciencias","tag-explora","tag-iquique","tag-tarapaca","tag-verano"],"acf":[],"yoast_head":"<!-- This site is optimized with the Yoast SEO plugin v26.7 - https:\/\/yoast.com\/wordpress\/plugins\/seo\/ -->\n<title>Educadores como agentes de cambio - Tarapaca<\/title>\n<meta name=\"robots\" content=\"index, follow, max-snippet:-1, max-image-preview:large, max-video-preview:-1\" \/>\n<link rel=\"canonical\" href=\"https:\/\/dev.explora.cl\/tarapaca\/educadores-como-agentes-de-cambio\/\" class=\"yoast-seo-meta-tag\" \/>\n<meta property=\"og:locale\" content=\"es_ES\" class=\"yoast-seo-meta-tag\" \/>\n<meta property=\"og:type\" content=\"article\" class=\"yoast-seo-meta-tag\" \/>\n<meta property=\"og:title\" content=\"Educadores como agentes de cambio - Tarapaca\" class=\"yoast-seo-meta-tag\" \/>\n<meta property=\"og:description\" content=\"Tarapac\u00e1 reuni\u00f3 a profes y profesionales de la educaci\u00f3n para desarrollar el Campamento de Ciencias para Profes Explora Va! 2020.\" class=\"yoast-seo-meta-tag\" \/>\n<meta property=\"og:url\" content=\"https:\/\/dev.explora.cl\/tarapaca\/educadores-como-agentes-de-cambio\/\" class=\"yoast-seo-meta-tag\" \/>\n<meta property=\"og:site_name\" content=\"Tarapaca\" class=\"yoast-seo-meta-tag\" \/>\n<meta property=\"article:published_time\" content=\"2020-01-21T19:39:14+00:00\" class=\"yoast-seo-meta-tag\" \/>\n<meta property=\"article:modified_time\" content=\"2020-07-21T22:53:00+00:00\" class=\"yoast-seo-meta-tag\" \/>\n<meta property=\"og:image\" content=\"https:\/\/dev.explora.cl\/tarapaca\/wp-content\/uploads\/sites\/3\/2020\/01\/campamentofinal.png\" class=\"yoast-seo-meta-tag\" \/>\n\t<meta property=\"og:image:width\" content=\"983\" class=\"yoast-seo-meta-tag\" \/>\n\t<meta property=\"og:image:height\" content=\"612\" class=\"yoast-seo-meta-tag\" \/>\n\t<meta property=\"og:image:type\" content=\"image\/png\" class=\"yoast-seo-meta-tag\" \/>\n<meta name=\"author\" content=\"admintarapaca\" class=\"yoast-seo-meta-tag\" \/>\n<meta name=\"twitter:card\" content=\"summary_large_image\" class=\"yoast-seo-meta-tag\" \/>\n<meta name=\"twitter:label1\" content=\"Escrito por\" class=\"yoast-seo-meta-tag\" \/>\n\t<meta name=\"twitter:data1\" content=\"admintarapaca\" class=\"yoast-seo-meta-tag\" \/>\n\t<meta name=\"twitter:label2\" content=\"Tiempo estimado de lectura\" class=\"yoast-seo-meta-tag\" \/>\n\t<meta name=\"twitter:data2\" content=\"3 minutos\" class=\"yoast-seo-meta-tag\" \/>\n<script type=\"application\/ld+json\" class=\"yoast-schema-graph\">{\"@context\":\"https:\/\/schema.org\",\"@graph\":[{\"@type\":\"Article\",\"@id\":\"https:\/\/dev.explora.cl\/tarapaca\/educadores-como-agentes-de-cambio\/#article\",\"isPartOf\":{\"@id\":\"https:\/\/dev.explora.cl\/tarapaca\/educadores-como-agentes-de-cambio\/\"},\"author\":{\"name\":\"admintarapaca\",\"@id\":\"https:\/\/dev.explora.cl\/tarapaca\/#\/schema\/person\/ca04f8a8f8e25243bd462d34eb1ca505\"},\"headline\":\"Educadores como agentes de cambio\",\"datePublished\":\"2020-01-21T19:39:14+00:00\",\"dateModified\":\"2020-07-21T22:53:00+00:00\",\"mainEntityOfPage\":{\"@id\":\"https:\/\/dev.explora.cl\/tarapaca\/educadores-como-agentes-de-cambio\/\"},\"wordCount\":643,\"commentCount\":0,\"image\":{\"@id\":\"https:\/\/dev.explora.cl\/tarapaca\/educadores-como-agentes-de-cambio\/#primaryimage\"},\"thumbnailUrl\":\"https:\/\/dev.explora.cl\/tarapaca\/wp-content\/uploads\/sites\/3\/2020\/01\/campamentofinal.png\",\"keywords\":[\"2020\",\"campamento\",\"ciencias\",\"EXPLORA\",\"iquique,\",\"tarapac\u00e1,\",\"Verano\"],\"articleSection\":[\"Noticias\"],\"inLanguage\":\"es-CL\",\"potentialAction\":[{\"@type\":\"CommentAction\",\"name\":\"Comment\",\"target\":[\"https:\/\/dev.explora.cl\/tarapaca\/educadores-como-agentes-de-cambio\/#respond\"]}]},{\"@type\":\"WebPage\",\"@id\":\"https:\/\/dev.explora.cl\/tarapaca\/educadores-como-agentes-de-cambio\/\",\"url\":\"https:\/\/dev.explora.cl\/tarapaca\/educadores-como-agentes-de-cambio\/\",\"name\":\"Educadores como agentes de cambio - Tarapaca\",\"isPartOf\":{\"@id\":\"https:\/\/dev.explora.cl\/tarapaca\/#website\"},\"primaryImageOfPage\":{\"@id\":\"https:\/\/dev.explora.cl\/tarapaca\/educadores-como-agentes-de-cambio\/#primaryimage\"},\"image\":{\"@id\":\"https:\/\/dev.explora.cl\/tarapaca\/educadores-como-agentes-de-cambio\/#primaryimage\"},\"thumbnailUrl\":\"https:\/\/dev.explora.cl\/tarapaca\/wp-content\/uploads\/sites\/3\/2020\/01\/campamentofinal.png\",\"datePublished\":\"2020-01-21T19:39:14+00:00\",\"dateModified\":\"2020-07-21T22:53:00+00:00\",\"author\":{\"@id\":\"https:\/\/dev.explora.cl\/tarapaca\/#\/schema\/person\/ca04f8a8f8e25243bd462d34eb1ca505\"},\"breadcrumb\":{\"@id\":\"https:\/\/dev.explora.cl\/tarapaca\/educadores-como-agentes-de-cambio\/#breadcrumb\"},\"inLanguage\":\"es-CL\",\"potentialAction\":[{\"@type\":\"ReadAction\",\"target\":[\"https:\/\/dev.explora.cl\/tarapaca\/educadores-como-agentes-de-cambio\/\"]}]},{\"@type\":\"ImageObject\",\"inLanguage\":\"es-CL\",\"@id\":\"https:\/\/dev.explora.cl\/tarapaca\/educadores-como-agentes-de-cambio\/#primaryimage\",\"url\":\"https:\/\/dev.explora.cl\/tarapaca\/wp-content\/uploads\/sites\/3\/2020\/01\/campamentofinal.png\",\"contentUrl\":\"https:\/\/dev.explora.cl\/tarapaca\/wp-content\/uploads\/sites\/3\/2020\/01\/campamentofinal.png\",\"width\":983,\"height\":612},{\"@type\":\"BreadcrumbList\",\"@id\":\"https:\/\/dev.explora.cl\/tarapaca\/educadores-como-agentes-de-cambio\/#breadcrumb\",\"itemListElement\":[{\"@type\":\"ListItem\",\"position\":1,\"name\":\"Portada\",\"item\":\"https:\/\/dev.explora.cl\/tarapaca\/\"},{\"@type\":\"ListItem\",\"position\":2,\"name\":\"Educadores como agentes de cambio\"}]},{\"@type\":\"WebSite\",\"@id\":\"https:\/\/dev.explora.cl\/tarapaca\/#website\",\"url\":\"https:\/\/dev.explora.cl\/tarapaca\/\",\"name\":\"Tarapaca\",\"description\":\"Otro sitio m\u00e1s de dev.explora.cl\",\"potentialAction\":[{\"@type\":\"SearchAction\",\"target\":{\"@type\":\"EntryPoint\",\"urlTemplate\":\"https:\/\/dev.explora.cl\/tarapaca\/?s={search_term_string}\"},\"query-input\":{\"@type\":\"PropertyValueSpecification\",\"valueRequired\":true,\"valueName\":\"search_term_string\"}}],\"inLanguage\":\"es-CL\"},{\"@type\":\"Person\",\"@id\":\"https:\/\/dev.explora.cl\/tarapaca\/#\/schema\/person\/ca04f8a8f8e25243bd462d34eb1ca505\",\"name\":\"admintarapaca\",\"image\":{\"@type\":\"ImageObject\",\"inLanguage\":\"es-CL\",\"@id\":\"https:\/\/dev.explora.cl\/tarapaca\/#\/schema\/person\/image\/\",\"url\":\"https:\/\/secure.gravatar.com\/avatar\/8ff4762fabbf7a1732a126425c82d628f08ba754529d77a55358cbb74e14343f?s=96&d=mm&r=g\",\"contentUrl\":\"https:\/\/secure.gravatar.com\/avatar\/8ff4762fabbf7a1732a126425c82d628f08ba754529d77a55358cbb74e14343f?s=96&d=mm&r=g\",\"caption\":\"admintarapaca\"},\"url\":\"https:\/\/dev.explora.cl\/tarapaca\/author\/dolivares\/\"}]}<\/script>\n<!-- \/ Yoast SEO plugin. -->","yoast_head_json":{"title":"Educadores como agentes de cambio - Tarapaca","robots":{"index":"index","follow":"follow","max-snippet":"max-snippet:-1","max-image-preview":"max-image-preview:large","max-video-preview":"max-video-preview:-1"},"canonical":"https:\/\/dev.explora.cl\/tarapaca\/educadores-como-agentes-de-cambio\/","og_locale":"es_ES","og_type":"article","og_title":"Educadores como agentes de cambio - Tarapaca","og_description":"Tarapac\u00e1 reuni\u00f3 a profes y profesionales de la educaci\u00f3n para desarrollar el Campamento de Ciencias para Profes Explora Va! 2020.","og_url":"https:\/\/dev.explora.cl\/tarapaca\/educadores-como-agentes-de-cambio\/","og_site_name":"Tarapaca","article_published_time":"2020-01-21T19:39:14+00:00","article_modified_time":"2020-07-21T22:53:00+00:00","og_image":[{"width":983,"height":612,"url":"https:\/\/dev.explora.cl\/tarapaca\/wp-content\/uploads\/sites\/3\/2020\/01\/campamentofinal.png","type":"image\/png"}],"author":"admintarapaca","twitter_card":"summary_large_image","twitter_misc":{"Escrito por":"admintarapaca","Tiempo estimado de lectura":"3 minutos"},"schema":{"@context":"https:\/\/schema.org","@graph":[{"@type":"Article","@id":"https:\/\/dev.explora.cl\/tarapaca\/educadores-como-agentes-de-cambio\/#article","isPartOf":{"@id":"https:\/\/dev.explora.cl\/tarapaca\/educadores-como-agentes-de-cambio\/"},"author":{"name":"admintarapaca","@id":"https:\/\/dev.explora.cl\/tarapaca\/#\/schema\/person\/ca04f8a8f8e25243bd462d34eb1ca505"},"headline":"Educadores como agentes de cambio","datePublished":"2020-01-21T19:39:14+00:00","dateModified":"2020-07-21T22:53:00+00:00","mainEntityOfPage":{"@id":"https:\/\/dev.explora.cl\/tarapaca\/educadores-como-agentes-de-cambio\/"},"wordCount":643,"commentCount":0,"image":{"@id":"https:\/\/dev.explora.cl\/tarapaca\/educadores-como-agentes-de-cambio\/#primaryimage"},"thumbnailUrl":"https:\/\/dev.explora.cl\/tarapaca\/wp-content\/uploads\/sites\/3\/2020\/01\/campamentofinal.png","keywords":["2020","campamento","ciencias","EXPLORA","iquique,","tarapac\u00e1,","Verano"],"articleSection":["Noticias"],"inLanguage":"es-CL","potentialAction":[{"@type":"CommentAction","name":"Comment","target":["https:\/\/dev.explora.cl\/tarapaca\/educadores-como-agentes-de-cambio\/#respond"]}]},{"@type":"WebPage","@id":"https:\/\/dev.explora.cl\/tarapaca\/educadores-como-agentes-de-cambio\/","url":"https:\/\/dev.explora.cl\/tarapaca\/educadores-como-agentes-de-cambio\/","name":"Educadores como agentes de cambio - Tarapaca","isPartOf":{"@id":"https:\/\/dev.explora.cl\/tarapaca\/#website"},"primaryImageOfPage":{"@id":"https:\/\/dev.explora.cl\/tarapaca\/educadores-como-agentes-de-cambio\/#primaryimage"},"image":{"@id":"https:\/\/dev.explora.cl\/tarapaca\/educadores-como-agentes-de-cambio\/#primaryimage"},"thumbnailUrl":"https:\/\/dev.explora.cl\/tarapaca\/wp-content\/uploads\/sites\/3\/2020\/01\/campamentofinal.png","datePublished":"2020-01-21T19:39:14+00:00","dateModified":"2020-07-21T22:53:00+00:00","author":{"@id":"https:\/\/dev.explora.cl\/tarapaca\/#\/schema\/person\/ca04f8a8f8e25243bd462d34eb1ca505"},"breadcrumb":{"@id":"https:\/\/dev.explora.cl\/tarapaca\/educadores-como-agentes-de-cambio\/#breadcrumb"},"inLanguage":"es-CL","potentialAction":[{"@type":"ReadAction","target":["https:\/\/dev.explora.cl\/tarapaca\/educadores-como-agentes-de-cambio\/"]}]},{"@type":"ImageObject","inLanguage":"es-CL","@id":"https:\/\/dev.explora.cl\/tarapaca\/educadores-como-agentes-de-cambio\/#primaryimage","url":"https:\/\/dev.explora.cl\/tarapaca\/wp-content\/uploads\/sites\/3\/2020\/01\/campamentofinal.png","contentUrl":"https:\/\/dev.explora.cl\/tarapaca\/wp-content\/uploads\/sites\/3\/2020\/01\/campamentofinal.png","width":983,"height":612},{"@type":"BreadcrumbList","@id":"https:\/\/dev.explora.cl\/tarapaca\/educadores-como-agentes-de-cambio\/#breadcrumb","itemListElement":[{"@type":"ListItem","position":1,"name":"Portada","item":"https:\/\/dev.explora.cl\/tarapaca\/"},{"@type":"ListItem","position":2,"name":"Educadores como agentes de cambio"}]},{"@type":"WebSite","@id":"https:\/\/dev.explora.cl\/tarapaca\/#website","url":"https:\/\/dev.explora.cl\/tarapaca\/","name":"Tarapaca","description":"Otro sitio m\u00e1s de dev.explora.cl","potentialAction":[{"@type":"SearchAction","target":{"@type":"EntryPoint","urlTemplate":"https:\/\/dev.explora.cl\/tarapaca\/?s={search_term_string}"},"query-input":{"@type":"PropertyValueSpecification","valueRequired":true,"valueName":"search_term_string"}}],"inLanguage":"es-CL"},{"@type":"Person","@id":"https:\/\/dev.explora.cl\/tarapaca\/#\/schema\/person\/ca04f8a8f8e25243bd462d34eb1ca505","name":"admintarapaca","image":{"@type":"ImageObject","inLanguage":"es-CL","@id":"https:\/\/dev.explora.cl\/tarapaca\/#\/schema\/person\/image\/","url":"https:\/\/secure.gravatar.com\/avatar\/8ff4762fabbf7a1732a126425c82d628f08ba754529d77a55358cbb74e14343f?s=96&d=mm&r=g","contentUrl":"https:\/\/secure.gravatar.com\/avatar\/8ff4762fabbf7a1732a126425c82d628f08ba754529d77a55358cbb74e14343f?s=96&d=mm&r=g","caption":"admintarapaca"},"url":"https:\/\/dev.explora.cl\/tarapaca\/author\/dolivares\/"}]}},"_links":{"self":[{"href":"https:\/\/dev.explora.cl\/tarapaca\/wp-json\/wp\/v2\/posts\/38745","targetHints":{"allow":["GET"]}}],"collection":[{"href":"https:\/\/dev.explora.cl\/tarapaca\/wp-json\/wp\/v2\/posts"}],"about":[{"href":"https:\/\/dev.explora.cl\/tarapaca\/wp-json\/wp\/v2\/types\/post"}],"author":[{"embeddable":true,"href":"https:\/\/dev.explora.cl\/tarapaca\/wp-json\/wp\/v2\/users\/18"}],"replies":[{"embeddable":true,"href":"https:\/\/dev.explora.cl\/tarapaca\/wp-json\/wp\/v2\/comments?post=38745"}],"version-history":[{"count":5,"href":"https:\/\/dev.explora.cl\/tarapaca\/wp-json\/wp\/v2\/posts\/38745\/revisions"}],"predecessor-version":[{"id":38766,"href":"https:\/\/dev.explora.cl\/tarapaca\/wp-json\/wp\/v2\/posts\/38745\/revisions\/38766"}],"wp:featuredmedia":[{"embeddable":true,"href":"https:\/\/dev.explora.cl\/tarapaca\/wp-json\/wp\/v2\/media\/38746"}],"wp:attachment":[{"href":"https:\/\/dev.explora.cl\/tarapaca\/wp-json\/wp\/v2\/media?parent=38745"}],"wp:term":[{"taxonomy":"category","embeddable":true,"href":"https:\/\/dev.explora.cl\/tarapaca\/wp-json\/wp\/v2\/categories?post=38745"},{"taxonomy":"post_tag","embeddable":true,"href":"https:\/\/dev.explora.cl\/tarapaca\/wp-json\/wp\/v2\/tags?post=38745"}],"curies":[{"name":"wp","href":"https:\/\/api.w.org\/{rel}","templated":true}]}}